{"id":7668,"date":"2021-01-06T18:18:00","date_gmt":"2021-01-06T18:18:00","guid":{"rendered":"https:\/\/noti-america.com\/site\/repdom\/?p=7668"},"modified":"2021-01-06T18:18:00","modified_gmt":"2021-01-06T18:18:00","slug":"ronnie-belliard-siempre-sere-su-eterno-capitan-azul","status":"publish","type":"post","link":"https:\/\/noti-america.com\/site\/repdom\/2021\/01\/06\/ronnie-belliard-siempre-sere-su-eterno-capitan-azul\/","title":{"rendered":"Ronnie Belliard: \u00absiempre ser\u00e9 su eterno capit\u00e1n azul\u00bb"},"content":{"rendered":"<div style=\"width: 640px;\" class=\"wp-video\"><video class=\"wp-video-shortcode\" id=\"video-7668-1\" width=\"640\" height=\"360\" preload=\"metadata\" controls=\"controls\"><source type=\"video\/mp4\" src=\"https:\/\/noti-america.com\/site\/repdom\/wp-content\/uploads\/sites\/6\/2021\/01\/Ronnie-Belliard-es-Inmortal-del-Deporte-exaltado-por-el-Pabellon-de-la-Fama-del-Deporte-Dominicano-tras-una-gloriosa-carrera-en-el-beisbol.-Loor.mp4?_=1\" \/><a href=\"https:\/\/noti-america.com\/site\/repdom\/wp-content\/uploads\/sites\/6\/2021\/01\/Ronnie-Belliard-es-Inmortal-del-Deporte-exaltado-por-el-Pabellon-de-la-Fama-del-Deporte-Dominicano-tras-una-gloriosa-carrera-en-el-beisbol.-Loor.mp4\">https:\/\/noti-america.com\/site\/repdom\/wp-content\/uploads\/sites\/6\/2021\/01\/Ronnie-Belliard-es-Inmortal-del-Deporte-exaltado-por-el-Pabellon-de-la-Fama-del-Deporte-Dominicano-tras-una-gloriosa-carrera-en-el-beisbol.-Loor.mp4<\/a><\/video><\/div>\n<p style=\"text-align: justify\">SANTO DOMINGO &#8211; El pen\u00faltimo de los grandes capitanes que han comandado los Tigres del Licey, tiene un nicho en el lugar que le corresponde en su majestuoso paso por la historia del b\u00e9isbol invernal: en el Pabell\u00f3n de la Fama del Deporte Dominicano.<\/p>\n<p style=\"text-align: justify\">Ronnie Belliard fue exaltado a la inmortalidad deportiva en un in\u00e9dito ceremonial virtual, obligado por la pandemia de coronavirus, el n\u00famero 54 ininterrumpido desde 1967, al que su Comit\u00e9 Permanente se vio compelido a realizar, con una hora por separado entre cada uno de los nueve inmortalizados en la clase del 2020. Fue el viernes 27 de noviembre del 2020.<\/p>\n<p style=\"text-align: justify\">En su elevaci\u00f3n al podio de los inmortales, el primer gran capit\u00e1n del siglo 21 (en el pasado fue Pedro Gonz\u00e1lez y el presente Emilio Bonifacio), Ronnie se torn\u00f3 pr\u00f3digo en agradecimientos a progenitores, familiares, allegados, pero de manera especial con el equipo de sus colores en la pelota criolla y sus seguidores, a los que apel\u00f3 con una frase lapidaria: \u201cY recuerden, que yo siempre ser\u00e9 su eterno capit\u00e1n azul\u201d<\/p>\n<p style=\"text-align: justify\">\u201cProfundamente agradecido de los Tigres del Licey: mi coraz\u00f3n era azul desde antes de jugar con el equipo azul\u201d, ley\u00f3 desde el podio, ataviado con la ancha cinta verde que identifica al ceremonial, cayendo en sus pectorales desde su cuello y la medalla alusiva colgada en el centro.<\/p>\n<p style=\"text-align: justify\">\u201cMi carrera, mi sudor y mi coraz\u00f3n se los dediqu\u00e9 a los Tigres del Licey; gracias a todas las gerencias que pasaron durante toda mi carrera en mi eterno equipo azul\u201d y mencion\u00f3 a Fernando Ravelo\u201d, para luego incluir a la por muchos a\u00f1os encargadas de relaciones p\u00fablicas del conjunto, Elvira Trinidad, \u201ca la Familia Busto y un sinn\u00famero de personas m\u00e1s\u201d.<\/p>\n<p style=\"text-align: justify\">\u201cEstoy eternamente agradecido de la fanaticada de Ronnie Belliard, por apoyarme en las buenas y en las malas; y a muchos m\u00e1s, la fanaticada azul, porque es la m\u00e1s exigente, pero la mejor de la Rep\u00fablica Dominicana\u201d, sentenci\u00f3.<\/p>\n<p style=\"text-align: justify\">No pod\u00eda faltar en sus palabras el aprecio al staff del Pabell\u00f3n de la Fama con su actual presidente a la cabeza, el doctor Dionisio Guzm\u00e1n.<\/p>\n<p style=\"text-align: justify\">\u201cAgradezco a todos los periodistas y cronistas deportivos por valorar siempre mi trabajo\u201d, dej\u00f3 para quienes fue uno de los mimados en la pelota invernal y a los que respondi\u00f3 y a\u00fan responde de manera abierta.<\/p>\n<p style=\"text-align: justify\">Y de retorno a los \u00a0elevados a la inmortalidad, plante\u00f3 que es un gran honor estar al lado de su padre y de todas esas grandes leyendas exaltadas al Pabell\u00f3n de la Fama, con los que espera ser un ejemplo de vida.<\/p>\n<p style=\"text-align: justify\">\u201cY recuerden, que yo siempre ser\u00e9 su eterno capit\u00e1n azul\u201d, cerr\u00f3 su cap\u00edtulo referente al conjunto con el que contribuy\u00f3 a la conquista de cinco coronas de las 22 logradas por el Licey desde 1951, el m\u00e1ximo ganador del circuito.<\/p>\n<p style=\"text-align: justify\"><strong>Sus padres y la familia<\/strong><\/p>\n<p style=\"text-align: justify\">Belliard comenz\u00f3 su discurso recordando que naci\u00f3 en Nueva York, pero \u201ccriado\u201d en el Ensanche La Fe y el barrio Cristo Rey, ambos sectores de Santo Domingo.<\/p>\n<p style=\"text-align: justify\">\u201cLe doy las gracias a mi bella madre, do\u00f1a Milagros del Orbe, por haberse esforzado tanto para que yo llegara hasta donde llegu\u00e9: estoy muy agradecido de ti, mami\u201d, dijo a su progenitora, sin quiz\u00e1s, ofrend\u00e1ndole gran parte del valor por haber servido durante 13 a\u00f1os en seis equipos de Grandes Ligas, hasta 2011.<\/p>\n<p style=\"text-align: justify\">\u201cAgradecido de mi padre, don Di\u00f3genes Belliard\u201d, dijo al pap\u00e1, quien fungi\u00f3 como edec\u00e1n y con el que comparte nicho en el Pabell\u00f3n de la Fama, exaltado en el 2005 por haber sido una estrella del b\u00e9isbol amateur, lo mismo que en softball. Con ambas disciplinas conform\u00f3 la selecci\u00f3n nacional.<\/p>\n<p style=\"text-align: justify\">\u201cSiempre quise ser como t\u00fa; por eso me pon\u00eda tu uniforme con tan solo diez a\u00f1os\u201d, continu\u00f3 hablando de su padre, a quien termin\u00f3 agradeciendo por \u201ctodos los consejos que me diste y que no has dejado de darme\u201d.<\/p>\n<p style=\"text-align: justify\">Entreg\u00f3 cr\u00e9ditos a su esposa Eridania Belliard por haberlo apoyado en toda su carrera, \u201cpor ser mi columna principal y por haber estado en las buenas y en las malas\u201d. \u201cTambi\u00e9n orgulloso de mis cuatro hijos: Rachel, Ronnie, Milenia, Mathews, ustedes han sido los que me dieron las fuerzas y la motivaci\u00f3n para yo seguir adelante\u201d, les dijo.<\/p>\n<p style=\"text-align: justify\">Sigui\u00f3 con sus hermanos por el apoyo incondicional que asegura, le dieron: Junior, Geovanny, Belliardsito, Julio C\u00e9sar y Mar\u00eda.<\/p>\n<p style=\"text-align: justify\">\u201cEstoy muy agradecido de Jos\u00e9 Miguel Bonetti, padre, porque en el play de La Manicera fue en donde encontr\u00e9 mi pasi\u00f3n y el amor por el b\u00e9isbol\u201d, continu\u00f3. Por igual, a todas las ligas (Payero, Heredia, Veras y Mercedes), donde se fue desarrollando como pelotero.<\/p>\n<p style=\"text-align: justify\">No pas\u00f3 por alto agradecer a la organizaci\u00f3n Cerveceros de Milwaukee, por haberlo escogido en el draft de Estados Unidos y darle la oportunidad de jugar en las Grandes Ligas del b\u00e9isbol, donde tambi\u00e9n lo hizo para los Rockies de Colorado, Indios de Cleveland, Cardenales de San Luis, Nacionales de Washington y Dodgers de Los \u00c1ngeles.<\/p>\n<p style=\"text-align: justify\">Tambi\u00e9n se expres\u00f3 \u201cprofundamente agradecido\u201d de los coaches que les aportaron \u201csu granito de arena\u201d, como Jos\u00e9 Nova, Carlos Ochoa, el Sal\u00f3n de la Fama de Cooperstown, el paname\u00f1o Rod Carew y a un sinn\u00famero de ellos, \u201cque fueron muchos\u201d, lo mismo que a los trainers, doctores, clubies (manejadores de club house) y compa\u00f1eros de equipo.<\/p>\n<p style=\"text-align: justify\">Con Belliard fueron exaltados en el ceremonial del 2020 como propulsores, el empresario don Jos\u00e9 Le\u00f3n Asencio y Rolando Miranda; los tambi\u00e9n beisbolistas Mendy L\u00f3pez y Aramis Ram\u00edrez (que comparti\u00f3 breves momento con Ronnie en el Licey); los baloncestistas Soterio Ram\u00edrez y V\u00edctor Chac\u00f3n; la tenimesista Blanca Iris Alejo; el boxeador Manuel de Jes\u00fas \u201cel Ol\u00edmpico\u201d Herrera; y el velocista (atletismo) Carlos Joel\u00edn Santa.<\/p>\n<p style=\"text-align: justify\"><strong>Fuente: Prensa Licey<\/strong><\/p>\n","protected":false},"excerpt":{"rendered":"<p>SANTO DOMINGO &#8211; El pen\u00faltimo de los grandes capitanes que han comandado los Tigres del Licey, tiene un nicho en el lugar que le corresponde en su majestuoso paso por la historia del b\u00e9isbol&#46;&#46;&#46;<\/p>\n","protected":false},"author":89,"featured_media":7670,"comment_status":"open","ping_status":"open","sticky":false,"template":"","format":"standard","meta":{"_acf_changed":false,"rop_custom_images_group":[],"rop_custom_messages_group":[],"rop_publish_now":"initial","rop_publish_now_accounts":[],"rop_publish_now_history":[],"rop_publish_now_status":"pending","footnotes":""},"categories":[16],"tags":[119,235,219,122,185,127,625,123,754,755,296,148],"class_list":["post-7668","post","type-post","status-publish","format-standard","has-post-thumbnail","hentry","category-deportes","tag-beisbol-dominicano","tag-cleveland-indians","tag-colorado-rockies","tag-liga-dominicana-de-beisbol-profesional","tag-los-angeles-dodgers","tag-major-league-baseball","tag-milwaukee-brewers","tag-peloteros-dominicanos","tag-ronnie-belliard","tag-st-louis-cardinals","tag-tigres-del-licey","tag-washington-nationals"],"acf":[],"yoast_head":"<!-- This site is optimized with the Yoast SEO Premium plugin v24.9 (Yoast SEO v27.2) - https:\/\/yoast.com\/product\/yoast-seo-premium-wordpress\/ -->\n<title>Ronnie Belliard: &quot;siempre ser\u00e9 su eterno capit\u00e1n azul&quot; - Rep. Dominicana | Noti-America.com<\/title>\n<meta name=\"robots\" content=\"index, follow, max-snippet:-1, max-image-preview:large, max-video-preview:-1\" \/>\n<link rel=\"canonical\" href=\"https:\/\/noti-america.com\/site\/repdom\/2021\/01\/06\/ronnie-belliard-siempre-sere-su-eterno-capitan-azul\/\" \/>\n<meta property=\"og:locale\" content=\"es_ES\" \/>\n<meta property=\"og:type\" content=\"article\" \/>\n<meta property=\"og:title\" content=\"Ronnie Belliard: &quot;siempre ser\u00e9 su eterno capit\u00e1n azul&quot;\" \/>\n<meta property=\"og:description\" content=\"SANTO DOMINGO &#8211; El pen\u00faltimo de los grandes capitanes que han comandado los Tigres del Licey, tiene un nicho en el lugar que le corresponde en su majestuoso paso por la historia del b\u00e9isbol&#046;&#046;&#046;\" \/>\n<meta property=\"og:url\" content=\"https:\/\/noti-america.com\/site\/repdom\/2021\/01\/06\/ronnie-belliard-siempre-sere-su-eterno-capitan-azul\/\" \/>\n<meta property=\"og:site_name\" content=\"Rep. Dominicana | Noti-America.com\" \/>\n<meta property=\"article:published_time\" content=\"2021-01-06T18:18:00+00:00\" \/>\n<meta property=\"og:image\" content=\"https:\/\/noti-america.com\/site\/repdom\/wp-content\/uploads\/sites\/6\/2021\/01\/Ronnie-Belliard.jpg\" \/>\n\t<meta property=\"og:image:width\" content=\"1080\" \/>\n\t<meta property=\"og:image:height\" content=\"1080\" \/>\n\t<meta property=\"og:image:type\" content=\"image\/jpeg\" \/>\n<meta name=\"author\" content=\"Ad\u00e1n Soriano\" \/>\n<meta name=\"twitter:card\" content=\"summary_large_image\" \/>\n<meta name=\"twitter:creator\" content=\"@adansoriano\" \/>\n<meta name=\"twitter:label1\" content=\"Escrito por\" \/>\n\t<meta name=\"twitter:data1\" content=\"Ad\u00e1n Soriano\" \/>\n\t<meta name=\"twitter:label2\" content=\"Tiempo estimado de lectura\" \/>\n\t<meta name=\"twitter:data2\" content=\"5 minutos\" \/>\n<script type=\"application\/ld+json\" class=\"yoast-schema-graph\">{\"@context\":\"https:\/\/schema.org\",\"@graph\":[{\"@type\":\"Article\",\"@id\":\"https:\/\/noti-america.com\/site\/repdom\/2021\/01\/06\/ronnie-belliard-siempre-sere-su-eterno-capitan-azul\/#article\",\"isPartOf\":{\"@id\":\"https:\/\/noti-america.com\/site\/repdom\/2021\/01\/06\/ronnie-belliard-siempre-sere-su-eterno-capitan-azul\/\"},\"author\":{\"name\":\"Ad\u00e1n Soriano\",\"@id\":\"https:\/\/noti-america.com\/site\/repdom\/#\/schema\/person\/fd0092c1530d275fabaa5cffcbc2b976\"},\"headline\":\"Ronnie Belliard: \u00absiempre ser\u00e9 su eterno capit\u00e1n azul\u00bb\",\"datePublished\":\"2021-01-06T18:18:00+00:00\",\"mainEntityOfPage\":{\"@id\":\"https:\/\/noti-america.com\/site\/repdom\/2021\/01\/06\/ronnie-belliard-siempre-sere-su-eterno-capitan-azul\/\"},\"wordCount\":1019,\"commentCount\":0,\"publisher\":{\"@id\":\"https:\/\/noti-america.com\/site\/repdom\/#organization\"},\"image\":{\"@id\":\"https:\/\/noti-america.com\/site\/repdom\/2021\/01\/06\/ronnie-belliard-siempre-sere-su-eterno-capitan-azul\/#primaryimage\"},\"thumbnailUrl\":\"https:\/\/noti-america.com\/site\/repdom\/wp-content\/uploads\/sites\/6\/2021\/01\/Ronnie-Belliard.jpg\",\"keywords\":[\"B\u00e9isbol Dominicano\",\"Cleveland Indians\",\"Colorado Rockies\",\"Liga Dominicana de B\u00e9isbol Profesional\",\"Los \u00c1ngeles Dodgers\",\"Major League Baseball\",\"Milwaukee Brewers\",\"Peloteros Dominicanos\",\"Ronnie Belliard\",\"St. Louis Cardinals\",\"Tigres del Licey\",\"Washington Nationals\"],\"articleSection\":[\"Deportes\"],\"inLanguage\":\"es\",\"potentialAction\":[{\"@type\":\"CommentAction\",\"name\":\"Comment\",\"target\":[\"https:\/\/noti-america.com\/site\/repdom\/2021\/01\/06\/ronnie-belliard-siempre-sere-su-eterno-capitan-azul\/#respond\"]}]},{\"@type\":\"WebPage\",\"@id\":\"https:\/\/noti-america.com\/site\/repdom\/2021\/01\/06\/ronnie-belliard-siempre-sere-su-eterno-capitan-azul\/\",\"url\":\"https:\/\/noti-america.com\/site\/repdom\/2021\/01\/06\/ronnie-belliard-siempre-sere-su-eterno-capitan-azul\/\",\"name\":\"Ronnie Belliard: \\\"siempre ser\u00e9 su eterno capit\u00e1n azul\\\" - Rep. Dominicana | Noti-America.com\",\"isPartOf\":{\"@id\":\"https:\/\/noti-america.com\/site\/repdom\/#website\"},\"primaryImageOfPage\":{\"@id\":\"https:\/\/noti-america.com\/site\/repdom\/2021\/01\/06\/ronnie-belliard-siempre-sere-su-eterno-capitan-azul\/#primaryimage\"},\"image\":{\"@id\":\"https:\/\/noti-america.com\/site\/repdom\/2021\/01\/06\/ronnie-belliard-siempre-sere-su-eterno-capitan-azul\/#primaryimage\"},\"thumbnailUrl\":\"https:\/\/noti-america.com\/site\/repdom\/wp-content\/uploads\/sites\/6\/2021\/01\/Ronnie-Belliard.jpg\",\"datePublished\":\"2021-01-06T18:18:00+00:00\",\"breadcrumb\":{\"@id\":\"https:\/\/noti-america.com\/site\/repdom\/2021\/01\/06\/ronnie-belliard-siempre-sere-su-eterno-capitan-azul\/#breadcrumb\"},\"inLanguage\":\"es\",\"potentialAction\":[{\"@type\":\"ReadAction\",\"target\":[\"https:\/\/noti-america.com\/site\/repdom\/2021\/01\/06\/ronnie-belliard-siempre-sere-su-eterno-capitan-azul\/\"]}]},{\"@type\":\"ImageObject\",\"inLanguage\":\"es\",\"@id\":\"https:\/\/noti-america.com\/site\/repdom\/2021\/01\/06\/ronnie-belliard-siempre-sere-su-eterno-capitan-azul\/#primaryimage\",\"url\":\"https:\/\/noti-america.com\/site\/repdom\/wp-content\/uploads\/sites\/6\/2021\/01\/Ronnie-Belliard.jpg\",\"contentUrl\":\"https:\/\/noti-america.com\/site\/repdom\/wp-content\/uploads\/sites\/6\/2021\/01\/Ronnie-Belliard.jpg\",\"width\":1080,\"height\":1080},{\"@type\":\"BreadcrumbList\",\"@id\":\"https:\/\/noti-america.com\/site\/repdom\/2021\/01\/06\/ronnie-belliard-siempre-sere-su-eterno-capitan-azul\/#breadcrumb\",\"itemListElement\":[{\"@type\":\"ListItem\",\"position\":1,\"name\":\"Portada\",\"item\":\"https:\/\/noti-america.com\/site\/repdom\/\"},{\"@type\":\"ListItem\",\"position\":2,\"name\":\"Ronnie Belliard: \u00absiempre ser\u00e9 su eterno capit\u00e1n azul\u00bb\"}]},{\"@type\":\"WebSite\",\"@id\":\"https:\/\/noti-america.com\/site\/repdom\/#website\",\"url\":\"https:\/\/noti-america.com\/site\/repdom\/\",\"name\":\"Rep. Dominicana | Noti-America.com\",\"description\":\"\",\"publisher\":{\"@id\":\"https:\/\/noti-america.com\/site\/repdom\/#organization\"},\"potentialAction\":[{\"@type\":\"SearchAction\",\"target\":{\"@type\":\"EntryPoint\",\"urlTemplate\":\"https:\/\/noti-america.com\/site\/repdom\/?s={search_term_string}\"},\"query-input\":{\"@type\":\"PropertyValueSpecification\",\"valueRequired\":true,\"valueName\":\"search_term_string\"}}],\"inLanguage\":\"es\"},{\"@type\":\"Organization\",\"@id\":\"https:\/\/noti-america.com\/site\/repdom\/#organization\",\"name\":\"Noti-America LLC | Rep\u00fablica Dominicana\",\"url\":\"https:\/\/noti-america.com\/site\/repdom\/\",\"logo\":{\"@type\":\"ImageObject\",\"inLanguage\":\"es\",\"@id\":\"https:\/\/noti-america.com\/site\/repdom\/#\/schema\/logo\/image\/\",\"url\":\"https:\/\/noti-america.com\/site\/repdom\/wp-content\/uploads\/sites\/6\/2020\/07\/LogoNA-4x3-1.jpg\",\"contentUrl\":\"https:\/\/noti-america.com\/site\/repdom\/wp-content\/uploads\/sites\/6\/2020\/07\/LogoNA-4x3-1.jpg\",\"width\":1236,\"height\":1080,\"caption\":\"Noti-America LLC | Rep\u00fablica Dominicana\"},\"image\":{\"@id\":\"https:\/\/noti-america.com\/site\/repdom\/#\/schema\/logo\/image\/\"}},{\"@type\":\"Person\",\"@id\":\"https:\/\/noti-america.com\/site\/repdom\/#\/schema\/person\/fd0092c1530d275fabaa5cffcbc2b976\",\"name\":\"Ad\u00e1n Soriano\",\"image\":{\"@type\":\"ImageObject\",\"inLanguage\":\"es\",\"@id\":\"https:\/\/secure.gravatar.com\/avatar\/ecf97ff3aee7ff9efdae670d7e976f3e7e8acc1077e510d73707999a8bfd4467?s=96&d=mm&r=g\",\"url\":\"https:\/\/secure.gravatar.com\/avatar\/ecf97ff3aee7ff9efdae670d7e976f3e7e8acc1077e510d73707999a8bfd4467?s=96&d=mm&r=g\",\"contentUrl\":\"https:\/\/secure.gravatar.com\/avatar\/ecf97ff3aee7ff9efdae670d7e976f3e7e8acc1077e510d73707999a8bfd4467?s=96&d=mm&r=g\",\"caption\":\"Ad\u00e1n Soriano\"},\"description\":\"Soy cronista deportivo con 10 a\u00f1os de experiencia en varios espacios, y conduzco el podcast deportivo llamado Mezcla Deportiva\",\"sameAs\":[\"https:\/\/x.com\/adansoriano\"],\"url\":\"https:\/\/noti-america.com\/site\/repdom\/author\/asoriano\/\"}]}<\/script>\n<!-- \/ Yoast SEO Premium plugin. -->","yoast_head_json":{"title":"Ronnie Belliard: \"siempre ser\u00e9 su eterno capit\u00e1n azul\" - Rep. Dominicana | Noti-America.com","robots":{"index":"index","follow":"follow","max-snippet":"max-snippet:-1","max-image-preview":"max-image-preview:large","max-video-preview":"max-video-preview:-1"},"canonical":"https:\/\/noti-america.com\/site\/repdom\/2021\/01\/06\/ronnie-belliard-siempre-sere-su-eterno-capitan-azul\/","og_locale":"es_ES","og_type":"article","og_title":"Ronnie Belliard: \"siempre ser\u00e9 su eterno capit\u00e1n azul\"","og_description":"SANTO DOMINGO &#8211; El pen\u00faltimo de los grandes capitanes que han comandado los Tigres del Licey, tiene un nicho en el lugar que le corresponde en su majestuoso paso por la historia del b\u00e9isbol&#46;&#46;&#46;","og_url":"https:\/\/noti-america.com\/site\/repdom\/2021\/01\/06\/ronnie-belliard-siempre-sere-su-eterno-capitan-azul\/","og_site_name":"Rep. Dominicana | Noti-America.com","article_published_time":"2021-01-06T18:18:00+00:00","og_image":[{"width":1080,"height":1080,"url":"https:\/\/noti-america.com\/site\/repdom\/wp-content\/uploads\/sites\/6\/2021\/01\/Ronnie-Belliard.jpg","type":"image\/jpeg"}],"author":"Ad\u00e1n Soriano","twitter_card":"summary_large_image","twitter_creator":"@adansoriano","twitter_misc":{"Escrito por":"Ad\u00e1n Soriano","Tiempo estimado de lectura":"5 minutos"},"schema":{"@context":"https:\/\/schema.org","@graph":[{"@type":"Article","@id":"https:\/\/noti-america.com\/site\/repdom\/2021\/01\/06\/ronnie-belliard-siempre-sere-su-eterno-capitan-azul\/#article","isPartOf":{"@id":"https:\/\/noti-america.com\/site\/repdom\/2021\/01\/06\/ronnie-belliard-siempre-sere-su-eterno-capitan-azul\/"},"author":{"name":"Ad\u00e1n Soriano","@id":"https:\/\/noti-america.com\/site\/repdom\/#\/schema\/person\/fd0092c1530d275fabaa5cffcbc2b976"},"headline":"Ronnie Belliard: \u00absiempre ser\u00e9 su eterno capit\u00e1n azul\u00bb","datePublished":"2021-01-06T18:18:00+00:00","mainEntityOfPage":{"@id":"https:\/\/noti-america.com\/site\/repdom\/2021\/01\/06\/ronnie-belliard-siempre-sere-su-eterno-capitan-azul\/"},"wordCount":1019,"commentCount":0,"publisher":{"@id":"https:\/\/noti-america.com\/site\/repdom\/#organization"},"image":{"@id":"https:\/\/noti-america.com\/site\/repdom\/2021\/01\/06\/ronnie-belliard-siempre-sere-su-eterno-capitan-azul\/#primaryimage"},"thumbnailUrl":"https:\/\/noti-america.com\/site\/repdom\/wp-content\/uploads\/sites\/6\/2021\/01\/Ronnie-Belliard.jpg","keywords":["B\u00e9isbol Dominicano","Cleveland Indians","Colorado Rockies","Liga Dominicana de B\u00e9isbol Profesional","Los \u00c1ngeles Dodgers","Major League Baseball","Milwaukee Brewers","Peloteros Dominicanos","Ronnie Belliard","St. Louis Cardinals","Tigres del Licey","Washington Nationals"],"articleSection":["Deportes"],"inLanguage":"es","potentialAction":[{"@type":"CommentAction","name":"Comment","target":["https:\/\/noti-america.com\/site\/repdom\/2021\/01\/06\/ronnie-belliard-siempre-sere-su-eterno-capitan-azul\/#respond"]}]},{"@type":"WebPage","@id":"https:\/\/noti-america.com\/site\/repdom\/2021\/01\/06\/ronnie-belliard-siempre-sere-su-eterno-capitan-azul\/","url":"https:\/\/noti-america.com\/site\/repdom\/2021\/01\/06\/ronnie-belliard-siempre-sere-su-eterno-capitan-azul\/","name":"Ronnie Belliard: \"siempre ser\u00e9 su eterno capit\u00e1n azul\" - Rep. Dominicana | Noti-America.com","isPartOf":{"@id":"https:\/\/noti-america.com\/site\/repdom\/#website"},"primaryImageOfPage":{"@id":"https:\/\/noti-america.com\/site\/repdom\/2021\/01\/06\/ronnie-belliard-siempre-sere-su-eterno-capitan-azul\/#primaryimage"},"image":{"@id":"https:\/\/noti-america.com\/site\/repdom\/2021\/01\/06\/ronnie-belliard-siempre-sere-su-eterno-capitan-azul\/#primaryimage"},"thumbnailUrl":"https:\/\/noti-america.com\/site\/repdom\/wp-content\/uploads\/sites\/6\/2021\/01\/Ronnie-Belliard.jpg","datePublished":"2021-01-06T18:18:00+00:00","breadcrumb":{"@id":"https:\/\/noti-america.com\/site\/repdom\/2021\/01\/06\/ronnie-belliard-siempre-sere-su-eterno-capitan-azul\/#breadcrumb"},"inLanguage":"es","potentialAction":[{"@type":"ReadAction","target":["https:\/\/noti-america.com\/site\/repdom\/2021\/01\/06\/ronnie-belliard-siempre-sere-su-eterno-capitan-azul\/"]}]},{"@type":"ImageObject","inLanguage":"es","@id":"https:\/\/noti-america.com\/site\/repdom\/2021\/01\/06\/ronnie-belliard-siempre-sere-su-eterno-capitan-azul\/#primaryimage","url":"https:\/\/noti-america.com\/site\/repdom\/wp-content\/uploads\/sites\/6\/2021\/01\/Ronnie-Belliard.jpg","contentUrl":"https:\/\/noti-america.com\/site\/repdom\/wp-content\/uploads\/sites\/6\/2021\/01\/Ronnie-Belliard.jpg","width":1080,"height":1080},{"@type":"BreadcrumbList","@id":"https:\/\/noti-america.com\/site\/repdom\/2021\/01\/06\/ronnie-belliard-siempre-sere-su-eterno-capitan-azul\/#breadcrumb","itemListElement":[{"@type":"ListItem","position":1,"name":"Portada","item":"https:\/\/noti-america.com\/site\/repdom\/"},{"@type":"ListItem","position":2,"name":"Ronnie Belliard: \u00absiempre ser\u00e9 su eterno capit\u00e1n azul\u00bb"}]},{"@type":"WebSite","@id":"https:\/\/noti-america.com\/site\/repdom\/#website","url":"https:\/\/noti-america.com\/site\/repdom\/","name":"Rep. Dominicana | Noti-America.com","description":"","publisher":{"@id":"https:\/\/noti-america.com\/site\/repdom\/#organization"},"potentialAction":[{"@type":"SearchAction","target":{"@type":"EntryPoint","urlTemplate":"https:\/\/noti-america.com\/site\/repdom\/?s={search_term_string}"},"query-input":{"@type":"PropertyValueSpecification","valueRequired":true,"valueName":"search_term_string"}}],"inLanguage":"es"},{"@type":"Organization","@id":"https:\/\/noti-america.com\/site\/repdom\/#organization","name":"Noti-America LLC | Rep\u00fablica Dominicana","url":"https:\/\/noti-america.com\/site\/repdom\/","logo":{"@type":"ImageObject","inLanguage":"es","@id":"https:\/\/noti-america.com\/site\/repdom\/#\/schema\/logo\/image\/","url":"https:\/\/noti-america.com\/site\/repdom\/wp-content\/uploads\/sites\/6\/2020\/07\/LogoNA-4x3-1.jpg","contentUrl":"https:\/\/noti-america.com\/site\/repdom\/wp-content\/uploads\/sites\/6\/2020\/07\/LogoNA-4x3-1.jpg","width":1236,"height":1080,"caption":"Noti-America LLC | Rep\u00fablica Dominicana"},"image":{"@id":"https:\/\/noti-america.com\/site\/repdom\/#\/schema\/logo\/image\/"}},{"@type":"Person","@id":"https:\/\/noti-america.com\/site\/repdom\/#\/schema\/person\/fd0092c1530d275fabaa5cffcbc2b976","name":"Ad\u00e1n Soriano","image":{"@type":"ImageObject","inLanguage":"es","@id":"https:\/\/secure.gravatar.com\/avatar\/ecf97ff3aee7ff9efdae670d7e976f3e7e8acc1077e510d73707999a8bfd4467?s=96&d=mm&r=g","url":"https:\/\/secure.gravatar.com\/avatar\/ecf97ff3aee7ff9efdae670d7e976f3e7e8acc1077e510d73707999a8bfd4467?s=96&d=mm&r=g","contentUrl":"https:\/\/secure.gravatar.com\/avatar\/ecf97ff3aee7ff9efdae670d7e976f3e7e8acc1077e510d73707999a8bfd4467?s=96&d=mm&r=g","caption":"Ad\u00e1n Soriano"},"description":"Soy cronista deportivo con 10 a\u00f1os de experiencia en varios espacios, y conduzco el podcast deportivo llamado Mezcla Deportiva","sameAs":["https:\/\/x.com\/adansoriano"],"url":"https:\/\/noti-america.com\/site\/repdom\/author\/asoriano\/"}]}},"_links":{"self":[{"href":"https:\/\/noti-america.com\/site\/repdom\/wp-json\/wp\/v2\/posts\/7668","targetHints":{"allow":["GET"]}}],"collection":[{"href":"https:\/\/noti-america.com\/site\/repdom\/wp-json\/wp\/v2\/posts"}],"about":[{"href":"https:\/\/noti-america.com\/site\/repdom\/wp-json\/wp\/v2\/types\/post"}],"author":[{"embeddable":true,"href":"https:\/\/noti-america.com\/site\/repdom\/wp-json\/wp\/v2\/users\/89"}],"replies":[{"embeddable":true,"href":"https:\/\/noti-america.com\/site\/repdom\/wp-json\/wp\/v2\/comments?post=7668"}],"version-history":[{"count":2,"href":"https:\/\/noti-america.com\/site\/repdom\/wp-json\/wp\/v2\/posts\/7668\/revisions"}],"predecessor-version":[{"id":7672,"href":"https:\/\/noti-america.com\/site\/repdom\/wp-json\/wp\/v2\/posts\/7668\/revisions\/7672"}],"wp:featuredmedia":[{"embeddable":true,"href":"https:\/\/noti-america.com\/site\/repdom\/wp-json\/wp\/v2\/media\/7670"}],"wp:attachment":[{"href":"https:\/\/noti-america.com\/site\/repdom\/wp-json\/wp\/v2\/media?parent=7668"}],"wp:term":[{"taxonomy":"category","embeddable":true,"href":"https:\/\/noti-america.com\/site\/repdom\/wp-json\/wp\/v2\/categories?post=7668"},{"taxonomy":"post_tag","embeddable":true,"href":"https:\/\/noti-america.com\/site\/repdom\/wp-json\/wp\/v2\/tags?post=7668"}],"curies":[{"name":"wp","href":"https:\/\/api.w.org\/{rel}","templated":true}]}}