{"id":7615,"date":"2021-01-05T03:02:26","date_gmt":"2021-01-05T03:02:26","guid":{"rendered":"https:\/\/noti-america.com\/site\/repdom\/?p=7615"},"modified":"2021-01-05T03:15:22","modified_gmt":"2021-01-05T03:15:22","slug":"negrin-y-cabrera-encabezan-victoria-de-las-aguilas-sobre-los-toros","status":"publish","type":"post","link":"https:\/\/noti-america.com\/site\/repdom\/2021\/01\/05\/negrin-y-cabrera-encabezan-victoria-de-las-aguilas-sobre-los-toros\/","title":{"rendered":"Negr\u00edn y Cabrera encabezan victoria de las \u00c1guilas sobre los Toros"},"content":{"rendered":"<div class=\"video-container\"><iframe loading=\"lazy\" title=\"Resumen Toros del Este vs \u00c1guilas Cibae\u00f1as | 04 ENE 2021 | Serie Semifinal Lidom\" width=\"500\" height=\"281\" src=\"https:\/\/www.youtube.com\/embed\/V97dscuNxpE?feature=oembed&#038;wmode=opaque\" frameborder=\"0\" allow=\"accelerometer; autoplay; clipboard-write; encrypted-media; gyroscope; picture-in-picture; web-share\" referrerpolicy=\"strict-origin-when-cross-origin\" allowfullscreen><\/iframe><\/div>\n<p class=\"x_MsoNormal\" style=\"text-align: justify\"><span lang=\"ES\">SANTIAGO &#8211; <\/span><span lang=\"ES\">Yoanner Negr\u00edn y tres relevistas se encargaron de amarrar los bates contrarios, Melky Cabrera remolc\u00f3 la ventaja que jam\u00e1s se perdi\u00f3 y las \u00c1guilas Cibae\u00f1as triunfaron 3-1 sobre los Toros del Este, para reducir la ventaja en la serie Semifinal B del torneo de b\u00e9isbol 2020-21, dedicado a Jos\u00e9 Manuel Fern\u00e1ndez.<\/span><\/p>\n<p class=\"x_MsoNormal\" style=\"text-align: justify\"><span lang=\"ES\">Negr\u00edn se encarg\u00f3 de colgar seis ceros a los taurinos y Melky impuls\u00f3 con doble a Luis Liberato en la primera entrada, cortando el pasodoble de los romanenses que ganaron los dos primeros partidos de la serie. Ahora las \u00c1guilas mejoraron su marca a 1-2.<\/span><\/p>\n<p class=\"x_MsoNormal\" style=\"text-align: justify\"><span lang=\"ES\">Negr\u00edn (1-0) fue anotada la victoria, mientras que Jenrry Mej\u00eda fue el derrotado (0-1) con salvamento para Gregory Soto (1).<\/span><\/p>\n<p class=\"x_MsoNormal\" style=\"text-align: justify\"><span lang=\"ES\">En desventaja de 2-0 en la serie, las \u00c1guilas apelaron a Negr\u00edn, quien se meti\u00f3 en dificultades en la primera entrada en la que tuvo que hacer 32 pitcheos, pero logr\u00f3 completar 6 episodios en blanco permitiendo un imparable, cuatro bases y seis ponches.<\/span><\/p>\n<p class=\"x_MsoNormal\" style=\"text-align: justify\"><span lang=\"ES\">Luego de Negr\u00edn realizar 104 pitcheos fue reemplazado por el estadounidense Michael Tonkin (7), Richard Rodr\u00edguez (8) y Soto (9).<\/span><\/p>\n<p class=\"x_MsoNormal\" style=\"text-align: justify\"><span lang=\"ES\">Los taurinos, buscando poner contra la pared a los aguiluchos, entregaron la pelota a Mej\u00eda quien labor\u00f3 tres entradas, enfrent\u00f3 a 13 bateadores, permiti\u00f3 cuatro hits, tres carreras, no otorg\u00f3 boletos y abanic\u00f3 a dos.<\/span><\/p>\n<p class=\"x_MsoNormal\" style=\"text-align: justify\"><span lang=\"ES\">Tras la salida de Mej\u00eda caminaron del bullpen al box de los Toros el importado Tim Peterson (4), Austin Bibens-Dirkx (5), Alfredo Sim\u00f3n (6), Anthony Gose (7) y Keury Mella (8).<\/span><\/p>\n<p class=\"x_MsoNormal\" style=\"text-align: justify\"><span lang=\"ES\">La ofensiva de los aguiluchos fue encabezada por Robel Garc\u00eda, con dos imparables; Melky Cabrera, un doble; Luis Liberato y Rangel Ravelo, un cohetazo.<\/span><\/p>\n<p class=\"x_MsoNormal\" style=\"text-align: justify\"><span lang=\"ES\">La ofensiva de las \u00c1guilas que hab\u00eda estado silenciada no se hizo esperar y en la misma primera entrada fabric\u00f3 tres anotaciones. Luis Liberato abri\u00f3 con sencillo, Juan Lagares se ponch\u00f3, pero Melky Cabrera dispar\u00f3 doble remolcador, Johan Camargo abanic\u00f3 la brisa, pero Rangel Ravelo son\u00f3 single impulsador, avanzando a segunda con el tiro a la goma y anot\u00f3 por cohetazo de Robel Garc\u00eda.<\/span><\/p>\n<p class=\"x_MsoNormal\" style=\"text-align: justify\"><span lang=\"ES\">Los visitantes quebraron la pizarra en el octavo cuando despu\u00e9s de dos fuera, Yamaico Navarro peg\u00f3 sencillo y anot\u00f3 con tubey de Yasiel Puig.<\/span><\/p>\n<p class=\"x_MsoNormal\" style=\"text-align: justify\"><span lang=\"ES\">La serie semifinal B recesa este martes y se reanuda el mi\u00e9rcoles con el cuarto partido en el Francisco Micheli, de La Romana.<\/span><\/p>\n<p style=\"text-align: justify\"><strong>Fuente: Prensa \u00c1guilas Cibae\u00f1as<\/strong><\/p>\n","protected":false},"excerpt":{"rendered":"<p>SANTIAGO &#8211; Yoanner Negr\u00edn y tres relevistas se encargaron de amarrar los bates contrarios, Melky Cabrera remolc\u00f3 la ventaja que jam\u00e1s se perdi\u00f3 y las \u00c1guilas Cibae\u00f1as triunfaron 3-1 sobre los Toros del Este,&#46;&#46;&#46;<\/p>\n","protected":false},"author":89,"featured_media":7616,"comment_status":"open","ping_status":"open","sticky":false,"template":"","format":"standard","meta":{"_acf_changed":false,"rop_custom_images_group":[],"rop_custom_messages_group":[],"rop_publish_now":"initial","rop_publish_now_accounts":[],"rop_publish_now_history":[],"rop_publish_now_status":"pending","footnotes":""},"categories":[16],"tags":[118,119,122,633,519,123,581],"class_list":["post-7615","post","type-post","status-publish","format-standard","has-post-thumbnail","hentry","category-deportes","tag-aguilas-cibaenas","tag-beisbol-dominicano","tag-liga-dominicana-de-beisbol-profesional","tag-melky-cabrera","tag-peloteros-cubanos","tag-peloteros-dominicanos","tag-yoanner-negrin"],"acf":[],"yoast_head":"<!-- This site is optimized with the Yoast SEO Premium plugin v24.9 (Yoast SEO v27.2) - https:\/\/yoast.com\/product\/yoast-seo-premium-wordpress\/ -->\n<title>Negr\u00edn y Cabrera encabezan victoria de las \u00c1guilas sobre los Toros - Rep. Dominicana | Noti-America.com<\/title>\n<meta name=\"robots\" content=\"index, follow, max-snippet:-1, max-image-preview:large, max-video-preview:-1\" \/>\n<link rel=\"canonical\" href=\"https:\/\/noti-america.com\/site\/repdom\/2021\/01\/05\/negrin-y-cabrera-encabezan-victoria-de-las-aguilas-sobre-los-toros\/\" \/>\n<meta property=\"og:locale\" content=\"es_ES\" \/>\n<meta property=\"og:type\" content=\"article\" \/>\n<meta property=\"og:title\" content=\"Negr\u00edn y Cabrera encabezan victoria de las \u00c1guilas sobre los Toros\" \/>\n<meta property=\"og:description\" content=\"SANTIAGO &#8211; Yoanner Negr\u00edn y tres relevistas se encargaron de amarrar los bates contrarios, Melky Cabrera remolc\u00f3 la ventaja que jam\u00e1s se perdi\u00f3 y las \u00c1guilas Cibae\u00f1as triunfaron 3-1 sobre los Toros del Este,&#046;&#046;&#046;\" \/>\n<meta property=\"og:url\" content=\"https:\/\/noti-america.com\/site\/repdom\/2021\/01\/05\/negrin-y-cabrera-encabezan-victoria-de-las-aguilas-sobre-los-toros\/\" \/>\n<meta property=\"og:site_name\" content=\"Rep. Dominicana | Noti-America.com\" \/>\n<meta property=\"article:published_time\" content=\"2021-01-05T03:02:26+00:00\" \/>\n<meta property=\"article:modified_time\" content=\"2021-01-05T03:15:22+00:00\" \/>\n<meta property=\"og:image\" content=\"https:\/\/noti-america.com\/site\/repdom\/wp-content\/uploads\/sites\/6\/2021\/01\/Negrin-Cabrera-scaled.jpg\" \/>\n\t<meta property=\"og:image:width\" content=\"2560\" \/>\n\t<meta property=\"og:image:height\" content=\"1387\" \/>\n\t<meta property=\"og:image:type\" content=\"image\/jpeg\" \/>\n<meta name=\"author\" content=\"Ad\u00e1n Soriano\" \/>\n<meta name=\"twitter:card\" content=\"summary_large_image\" \/>\n<meta name=\"twitter:creator\" content=\"@adansoriano\" \/>\n<meta name=\"twitter:label1\" content=\"Escrito por\" \/>\n\t<meta name=\"twitter:data1\" content=\"Ad\u00e1n Soriano\" \/>\n\t<meta name=\"twitter:label2\" content=\"Tiempo estimado de lectura\" \/>\n\t<meta name=\"twitter:data2\" content=\"2 minutos\" \/>\n<script type=\"application\/ld+json\" class=\"yoast-schema-graph\">{\"@context\":\"https:\/\/schema.org\",\"@graph\":[{\"@type\":\"Article\",\"@id\":\"https:\/\/noti-america.com\/site\/repdom\/2021\/01\/05\/negrin-y-cabrera-encabezan-victoria-de-las-aguilas-sobre-los-toros\/#article\",\"isPartOf\":{\"@id\":\"https:\/\/noti-america.com\/site\/repdom\/2021\/01\/05\/negrin-y-cabrera-encabezan-victoria-de-las-aguilas-sobre-los-toros\/\"},\"author\":{\"name\":\"Ad\u00e1n Soriano\",\"@id\":\"https:\/\/noti-america.com\/site\/repdom\/#\/schema\/person\/fd0092c1530d275fabaa5cffcbc2b976\"},\"headline\":\"Negr\u00edn y Cabrera encabezan victoria de las \u00c1guilas sobre los Toros\",\"datePublished\":\"2021-01-05T03:02:26+00:00\",\"dateModified\":\"2021-01-05T03:15:22+00:00\",\"mainEntityOfPage\":{\"@id\":\"https:\/\/noti-america.com\/site\/repdom\/2021\/01\/05\/negrin-y-cabrera-encabezan-victoria-de-las-aguilas-sobre-los-toros\/\"},\"wordCount\":414,\"commentCount\":0,\"publisher\":{\"@id\":\"https:\/\/noti-america.com\/site\/repdom\/#organization\"},\"image\":{\"@id\":\"https:\/\/noti-america.com\/site\/repdom\/2021\/01\/05\/negrin-y-cabrera-encabezan-victoria-de-las-aguilas-sobre-los-toros\/#primaryimage\"},\"thumbnailUrl\":\"https:\/\/noti-america.com\/site\/repdom\/wp-content\/uploads\/sites\/6\/2021\/01\/Negrin-Cabrera-scaled.jpg\",\"keywords\":[\"\u00c1guilas Cibae\u00f1as\",\"B\u00e9isbol Dominicano\",\"Liga Dominicana de B\u00e9isbol Profesional\",\"Melky Cabrera\",\"Peloteros Cubanos\",\"Peloteros Dominicanos\",\"Yoanner Negr\u00edn\"],\"articleSection\":[\"Deportes\"],\"inLanguage\":\"es\",\"potentialAction\":[{\"@type\":\"CommentAction\",\"name\":\"Comment\",\"target\":[\"https:\/\/noti-america.com\/site\/repdom\/2021\/01\/05\/negrin-y-cabrera-encabezan-victoria-de-las-aguilas-sobre-los-toros\/#respond\"]}]},{\"@type\":\"WebPage\",\"@id\":\"https:\/\/noti-america.com\/site\/repdom\/2021\/01\/05\/negrin-y-cabrera-encabezan-victoria-de-las-aguilas-sobre-los-toros\/\",\"url\":\"https:\/\/noti-america.com\/site\/repdom\/2021\/01\/05\/negrin-y-cabrera-encabezan-victoria-de-las-aguilas-sobre-los-toros\/\",\"name\":\"Negr\u00edn y Cabrera encabezan victoria de las \u00c1guilas sobre los Toros - Rep. Dominicana | Noti-America.com\",\"isPartOf\":{\"@id\":\"https:\/\/noti-america.com\/site\/repdom\/#website\"},\"primaryImageOfPage\":{\"@id\":\"https:\/\/noti-america.com\/site\/repdom\/2021\/01\/05\/negrin-y-cabrera-encabezan-victoria-de-las-aguilas-sobre-los-toros\/#primaryimage\"},\"image\":{\"@id\":\"https:\/\/noti-america.com\/site\/repdom\/2021\/01\/05\/negrin-y-cabrera-encabezan-victoria-de-las-aguilas-sobre-los-toros\/#primaryimage\"},\"thumbnailUrl\":\"https:\/\/noti-america.com\/site\/repdom\/wp-content\/uploads\/sites\/6\/2021\/01\/Negrin-Cabrera-scaled.jpg\",\"datePublished\":\"2021-01-05T03:02:26+00:00\",\"dateModified\":\"2021-01-05T03:15:22+00:00\",\"breadcrumb\":{\"@id\":\"https:\/\/noti-america.com\/site\/repdom\/2021\/01\/05\/negrin-y-cabrera-encabezan-victoria-de-las-aguilas-sobre-los-toros\/#breadcrumb\"},\"inLanguage\":\"es\",\"potentialAction\":[{\"@type\":\"ReadAction\",\"target\":[\"https:\/\/noti-america.com\/site\/repdom\/2021\/01\/05\/negrin-y-cabrera-encabezan-victoria-de-las-aguilas-sobre-los-toros\/\"]}]},{\"@type\":\"ImageObject\",\"inLanguage\":\"es\",\"@id\":\"https:\/\/noti-america.com\/site\/repdom\/2021\/01\/05\/negrin-y-cabrera-encabezan-victoria-de-las-aguilas-sobre-los-toros\/#primaryimage\",\"url\":\"https:\/\/noti-america.com\/site\/repdom\/wp-content\/uploads\/sites\/6\/2021\/01\/Negrin-Cabrera-scaled.jpg\",\"contentUrl\":\"https:\/\/noti-america.com\/site\/repdom\/wp-content\/uploads\/sites\/6\/2021\/01\/Negrin-Cabrera-scaled.jpg\",\"width\":2560,\"height\":1387},{\"@type\":\"BreadcrumbList\",\"@id\":\"https:\/\/noti-america.com\/site\/repdom\/2021\/01\/05\/negrin-y-cabrera-encabezan-victoria-de-las-aguilas-sobre-los-toros\/#breadcrumb\",\"itemListElement\":[{\"@type\":\"ListItem\",\"position\":1,\"name\":\"Portada\",\"item\":\"https:\/\/noti-america.com\/site\/repdom\/\"},{\"@type\":\"ListItem\",\"position\":2,\"name\":\"Negr\u00edn y Cabrera encabezan victoria de las \u00c1guilas sobre los Toros\"}]},{\"@type\":\"WebSite\",\"@id\":\"https:\/\/noti-america.com\/site\/repdom\/#website\",\"url\":\"https:\/\/noti-america.com\/site\/repdom\/\",\"name\":\"Rep. Dominicana | Noti-America.com\",\"description\":\"\",\"publisher\":{\"@id\":\"https:\/\/noti-america.com\/site\/repdom\/#organization\"},\"potentialAction\":[{\"@type\":\"SearchAction\",\"target\":{\"@type\":\"EntryPoint\",\"urlTemplate\":\"https:\/\/noti-america.com\/site\/repdom\/?s={search_term_string}\"},\"query-input\":{\"@type\":\"PropertyValueSpecification\",\"valueRequired\":true,\"valueName\":\"search_term_string\"}}],\"inLanguage\":\"es\"},{\"@type\":\"Organization\",\"@id\":\"https:\/\/noti-america.com\/site\/repdom\/#organization\",\"name\":\"Noti-America LLC | Rep\u00fablica Dominicana\",\"url\":\"https:\/\/noti-america.com\/site\/repdom\/\",\"logo\":{\"@type\":\"ImageObject\",\"inLanguage\":\"es\",\"@id\":\"https:\/\/noti-america.com\/site\/repdom\/#\/schema\/logo\/image\/\",\"url\":\"https:\/\/noti-america.com\/site\/repdom\/wp-content\/uploads\/sites\/6\/2020\/07\/LogoNA-4x3-1.jpg\",\"contentUrl\":\"https:\/\/noti-america.com\/site\/repdom\/wp-content\/uploads\/sites\/6\/2020\/07\/LogoNA-4x3-1.jpg\",\"width\":1236,\"height\":1080,\"caption\":\"Noti-America LLC | Rep\u00fablica Dominicana\"},\"image\":{\"@id\":\"https:\/\/noti-america.com\/site\/repdom\/#\/schema\/logo\/image\/\"}},{\"@type\":\"Person\",\"@id\":\"https:\/\/noti-america.com\/site\/repdom\/#\/schema\/person\/fd0092c1530d275fabaa5cffcbc2b976\",\"name\":\"Ad\u00e1n Soriano\",\"image\":{\"@type\":\"ImageObject\",\"inLanguage\":\"es\",\"@id\":\"https:\/\/secure.gravatar.com\/avatar\/ecf97ff3aee7ff9efdae670d7e976f3e7e8acc1077e510d73707999a8bfd4467?s=96&d=mm&r=g\",\"url\":\"https:\/\/secure.gravatar.com\/avatar\/ecf97ff3aee7ff9efdae670d7e976f3e7e8acc1077e510d73707999a8bfd4467?s=96&d=mm&r=g\",\"contentUrl\":\"https:\/\/secure.gravatar.com\/avatar\/ecf97ff3aee7ff9efdae670d7e976f3e7e8acc1077e510d73707999a8bfd4467?s=96&d=mm&r=g\",\"caption\":\"Ad\u00e1n Soriano\"},\"description\":\"Soy cronista deportivo con 10 a\u00f1os de experiencia en varios espacios, y conduzco el podcast deportivo llamado Mezcla Deportiva\",\"sameAs\":[\"https:\/\/x.com\/adansoriano\"],\"url\":\"https:\/\/noti-america.com\/site\/repdom\/author\/asoriano\/\"}]}<\/script>\n<!-- \/ Yoast SEO Premium plugin. -->","yoast_head_json":{"title":"Negr\u00edn y Cabrera encabezan victoria de las \u00c1guilas sobre los Toros - Rep. Dominicana | Noti-America.com","robots":{"index":"index","follow":"follow","max-snippet":"max-snippet:-1","max-image-preview":"max-image-preview:large","max-video-preview":"max-video-preview:-1"},"canonical":"https:\/\/noti-america.com\/site\/repdom\/2021\/01\/05\/negrin-y-cabrera-encabezan-victoria-de-las-aguilas-sobre-los-toros\/","og_locale":"es_ES","og_type":"article","og_title":"Negr\u00edn y Cabrera encabezan victoria de las \u00c1guilas sobre los Toros","og_description":"SANTIAGO &#8211; Yoanner Negr\u00edn y tres relevistas se encargaron de amarrar los bates contrarios, Melky Cabrera remolc\u00f3 la ventaja que jam\u00e1s se perdi\u00f3 y las \u00c1guilas Cibae\u00f1as triunfaron 3-1 sobre los Toros del Este,&#46;&#46;&#46;","og_url":"https:\/\/noti-america.com\/site\/repdom\/2021\/01\/05\/negrin-y-cabrera-encabezan-victoria-de-las-aguilas-sobre-los-toros\/","og_site_name":"Rep. Dominicana | Noti-America.com","article_published_time":"2021-01-05T03:02:26+00:00","article_modified_time":"2021-01-05T03:15:22+00:00","og_image":[{"width":2560,"height":1387,"url":"https:\/\/noti-america.com\/site\/repdom\/wp-content\/uploads\/sites\/6\/2021\/01\/Negrin-Cabrera-scaled.jpg","type":"image\/jpeg"}],"author":"Ad\u00e1n Soriano","twitter_card":"summary_large_image","twitter_creator":"@adansoriano","twitter_misc":{"Escrito por":"Ad\u00e1n Soriano","Tiempo estimado de lectura":"2 minutos"},"schema":{"@context":"https:\/\/schema.org","@graph":[{"@type":"Article","@id":"https:\/\/noti-america.com\/site\/repdom\/2021\/01\/05\/negrin-y-cabrera-encabezan-victoria-de-las-aguilas-sobre-los-toros\/#article","isPartOf":{"@id":"https:\/\/noti-america.com\/site\/repdom\/2021\/01\/05\/negrin-y-cabrera-encabezan-victoria-de-las-aguilas-sobre-los-toros\/"},"author":{"name":"Ad\u00e1n Soriano","@id":"https:\/\/noti-america.com\/site\/repdom\/#\/schema\/person\/fd0092c1530d275fabaa5cffcbc2b976"},"headline":"Negr\u00edn y Cabrera encabezan victoria de las \u00c1guilas sobre los Toros","datePublished":"2021-01-05T03:02:26+00:00","dateModified":"2021-01-05T03:15:22+00:00","mainEntityOfPage":{"@id":"https:\/\/noti-america.com\/site\/repdom\/2021\/01\/05\/negrin-y-cabrera-encabezan-victoria-de-las-aguilas-sobre-los-toros\/"},"wordCount":414,"commentCount":0,"publisher":{"@id":"https:\/\/noti-america.com\/site\/repdom\/#organization"},"image":{"@id":"https:\/\/noti-america.com\/site\/repdom\/2021\/01\/05\/negrin-y-cabrera-encabezan-victoria-de-las-aguilas-sobre-los-toros\/#primaryimage"},"thumbnailUrl":"https:\/\/noti-america.com\/site\/repdom\/wp-content\/uploads\/sites\/6\/2021\/01\/Negrin-Cabrera-scaled.jpg","keywords":["\u00c1guilas Cibae\u00f1as","B\u00e9isbol Dominicano","Liga Dominicana de B\u00e9isbol Profesional","Melky Cabrera","Peloteros Cubanos","Peloteros Dominicanos","Yoanner Negr\u00edn"],"articleSection":["Deportes"],"inLanguage":"es","potentialAction":[{"@type":"CommentAction","name":"Comment","target":["https:\/\/noti-america.com\/site\/repdom\/2021\/01\/05\/negrin-y-cabrera-encabezan-victoria-de-las-aguilas-sobre-los-toros\/#respond"]}]},{"@type":"WebPage","@id":"https:\/\/noti-america.com\/site\/repdom\/2021\/01\/05\/negrin-y-cabrera-encabezan-victoria-de-las-aguilas-sobre-los-toros\/","url":"https:\/\/noti-america.com\/site\/repdom\/2021\/01\/05\/negrin-y-cabrera-encabezan-victoria-de-las-aguilas-sobre-los-toros\/","name":"Negr\u00edn y Cabrera encabezan victoria de las \u00c1guilas sobre los Toros - Rep. Dominicana | Noti-America.com","isPartOf":{"@id":"https:\/\/noti-america.com\/site\/repdom\/#website"},"primaryImageOfPage":{"@id":"https:\/\/noti-america.com\/site\/repdom\/2021\/01\/05\/negrin-y-cabrera-encabezan-victoria-de-las-aguilas-sobre-los-toros\/#primaryimage"},"image":{"@id":"https:\/\/noti-america.com\/site\/repdom\/2021\/01\/05\/negrin-y-cabrera-encabezan-victoria-de-las-aguilas-sobre-los-toros\/#primaryimage"},"thumbnailUrl":"https:\/\/noti-america.com\/site\/repdom\/wp-content\/uploads\/sites\/6\/2021\/01\/Negrin-Cabrera-scaled.jpg","datePublished":"2021-01-05T03:02:26+00:00","dateModified":"2021-01-05T03:15:22+00:00","breadcrumb":{"@id":"https:\/\/noti-america.com\/site\/repdom\/2021\/01\/05\/negrin-y-cabrera-encabezan-victoria-de-las-aguilas-sobre-los-toros\/#breadcrumb"},"inLanguage":"es","potentialAction":[{"@type":"ReadAction","target":["https:\/\/noti-america.com\/site\/repdom\/2021\/01\/05\/negrin-y-cabrera-encabezan-victoria-de-las-aguilas-sobre-los-toros\/"]}]},{"@type":"ImageObject","inLanguage":"es","@id":"https:\/\/noti-america.com\/site\/repdom\/2021\/01\/05\/negrin-y-cabrera-encabezan-victoria-de-las-aguilas-sobre-los-toros\/#primaryimage","url":"https:\/\/noti-america.com\/site\/repdom\/wp-content\/uploads\/sites\/6\/2021\/01\/Negrin-Cabrera-scaled.jpg","contentUrl":"https:\/\/noti-america.com\/site\/repdom\/wp-content\/uploads\/sites\/6\/2021\/01\/Negrin-Cabrera-scaled.jpg","width":2560,"height":1387},{"@type":"BreadcrumbList","@id":"https:\/\/noti-america.com\/site\/repdom\/2021\/01\/05\/negrin-y-cabrera-encabezan-victoria-de-las-aguilas-sobre-los-toros\/#breadcrumb","itemListElement":[{"@type":"ListItem","position":1,"name":"Portada","item":"https:\/\/noti-america.com\/site\/repdom\/"},{"@type":"ListItem","position":2,"name":"Negr\u00edn y Cabrera encabezan victoria de las \u00c1guilas sobre los Toros"}]},{"@type":"WebSite","@id":"https:\/\/noti-america.com\/site\/repdom\/#website","url":"https:\/\/noti-america.com\/site\/repdom\/","name":"Rep. Dominicana | Noti-America.com","description":"","publisher":{"@id":"https:\/\/noti-america.com\/site\/repdom\/#organization"},"potentialAction":[{"@type":"SearchAction","target":{"@type":"EntryPoint","urlTemplate":"https:\/\/noti-america.com\/site\/repdom\/?s={search_term_string}"},"query-input":{"@type":"PropertyValueSpecification","valueRequired":true,"valueName":"search_term_string"}}],"inLanguage":"es"},{"@type":"Organization","@id":"https:\/\/noti-america.com\/site\/repdom\/#organization","name":"Noti-America LLC | Rep\u00fablica Dominicana","url":"https:\/\/noti-america.com\/site\/repdom\/","logo":{"@type":"ImageObject","inLanguage":"es","@id":"https:\/\/noti-america.com\/site\/repdom\/#\/schema\/logo\/image\/","url":"https:\/\/noti-america.com\/site\/repdom\/wp-content\/uploads\/sites\/6\/2020\/07\/LogoNA-4x3-1.jpg","contentUrl":"https:\/\/noti-america.com\/site\/repdom\/wp-content\/uploads\/sites\/6\/2020\/07\/LogoNA-4x3-1.jpg","width":1236,"height":1080,"caption":"Noti-America LLC | Rep\u00fablica Dominicana"},"image":{"@id":"https:\/\/noti-america.com\/site\/repdom\/#\/schema\/logo\/image\/"}},{"@type":"Person","@id":"https:\/\/noti-america.com\/site\/repdom\/#\/schema\/person\/fd0092c1530d275fabaa5cffcbc2b976","name":"Ad\u00e1n Soriano","image":{"@type":"ImageObject","inLanguage":"es","@id":"https:\/\/secure.gravatar.com\/avatar\/ecf97ff3aee7ff9efdae670d7e976f3e7e8acc1077e510d73707999a8bfd4467?s=96&d=mm&r=g","url":"https:\/\/secure.gravatar.com\/avatar\/ecf97ff3aee7ff9efdae670d7e976f3e7e8acc1077e510d73707999a8bfd4467?s=96&d=mm&r=g","contentUrl":"https:\/\/secure.gravatar.com\/avatar\/ecf97ff3aee7ff9efdae670d7e976f3e7e8acc1077e510d73707999a8bfd4467?s=96&d=mm&r=g","caption":"Ad\u00e1n Soriano"},"description":"Soy cronista deportivo con 10 a\u00f1os de experiencia en varios espacios, y conduzco el podcast deportivo llamado Mezcla Deportiva","sameAs":["https:\/\/x.com\/adansoriano"],"url":"https:\/\/noti-america.com\/site\/repdom\/author\/asoriano\/"}]}},"_links":{"self":[{"href":"https:\/\/noti-america.com\/site\/repdom\/wp-json\/wp\/v2\/posts\/7615","targetHints":{"allow":["GET"]}}],"collection":[{"href":"https:\/\/noti-america.com\/site\/repdom\/wp-json\/wp\/v2\/posts"}],"about":[{"href":"https:\/\/noti-america.com\/site\/repdom\/wp-json\/wp\/v2\/types\/post"}],"author":[{"embeddable":true,"href":"https:\/\/noti-america.com\/site\/repdom\/wp-json\/wp\/v2\/users\/89"}],"replies":[{"embeddable":true,"href":"https:\/\/noti-america.com\/site\/repdom\/wp-json\/wp\/v2\/comments?post=7615"}],"version-history":[{"count":5,"href":"https:\/\/noti-america.com\/site\/repdom\/wp-json\/wp\/v2\/posts\/7615\/revisions"}],"predecessor-version":[{"id":7621,"href":"https:\/\/noti-america.com\/site\/repdom\/wp-json\/wp\/v2\/posts\/7615\/revisions\/7621"}],"wp:featuredmedia":[{"embeddable":true,"href":"https:\/\/noti-america.com\/site\/repdom\/wp-json\/wp\/v2\/media\/7616"}],"wp:attachment":[{"href":"https:\/\/noti-america.com\/site\/repdom\/wp-json\/wp\/v2\/media?parent=7615"}],"wp:term":[{"taxonomy":"category","embeddable":true,"href":"https:\/\/noti-america.com\/site\/repdom\/wp-json\/wp\/v2\/categories?post=7615"},{"taxonomy":"post_tag","embeddable":true,"href":"https:\/\/noti-america.com\/site\/repdom\/wp-json\/wp\/v2\/tags?post=7615"}],"curies":[{"name":"wp","href":"https:\/\/api.w.org\/{rel}","templated":true}]}}