{"id":6999,"date":"2020-12-17T15:11:06","date_gmt":"2020-12-17T15:11:06","guid":{"rendered":"https:\/\/noti-america.com\/site\/repdom\/?p=6999"},"modified":"2020-12-17T15:11:06","modified_gmt":"2020-12-17T15:11:06","slug":"ejecutivos-de-abasaca-visitan-director-provincial-de-deportes","status":"publish","type":"post","link":"https:\/\/noti-america.com\/site\/repdom\/2020\/12\/17\/ejecutivos-de-abasaca-visitan-director-provincial-de-deportes\/","title":{"rendered":"Ejecutivos de ABASACA visitan director provincial de deportes"},"content":{"rendered":"<p style=\"text-align: justify\"><span lang=\"ES-DO\">SANTIAGO <\/span><b><span lang=\"ES-DO\">&#8211;<\/span><\/b><span lang=\"ES-DO\"> Representantes del Comit\u00e9 Ejecutivo de la\u00a0<\/span>Asociaci\u00f3n de Baloncesto de Santiago de los Caballeros (ABASACA), encabezados por su\u00a0presidente, Jos\u00e9 Luis Aracena, visitaron en sus oficinas al director provincial de deportes, Tony Pe\u00f1a R., a quien agradecieron su atenci\u00f3n y disposici\u00f3n de colaborar con esa entidad.<\/p>\n<p style=\"text-align: justify\"><span lang=\"ES-DO\">Aracena, al final de la reuni\u00f3n realizada recientemente en las oficinas de Pe\u00f1a R. en la Gran Arena del Cibao doctor Oscar Gobaira, consider\u00f3 la misma como excelente y fruct\u00edfera, definiendo al personaje visitado como un digno representante del Ministerio de Deportes.<\/span><\/p>\n<p style=\"text-align: justify\"><span lang=\"ES-DO\">\u201cTratamos importantes asuntos para ABASACA, sobre todo para el baloncesto local y el se\u00f1or Pe\u00f1a R., los entendi\u00f3 todos y prometi\u00f3 trabajar junto a nosotros en la mejor\u00eda de nuestro deporte y de las instalaciones que ocupamos, fue muy receptivo, estamos muy entusiasmados\u201d, dijo Aracena.<\/span><\/p>\n<p style=\"text-align: justify\"><span lang=\"ES-DO\">Uno de los temas m\u00e1s importantes tratados en la reuni\u00f3n fue el de <\/span><span lang=\"ES-DO\">trabajo en conjunto entre las instituciones, quedando muy entusiasmados con la receptividad y la disposici\u00f3n de laborar entre todos.<\/span><\/p>\n<p style=\"text-align: justify\"><span lang=\"ES-DO\">Adem\u00e1s, la representaci\u00f3n de ABASACA, present\u00f3 la apertura de sus programas de trabajos y actividades en la mencionada instalaci\u00f3n, as\u00ed como soportes del Ministerio de Deportes en el acondicionamiento de sus \u00e1reas de oficinas, de igual manera, en el trabajo esencial de capacitaci\u00f3n del baloncesto, entre otros.<\/span><\/p>\n<p style=\"text-align: justify\"><span lang=\"ES-DO\">El se\u00f1or Pe\u00f1a R., luego de escuchar a los nuevos ejecutivos de ABASACA, mostr\u00f3 inter\u00e9s en lo planteado por los visitantes, considerando como muy importante lo tratado, agreg\u00f3 que est\u00e1 en disposici\u00f3n de trabajar en conjunto con ellos y procurar\u00e1 todo lo necesario para la tranquilidad de esa entidad y sus afiliados.<\/span><\/p>\n<p style=\"text-align: justify\"><span lang=\"ES-DO\">Al final, dijo que presentar\u00e1 un informe favorable al viceministro de desarrollo deportivo de la regi\u00f3n Norte, el inmortal del deporte, Juan Vila, quien a su vez lo llevar\u00e1 al ministro de deportes, Francisco Camacho, considerando que: \u201cTodo ser\u00e1 positivo para esa pujante entidad del deporte de Santiago, sabemos del inter\u00e9s del presidente Luis Abinader, en proteger el deporte\u201d.<\/span><\/p>\n<p style=\"text-align: justify\"><span lang=\"ES-DO\">Junto a Pe\u00f1a R., del Ministerio de Deportes, estuvieron Nathanael Pe\u00f1a, asistente del viceministro de desarrollo deportivo de la regi\u00f3n Norte, Juan Vila y el director t\u00e9cnico, Jorge Blas D\u00edaz; de ABASACA su presidente, Aracena y los ejecutivos, Leonardo (Nao) Pe\u00f1a y Heriberto Cabrera.<\/span><\/p>\n<p style=\"text-align: justify\"><strong>Fuente: Oscar Polanco<\/strong><\/p>\n","protected":false},"excerpt":{"rendered":"<p>SANTIAGO &#8211; Representantes del Comit\u00e9 Ejecutivo de la\u00a0Asociaci\u00f3n de Baloncesto de Santiago de los Caballeros (ABASACA), encabezados por su\u00a0presidente, Jos\u00e9 Luis Aracena, visitaron en sus oficinas al director provincial de deportes, Tony Pe\u00f1a R.,&#46;&#46;&#46;<\/p>\n","protected":false},"author":89,"featured_media":7000,"comment_status":"open","ping_status":"open","sticky":false,"template":"","format":"standard","meta":{"_acf_changed":false,"rop_custom_images_group":[],"rop_custom_messages_group":[],"rop_publish_now":"initial","rop_publish_now_accounts":[],"rop_publish_now_history":[],"rop_publish_now_status":"pending","footnotes":""},"categories":[16],"tags":[676,212,575,610],"class_list":["post-6999","post","type-post","status-publish","format-standard","has-post-thumbnail","hentry","category-deportes","tag-asociacion-de-baloncesto-de-santiago-de-los-caballeros","tag-baloncesto-dominicano","tag-jose-luis-aracena","tag-tony-pena-r"],"acf":[],"yoast_head":"<!-- This site is optimized with the Yoast SEO Premium plugin v24.9 (Yoast SEO v27.2) - https:\/\/yoast.com\/product\/yoast-seo-premium-wordpress\/ -->\n<title>Ejecutivos de ABASACA visitan director provincial de deportes - Rep. Dominicana | Noti-America.com<\/title>\n<meta name=\"robots\" content=\"index, follow, max-snippet:-1, max-image-preview:large, max-video-preview:-1\" \/>\n<link rel=\"canonical\" href=\"https:\/\/noti-america.com\/site\/repdom\/2020\/12\/17\/ejecutivos-de-abasaca-visitan-director-provincial-de-deportes\/\" \/>\n<meta property=\"og:locale\" content=\"es_ES\" \/>\n<meta property=\"og:type\" content=\"article\" \/>\n<meta property=\"og:title\" content=\"Ejecutivos de ABASACA visitan director provincial de deportes\" \/>\n<meta property=\"og:description\" content=\"SANTIAGO &#8211; Representantes del Comit\u00e9 Ejecutivo de la\u00a0Asociaci\u00f3n de Baloncesto de Santiago de los Caballeros (ABASACA), encabezados por su\u00a0presidente, Jos\u00e9 Luis Aracena, visitaron en sus oficinas al director provincial de deportes, Tony Pe\u00f1a R.,&#046;&#046;&#046;\" \/>\n<meta property=\"og:url\" content=\"https:\/\/noti-america.com\/site\/repdom\/2020\/12\/17\/ejecutivos-de-abasaca-visitan-director-provincial-de-deportes\/\" \/>\n<meta property=\"og:site_name\" content=\"Rep. Dominicana | Noti-America.com\" \/>\n<meta property=\"article:published_time\" content=\"2020-12-17T15:11:06+00:00\" \/>\n<meta property=\"og:image\" content=\"https:\/\/noti-america.com\/site\/repdom\/wp-content\/uploads\/sites\/6\/2020\/12\/Nathanael-Pena-Nao-Pena-Jose-Luis-Aracena-Tony-Pena-R-Jorge-Blas-Diaz-y-Heriberto-Cabrera-.jpg\" \/>\n\t<meta property=\"og:image:width\" content=\"865\" \/>\n\t<meta property=\"og:image:height\" content=\"375\" \/>\n\t<meta property=\"og:image:type\" content=\"image\/jpeg\" \/>\n<meta name=\"author\" content=\"Ad\u00e1n Soriano\" \/>\n<meta name=\"twitter:card\" content=\"summary_large_image\" \/>\n<meta name=\"twitter:creator\" content=\"@adansoriano\" \/>\n<meta name=\"twitter:label1\" content=\"Escrito por\" \/>\n\t<meta name=\"twitter:data1\" content=\"Ad\u00e1n Soriano\" \/>\n\t<meta name=\"twitter:label2\" content=\"Tiempo estimado de lectura\" \/>\n\t<meta name=\"twitter:data2\" content=\"2 minutos\" \/>\n<script type=\"application\/ld+json\" class=\"yoast-schema-graph\">{\"@context\":\"https:\/\/schema.org\",\"@graph\":[{\"@type\":\"Article\",\"@id\":\"https:\/\/noti-america.com\/site\/repdom\/2020\/12\/17\/ejecutivos-de-abasaca-visitan-director-provincial-de-deportes\/#article\",\"isPartOf\":{\"@id\":\"https:\/\/noti-america.com\/site\/repdom\/2020\/12\/17\/ejecutivos-de-abasaca-visitan-director-provincial-de-deportes\/\"},\"author\":{\"name\":\"Ad\u00e1n Soriano\",\"@id\":\"https:\/\/noti-america.com\/site\/repdom\/#\/schema\/person\/fd0092c1530d275fabaa5cffcbc2b976\"},\"headline\":\"Ejecutivos de ABASACA visitan director provincial de deportes\",\"datePublished\":\"2020-12-17T15:11:06+00:00\",\"mainEntityOfPage\":{\"@id\":\"https:\/\/noti-america.com\/site\/repdom\/2020\/12\/17\/ejecutivos-de-abasaca-visitan-director-provincial-de-deportes\/\"},\"wordCount\":409,\"commentCount\":0,\"publisher\":{\"@id\":\"https:\/\/noti-america.com\/site\/repdom\/#organization\"},\"image\":{\"@id\":\"https:\/\/noti-america.com\/site\/repdom\/2020\/12\/17\/ejecutivos-de-abasaca-visitan-director-provincial-de-deportes\/#primaryimage\"},\"thumbnailUrl\":\"https:\/\/noti-america.com\/site\/repdom\/wp-content\/uploads\/sites\/6\/2020\/12\/Nathanael-Pena-Nao-Pena-Jose-Luis-Aracena-Tony-Pena-R-Jorge-Blas-Diaz-y-Heriberto-Cabrera-.jpg\",\"keywords\":[\"Asociaci\u00f3n de Baloncesto de Santiago de los Caballeros\",\"Baloncesto Dominicano\",\"Jos\u00e9 Luis Aracena\",\"Tony Pe\u00f1a R.\"],\"articleSection\":[\"Deportes\"],\"inLanguage\":\"es\",\"potentialAction\":[{\"@type\":\"CommentAction\",\"name\":\"Comment\",\"target\":[\"https:\/\/noti-america.com\/site\/repdom\/2020\/12\/17\/ejecutivos-de-abasaca-visitan-director-provincial-de-deportes\/#respond\"]}]},{\"@type\":\"WebPage\",\"@id\":\"https:\/\/noti-america.com\/site\/repdom\/2020\/12\/17\/ejecutivos-de-abasaca-visitan-director-provincial-de-deportes\/\",\"url\":\"https:\/\/noti-america.com\/site\/repdom\/2020\/12\/17\/ejecutivos-de-abasaca-visitan-director-provincial-de-deportes\/\",\"name\":\"Ejecutivos de ABASACA visitan director provincial de deportes - Rep. Dominicana | Noti-America.com\",\"isPartOf\":{\"@id\":\"https:\/\/noti-america.com\/site\/repdom\/#website\"},\"primaryImageOfPage\":{\"@id\":\"https:\/\/noti-america.com\/site\/repdom\/2020\/12\/17\/ejecutivos-de-abasaca-visitan-director-provincial-de-deportes\/#primaryimage\"},\"image\":{\"@id\":\"https:\/\/noti-america.com\/site\/repdom\/2020\/12\/17\/ejecutivos-de-abasaca-visitan-director-provincial-de-deportes\/#primaryimage\"},\"thumbnailUrl\":\"https:\/\/noti-america.com\/site\/repdom\/wp-content\/uploads\/sites\/6\/2020\/12\/Nathanael-Pena-Nao-Pena-Jose-Luis-Aracena-Tony-Pena-R-Jorge-Blas-Diaz-y-Heriberto-Cabrera-.jpg\",\"datePublished\":\"2020-12-17T15:11:06+00:00\",\"breadcrumb\":{\"@id\":\"https:\/\/noti-america.com\/site\/repdom\/2020\/12\/17\/ejecutivos-de-abasaca-visitan-director-provincial-de-deportes\/#breadcrumb\"},\"inLanguage\":\"es\",\"potentialAction\":[{\"@type\":\"ReadAction\",\"target\":[\"https:\/\/noti-america.com\/site\/repdom\/2020\/12\/17\/ejecutivos-de-abasaca-visitan-director-provincial-de-deportes\/\"]}]},{\"@type\":\"ImageObject\",\"inLanguage\":\"es\",\"@id\":\"https:\/\/noti-america.com\/site\/repdom\/2020\/12\/17\/ejecutivos-de-abasaca-visitan-director-provincial-de-deportes\/#primaryimage\",\"url\":\"https:\/\/noti-america.com\/site\/repdom\/wp-content\/uploads\/sites\/6\/2020\/12\/Nathanael-Pena-Nao-Pena-Jose-Luis-Aracena-Tony-Pena-R-Jorge-Blas-Diaz-y-Heriberto-Cabrera-.jpg\",\"contentUrl\":\"https:\/\/noti-america.com\/site\/repdom\/wp-content\/uploads\/sites\/6\/2020\/12\/Nathanael-Pena-Nao-Pena-Jose-Luis-Aracena-Tony-Pena-R-Jorge-Blas-Diaz-y-Heriberto-Cabrera-.jpg\",\"width\":865,\"height\":375},{\"@type\":\"BreadcrumbList\",\"@id\":\"https:\/\/noti-america.com\/site\/repdom\/2020\/12\/17\/ejecutivos-de-abasaca-visitan-director-provincial-de-deportes\/#breadcrumb\",\"itemListElement\":[{\"@type\":\"ListItem\",\"position\":1,\"name\":\"Portada\",\"item\":\"https:\/\/noti-america.com\/site\/repdom\/\"},{\"@type\":\"ListItem\",\"position\":2,\"name\":\"Ejecutivos de ABASACA visitan director provincial de deportes\"}]},{\"@type\":\"WebSite\",\"@id\":\"https:\/\/noti-america.com\/site\/repdom\/#website\",\"url\":\"https:\/\/noti-america.com\/site\/repdom\/\",\"name\":\"Rep. Dominicana | Noti-America.com\",\"description\":\"\",\"publisher\":{\"@id\":\"https:\/\/noti-america.com\/site\/repdom\/#organization\"},\"potentialAction\":[{\"@type\":\"SearchAction\",\"target\":{\"@type\":\"EntryPoint\",\"urlTemplate\":\"https:\/\/noti-america.com\/site\/repdom\/?s={search_term_string}\"},\"query-input\":{\"@type\":\"PropertyValueSpecification\",\"valueRequired\":true,\"valueName\":\"search_term_string\"}}],\"inLanguage\":\"es\"},{\"@type\":\"Organization\",\"@id\":\"https:\/\/noti-america.com\/site\/repdom\/#organization\",\"name\":\"Noti-America LLC | Rep\u00fablica Dominicana\",\"url\":\"https:\/\/noti-america.com\/site\/repdom\/\",\"logo\":{\"@type\":\"ImageObject\",\"inLanguage\":\"es\",\"@id\":\"https:\/\/noti-america.com\/site\/repdom\/#\/schema\/logo\/image\/\",\"url\":\"https:\/\/noti-america.com\/site\/repdom\/wp-content\/uploads\/sites\/6\/2020\/07\/LogoNA-4x3-1.jpg\",\"contentUrl\":\"https:\/\/noti-america.com\/site\/repdom\/wp-content\/uploads\/sites\/6\/2020\/07\/LogoNA-4x3-1.jpg\",\"width\":1236,\"height\":1080,\"caption\":\"Noti-America LLC | Rep\u00fablica Dominicana\"},\"image\":{\"@id\":\"https:\/\/noti-america.com\/site\/repdom\/#\/schema\/logo\/image\/\"}},{\"@type\":\"Person\",\"@id\":\"https:\/\/noti-america.com\/site\/repdom\/#\/schema\/person\/fd0092c1530d275fabaa5cffcbc2b976\",\"name\":\"Ad\u00e1n Soriano\",\"image\":{\"@type\":\"ImageObject\",\"inLanguage\":\"es\",\"@id\":\"https:\/\/secure.gravatar.com\/avatar\/ecf97ff3aee7ff9efdae670d7e976f3e7e8acc1077e510d73707999a8bfd4467?s=96&d=mm&r=g\",\"url\":\"https:\/\/secure.gravatar.com\/avatar\/ecf97ff3aee7ff9efdae670d7e976f3e7e8acc1077e510d73707999a8bfd4467?s=96&d=mm&r=g\",\"contentUrl\":\"https:\/\/secure.gravatar.com\/avatar\/ecf97ff3aee7ff9efdae670d7e976f3e7e8acc1077e510d73707999a8bfd4467?s=96&d=mm&r=g\",\"caption\":\"Ad\u00e1n Soriano\"},\"description\":\"Soy cronista deportivo con 10 a\u00f1os de experiencia en varios espacios, y conduzco el podcast deportivo llamado Mezcla Deportiva\",\"sameAs\":[\"https:\/\/x.com\/adansoriano\"],\"url\":\"https:\/\/noti-america.com\/site\/repdom\/author\/asoriano\/\"}]}<\/script>\n<!-- \/ Yoast SEO Premium plugin. -->","yoast_head_json":{"title":"Ejecutivos de ABASACA visitan director provincial de deportes - Rep. Dominicana | Noti-America.com","robots":{"index":"index","follow":"follow","max-snippet":"max-snippet:-1","max-image-preview":"max-image-preview:large","max-video-preview":"max-video-preview:-1"},"canonical":"https:\/\/noti-america.com\/site\/repdom\/2020\/12\/17\/ejecutivos-de-abasaca-visitan-director-provincial-de-deportes\/","og_locale":"es_ES","og_type":"article","og_title":"Ejecutivos de ABASACA visitan director provincial de deportes","og_description":"SANTIAGO &#8211; Representantes del Comit\u00e9 Ejecutivo de la\u00a0Asociaci\u00f3n de Baloncesto de Santiago de los Caballeros (ABASACA), encabezados por su\u00a0presidente, Jos\u00e9 Luis Aracena, visitaron en sus oficinas al director provincial de deportes, Tony Pe\u00f1a R.,&#46;&#46;&#46;","og_url":"https:\/\/noti-america.com\/site\/repdom\/2020\/12\/17\/ejecutivos-de-abasaca-visitan-director-provincial-de-deportes\/","og_site_name":"Rep. Dominicana | Noti-America.com","article_published_time":"2020-12-17T15:11:06+00:00","og_image":[{"width":865,"height":375,"url":"https:\/\/noti-america.com\/site\/repdom\/wp-content\/uploads\/sites\/6\/2020\/12\/Nathanael-Pena-Nao-Pena-Jose-Luis-Aracena-Tony-Pena-R-Jorge-Blas-Diaz-y-Heriberto-Cabrera-.jpg","type":"image\/jpeg"}],"author":"Ad\u00e1n Soriano","twitter_card":"summary_large_image","twitter_creator":"@adansoriano","twitter_misc":{"Escrito por":"Ad\u00e1n Soriano","Tiempo estimado de lectura":"2 minutos"},"schema":{"@context":"https:\/\/schema.org","@graph":[{"@type":"Article","@id":"https:\/\/noti-america.com\/site\/repdom\/2020\/12\/17\/ejecutivos-de-abasaca-visitan-director-provincial-de-deportes\/#article","isPartOf":{"@id":"https:\/\/noti-america.com\/site\/repdom\/2020\/12\/17\/ejecutivos-de-abasaca-visitan-director-provincial-de-deportes\/"},"author":{"name":"Ad\u00e1n Soriano","@id":"https:\/\/noti-america.com\/site\/repdom\/#\/schema\/person\/fd0092c1530d275fabaa5cffcbc2b976"},"headline":"Ejecutivos de ABASACA visitan director provincial de deportes","datePublished":"2020-12-17T15:11:06+00:00","mainEntityOfPage":{"@id":"https:\/\/noti-america.com\/site\/repdom\/2020\/12\/17\/ejecutivos-de-abasaca-visitan-director-provincial-de-deportes\/"},"wordCount":409,"commentCount":0,"publisher":{"@id":"https:\/\/noti-america.com\/site\/repdom\/#organization"},"image":{"@id":"https:\/\/noti-america.com\/site\/repdom\/2020\/12\/17\/ejecutivos-de-abasaca-visitan-director-provincial-de-deportes\/#primaryimage"},"thumbnailUrl":"https:\/\/noti-america.com\/site\/repdom\/wp-content\/uploads\/sites\/6\/2020\/12\/Nathanael-Pena-Nao-Pena-Jose-Luis-Aracena-Tony-Pena-R-Jorge-Blas-Diaz-y-Heriberto-Cabrera-.jpg","keywords":["Asociaci\u00f3n de Baloncesto de Santiago de los Caballeros","Baloncesto Dominicano","Jos\u00e9 Luis Aracena","Tony Pe\u00f1a R."],"articleSection":["Deportes"],"inLanguage":"es","potentialAction":[{"@type":"CommentAction","name":"Comment","target":["https:\/\/noti-america.com\/site\/repdom\/2020\/12\/17\/ejecutivos-de-abasaca-visitan-director-provincial-de-deportes\/#respond"]}]},{"@type":"WebPage","@id":"https:\/\/noti-america.com\/site\/repdom\/2020\/12\/17\/ejecutivos-de-abasaca-visitan-director-provincial-de-deportes\/","url":"https:\/\/noti-america.com\/site\/repdom\/2020\/12\/17\/ejecutivos-de-abasaca-visitan-director-provincial-de-deportes\/","name":"Ejecutivos de ABASACA visitan director provincial de deportes - Rep. Dominicana | Noti-America.com","isPartOf":{"@id":"https:\/\/noti-america.com\/site\/repdom\/#website"},"primaryImageOfPage":{"@id":"https:\/\/noti-america.com\/site\/repdom\/2020\/12\/17\/ejecutivos-de-abasaca-visitan-director-provincial-de-deportes\/#primaryimage"},"image":{"@id":"https:\/\/noti-america.com\/site\/repdom\/2020\/12\/17\/ejecutivos-de-abasaca-visitan-director-provincial-de-deportes\/#primaryimage"},"thumbnailUrl":"https:\/\/noti-america.com\/site\/repdom\/wp-content\/uploads\/sites\/6\/2020\/12\/Nathanael-Pena-Nao-Pena-Jose-Luis-Aracena-Tony-Pena-R-Jorge-Blas-Diaz-y-Heriberto-Cabrera-.jpg","datePublished":"2020-12-17T15:11:06+00:00","breadcrumb":{"@id":"https:\/\/noti-america.com\/site\/repdom\/2020\/12\/17\/ejecutivos-de-abasaca-visitan-director-provincial-de-deportes\/#breadcrumb"},"inLanguage":"es","potentialAction":[{"@type":"ReadAction","target":["https:\/\/noti-america.com\/site\/repdom\/2020\/12\/17\/ejecutivos-de-abasaca-visitan-director-provincial-de-deportes\/"]}]},{"@type":"ImageObject","inLanguage":"es","@id":"https:\/\/noti-america.com\/site\/repdom\/2020\/12\/17\/ejecutivos-de-abasaca-visitan-director-provincial-de-deportes\/#primaryimage","url":"https:\/\/noti-america.com\/site\/repdom\/wp-content\/uploads\/sites\/6\/2020\/12\/Nathanael-Pena-Nao-Pena-Jose-Luis-Aracena-Tony-Pena-R-Jorge-Blas-Diaz-y-Heriberto-Cabrera-.jpg","contentUrl":"https:\/\/noti-america.com\/site\/repdom\/wp-content\/uploads\/sites\/6\/2020\/12\/Nathanael-Pena-Nao-Pena-Jose-Luis-Aracena-Tony-Pena-R-Jorge-Blas-Diaz-y-Heriberto-Cabrera-.jpg","width":865,"height":375},{"@type":"BreadcrumbList","@id":"https:\/\/noti-america.com\/site\/repdom\/2020\/12\/17\/ejecutivos-de-abasaca-visitan-director-provincial-de-deportes\/#breadcrumb","itemListElement":[{"@type":"ListItem","position":1,"name":"Portada","item":"https:\/\/noti-america.com\/site\/repdom\/"},{"@type":"ListItem","position":2,"name":"Ejecutivos de ABASACA visitan director provincial de deportes"}]},{"@type":"WebSite","@id":"https:\/\/noti-america.com\/site\/repdom\/#website","url":"https:\/\/noti-america.com\/site\/repdom\/","name":"Rep. Dominicana | Noti-America.com","description":"","publisher":{"@id":"https:\/\/noti-america.com\/site\/repdom\/#organization"},"potentialAction":[{"@type":"SearchAction","target":{"@type":"EntryPoint","urlTemplate":"https:\/\/noti-america.com\/site\/repdom\/?s={search_term_string}"},"query-input":{"@type":"PropertyValueSpecification","valueRequired":true,"valueName":"search_term_string"}}],"inLanguage":"es"},{"@type":"Organization","@id":"https:\/\/noti-america.com\/site\/repdom\/#organization","name":"Noti-America LLC | Rep\u00fablica Dominicana","url":"https:\/\/noti-america.com\/site\/repdom\/","logo":{"@type":"ImageObject","inLanguage":"es","@id":"https:\/\/noti-america.com\/site\/repdom\/#\/schema\/logo\/image\/","url":"https:\/\/noti-america.com\/site\/repdom\/wp-content\/uploads\/sites\/6\/2020\/07\/LogoNA-4x3-1.jpg","contentUrl":"https:\/\/noti-america.com\/site\/repdom\/wp-content\/uploads\/sites\/6\/2020\/07\/LogoNA-4x3-1.jpg","width":1236,"height":1080,"caption":"Noti-America LLC | Rep\u00fablica Dominicana"},"image":{"@id":"https:\/\/noti-america.com\/site\/repdom\/#\/schema\/logo\/image\/"}},{"@type":"Person","@id":"https:\/\/noti-america.com\/site\/repdom\/#\/schema\/person\/fd0092c1530d275fabaa5cffcbc2b976","name":"Ad\u00e1n Soriano","image":{"@type":"ImageObject","inLanguage":"es","@id":"https:\/\/secure.gravatar.com\/avatar\/ecf97ff3aee7ff9efdae670d7e976f3e7e8acc1077e510d73707999a8bfd4467?s=96&d=mm&r=g","url":"https:\/\/secure.gravatar.com\/avatar\/ecf97ff3aee7ff9efdae670d7e976f3e7e8acc1077e510d73707999a8bfd4467?s=96&d=mm&r=g","contentUrl":"https:\/\/secure.gravatar.com\/avatar\/ecf97ff3aee7ff9efdae670d7e976f3e7e8acc1077e510d73707999a8bfd4467?s=96&d=mm&r=g","caption":"Ad\u00e1n Soriano"},"description":"Soy cronista deportivo con 10 a\u00f1os de experiencia en varios espacios, y conduzco el podcast deportivo llamado Mezcla Deportiva","sameAs":["https:\/\/x.com\/adansoriano"],"url":"https:\/\/noti-america.com\/site\/repdom\/author\/asoriano\/"}]}},"_links":{"self":[{"href":"https:\/\/noti-america.com\/site\/repdom\/wp-json\/wp\/v2\/posts\/6999","targetHints":{"allow":["GET"]}}],"collection":[{"href":"https:\/\/noti-america.com\/site\/repdom\/wp-json\/wp\/v2\/posts"}],"about":[{"href":"https:\/\/noti-america.com\/site\/repdom\/wp-json\/wp\/v2\/types\/post"}],"author":[{"embeddable":true,"href":"https:\/\/noti-america.com\/site\/repdom\/wp-json\/wp\/v2\/users\/89"}],"replies":[{"embeddable":true,"href":"https:\/\/noti-america.com\/site\/repdom\/wp-json\/wp\/v2\/comments?post=6999"}],"version-history":[{"count":1,"href":"https:\/\/noti-america.com\/site\/repdom\/wp-json\/wp\/v2\/posts\/6999\/revisions"}],"predecessor-version":[{"id":7001,"href":"https:\/\/noti-america.com\/site\/repdom\/wp-json\/wp\/v2\/posts\/6999\/revisions\/7001"}],"wp:featuredmedia":[{"embeddable":true,"href":"https:\/\/noti-america.com\/site\/repdom\/wp-json\/wp\/v2\/media\/7000"}],"wp:attachment":[{"href":"https:\/\/noti-america.com\/site\/repdom\/wp-json\/wp\/v2\/media?parent=6999"}],"wp:term":[{"taxonomy":"category","embeddable":true,"href":"https:\/\/noti-america.com\/site\/repdom\/wp-json\/wp\/v2\/categories?post=6999"},{"taxonomy":"post_tag","embeddable":true,"href":"https:\/\/noti-america.com\/site\/repdom\/wp-json\/wp\/v2\/tags?post=6999"}],"curies":[{"name":"wp","href":"https:\/\/api.w.org\/{rel}","templated":true}]}}