{"id":6824,"date":"2020-12-14T03:41:09","date_gmt":"2020-12-14T03:41:09","guid":{"rendered":"https:\/\/noti-america.com\/site\/repdom\/?p=6824"},"modified":"2020-12-14T03:41:09","modified_gmt":"2020-12-14T03:41:09","slug":"la-ruta-navidena-2020-de-la-alcaldia-del-distrito-nacional-recorrera-los-barrios-del-distrito-nacional","status":"publish","type":"post","link":"https:\/\/noti-america.com\/site\/repdom\/2020\/12\/14\/la-ruta-navidena-2020-de-la-alcaldia-del-distrito-nacional-recorrera-los-barrios-del-distrito-nacional\/","title":{"rendered":"La Ruta Navide\u00f1a 2020 de la Alcald\u00eda del Distrito Nacional recorrer\u00e1 los barrios del Distrito Nacional"},"content":{"rendered":"<p style=\"text-align: justify\">Santo Domingo, D.N.- La Alcald\u00eda del Distrito Nacional llevar\u00e1 la Ruta Navide\u00f1a 2020 por los distintos barrios y sectores de la ciudad.<\/p>\n<p style=\"text-align: justify\">El recorrido de la caravana festiva se efectuar\u00e1 sin paradas para evitar aglomeraciones de personas, y que, a su vez LLEVAR A LOS los ciudadanos LA ESPERANZA que brinda la navidad en un momento tan dif\u00edcil como el que estamos viviendo.<\/p>\n<p style=\"text-align: justify\">La caravana estar\u00e1 integrada por 12 motores, decorados alusivos a la navidad; acompa\u00f1ados de los Reyes Magos, Santa Claus, \u00c1ngeles, Pastores y m\u00fasica.<\/p>\n<p style=\"text-align: justify\">En la programaci\u00f3n se tiene pautado que la caravana recorrer\u00e1 12 rutas distribuidas en los 42 barrios de la ciudad, iniciando en el Parque Iberoam\u00e9rica a la 5:00 de la tarde.<\/p>\n<p style=\"text-align: justify\">La primera ruta recorrer\u00e1 la Circunscripci\u00f3n n\u00famero Tres, entrando por el Ensanche Espaillat, luego seguir\u00e1 por Gualey, Los Guandules, Guachupita, la Ci\u00e9naga y los dem\u00e1s.<\/p>\n<p style=\"text-align: justify\">La Ruta Navide\u00f1a destaca el inter\u00e9s de la alcaldesa Carolina Mej\u00eda porque la gente pueda disfrutar de los valores, la solidaridad, el amor y la alegr\u00eda que irradia esta \u00e9poca del a\u00f1o, pero acompa\u00f1ado de un mensaje de auto cuidado, con el lavado de las manos, el uso de la mascarilla y el distanciamiento social.<\/p>\n<p style=\"text-align: justify\">La navidad nos trae el momento perfecto para infundir alegr\u00eda y esperanza a toda la poblaci\u00f3n, incluyendo a quienes residen en las zonas m\u00e1s apartadas de la ciudad.<\/p>\n<p style=\"text-align: justify\">ADN<\/p>\n","protected":false},"excerpt":{"rendered":"<p>Santo Domingo, D.N.- La Alcald\u00eda del Distrito Nacional llevar\u00e1 la Ruta Navide\u00f1a 2020 por los distintos barrios y sectores de la ciudad. El recorrido de la caravana festiva se efectuar\u00e1 sin paradas para evitar&#46;&#46;&#46;<\/p>\n","protected":false},"author":99,"featured_media":6825,"comment_status":"open","ping_status":"open","sticky":false,"template":"","format":"gallery","meta":{"_acf_changed":false,"rop_custom_images_group":[],"rop_custom_messages_group":[],"rop_publish_now":"initial","rop_publish_now_accounts":[],"rop_publish_now_history":[],"rop_publish_now_status":"pending","footnotes":""},"categories":[10],"tags":[596],"class_list":["post-6824","post","type-post","status-publish","format-gallery","has-post-thumbnail","hentry","category-actualidad","tag-notianne-aquienrd-rdlotienetodo-notiamericard","post_format-post-format-gallery"],"acf":[],"yoast_head":"<!-- This site is optimized with the Yoast SEO Premium plugin v24.9 (Yoast SEO v27.2) - https:\/\/yoast.com\/product\/yoast-seo-premium-wordpress\/ -->\n<title>La Ruta Navide\u00f1a 2020 de la Alcald\u00eda del Distrito Nacional recorrer\u00e1 los barrios del Distrito Nacional - Rep. Dominicana | Noti-America.com<\/title>\n<meta name=\"robots\" content=\"index, follow, max-snippet:-1, max-image-preview:large, max-video-preview:-1\" \/>\n<link rel=\"canonical\" href=\"https:\/\/noti-america.com\/site\/repdom\/2020\/12\/14\/la-ruta-navidena-2020-de-la-alcaldia-del-distrito-nacional-recorrera-los-barrios-del-distrito-nacional\/\" \/>\n<meta property=\"og:locale\" content=\"es_ES\" \/>\n<meta property=\"og:type\" content=\"article\" \/>\n<meta property=\"og:title\" content=\"La Ruta Navide\u00f1a 2020 de la Alcald\u00eda del Distrito Nacional recorrer\u00e1 los barrios del Distrito Nacional\" \/>\n<meta property=\"og:description\" content=\"Santo Domingo, D.N.- La Alcald\u00eda del Distrito Nacional llevar\u00e1 la Ruta Navide\u00f1a 2020 por los distintos barrios y sectores de la ciudad. El recorrido de la caravana festiva se efectuar\u00e1 sin paradas para evitar&#046;&#046;&#046;\" \/>\n<meta property=\"og:url\" content=\"https:\/\/noti-america.com\/site\/repdom\/2020\/12\/14\/la-ruta-navidena-2020-de-la-alcaldia-del-distrito-nacional-recorrera-los-barrios-del-distrito-nacional\/\" \/>\n<meta property=\"og:site_name\" content=\"Rep. Dominicana | Noti-America.com\" \/>\n<meta property=\"article:published_time\" content=\"2020-12-14T03:41:09+00:00\" \/>\n<meta property=\"og:image\" content=\"https:\/\/noti-america.com\/site\/repdom\/wp-content\/uploads\/sites\/6\/2020\/12\/a5b3796f-alcaldia-distrito-nacional-5fd3e938c284b-640x480-1.jpg\" \/>\n\t<meta property=\"og:image:width\" content=\"640\" \/>\n\t<meta property=\"og:image:height\" content=\"480\" \/>\n\t<meta property=\"og:image:type\" content=\"image\/jpeg\" \/>\n<meta name=\"author\" content=\"Ann\u00e9 Cruz\" \/>\n<meta name=\"twitter:card\" content=\"summary_large_image\" \/>\n<meta name=\"twitter:label1\" content=\"Escrito por\" \/>\n\t<meta name=\"twitter:data1\" content=\"Ann\u00e9 Cruz\" \/>\n\t<meta name=\"twitter:label2\" content=\"Tiempo estimado de lectura\" \/>\n\t<meta name=\"twitter:data2\" content=\"1 minuto\" \/>\n<script type=\"application\/ld+json\" class=\"yoast-schema-graph\">{\"@context\":\"https:\/\/schema.org\",\"@graph\":[{\"@type\":\"Article\",\"@id\":\"https:\/\/noti-america.com\/site\/repdom\/2020\/12\/14\/la-ruta-navidena-2020-de-la-alcaldia-del-distrito-nacional-recorrera-los-barrios-del-distrito-nacional\/#article\",\"isPartOf\":{\"@id\":\"https:\/\/noti-america.com\/site\/repdom\/2020\/12\/14\/la-ruta-navidena-2020-de-la-alcaldia-del-distrito-nacional-recorrera-los-barrios-del-distrito-nacional\/\"},\"author\":{\"name\":\"Ann\u00e9 Cruz\",\"@id\":\"https:\/\/noti-america.com\/site\/repdom\/#\/schema\/person\/01b6a5fcca2b30bc220da2842f0b6060\"},\"headline\":\"La Ruta Navide\u00f1a 2020 de la Alcald\u00eda del Distrito Nacional recorrer\u00e1 los barrios del Distrito Nacional\",\"datePublished\":\"2020-12-14T03:41:09+00:00\",\"mainEntityOfPage\":{\"@id\":\"https:\/\/noti-america.com\/site\/repdom\/2020\/12\/14\/la-ruta-navidena-2020-de-la-alcaldia-del-distrito-nacional-recorrera-los-barrios-del-distrito-nacional\/\"},\"wordCount\":260,\"commentCount\":0,\"publisher\":{\"@id\":\"https:\/\/noti-america.com\/site\/repdom\/#organization\"},\"image\":{\"@id\":\"https:\/\/noti-america.com\/site\/repdom\/2020\/12\/14\/la-ruta-navidena-2020-de-la-alcaldia-del-distrito-nacional-recorrera-los-barrios-del-distrito-nacional\/#primaryimage\"},\"thumbnailUrl\":\"https:\/\/noti-america.com\/site\/repdom\/wp-content\/uploads\/sites\/6\/2020\/12\/a5b3796f-alcaldia-distrito-nacional-5fd3e938c284b-640x480-1.jpg\",\"keywords\":[\"#notianne #aqu\u00edenRD #RDlotienetodo #notiamericard\"],\"articleSection\":[\"Actualidad\"],\"inLanguage\":\"es\",\"potentialAction\":[{\"@type\":\"CommentAction\",\"name\":\"Comment\",\"target\":[\"https:\/\/noti-america.com\/site\/repdom\/2020\/12\/14\/la-ruta-navidena-2020-de-la-alcaldia-del-distrito-nacional-recorrera-los-barrios-del-distrito-nacional\/#respond\"]}]},{\"@type\":\"WebPage\",\"@id\":\"https:\/\/noti-america.com\/site\/repdom\/2020\/12\/14\/la-ruta-navidena-2020-de-la-alcaldia-del-distrito-nacional-recorrera-los-barrios-del-distrito-nacional\/\",\"url\":\"https:\/\/noti-america.com\/site\/repdom\/2020\/12\/14\/la-ruta-navidena-2020-de-la-alcaldia-del-distrito-nacional-recorrera-los-barrios-del-distrito-nacional\/\",\"name\":\"La Ruta Navide\u00f1a 2020 de la Alcald\u00eda del Distrito Nacional recorrer\u00e1 los barrios del Distrito Nacional - Rep. Dominicana | Noti-America.com\",\"isPartOf\":{\"@id\":\"https:\/\/noti-america.com\/site\/repdom\/#website\"},\"primaryImageOfPage\":{\"@id\":\"https:\/\/noti-america.com\/site\/repdom\/2020\/12\/14\/la-ruta-navidena-2020-de-la-alcaldia-del-distrito-nacional-recorrera-los-barrios-del-distrito-nacional\/#primaryimage\"},\"image\":{\"@id\":\"https:\/\/noti-america.com\/site\/repdom\/2020\/12\/14\/la-ruta-navidena-2020-de-la-alcaldia-del-distrito-nacional-recorrera-los-barrios-del-distrito-nacional\/#primaryimage\"},\"thumbnailUrl\":\"https:\/\/noti-america.com\/site\/repdom\/wp-content\/uploads\/sites\/6\/2020\/12\/a5b3796f-alcaldia-distrito-nacional-5fd3e938c284b-640x480-1.jpg\",\"datePublished\":\"2020-12-14T03:41:09+00:00\",\"breadcrumb\":{\"@id\":\"https:\/\/noti-america.com\/site\/repdom\/2020\/12\/14\/la-ruta-navidena-2020-de-la-alcaldia-del-distrito-nacional-recorrera-los-barrios-del-distrito-nacional\/#breadcrumb\"},\"inLanguage\":\"es\",\"potentialAction\":[{\"@type\":\"ReadAction\",\"target\":[\"https:\/\/noti-america.com\/site\/repdom\/2020\/12\/14\/la-ruta-navidena-2020-de-la-alcaldia-del-distrito-nacional-recorrera-los-barrios-del-distrito-nacional\/\"]}]},{\"@type\":\"ImageObject\",\"inLanguage\":\"es\",\"@id\":\"https:\/\/noti-america.com\/site\/repdom\/2020\/12\/14\/la-ruta-navidena-2020-de-la-alcaldia-del-distrito-nacional-recorrera-los-barrios-del-distrito-nacional\/#primaryimage\",\"url\":\"https:\/\/noti-america.com\/site\/repdom\/wp-content\/uploads\/sites\/6\/2020\/12\/a5b3796f-alcaldia-distrito-nacional-5fd3e938c284b-640x480-1.jpg\",\"contentUrl\":\"https:\/\/noti-america.com\/site\/repdom\/wp-content\/uploads\/sites\/6\/2020\/12\/a5b3796f-alcaldia-distrito-nacional-5fd3e938c284b-640x480-1.jpg\",\"width\":640,\"height\":480},{\"@type\":\"BreadcrumbList\",\"@id\":\"https:\/\/noti-america.com\/site\/repdom\/2020\/12\/14\/la-ruta-navidena-2020-de-la-alcaldia-del-distrito-nacional-recorrera-los-barrios-del-distrito-nacional\/#breadcrumb\",\"itemListElement\":[{\"@type\":\"ListItem\",\"position\":1,\"name\":\"Portada\",\"item\":\"https:\/\/noti-america.com\/site\/repdom\/\"},{\"@type\":\"ListItem\",\"position\":2,\"name\":\"La Ruta Navide\u00f1a 2020 de la Alcald\u00eda del Distrito Nacional recorrer\u00e1 los barrios del Distrito Nacional\"}]},{\"@type\":\"WebSite\",\"@id\":\"https:\/\/noti-america.com\/site\/repdom\/#website\",\"url\":\"https:\/\/noti-america.com\/site\/repdom\/\",\"name\":\"Rep. Dominicana | Noti-America.com\",\"description\":\"\",\"publisher\":{\"@id\":\"https:\/\/noti-america.com\/site\/repdom\/#organization\"},\"potentialAction\":[{\"@type\":\"SearchAction\",\"target\":{\"@type\":\"EntryPoint\",\"urlTemplate\":\"https:\/\/noti-america.com\/site\/repdom\/?s={search_term_string}\"},\"query-input\":{\"@type\":\"PropertyValueSpecification\",\"valueRequired\":true,\"valueName\":\"search_term_string\"}}],\"inLanguage\":\"es\"},{\"@type\":\"Organization\",\"@id\":\"https:\/\/noti-america.com\/site\/repdom\/#organization\",\"name\":\"Noti-America LLC | Rep\u00fablica Dominicana\",\"url\":\"https:\/\/noti-america.com\/site\/repdom\/\",\"logo\":{\"@type\":\"ImageObject\",\"inLanguage\":\"es\",\"@id\":\"https:\/\/noti-america.com\/site\/repdom\/#\/schema\/logo\/image\/\",\"url\":\"https:\/\/noti-america.com\/site\/repdom\/wp-content\/uploads\/sites\/6\/2020\/07\/LogoNA-4x3-1.jpg\",\"contentUrl\":\"https:\/\/noti-america.com\/site\/repdom\/wp-content\/uploads\/sites\/6\/2020\/07\/LogoNA-4x3-1.jpg\",\"width\":1236,\"height\":1080,\"caption\":\"Noti-America LLC | Rep\u00fablica Dominicana\"},\"image\":{\"@id\":\"https:\/\/noti-america.com\/site\/repdom\/#\/schema\/logo\/image\/\"}},{\"@type\":\"Person\",\"@id\":\"https:\/\/noti-america.com\/site\/repdom\/#\/schema\/person\/01b6a5fcca2b30bc220da2842f0b6060\",\"name\":\"Ann\u00e9 Cruz\",\"image\":{\"@type\":\"ImageObject\",\"inLanguage\":\"es\",\"@id\":\"https:\/\/secure.gravatar.com\/avatar\/f5aaeb3fd16b65f7d601dd99d7f1dcaaf7065ea361b219976bcf5d43d0980e1b?s=96&d=mm&r=g\",\"url\":\"https:\/\/secure.gravatar.com\/avatar\/f5aaeb3fd16b65f7d601dd99d7f1dcaaf7065ea361b219976bcf5d43d0980e1b?s=96&d=mm&r=g\",\"contentUrl\":\"https:\/\/secure.gravatar.com\/avatar\/f5aaeb3fd16b65f7d601dd99d7f1dcaaf7065ea361b219976bcf5d43d0980e1b?s=96&d=mm&r=g\",\"caption\":\"Ann\u00e9 Cruz\"},\"description\":\"Emprendedora, publirrelacionista y periodista especializada en Comunicaci\u00f3n Pol\u00edtica e Institucional.\",\"url\":\"https:\/\/noti-america.com\/site\/repdom\/author\/adelacruz\/\"}]}<\/script>\n<!-- \/ Yoast SEO Premium plugin. -->","yoast_head_json":{"title":"La Ruta Navide\u00f1a 2020 de la Alcald\u00eda del Distrito Nacional recorrer\u00e1 los barrios del Distrito Nacional - Rep. Dominicana | Noti-America.com","robots":{"index":"index","follow":"follow","max-snippet":"max-snippet:-1","max-image-preview":"max-image-preview:large","max-video-preview":"max-video-preview:-1"},"canonical":"https:\/\/noti-america.com\/site\/repdom\/2020\/12\/14\/la-ruta-navidena-2020-de-la-alcaldia-del-distrito-nacional-recorrera-los-barrios-del-distrito-nacional\/","og_locale":"es_ES","og_type":"article","og_title":"La Ruta Navide\u00f1a 2020 de la Alcald\u00eda del Distrito Nacional recorrer\u00e1 los barrios del Distrito Nacional","og_description":"Santo Domingo, D.N.- La Alcald\u00eda del Distrito Nacional llevar\u00e1 la Ruta Navide\u00f1a 2020 por los distintos barrios y sectores de la ciudad. El recorrido de la caravana festiva se efectuar\u00e1 sin paradas para evitar&#46;&#46;&#46;","og_url":"https:\/\/noti-america.com\/site\/repdom\/2020\/12\/14\/la-ruta-navidena-2020-de-la-alcaldia-del-distrito-nacional-recorrera-los-barrios-del-distrito-nacional\/","og_site_name":"Rep. Dominicana | Noti-America.com","article_published_time":"2020-12-14T03:41:09+00:00","og_image":[{"width":640,"height":480,"url":"https:\/\/noti-america.com\/site\/repdom\/wp-content\/uploads\/sites\/6\/2020\/12\/a5b3796f-alcaldia-distrito-nacional-5fd3e938c284b-640x480-1.jpg","type":"image\/jpeg"}],"author":"Ann\u00e9 Cruz","twitter_card":"summary_large_image","twitter_misc":{"Escrito por":"Ann\u00e9 Cruz","Tiempo estimado de lectura":"1 minuto"},"schema":{"@context":"https:\/\/schema.org","@graph":[{"@type":"Article","@id":"https:\/\/noti-america.com\/site\/repdom\/2020\/12\/14\/la-ruta-navidena-2020-de-la-alcaldia-del-distrito-nacional-recorrera-los-barrios-del-distrito-nacional\/#article","isPartOf":{"@id":"https:\/\/noti-america.com\/site\/repdom\/2020\/12\/14\/la-ruta-navidena-2020-de-la-alcaldia-del-distrito-nacional-recorrera-los-barrios-del-distrito-nacional\/"},"author":{"name":"Ann\u00e9 Cruz","@id":"https:\/\/noti-america.com\/site\/repdom\/#\/schema\/person\/01b6a5fcca2b30bc220da2842f0b6060"},"headline":"La Ruta Navide\u00f1a 2020 de la Alcald\u00eda del Distrito Nacional recorrer\u00e1 los barrios del Distrito Nacional","datePublished":"2020-12-14T03:41:09+00:00","mainEntityOfPage":{"@id":"https:\/\/noti-america.com\/site\/repdom\/2020\/12\/14\/la-ruta-navidena-2020-de-la-alcaldia-del-distrito-nacional-recorrera-los-barrios-del-distrito-nacional\/"},"wordCount":260,"commentCount":0,"publisher":{"@id":"https:\/\/noti-america.com\/site\/repdom\/#organization"},"image":{"@id":"https:\/\/noti-america.com\/site\/repdom\/2020\/12\/14\/la-ruta-navidena-2020-de-la-alcaldia-del-distrito-nacional-recorrera-los-barrios-del-distrito-nacional\/#primaryimage"},"thumbnailUrl":"https:\/\/noti-america.com\/site\/repdom\/wp-content\/uploads\/sites\/6\/2020\/12\/a5b3796f-alcaldia-distrito-nacional-5fd3e938c284b-640x480-1.jpg","keywords":["#notianne #aqu\u00edenRD #RDlotienetodo #notiamericard"],"articleSection":["Actualidad"],"inLanguage":"es","potentialAction":[{"@type":"CommentAction","name":"Comment","target":["https:\/\/noti-america.com\/site\/repdom\/2020\/12\/14\/la-ruta-navidena-2020-de-la-alcaldia-del-distrito-nacional-recorrera-los-barrios-del-distrito-nacional\/#respond"]}]},{"@type":"WebPage","@id":"https:\/\/noti-america.com\/site\/repdom\/2020\/12\/14\/la-ruta-navidena-2020-de-la-alcaldia-del-distrito-nacional-recorrera-los-barrios-del-distrito-nacional\/","url":"https:\/\/noti-america.com\/site\/repdom\/2020\/12\/14\/la-ruta-navidena-2020-de-la-alcaldia-del-distrito-nacional-recorrera-los-barrios-del-distrito-nacional\/","name":"La Ruta Navide\u00f1a 2020 de la Alcald\u00eda del Distrito Nacional recorrer\u00e1 los barrios del Distrito Nacional - Rep. Dominicana | Noti-America.com","isPartOf":{"@id":"https:\/\/noti-america.com\/site\/repdom\/#website"},"primaryImageOfPage":{"@id":"https:\/\/noti-america.com\/site\/repdom\/2020\/12\/14\/la-ruta-navidena-2020-de-la-alcaldia-del-distrito-nacional-recorrera-los-barrios-del-distrito-nacional\/#primaryimage"},"image":{"@id":"https:\/\/noti-america.com\/site\/repdom\/2020\/12\/14\/la-ruta-navidena-2020-de-la-alcaldia-del-distrito-nacional-recorrera-los-barrios-del-distrito-nacional\/#primaryimage"},"thumbnailUrl":"https:\/\/noti-america.com\/site\/repdom\/wp-content\/uploads\/sites\/6\/2020\/12\/a5b3796f-alcaldia-distrito-nacional-5fd3e938c284b-640x480-1.jpg","datePublished":"2020-12-14T03:41:09+00:00","breadcrumb":{"@id":"https:\/\/noti-america.com\/site\/repdom\/2020\/12\/14\/la-ruta-navidena-2020-de-la-alcaldia-del-distrito-nacional-recorrera-los-barrios-del-distrito-nacional\/#breadcrumb"},"inLanguage":"es","potentialAction":[{"@type":"ReadAction","target":["https:\/\/noti-america.com\/site\/repdom\/2020\/12\/14\/la-ruta-navidena-2020-de-la-alcaldia-del-distrito-nacional-recorrera-los-barrios-del-distrito-nacional\/"]}]},{"@type":"ImageObject","inLanguage":"es","@id":"https:\/\/noti-america.com\/site\/repdom\/2020\/12\/14\/la-ruta-navidena-2020-de-la-alcaldia-del-distrito-nacional-recorrera-los-barrios-del-distrito-nacional\/#primaryimage","url":"https:\/\/noti-america.com\/site\/repdom\/wp-content\/uploads\/sites\/6\/2020\/12\/a5b3796f-alcaldia-distrito-nacional-5fd3e938c284b-640x480-1.jpg","contentUrl":"https:\/\/noti-america.com\/site\/repdom\/wp-content\/uploads\/sites\/6\/2020\/12\/a5b3796f-alcaldia-distrito-nacional-5fd3e938c284b-640x480-1.jpg","width":640,"height":480},{"@type":"BreadcrumbList","@id":"https:\/\/noti-america.com\/site\/repdom\/2020\/12\/14\/la-ruta-navidena-2020-de-la-alcaldia-del-distrito-nacional-recorrera-los-barrios-del-distrito-nacional\/#breadcrumb","itemListElement":[{"@type":"ListItem","position":1,"name":"Portada","item":"https:\/\/noti-america.com\/site\/repdom\/"},{"@type":"ListItem","position":2,"name":"La Ruta Navide\u00f1a 2020 de la Alcald\u00eda del Distrito Nacional recorrer\u00e1 los barrios del Distrito Nacional"}]},{"@type":"WebSite","@id":"https:\/\/noti-america.com\/site\/repdom\/#website","url":"https:\/\/noti-america.com\/site\/repdom\/","name":"Rep. Dominicana | Noti-America.com","description":"","publisher":{"@id":"https:\/\/noti-america.com\/site\/repdom\/#organization"},"potentialAction":[{"@type":"SearchAction","target":{"@type":"EntryPoint","urlTemplate":"https:\/\/noti-america.com\/site\/repdom\/?s={search_term_string}"},"query-input":{"@type":"PropertyValueSpecification","valueRequired":true,"valueName":"search_term_string"}}],"inLanguage":"es"},{"@type":"Organization","@id":"https:\/\/noti-america.com\/site\/repdom\/#organization","name":"Noti-America LLC | Rep\u00fablica Dominicana","url":"https:\/\/noti-america.com\/site\/repdom\/","logo":{"@type":"ImageObject","inLanguage":"es","@id":"https:\/\/noti-america.com\/site\/repdom\/#\/schema\/logo\/image\/","url":"https:\/\/noti-america.com\/site\/repdom\/wp-content\/uploads\/sites\/6\/2020\/07\/LogoNA-4x3-1.jpg","contentUrl":"https:\/\/noti-america.com\/site\/repdom\/wp-content\/uploads\/sites\/6\/2020\/07\/LogoNA-4x3-1.jpg","width":1236,"height":1080,"caption":"Noti-America LLC | Rep\u00fablica Dominicana"},"image":{"@id":"https:\/\/noti-america.com\/site\/repdom\/#\/schema\/logo\/image\/"}},{"@type":"Person","@id":"https:\/\/noti-america.com\/site\/repdom\/#\/schema\/person\/01b6a5fcca2b30bc220da2842f0b6060","name":"Ann\u00e9 Cruz","image":{"@type":"ImageObject","inLanguage":"es","@id":"https:\/\/secure.gravatar.com\/avatar\/f5aaeb3fd16b65f7d601dd99d7f1dcaaf7065ea361b219976bcf5d43d0980e1b?s=96&d=mm&r=g","url":"https:\/\/secure.gravatar.com\/avatar\/f5aaeb3fd16b65f7d601dd99d7f1dcaaf7065ea361b219976bcf5d43d0980e1b?s=96&d=mm&r=g","contentUrl":"https:\/\/secure.gravatar.com\/avatar\/f5aaeb3fd16b65f7d601dd99d7f1dcaaf7065ea361b219976bcf5d43d0980e1b?s=96&d=mm&r=g","caption":"Ann\u00e9 Cruz"},"description":"Emprendedora, publirrelacionista y periodista especializada en Comunicaci\u00f3n Pol\u00edtica e Institucional.","url":"https:\/\/noti-america.com\/site\/repdom\/author\/adelacruz\/"}]}},"_links":{"self":[{"href":"https:\/\/noti-america.com\/site\/repdom\/wp-json\/wp\/v2\/posts\/6824","targetHints":{"allow":["GET"]}}],"collection":[{"href":"https:\/\/noti-america.com\/site\/repdom\/wp-json\/wp\/v2\/posts"}],"about":[{"href":"https:\/\/noti-america.com\/site\/repdom\/wp-json\/wp\/v2\/types\/post"}],"author":[{"embeddable":true,"href":"https:\/\/noti-america.com\/site\/repdom\/wp-json\/wp\/v2\/users\/99"}],"replies":[{"embeddable":true,"href":"https:\/\/noti-america.com\/site\/repdom\/wp-json\/wp\/v2\/comments?post=6824"}],"version-history":[{"count":1,"href":"https:\/\/noti-america.com\/site\/repdom\/wp-json\/wp\/v2\/posts\/6824\/revisions"}],"predecessor-version":[{"id":6826,"href":"https:\/\/noti-america.com\/site\/repdom\/wp-json\/wp\/v2\/posts\/6824\/revisions\/6826"}],"wp:featuredmedia":[{"embeddable":true,"href":"https:\/\/noti-america.com\/site\/repdom\/wp-json\/wp\/v2\/media\/6825"}],"wp:attachment":[{"href":"https:\/\/noti-america.com\/site\/repdom\/wp-json\/wp\/v2\/media?parent=6824"}],"wp:term":[{"taxonomy":"category","embeddable":true,"href":"https:\/\/noti-america.com\/site\/repdom\/wp-json\/wp\/v2\/categories?post=6824"},{"taxonomy":"post_tag","embeddable":true,"href":"https:\/\/noti-america.com\/site\/repdom\/wp-json\/wp\/v2\/tags?post=6824"}],"curies":[{"name":"wp","href":"https:\/\/api.w.org\/{rel}","templated":true}]}}