{"id":6817,"date":"2020-12-14T03:30:39","date_gmt":"2020-12-14T03:30:39","guid":{"rendered":"https:\/\/noti-america.com\/site\/repdom\/?p=6817"},"modified":"2020-12-14T03:30:39","modified_gmt":"2020-12-14T03:30:39","slug":"alcaldia-del-distrito-nacional-lanza-amplio-operativo-de-aseo-en-la-capital","status":"publish","type":"post","link":"https:\/\/noti-america.com\/site\/repdom\/2020\/12\/14\/alcaldia-del-distrito-nacional-lanza-amplio-operativo-de-aseo-en-la-capital\/","title":{"rendered":"Alcald\u00eda del Distrito Nacional lanza amplio operativo de aseo en la capital"},"content":{"rendered":"<p style=\"text-align: center\"><em>655 colaboradores de Aseo Urbano, Gesti\u00f3n Ambiental y los Bomberos se desplegaron este fin de semana.<\/em><em>\u00a0<\/em><\/p>\n<p style=\"text-align: justify\">Santo Domingo, D.N.- Durante este fin de semana la alcald\u00eda del Distrito Nacional despleg\u00f3 un amplio operativo de limpieza en las tres circunscripciones con cientos de colaboradores que fueron integrados a los trabajos como refuerzo de los equipos que tradicionalmente hacen estas labores.<\/p>\n<p style=\"text-align: justify\">El operativo fue ejecutado por las Direcciones de Aseo Urbano, Gesti\u00f3n Ambiental y el Cuerpo de Bomberos del Distrito Nacional, quienes utilizaron equipos pesados de diversas gamas para eficientizar las labores.<\/p>\n<p style=\"text-align: justify\">En la Circunscripci\u00f3n Uno la brigada de 255 colaboradores de aseo y 46 camiones, en la Dos trabajaron con 240 trabajadores y 35 recolectores y en la Tres un personal superior a las 200 personas y 40 camiones.<\/p>\n<p style=\"text-align: justify\">Durante las labores de limpieza las brigadas sacaron toneladas de basura y escombros, realizaron mantenimiento de \u00e1reas verdes, recogieron vertederos improvisados y los fiscalizaron.<\/p>\n<p style=\"text-align: justify\">La alcaldesa Carolina Mej\u00eda instruy\u00f3 que en el operativo se incluya los mercados, las principales arterias comerciales de la ciudad como la avenida Duarte, Jos\u00e9 Mart\u00ed, el Conde, la Ciudad Colonial, las avenidas Churchill, Lincoln e Independencia, el Malec\u00f3n y otros puntos tradicionalmente de alta circulaci\u00f3n.<\/p>\n<p style=\"text-align: justify\">La funcionaria expres\u00f3 que estos operativos de limpieza se realizan cada cierto tiempo, adem\u00e1s de garantizar a diario las rutas de los camiones recolectores, como forma de que la ciudad est\u00e9 siempre aseada.<\/p>\n<p style=\"text-align: justify\">La primera ejecutiva de la ciudad inst\u00f3 a los residentes en la ciudad a denunciar ante esta instituci\u00f3n cualquier vertedero improvisado que les afecte, porque el ADN tiene el compromiso de que la ciudad se mantenga limpia, siempre con el respaldo de una ciudadan\u00eda que coopera.<\/p>\n<p>ADN<\/p>\n","protected":false},"excerpt":{"rendered":"<p>655 colaboradores de Aseo Urbano, Gesti\u00f3n Ambiental y los Bomberos se desplegaron este fin de semana.\u00a0 Santo Domingo, D.N.- Durante este fin de semana la alcald\u00eda del Distrito Nacional despleg\u00f3 un amplio operativo de&#46;&#46;&#46;<\/p>\n","protected":false},"author":99,"featured_media":6819,"comment_status":"open","ping_status":"open","sticky":false,"template":"","format":"gallery","meta":{"_acf_changed":false,"rop_custom_images_group":[],"rop_custom_messages_group":[],"rop_publish_now":"initial","rop_publish_now_accounts":[],"rop_publish_now_history":[],"rop_publish_now_status":"pending","footnotes":""},"categories":[10],"tags":[596],"class_list":["post-6817","post","type-post","status-publish","format-gallery","has-post-thumbnail","hentry","category-actualidad","tag-notianne-aquienrd-rdlotienetodo-notiamericard","post_format-post-format-gallery"],"acf":[],"yoast_head":"<!-- This site is optimized with the Yoast SEO Premium plugin v24.9 (Yoast SEO v27.2) - https:\/\/yoast.com\/product\/yoast-seo-premium-wordpress\/ -->\n<title>Alcald\u00eda del Distrito Nacional lanza amplio operativo de aseo en la capital - Rep. Dominicana | Noti-America.com<\/title>\n<meta name=\"robots\" content=\"index, follow, max-snippet:-1, max-image-preview:large, max-video-preview:-1\" \/>\n<link rel=\"canonical\" href=\"https:\/\/noti-america.com\/site\/repdom\/2020\/12\/14\/alcaldia-del-distrito-nacional-lanza-amplio-operativo-de-aseo-en-la-capital\/\" \/>\n<meta property=\"og:locale\" content=\"es_ES\" \/>\n<meta property=\"og:type\" content=\"article\" \/>\n<meta property=\"og:title\" content=\"Alcald\u00eda del Distrito Nacional lanza amplio operativo de aseo en la capital\" \/>\n<meta property=\"og:description\" content=\"655 colaboradores de Aseo Urbano, Gesti\u00f3n Ambiental y los Bomberos se desplegaron este fin de semana.\u00a0 Santo Domingo, D.N.- Durante este fin de semana la alcald\u00eda del Distrito Nacional despleg\u00f3 un amplio operativo de&#046;&#046;&#046;\" \/>\n<meta property=\"og:url\" content=\"https:\/\/noti-america.com\/site\/repdom\/2020\/12\/14\/alcaldia-del-distrito-nacional-lanza-amplio-operativo-de-aseo-en-la-capital\/\" \/>\n<meta property=\"og:site_name\" content=\"Rep. Dominicana | Noti-America.com\" \/>\n<meta property=\"article:published_time\" content=\"2020-12-14T03:30:39+00:00\" \/>\n<meta property=\"og:image\" content=\"https:\/\/noti-america.com\/site\/repdom\/wp-content\/uploads\/sites\/6\/2020\/12\/WhatsApp-Image-2020-12-13-at-2.02.25-PM.jpeg\" \/>\n\t<meta property=\"og:image:width\" content=\"1280\" \/>\n\t<meta property=\"og:image:height\" content=\"853\" \/>\n\t<meta property=\"og:image:type\" content=\"image\/jpeg\" \/>\n<meta name=\"author\" content=\"Ann\u00e9 Cruz\" \/>\n<meta name=\"twitter:card\" content=\"summary_large_image\" \/>\n<meta name=\"twitter:label1\" content=\"Escrito por\" \/>\n\t<meta name=\"twitter:data1\" content=\"Ann\u00e9 Cruz\" \/>\n\t<meta name=\"twitter:label2\" content=\"Tiempo estimado de lectura\" \/>\n\t<meta name=\"twitter:data2\" content=\"1 minuto\" \/>\n<script type=\"application\/ld+json\" class=\"yoast-schema-graph\">{\"@context\":\"https:\/\/schema.org\",\"@graph\":[{\"@type\":\"Article\",\"@id\":\"https:\/\/noti-america.com\/site\/repdom\/2020\/12\/14\/alcaldia-del-distrito-nacional-lanza-amplio-operativo-de-aseo-en-la-capital\/#article\",\"isPartOf\":{\"@id\":\"https:\/\/noti-america.com\/site\/repdom\/2020\/12\/14\/alcaldia-del-distrito-nacional-lanza-amplio-operativo-de-aseo-en-la-capital\/\"},\"author\":{\"name\":\"Ann\u00e9 Cruz\",\"@id\":\"https:\/\/noti-america.com\/site\/repdom\/#\/schema\/person\/01b6a5fcca2b30bc220da2842f0b6060\"},\"headline\":\"Alcald\u00eda del Distrito Nacional lanza amplio operativo de aseo en la capital\",\"datePublished\":\"2020-12-14T03:30:39+00:00\",\"mainEntityOfPage\":{\"@id\":\"https:\/\/noti-america.com\/site\/repdom\/2020\/12\/14\/alcaldia-del-distrito-nacional-lanza-amplio-operativo-de-aseo-en-la-capital\/\"},\"wordCount\":296,\"commentCount\":0,\"publisher\":{\"@id\":\"https:\/\/noti-america.com\/site\/repdom\/#organization\"},\"image\":{\"@id\":\"https:\/\/noti-america.com\/site\/repdom\/2020\/12\/14\/alcaldia-del-distrito-nacional-lanza-amplio-operativo-de-aseo-en-la-capital\/#primaryimage\"},\"thumbnailUrl\":\"https:\/\/noti-america.com\/site\/repdom\/wp-content\/uploads\/sites\/6\/2020\/12\/WhatsApp-Image-2020-12-13-at-2.02.25-PM.jpeg\",\"keywords\":[\"#notianne #aqu\u00edenRD #RDlotienetodo #notiamericard\"],\"articleSection\":[\"Actualidad\"],\"inLanguage\":\"es\",\"potentialAction\":[{\"@type\":\"CommentAction\",\"name\":\"Comment\",\"target\":[\"https:\/\/noti-america.com\/site\/repdom\/2020\/12\/14\/alcaldia-del-distrito-nacional-lanza-amplio-operativo-de-aseo-en-la-capital\/#respond\"]}]},{\"@type\":\"WebPage\",\"@id\":\"https:\/\/noti-america.com\/site\/repdom\/2020\/12\/14\/alcaldia-del-distrito-nacional-lanza-amplio-operativo-de-aseo-en-la-capital\/\",\"url\":\"https:\/\/noti-america.com\/site\/repdom\/2020\/12\/14\/alcaldia-del-distrito-nacional-lanza-amplio-operativo-de-aseo-en-la-capital\/\",\"name\":\"Alcald\u00eda del Distrito Nacional lanza amplio operativo de aseo en la capital - Rep. Dominicana | Noti-America.com\",\"isPartOf\":{\"@id\":\"https:\/\/noti-america.com\/site\/repdom\/#website\"},\"primaryImageOfPage\":{\"@id\":\"https:\/\/noti-america.com\/site\/repdom\/2020\/12\/14\/alcaldia-del-distrito-nacional-lanza-amplio-operativo-de-aseo-en-la-capital\/#primaryimage\"},\"image\":{\"@id\":\"https:\/\/noti-america.com\/site\/repdom\/2020\/12\/14\/alcaldia-del-distrito-nacional-lanza-amplio-operativo-de-aseo-en-la-capital\/#primaryimage\"},\"thumbnailUrl\":\"https:\/\/noti-america.com\/site\/repdom\/wp-content\/uploads\/sites\/6\/2020\/12\/WhatsApp-Image-2020-12-13-at-2.02.25-PM.jpeg\",\"datePublished\":\"2020-12-14T03:30:39+00:00\",\"breadcrumb\":{\"@id\":\"https:\/\/noti-america.com\/site\/repdom\/2020\/12\/14\/alcaldia-del-distrito-nacional-lanza-amplio-operativo-de-aseo-en-la-capital\/#breadcrumb\"},\"inLanguage\":\"es\",\"potentialAction\":[{\"@type\":\"ReadAction\",\"target\":[\"https:\/\/noti-america.com\/site\/repdom\/2020\/12\/14\/alcaldia-del-distrito-nacional-lanza-amplio-operativo-de-aseo-en-la-capital\/\"]}]},{\"@type\":\"ImageObject\",\"inLanguage\":\"es\",\"@id\":\"https:\/\/noti-america.com\/site\/repdom\/2020\/12\/14\/alcaldia-del-distrito-nacional-lanza-amplio-operativo-de-aseo-en-la-capital\/#primaryimage\",\"url\":\"https:\/\/noti-america.com\/site\/repdom\/wp-content\/uploads\/sites\/6\/2020\/12\/WhatsApp-Image-2020-12-13-at-2.02.25-PM.jpeg\",\"contentUrl\":\"https:\/\/noti-america.com\/site\/repdom\/wp-content\/uploads\/sites\/6\/2020\/12\/WhatsApp-Image-2020-12-13-at-2.02.25-PM.jpeg\",\"width\":1280,\"height\":853},{\"@type\":\"BreadcrumbList\",\"@id\":\"https:\/\/noti-america.com\/site\/repdom\/2020\/12\/14\/alcaldia-del-distrito-nacional-lanza-amplio-operativo-de-aseo-en-la-capital\/#breadcrumb\",\"itemListElement\":[{\"@type\":\"ListItem\",\"position\":1,\"name\":\"Portada\",\"item\":\"https:\/\/noti-america.com\/site\/repdom\/\"},{\"@type\":\"ListItem\",\"position\":2,\"name\":\"Alcald\u00eda del Distrito Nacional lanza amplio operativo de aseo en la capital\"}]},{\"@type\":\"WebSite\",\"@id\":\"https:\/\/noti-america.com\/site\/repdom\/#website\",\"url\":\"https:\/\/noti-america.com\/site\/repdom\/\",\"name\":\"Rep. Dominicana | Noti-America.com\",\"description\":\"\",\"publisher\":{\"@id\":\"https:\/\/noti-america.com\/site\/repdom\/#organization\"},\"potentialAction\":[{\"@type\":\"SearchAction\",\"target\":{\"@type\":\"EntryPoint\",\"urlTemplate\":\"https:\/\/noti-america.com\/site\/repdom\/?s={search_term_string}\"},\"query-input\":{\"@type\":\"PropertyValueSpecification\",\"valueRequired\":true,\"valueName\":\"search_term_string\"}}],\"inLanguage\":\"es\"},{\"@type\":\"Organization\",\"@id\":\"https:\/\/noti-america.com\/site\/repdom\/#organization\",\"name\":\"Noti-America LLC | Rep\u00fablica Dominicana\",\"url\":\"https:\/\/noti-america.com\/site\/repdom\/\",\"logo\":{\"@type\":\"ImageObject\",\"inLanguage\":\"es\",\"@id\":\"https:\/\/noti-america.com\/site\/repdom\/#\/schema\/logo\/image\/\",\"url\":\"https:\/\/noti-america.com\/site\/repdom\/wp-content\/uploads\/sites\/6\/2020\/07\/LogoNA-4x3-1.jpg\",\"contentUrl\":\"https:\/\/noti-america.com\/site\/repdom\/wp-content\/uploads\/sites\/6\/2020\/07\/LogoNA-4x3-1.jpg\",\"width\":1236,\"height\":1080,\"caption\":\"Noti-America LLC | Rep\u00fablica Dominicana\"},\"image\":{\"@id\":\"https:\/\/noti-america.com\/site\/repdom\/#\/schema\/logo\/image\/\"}},{\"@type\":\"Person\",\"@id\":\"https:\/\/noti-america.com\/site\/repdom\/#\/schema\/person\/01b6a5fcca2b30bc220da2842f0b6060\",\"name\":\"Ann\u00e9 Cruz\",\"image\":{\"@type\":\"ImageObject\",\"inLanguage\":\"es\",\"@id\":\"https:\/\/secure.gravatar.com\/avatar\/f5aaeb3fd16b65f7d601dd99d7f1dcaaf7065ea361b219976bcf5d43d0980e1b?s=96&d=mm&r=g\",\"url\":\"https:\/\/secure.gravatar.com\/avatar\/f5aaeb3fd16b65f7d601dd99d7f1dcaaf7065ea361b219976bcf5d43d0980e1b?s=96&d=mm&r=g\",\"contentUrl\":\"https:\/\/secure.gravatar.com\/avatar\/f5aaeb3fd16b65f7d601dd99d7f1dcaaf7065ea361b219976bcf5d43d0980e1b?s=96&d=mm&r=g\",\"caption\":\"Ann\u00e9 Cruz\"},\"description\":\"Emprendedora, publirrelacionista y periodista especializada en Comunicaci\u00f3n Pol\u00edtica e Institucional.\",\"url\":\"https:\/\/noti-america.com\/site\/repdom\/author\/adelacruz\/\"}]}<\/script>\n<!-- \/ Yoast SEO Premium plugin. -->","yoast_head_json":{"title":"Alcald\u00eda del Distrito Nacional lanza amplio operativo de aseo en la capital - Rep. Dominicana | Noti-America.com","robots":{"index":"index","follow":"follow","max-snippet":"max-snippet:-1","max-image-preview":"max-image-preview:large","max-video-preview":"max-video-preview:-1"},"canonical":"https:\/\/noti-america.com\/site\/repdom\/2020\/12\/14\/alcaldia-del-distrito-nacional-lanza-amplio-operativo-de-aseo-en-la-capital\/","og_locale":"es_ES","og_type":"article","og_title":"Alcald\u00eda del Distrito Nacional lanza amplio operativo de aseo en la capital","og_description":"655 colaboradores de Aseo Urbano, Gesti\u00f3n Ambiental y los Bomberos se desplegaron este fin de semana.\u00a0 Santo Domingo, D.N.- Durante este fin de semana la alcald\u00eda del Distrito Nacional despleg\u00f3 un amplio operativo de&#46;&#46;&#46;","og_url":"https:\/\/noti-america.com\/site\/repdom\/2020\/12\/14\/alcaldia-del-distrito-nacional-lanza-amplio-operativo-de-aseo-en-la-capital\/","og_site_name":"Rep. Dominicana | Noti-America.com","article_published_time":"2020-12-14T03:30:39+00:00","og_image":[{"width":1280,"height":853,"url":"https:\/\/noti-america.com\/site\/repdom\/wp-content\/uploads\/sites\/6\/2020\/12\/WhatsApp-Image-2020-12-13-at-2.02.25-PM.jpeg","type":"image\/jpeg"}],"author":"Ann\u00e9 Cruz","twitter_card":"summary_large_image","twitter_misc":{"Escrito por":"Ann\u00e9 Cruz","Tiempo estimado de lectura":"1 minuto"},"schema":{"@context":"https:\/\/schema.org","@graph":[{"@type":"Article","@id":"https:\/\/noti-america.com\/site\/repdom\/2020\/12\/14\/alcaldia-del-distrito-nacional-lanza-amplio-operativo-de-aseo-en-la-capital\/#article","isPartOf":{"@id":"https:\/\/noti-america.com\/site\/repdom\/2020\/12\/14\/alcaldia-del-distrito-nacional-lanza-amplio-operativo-de-aseo-en-la-capital\/"},"author":{"name":"Ann\u00e9 Cruz","@id":"https:\/\/noti-america.com\/site\/repdom\/#\/schema\/person\/01b6a5fcca2b30bc220da2842f0b6060"},"headline":"Alcald\u00eda del Distrito Nacional lanza amplio operativo de aseo en la capital","datePublished":"2020-12-14T03:30:39+00:00","mainEntityOfPage":{"@id":"https:\/\/noti-america.com\/site\/repdom\/2020\/12\/14\/alcaldia-del-distrito-nacional-lanza-amplio-operativo-de-aseo-en-la-capital\/"},"wordCount":296,"commentCount":0,"publisher":{"@id":"https:\/\/noti-america.com\/site\/repdom\/#organization"},"image":{"@id":"https:\/\/noti-america.com\/site\/repdom\/2020\/12\/14\/alcaldia-del-distrito-nacional-lanza-amplio-operativo-de-aseo-en-la-capital\/#primaryimage"},"thumbnailUrl":"https:\/\/noti-america.com\/site\/repdom\/wp-content\/uploads\/sites\/6\/2020\/12\/WhatsApp-Image-2020-12-13-at-2.02.25-PM.jpeg","keywords":["#notianne #aqu\u00edenRD #RDlotienetodo #notiamericard"],"articleSection":["Actualidad"],"inLanguage":"es","potentialAction":[{"@type":"CommentAction","name":"Comment","target":["https:\/\/noti-america.com\/site\/repdom\/2020\/12\/14\/alcaldia-del-distrito-nacional-lanza-amplio-operativo-de-aseo-en-la-capital\/#respond"]}]},{"@type":"WebPage","@id":"https:\/\/noti-america.com\/site\/repdom\/2020\/12\/14\/alcaldia-del-distrito-nacional-lanza-amplio-operativo-de-aseo-en-la-capital\/","url":"https:\/\/noti-america.com\/site\/repdom\/2020\/12\/14\/alcaldia-del-distrito-nacional-lanza-amplio-operativo-de-aseo-en-la-capital\/","name":"Alcald\u00eda del Distrito Nacional lanza amplio operativo de aseo en la capital - Rep. Dominicana | Noti-America.com","isPartOf":{"@id":"https:\/\/noti-america.com\/site\/repdom\/#website"},"primaryImageOfPage":{"@id":"https:\/\/noti-america.com\/site\/repdom\/2020\/12\/14\/alcaldia-del-distrito-nacional-lanza-amplio-operativo-de-aseo-en-la-capital\/#primaryimage"},"image":{"@id":"https:\/\/noti-america.com\/site\/repdom\/2020\/12\/14\/alcaldia-del-distrito-nacional-lanza-amplio-operativo-de-aseo-en-la-capital\/#primaryimage"},"thumbnailUrl":"https:\/\/noti-america.com\/site\/repdom\/wp-content\/uploads\/sites\/6\/2020\/12\/WhatsApp-Image-2020-12-13-at-2.02.25-PM.jpeg","datePublished":"2020-12-14T03:30:39+00:00","breadcrumb":{"@id":"https:\/\/noti-america.com\/site\/repdom\/2020\/12\/14\/alcaldia-del-distrito-nacional-lanza-amplio-operativo-de-aseo-en-la-capital\/#breadcrumb"},"inLanguage":"es","potentialAction":[{"@type":"ReadAction","target":["https:\/\/noti-america.com\/site\/repdom\/2020\/12\/14\/alcaldia-del-distrito-nacional-lanza-amplio-operativo-de-aseo-en-la-capital\/"]}]},{"@type":"ImageObject","inLanguage":"es","@id":"https:\/\/noti-america.com\/site\/repdom\/2020\/12\/14\/alcaldia-del-distrito-nacional-lanza-amplio-operativo-de-aseo-en-la-capital\/#primaryimage","url":"https:\/\/noti-america.com\/site\/repdom\/wp-content\/uploads\/sites\/6\/2020\/12\/WhatsApp-Image-2020-12-13-at-2.02.25-PM.jpeg","contentUrl":"https:\/\/noti-america.com\/site\/repdom\/wp-content\/uploads\/sites\/6\/2020\/12\/WhatsApp-Image-2020-12-13-at-2.02.25-PM.jpeg","width":1280,"height":853},{"@type":"BreadcrumbList","@id":"https:\/\/noti-america.com\/site\/repdom\/2020\/12\/14\/alcaldia-del-distrito-nacional-lanza-amplio-operativo-de-aseo-en-la-capital\/#breadcrumb","itemListElement":[{"@type":"ListItem","position":1,"name":"Portada","item":"https:\/\/noti-america.com\/site\/repdom\/"},{"@type":"ListItem","position":2,"name":"Alcald\u00eda del Distrito Nacional lanza amplio operativo de aseo en la capital"}]},{"@type":"WebSite","@id":"https:\/\/noti-america.com\/site\/repdom\/#website","url":"https:\/\/noti-america.com\/site\/repdom\/","name":"Rep. Dominicana | Noti-America.com","description":"","publisher":{"@id":"https:\/\/noti-america.com\/site\/repdom\/#organization"},"potentialAction":[{"@type":"SearchAction","target":{"@type":"EntryPoint","urlTemplate":"https:\/\/noti-america.com\/site\/repdom\/?s={search_term_string}"},"query-input":{"@type":"PropertyValueSpecification","valueRequired":true,"valueName":"search_term_string"}}],"inLanguage":"es"},{"@type":"Organization","@id":"https:\/\/noti-america.com\/site\/repdom\/#organization","name":"Noti-America LLC | Rep\u00fablica Dominicana","url":"https:\/\/noti-america.com\/site\/repdom\/","logo":{"@type":"ImageObject","inLanguage":"es","@id":"https:\/\/noti-america.com\/site\/repdom\/#\/schema\/logo\/image\/","url":"https:\/\/noti-america.com\/site\/repdom\/wp-content\/uploads\/sites\/6\/2020\/07\/LogoNA-4x3-1.jpg","contentUrl":"https:\/\/noti-america.com\/site\/repdom\/wp-content\/uploads\/sites\/6\/2020\/07\/LogoNA-4x3-1.jpg","width":1236,"height":1080,"caption":"Noti-America LLC | Rep\u00fablica Dominicana"},"image":{"@id":"https:\/\/noti-america.com\/site\/repdom\/#\/schema\/logo\/image\/"}},{"@type":"Person","@id":"https:\/\/noti-america.com\/site\/repdom\/#\/schema\/person\/01b6a5fcca2b30bc220da2842f0b6060","name":"Ann\u00e9 Cruz","image":{"@type":"ImageObject","inLanguage":"es","@id":"https:\/\/secure.gravatar.com\/avatar\/f5aaeb3fd16b65f7d601dd99d7f1dcaaf7065ea361b219976bcf5d43d0980e1b?s=96&d=mm&r=g","url":"https:\/\/secure.gravatar.com\/avatar\/f5aaeb3fd16b65f7d601dd99d7f1dcaaf7065ea361b219976bcf5d43d0980e1b?s=96&d=mm&r=g","contentUrl":"https:\/\/secure.gravatar.com\/avatar\/f5aaeb3fd16b65f7d601dd99d7f1dcaaf7065ea361b219976bcf5d43d0980e1b?s=96&d=mm&r=g","caption":"Ann\u00e9 Cruz"},"description":"Emprendedora, publirrelacionista y periodista especializada en Comunicaci\u00f3n Pol\u00edtica e Institucional.","url":"https:\/\/noti-america.com\/site\/repdom\/author\/adelacruz\/"}]}},"_links":{"self":[{"href":"https:\/\/noti-america.com\/site\/repdom\/wp-json\/wp\/v2\/posts\/6817","targetHints":{"allow":["GET"]}}],"collection":[{"href":"https:\/\/noti-america.com\/site\/repdom\/wp-json\/wp\/v2\/posts"}],"about":[{"href":"https:\/\/noti-america.com\/site\/repdom\/wp-json\/wp\/v2\/types\/post"}],"author":[{"embeddable":true,"href":"https:\/\/noti-america.com\/site\/repdom\/wp-json\/wp\/v2\/users\/99"}],"replies":[{"embeddable":true,"href":"https:\/\/noti-america.com\/site\/repdom\/wp-json\/wp\/v2\/comments?post=6817"}],"version-history":[{"count":1,"href":"https:\/\/noti-america.com\/site\/repdom\/wp-json\/wp\/v2\/posts\/6817\/revisions"}],"predecessor-version":[{"id":6820,"href":"https:\/\/noti-america.com\/site\/repdom\/wp-json\/wp\/v2\/posts\/6817\/revisions\/6820"}],"wp:featuredmedia":[{"embeddable":true,"href":"https:\/\/noti-america.com\/site\/repdom\/wp-json\/wp\/v2\/media\/6819"}],"wp:attachment":[{"href":"https:\/\/noti-america.com\/site\/repdom\/wp-json\/wp\/v2\/media?parent=6817"}],"wp:term":[{"taxonomy":"category","embeddable":true,"href":"https:\/\/noti-america.com\/site\/repdom\/wp-json\/wp\/v2\/categories?post=6817"},{"taxonomy":"post_tag","embeddable":true,"href":"https:\/\/noti-america.com\/site\/repdom\/wp-json\/wp\/v2\/tags?post=6817"}],"curies":[{"name":"wp","href":"https:\/\/api.w.org\/{rel}","templated":true}]}}