{"id":6739,"date":"2020-12-10T13:30:05","date_gmt":"2020-12-10T13:30:05","guid":{"rendered":"https:\/\/noti-america.com\/site\/repdom\/?p=6739"},"modified":"2020-12-10T13:30:05","modified_gmt":"2020-12-10T13:30:05","slug":"reapertura-de-los-museos-le-devuelve-la-magia-a-zona-colonial","status":"publish","type":"post","link":"https:\/\/noti-america.com\/site\/repdom\/2020\/12\/10\/reapertura-de-los-museos-le-devuelve-la-magia-a-zona-colonial\/","title":{"rendered":"Reapertura de los museos le devuelve la magia a Zona Colonial"},"content":{"rendered":"<p style=\"text-align: justify\">Luego de permanecer cerrados al p\u00fablico desde el pasado mes de marzo a causa de la Covid-19, los museos de Las Casas Reales, Alc\u00e1zar de Col\u00f3n y la Fortaleza Ozama volvieron a abrir sus puestas manteniendo el distanciamiento f\u00edsico y el uso obligatorio de la mascarilla.<br \/>\n<span id=\"more-1079431\"><\/span><br \/>\nEstos centros culturales de la Ciudad Colonial de Santo Domingo reciben a los visitantes en horario de 9:00 de la ma\u00f1ana a 4:00 de la tarde, y durante los fines de semana del mes de diciembre las personas podr\u00e1n entrar de forma gratuita, inform\u00f3 el viceministro de Patrimonio Cultural, Gamal Michel\u00e9n.<\/p>\n<p style=\"text-align: justify\">\u201cEspero que esta puerta que se abre nuevamente con el protocolo exigido por las autoridades de Salud, pueda dar albergue a muchas personas, sobre todo, a los estudiantes. Les pido a ustedes, traigan a sus familiares, que las escuelas se empoderen de estos museos; aqu\u00ed est\u00e1 la historia dominicana\u201d, expres\u00f3 la ministra de Cultura, Carmen Heredia, en el Museo de las Casas Reales, donde se realiz\u00f3 el acto oficial de reapertura de los museos.<\/p>\n<p style=\"text-align: justify\">En estos espacios llenos de historia colonial, tambi\u00e9n la m\u00fasica, la pintura y la danza en vivo comenzaron a abrazar desde el mi\u00e9rcoles a los primeros visitantes que eran recibidos por personajes vestidos de \u00e9poca.<\/p>\n<p style=\"text-align: justify\">Desde la entrada a los museos, al p\u00fablico se le aplica gel desinfectante, se le exige el uso de la mascarilla y respetar el distanciamiento f\u00edsico, de acuerdo a las recomendaciones del Ministerio de Salud P\u00fablica de la Rep\u00fablica Dominicana y de la Organizaci\u00f3n Mundial de la Salud (OMS).<\/p>\n<p style=\"text-align: justify\">A principios de noviembre, la ministra de Cultura inform\u00f3 a un nutrido grupo de artistas de diversas \u00e1reas la reapertura de los teatros y museos, cerrados desde marzo por la pandemia de la Covid-19.<\/p>\n<p style=\"text-align: justify\">\u201cMe alegra poder anunciar a todos los artistas dominicanos que procederemos con la reapertura de todos los teatros y museos, bajo las medidas de seguridad correspondientes ante el Covid-19\u201d, manifest\u00f3 Heredia para esa fecha.<\/p>\n<p style=\"text-align: justify\">Algunos teatros independientes y oficiales, entre otros espacios adaptados para ofrecer propuestas art\u00edsticas, han comenzado a operar de forma t\u00edmida, en medio de la \u201ccovidianidad\u201d.<\/p>\n<p style=\"text-align: justify\"><strong>Reactivaci\u00f3n<br \/>\n<\/strong><br \/>\nEn esta industria del entretenimiento dominicano tambi\u00e9n se reactivaron los cines. Incluso, reconocidas figuras de este sector (como Zoe Salda\u00f1a, David Maler, Frank Perozo, Nashla Bogaert, Jos\u00e9 Pintor, Hans Garc\u00eda, Archie L\u00f3pez, Giovanny Cruz, Roberto Salcedo y Tabar\u00e9 Blanchard, entre otros) se unieron a la campa\u00f1a #VOYPALCINE en respaldo a la reapertura de las salas.<\/p>\n<p style=\"text-align: justify\">A pesar de que el ritmo de las producciones se ha reactivado positivamente bajo los protocolos de lugar desde el mes de julio, no ha sido hasta octubre que varias salas de cine han hecho sus reaperturas con estrictos protocolos de prevenci\u00f3n e higiene.<\/p>\n<p>Fuente: MC\/ El Caribe<\/p>\n","protected":false},"excerpt":{"rendered":"<p>Luego de permanecer cerrados al p\u00fablico desde el pasado mes de marzo a causa de la Covid-19, los museos de Las Casas Reales, Alc\u00e1zar de Col\u00f3n y la Fortaleza Ozama volvieron a abrir sus&#46;&#46;&#46;<\/p>\n","protected":false},"author":99,"featured_media":6740,"comment_status":"open","ping_status":"open","sticky":false,"template":"","format":"gallery","meta":{"_acf_changed":false,"rop_custom_images_group":[],"rop_custom_messages_group":[],"rop_publish_now":"initial","rop_publish_now_accounts":[],"rop_publish_now_history":[],"rop_publish_now_status":"pending","footnotes":""},"categories":[105],"tags":[],"class_list":["post-6739","post","type-post","status-publish","format-gallery","has-post-thumbnail","hentry","category-noticias","post_format-post-format-gallery"],"acf":[],"yoast_head":"<!-- This site is optimized with the Yoast SEO Premium plugin v24.9 (Yoast SEO v27.2) - https:\/\/yoast.com\/product\/yoast-seo-premium-wordpress\/ -->\n<title>Reapertura de los museos le devuelve la magia a Zona Colonial - Rep. Dominicana | Noti-America.com<\/title>\n<meta name=\"robots\" content=\"index, follow, max-snippet:-1, max-image-preview:large, max-video-preview:-1\" \/>\n<link rel=\"canonical\" href=\"https:\/\/noti-america.com\/site\/repdom\/2020\/12\/10\/reapertura-de-los-museos-le-devuelve-la-magia-a-zona-colonial\/\" \/>\n<meta property=\"og:locale\" content=\"es_ES\" \/>\n<meta property=\"og:type\" content=\"article\" \/>\n<meta property=\"og:title\" content=\"Reapertura de los museos le devuelve la magia a Zona Colonial\" \/>\n<meta property=\"og:description\" content=\"Luego de permanecer cerrados al p\u00fablico desde el pasado mes de marzo a causa de la Covid-19, los museos de Las Casas Reales, Alc\u00e1zar de Col\u00f3n y la Fortaleza Ozama volvieron a abrir sus&#046;&#046;&#046;\" \/>\n<meta property=\"og:url\" content=\"https:\/\/noti-america.com\/site\/repdom\/2020\/12\/10\/reapertura-de-los-museos-le-devuelve-la-magia-a-zona-colonial\/\" \/>\n<meta property=\"og:site_name\" content=\"Rep. Dominicana | Noti-America.com\" \/>\n<meta property=\"article:published_time\" content=\"2020-12-10T13:30:05+00:00\" \/>\n<meta property=\"og:image\" content=\"https:\/\/noti-america.com\/site\/repdom\/wp-content\/uploads\/sites\/6\/2020\/12\/872fb44e-danza-5fd178911d004-640x384-1.jpg\" \/>\n\t<meta property=\"og:image:width\" content=\"640\" \/>\n\t<meta property=\"og:image:height\" content=\"384\" \/>\n\t<meta property=\"og:image:type\" content=\"image\/jpeg\" \/>\n<meta name=\"author\" content=\"Ann\u00e9 Cruz\" \/>\n<meta name=\"twitter:card\" content=\"summary_large_image\" \/>\n<meta name=\"twitter:label1\" content=\"Escrito por\" \/>\n\t<meta name=\"twitter:data1\" content=\"Ann\u00e9 Cruz\" \/>\n\t<meta name=\"twitter:label2\" content=\"Tiempo estimado de lectura\" \/>\n\t<meta name=\"twitter:data2\" content=\"2 minutos\" \/>\n<script type=\"application\/ld+json\" class=\"yoast-schema-graph\">{\"@context\":\"https:\/\/schema.org\",\"@graph\":[{\"@type\":\"Article\",\"@id\":\"https:\/\/noti-america.com\/site\/repdom\/2020\/12\/10\/reapertura-de-los-museos-le-devuelve-la-magia-a-zona-colonial\/#article\",\"isPartOf\":{\"@id\":\"https:\/\/noti-america.com\/site\/repdom\/2020\/12\/10\/reapertura-de-los-museos-le-devuelve-la-magia-a-zona-colonial\/\"},\"author\":{\"name\":\"Ann\u00e9 Cruz\",\"@id\":\"https:\/\/noti-america.com\/site\/repdom\/#\/schema\/person\/01b6a5fcca2b30bc220da2842f0b6060\"},\"headline\":\"Reapertura de los museos le devuelve la magia a Zona Colonial\",\"datePublished\":\"2020-12-10T13:30:05+00:00\",\"mainEntityOfPage\":{\"@id\":\"https:\/\/noti-america.com\/site\/repdom\/2020\/12\/10\/reapertura-de-los-museos-le-devuelve-la-magia-a-zona-colonial\/\"},\"wordCount\":485,\"commentCount\":0,\"publisher\":{\"@id\":\"https:\/\/noti-america.com\/site\/repdom\/#organization\"},\"image\":{\"@id\":\"https:\/\/noti-america.com\/site\/repdom\/2020\/12\/10\/reapertura-de-los-museos-le-devuelve-la-magia-a-zona-colonial\/#primaryimage\"},\"thumbnailUrl\":\"https:\/\/noti-america.com\/site\/repdom\/wp-content\/uploads\/sites\/6\/2020\/12\/872fb44e-danza-5fd178911d004-640x384-1.jpg\",\"articleSection\":[\"Noticias\"],\"inLanguage\":\"es\",\"potentialAction\":[{\"@type\":\"CommentAction\",\"name\":\"Comment\",\"target\":[\"https:\/\/noti-america.com\/site\/repdom\/2020\/12\/10\/reapertura-de-los-museos-le-devuelve-la-magia-a-zona-colonial\/#respond\"]}]},{\"@type\":\"WebPage\",\"@id\":\"https:\/\/noti-america.com\/site\/repdom\/2020\/12\/10\/reapertura-de-los-museos-le-devuelve-la-magia-a-zona-colonial\/\",\"url\":\"https:\/\/noti-america.com\/site\/repdom\/2020\/12\/10\/reapertura-de-los-museos-le-devuelve-la-magia-a-zona-colonial\/\",\"name\":\"Reapertura de los museos le devuelve la magia a Zona Colonial - Rep. Dominicana | Noti-America.com\",\"isPartOf\":{\"@id\":\"https:\/\/noti-america.com\/site\/repdom\/#website\"},\"primaryImageOfPage\":{\"@id\":\"https:\/\/noti-america.com\/site\/repdom\/2020\/12\/10\/reapertura-de-los-museos-le-devuelve-la-magia-a-zona-colonial\/#primaryimage\"},\"image\":{\"@id\":\"https:\/\/noti-america.com\/site\/repdom\/2020\/12\/10\/reapertura-de-los-museos-le-devuelve-la-magia-a-zona-colonial\/#primaryimage\"},\"thumbnailUrl\":\"https:\/\/noti-america.com\/site\/repdom\/wp-content\/uploads\/sites\/6\/2020\/12\/872fb44e-danza-5fd178911d004-640x384-1.jpg\",\"datePublished\":\"2020-12-10T13:30:05+00:00\",\"breadcrumb\":{\"@id\":\"https:\/\/noti-america.com\/site\/repdom\/2020\/12\/10\/reapertura-de-los-museos-le-devuelve-la-magia-a-zona-colonial\/#breadcrumb\"},\"inLanguage\":\"es\",\"potentialAction\":[{\"@type\":\"ReadAction\",\"target\":[\"https:\/\/noti-america.com\/site\/repdom\/2020\/12\/10\/reapertura-de-los-museos-le-devuelve-la-magia-a-zona-colonial\/\"]}]},{\"@type\":\"ImageObject\",\"inLanguage\":\"es\",\"@id\":\"https:\/\/noti-america.com\/site\/repdom\/2020\/12\/10\/reapertura-de-los-museos-le-devuelve-la-magia-a-zona-colonial\/#primaryimage\",\"url\":\"https:\/\/noti-america.com\/site\/repdom\/wp-content\/uploads\/sites\/6\/2020\/12\/872fb44e-danza-5fd178911d004-640x384-1.jpg\",\"contentUrl\":\"https:\/\/noti-america.com\/site\/repdom\/wp-content\/uploads\/sites\/6\/2020\/12\/872fb44e-danza-5fd178911d004-640x384-1.jpg\",\"width\":640,\"height\":384},{\"@type\":\"BreadcrumbList\",\"@id\":\"https:\/\/noti-america.com\/site\/repdom\/2020\/12\/10\/reapertura-de-los-museos-le-devuelve-la-magia-a-zona-colonial\/#breadcrumb\",\"itemListElement\":[{\"@type\":\"ListItem\",\"position\":1,\"name\":\"Portada\",\"item\":\"https:\/\/noti-america.com\/site\/repdom\/\"},{\"@type\":\"ListItem\",\"position\":2,\"name\":\"Reapertura de los museos le devuelve la magia a Zona Colonial\"}]},{\"@type\":\"WebSite\",\"@id\":\"https:\/\/noti-america.com\/site\/repdom\/#website\",\"url\":\"https:\/\/noti-america.com\/site\/repdom\/\",\"name\":\"Rep. Dominicana | Noti-America.com\",\"description\":\"\",\"publisher\":{\"@id\":\"https:\/\/noti-america.com\/site\/repdom\/#organization\"},\"potentialAction\":[{\"@type\":\"SearchAction\",\"target\":{\"@type\":\"EntryPoint\",\"urlTemplate\":\"https:\/\/noti-america.com\/site\/repdom\/?s={search_term_string}\"},\"query-input\":{\"@type\":\"PropertyValueSpecification\",\"valueRequired\":true,\"valueName\":\"search_term_string\"}}],\"inLanguage\":\"es\"},{\"@type\":\"Organization\",\"@id\":\"https:\/\/noti-america.com\/site\/repdom\/#organization\",\"name\":\"Noti-America LLC | Rep\u00fablica Dominicana\",\"url\":\"https:\/\/noti-america.com\/site\/repdom\/\",\"logo\":{\"@type\":\"ImageObject\",\"inLanguage\":\"es\",\"@id\":\"https:\/\/noti-america.com\/site\/repdom\/#\/schema\/logo\/image\/\",\"url\":\"https:\/\/noti-america.com\/site\/repdom\/wp-content\/uploads\/sites\/6\/2020\/07\/LogoNA-4x3-1.jpg\",\"contentUrl\":\"https:\/\/noti-america.com\/site\/repdom\/wp-content\/uploads\/sites\/6\/2020\/07\/LogoNA-4x3-1.jpg\",\"width\":1236,\"height\":1080,\"caption\":\"Noti-America LLC | Rep\u00fablica Dominicana\"},\"image\":{\"@id\":\"https:\/\/noti-america.com\/site\/repdom\/#\/schema\/logo\/image\/\"}},{\"@type\":\"Person\",\"@id\":\"https:\/\/noti-america.com\/site\/repdom\/#\/schema\/person\/01b6a5fcca2b30bc220da2842f0b6060\",\"name\":\"Ann\u00e9 Cruz\",\"image\":{\"@type\":\"ImageObject\",\"inLanguage\":\"es\",\"@id\":\"https:\/\/secure.gravatar.com\/avatar\/f5aaeb3fd16b65f7d601dd99d7f1dcaaf7065ea361b219976bcf5d43d0980e1b?s=96&d=mm&r=g\",\"url\":\"https:\/\/secure.gravatar.com\/avatar\/f5aaeb3fd16b65f7d601dd99d7f1dcaaf7065ea361b219976bcf5d43d0980e1b?s=96&d=mm&r=g\",\"contentUrl\":\"https:\/\/secure.gravatar.com\/avatar\/f5aaeb3fd16b65f7d601dd99d7f1dcaaf7065ea361b219976bcf5d43d0980e1b?s=96&d=mm&r=g\",\"caption\":\"Ann\u00e9 Cruz\"},\"description\":\"Emprendedora, publirrelacionista y periodista especializada en Comunicaci\u00f3n Pol\u00edtica e Institucional.\",\"url\":\"https:\/\/noti-america.com\/site\/repdom\/author\/adelacruz\/\"}]}<\/script>\n<!-- \/ Yoast SEO Premium plugin. -->","yoast_head_json":{"title":"Reapertura de los museos le devuelve la magia a Zona Colonial - Rep. Dominicana | Noti-America.com","robots":{"index":"index","follow":"follow","max-snippet":"max-snippet:-1","max-image-preview":"max-image-preview:large","max-video-preview":"max-video-preview:-1"},"canonical":"https:\/\/noti-america.com\/site\/repdom\/2020\/12\/10\/reapertura-de-los-museos-le-devuelve-la-magia-a-zona-colonial\/","og_locale":"es_ES","og_type":"article","og_title":"Reapertura de los museos le devuelve la magia a Zona Colonial","og_description":"Luego de permanecer cerrados al p\u00fablico desde el pasado mes de marzo a causa de la Covid-19, los museos de Las Casas Reales, Alc\u00e1zar de Col\u00f3n y la Fortaleza Ozama volvieron a abrir sus&#46;&#46;&#46;","og_url":"https:\/\/noti-america.com\/site\/repdom\/2020\/12\/10\/reapertura-de-los-museos-le-devuelve-la-magia-a-zona-colonial\/","og_site_name":"Rep. Dominicana | Noti-America.com","article_published_time":"2020-12-10T13:30:05+00:00","og_image":[{"width":640,"height":384,"url":"https:\/\/noti-america.com\/site\/repdom\/wp-content\/uploads\/sites\/6\/2020\/12\/872fb44e-danza-5fd178911d004-640x384-1.jpg","type":"image\/jpeg"}],"author":"Ann\u00e9 Cruz","twitter_card":"summary_large_image","twitter_misc":{"Escrito por":"Ann\u00e9 Cruz","Tiempo estimado de lectura":"2 minutos"},"schema":{"@context":"https:\/\/schema.org","@graph":[{"@type":"Article","@id":"https:\/\/noti-america.com\/site\/repdom\/2020\/12\/10\/reapertura-de-los-museos-le-devuelve-la-magia-a-zona-colonial\/#article","isPartOf":{"@id":"https:\/\/noti-america.com\/site\/repdom\/2020\/12\/10\/reapertura-de-los-museos-le-devuelve-la-magia-a-zona-colonial\/"},"author":{"name":"Ann\u00e9 Cruz","@id":"https:\/\/noti-america.com\/site\/repdom\/#\/schema\/person\/01b6a5fcca2b30bc220da2842f0b6060"},"headline":"Reapertura de los museos le devuelve la magia a Zona Colonial","datePublished":"2020-12-10T13:30:05+00:00","mainEntityOfPage":{"@id":"https:\/\/noti-america.com\/site\/repdom\/2020\/12\/10\/reapertura-de-los-museos-le-devuelve-la-magia-a-zona-colonial\/"},"wordCount":485,"commentCount":0,"publisher":{"@id":"https:\/\/noti-america.com\/site\/repdom\/#organization"},"image":{"@id":"https:\/\/noti-america.com\/site\/repdom\/2020\/12\/10\/reapertura-de-los-museos-le-devuelve-la-magia-a-zona-colonial\/#primaryimage"},"thumbnailUrl":"https:\/\/noti-america.com\/site\/repdom\/wp-content\/uploads\/sites\/6\/2020\/12\/872fb44e-danza-5fd178911d004-640x384-1.jpg","articleSection":["Noticias"],"inLanguage":"es","potentialAction":[{"@type":"CommentAction","name":"Comment","target":["https:\/\/noti-america.com\/site\/repdom\/2020\/12\/10\/reapertura-de-los-museos-le-devuelve-la-magia-a-zona-colonial\/#respond"]}]},{"@type":"WebPage","@id":"https:\/\/noti-america.com\/site\/repdom\/2020\/12\/10\/reapertura-de-los-museos-le-devuelve-la-magia-a-zona-colonial\/","url":"https:\/\/noti-america.com\/site\/repdom\/2020\/12\/10\/reapertura-de-los-museos-le-devuelve-la-magia-a-zona-colonial\/","name":"Reapertura de los museos le devuelve la magia a Zona Colonial - Rep. Dominicana | Noti-America.com","isPartOf":{"@id":"https:\/\/noti-america.com\/site\/repdom\/#website"},"primaryImageOfPage":{"@id":"https:\/\/noti-america.com\/site\/repdom\/2020\/12\/10\/reapertura-de-los-museos-le-devuelve-la-magia-a-zona-colonial\/#primaryimage"},"image":{"@id":"https:\/\/noti-america.com\/site\/repdom\/2020\/12\/10\/reapertura-de-los-museos-le-devuelve-la-magia-a-zona-colonial\/#primaryimage"},"thumbnailUrl":"https:\/\/noti-america.com\/site\/repdom\/wp-content\/uploads\/sites\/6\/2020\/12\/872fb44e-danza-5fd178911d004-640x384-1.jpg","datePublished":"2020-12-10T13:30:05+00:00","breadcrumb":{"@id":"https:\/\/noti-america.com\/site\/repdom\/2020\/12\/10\/reapertura-de-los-museos-le-devuelve-la-magia-a-zona-colonial\/#breadcrumb"},"inLanguage":"es","potentialAction":[{"@type":"ReadAction","target":["https:\/\/noti-america.com\/site\/repdom\/2020\/12\/10\/reapertura-de-los-museos-le-devuelve-la-magia-a-zona-colonial\/"]}]},{"@type":"ImageObject","inLanguage":"es","@id":"https:\/\/noti-america.com\/site\/repdom\/2020\/12\/10\/reapertura-de-los-museos-le-devuelve-la-magia-a-zona-colonial\/#primaryimage","url":"https:\/\/noti-america.com\/site\/repdom\/wp-content\/uploads\/sites\/6\/2020\/12\/872fb44e-danza-5fd178911d004-640x384-1.jpg","contentUrl":"https:\/\/noti-america.com\/site\/repdom\/wp-content\/uploads\/sites\/6\/2020\/12\/872fb44e-danza-5fd178911d004-640x384-1.jpg","width":640,"height":384},{"@type":"BreadcrumbList","@id":"https:\/\/noti-america.com\/site\/repdom\/2020\/12\/10\/reapertura-de-los-museos-le-devuelve-la-magia-a-zona-colonial\/#breadcrumb","itemListElement":[{"@type":"ListItem","position":1,"name":"Portada","item":"https:\/\/noti-america.com\/site\/repdom\/"},{"@type":"ListItem","position":2,"name":"Reapertura de los museos le devuelve la magia a Zona Colonial"}]},{"@type":"WebSite","@id":"https:\/\/noti-america.com\/site\/repdom\/#website","url":"https:\/\/noti-america.com\/site\/repdom\/","name":"Rep. Dominicana | Noti-America.com","description":"","publisher":{"@id":"https:\/\/noti-america.com\/site\/repdom\/#organization"},"potentialAction":[{"@type":"SearchAction","target":{"@type":"EntryPoint","urlTemplate":"https:\/\/noti-america.com\/site\/repdom\/?s={search_term_string}"},"query-input":{"@type":"PropertyValueSpecification","valueRequired":true,"valueName":"search_term_string"}}],"inLanguage":"es"},{"@type":"Organization","@id":"https:\/\/noti-america.com\/site\/repdom\/#organization","name":"Noti-America LLC | Rep\u00fablica Dominicana","url":"https:\/\/noti-america.com\/site\/repdom\/","logo":{"@type":"ImageObject","inLanguage":"es","@id":"https:\/\/noti-america.com\/site\/repdom\/#\/schema\/logo\/image\/","url":"https:\/\/noti-america.com\/site\/repdom\/wp-content\/uploads\/sites\/6\/2020\/07\/LogoNA-4x3-1.jpg","contentUrl":"https:\/\/noti-america.com\/site\/repdom\/wp-content\/uploads\/sites\/6\/2020\/07\/LogoNA-4x3-1.jpg","width":1236,"height":1080,"caption":"Noti-America LLC | Rep\u00fablica Dominicana"},"image":{"@id":"https:\/\/noti-america.com\/site\/repdom\/#\/schema\/logo\/image\/"}},{"@type":"Person","@id":"https:\/\/noti-america.com\/site\/repdom\/#\/schema\/person\/01b6a5fcca2b30bc220da2842f0b6060","name":"Ann\u00e9 Cruz","image":{"@type":"ImageObject","inLanguage":"es","@id":"https:\/\/secure.gravatar.com\/avatar\/f5aaeb3fd16b65f7d601dd99d7f1dcaaf7065ea361b219976bcf5d43d0980e1b?s=96&d=mm&r=g","url":"https:\/\/secure.gravatar.com\/avatar\/f5aaeb3fd16b65f7d601dd99d7f1dcaaf7065ea361b219976bcf5d43d0980e1b?s=96&d=mm&r=g","contentUrl":"https:\/\/secure.gravatar.com\/avatar\/f5aaeb3fd16b65f7d601dd99d7f1dcaaf7065ea361b219976bcf5d43d0980e1b?s=96&d=mm&r=g","caption":"Ann\u00e9 Cruz"},"description":"Emprendedora, publirrelacionista y periodista especializada en Comunicaci\u00f3n Pol\u00edtica e Institucional.","url":"https:\/\/noti-america.com\/site\/repdom\/author\/adelacruz\/"}]}},"_links":{"self":[{"href":"https:\/\/noti-america.com\/site\/repdom\/wp-json\/wp\/v2\/posts\/6739","targetHints":{"allow":["GET"]}}],"collection":[{"href":"https:\/\/noti-america.com\/site\/repdom\/wp-json\/wp\/v2\/posts"}],"about":[{"href":"https:\/\/noti-america.com\/site\/repdom\/wp-json\/wp\/v2\/types\/post"}],"author":[{"embeddable":true,"href":"https:\/\/noti-america.com\/site\/repdom\/wp-json\/wp\/v2\/users\/99"}],"replies":[{"embeddable":true,"href":"https:\/\/noti-america.com\/site\/repdom\/wp-json\/wp\/v2\/comments?post=6739"}],"version-history":[{"count":1,"href":"https:\/\/noti-america.com\/site\/repdom\/wp-json\/wp\/v2\/posts\/6739\/revisions"}],"predecessor-version":[{"id":6742,"href":"https:\/\/noti-america.com\/site\/repdom\/wp-json\/wp\/v2\/posts\/6739\/revisions\/6742"}],"wp:featuredmedia":[{"embeddable":true,"href":"https:\/\/noti-america.com\/site\/repdom\/wp-json\/wp\/v2\/media\/6740"}],"wp:attachment":[{"href":"https:\/\/noti-america.com\/site\/repdom\/wp-json\/wp\/v2\/media?parent=6739"}],"wp:term":[{"taxonomy":"category","embeddable":true,"href":"https:\/\/noti-america.com\/site\/repdom\/wp-json\/wp\/v2\/categories?post=6739"},{"taxonomy":"post_tag","embeddable":true,"href":"https:\/\/noti-america.com\/site\/repdom\/wp-json\/wp\/v2\/tags?post=6739"}],"curies":[{"name":"wp","href":"https:\/\/api.w.org\/{rel}","templated":true}]}}