{"id":6732,"date":"2020-12-10T13:20:30","date_gmt":"2020-12-10T13:20:30","guid":{"rendered":"https:\/\/noti-america.com\/site\/repdom\/?p=6732"},"modified":"2020-12-10T13:20:30","modified_gmt":"2020-12-10T13:20:30","slug":"luz-jimenez-ramirez-sera-la-nueva-ministra-de-la-juventud","status":"publish","type":"post","link":"https:\/\/noti-america.com\/site\/repdom\/2020\/12\/10\/luz-jimenez-ramirez-sera-la-nueva-ministra-de-la-juventud\/","title":{"rendered":"Luz Jim\u00e9nez Ram\u00edrez ser\u00e1 la nueva ministra de la Juventud"},"content":{"rendered":"<p style=\"text-align: justify\">El presidente Luis Abinader design\u00f3 ayer a Luz Jim\u00e9nez Ram\u00edrez nueva ministra de la Juventud en sustituci\u00f3n de Kimberly Taveras, quien renunci\u00f3 de su cargo el pasado lunes por el proceso judicial que tiene abierto por los datos que present\u00f3 en su declaraci\u00f3n jurada de bienes.<br \/>\n<span id=\"more-1079510\"><\/span><br \/>\nEl nombramiento de la nueva funcionaria, quien se desempe\u00f1aba como viceministra de la Juventud, se hizo a trav\u00e9s del decreto 694-20, en el que se establece, adem\u00e1s, que en consecuencia queda derogado el edicto 324-20 del 16 de agosto de 2020 con el que hab\u00eda sido designada Taveras.<\/p>\n<p style=\"text-align: justify\">El anuncio fue hecho en rueda de prensa, en el Sal\u00f3n Orlando Mart\u00ednez del Palacio Nacional por la portavoz del Gobierno y directora de Comunicaciones de la Presidencia de la Rep\u00fablica, Milagros Germ\u00e1n, quien sostuvo que en lo referente al proceso judicial que se lleva contra Kimberly Taveras el Gobierno se mantendr\u00e1 vigilante, pero no interferir\u00e1 en \u00e9l.<\/p>\n<p style=\"text-align: justify\">Con el mismo decreto que fue nombrada Luz Jim\u00e9nez qued\u00f3 designado tambi\u00e9n Vicente Luis de Pe\u00f1a Peralta, como viceministro de Planificaci\u00f3n del Ministerio de la Juventud, en sustituci\u00f3n de la nueva ministra de la Juventud, con lo que se deroga tambi\u00e9n el art\u00edculo n\u00famero 50 del decreto 330-20.<\/p>\n<p style=\"text-align: justify\">La nueva ministra de la Juventud, Luz del Alba Jim\u00e9nez Ram\u00edrez, tiene estudios t\u00e9cnicos de finanzas y mercadeo.<\/p>\n<p style=\"text-align: justify\">Se ha destacado como l\u00edder pol\u00edtica municipal, en cuya trayectoria ha demostrado, desde sus inicios, una gran sensibilidad humana y permanente preocupaci\u00f3n por el desarrollo de la juventud, explica el perfil divulgado ayer por la Presidencia. Ha sido reconocida por diversas asociaciones y clubes en diferentes puntos del municipio de Santo Domingo Este y hasta su designaci\u00f3n, ocup\u00f3 el cargo de viceministra de Planificaci\u00f3n del Ministerio de la Juventud.<\/p>\n<p>Fuente: MJ\/El Caribe<\/p>\n","protected":false},"excerpt":{"rendered":"<p>El presidente Luis Abinader design\u00f3 ayer a Luz Jim\u00e9nez Ram\u00edrez nueva ministra de la Juventud en sustituci\u00f3n de Kimberly Taveras, quien renunci\u00f3 de su cargo el pasado lunes por el proceso judicial que tiene&#46;&#46;&#46;<\/p>\n","protected":false},"author":99,"featured_media":6733,"comment_status":"open","ping_status":"open","sticky":false,"template":"","format":"gallery","meta":{"_acf_changed":false,"rop_custom_images_group":[],"rop_custom_messages_group":[],"rop_publish_now":"initial","rop_publish_now_accounts":[],"rop_publish_now_history":[],"rop_publish_now_status":"pending","footnotes":""},"categories":[105],"tags":[],"class_list":["post-6732","post","type-post","status-publish","format-gallery","has-post-thumbnail","hentry","category-noticias","post_format-post-format-gallery"],"acf":[],"yoast_head":"<!-- This site is optimized with the Yoast SEO Premium plugin v24.9 (Yoast SEO v27.2) - https:\/\/yoast.com\/product\/yoast-seo-premium-wordpress\/ -->\n<title>Luz Jim\u00e9nez Ram\u00edrez ser\u00e1 la nueva ministra de la Juventud - Rep. Dominicana | Noti-America.com<\/title>\n<meta name=\"robots\" content=\"index, follow, max-snippet:-1, max-image-preview:large, max-video-preview:-1\" \/>\n<link rel=\"canonical\" href=\"https:\/\/noti-america.com\/site\/repdom\/2020\/12\/10\/luz-jimenez-ramirez-sera-la-nueva-ministra-de-la-juventud\/\" \/>\n<meta property=\"og:locale\" content=\"es_ES\" \/>\n<meta property=\"og:type\" content=\"article\" \/>\n<meta property=\"og:title\" content=\"Luz Jim\u00e9nez Ram\u00edrez ser\u00e1 la nueva ministra de la Juventud\" \/>\n<meta property=\"og:description\" content=\"El presidente Luis Abinader design\u00f3 ayer a Luz Jim\u00e9nez Ram\u00edrez nueva ministra de la Juventud en sustituci\u00f3n de Kimberly Taveras, quien renunci\u00f3 de su cargo el pasado lunes por el proceso judicial que tiene&#046;&#046;&#046;\" \/>\n<meta property=\"og:url\" content=\"https:\/\/noti-america.com\/site\/repdom\/2020\/12\/10\/luz-jimenez-ramirez-sera-la-nueva-ministra-de-la-juventud\/\" \/>\n<meta property=\"og:site_name\" content=\"Rep. Dominicana | Noti-America.com\" \/>\n<meta property=\"article:published_time\" content=\"2020-12-10T13:20:30+00:00\" \/>\n<meta property=\"og:image\" content=\"https:\/\/noti-america.com\/site\/repdom\/wp-content\/uploads\/sites\/6\/2020\/12\/7b098160-luz-jimenez-ramirez-la-juventud-5fd1807f583aa-640x384-1.jpg\" \/>\n\t<meta property=\"og:image:width\" content=\"640\" \/>\n\t<meta property=\"og:image:height\" content=\"384\" \/>\n\t<meta property=\"og:image:type\" content=\"image\/jpeg\" \/>\n<meta name=\"author\" content=\"Ann\u00e9 Cruz\" \/>\n<meta name=\"twitter:card\" content=\"summary_large_image\" \/>\n<meta name=\"twitter:label1\" content=\"Escrito por\" \/>\n\t<meta name=\"twitter:data1\" content=\"Ann\u00e9 Cruz\" \/>\n\t<meta name=\"twitter:label2\" content=\"Tiempo estimado de lectura\" \/>\n\t<meta name=\"twitter:data2\" content=\"2 minutos\" \/>\n<script type=\"application\/ld+json\" class=\"yoast-schema-graph\">{\"@context\":\"https:\/\/schema.org\",\"@graph\":[{\"@type\":\"Article\",\"@id\":\"https:\/\/noti-america.com\/site\/repdom\/2020\/12\/10\/luz-jimenez-ramirez-sera-la-nueva-ministra-de-la-juventud\/#article\",\"isPartOf\":{\"@id\":\"https:\/\/noti-america.com\/site\/repdom\/2020\/12\/10\/luz-jimenez-ramirez-sera-la-nueva-ministra-de-la-juventud\/\"},\"author\":{\"name\":\"Ann\u00e9 Cruz\",\"@id\":\"https:\/\/noti-america.com\/site\/repdom\/#\/schema\/person\/01b6a5fcca2b30bc220da2842f0b6060\"},\"headline\":\"Luz Jim\u00e9nez Ram\u00edrez ser\u00e1 la nueva ministra de la Juventud\",\"datePublished\":\"2020-12-10T13:20:30+00:00\",\"mainEntityOfPage\":{\"@id\":\"https:\/\/noti-america.com\/site\/repdom\/2020\/12\/10\/luz-jimenez-ramirez-sera-la-nueva-ministra-de-la-juventud\/\"},\"wordCount\":328,\"commentCount\":0,\"publisher\":{\"@id\":\"https:\/\/noti-america.com\/site\/repdom\/#organization\"},\"image\":{\"@id\":\"https:\/\/noti-america.com\/site\/repdom\/2020\/12\/10\/luz-jimenez-ramirez-sera-la-nueva-ministra-de-la-juventud\/#primaryimage\"},\"thumbnailUrl\":\"https:\/\/noti-america.com\/site\/repdom\/wp-content\/uploads\/sites\/6\/2020\/12\/7b098160-luz-jimenez-ramirez-la-juventud-5fd1807f583aa-640x384-1.jpg\",\"articleSection\":[\"Noticias\"],\"inLanguage\":\"es\",\"potentialAction\":[{\"@type\":\"CommentAction\",\"name\":\"Comment\",\"target\":[\"https:\/\/noti-america.com\/site\/repdom\/2020\/12\/10\/luz-jimenez-ramirez-sera-la-nueva-ministra-de-la-juventud\/#respond\"]}]},{\"@type\":\"WebPage\",\"@id\":\"https:\/\/noti-america.com\/site\/repdom\/2020\/12\/10\/luz-jimenez-ramirez-sera-la-nueva-ministra-de-la-juventud\/\",\"url\":\"https:\/\/noti-america.com\/site\/repdom\/2020\/12\/10\/luz-jimenez-ramirez-sera-la-nueva-ministra-de-la-juventud\/\",\"name\":\"Luz Jim\u00e9nez Ram\u00edrez ser\u00e1 la nueva ministra de la Juventud - Rep. Dominicana | Noti-America.com\",\"isPartOf\":{\"@id\":\"https:\/\/noti-america.com\/site\/repdom\/#website\"},\"primaryImageOfPage\":{\"@id\":\"https:\/\/noti-america.com\/site\/repdom\/2020\/12\/10\/luz-jimenez-ramirez-sera-la-nueva-ministra-de-la-juventud\/#primaryimage\"},\"image\":{\"@id\":\"https:\/\/noti-america.com\/site\/repdom\/2020\/12\/10\/luz-jimenez-ramirez-sera-la-nueva-ministra-de-la-juventud\/#primaryimage\"},\"thumbnailUrl\":\"https:\/\/noti-america.com\/site\/repdom\/wp-content\/uploads\/sites\/6\/2020\/12\/7b098160-luz-jimenez-ramirez-la-juventud-5fd1807f583aa-640x384-1.jpg\",\"datePublished\":\"2020-12-10T13:20:30+00:00\",\"breadcrumb\":{\"@id\":\"https:\/\/noti-america.com\/site\/repdom\/2020\/12\/10\/luz-jimenez-ramirez-sera-la-nueva-ministra-de-la-juventud\/#breadcrumb\"},\"inLanguage\":\"es\",\"potentialAction\":[{\"@type\":\"ReadAction\",\"target\":[\"https:\/\/noti-america.com\/site\/repdom\/2020\/12\/10\/luz-jimenez-ramirez-sera-la-nueva-ministra-de-la-juventud\/\"]}]},{\"@type\":\"ImageObject\",\"inLanguage\":\"es\",\"@id\":\"https:\/\/noti-america.com\/site\/repdom\/2020\/12\/10\/luz-jimenez-ramirez-sera-la-nueva-ministra-de-la-juventud\/#primaryimage\",\"url\":\"https:\/\/noti-america.com\/site\/repdom\/wp-content\/uploads\/sites\/6\/2020\/12\/7b098160-luz-jimenez-ramirez-la-juventud-5fd1807f583aa-640x384-1.jpg\",\"contentUrl\":\"https:\/\/noti-america.com\/site\/repdom\/wp-content\/uploads\/sites\/6\/2020\/12\/7b098160-luz-jimenez-ramirez-la-juventud-5fd1807f583aa-640x384-1.jpg\",\"width\":640,\"height\":384},{\"@type\":\"BreadcrumbList\",\"@id\":\"https:\/\/noti-america.com\/site\/repdom\/2020\/12\/10\/luz-jimenez-ramirez-sera-la-nueva-ministra-de-la-juventud\/#breadcrumb\",\"itemListElement\":[{\"@type\":\"ListItem\",\"position\":1,\"name\":\"Portada\",\"item\":\"https:\/\/noti-america.com\/site\/repdom\/\"},{\"@type\":\"ListItem\",\"position\":2,\"name\":\"Luz Jim\u00e9nez Ram\u00edrez ser\u00e1 la nueva ministra de la Juventud\"}]},{\"@type\":\"WebSite\",\"@id\":\"https:\/\/noti-america.com\/site\/repdom\/#website\",\"url\":\"https:\/\/noti-america.com\/site\/repdom\/\",\"name\":\"Rep. Dominicana | Noti-America.com\",\"description\":\"\",\"publisher\":{\"@id\":\"https:\/\/noti-america.com\/site\/repdom\/#organization\"},\"potentialAction\":[{\"@type\":\"SearchAction\",\"target\":{\"@type\":\"EntryPoint\",\"urlTemplate\":\"https:\/\/noti-america.com\/site\/repdom\/?s={search_term_string}\"},\"query-input\":{\"@type\":\"PropertyValueSpecification\",\"valueRequired\":true,\"valueName\":\"search_term_string\"}}],\"inLanguage\":\"es\"},{\"@type\":\"Organization\",\"@id\":\"https:\/\/noti-america.com\/site\/repdom\/#organization\",\"name\":\"Noti-America LLC | Rep\u00fablica Dominicana\",\"url\":\"https:\/\/noti-america.com\/site\/repdom\/\",\"logo\":{\"@type\":\"ImageObject\",\"inLanguage\":\"es\",\"@id\":\"https:\/\/noti-america.com\/site\/repdom\/#\/schema\/logo\/image\/\",\"url\":\"https:\/\/noti-america.com\/site\/repdom\/wp-content\/uploads\/sites\/6\/2020\/07\/LogoNA-4x3-1.jpg\",\"contentUrl\":\"https:\/\/noti-america.com\/site\/repdom\/wp-content\/uploads\/sites\/6\/2020\/07\/LogoNA-4x3-1.jpg\",\"width\":1236,\"height\":1080,\"caption\":\"Noti-America LLC | Rep\u00fablica Dominicana\"},\"image\":{\"@id\":\"https:\/\/noti-america.com\/site\/repdom\/#\/schema\/logo\/image\/\"}},{\"@type\":\"Person\",\"@id\":\"https:\/\/noti-america.com\/site\/repdom\/#\/schema\/person\/01b6a5fcca2b30bc220da2842f0b6060\",\"name\":\"Ann\u00e9 Cruz\",\"image\":{\"@type\":\"ImageObject\",\"inLanguage\":\"es\",\"@id\":\"https:\/\/secure.gravatar.com\/avatar\/f5aaeb3fd16b65f7d601dd99d7f1dcaaf7065ea361b219976bcf5d43d0980e1b?s=96&d=mm&r=g\",\"url\":\"https:\/\/secure.gravatar.com\/avatar\/f5aaeb3fd16b65f7d601dd99d7f1dcaaf7065ea361b219976bcf5d43d0980e1b?s=96&d=mm&r=g\",\"contentUrl\":\"https:\/\/secure.gravatar.com\/avatar\/f5aaeb3fd16b65f7d601dd99d7f1dcaaf7065ea361b219976bcf5d43d0980e1b?s=96&d=mm&r=g\",\"caption\":\"Ann\u00e9 Cruz\"},\"description\":\"Emprendedora, publirrelacionista y periodista especializada en Comunicaci\u00f3n Pol\u00edtica e Institucional.\",\"url\":\"https:\/\/noti-america.com\/site\/repdom\/author\/adelacruz\/\"}]}<\/script>\n<!-- \/ Yoast SEO Premium plugin. -->","yoast_head_json":{"title":"Luz Jim\u00e9nez Ram\u00edrez ser\u00e1 la nueva ministra de la Juventud - Rep. Dominicana | Noti-America.com","robots":{"index":"index","follow":"follow","max-snippet":"max-snippet:-1","max-image-preview":"max-image-preview:large","max-video-preview":"max-video-preview:-1"},"canonical":"https:\/\/noti-america.com\/site\/repdom\/2020\/12\/10\/luz-jimenez-ramirez-sera-la-nueva-ministra-de-la-juventud\/","og_locale":"es_ES","og_type":"article","og_title":"Luz Jim\u00e9nez Ram\u00edrez ser\u00e1 la nueva ministra de la Juventud","og_description":"El presidente Luis Abinader design\u00f3 ayer a Luz Jim\u00e9nez Ram\u00edrez nueva ministra de la Juventud en sustituci\u00f3n de Kimberly Taveras, quien renunci\u00f3 de su cargo el pasado lunes por el proceso judicial que tiene&#46;&#46;&#46;","og_url":"https:\/\/noti-america.com\/site\/repdom\/2020\/12\/10\/luz-jimenez-ramirez-sera-la-nueva-ministra-de-la-juventud\/","og_site_name":"Rep. Dominicana | Noti-America.com","article_published_time":"2020-12-10T13:20:30+00:00","og_image":[{"width":640,"height":384,"url":"https:\/\/noti-america.com\/site\/repdom\/wp-content\/uploads\/sites\/6\/2020\/12\/7b098160-luz-jimenez-ramirez-la-juventud-5fd1807f583aa-640x384-1.jpg","type":"image\/jpeg"}],"author":"Ann\u00e9 Cruz","twitter_card":"summary_large_image","twitter_misc":{"Escrito por":"Ann\u00e9 Cruz","Tiempo estimado de lectura":"2 minutos"},"schema":{"@context":"https:\/\/schema.org","@graph":[{"@type":"Article","@id":"https:\/\/noti-america.com\/site\/repdom\/2020\/12\/10\/luz-jimenez-ramirez-sera-la-nueva-ministra-de-la-juventud\/#article","isPartOf":{"@id":"https:\/\/noti-america.com\/site\/repdom\/2020\/12\/10\/luz-jimenez-ramirez-sera-la-nueva-ministra-de-la-juventud\/"},"author":{"name":"Ann\u00e9 Cruz","@id":"https:\/\/noti-america.com\/site\/repdom\/#\/schema\/person\/01b6a5fcca2b30bc220da2842f0b6060"},"headline":"Luz Jim\u00e9nez Ram\u00edrez ser\u00e1 la nueva ministra de la Juventud","datePublished":"2020-12-10T13:20:30+00:00","mainEntityOfPage":{"@id":"https:\/\/noti-america.com\/site\/repdom\/2020\/12\/10\/luz-jimenez-ramirez-sera-la-nueva-ministra-de-la-juventud\/"},"wordCount":328,"commentCount":0,"publisher":{"@id":"https:\/\/noti-america.com\/site\/repdom\/#organization"},"image":{"@id":"https:\/\/noti-america.com\/site\/repdom\/2020\/12\/10\/luz-jimenez-ramirez-sera-la-nueva-ministra-de-la-juventud\/#primaryimage"},"thumbnailUrl":"https:\/\/noti-america.com\/site\/repdom\/wp-content\/uploads\/sites\/6\/2020\/12\/7b098160-luz-jimenez-ramirez-la-juventud-5fd1807f583aa-640x384-1.jpg","articleSection":["Noticias"],"inLanguage":"es","potentialAction":[{"@type":"CommentAction","name":"Comment","target":["https:\/\/noti-america.com\/site\/repdom\/2020\/12\/10\/luz-jimenez-ramirez-sera-la-nueva-ministra-de-la-juventud\/#respond"]}]},{"@type":"WebPage","@id":"https:\/\/noti-america.com\/site\/repdom\/2020\/12\/10\/luz-jimenez-ramirez-sera-la-nueva-ministra-de-la-juventud\/","url":"https:\/\/noti-america.com\/site\/repdom\/2020\/12\/10\/luz-jimenez-ramirez-sera-la-nueva-ministra-de-la-juventud\/","name":"Luz Jim\u00e9nez Ram\u00edrez ser\u00e1 la nueva ministra de la Juventud - Rep. Dominicana | Noti-America.com","isPartOf":{"@id":"https:\/\/noti-america.com\/site\/repdom\/#website"},"primaryImageOfPage":{"@id":"https:\/\/noti-america.com\/site\/repdom\/2020\/12\/10\/luz-jimenez-ramirez-sera-la-nueva-ministra-de-la-juventud\/#primaryimage"},"image":{"@id":"https:\/\/noti-america.com\/site\/repdom\/2020\/12\/10\/luz-jimenez-ramirez-sera-la-nueva-ministra-de-la-juventud\/#primaryimage"},"thumbnailUrl":"https:\/\/noti-america.com\/site\/repdom\/wp-content\/uploads\/sites\/6\/2020\/12\/7b098160-luz-jimenez-ramirez-la-juventud-5fd1807f583aa-640x384-1.jpg","datePublished":"2020-12-10T13:20:30+00:00","breadcrumb":{"@id":"https:\/\/noti-america.com\/site\/repdom\/2020\/12\/10\/luz-jimenez-ramirez-sera-la-nueva-ministra-de-la-juventud\/#breadcrumb"},"inLanguage":"es","potentialAction":[{"@type":"ReadAction","target":["https:\/\/noti-america.com\/site\/repdom\/2020\/12\/10\/luz-jimenez-ramirez-sera-la-nueva-ministra-de-la-juventud\/"]}]},{"@type":"ImageObject","inLanguage":"es","@id":"https:\/\/noti-america.com\/site\/repdom\/2020\/12\/10\/luz-jimenez-ramirez-sera-la-nueva-ministra-de-la-juventud\/#primaryimage","url":"https:\/\/noti-america.com\/site\/repdom\/wp-content\/uploads\/sites\/6\/2020\/12\/7b098160-luz-jimenez-ramirez-la-juventud-5fd1807f583aa-640x384-1.jpg","contentUrl":"https:\/\/noti-america.com\/site\/repdom\/wp-content\/uploads\/sites\/6\/2020\/12\/7b098160-luz-jimenez-ramirez-la-juventud-5fd1807f583aa-640x384-1.jpg","width":640,"height":384},{"@type":"BreadcrumbList","@id":"https:\/\/noti-america.com\/site\/repdom\/2020\/12\/10\/luz-jimenez-ramirez-sera-la-nueva-ministra-de-la-juventud\/#breadcrumb","itemListElement":[{"@type":"ListItem","position":1,"name":"Portada","item":"https:\/\/noti-america.com\/site\/repdom\/"},{"@type":"ListItem","position":2,"name":"Luz Jim\u00e9nez Ram\u00edrez ser\u00e1 la nueva ministra de la Juventud"}]},{"@type":"WebSite","@id":"https:\/\/noti-america.com\/site\/repdom\/#website","url":"https:\/\/noti-america.com\/site\/repdom\/","name":"Rep. Dominicana | Noti-America.com","description":"","publisher":{"@id":"https:\/\/noti-america.com\/site\/repdom\/#organization"},"potentialAction":[{"@type":"SearchAction","target":{"@type":"EntryPoint","urlTemplate":"https:\/\/noti-america.com\/site\/repdom\/?s={search_term_string}"},"query-input":{"@type":"PropertyValueSpecification","valueRequired":true,"valueName":"search_term_string"}}],"inLanguage":"es"},{"@type":"Organization","@id":"https:\/\/noti-america.com\/site\/repdom\/#organization","name":"Noti-America LLC | Rep\u00fablica Dominicana","url":"https:\/\/noti-america.com\/site\/repdom\/","logo":{"@type":"ImageObject","inLanguage":"es","@id":"https:\/\/noti-america.com\/site\/repdom\/#\/schema\/logo\/image\/","url":"https:\/\/noti-america.com\/site\/repdom\/wp-content\/uploads\/sites\/6\/2020\/07\/LogoNA-4x3-1.jpg","contentUrl":"https:\/\/noti-america.com\/site\/repdom\/wp-content\/uploads\/sites\/6\/2020\/07\/LogoNA-4x3-1.jpg","width":1236,"height":1080,"caption":"Noti-America LLC | Rep\u00fablica Dominicana"},"image":{"@id":"https:\/\/noti-america.com\/site\/repdom\/#\/schema\/logo\/image\/"}},{"@type":"Person","@id":"https:\/\/noti-america.com\/site\/repdom\/#\/schema\/person\/01b6a5fcca2b30bc220da2842f0b6060","name":"Ann\u00e9 Cruz","image":{"@type":"ImageObject","inLanguage":"es","@id":"https:\/\/secure.gravatar.com\/avatar\/f5aaeb3fd16b65f7d601dd99d7f1dcaaf7065ea361b219976bcf5d43d0980e1b?s=96&d=mm&r=g","url":"https:\/\/secure.gravatar.com\/avatar\/f5aaeb3fd16b65f7d601dd99d7f1dcaaf7065ea361b219976bcf5d43d0980e1b?s=96&d=mm&r=g","contentUrl":"https:\/\/secure.gravatar.com\/avatar\/f5aaeb3fd16b65f7d601dd99d7f1dcaaf7065ea361b219976bcf5d43d0980e1b?s=96&d=mm&r=g","caption":"Ann\u00e9 Cruz"},"description":"Emprendedora, publirrelacionista y periodista especializada en Comunicaci\u00f3n Pol\u00edtica e Institucional.","url":"https:\/\/noti-america.com\/site\/repdom\/author\/adelacruz\/"}]}},"_links":{"self":[{"href":"https:\/\/noti-america.com\/site\/repdom\/wp-json\/wp\/v2\/posts\/6732","targetHints":{"allow":["GET"]}}],"collection":[{"href":"https:\/\/noti-america.com\/site\/repdom\/wp-json\/wp\/v2\/posts"}],"about":[{"href":"https:\/\/noti-america.com\/site\/repdom\/wp-json\/wp\/v2\/types\/post"}],"author":[{"embeddable":true,"href":"https:\/\/noti-america.com\/site\/repdom\/wp-json\/wp\/v2\/users\/99"}],"replies":[{"embeddable":true,"href":"https:\/\/noti-america.com\/site\/repdom\/wp-json\/wp\/v2\/comments?post=6732"}],"version-history":[{"count":1,"href":"https:\/\/noti-america.com\/site\/repdom\/wp-json\/wp\/v2\/posts\/6732\/revisions"}],"predecessor-version":[{"id":6734,"href":"https:\/\/noti-america.com\/site\/repdom\/wp-json\/wp\/v2\/posts\/6732\/revisions\/6734"}],"wp:featuredmedia":[{"embeddable":true,"href":"https:\/\/noti-america.com\/site\/repdom\/wp-json\/wp\/v2\/media\/6733"}],"wp:attachment":[{"href":"https:\/\/noti-america.com\/site\/repdom\/wp-json\/wp\/v2\/media?parent=6732"}],"wp:term":[{"taxonomy":"category","embeddable":true,"href":"https:\/\/noti-america.com\/site\/repdom\/wp-json\/wp\/v2\/categories?post=6732"},{"taxonomy":"post_tag","embeddable":true,"href":"https:\/\/noti-america.com\/site\/repdom\/wp-json\/wp\/v2\/tags?post=6732"}],"curies":[{"name":"wp","href":"https:\/\/api.w.org\/{rel}","templated":true}]}}