{"id":6656,"date":"2020-12-09T02:03:48","date_gmt":"2020-12-09T02:03:48","guid":{"rendered":"https:\/\/noti-america.com\/site\/repdom\/?p=6656"},"modified":"2020-12-09T02:03:48","modified_gmt":"2020-12-09T02:03:48","slug":"infotep-adozona-y-cluster-logistico-unidos-en-proposito-de-convertir-rd-en-centro-regional-de-manufactura","status":"publish","type":"post","link":"https:\/\/noti-america.com\/site\/repdom\/2020\/12\/09\/infotep-adozona-y-cluster-logistico-unidos-en-proposito-de-convertir-rd-en-centro-regional-de-manufactura\/","title":{"rendered":"INFOTEP, ADOZONA y Cl\u00faster Log\u00edstico unidos en prop\u00f3sito de convertir RD en centro regional de manufactura"},"content":{"rendered":"<p><img loading=\"lazy\" decoding=\"async\" class=\"\" src=\"https:\/\/proceso.com.do\/wp-content\/uploads\/2020\/12\/917d5dfc-rafael-santos-bad%C3%ADa-director-general-del-infotep-junto-a-miembros-de-adozona-y-el-cl%C3%BAster-log%C3%ADstico.jpg\" width=\"462\" height=\"308\" \/><\/p>\n<p><em><strong>NOTI-AMERICA REP\u00daBLICA DOMINICANA\u00a0<\/strong><\/em><\/p>\n<div class=\"nota\">\n<p style=\"text-align: justify\"><strong>Rep\u00fablica Dominicana.-<\/strong>El Instituto Nacional de Formaci\u00f3n T\u00e9cnico Profesional (INFOTEP) junto a la Asociaci\u00f3n Dominicana de Zonas Francas (ADOZONA) y el Cl\u00faster Log\u00edstico de la Rep\u00fablica Dominicana, iniciar\u00e1n un proceso de formaci\u00f3n de Agentes Internacionales de Log\u00edstica, destinado a fortalecer al capital humano que se dedica a la distribuci\u00f3n de carga hacia otros destinos del mundo.<\/p>\n<p style=\"text-align: justify\">El director general del INFOTEP, Rafael Santos\u00a0 Bad\u00eda, tambi\u00e9n anunci\u00f3 el relanzamiento del programa de Formaci\u00f3n Dual que desarrolla la instituci\u00f3n\u00a0 junto a AZODONA en puertos y aeropuertos, as\u00ed como en las empresas que se dedican a la clasificaci\u00f3n y distribuci\u00f3n de carga.<\/p>\n<p style=\"text-align: justify\">Santos Bad\u00eda ofreci\u00f3 estas declaraciones en el marco de una reuni\u00f3n de trabajo llevada a cabo, junto a directivos del INFOTEP, con representantes de ADOZONA y el Cl\u00faster Log\u00edstico de la Rep\u00fablica Dominicana, en la que se sentaron las bases de nuevos acuerdos de colaboraci\u00f3n entre las tres entidades.<\/p>\n<p style=\"text-align: justify\">Jos\u00e9 Manuel Torres, vicepresidente ejecutivo de ADOZONA, indic\u00f3 que el principal objetivo del Cl\u00faster Log\u00edstico, es formar a su personal con el fin de tener un capital humano con los niveles t\u00e9cnicos requeridos para impulsar a ese subsector de la econom\u00eda.<\/p>\n<p style=\"text-align: justify\">Torres\u00a0 indic\u00f3 que la intenci\u00f3n es convertir a la Rep\u00fablica Dominicana en un hub regional de manufactura y procesos globales.<\/p>\n<p style=\"text-align: justify\">\u201cDebemos estar preparados ya que, en estos momentos, el escenario internacional nos presenta una gran oportunidad con la relocalizaci\u00f3n de las inversiones. Esto repercute en mayor inversi\u00f3n para el pa\u00eds y, en consecuencia, se generar\u00edan m\u00e1s puestos de trabajo\u201d, explic\u00f3 Torres.<\/p>\n<p style=\"text-align: justify\">De su lado, Jhonatan B\u00e1ez, coordinador general del Cl\u00faster Log\u00edstico de la Rep\u00fablica Dominicana, expres\u00f3 su satisfacci\u00f3n con los resultados de la reuni\u00f3n y expres\u00f3 su compromiso con la formaci\u00f3n del capital humano y con la generaci\u00f3n de empleos.<\/p>\n<p style=\"text-align: justify\">El director general del INFOTEP, instruy\u00f3 crear una comisi\u00f3n de trabajo y seguimiento para definir las necesidades y el plan de acciones que se llevar\u00e1n a cabo para fortalecer la formaci\u00f3n t\u00e9cnica profesional a esos colaboradores.<\/p>\n<p style=\"text-align: justify\">En la reuni\u00f3n estuvieron presentes adem\u00e1s, por el INFOTEP, Maira Morla sub directora general y Ondina Marte, gerente de Planificaci\u00f3n Estrat\u00e9gica e Inteligencia Institucional.<\/p>\n<p style=\"text-align: justify\">Por el Cl\u00faster Log\u00edstico de la Rep\u00fablica Dominicana, Pa\u00fal Machuca, Rosa Hern\u00e1ndez y Raquel Rodr\u00edguez.<\/p>\n<\/div>\n<div class=\"related-content\" style=\"text-align: justify\">\n<div class=\"related-content-header\"><\/div>\n<\/div>\n<p style=\"text-align: justify\">\n","protected":false},"excerpt":{"rendered":"<p>NOTI-AMERICA REP\u00daBLICA DOMINICANA\u00a0 Rep\u00fablica Dominicana.-El Instituto Nacional de Formaci\u00f3n T\u00e9cnico Profesional (INFOTEP) junto a la Asociaci\u00f3n Dominicana de Zonas Francas (ADOZONA) y el Cl\u00faster Log\u00edstico de la Rep\u00fablica Dominicana, iniciar\u00e1n un proceso de formaci\u00f3n&#46;&#46;&#46;<\/p>\n","protected":false},"author":92,"featured_media":0,"comment_status":"open","ping_status":"open","sticky":false,"template":"","format":"image","meta":{"_acf_changed":false,"rop_custom_images_group":[],"rop_custom_messages_group":[],"rop_publish_now":"initial","rop_publish_now_accounts":[],"rop_publish_now_history":[],"rop_publish_now_status":"pending","footnotes":""},"categories":[105],"tags":[],"class_list":["post-6656","post","type-post","status-publish","format-image","hentry","category-noticias","post_format-post-format-image"],"acf":[],"yoast_head":"<!-- This site is optimized with the Yoast SEO Premium plugin v24.9 (Yoast SEO v27.2) - https:\/\/yoast.com\/product\/yoast-seo-premium-wordpress\/ -->\n<title>INFOTEP, ADOZONA y Cl\u00faster Log\u00edstico unidos en prop\u00f3sito de convertir RD en centro regional de manufactura - Rep. Dominicana | Noti-America.com<\/title>\n<meta name=\"robots\" content=\"index, follow, max-snippet:-1, max-image-preview:large, max-video-preview:-1\" \/>\n<link rel=\"canonical\" href=\"https:\/\/noti-america.com\/site\/repdom\/2020\/12\/09\/infotep-adozona-y-cluster-logistico-unidos-en-proposito-de-convertir-rd-en-centro-regional-de-manufactura\/\" \/>\n<meta property=\"og:locale\" content=\"es_ES\" \/>\n<meta property=\"og:type\" content=\"article\" \/>\n<meta property=\"og:title\" content=\"INFOTEP, ADOZONA y Cl\u00faster Log\u00edstico unidos en prop\u00f3sito de convertir RD en centro regional de manufactura\" \/>\n<meta property=\"og:description\" content=\"NOTI-AMERICA REP\u00daBLICA DOMINICANA\u00a0 Rep\u00fablica Dominicana.-El Instituto Nacional de Formaci\u00f3n T\u00e9cnico Profesional (INFOTEP) junto a la Asociaci\u00f3n Dominicana de Zonas Francas (ADOZONA) y el Cl\u00faster Log\u00edstico de la Rep\u00fablica Dominicana, iniciar\u00e1n un proceso de formaci\u00f3n&#046;&#046;&#046;\" \/>\n<meta property=\"og:url\" content=\"https:\/\/noti-america.com\/site\/repdom\/2020\/12\/09\/infotep-adozona-y-cluster-logistico-unidos-en-proposito-de-convertir-rd-en-centro-regional-de-manufactura\/\" \/>\n<meta property=\"og:site_name\" content=\"Rep. Dominicana | Noti-America.com\" \/>\n<meta property=\"article:published_time\" content=\"2020-12-09T02:03:48+00:00\" \/>\n<meta property=\"og:image\" content=\"https:\/\/proceso.com.do\/wp-content\/uploads\/2020\/12\/917d5dfc-rafael-santos-bad%C3%ADa-director-general-del-infotep-junto-a-miembros-de-adozona-y-el-cl%C3%BAster-log%C3%ADstico.jpg\" \/>\n<meta name=\"author\" content=\"Sueanny Guzm\u00e1n\" \/>\n<meta name=\"twitter:card\" content=\"summary_large_image\" \/>\n<meta name=\"twitter:creator\" content=\"@sueannyguzmanrd\" \/>\n<meta name=\"twitter:label1\" content=\"Escrito por\" \/>\n\t<meta name=\"twitter:data1\" content=\"Sueanny Guzm\u00e1n\" \/>\n\t<meta name=\"twitter:label2\" content=\"Tiempo estimado de lectura\" \/>\n\t<meta name=\"twitter:data2\" content=\"2 minutos\" \/>\n<script type=\"application\/ld+json\" class=\"yoast-schema-graph\">{\"@context\":\"https:\/\/schema.org\",\"@graph\":[{\"@type\":\"Article\",\"@id\":\"https:\/\/noti-america.com\/site\/repdom\/2020\/12\/09\/infotep-adozona-y-cluster-logistico-unidos-en-proposito-de-convertir-rd-en-centro-regional-de-manufactura\/#article\",\"isPartOf\":{\"@id\":\"https:\/\/noti-america.com\/site\/repdom\/2020\/12\/09\/infotep-adozona-y-cluster-logistico-unidos-en-proposito-de-convertir-rd-en-centro-regional-de-manufactura\/\"},\"author\":{\"name\":\"Sueanny Guzm\u00e1n\",\"@id\":\"https:\/\/noti-america.com\/site\/repdom\/#\/schema\/person\/3e41f2e0a88de2dbfa74310de6e08c3b\"},\"headline\":\"INFOTEP, ADOZONA y Cl\u00faster Log\u00edstico unidos en prop\u00f3sito de convertir RD en centro regional de manufactura\",\"datePublished\":\"2020-12-09T02:03:48+00:00\",\"mainEntityOfPage\":{\"@id\":\"https:\/\/noti-america.com\/site\/repdom\/2020\/12\/09\/infotep-adozona-y-cluster-logistico-unidos-en-proposito-de-convertir-rd-en-centro-regional-de-manufactura\/\"},\"wordCount\":443,\"commentCount\":0,\"publisher\":{\"@id\":\"https:\/\/noti-america.com\/site\/repdom\/#organization\"},\"image\":{\"@id\":\"https:\/\/noti-america.com\/site\/repdom\/2020\/12\/09\/infotep-adozona-y-cluster-logistico-unidos-en-proposito-de-convertir-rd-en-centro-regional-de-manufactura\/#primaryimage\"},\"thumbnailUrl\":\"https:\/\/proceso.com.do\/wp-content\/uploads\/2020\/12\/917d5dfc-rafael-santos-bad%C3%ADa-director-general-del-infotep-junto-a-miembros-de-adozona-y-el-cl%C3%BAster-log%C3%ADstico.jpg\",\"articleSection\":[\"Noticias\"],\"inLanguage\":\"es\",\"potentialAction\":[{\"@type\":\"CommentAction\",\"name\":\"Comment\",\"target\":[\"https:\/\/noti-america.com\/site\/repdom\/2020\/12\/09\/infotep-adozona-y-cluster-logistico-unidos-en-proposito-de-convertir-rd-en-centro-regional-de-manufactura\/#respond\"]}]},{\"@type\":\"WebPage\",\"@id\":\"https:\/\/noti-america.com\/site\/repdom\/2020\/12\/09\/infotep-adozona-y-cluster-logistico-unidos-en-proposito-de-convertir-rd-en-centro-regional-de-manufactura\/\",\"url\":\"https:\/\/noti-america.com\/site\/repdom\/2020\/12\/09\/infotep-adozona-y-cluster-logistico-unidos-en-proposito-de-convertir-rd-en-centro-regional-de-manufactura\/\",\"name\":\"INFOTEP, ADOZONA y Cl\u00faster Log\u00edstico unidos en prop\u00f3sito de convertir RD en centro regional de manufactura - Rep. Dominicana | Noti-America.com\",\"isPartOf\":{\"@id\":\"https:\/\/noti-america.com\/site\/repdom\/#website\"},\"primaryImageOfPage\":{\"@id\":\"https:\/\/noti-america.com\/site\/repdom\/2020\/12\/09\/infotep-adozona-y-cluster-logistico-unidos-en-proposito-de-convertir-rd-en-centro-regional-de-manufactura\/#primaryimage\"},\"image\":{\"@id\":\"https:\/\/noti-america.com\/site\/repdom\/2020\/12\/09\/infotep-adozona-y-cluster-logistico-unidos-en-proposito-de-convertir-rd-en-centro-regional-de-manufactura\/#primaryimage\"},\"thumbnailUrl\":\"https:\/\/proceso.com.do\/wp-content\/uploads\/2020\/12\/917d5dfc-rafael-santos-bad%C3%ADa-director-general-del-infotep-junto-a-miembros-de-adozona-y-el-cl%C3%BAster-log%C3%ADstico.jpg\",\"datePublished\":\"2020-12-09T02:03:48+00:00\",\"breadcrumb\":{\"@id\":\"https:\/\/noti-america.com\/site\/repdom\/2020\/12\/09\/infotep-adozona-y-cluster-logistico-unidos-en-proposito-de-convertir-rd-en-centro-regional-de-manufactura\/#breadcrumb\"},\"inLanguage\":\"es\",\"potentialAction\":[{\"@type\":\"ReadAction\",\"target\":[\"https:\/\/noti-america.com\/site\/repdom\/2020\/12\/09\/infotep-adozona-y-cluster-logistico-unidos-en-proposito-de-convertir-rd-en-centro-regional-de-manufactura\/\"]}]},{\"@type\":\"ImageObject\",\"inLanguage\":\"es\",\"@id\":\"https:\/\/noti-america.com\/site\/repdom\/2020\/12\/09\/infotep-adozona-y-cluster-logistico-unidos-en-proposito-de-convertir-rd-en-centro-regional-de-manufactura\/#primaryimage\",\"url\":\"https:\/\/proceso.com.do\/wp-content\/uploads\/2020\/12\/917d5dfc-rafael-santos-bad%C3%ADa-director-general-del-infotep-junto-a-miembros-de-adozona-y-el-cl%C3%BAster-log%C3%ADstico.jpg\",\"contentUrl\":\"https:\/\/proceso.com.do\/wp-content\/uploads\/2020\/12\/917d5dfc-rafael-santos-bad%C3%ADa-director-general-del-infotep-junto-a-miembros-de-adozona-y-el-cl%C3%BAster-log%C3%ADstico.jpg\"},{\"@type\":\"BreadcrumbList\",\"@id\":\"https:\/\/noti-america.com\/site\/repdom\/2020\/12\/09\/infotep-adozona-y-cluster-logistico-unidos-en-proposito-de-convertir-rd-en-centro-regional-de-manufactura\/#breadcrumb\",\"itemListElement\":[{\"@type\":\"ListItem\",\"position\":1,\"name\":\"Portada\",\"item\":\"https:\/\/noti-america.com\/site\/repdom\/\"},{\"@type\":\"ListItem\",\"position\":2,\"name\":\"INFOTEP, ADOZONA y Cl\u00faster Log\u00edstico unidos en prop\u00f3sito de convertir RD en centro regional de manufactura\"}]},{\"@type\":\"WebSite\",\"@id\":\"https:\/\/noti-america.com\/site\/repdom\/#website\",\"url\":\"https:\/\/noti-america.com\/site\/repdom\/\",\"name\":\"Rep. Dominicana | Noti-America.com\",\"description\":\"\",\"publisher\":{\"@id\":\"https:\/\/noti-america.com\/site\/repdom\/#organization\"},\"potentialAction\":[{\"@type\":\"SearchAction\",\"target\":{\"@type\":\"EntryPoint\",\"urlTemplate\":\"https:\/\/noti-america.com\/site\/repdom\/?s={search_term_string}\"},\"query-input\":{\"@type\":\"PropertyValueSpecification\",\"valueRequired\":true,\"valueName\":\"search_term_string\"}}],\"inLanguage\":\"es\"},{\"@type\":\"Organization\",\"@id\":\"https:\/\/noti-america.com\/site\/repdom\/#organization\",\"name\":\"Noti-America LLC | Rep\u00fablica Dominicana\",\"url\":\"https:\/\/noti-america.com\/site\/repdom\/\",\"logo\":{\"@type\":\"ImageObject\",\"inLanguage\":\"es\",\"@id\":\"https:\/\/noti-america.com\/site\/repdom\/#\/schema\/logo\/image\/\",\"url\":\"https:\/\/noti-america.com\/site\/repdom\/wp-content\/uploads\/sites\/6\/2020\/07\/LogoNA-4x3-1.jpg\",\"contentUrl\":\"https:\/\/noti-america.com\/site\/repdom\/wp-content\/uploads\/sites\/6\/2020\/07\/LogoNA-4x3-1.jpg\",\"width\":1236,\"height\":1080,\"caption\":\"Noti-America LLC | Rep\u00fablica Dominicana\"},\"image\":{\"@id\":\"https:\/\/noti-america.com\/site\/repdom\/#\/schema\/logo\/image\/\"}},{\"@type\":\"Person\",\"@id\":\"https:\/\/noti-america.com\/site\/repdom\/#\/schema\/person\/3e41f2e0a88de2dbfa74310de6e08c3b\",\"name\":\"Sueanny Guzm\u00e1n\",\"image\":{\"@type\":\"ImageObject\",\"inLanguage\":\"es\",\"@id\":\"https:\/\/secure.gravatar.com\/avatar\/743180685ef4657e50d4fb7ec792c2c316119f5a7db45e029570122e8cd05065?s=96&d=mm&r=g\",\"url\":\"https:\/\/secure.gravatar.com\/avatar\/743180685ef4657e50d4fb7ec792c2c316119f5a7db45e029570122e8cd05065?s=96&d=mm&r=g\",\"contentUrl\":\"https:\/\/secure.gravatar.com\/avatar\/743180685ef4657e50d4fb7ec792c2c316119f5a7db45e029570122e8cd05065?s=96&d=mm&r=g\",\"caption\":\"Sueanny Guzm\u00e1n\"},\"sameAs\":[\"https:\/\/x.com\/sueannyguzmanrd\"],\"url\":\"https:\/\/noti-america.com\/site\/repdom\/author\/sguzman\/\"}]}<\/script>\n<!-- \/ Yoast SEO Premium plugin. -->","yoast_head_json":{"title":"INFOTEP, ADOZONA y Cl\u00faster Log\u00edstico unidos en prop\u00f3sito de convertir RD en centro regional de manufactura - Rep. Dominicana | Noti-America.com","robots":{"index":"index","follow":"follow","max-snippet":"max-snippet:-1","max-image-preview":"max-image-preview:large","max-video-preview":"max-video-preview:-1"},"canonical":"https:\/\/noti-america.com\/site\/repdom\/2020\/12\/09\/infotep-adozona-y-cluster-logistico-unidos-en-proposito-de-convertir-rd-en-centro-regional-de-manufactura\/","og_locale":"es_ES","og_type":"article","og_title":"INFOTEP, ADOZONA y Cl\u00faster Log\u00edstico unidos en prop\u00f3sito de convertir RD en centro regional de manufactura","og_description":"NOTI-AMERICA REP\u00daBLICA DOMINICANA\u00a0 Rep\u00fablica Dominicana.-El Instituto Nacional de Formaci\u00f3n T\u00e9cnico Profesional (INFOTEP) junto a la Asociaci\u00f3n Dominicana de Zonas Francas (ADOZONA) y el Cl\u00faster Log\u00edstico de la Rep\u00fablica Dominicana, iniciar\u00e1n un proceso de formaci\u00f3n&#46;&#46;&#46;","og_url":"https:\/\/noti-america.com\/site\/repdom\/2020\/12\/09\/infotep-adozona-y-cluster-logistico-unidos-en-proposito-de-convertir-rd-en-centro-regional-de-manufactura\/","og_site_name":"Rep. Dominicana | Noti-America.com","article_published_time":"2020-12-09T02:03:48+00:00","og_image":[{"url":"https:\/\/proceso.com.do\/wp-content\/uploads\/2020\/12\/917d5dfc-rafael-santos-bad%C3%ADa-director-general-del-infotep-junto-a-miembros-de-adozona-y-el-cl%C3%BAster-log%C3%ADstico.jpg","type":"","width":"","height":""}],"author":"Sueanny Guzm\u00e1n","twitter_card":"summary_large_image","twitter_creator":"@sueannyguzmanrd","twitter_misc":{"Escrito por":"Sueanny Guzm\u00e1n","Tiempo estimado de lectura":"2 minutos"},"schema":{"@context":"https:\/\/schema.org","@graph":[{"@type":"Article","@id":"https:\/\/noti-america.com\/site\/repdom\/2020\/12\/09\/infotep-adozona-y-cluster-logistico-unidos-en-proposito-de-convertir-rd-en-centro-regional-de-manufactura\/#article","isPartOf":{"@id":"https:\/\/noti-america.com\/site\/repdom\/2020\/12\/09\/infotep-adozona-y-cluster-logistico-unidos-en-proposito-de-convertir-rd-en-centro-regional-de-manufactura\/"},"author":{"name":"Sueanny Guzm\u00e1n","@id":"https:\/\/noti-america.com\/site\/repdom\/#\/schema\/person\/3e41f2e0a88de2dbfa74310de6e08c3b"},"headline":"INFOTEP, ADOZONA y Cl\u00faster Log\u00edstico unidos en prop\u00f3sito de convertir RD en centro regional de manufactura","datePublished":"2020-12-09T02:03:48+00:00","mainEntityOfPage":{"@id":"https:\/\/noti-america.com\/site\/repdom\/2020\/12\/09\/infotep-adozona-y-cluster-logistico-unidos-en-proposito-de-convertir-rd-en-centro-regional-de-manufactura\/"},"wordCount":443,"commentCount":0,"publisher":{"@id":"https:\/\/noti-america.com\/site\/repdom\/#organization"},"image":{"@id":"https:\/\/noti-america.com\/site\/repdom\/2020\/12\/09\/infotep-adozona-y-cluster-logistico-unidos-en-proposito-de-convertir-rd-en-centro-regional-de-manufactura\/#primaryimage"},"thumbnailUrl":"https:\/\/proceso.com.do\/wp-content\/uploads\/2020\/12\/917d5dfc-rafael-santos-bad%C3%ADa-director-general-del-infotep-junto-a-miembros-de-adozona-y-el-cl%C3%BAster-log%C3%ADstico.jpg","articleSection":["Noticias"],"inLanguage":"es","potentialAction":[{"@type":"CommentAction","name":"Comment","target":["https:\/\/noti-america.com\/site\/repdom\/2020\/12\/09\/infotep-adozona-y-cluster-logistico-unidos-en-proposito-de-convertir-rd-en-centro-regional-de-manufactura\/#respond"]}]},{"@type":"WebPage","@id":"https:\/\/noti-america.com\/site\/repdom\/2020\/12\/09\/infotep-adozona-y-cluster-logistico-unidos-en-proposito-de-convertir-rd-en-centro-regional-de-manufactura\/","url":"https:\/\/noti-america.com\/site\/repdom\/2020\/12\/09\/infotep-adozona-y-cluster-logistico-unidos-en-proposito-de-convertir-rd-en-centro-regional-de-manufactura\/","name":"INFOTEP, ADOZONA y Cl\u00faster Log\u00edstico unidos en prop\u00f3sito de convertir RD en centro regional de manufactura - Rep. Dominicana | Noti-America.com","isPartOf":{"@id":"https:\/\/noti-america.com\/site\/repdom\/#website"},"primaryImageOfPage":{"@id":"https:\/\/noti-america.com\/site\/repdom\/2020\/12\/09\/infotep-adozona-y-cluster-logistico-unidos-en-proposito-de-convertir-rd-en-centro-regional-de-manufactura\/#primaryimage"},"image":{"@id":"https:\/\/noti-america.com\/site\/repdom\/2020\/12\/09\/infotep-adozona-y-cluster-logistico-unidos-en-proposito-de-convertir-rd-en-centro-regional-de-manufactura\/#primaryimage"},"thumbnailUrl":"https:\/\/proceso.com.do\/wp-content\/uploads\/2020\/12\/917d5dfc-rafael-santos-bad%C3%ADa-director-general-del-infotep-junto-a-miembros-de-adozona-y-el-cl%C3%BAster-log%C3%ADstico.jpg","datePublished":"2020-12-09T02:03:48+00:00","breadcrumb":{"@id":"https:\/\/noti-america.com\/site\/repdom\/2020\/12\/09\/infotep-adozona-y-cluster-logistico-unidos-en-proposito-de-convertir-rd-en-centro-regional-de-manufactura\/#breadcrumb"},"inLanguage":"es","potentialAction":[{"@type":"ReadAction","target":["https:\/\/noti-america.com\/site\/repdom\/2020\/12\/09\/infotep-adozona-y-cluster-logistico-unidos-en-proposito-de-convertir-rd-en-centro-regional-de-manufactura\/"]}]},{"@type":"ImageObject","inLanguage":"es","@id":"https:\/\/noti-america.com\/site\/repdom\/2020\/12\/09\/infotep-adozona-y-cluster-logistico-unidos-en-proposito-de-convertir-rd-en-centro-regional-de-manufactura\/#primaryimage","url":"https:\/\/proceso.com.do\/wp-content\/uploads\/2020\/12\/917d5dfc-rafael-santos-bad%C3%ADa-director-general-del-infotep-junto-a-miembros-de-adozona-y-el-cl%C3%BAster-log%C3%ADstico.jpg","contentUrl":"https:\/\/proceso.com.do\/wp-content\/uploads\/2020\/12\/917d5dfc-rafael-santos-bad%C3%ADa-director-general-del-infotep-junto-a-miembros-de-adozona-y-el-cl%C3%BAster-log%C3%ADstico.jpg"},{"@type":"BreadcrumbList","@id":"https:\/\/noti-america.com\/site\/repdom\/2020\/12\/09\/infotep-adozona-y-cluster-logistico-unidos-en-proposito-de-convertir-rd-en-centro-regional-de-manufactura\/#breadcrumb","itemListElement":[{"@type":"ListItem","position":1,"name":"Portada","item":"https:\/\/noti-america.com\/site\/repdom\/"},{"@type":"ListItem","position":2,"name":"INFOTEP, ADOZONA y Cl\u00faster Log\u00edstico unidos en prop\u00f3sito de convertir RD en centro regional de manufactura"}]},{"@type":"WebSite","@id":"https:\/\/noti-america.com\/site\/repdom\/#website","url":"https:\/\/noti-america.com\/site\/repdom\/","name":"Rep. Dominicana | Noti-America.com","description":"","publisher":{"@id":"https:\/\/noti-america.com\/site\/repdom\/#organization"},"potentialAction":[{"@type":"SearchAction","target":{"@type":"EntryPoint","urlTemplate":"https:\/\/noti-america.com\/site\/repdom\/?s={search_term_string}"},"query-input":{"@type":"PropertyValueSpecification","valueRequired":true,"valueName":"search_term_string"}}],"inLanguage":"es"},{"@type":"Organization","@id":"https:\/\/noti-america.com\/site\/repdom\/#organization","name":"Noti-America LLC | Rep\u00fablica Dominicana","url":"https:\/\/noti-america.com\/site\/repdom\/","logo":{"@type":"ImageObject","inLanguage":"es","@id":"https:\/\/noti-america.com\/site\/repdom\/#\/schema\/logo\/image\/","url":"https:\/\/noti-america.com\/site\/repdom\/wp-content\/uploads\/sites\/6\/2020\/07\/LogoNA-4x3-1.jpg","contentUrl":"https:\/\/noti-america.com\/site\/repdom\/wp-content\/uploads\/sites\/6\/2020\/07\/LogoNA-4x3-1.jpg","width":1236,"height":1080,"caption":"Noti-America LLC | Rep\u00fablica Dominicana"},"image":{"@id":"https:\/\/noti-america.com\/site\/repdom\/#\/schema\/logo\/image\/"}},{"@type":"Person","@id":"https:\/\/noti-america.com\/site\/repdom\/#\/schema\/person\/3e41f2e0a88de2dbfa74310de6e08c3b","name":"Sueanny Guzm\u00e1n","image":{"@type":"ImageObject","inLanguage":"es","@id":"https:\/\/secure.gravatar.com\/avatar\/743180685ef4657e50d4fb7ec792c2c316119f5a7db45e029570122e8cd05065?s=96&d=mm&r=g","url":"https:\/\/secure.gravatar.com\/avatar\/743180685ef4657e50d4fb7ec792c2c316119f5a7db45e029570122e8cd05065?s=96&d=mm&r=g","contentUrl":"https:\/\/secure.gravatar.com\/avatar\/743180685ef4657e50d4fb7ec792c2c316119f5a7db45e029570122e8cd05065?s=96&d=mm&r=g","caption":"Sueanny Guzm\u00e1n"},"sameAs":["https:\/\/x.com\/sueannyguzmanrd"],"url":"https:\/\/noti-america.com\/site\/repdom\/author\/sguzman\/"}]}},"_links":{"self":[{"href":"https:\/\/noti-america.com\/site\/repdom\/wp-json\/wp\/v2\/posts\/6656","targetHints":{"allow":["GET"]}}],"collection":[{"href":"https:\/\/noti-america.com\/site\/repdom\/wp-json\/wp\/v2\/posts"}],"about":[{"href":"https:\/\/noti-america.com\/site\/repdom\/wp-json\/wp\/v2\/types\/post"}],"author":[{"embeddable":true,"href":"https:\/\/noti-america.com\/site\/repdom\/wp-json\/wp\/v2\/users\/92"}],"replies":[{"embeddable":true,"href":"https:\/\/noti-america.com\/site\/repdom\/wp-json\/wp\/v2\/comments?post=6656"}],"version-history":[{"count":1,"href":"https:\/\/noti-america.com\/site\/repdom\/wp-json\/wp\/v2\/posts\/6656\/revisions"}],"predecessor-version":[{"id":6657,"href":"https:\/\/noti-america.com\/site\/repdom\/wp-json\/wp\/v2\/posts\/6656\/revisions\/6657"}],"wp:attachment":[{"href":"https:\/\/noti-america.com\/site\/repdom\/wp-json\/wp\/v2\/media?parent=6656"}],"wp:term":[{"taxonomy":"category","embeddable":true,"href":"https:\/\/noti-america.com\/site\/repdom\/wp-json\/wp\/v2\/categories?post=6656"},{"taxonomy":"post_tag","embeddable":true,"href":"https:\/\/noti-america.com\/site\/repdom\/wp-json\/wp\/v2\/tags?post=6656"}],"curies":[{"name":"wp","href":"https:\/\/api.w.org\/{rel}","templated":true}]}}