{"id":6604,"date":"2020-12-07T13:48:57","date_gmt":"2020-12-07T13:48:57","guid":{"rendered":"https:\/\/noti-america.com\/site\/repdom\/?p=6604"},"modified":"2020-12-07T13:48:57","modified_gmt":"2020-12-07T13:48:57","slug":"ministerio-de-agricultura-acuerda-con-supermercados-disminucion-ganancias-en-productos-de-la-canasta-basica","status":"publish","type":"post","link":"https:\/\/noti-america.com\/site\/repdom\/2020\/12\/07\/ministerio-de-agricultura-acuerda-con-supermercados-disminucion-ganancias-en-productos-de-la-canasta-basica\/","title":{"rendered":"Ministerio de Agricultura acuerda con supermercados disminuci\u00f3n ganancias en productos de la canasta b\u00e1sica"},"content":{"rendered":"<p style=\"text-align: justify\">Santo Domingo-. El ministro de Agricultura, Limber Cruz sostuvo una reuni\u00f3n de trabajo con los representantes de los supermercados del pa\u00eds, con el objetivo que estos establecimientos disminuyan las ganancias en algunos productos de consumo masivo y sensibles de la canasta b\u00e1sica.<\/p>\n<p style=\"text-align: justify\">La medida busca estabilizar los precios de productos sensibles como el arroz, habichuelas, pollo, leche, huevos y el az\u00facar, los cuales presentar\u00edan bajas en sus precios de anaquel a fin de garantizar la seguridad alimentaria de los dominicanos.<\/p>\n<p style=\"text-align: justify\">El encuentro con los comerciantes permiti\u00f3 que el Ministerio lograra pactar acuerdos para la implementaci\u00f3n de acciones que ayuden a paliar el incremento de precios de los alimentos en la poblaci\u00f3n, as\u00ed como planificar un aumento en la productividad de rubros agr\u00edcolas y de esta manera beneficiar, tanto a los comerciantes como a los productores nacionales.<\/p>\n<p style=\"text-align: justify\">\u201cDebemos trabajar en uni\u00f3n, ayudarnos mutuamente, logrando as\u00ed avanzar en lo personal y, sobre todo para ayudar al campo dominicano, y nosotros como pa\u00eds a seguir mejorando la econom\u00eda nacional\u201d sostuvo el Ministro.<\/p>\n<p style=\"text-align: justify\">El titular de la cartera agr\u00edcola agreg\u00f3 que es la segunda reuni\u00f3n de muchas que sostendr\u00e1 con tan importante sector empresarial a fin de disminuir los precios de los alimentos al pueblo.<\/p>\n<p style=\"text-align: justify\">En tanto, Mario Lama hijo, representante de Plaza Lama, resalt\u00f3 que algunos productos ya han disminuido de precios, como es el caso de las cebollas roja y blancas, e indic\u00f3 que a partir del pr\u00f3ximo lunes otros productos sensitivos disminuir\u00edan de precios.<\/p>\n<p style=\"text-align: justify\">\u00a8Pueden contar con nosotros para mantener precios bajos en los productos de primera necesidad\u201d, dijo el empresario hablando en nombre de sus colegas.<\/p>\n<p style=\"text-align: justify\">Dentro del acuerdo, el Ministerio de Industria, Comercio y MIPYMES, brindar\u00e1 apoyo desde el gobierno a las medidas de flexibilizaci\u00f3n de los nuevos precios y mejoramiento de la comercializaci\u00f3n de los productos del campo.<\/p>\n<p style=\"text-align: justify\">En la reuni\u00f3n tambi\u00e9n participaron, Nicol\u00e1s Ramos y H\u00e9ctor Olivero, de supermercados La Cadena, Jorge Jenkins, del Grupo Ramos, Leopoldo Gonz\u00e1lez, de Plaza Lama.<\/p>\n<p style=\"text-align: justify\">En un primer encuentro realizado la semana pasada se iniciaron los procesos para estas medidas y en ese encuentro participaron: Miguel Gonz\u00e1lez, del Centro Cuesta Nacional; Daniel Batista y Yeuri Alfonso, de la cadena Bravo, Juan Luis Tav\u00e1rez, del Grupo Ramos, entre otros.<\/p>\n<p>MA<\/p>\n","protected":false},"excerpt":{"rendered":"<p>Santo Domingo-. El ministro de Agricultura, Limber Cruz sostuvo una reuni\u00f3n de trabajo con los representantes de los supermercados del pa\u00eds, con el objetivo que estos establecimientos disminuyan las ganancias en algunos productos de&#46;&#46;&#46;<\/p>\n","protected":false},"author":99,"featured_media":6605,"comment_status":"open","ping_status":"open","sticky":false,"template":"","format":"image","meta":{"_acf_changed":false,"rop_custom_images_group":[],"rop_custom_messages_group":[],"rop_publish_now":"initial","rop_publish_now_accounts":[],"rop_publish_now_history":[],"rop_publish_now_status":"pending","footnotes":""},"categories":[5],"tags":[596],"class_list":["post-6604","post","type-post","status-publish","format-image","has-post-thumbnail","hentry","category-economia","tag-notianne-aquienrd-rdlotienetodo-notiamericard","post_format-post-format-image"],"acf":[],"yoast_head":"<!-- This site is optimized with the Yoast SEO Premium plugin v24.9 (Yoast SEO v27.2) - https:\/\/yoast.com\/product\/yoast-seo-premium-wordpress\/ -->\n<title>Ministerio de Agricultura acuerda con supermercados disminuci\u00f3n ganancias en productos de la canasta b\u00e1sica - Rep. Dominicana | Noti-America.com<\/title>\n<meta name=\"robots\" content=\"index, follow, max-snippet:-1, max-image-preview:large, max-video-preview:-1\" \/>\n<link rel=\"canonical\" href=\"https:\/\/noti-america.com\/site\/repdom\/2020\/12\/07\/ministerio-de-agricultura-acuerda-con-supermercados-disminucion-ganancias-en-productos-de-la-canasta-basica\/\" \/>\n<meta property=\"og:locale\" content=\"es_ES\" \/>\n<meta property=\"og:type\" content=\"article\" \/>\n<meta property=\"og:title\" content=\"Ministerio de Agricultura acuerda con supermercados disminuci\u00f3n ganancias en productos de la canasta b\u00e1sica\" \/>\n<meta property=\"og:description\" content=\"Santo Domingo-. El ministro de Agricultura, Limber Cruz sostuvo una reuni\u00f3n de trabajo con los representantes de los supermercados del pa\u00eds, con el objetivo que estos establecimientos disminuyan las ganancias en algunos productos de&#046;&#046;&#046;\" \/>\n<meta property=\"og:url\" content=\"https:\/\/noti-america.com\/site\/repdom\/2020\/12\/07\/ministerio-de-agricultura-acuerda-con-supermercados-disminucion-ganancias-en-productos-de-la-canasta-basica\/\" \/>\n<meta property=\"og:site_name\" content=\"Rep. Dominicana | Noti-America.com\" \/>\n<meta property=\"article:published_time\" content=\"2020-12-07T13:48:57+00:00\" \/>\n<meta property=\"og:image\" content=\"https:\/\/noti-america.com\/site\/repdom\/wp-content\/uploads\/sites\/6\/2020\/12\/WhatsApp-Image-2020-12-04-at-10.54.43-PM.jpeg\" \/>\n\t<meta property=\"og:image:width\" content=\"1280\" \/>\n\t<meta property=\"og:image:height\" content=\"696\" \/>\n\t<meta property=\"og:image:type\" content=\"image\/jpeg\" \/>\n<meta name=\"author\" content=\"Ann\u00e9 Cruz\" \/>\n<meta name=\"twitter:card\" content=\"summary_large_image\" \/>\n<meta name=\"twitter:label1\" content=\"Escrito por\" \/>\n\t<meta name=\"twitter:data1\" content=\"Ann\u00e9 Cruz\" \/>\n\t<meta name=\"twitter:label2\" content=\"Tiempo estimado de lectura\" \/>\n\t<meta name=\"twitter:data2\" content=\"2 minutos\" \/>\n<script type=\"application\/ld+json\" class=\"yoast-schema-graph\">{\"@context\":\"https:\/\/schema.org\",\"@graph\":[{\"@type\":\"Article\",\"@id\":\"https:\/\/noti-america.com\/site\/repdom\/2020\/12\/07\/ministerio-de-agricultura-acuerda-con-supermercados-disminucion-ganancias-en-productos-de-la-canasta-basica\/#article\",\"isPartOf\":{\"@id\":\"https:\/\/noti-america.com\/site\/repdom\/2020\/12\/07\/ministerio-de-agricultura-acuerda-con-supermercados-disminucion-ganancias-en-productos-de-la-canasta-basica\/\"},\"author\":{\"name\":\"Ann\u00e9 Cruz\",\"@id\":\"https:\/\/noti-america.com\/site\/repdom\/#\/schema\/person\/01b6a5fcca2b30bc220da2842f0b6060\"},\"headline\":\"Ministerio de Agricultura acuerda con supermercados disminuci\u00f3n ganancias en productos de la canasta b\u00e1sica\",\"datePublished\":\"2020-12-07T13:48:57+00:00\",\"mainEntityOfPage\":{\"@id\":\"https:\/\/noti-america.com\/site\/repdom\/2020\/12\/07\/ministerio-de-agricultura-acuerda-con-supermercados-disminucion-ganancias-en-productos-de-la-canasta-basica\/\"},\"wordCount\":408,\"commentCount\":0,\"publisher\":{\"@id\":\"https:\/\/noti-america.com\/site\/repdom\/#organization\"},\"image\":{\"@id\":\"https:\/\/noti-america.com\/site\/repdom\/2020\/12\/07\/ministerio-de-agricultura-acuerda-con-supermercados-disminucion-ganancias-en-productos-de-la-canasta-basica\/#primaryimage\"},\"thumbnailUrl\":\"https:\/\/noti-america.com\/site\/repdom\/wp-content\/uploads\/sites\/6\/2020\/12\/WhatsApp-Image-2020-12-04-at-10.54.43-PM.jpeg\",\"keywords\":[\"#notianne #aqu\u00edenRD #RDlotienetodo #notiamericard\"],\"articleSection\":[\"Econom\u00eda\"],\"inLanguage\":\"es\",\"potentialAction\":[{\"@type\":\"CommentAction\",\"name\":\"Comment\",\"target\":[\"https:\/\/noti-america.com\/site\/repdom\/2020\/12\/07\/ministerio-de-agricultura-acuerda-con-supermercados-disminucion-ganancias-en-productos-de-la-canasta-basica\/#respond\"]}]},{\"@type\":\"WebPage\",\"@id\":\"https:\/\/noti-america.com\/site\/repdom\/2020\/12\/07\/ministerio-de-agricultura-acuerda-con-supermercados-disminucion-ganancias-en-productos-de-la-canasta-basica\/\",\"url\":\"https:\/\/noti-america.com\/site\/repdom\/2020\/12\/07\/ministerio-de-agricultura-acuerda-con-supermercados-disminucion-ganancias-en-productos-de-la-canasta-basica\/\",\"name\":\"Ministerio de Agricultura acuerda con supermercados disminuci\u00f3n ganancias en productos de la canasta b\u00e1sica - Rep. Dominicana | Noti-America.com\",\"isPartOf\":{\"@id\":\"https:\/\/noti-america.com\/site\/repdom\/#website\"},\"primaryImageOfPage\":{\"@id\":\"https:\/\/noti-america.com\/site\/repdom\/2020\/12\/07\/ministerio-de-agricultura-acuerda-con-supermercados-disminucion-ganancias-en-productos-de-la-canasta-basica\/#primaryimage\"},\"image\":{\"@id\":\"https:\/\/noti-america.com\/site\/repdom\/2020\/12\/07\/ministerio-de-agricultura-acuerda-con-supermercados-disminucion-ganancias-en-productos-de-la-canasta-basica\/#primaryimage\"},\"thumbnailUrl\":\"https:\/\/noti-america.com\/site\/repdom\/wp-content\/uploads\/sites\/6\/2020\/12\/WhatsApp-Image-2020-12-04-at-10.54.43-PM.jpeg\",\"datePublished\":\"2020-12-07T13:48:57+00:00\",\"breadcrumb\":{\"@id\":\"https:\/\/noti-america.com\/site\/repdom\/2020\/12\/07\/ministerio-de-agricultura-acuerda-con-supermercados-disminucion-ganancias-en-productos-de-la-canasta-basica\/#breadcrumb\"},\"inLanguage\":\"es\",\"potentialAction\":[{\"@type\":\"ReadAction\",\"target\":[\"https:\/\/noti-america.com\/site\/repdom\/2020\/12\/07\/ministerio-de-agricultura-acuerda-con-supermercados-disminucion-ganancias-en-productos-de-la-canasta-basica\/\"]}]},{\"@type\":\"ImageObject\",\"inLanguage\":\"es\",\"@id\":\"https:\/\/noti-america.com\/site\/repdom\/2020\/12\/07\/ministerio-de-agricultura-acuerda-con-supermercados-disminucion-ganancias-en-productos-de-la-canasta-basica\/#primaryimage\",\"url\":\"https:\/\/noti-america.com\/site\/repdom\/wp-content\/uploads\/sites\/6\/2020\/12\/WhatsApp-Image-2020-12-04-at-10.54.43-PM.jpeg\",\"contentUrl\":\"https:\/\/noti-america.com\/site\/repdom\/wp-content\/uploads\/sites\/6\/2020\/12\/WhatsApp-Image-2020-12-04-at-10.54.43-PM.jpeg\",\"width\":1280,\"height\":696},{\"@type\":\"BreadcrumbList\",\"@id\":\"https:\/\/noti-america.com\/site\/repdom\/2020\/12\/07\/ministerio-de-agricultura-acuerda-con-supermercados-disminucion-ganancias-en-productos-de-la-canasta-basica\/#breadcrumb\",\"itemListElement\":[{\"@type\":\"ListItem\",\"position\":1,\"name\":\"Portada\",\"item\":\"https:\/\/noti-america.com\/site\/repdom\/\"},{\"@type\":\"ListItem\",\"position\":2,\"name\":\"Ministerio de Agricultura acuerda con supermercados disminuci\u00f3n ganancias en productos de la canasta b\u00e1sica\"}]},{\"@type\":\"WebSite\",\"@id\":\"https:\/\/noti-america.com\/site\/repdom\/#website\",\"url\":\"https:\/\/noti-america.com\/site\/repdom\/\",\"name\":\"Rep. Dominicana | Noti-America.com\",\"description\":\"\",\"publisher\":{\"@id\":\"https:\/\/noti-america.com\/site\/repdom\/#organization\"},\"potentialAction\":[{\"@type\":\"SearchAction\",\"target\":{\"@type\":\"EntryPoint\",\"urlTemplate\":\"https:\/\/noti-america.com\/site\/repdom\/?s={search_term_string}\"},\"query-input\":{\"@type\":\"PropertyValueSpecification\",\"valueRequired\":true,\"valueName\":\"search_term_string\"}}],\"inLanguage\":\"es\"},{\"@type\":\"Organization\",\"@id\":\"https:\/\/noti-america.com\/site\/repdom\/#organization\",\"name\":\"Noti-America LLC | Rep\u00fablica Dominicana\",\"url\":\"https:\/\/noti-america.com\/site\/repdom\/\",\"logo\":{\"@type\":\"ImageObject\",\"inLanguage\":\"es\",\"@id\":\"https:\/\/noti-america.com\/site\/repdom\/#\/schema\/logo\/image\/\",\"url\":\"https:\/\/noti-america.com\/site\/repdom\/wp-content\/uploads\/sites\/6\/2020\/07\/LogoNA-4x3-1.jpg\",\"contentUrl\":\"https:\/\/noti-america.com\/site\/repdom\/wp-content\/uploads\/sites\/6\/2020\/07\/LogoNA-4x3-1.jpg\",\"width\":1236,\"height\":1080,\"caption\":\"Noti-America LLC | Rep\u00fablica Dominicana\"},\"image\":{\"@id\":\"https:\/\/noti-america.com\/site\/repdom\/#\/schema\/logo\/image\/\"}},{\"@type\":\"Person\",\"@id\":\"https:\/\/noti-america.com\/site\/repdom\/#\/schema\/person\/01b6a5fcca2b30bc220da2842f0b6060\",\"name\":\"Ann\u00e9 Cruz\",\"image\":{\"@type\":\"ImageObject\",\"inLanguage\":\"es\",\"@id\":\"https:\/\/secure.gravatar.com\/avatar\/f5aaeb3fd16b65f7d601dd99d7f1dcaaf7065ea361b219976bcf5d43d0980e1b?s=96&d=mm&r=g\",\"url\":\"https:\/\/secure.gravatar.com\/avatar\/f5aaeb3fd16b65f7d601dd99d7f1dcaaf7065ea361b219976bcf5d43d0980e1b?s=96&d=mm&r=g\",\"contentUrl\":\"https:\/\/secure.gravatar.com\/avatar\/f5aaeb3fd16b65f7d601dd99d7f1dcaaf7065ea361b219976bcf5d43d0980e1b?s=96&d=mm&r=g\",\"caption\":\"Ann\u00e9 Cruz\"},\"description\":\"Emprendedora, publirrelacionista y periodista especializada en Comunicaci\u00f3n Pol\u00edtica e Institucional.\",\"url\":\"https:\/\/noti-america.com\/site\/repdom\/author\/adelacruz\/\"}]}<\/script>\n<!-- \/ Yoast SEO Premium plugin. -->","yoast_head_json":{"title":"Ministerio de Agricultura acuerda con supermercados disminuci\u00f3n ganancias en productos de la canasta b\u00e1sica - Rep. Dominicana | Noti-America.com","robots":{"index":"index","follow":"follow","max-snippet":"max-snippet:-1","max-image-preview":"max-image-preview:large","max-video-preview":"max-video-preview:-1"},"canonical":"https:\/\/noti-america.com\/site\/repdom\/2020\/12\/07\/ministerio-de-agricultura-acuerda-con-supermercados-disminucion-ganancias-en-productos-de-la-canasta-basica\/","og_locale":"es_ES","og_type":"article","og_title":"Ministerio de Agricultura acuerda con supermercados disminuci\u00f3n ganancias en productos de la canasta b\u00e1sica","og_description":"Santo Domingo-. El ministro de Agricultura, Limber Cruz sostuvo una reuni\u00f3n de trabajo con los representantes de los supermercados del pa\u00eds, con el objetivo que estos establecimientos disminuyan las ganancias en algunos productos de&#46;&#46;&#46;","og_url":"https:\/\/noti-america.com\/site\/repdom\/2020\/12\/07\/ministerio-de-agricultura-acuerda-con-supermercados-disminucion-ganancias-en-productos-de-la-canasta-basica\/","og_site_name":"Rep. Dominicana | Noti-America.com","article_published_time":"2020-12-07T13:48:57+00:00","og_image":[{"width":1280,"height":696,"url":"https:\/\/noti-america.com\/site\/repdom\/wp-content\/uploads\/sites\/6\/2020\/12\/WhatsApp-Image-2020-12-04-at-10.54.43-PM.jpeg","type":"image\/jpeg"}],"author":"Ann\u00e9 Cruz","twitter_card":"summary_large_image","twitter_misc":{"Escrito por":"Ann\u00e9 Cruz","Tiempo estimado de lectura":"2 minutos"},"schema":{"@context":"https:\/\/schema.org","@graph":[{"@type":"Article","@id":"https:\/\/noti-america.com\/site\/repdom\/2020\/12\/07\/ministerio-de-agricultura-acuerda-con-supermercados-disminucion-ganancias-en-productos-de-la-canasta-basica\/#article","isPartOf":{"@id":"https:\/\/noti-america.com\/site\/repdom\/2020\/12\/07\/ministerio-de-agricultura-acuerda-con-supermercados-disminucion-ganancias-en-productos-de-la-canasta-basica\/"},"author":{"name":"Ann\u00e9 Cruz","@id":"https:\/\/noti-america.com\/site\/repdom\/#\/schema\/person\/01b6a5fcca2b30bc220da2842f0b6060"},"headline":"Ministerio de Agricultura acuerda con supermercados disminuci\u00f3n ganancias en productos de la canasta b\u00e1sica","datePublished":"2020-12-07T13:48:57+00:00","mainEntityOfPage":{"@id":"https:\/\/noti-america.com\/site\/repdom\/2020\/12\/07\/ministerio-de-agricultura-acuerda-con-supermercados-disminucion-ganancias-en-productos-de-la-canasta-basica\/"},"wordCount":408,"commentCount":0,"publisher":{"@id":"https:\/\/noti-america.com\/site\/repdom\/#organization"},"image":{"@id":"https:\/\/noti-america.com\/site\/repdom\/2020\/12\/07\/ministerio-de-agricultura-acuerda-con-supermercados-disminucion-ganancias-en-productos-de-la-canasta-basica\/#primaryimage"},"thumbnailUrl":"https:\/\/noti-america.com\/site\/repdom\/wp-content\/uploads\/sites\/6\/2020\/12\/WhatsApp-Image-2020-12-04-at-10.54.43-PM.jpeg","keywords":["#notianne #aqu\u00edenRD #RDlotienetodo #notiamericard"],"articleSection":["Econom\u00eda"],"inLanguage":"es","potentialAction":[{"@type":"CommentAction","name":"Comment","target":["https:\/\/noti-america.com\/site\/repdom\/2020\/12\/07\/ministerio-de-agricultura-acuerda-con-supermercados-disminucion-ganancias-en-productos-de-la-canasta-basica\/#respond"]}]},{"@type":"WebPage","@id":"https:\/\/noti-america.com\/site\/repdom\/2020\/12\/07\/ministerio-de-agricultura-acuerda-con-supermercados-disminucion-ganancias-en-productos-de-la-canasta-basica\/","url":"https:\/\/noti-america.com\/site\/repdom\/2020\/12\/07\/ministerio-de-agricultura-acuerda-con-supermercados-disminucion-ganancias-en-productos-de-la-canasta-basica\/","name":"Ministerio de Agricultura acuerda con supermercados disminuci\u00f3n ganancias en productos de la canasta b\u00e1sica - Rep. Dominicana | Noti-America.com","isPartOf":{"@id":"https:\/\/noti-america.com\/site\/repdom\/#website"},"primaryImageOfPage":{"@id":"https:\/\/noti-america.com\/site\/repdom\/2020\/12\/07\/ministerio-de-agricultura-acuerda-con-supermercados-disminucion-ganancias-en-productos-de-la-canasta-basica\/#primaryimage"},"image":{"@id":"https:\/\/noti-america.com\/site\/repdom\/2020\/12\/07\/ministerio-de-agricultura-acuerda-con-supermercados-disminucion-ganancias-en-productos-de-la-canasta-basica\/#primaryimage"},"thumbnailUrl":"https:\/\/noti-america.com\/site\/repdom\/wp-content\/uploads\/sites\/6\/2020\/12\/WhatsApp-Image-2020-12-04-at-10.54.43-PM.jpeg","datePublished":"2020-12-07T13:48:57+00:00","breadcrumb":{"@id":"https:\/\/noti-america.com\/site\/repdom\/2020\/12\/07\/ministerio-de-agricultura-acuerda-con-supermercados-disminucion-ganancias-en-productos-de-la-canasta-basica\/#breadcrumb"},"inLanguage":"es","potentialAction":[{"@type":"ReadAction","target":["https:\/\/noti-america.com\/site\/repdom\/2020\/12\/07\/ministerio-de-agricultura-acuerda-con-supermercados-disminucion-ganancias-en-productos-de-la-canasta-basica\/"]}]},{"@type":"ImageObject","inLanguage":"es","@id":"https:\/\/noti-america.com\/site\/repdom\/2020\/12\/07\/ministerio-de-agricultura-acuerda-con-supermercados-disminucion-ganancias-en-productos-de-la-canasta-basica\/#primaryimage","url":"https:\/\/noti-america.com\/site\/repdom\/wp-content\/uploads\/sites\/6\/2020\/12\/WhatsApp-Image-2020-12-04-at-10.54.43-PM.jpeg","contentUrl":"https:\/\/noti-america.com\/site\/repdom\/wp-content\/uploads\/sites\/6\/2020\/12\/WhatsApp-Image-2020-12-04-at-10.54.43-PM.jpeg","width":1280,"height":696},{"@type":"BreadcrumbList","@id":"https:\/\/noti-america.com\/site\/repdom\/2020\/12\/07\/ministerio-de-agricultura-acuerda-con-supermercados-disminucion-ganancias-en-productos-de-la-canasta-basica\/#breadcrumb","itemListElement":[{"@type":"ListItem","position":1,"name":"Portada","item":"https:\/\/noti-america.com\/site\/repdom\/"},{"@type":"ListItem","position":2,"name":"Ministerio de Agricultura acuerda con supermercados disminuci\u00f3n ganancias en productos de la canasta b\u00e1sica"}]},{"@type":"WebSite","@id":"https:\/\/noti-america.com\/site\/repdom\/#website","url":"https:\/\/noti-america.com\/site\/repdom\/","name":"Rep. Dominicana | Noti-America.com","description":"","publisher":{"@id":"https:\/\/noti-america.com\/site\/repdom\/#organization"},"potentialAction":[{"@type":"SearchAction","target":{"@type":"EntryPoint","urlTemplate":"https:\/\/noti-america.com\/site\/repdom\/?s={search_term_string}"},"query-input":{"@type":"PropertyValueSpecification","valueRequired":true,"valueName":"search_term_string"}}],"inLanguage":"es"},{"@type":"Organization","@id":"https:\/\/noti-america.com\/site\/repdom\/#organization","name":"Noti-America LLC | Rep\u00fablica Dominicana","url":"https:\/\/noti-america.com\/site\/repdom\/","logo":{"@type":"ImageObject","inLanguage":"es","@id":"https:\/\/noti-america.com\/site\/repdom\/#\/schema\/logo\/image\/","url":"https:\/\/noti-america.com\/site\/repdom\/wp-content\/uploads\/sites\/6\/2020\/07\/LogoNA-4x3-1.jpg","contentUrl":"https:\/\/noti-america.com\/site\/repdom\/wp-content\/uploads\/sites\/6\/2020\/07\/LogoNA-4x3-1.jpg","width":1236,"height":1080,"caption":"Noti-America LLC | Rep\u00fablica Dominicana"},"image":{"@id":"https:\/\/noti-america.com\/site\/repdom\/#\/schema\/logo\/image\/"}},{"@type":"Person","@id":"https:\/\/noti-america.com\/site\/repdom\/#\/schema\/person\/01b6a5fcca2b30bc220da2842f0b6060","name":"Ann\u00e9 Cruz","image":{"@type":"ImageObject","inLanguage":"es","@id":"https:\/\/secure.gravatar.com\/avatar\/f5aaeb3fd16b65f7d601dd99d7f1dcaaf7065ea361b219976bcf5d43d0980e1b?s=96&d=mm&r=g","url":"https:\/\/secure.gravatar.com\/avatar\/f5aaeb3fd16b65f7d601dd99d7f1dcaaf7065ea361b219976bcf5d43d0980e1b?s=96&d=mm&r=g","contentUrl":"https:\/\/secure.gravatar.com\/avatar\/f5aaeb3fd16b65f7d601dd99d7f1dcaaf7065ea361b219976bcf5d43d0980e1b?s=96&d=mm&r=g","caption":"Ann\u00e9 Cruz"},"description":"Emprendedora, publirrelacionista y periodista especializada en Comunicaci\u00f3n Pol\u00edtica e Institucional.","url":"https:\/\/noti-america.com\/site\/repdom\/author\/adelacruz\/"}]}},"_links":{"self":[{"href":"https:\/\/noti-america.com\/site\/repdom\/wp-json\/wp\/v2\/posts\/6604","targetHints":{"allow":["GET"]}}],"collection":[{"href":"https:\/\/noti-america.com\/site\/repdom\/wp-json\/wp\/v2\/posts"}],"about":[{"href":"https:\/\/noti-america.com\/site\/repdom\/wp-json\/wp\/v2\/types\/post"}],"author":[{"embeddable":true,"href":"https:\/\/noti-america.com\/site\/repdom\/wp-json\/wp\/v2\/users\/99"}],"replies":[{"embeddable":true,"href":"https:\/\/noti-america.com\/site\/repdom\/wp-json\/wp\/v2\/comments?post=6604"}],"version-history":[{"count":1,"href":"https:\/\/noti-america.com\/site\/repdom\/wp-json\/wp\/v2\/posts\/6604\/revisions"}],"predecessor-version":[{"id":6606,"href":"https:\/\/noti-america.com\/site\/repdom\/wp-json\/wp\/v2\/posts\/6604\/revisions\/6606"}],"wp:featuredmedia":[{"embeddable":true,"href":"https:\/\/noti-america.com\/site\/repdom\/wp-json\/wp\/v2\/media\/6605"}],"wp:attachment":[{"href":"https:\/\/noti-america.com\/site\/repdom\/wp-json\/wp\/v2\/media?parent=6604"}],"wp:term":[{"taxonomy":"category","embeddable":true,"href":"https:\/\/noti-america.com\/site\/repdom\/wp-json\/wp\/v2\/categories?post=6604"},{"taxonomy":"post_tag","embeddable":true,"href":"https:\/\/noti-america.com\/site\/repdom\/wp-json\/wp\/v2\/tags?post=6604"}],"curies":[{"name":"wp","href":"https:\/\/api.w.org\/{rel}","templated":true}]}}