{"id":6597,"date":"2020-12-07T12:50:39","date_gmt":"2020-12-07T12:50:39","guid":{"rendered":"https:\/\/noti-america.com\/site\/repdom\/?p=6597"},"modified":"2020-12-07T12:50:39","modified_gmt":"2020-12-07T12:50:39","slug":"alcaldia-del-distrito-nacional-respalda-artesanos-y-vendedores-locales-con-mercadillo-de-navidad","status":"publish","type":"post","link":"https:\/\/noti-america.com\/site\/repdom\/2020\/12\/07\/alcaldia-del-distrito-nacional-respalda-artesanos-y-vendedores-locales-con-mercadillo-de-navidad\/","title":{"rendered":"Alcald\u00eda del Distrito Nacional respalda artesanos y vendedores locales con \u00abmercadillo de navidad\u00bb"},"content":{"rendered":"<p style=\"text-align: justify\">Santo Domingo, D.N. La Alcald\u00eda del Distrito Nacional efectu\u00f3 este domingo un mercadillo navide\u00f1o, con la participaci\u00f3n de m\u00e1s de 40 artesanos de diversas ramas.<\/p>\n<p>Las creaciones fueron expuestas, incluyendo la gastronom\u00eda, directamente por los artesanos en la Plazoleta Mar\u00eda de Toledo, de la calle Las Damas de la Ciudad Colonial desde las 10:00 de la ma\u00f1ana, hasta las 5:00 de la tarde.<\/p>\n<p>Los trabajos fueron confeccionados en madera, hueso, barro, pintura, metales, fibras naturales, Larimar, Ambar, gastronom\u00eda; y los que siempre venden los domingos sus antig\u00fcedades, (que se llaman El Rastro) taller de mu\u00f1ecas de trapo impartidos por la Escuela de artesan\u00eda del Ministerio de Turismo.<\/p>\n<p>Adem\u00e1s, hubo presentaciones art\u00edsticas, actividades de animaci\u00f3n infantil y otros entretenimientos que los asistentes pudieron disfrutar durante m\u00e1s de 8 horas.<\/p>\n<p>Es la primera vez que el ADN monta una actividad comercial de estas caracter\u00edsticas, donde los presentes pudieron adquirir sus regalos navide\u00f1os consumiendo artesan\u00eda local y tambi\u00e9n disfrutar de\u00a0 presentaciones art\u00edsticas y recreativas para grandes y chicos.<\/p>\n<p>Esta actividad promueve el consumo local de los regalos, motivando a apoyar a nuestros artesanos y artesanas de la ciudad en este tiempo en que la pandemia ha causado efectos no s\u00f3lo en la salud, sino tambi\u00e9n en la econom\u00eda de estas familias.<\/p>\n<p>El mercadillo navide\u00f1o fue instalado en la zona m\u00e1s antigua de Santo Domingo y las Am\u00e9ricas, donde los participantes, adem\u00e1s de disfrutar de esta majestuosa arquitectura, pudieron adquirir artesan\u00eda, comida, escuchar m\u00fasica de la \u00e9poca, entre otros entretenimientos.<\/p>\n<p style=\"text-align: justify\">Durante el evento hubo un Brindis de Caf\u00e9 Santo Domingo y de Chocolate Cort\u00e9s; as\u00ed como el respaldo del Voluntariado Banreservas.<\/p>\n<p>ADN<\/p>\n","protected":false},"excerpt":{"rendered":"<p>Santo Domingo, D.N. La Alcald\u00eda del Distrito Nacional efectu\u00f3 este domingo un mercadillo navide\u00f1o, con la participaci\u00f3n de m\u00e1s de 40 artesanos de diversas ramas. Las creaciones fueron expuestas, incluyendo la gastronom\u00eda, directamente por&#46;&#46;&#46;<\/p>\n","protected":false},"author":99,"featured_media":6598,"comment_status":"open","ping_status":"open","sticky":false,"template":"","format":"gallery","meta":{"_acf_changed":false,"rop_custom_images_group":[],"rop_custom_messages_group":[],"rop_publish_now":"initial","rop_publish_now_accounts":[],"rop_publish_now_history":[],"rop_publish_now_status":"pending","footnotes":""},"categories":[277],"tags":[596],"class_list":["post-6597","post","type-post","status-publish","format-gallery","has-post-thumbnail","hentry","category-acturalidad","tag-notianne-aquienrd-rdlotienetodo-notiamericard","post_format-post-format-gallery"],"acf":[],"yoast_head":"<!-- This site is optimized with the Yoast SEO Premium plugin v24.9 (Yoast SEO v27.2) - https:\/\/yoast.com\/product\/yoast-seo-premium-wordpress\/ -->\n<title>Alcald\u00eda del Distrito Nacional respalda artesanos y vendedores locales con &quot;mercadillo de navidad&quot; - Rep. Dominicana | Noti-America.com<\/title>\n<meta name=\"robots\" content=\"index, follow, max-snippet:-1, max-image-preview:large, max-video-preview:-1\" \/>\n<link rel=\"canonical\" href=\"https:\/\/noti-america.com\/site\/repdom\/2020\/12\/07\/alcaldia-del-distrito-nacional-respalda-artesanos-y-vendedores-locales-con-mercadillo-de-navidad\/\" \/>\n<meta property=\"og:locale\" content=\"es_ES\" \/>\n<meta property=\"og:type\" content=\"article\" \/>\n<meta property=\"og:title\" content=\"Alcald\u00eda del Distrito Nacional respalda artesanos y vendedores locales con &quot;mercadillo de navidad&quot;\" \/>\n<meta property=\"og:description\" content=\"Santo Domingo, D.N. La Alcald\u00eda del Distrito Nacional efectu\u00f3 este domingo un mercadillo navide\u00f1o, con la participaci\u00f3n de m\u00e1s de 40 artesanos de diversas ramas. Las creaciones fueron expuestas, incluyendo la gastronom\u00eda, directamente por&#046;&#046;&#046;\" \/>\n<meta property=\"og:url\" content=\"https:\/\/noti-america.com\/site\/repdom\/2020\/12\/07\/alcaldia-del-distrito-nacional-respalda-artesanos-y-vendedores-locales-con-mercadillo-de-navidad\/\" \/>\n<meta property=\"og:site_name\" content=\"Rep. Dominicana | Noti-America.com\" \/>\n<meta property=\"article:published_time\" content=\"2020-12-07T12:50:39+00:00\" \/>\n<meta property=\"og:image\" content=\"https:\/\/noti-america.com\/site\/repdom\/wp-content\/uploads\/sites\/6\/2020\/12\/IMG-20201206-WA0006.jpg\" \/>\n\t<meta property=\"og:image:width\" content=\"1280\" \/>\n\t<meta property=\"og:image:height\" content=\"853\" \/>\n\t<meta property=\"og:image:type\" content=\"image\/jpeg\" \/>\n<meta name=\"author\" content=\"Ann\u00e9 Cruz\" \/>\n<meta name=\"twitter:card\" content=\"summary_large_image\" \/>\n<meta name=\"twitter:label1\" content=\"Escrito por\" \/>\n\t<meta name=\"twitter:data1\" content=\"Ann\u00e9 Cruz\" \/>\n\t<meta name=\"twitter:label2\" content=\"Tiempo estimado de lectura\" \/>\n\t<meta name=\"twitter:data2\" content=\"1 minuto\" \/>\n<script type=\"application\/ld+json\" class=\"yoast-schema-graph\">{\"@context\":\"https:\/\/schema.org\",\"@graph\":[{\"@type\":\"Article\",\"@id\":\"https:\/\/noti-america.com\/site\/repdom\/2020\/12\/07\/alcaldia-del-distrito-nacional-respalda-artesanos-y-vendedores-locales-con-mercadillo-de-navidad\/#article\",\"isPartOf\":{\"@id\":\"https:\/\/noti-america.com\/site\/repdom\/2020\/12\/07\/alcaldia-del-distrito-nacional-respalda-artesanos-y-vendedores-locales-con-mercadillo-de-navidad\/\"},\"author\":{\"name\":\"Ann\u00e9 Cruz\",\"@id\":\"https:\/\/noti-america.com\/site\/repdom\/#\/schema\/person\/01b6a5fcca2b30bc220da2842f0b6060\"},\"headline\":\"Alcald\u00eda del Distrito Nacional respalda artesanos y vendedores locales con \u00abmercadillo de navidad\u00bb\",\"datePublished\":\"2020-12-07T12:50:39+00:00\",\"mainEntityOfPage\":{\"@id\":\"https:\/\/noti-america.com\/site\/repdom\/2020\/12\/07\/alcaldia-del-distrito-nacional-respalda-artesanos-y-vendedores-locales-con-mercadillo-de-navidad\/\"},\"wordCount\":309,\"commentCount\":0,\"publisher\":{\"@id\":\"https:\/\/noti-america.com\/site\/repdom\/#organization\"},\"image\":{\"@id\":\"https:\/\/noti-america.com\/site\/repdom\/2020\/12\/07\/alcaldia-del-distrito-nacional-respalda-artesanos-y-vendedores-locales-con-mercadillo-de-navidad\/#primaryimage\"},\"thumbnailUrl\":\"https:\/\/noti-america.com\/site\/repdom\/wp-content\/uploads\/sites\/6\/2020\/12\/IMG-20201206-WA0006.jpg\",\"keywords\":[\"#notianne #aqu\u00edenRD #RDlotienetodo #notiamericard\"],\"articleSection\":[\"Actualidad\"],\"inLanguage\":\"es\",\"potentialAction\":[{\"@type\":\"CommentAction\",\"name\":\"Comment\",\"target\":[\"https:\/\/noti-america.com\/site\/repdom\/2020\/12\/07\/alcaldia-del-distrito-nacional-respalda-artesanos-y-vendedores-locales-con-mercadillo-de-navidad\/#respond\"]}]},{\"@type\":\"WebPage\",\"@id\":\"https:\/\/noti-america.com\/site\/repdom\/2020\/12\/07\/alcaldia-del-distrito-nacional-respalda-artesanos-y-vendedores-locales-con-mercadillo-de-navidad\/\",\"url\":\"https:\/\/noti-america.com\/site\/repdom\/2020\/12\/07\/alcaldia-del-distrito-nacional-respalda-artesanos-y-vendedores-locales-con-mercadillo-de-navidad\/\",\"name\":\"Alcald\u00eda del Distrito Nacional respalda artesanos y vendedores locales con \\\"mercadillo de navidad\\\" - Rep. Dominicana | Noti-America.com\",\"isPartOf\":{\"@id\":\"https:\/\/noti-america.com\/site\/repdom\/#website\"},\"primaryImageOfPage\":{\"@id\":\"https:\/\/noti-america.com\/site\/repdom\/2020\/12\/07\/alcaldia-del-distrito-nacional-respalda-artesanos-y-vendedores-locales-con-mercadillo-de-navidad\/#primaryimage\"},\"image\":{\"@id\":\"https:\/\/noti-america.com\/site\/repdom\/2020\/12\/07\/alcaldia-del-distrito-nacional-respalda-artesanos-y-vendedores-locales-con-mercadillo-de-navidad\/#primaryimage\"},\"thumbnailUrl\":\"https:\/\/noti-america.com\/site\/repdom\/wp-content\/uploads\/sites\/6\/2020\/12\/IMG-20201206-WA0006.jpg\",\"datePublished\":\"2020-12-07T12:50:39+00:00\",\"breadcrumb\":{\"@id\":\"https:\/\/noti-america.com\/site\/repdom\/2020\/12\/07\/alcaldia-del-distrito-nacional-respalda-artesanos-y-vendedores-locales-con-mercadillo-de-navidad\/#breadcrumb\"},\"inLanguage\":\"es\",\"potentialAction\":[{\"@type\":\"ReadAction\",\"target\":[\"https:\/\/noti-america.com\/site\/repdom\/2020\/12\/07\/alcaldia-del-distrito-nacional-respalda-artesanos-y-vendedores-locales-con-mercadillo-de-navidad\/\"]}]},{\"@type\":\"ImageObject\",\"inLanguage\":\"es\",\"@id\":\"https:\/\/noti-america.com\/site\/repdom\/2020\/12\/07\/alcaldia-del-distrito-nacional-respalda-artesanos-y-vendedores-locales-con-mercadillo-de-navidad\/#primaryimage\",\"url\":\"https:\/\/noti-america.com\/site\/repdom\/wp-content\/uploads\/sites\/6\/2020\/12\/IMG-20201206-WA0006.jpg\",\"contentUrl\":\"https:\/\/noti-america.com\/site\/repdom\/wp-content\/uploads\/sites\/6\/2020\/12\/IMG-20201206-WA0006.jpg\",\"width\":1280,\"height\":853},{\"@type\":\"BreadcrumbList\",\"@id\":\"https:\/\/noti-america.com\/site\/repdom\/2020\/12\/07\/alcaldia-del-distrito-nacional-respalda-artesanos-y-vendedores-locales-con-mercadillo-de-navidad\/#breadcrumb\",\"itemListElement\":[{\"@type\":\"ListItem\",\"position\":1,\"name\":\"Portada\",\"item\":\"https:\/\/noti-america.com\/site\/repdom\/\"},{\"@type\":\"ListItem\",\"position\":2,\"name\":\"Alcald\u00eda del Distrito Nacional respalda artesanos y vendedores locales con \u00abmercadillo de navidad\u00bb\"}]},{\"@type\":\"WebSite\",\"@id\":\"https:\/\/noti-america.com\/site\/repdom\/#website\",\"url\":\"https:\/\/noti-america.com\/site\/repdom\/\",\"name\":\"Rep. Dominicana | Noti-America.com\",\"description\":\"\",\"publisher\":{\"@id\":\"https:\/\/noti-america.com\/site\/repdom\/#organization\"},\"potentialAction\":[{\"@type\":\"SearchAction\",\"target\":{\"@type\":\"EntryPoint\",\"urlTemplate\":\"https:\/\/noti-america.com\/site\/repdom\/?s={search_term_string}\"},\"query-input\":{\"@type\":\"PropertyValueSpecification\",\"valueRequired\":true,\"valueName\":\"search_term_string\"}}],\"inLanguage\":\"es\"},{\"@type\":\"Organization\",\"@id\":\"https:\/\/noti-america.com\/site\/repdom\/#organization\",\"name\":\"Noti-America LLC | Rep\u00fablica Dominicana\",\"url\":\"https:\/\/noti-america.com\/site\/repdom\/\",\"logo\":{\"@type\":\"ImageObject\",\"inLanguage\":\"es\",\"@id\":\"https:\/\/noti-america.com\/site\/repdom\/#\/schema\/logo\/image\/\",\"url\":\"https:\/\/noti-america.com\/site\/repdom\/wp-content\/uploads\/sites\/6\/2020\/07\/LogoNA-4x3-1.jpg\",\"contentUrl\":\"https:\/\/noti-america.com\/site\/repdom\/wp-content\/uploads\/sites\/6\/2020\/07\/LogoNA-4x3-1.jpg\",\"width\":1236,\"height\":1080,\"caption\":\"Noti-America LLC | Rep\u00fablica Dominicana\"},\"image\":{\"@id\":\"https:\/\/noti-america.com\/site\/repdom\/#\/schema\/logo\/image\/\"}},{\"@type\":\"Person\",\"@id\":\"https:\/\/noti-america.com\/site\/repdom\/#\/schema\/person\/01b6a5fcca2b30bc220da2842f0b6060\",\"name\":\"Ann\u00e9 Cruz\",\"image\":{\"@type\":\"ImageObject\",\"inLanguage\":\"es\",\"@id\":\"https:\/\/secure.gravatar.com\/avatar\/f5aaeb3fd16b65f7d601dd99d7f1dcaaf7065ea361b219976bcf5d43d0980e1b?s=96&d=mm&r=g\",\"url\":\"https:\/\/secure.gravatar.com\/avatar\/f5aaeb3fd16b65f7d601dd99d7f1dcaaf7065ea361b219976bcf5d43d0980e1b?s=96&d=mm&r=g\",\"contentUrl\":\"https:\/\/secure.gravatar.com\/avatar\/f5aaeb3fd16b65f7d601dd99d7f1dcaaf7065ea361b219976bcf5d43d0980e1b?s=96&d=mm&r=g\",\"caption\":\"Ann\u00e9 Cruz\"},\"description\":\"Emprendedora, publirrelacionista y periodista especializada en Comunicaci\u00f3n Pol\u00edtica e Institucional.\",\"url\":\"https:\/\/noti-america.com\/site\/repdom\/author\/adelacruz\/\"}]}<\/script>\n<!-- \/ Yoast SEO Premium plugin. -->","yoast_head_json":{"title":"Alcald\u00eda del Distrito Nacional respalda artesanos y vendedores locales con \"mercadillo de navidad\" - Rep. Dominicana | Noti-America.com","robots":{"index":"index","follow":"follow","max-snippet":"max-snippet:-1","max-image-preview":"max-image-preview:large","max-video-preview":"max-video-preview:-1"},"canonical":"https:\/\/noti-america.com\/site\/repdom\/2020\/12\/07\/alcaldia-del-distrito-nacional-respalda-artesanos-y-vendedores-locales-con-mercadillo-de-navidad\/","og_locale":"es_ES","og_type":"article","og_title":"Alcald\u00eda del Distrito Nacional respalda artesanos y vendedores locales con \"mercadillo de navidad\"","og_description":"Santo Domingo, D.N. La Alcald\u00eda del Distrito Nacional efectu\u00f3 este domingo un mercadillo navide\u00f1o, con la participaci\u00f3n de m\u00e1s de 40 artesanos de diversas ramas. Las creaciones fueron expuestas, incluyendo la gastronom\u00eda, directamente por&#46;&#46;&#46;","og_url":"https:\/\/noti-america.com\/site\/repdom\/2020\/12\/07\/alcaldia-del-distrito-nacional-respalda-artesanos-y-vendedores-locales-con-mercadillo-de-navidad\/","og_site_name":"Rep. Dominicana | Noti-America.com","article_published_time":"2020-12-07T12:50:39+00:00","og_image":[{"width":1280,"height":853,"url":"https:\/\/noti-america.com\/site\/repdom\/wp-content\/uploads\/sites\/6\/2020\/12\/IMG-20201206-WA0006.jpg","type":"image\/jpeg"}],"author":"Ann\u00e9 Cruz","twitter_card":"summary_large_image","twitter_misc":{"Escrito por":"Ann\u00e9 Cruz","Tiempo estimado de lectura":"1 minuto"},"schema":{"@context":"https:\/\/schema.org","@graph":[{"@type":"Article","@id":"https:\/\/noti-america.com\/site\/repdom\/2020\/12\/07\/alcaldia-del-distrito-nacional-respalda-artesanos-y-vendedores-locales-con-mercadillo-de-navidad\/#article","isPartOf":{"@id":"https:\/\/noti-america.com\/site\/repdom\/2020\/12\/07\/alcaldia-del-distrito-nacional-respalda-artesanos-y-vendedores-locales-con-mercadillo-de-navidad\/"},"author":{"name":"Ann\u00e9 Cruz","@id":"https:\/\/noti-america.com\/site\/repdom\/#\/schema\/person\/01b6a5fcca2b30bc220da2842f0b6060"},"headline":"Alcald\u00eda del Distrito Nacional respalda artesanos y vendedores locales con \u00abmercadillo de navidad\u00bb","datePublished":"2020-12-07T12:50:39+00:00","mainEntityOfPage":{"@id":"https:\/\/noti-america.com\/site\/repdom\/2020\/12\/07\/alcaldia-del-distrito-nacional-respalda-artesanos-y-vendedores-locales-con-mercadillo-de-navidad\/"},"wordCount":309,"commentCount":0,"publisher":{"@id":"https:\/\/noti-america.com\/site\/repdom\/#organization"},"image":{"@id":"https:\/\/noti-america.com\/site\/repdom\/2020\/12\/07\/alcaldia-del-distrito-nacional-respalda-artesanos-y-vendedores-locales-con-mercadillo-de-navidad\/#primaryimage"},"thumbnailUrl":"https:\/\/noti-america.com\/site\/repdom\/wp-content\/uploads\/sites\/6\/2020\/12\/IMG-20201206-WA0006.jpg","keywords":["#notianne #aqu\u00edenRD #RDlotienetodo #notiamericard"],"articleSection":["Actualidad"],"inLanguage":"es","potentialAction":[{"@type":"CommentAction","name":"Comment","target":["https:\/\/noti-america.com\/site\/repdom\/2020\/12\/07\/alcaldia-del-distrito-nacional-respalda-artesanos-y-vendedores-locales-con-mercadillo-de-navidad\/#respond"]}]},{"@type":"WebPage","@id":"https:\/\/noti-america.com\/site\/repdom\/2020\/12\/07\/alcaldia-del-distrito-nacional-respalda-artesanos-y-vendedores-locales-con-mercadillo-de-navidad\/","url":"https:\/\/noti-america.com\/site\/repdom\/2020\/12\/07\/alcaldia-del-distrito-nacional-respalda-artesanos-y-vendedores-locales-con-mercadillo-de-navidad\/","name":"Alcald\u00eda del Distrito Nacional respalda artesanos y vendedores locales con \"mercadillo de navidad\" - Rep. Dominicana | Noti-America.com","isPartOf":{"@id":"https:\/\/noti-america.com\/site\/repdom\/#website"},"primaryImageOfPage":{"@id":"https:\/\/noti-america.com\/site\/repdom\/2020\/12\/07\/alcaldia-del-distrito-nacional-respalda-artesanos-y-vendedores-locales-con-mercadillo-de-navidad\/#primaryimage"},"image":{"@id":"https:\/\/noti-america.com\/site\/repdom\/2020\/12\/07\/alcaldia-del-distrito-nacional-respalda-artesanos-y-vendedores-locales-con-mercadillo-de-navidad\/#primaryimage"},"thumbnailUrl":"https:\/\/noti-america.com\/site\/repdom\/wp-content\/uploads\/sites\/6\/2020\/12\/IMG-20201206-WA0006.jpg","datePublished":"2020-12-07T12:50:39+00:00","breadcrumb":{"@id":"https:\/\/noti-america.com\/site\/repdom\/2020\/12\/07\/alcaldia-del-distrito-nacional-respalda-artesanos-y-vendedores-locales-con-mercadillo-de-navidad\/#breadcrumb"},"inLanguage":"es","potentialAction":[{"@type":"ReadAction","target":["https:\/\/noti-america.com\/site\/repdom\/2020\/12\/07\/alcaldia-del-distrito-nacional-respalda-artesanos-y-vendedores-locales-con-mercadillo-de-navidad\/"]}]},{"@type":"ImageObject","inLanguage":"es","@id":"https:\/\/noti-america.com\/site\/repdom\/2020\/12\/07\/alcaldia-del-distrito-nacional-respalda-artesanos-y-vendedores-locales-con-mercadillo-de-navidad\/#primaryimage","url":"https:\/\/noti-america.com\/site\/repdom\/wp-content\/uploads\/sites\/6\/2020\/12\/IMG-20201206-WA0006.jpg","contentUrl":"https:\/\/noti-america.com\/site\/repdom\/wp-content\/uploads\/sites\/6\/2020\/12\/IMG-20201206-WA0006.jpg","width":1280,"height":853},{"@type":"BreadcrumbList","@id":"https:\/\/noti-america.com\/site\/repdom\/2020\/12\/07\/alcaldia-del-distrito-nacional-respalda-artesanos-y-vendedores-locales-con-mercadillo-de-navidad\/#breadcrumb","itemListElement":[{"@type":"ListItem","position":1,"name":"Portada","item":"https:\/\/noti-america.com\/site\/repdom\/"},{"@type":"ListItem","position":2,"name":"Alcald\u00eda del Distrito Nacional respalda artesanos y vendedores locales con \u00abmercadillo de navidad\u00bb"}]},{"@type":"WebSite","@id":"https:\/\/noti-america.com\/site\/repdom\/#website","url":"https:\/\/noti-america.com\/site\/repdom\/","name":"Rep. Dominicana | Noti-America.com","description":"","publisher":{"@id":"https:\/\/noti-america.com\/site\/repdom\/#organization"},"potentialAction":[{"@type":"SearchAction","target":{"@type":"EntryPoint","urlTemplate":"https:\/\/noti-america.com\/site\/repdom\/?s={search_term_string}"},"query-input":{"@type":"PropertyValueSpecification","valueRequired":true,"valueName":"search_term_string"}}],"inLanguage":"es"},{"@type":"Organization","@id":"https:\/\/noti-america.com\/site\/repdom\/#organization","name":"Noti-America LLC | Rep\u00fablica Dominicana","url":"https:\/\/noti-america.com\/site\/repdom\/","logo":{"@type":"ImageObject","inLanguage":"es","@id":"https:\/\/noti-america.com\/site\/repdom\/#\/schema\/logo\/image\/","url":"https:\/\/noti-america.com\/site\/repdom\/wp-content\/uploads\/sites\/6\/2020\/07\/LogoNA-4x3-1.jpg","contentUrl":"https:\/\/noti-america.com\/site\/repdom\/wp-content\/uploads\/sites\/6\/2020\/07\/LogoNA-4x3-1.jpg","width":1236,"height":1080,"caption":"Noti-America LLC | Rep\u00fablica Dominicana"},"image":{"@id":"https:\/\/noti-america.com\/site\/repdom\/#\/schema\/logo\/image\/"}},{"@type":"Person","@id":"https:\/\/noti-america.com\/site\/repdom\/#\/schema\/person\/01b6a5fcca2b30bc220da2842f0b6060","name":"Ann\u00e9 Cruz","image":{"@type":"ImageObject","inLanguage":"es","@id":"https:\/\/secure.gravatar.com\/avatar\/f5aaeb3fd16b65f7d601dd99d7f1dcaaf7065ea361b219976bcf5d43d0980e1b?s=96&d=mm&r=g","url":"https:\/\/secure.gravatar.com\/avatar\/f5aaeb3fd16b65f7d601dd99d7f1dcaaf7065ea361b219976bcf5d43d0980e1b?s=96&d=mm&r=g","contentUrl":"https:\/\/secure.gravatar.com\/avatar\/f5aaeb3fd16b65f7d601dd99d7f1dcaaf7065ea361b219976bcf5d43d0980e1b?s=96&d=mm&r=g","caption":"Ann\u00e9 Cruz"},"description":"Emprendedora, publirrelacionista y periodista especializada en Comunicaci\u00f3n Pol\u00edtica e Institucional.","url":"https:\/\/noti-america.com\/site\/repdom\/author\/adelacruz\/"}]}},"_links":{"self":[{"href":"https:\/\/noti-america.com\/site\/repdom\/wp-json\/wp\/v2\/posts\/6597","targetHints":{"allow":["GET"]}}],"collection":[{"href":"https:\/\/noti-america.com\/site\/repdom\/wp-json\/wp\/v2\/posts"}],"about":[{"href":"https:\/\/noti-america.com\/site\/repdom\/wp-json\/wp\/v2\/types\/post"}],"author":[{"embeddable":true,"href":"https:\/\/noti-america.com\/site\/repdom\/wp-json\/wp\/v2\/users\/99"}],"replies":[{"embeddable":true,"href":"https:\/\/noti-america.com\/site\/repdom\/wp-json\/wp\/v2\/comments?post=6597"}],"version-history":[{"count":1,"href":"https:\/\/noti-america.com\/site\/repdom\/wp-json\/wp\/v2\/posts\/6597\/revisions"}],"predecessor-version":[{"id":6599,"href":"https:\/\/noti-america.com\/site\/repdom\/wp-json\/wp\/v2\/posts\/6597\/revisions\/6599"}],"wp:featuredmedia":[{"embeddable":true,"href":"https:\/\/noti-america.com\/site\/repdom\/wp-json\/wp\/v2\/media\/6598"}],"wp:attachment":[{"href":"https:\/\/noti-america.com\/site\/repdom\/wp-json\/wp\/v2\/media?parent=6597"}],"wp:term":[{"taxonomy":"category","embeddable":true,"href":"https:\/\/noti-america.com\/site\/repdom\/wp-json\/wp\/v2\/categories?post=6597"},{"taxonomy":"post_tag","embeddable":true,"href":"https:\/\/noti-america.com\/site\/repdom\/wp-json\/wp\/v2\/tags?post=6597"}],"curies":[{"name":"wp","href":"https:\/\/api.w.org\/{rel}","templated":true}]}}