{"id":6526,"date":"2020-12-03T18:46:54","date_gmt":"2020-12-03T18:46:54","guid":{"rendered":"https:\/\/noti-america.com\/site\/repdom\/?p=6526"},"modified":"2020-12-03T18:46:54","modified_gmt":"2020-12-03T18:46:54","slug":"celebraran-torneo-pro-am-del-puerto-plata-dr-open","status":"publish","type":"post","link":"https:\/\/noti-america.com\/site\/repdom\/2020\/12\/03\/celebraran-torneo-pro-am-del-puerto-plata-dr-open\/","title":{"rendered":"Celebrar\u00e1n torneo Pro-Am del Puerto Plata DR Open"},"content":{"rendered":"<p style=\"text-align: justify\">PUERTO PLATA &#8211; Todo est\u00e1 listo para la celebraci\u00f3n del torneo Pro-Am como parte de la antesala para el Puerto Plata DR Open PGA Tour Latinoam\u00e9rica, que se desarrollar\u00e1 por cuarta vez en el pa\u00eds.<\/p>\n<p style=\"text-align: justify\">La justa de golf pautada para el mi\u00e9rcoles 16 de este mes reunir\u00e1 grandes equipos dentro de los cuales se encuentran: FEDOGOLF, La Colonial, Columbus, Bupa, Volvo, Metrogas, Zona Franca Tamboril, Aeropuerto Internacional Cibao, Banreservas, Banco Santa Cruz, Banesco, Swisher, Brugal, Ministerio de Turismo, Sun Bum, entre otros.<\/p>\n<p style=\"text-align: justify\">Los participantes podr\u00e1n disfrutar de grandes amenidades que los organizadores han preparado para ellos. Adem\u00e1s, se ha formulado un protocolo para salvaguardar la salud de cada uno de los jugadores por motivo a la pandemia.<\/p>\n<p style=\"text-align: justify\">Las personas interesadas en participar en el torneo que se llevar\u00e1 a cabo en el complejo del Playa Dorada Golf Course, pueden hacerlo a trav\u00e9s de patrocinadores.<\/p>\n<p style=\"text-align: justify\"><b>Ganadores a\u00f1o pasado<\/b><\/p>\n<p style=\"text-align: justify\">La cuarteta liderada por Augusto Reyes, Lou Caldropoli, Federico \u00c1lvarez y Ryan Ruffels se qued\u00f3 con el primer lugar del evento celebrado el a\u00f1o pasado.<\/p>\n<p style=\"text-align: justify\">El equipo de Reyes, termin\u00f3 con 54 golpes neto, seguido bien de cerca del grupo de Ra\u00fal Parra, Carlos Flores, Franklin Glass y Matt Ryan, segundo lugar y la cuarteta de Tito Bueno, Pedro Est\u00e9vez, Eligio Cerda y Paulo Pinto,\u00a0terminaron tercero.<\/p>\n<p style=\"text-align: justify\">El Pro-Am es un evento donde se conjugan los golfistas profesionales y amateur, en medio del Puerto Plata Open PGA Tour LA.<\/p>\n<p style=\"text-align: justify\"><strong>Fuente: Bienvenido Carmona<\/strong><\/p>\n","protected":false},"excerpt":{"rendered":"<p>PUERTO PLATA &#8211; Todo est\u00e1 listo para la celebraci\u00f3n del torneo Pro-Am como parte de la antesala para el Puerto Plata DR Open PGA Tour Latinoam\u00e9rica, que se desarrollar\u00e1 por cuarta vez en el&#46;&#46;&#46;<\/p>\n","protected":false},"author":89,"featured_media":6529,"comment_status":"open","ping_status":"open","sticky":false,"template":"","format":"standard","meta":{"_acf_changed":false,"rop_custom_images_group":[],"rop_custom_messages_group":[],"rop_publish_now":"initial","rop_publish_now_accounts":[],"rop_publish_now_history":[],"rop_publish_now_status":"pending","footnotes":""},"categories":[16],"tags":[601],"class_list":["post-6526","post","type-post","status-publish","format-standard","has-post-thumbnail","hentry","category-deportes","tag-puerto-plata-open-pga-tour-latinoamerica"],"acf":[],"yoast_head":"<!-- This site is optimized with the Yoast SEO Premium plugin v24.9 (Yoast SEO v27.2) - https:\/\/yoast.com\/product\/yoast-seo-premium-wordpress\/ -->\n<title>Celebrar\u00e1n torneo Pro-Am del Puerto Plata DR Open - Rep. Dominicana | Noti-America.com<\/title>\n<meta name=\"robots\" content=\"index, follow, max-snippet:-1, max-image-preview:large, max-video-preview:-1\" \/>\n<link rel=\"canonical\" href=\"https:\/\/noti-america.com\/site\/repdom\/2020\/12\/03\/celebraran-torneo-pro-am-del-puerto-plata-dr-open\/\" \/>\n<meta property=\"og:locale\" content=\"es_ES\" \/>\n<meta property=\"og:type\" content=\"article\" \/>\n<meta property=\"og:title\" content=\"Celebrar\u00e1n torneo Pro-Am del Puerto Plata DR Open\" \/>\n<meta property=\"og:description\" content=\"PUERTO PLATA &#8211; Todo est\u00e1 listo para la celebraci\u00f3n del torneo Pro-Am como parte de la antesala para el Puerto Plata DR Open PGA Tour Latinoam\u00e9rica, que se desarrollar\u00e1 por cuarta vez en el&#046;&#046;&#046;\" \/>\n<meta property=\"og:url\" content=\"https:\/\/noti-america.com\/site\/repdom\/2020\/12\/03\/celebraran-torneo-pro-am-del-puerto-plata-dr-open\/\" \/>\n<meta property=\"og:site_name\" content=\"Rep. Dominicana | Noti-America.com\" \/>\n<meta property=\"article:published_time\" content=\"2020-12-03T18:46:54+00:00\" \/>\n<meta property=\"og:image\" content=\"https:\/\/noti-america.com\/site\/repdom\/wp-content\/uploads\/sites\/6\/2020\/12\/Ganadores-Pro-Am.png\" \/>\n\t<meta property=\"og:image:width\" content=\"1024\" \/>\n\t<meta property=\"og:image:height\" content=\"550\" \/>\n\t<meta property=\"og:image:type\" content=\"image\/png\" \/>\n<meta name=\"author\" content=\"Ad\u00e1n Soriano\" \/>\n<meta name=\"twitter:card\" content=\"summary_large_image\" \/>\n<meta name=\"twitter:creator\" content=\"@adansoriano\" \/>\n<meta name=\"twitter:label1\" content=\"Escrito por\" \/>\n\t<meta name=\"twitter:data1\" content=\"Ad\u00e1n Soriano\" \/>\n\t<meta name=\"twitter:label2\" content=\"Tiempo estimado de lectura\" \/>\n\t<meta name=\"twitter:data2\" content=\"1 minuto\" \/>\n<script type=\"application\/ld+json\" class=\"yoast-schema-graph\">{\"@context\":\"https:\/\/schema.org\",\"@graph\":[{\"@type\":\"Article\",\"@id\":\"https:\/\/noti-america.com\/site\/repdom\/2020\/12\/03\/celebraran-torneo-pro-am-del-puerto-plata-dr-open\/#article\",\"isPartOf\":{\"@id\":\"https:\/\/noti-america.com\/site\/repdom\/2020\/12\/03\/celebraran-torneo-pro-am-del-puerto-plata-dr-open\/\"},\"author\":{\"name\":\"Ad\u00e1n Soriano\",\"@id\":\"https:\/\/noti-america.com\/site\/repdom\/#\/schema\/person\/fd0092c1530d275fabaa5cffcbc2b976\"},\"headline\":\"Celebrar\u00e1n torneo Pro-Am del Puerto Plata DR Open\",\"datePublished\":\"2020-12-03T18:46:54+00:00\",\"mainEntityOfPage\":{\"@id\":\"https:\/\/noti-america.com\/site\/repdom\/2020\/12\/03\/celebraran-torneo-pro-am-del-puerto-plata-dr-open\/\"},\"wordCount\":258,\"commentCount\":0,\"publisher\":{\"@id\":\"https:\/\/noti-america.com\/site\/repdom\/#organization\"},\"image\":{\"@id\":\"https:\/\/noti-america.com\/site\/repdom\/2020\/12\/03\/celebraran-torneo-pro-am-del-puerto-plata-dr-open\/#primaryimage\"},\"thumbnailUrl\":\"https:\/\/noti-america.com\/site\/repdom\/wp-content\/uploads\/sites\/6\/2020\/12\/Ganadores-Pro-Am.png\",\"keywords\":[\"Puerto Plata Open PGA Tour Latinoam\u00e9rica\"],\"articleSection\":[\"Deportes\"],\"inLanguage\":\"es\",\"potentialAction\":[{\"@type\":\"CommentAction\",\"name\":\"Comment\",\"target\":[\"https:\/\/noti-america.com\/site\/repdom\/2020\/12\/03\/celebraran-torneo-pro-am-del-puerto-plata-dr-open\/#respond\"]}]},{\"@type\":\"WebPage\",\"@id\":\"https:\/\/noti-america.com\/site\/repdom\/2020\/12\/03\/celebraran-torneo-pro-am-del-puerto-plata-dr-open\/\",\"url\":\"https:\/\/noti-america.com\/site\/repdom\/2020\/12\/03\/celebraran-torneo-pro-am-del-puerto-plata-dr-open\/\",\"name\":\"Celebrar\u00e1n torneo Pro-Am del Puerto Plata DR Open - Rep. Dominicana | Noti-America.com\",\"isPartOf\":{\"@id\":\"https:\/\/noti-america.com\/site\/repdom\/#website\"},\"primaryImageOfPage\":{\"@id\":\"https:\/\/noti-america.com\/site\/repdom\/2020\/12\/03\/celebraran-torneo-pro-am-del-puerto-plata-dr-open\/#primaryimage\"},\"image\":{\"@id\":\"https:\/\/noti-america.com\/site\/repdom\/2020\/12\/03\/celebraran-torneo-pro-am-del-puerto-plata-dr-open\/#primaryimage\"},\"thumbnailUrl\":\"https:\/\/noti-america.com\/site\/repdom\/wp-content\/uploads\/sites\/6\/2020\/12\/Ganadores-Pro-Am.png\",\"datePublished\":\"2020-12-03T18:46:54+00:00\",\"breadcrumb\":{\"@id\":\"https:\/\/noti-america.com\/site\/repdom\/2020\/12\/03\/celebraran-torneo-pro-am-del-puerto-plata-dr-open\/#breadcrumb\"},\"inLanguage\":\"es\",\"potentialAction\":[{\"@type\":\"ReadAction\",\"target\":[\"https:\/\/noti-america.com\/site\/repdom\/2020\/12\/03\/celebraran-torneo-pro-am-del-puerto-plata-dr-open\/\"]}]},{\"@type\":\"ImageObject\",\"inLanguage\":\"es\",\"@id\":\"https:\/\/noti-america.com\/site\/repdom\/2020\/12\/03\/celebraran-torneo-pro-am-del-puerto-plata-dr-open\/#primaryimage\",\"url\":\"https:\/\/noti-america.com\/site\/repdom\/wp-content\/uploads\/sites\/6\/2020\/12\/Ganadores-Pro-Am.png\",\"contentUrl\":\"https:\/\/noti-america.com\/site\/repdom\/wp-content\/uploads\/sites\/6\/2020\/12\/Ganadores-Pro-Am.png\",\"width\":1024,\"height\":550},{\"@type\":\"BreadcrumbList\",\"@id\":\"https:\/\/noti-america.com\/site\/repdom\/2020\/12\/03\/celebraran-torneo-pro-am-del-puerto-plata-dr-open\/#breadcrumb\",\"itemListElement\":[{\"@type\":\"ListItem\",\"position\":1,\"name\":\"Portada\",\"item\":\"https:\/\/noti-america.com\/site\/repdom\/\"},{\"@type\":\"ListItem\",\"position\":2,\"name\":\"Celebrar\u00e1n torneo Pro-Am del Puerto Plata DR Open\"}]},{\"@type\":\"WebSite\",\"@id\":\"https:\/\/noti-america.com\/site\/repdom\/#website\",\"url\":\"https:\/\/noti-america.com\/site\/repdom\/\",\"name\":\"Rep. Dominicana | Noti-America.com\",\"description\":\"\",\"publisher\":{\"@id\":\"https:\/\/noti-america.com\/site\/repdom\/#organization\"},\"potentialAction\":[{\"@type\":\"SearchAction\",\"target\":{\"@type\":\"EntryPoint\",\"urlTemplate\":\"https:\/\/noti-america.com\/site\/repdom\/?s={search_term_string}\"},\"query-input\":{\"@type\":\"PropertyValueSpecification\",\"valueRequired\":true,\"valueName\":\"search_term_string\"}}],\"inLanguage\":\"es\"},{\"@type\":\"Organization\",\"@id\":\"https:\/\/noti-america.com\/site\/repdom\/#organization\",\"name\":\"Noti-America LLC | Rep\u00fablica Dominicana\",\"url\":\"https:\/\/noti-america.com\/site\/repdom\/\",\"logo\":{\"@type\":\"ImageObject\",\"inLanguage\":\"es\",\"@id\":\"https:\/\/noti-america.com\/site\/repdom\/#\/schema\/logo\/image\/\",\"url\":\"https:\/\/noti-america.com\/site\/repdom\/wp-content\/uploads\/sites\/6\/2020\/07\/LogoNA-4x3-1.jpg\",\"contentUrl\":\"https:\/\/noti-america.com\/site\/repdom\/wp-content\/uploads\/sites\/6\/2020\/07\/LogoNA-4x3-1.jpg\",\"width\":1236,\"height\":1080,\"caption\":\"Noti-America LLC | Rep\u00fablica Dominicana\"},\"image\":{\"@id\":\"https:\/\/noti-america.com\/site\/repdom\/#\/schema\/logo\/image\/\"}},{\"@type\":\"Person\",\"@id\":\"https:\/\/noti-america.com\/site\/repdom\/#\/schema\/person\/fd0092c1530d275fabaa5cffcbc2b976\",\"name\":\"Ad\u00e1n Soriano\",\"image\":{\"@type\":\"ImageObject\",\"inLanguage\":\"es\",\"@id\":\"https:\/\/secure.gravatar.com\/avatar\/ecf97ff3aee7ff9efdae670d7e976f3e7e8acc1077e510d73707999a8bfd4467?s=96&d=mm&r=g\",\"url\":\"https:\/\/secure.gravatar.com\/avatar\/ecf97ff3aee7ff9efdae670d7e976f3e7e8acc1077e510d73707999a8bfd4467?s=96&d=mm&r=g\",\"contentUrl\":\"https:\/\/secure.gravatar.com\/avatar\/ecf97ff3aee7ff9efdae670d7e976f3e7e8acc1077e510d73707999a8bfd4467?s=96&d=mm&r=g\",\"caption\":\"Ad\u00e1n Soriano\"},\"description\":\"Soy cronista deportivo con 10 a\u00f1os de experiencia en varios espacios, y conduzco el podcast deportivo llamado Mezcla Deportiva\",\"sameAs\":[\"https:\/\/x.com\/adansoriano\"],\"url\":\"https:\/\/noti-america.com\/site\/repdom\/author\/asoriano\/\"}]}<\/script>\n<!-- \/ Yoast SEO Premium plugin. -->","yoast_head_json":{"title":"Celebrar\u00e1n torneo Pro-Am del Puerto Plata DR Open - Rep. Dominicana | Noti-America.com","robots":{"index":"index","follow":"follow","max-snippet":"max-snippet:-1","max-image-preview":"max-image-preview:large","max-video-preview":"max-video-preview:-1"},"canonical":"https:\/\/noti-america.com\/site\/repdom\/2020\/12\/03\/celebraran-torneo-pro-am-del-puerto-plata-dr-open\/","og_locale":"es_ES","og_type":"article","og_title":"Celebrar\u00e1n torneo Pro-Am del Puerto Plata DR Open","og_description":"PUERTO PLATA &#8211; Todo est\u00e1 listo para la celebraci\u00f3n del torneo Pro-Am como parte de la antesala para el Puerto Plata DR Open PGA Tour Latinoam\u00e9rica, que se desarrollar\u00e1 por cuarta vez en el&#46;&#46;&#46;","og_url":"https:\/\/noti-america.com\/site\/repdom\/2020\/12\/03\/celebraran-torneo-pro-am-del-puerto-plata-dr-open\/","og_site_name":"Rep. Dominicana | Noti-America.com","article_published_time":"2020-12-03T18:46:54+00:00","og_image":[{"width":1024,"height":550,"url":"https:\/\/noti-america.com\/site\/repdom\/wp-content\/uploads\/sites\/6\/2020\/12\/Ganadores-Pro-Am.png","type":"image\/png"}],"author":"Ad\u00e1n Soriano","twitter_card":"summary_large_image","twitter_creator":"@adansoriano","twitter_misc":{"Escrito por":"Ad\u00e1n Soriano","Tiempo estimado de lectura":"1 minuto"},"schema":{"@context":"https:\/\/schema.org","@graph":[{"@type":"Article","@id":"https:\/\/noti-america.com\/site\/repdom\/2020\/12\/03\/celebraran-torneo-pro-am-del-puerto-plata-dr-open\/#article","isPartOf":{"@id":"https:\/\/noti-america.com\/site\/repdom\/2020\/12\/03\/celebraran-torneo-pro-am-del-puerto-plata-dr-open\/"},"author":{"name":"Ad\u00e1n Soriano","@id":"https:\/\/noti-america.com\/site\/repdom\/#\/schema\/person\/fd0092c1530d275fabaa5cffcbc2b976"},"headline":"Celebrar\u00e1n torneo Pro-Am del Puerto Plata DR Open","datePublished":"2020-12-03T18:46:54+00:00","mainEntityOfPage":{"@id":"https:\/\/noti-america.com\/site\/repdom\/2020\/12\/03\/celebraran-torneo-pro-am-del-puerto-plata-dr-open\/"},"wordCount":258,"commentCount":0,"publisher":{"@id":"https:\/\/noti-america.com\/site\/repdom\/#organization"},"image":{"@id":"https:\/\/noti-america.com\/site\/repdom\/2020\/12\/03\/celebraran-torneo-pro-am-del-puerto-plata-dr-open\/#primaryimage"},"thumbnailUrl":"https:\/\/noti-america.com\/site\/repdom\/wp-content\/uploads\/sites\/6\/2020\/12\/Ganadores-Pro-Am.png","keywords":["Puerto Plata Open PGA Tour Latinoam\u00e9rica"],"articleSection":["Deportes"],"inLanguage":"es","potentialAction":[{"@type":"CommentAction","name":"Comment","target":["https:\/\/noti-america.com\/site\/repdom\/2020\/12\/03\/celebraran-torneo-pro-am-del-puerto-plata-dr-open\/#respond"]}]},{"@type":"WebPage","@id":"https:\/\/noti-america.com\/site\/repdom\/2020\/12\/03\/celebraran-torneo-pro-am-del-puerto-plata-dr-open\/","url":"https:\/\/noti-america.com\/site\/repdom\/2020\/12\/03\/celebraran-torneo-pro-am-del-puerto-plata-dr-open\/","name":"Celebrar\u00e1n torneo Pro-Am del Puerto Plata DR Open - Rep. Dominicana | Noti-America.com","isPartOf":{"@id":"https:\/\/noti-america.com\/site\/repdom\/#website"},"primaryImageOfPage":{"@id":"https:\/\/noti-america.com\/site\/repdom\/2020\/12\/03\/celebraran-torneo-pro-am-del-puerto-plata-dr-open\/#primaryimage"},"image":{"@id":"https:\/\/noti-america.com\/site\/repdom\/2020\/12\/03\/celebraran-torneo-pro-am-del-puerto-plata-dr-open\/#primaryimage"},"thumbnailUrl":"https:\/\/noti-america.com\/site\/repdom\/wp-content\/uploads\/sites\/6\/2020\/12\/Ganadores-Pro-Am.png","datePublished":"2020-12-03T18:46:54+00:00","breadcrumb":{"@id":"https:\/\/noti-america.com\/site\/repdom\/2020\/12\/03\/celebraran-torneo-pro-am-del-puerto-plata-dr-open\/#breadcrumb"},"inLanguage":"es","potentialAction":[{"@type":"ReadAction","target":["https:\/\/noti-america.com\/site\/repdom\/2020\/12\/03\/celebraran-torneo-pro-am-del-puerto-plata-dr-open\/"]}]},{"@type":"ImageObject","inLanguage":"es","@id":"https:\/\/noti-america.com\/site\/repdom\/2020\/12\/03\/celebraran-torneo-pro-am-del-puerto-plata-dr-open\/#primaryimage","url":"https:\/\/noti-america.com\/site\/repdom\/wp-content\/uploads\/sites\/6\/2020\/12\/Ganadores-Pro-Am.png","contentUrl":"https:\/\/noti-america.com\/site\/repdom\/wp-content\/uploads\/sites\/6\/2020\/12\/Ganadores-Pro-Am.png","width":1024,"height":550},{"@type":"BreadcrumbList","@id":"https:\/\/noti-america.com\/site\/repdom\/2020\/12\/03\/celebraran-torneo-pro-am-del-puerto-plata-dr-open\/#breadcrumb","itemListElement":[{"@type":"ListItem","position":1,"name":"Portada","item":"https:\/\/noti-america.com\/site\/repdom\/"},{"@type":"ListItem","position":2,"name":"Celebrar\u00e1n torneo Pro-Am del Puerto Plata DR Open"}]},{"@type":"WebSite","@id":"https:\/\/noti-america.com\/site\/repdom\/#website","url":"https:\/\/noti-america.com\/site\/repdom\/","name":"Rep. Dominicana | Noti-America.com","description":"","publisher":{"@id":"https:\/\/noti-america.com\/site\/repdom\/#organization"},"potentialAction":[{"@type":"SearchAction","target":{"@type":"EntryPoint","urlTemplate":"https:\/\/noti-america.com\/site\/repdom\/?s={search_term_string}"},"query-input":{"@type":"PropertyValueSpecification","valueRequired":true,"valueName":"search_term_string"}}],"inLanguage":"es"},{"@type":"Organization","@id":"https:\/\/noti-america.com\/site\/repdom\/#organization","name":"Noti-America LLC | Rep\u00fablica Dominicana","url":"https:\/\/noti-america.com\/site\/repdom\/","logo":{"@type":"ImageObject","inLanguage":"es","@id":"https:\/\/noti-america.com\/site\/repdom\/#\/schema\/logo\/image\/","url":"https:\/\/noti-america.com\/site\/repdom\/wp-content\/uploads\/sites\/6\/2020\/07\/LogoNA-4x3-1.jpg","contentUrl":"https:\/\/noti-america.com\/site\/repdom\/wp-content\/uploads\/sites\/6\/2020\/07\/LogoNA-4x3-1.jpg","width":1236,"height":1080,"caption":"Noti-America LLC | Rep\u00fablica Dominicana"},"image":{"@id":"https:\/\/noti-america.com\/site\/repdom\/#\/schema\/logo\/image\/"}},{"@type":"Person","@id":"https:\/\/noti-america.com\/site\/repdom\/#\/schema\/person\/fd0092c1530d275fabaa5cffcbc2b976","name":"Ad\u00e1n Soriano","image":{"@type":"ImageObject","inLanguage":"es","@id":"https:\/\/secure.gravatar.com\/avatar\/ecf97ff3aee7ff9efdae670d7e976f3e7e8acc1077e510d73707999a8bfd4467?s=96&d=mm&r=g","url":"https:\/\/secure.gravatar.com\/avatar\/ecf97ff3aee7ff9efdae670d7e976f3e7e8acc1077e510d73707999a8bfd4467?s=96&d=mm&r=g","contentUrl":"https:\/\/secure.gravatar.com\/avatar\/ecf97ff3aee7ff9efdae670d7e976f3e7e8acc1077e510d73707999a8bfd4467?s=96&d=mm&r=g","caption":"Ad\u00e1n Soriano"},"description":"Soy cronista deportivo con 10 a\u00f1os de experiencia en varios espacios, y conduzco el podcast deportivo llamado Mezcla Deportiva","sameAs":["https:\/\/x.com\/adansoriano"],"url":"https:\/\/noti-america.com\/site\/repdom\/author\/asoriano\/"}]}},"_links":{"self":[{"href":"https:\/\/noti-america.com\/site\/repdom\/wp-json\/wp\/v2\/posts\/6526","targetHints":{"allow":["GET"]}}],"collection":[{"href":"https:\/\/noti-america.com\/site\/repdom\/wp-json\/wp\/v2\/posts"}],"about":[{"href":"https:\/\/noti-america.com\/site\/repdom\/wp-json\/wp\/v2\/types\/post"}],"author":[{"embeddable":true,"href":"https:\/\/noti-america.com\/site\/repdom\/wp-json\/wp\/v2\/users\/89"}],"replies":[{"embeddable":true,"href":"https:\/\/noti-america.com\/site\/repdom\/wp-json\/wp\/v2\/comments?post=6526"}],"version-history":[{"count":1,"href":"https:\/\/noti-america.com\/site\/repdom\/wp-json\/wp\/v2\/posts\/6526\/revisions"}],"predecessor-version":[{"id":6530,"href":"https:\/\/noti-america.com\/site\/repdom\/wp-json\/wp\/v2\/posts\/6526\/revisions\/6530"}],"wp:featuredmedia":[{"embeddable":true,"href":"https:\/\/noti-america.com\/site\/repdom\/wp-json\/wp\/v2\/media\/6529"}],"wp:attachment":[{"href":"https:\/\/noti-america.com\/site\/repdom\/wp-json\/wp\/v2\/media?parent=6526"}],"wp:term":[{"taxonomy":"category","embeddable":true,"href":"https:\/\/noti-america.com\/site\/repdom\/wp-json\/wp\/v2\/categories?post=6526"},{"taxonomy":"post_tag","embeddable":true,"href":"https:\/\/noti-america.com\/site\/repdom\/wp-json\/wp\/v2\/tags?post=6526"}],"curies":[{"name":"wp","href":"https:\/\/api.w.org\/{rel}","templated":true}]}}