{"id":6522,"date":"2020-12-03T18:36:00","date_gmt":"2020-12-03T18:36:00","guid":{"rendered":"https:\/\/noti-america.com\/site\/repdom\/?p=6522"},"modified":"2020-12-03T18:36:00","modified_gmt":"2020-12-03T18:36:00","slug":"adn-aprueba-ordenanza-historica-que-elimina-barreras-para-personas-con-discapacidad","status":"publish","type":"post","link":"https:\/\/noti-america.com\/site\/repdom\/2020\/12\/03\/adn-aprueba-ordenanza-historica-que-elimina-barreras-para-personas-con-discapacidad\/","title":{"rendered":"ADN aprueba ordenanza hist\u00f3rica que elimina barreras para personas con discapacidad"},"content":{"rendered":"<p style=\"text-align: center\">Alcaldesa Carolina Mej\u00eda impulsa ciudad inclusiva<\/p>\n<p style=\"text-align: justify\">Santo Domingo, D.N.- La Alcald\u00eda del Distrito Nacional ha marcado un hito hist\u00f3rico al proponerse eliminar la discriminaci\u00f3n que enfrentan d\u00eda a d\u00eda las Personas con Discapacidad a trav\u00e9s del primer departamento dedicado \u00fanicamente a trabajar pol\u00edticas p\u00fablicas inclusivas y alianzas estrat\u00e9gicas como lo es con el Consejo Nacional de Discapacidad (CONADIS) y el Programa de las Naciones Unidas para el Desarrollo (PNUD).<\/p>\n<p style=\"text-align: justify\">Como resultado, en una sesi\u00f3n extraordinaria, el Concejo de Regidores de la Alcald\u00eda, honr\u00f3 el D\u00eda Internacional de la Discapacidad aprobando de manera un\u00e1nime la primera Ordenanza por la inclusi\u00f3n de Personas con Discapacidad, en armon\u00eda con la Convenci\u00f3n de las Naciones Unidas sobre los Derechos de las Personas con Discapacidad.<\/p>\n<p style=\"text-align: justify\">El fin de dicha Convenci\u00f3n, de la cual la Rep\u00fablica Dominicana es Estado Parte, es promover, proteger y asegurar el goce pleno y en condiciones de igualdad de todos los derechos humanos y libertades fundamentales por todas las personas con discapacidad, y promover el respeto de su dignidad inherente.<\/p>\n<p style=\"text-align: justify\">Esta Ordenanza declara la adopci\u00f3n de la \u201cAgenda Municipal de Desarrollo Inclusivo y la Accesibilidad al medio f\u00edsico\u201d de la mano de CONADIS, \u00f3rgano rector en discapacidad en nuestro pa\u00eds. As\u00ed como tambi\u00e9n, criterios y requisitos generales para un dise\u00f1o universal y herramientas para promover la igualdad de derechos entre las personas del Distrito Nacional.<\/p>\n<p style=\"text-align: justify\">Entre algunas de las acciones a ejercer se encuentran apoyar al Poder Ejecutivo en la implementaci\u00f3n de medidas de protecci\u00f3n contra toda forma de discriminaci\u00f3n de las personas con discapacidad, someter a certificaci\u00f3n de Accesibilidad a los espacios y edificaciones municipales, crear acceso en Braille y en audio a los documentos de servicios municipales, implementar se\u00f1alizaci\u00f3n accesible en los espacios p\u00fablicos urbanos como sem\u00e1foros sonoros y tarjas en Braille, y la implementaci\u00f3n de tarjetas de estacionamiento vehicular para personas con discapacidad.<\/p>\n<p style=\"text-align: justify\">En cuanto a educaci\u00f3n, incide en los organismos competentes para asegurar condiciones de accesibilidad en las edificaciones escolares, procura implementaci\u00f3n de lectores de pantalla, audio-libros, textos en Braille y otras tecnolog\u00edas accesibles en las bibliotecas municipales, y coordinar con las instituciones competentes un programa de becas para estudiantes con discapacidad.<\/p>\n<p style=\"text-align: justify\">Promueve que los espacios f\u00edsicos para el desarrollo deportivo, cultural y recreativo sean accesibles y la participaci\u00f3n de personas con discapacidad en los mismos. Ordena la implementaci\u00f3n de un padr\u00f3n municipal para poder registrarse para fines de asistencia y tambi\u00e9n incluye las personas con discapacidad en Planes Municipales de Gesti\u00f3n de Riesgos, y en el Comit\u00e9 de Prevenci\u00f3n, Mitigaci\u00f3n y Respuestas ante desastres del Distrito Nacional.<br \/>\nFomenta en las empresas privadas el cumplimiento de la cuota laboral del 2% de personas con discapacidad y en el sector p\u00fablico el 5%, la implementaci\u00f3n de ajustes razonables en los entornos laborales, as\u00ed como tambi\u00e9n la implementaci\u00f3n de modelos de econom\u00eda asociativa y el autoempleo de las personas con discapacidad.<\/p>\n<p style=\"text-align: justify\">Finalmente, la Ordenanza crea la Comisi\u00f3n Municipal de Inclusi\u00f3n, como \u00f3rgano institucional que tendr\u00e1 como funci\u00f3n plantear la implementaci\u00f3n de nuevas pol\u00edticas de inclusi\u00f3n y accesibilidad para personas con discapacidad en el \u00e1mbito del Distrito Nacional.<\/p>\n<p style=\"text-align: justify\">ADN<\/p>\n","protected":false},"excerpt":{"rendered":"<p>Alcaldesa Carolina Mej\u00eda impulsa ciudad inclusiva Santo Domingo, D.N.- La Alcald\u00eda del Distrito Nacional ha marcado un hito hist\u00f3rico al proponerse eliminar la discriminaci\u00f3n que enfrentan d\u00eda a d\u00eda las Personas con Discapacidad a&#46;&#46;&#46;<\/p>\n","protected":false},"author":99,"featured_media":6523,"comment_status":"open","ping_status":"open","sticky":false,"template":"","format":"image","meta":{"_acf_changed":false,"rop_custom_images_group":[],"rop_custom_messages_group":[],"rop_publish_now":"initial","rop_publish_now_accounts":[],"rop_publish_now_history":[],"rop_publish_now_status":"pending","footnotes":""},"categories":[10],"tags":[596],"class_list":["post-6522","post","type-post","status-publish","format-image","has-post-thumbnail","hentry","category-actualidad","tag-notianne-aquienrd-rdlotienetodo-notiamericard","post_format-post-format-image"],"acf":[],"yoast_head":"<!-- This site is optimized with the Yoast SEO Premium plugin v24.9 (Yoast SEO v27.2) - https:\/\/yoast.com\/product\/yoast-seo-premium-wordpress\/ -->\n<title>ADN aprueba ordenanza hist\u00f3rica que elimina barreras para personas con discapacidad - Rep. Dominicana | Noti-America.com<\/title>\n<meta name=\"robots\" content=\"index, follow, max-snippet:-1, max-image-preview:large, max-video-preview:-1\" \/>\n<link rel=\"canonical\" href=\"https:\/\/noti-america.com\/site\/repdom\/2020\/12\/03\/adn-aprueba-ordenanza-historica-que-elimina-barreras-para-personas-con-discapacidad\/\" \/>\n<meta property=\"og:locale\" content=\"es_ES\" \/>\n<meta property=\"og:type\" content=\"article\" \/>\n<meta property=\"og:title\" content=\"ADN aprueba ordenanza hist\u00f3rica que elimina barreras para personas con discapacidad\" \/>\n<meta property=\"og:description\" content=\"Alcaldesa Carolina Mej\u00eda impulsa ciudad inclusiva Santo Domingo, D.N.- La Alcald\u00eda del Distrito Nacional ha marcado un hito hist\u00f3rico al proponerse eliminar la discriminaci\u00f3n que enfrentan d\u00eda a d\u00eda las Personas con Discapacidad a&#046;&#046;&#046;\" \/>\n<meta property=\"og:url\" content=\"https:\/\/noti-america.com\/site\/repdom\/2020\/12\/03\/adn-aprueba-ordenanza-historica-que-elimina-barreras-para-personas-con-discapacidad\/\" \/>\n<meta property=\"og:site_name\" content=\"Rep. Dominicana | Noti-America.com\" \/>\n<meta property=\"article:published_time\" content=\"2020-12-03T18:36:00+00:00\" \/>\n<meta property=\"og:image\" content=\"https:\/\/noti-america.com\/site\/repdom\/wp-content\/uploads\/sites\/6\/2020\/12\/WhatsApp-Image-2020-12-03-at-5.53.00-PM.jpeg\" \/>\n\t<meta property=\"og:image:width\" content=\"1280\" \/>\n\t<meta property=\"og:image:height\" content=\"853\" \/>\n\t<meta property=\"og:image:type\" content=\"image\/jpeg\" \/>\n<meta name=\"author\" content=\"Ann\u00e9 Cruz\" \/>\n<meta name=\"twitter:card\" content=\"summary_large_image\" \/>\n<meta name=\"twitter:label1\" content=\"Escrito por\" \/>\n\t<meta name=\"twitter:data1\" content=\"Ann\u00e9 Cruz\" \/>\n\t<meta name=\"twitter:label2\" content=\"Tiempo estimado de lectura\" \/>\n\t<meta name=\"twitter:data2\" content=\"3 minutos\" \/>\n<script type=\"application\/ld+json\" class=\"yoast-schema-graph\">{\"@context\":\"https:\/\/schema.org\",\"@graph\":[{\"@type\":\"Article\",\"@id\":\"https:\/\/noti-america.com\/site\/repdom\/2020\/12\/03\/adn-aprueba-ordenanza-historica-que-elimina-barreras-para-personas-con-discapacidad\/#article\",\"isPartOf\":{\"@id\":\"https:\/\/noti-america.com\/site\/repdom\/2020\/12\/03\/adn-aprueba-ordenanza-historica-que-elimina-barreras-para-personas-con-discapacidad\/\"},\"author\":{\"name\":\"Ann\u00e9 Cruz\",\"@id\":\"https:\/\/noti-america.com\/site\/repdom\/#\/schema\/person\/01b6a5fcca2b30bc220da2842f0b6060\"},\"headline\":\"ADN aprueba ordenanza hist\u00f3rica que elimina barreras para personas con discapacidad\",\"datePublished\":\"2020-12-03T18:36:00+00:00\",\"mainEntityOfPage\":{\"@id\":\"https:\/\/noti-america.com\/site\/repdom\/2020\/12\/03\/adn-aprueba-ordenanza-historica-que-elimina-barreras-para-personas-con-discapacidad\/\"},\"wordCount\":576,\"commentCount\":0,\"publisher\":{\"@id\":\"https:\/\/noti-america.com\/site\/repdom\/#organization\"},\"image\":{\"@id\":\"https:\/\/noti-america.com\/site\/repdom\/2020\/12\/03\/adn-aprueba-ordenanza-historica-que-elimina-barreras-para-personas-con-discapacidad\/#primaryimage\"},\"thumbnailUrl\":\"https:\/\/noti-america.com\/site\/repdom\/wp-content\/uploads\/sites\/6\/2020\/12\/WhatsApp-Image-2020-12-03-at-5.53.00-PM.jpeg\",\"keywords\":[\"#notianne #aqu\u00edenRD #RDlotienetodo #notiamericard\"],\"articleSection\":[\"Actualidad\"],\"inLanguage\":\"es\",\"potentialAction\":[{\"@type\":\"CommentAction\",\"name\":\"Comment\",\"target\":[\"https:\/\/noti-america.com\/site\/repdom\/2020\/12\/03\/adn-aprueba-ordenanza-historica-que-elimina-barreras-para-personas-con-discapacidad\/#respond\"]}]},{\"@type\":\"WebPage\",\"@id\":\"https:\/\/noti-america.com\/site\/repdom\/2020\/12\/03\/adn-aprueba-ordenanza-historica-que-elimina-barreras-para-personas-con-discapacidad\/\",\"url\":\"https:\/\/noti-america.com\/site\/repdom\/2020\/12\/03\/adn-aprueba-ordenanza-historica-que-elimina-barreras-para-personas-con-discapacidad\/\",\"name\":\"ADN aprueba ordenanza hist\u00f3rica que elimina barreras para personas con discapacidad - Rep. Dominicana | Noti-America.com\",\"isPartOf\":{\"@id\":\"https:\/\/noti-america.com\/site\/repdom\/#website\"},\"primaryImageOfPage\":{\"@id\":\"https:\/\/noti-america.com\/site\/repdom\/2020\/12\/03\/adn-aprueba-ordenanza-historica-que-elimina-barreras-para-personas-con-discapacidad\/#primaryimage\"},\"image\":{\"@id\":\"https:\/\/noti-america.com\/site\/repdom\/2020\/12\/03\/adn-aprueba-ordenanza-historica-que-elimina-barreras-para-personas-con-discapacidad\/#primaryimage\"},\"thumbnailUrl\":\"https:\/\/noti-america.com\/site\/repdom\/wp-content\/uploads\/sites\/6\/2020\/12\/WhatsApp-Image-2020-12-03-at-5.53.00-PM.jpeg\",\"datePublished\":\"2020-12-03T18:36:00+00:00\",\"breadcrumb\":{\"@id\":\"https:\/\/noti-america.com\/site\/repdom\/2020\/12\/03\/adn-aprueba-ordenanza-historica-que-elimina-barreras-para-personas-con-discapacidad\/#breadcrumb\"},\"inLanguage\":\"es\",\"potentialAction\":[{\"@type\":\"ReadAction\",\"target\":[\"https:\/\/noti-america.com\/site\/repdom\/2020\/12\/03\/adn-aprueba-ordenanza-historica-que-elimina-barreras-para-personas-con-discapacidad\/\"]}]},{\"@type\":\"ImageObject\",\"inLanguage\":\"es\",\"@id\":\"https:\/\/noti-america.com\/site\/repdom\/2020\/12\/03\/adn-aprueba-ordenanza-historica-que-elimina-barreras-para-personas-con-discapacidad\/#primaryimage\",\"url\":\"https:\/\/noti-america.com\/site\/repdom\/wp-content\/uploads\/sites\/6\/2020\/12\/WhatsApp-Image-2020-12-03-at-5.53.00-PM.jpeg\",\"contentUrl\":\"https:\/\/noti-america.com\/site\/repdom\/wp-content\/uploads\/sites\/6\/2020\/12\/WhatsApp-Image-2020-12-03-at-5.53.00-PM.jpeg\",\"width\":1280,\"height\":853},{\"@type\":\"BreadcrumbList\",\"@id\":\"https:\/\/noti-america.com\/site\/repdom\/2020\/12\/03\/adn-aprueba-ordenanza-historica-que-elimina-barreras-para-personas-con-discapacidad\/#breadcrumb\",\"itemListElement\":[{\"@type\":\"ListItem\",\"position\":1,\"name\":\"Portada\",\"item\":\"https:\/\/noti-america.com\/site\/repdom\/\"},{\"@type\":\"ListItem\",\"position\":2,\"name\":\"ADN aprueba ordenanza hist\u00f3rica que elimina barreras para personas con discapacidad\"}]},{\"@type\":\"WebSite\",\"@id\":\"https:\/\/noti-america.com\/site\/repdom\/#website\",\"url\":\"https:\/\/noti-america.com\/site\/repdom\/\",\"name\":\"Rep. Dominicana | Noti-America.com\",\"description\":\"\",\"publisher\":{\"@id\":\"https:\/\/noti-america.com\/site\/repdom\/#organization\"},\"potentialAction\":[{\"@type\":\"SearchAction\",\"target\":{\"@type\":\"EntryPoint\",\"urlTemplate\":\"https:\/\/noti-america.com\/site\/repdom\/?s={search_term_string}\"},\"query-input\":{\"@type\":\"PropertyValueSpecification\",\"valueRequired\":true,\"valueName\":\"search_term_string\"}}],\"inLanguage\":\"es\"},{\"@type\":\"Organization\",\"@id\":\"https:\/\/noti-america.com\/site\/repdom\/#organization\",\"name\":\"Noti-America LLC | Rep\u00fablica Dominicana\",\"url\":\"https:\/\/noti-america.com\/site\/repdom\/\",\"logo\":{\"@type\":\"ImageObject\",\"inLanguage\":\"es\",\"@id\":\"https:\/\/noti-america.com\/site\/repdom\/#\/schema\/logo\/image\/\",\"url\":\"https:\/\/noti-america.com\/site\/repdom\/wp-content\/uploads\/sites\/6\/2020\/07\/LogoNA-4x3-1.jpg\",\"contentUrl\":\"https:\/\/noti-america.com\/site\/repdom\/wp-content\/uploads\/sites\/6\/2020\/07\/LogoNA-4x3-1.jpg\",\"width\":1236,\"height\":1080,\"caption\":\"Noti-America LLC | Rep\u00fablica Dominicana\"},\"image\":{\"@id\":\"https:\/\/noti-america.com\/site\/repdom\/#\/schema\/logo\/image\/\"}},{\"@type\":\"Person\",\"@id\":\"https:\/\/noti-america.com\/site\/repdom\/#\/schema\/person\/01b6a5fcca2b30bc220da2842f0b6060\",\"name\":\"Ann\u00e9 Cruz\",\"image\":{\"@type\":\"ImageObject\",\"inLanguage\":\"es\",\"@id\":\"https:\/\/secure.gravatar.com\/avatar\/f5aaeb3fd16b65f7d601dd99d7f1dcaaf7065ea361b219976bcf5d43d0980e1b?s=96&d=mm&r=g\",\"url\":\"https:\/\/secure.gravatar.com\/avatar\/f5aaeb3fd16b65f7d601dd99d7f1dcaaf7065ea361b219976bcf5d43d0980e1b?s=96&d=mm&r=g\",\"contentUrl\":\"https:\/\/secure.gravatar.com\/avatar\/f5aaeb3fd16b65f7d601dd99d7f1dcaaf7065ea361b219976bcf5d43d0980e1b?s=96&d=mm&r=g\",\"caption\":\"Ann\u00e9 Cruz\"},\"description\":\"Emprendedora, publirrelacionista y periodista especializada en Comunicaci\u00f3n Pol\u00edtica e Institucional.\",\"url\":\"https:\/\/noti-america.com\/site\/repdom\/author\/adelacruz\/\"}]}<\/script>\n<!-- \/ Yoast SEO Premium plugin. -->","yoast_head_json":{"title":"ADN aprueba ordenanza hist\u00f3rica que elimina barreras para personas con discapacidad - Rep. Dominicana | Noti-America.com","robots":{"index":"index","follow":"follow","max-snippet":"max-snippet:-1","max-image-preview":"max-image-preview:large","max-video-preview":"max-video-preview:-1"},"canonical":"https:\/\/noti-america.com\/site\/repdom\/2020\/12\/03\/adn-aprueba-ordenanza-historica-que-elimina-barreras-para-personas-con-discapacidad\/","og_locale":"es_ES","og_type":"article","og_title":"ADN aprueba ordenanza hist\u00f3rica que elimina barreras para personas con discapacidad","og_description":"Alcaldesa Carolina Mej\u00eda impulsa ciudad inclusiva Santo Domingo, D.N.- La Alcald\u00eda del Distrito Nacional ha marcado un hito hist\u00f3rico al proponerse eliminar la discriminaci\u00f3n que enfrentan d\u00eda a d\u00eda las Personas con Discapacidad a&#46;&#46;&#46;","og_url":"https:\/\/noti-america.com\/site\/repdom\/2020\/12\/03\/adn-aprueba-ordenanza-historica-que-elimina-barreras-para-personas-con-discapacidad\/","og_site_name":"Rep. Dominicana | Noti-America.com","article_published_time":"2020-12-03T18:36:00+00:00","og_image":[{"width":1280,"height":853,"url":"https:\/\/noti-america.com\/site\/repdom\/wp-content\/uploads\/sites\/6\/2020\/12\/WhatsApp-Image-2020-12-03-at-5.53.00-PM.jpeg","type":"image\/jpeg"}],"author":"Ann\u00e9 Cruz","twitter_card":"summary_large_image","twitter_misc":{"Escrito por":"Ann\u00e9 Cruz","Tiempo estimado de lectura":"3 minutos"},"schema":{"@context":"https:\/\/schema.org","@graph":[{"@type":"Article","@id":"https:\/\/noti-america.com\/site\/repdom\/2020\/12\/03\/adn-aprueba-ordenanza-historica-que-elimina-barreras-para-personas-con-discapacidad\/#article","isPartOf":{"@id":"https:\/\/noti-america.com\/site\/repdom\/2020\/12\/03\/adn-aprueba-ordenanza-historica-que-elimina-barreras-para-personas-con-discapacidad\/"},"author":{"name":"Ann\u00e9 Cruz","@id":"https:\/\/noti-america.com\/site\/repdom\/#\/schema\/person\/01b6a5fcca2b30bc220da2842f0b6060"},"headline":"ADN aprueba ordenanza hist\u00f3rica que elimina barreras para personas con discapacidad","datePublished":"2020-12-03T18:36:00+00:00","mainEntityOfPage":{"@id":"https:\/\/noti-america.com\/site\/repdom\/2020\/12\/03\/adn-aprueba-ordenanza-historica-que-elimina-barreras-para-personas-con-discapacidad\/"},"wordCount":576,"commentCount":0,"publisher":{"@id":"https:\/\/noti-america.com\/site\/repdom\/#organization"},"image":{"@id":"https:\/\/noti-america.com\/site\/repdom\/2020\/12\/03\/adn-aprueba-ordenanza-historica-que-elimina-barreras-para-personas-con-discapacidad\/#primaryimage"},"thumbnailUrl":"https:\/\/noti-america.com\/site\/repdom\/wp-content\/uploads\/sites\/6\/2020\/12\/WhatsApp-Image-2020-12-03-at-5.53.00-PM.jpeg","keywords":["#notianne #aqu\u00edenRD #RDlotienetodo #notiamericard"],"articleSection":["Actualidad"],"inLanguage":"es","potentialAction":[{"@type":"CommentAction","name":"Comment","target":["https:\/\/noti-america.com\/site\/repdom\/2020\/12\/03\/adn-aprueba-ordenanza-historica-que-elimina-barreras-para-personas-con-discapacidad\/#respond"]}]},{"@type":"WebPage","@id":"https:\/\/noti-america.com\/site\/repdom\/2020\/12\/03\/adn-aprueba-ordenanza-historica-que-elimina-barreras-para-personas-con-discapacidad\/","url":"https:\/\/noti-america.com\/site\/repdom\/2020\/12\/03\/adn-aprueba-ordenanza-historica-que-elimina-barreras-para-personas-con-discapacidad\/","name":"ADN aprueba ordenanza hist\u00f3rica que elimina barreras para personas con discapacidad - Rep. Dominicana | Noti-America.com","isPartOf":{"@id":"https:\/\/noti-america.com\/site\/repdom\/#website"},"primaryImageOfPage":{"@id":"https:\/\/noti-america.com\/site\/repdom\/2020\/12\/03\/adn-aprueba-ordenanza-historica-que-elimina-barreras-para-personas-con-discapacidad\/#primaryimage"},"image":{"@id":"https:\/\/noti-america.com\/site\/repdom\/2020\/12\/03\/adn-aprueba-ordenanza-historica-que-elimina-barreras-para-personas-con-discapacidad\/#primaryimage"},"thumbnailUrl":"https:\/\/noti-america.com\/site\/repdom\/wp-content\/uploads\/sites\/6\/2020\/12\/WhatsApp-Image-2020-12-03-at-5.53.00-PM.jpeg","datePublished":"2020-12-03T18:36:00+00:00","breadcrumb":{"@id":"https:\/\/noti-america.com\/site\/repdom\/2020\/12\/03\/adn-aprueba-ordenanza-historica-que-elimina-barreras-para-personas-con-discapacidad\/#breadcrumb"},"inLanguage":"es","potentialAction":[{"@type":"ReadAction","target":["https:\/\/noti-america.com\/site\/repdom\/2020\/12\/03\/adn-aprueba-ordenanza-historica-que-elimina-barreras-para-personas-con-discapacidad\/"]}]},{"@type":"ImageObject","inLanguage":"es","@id":"https:\/\/noti-america.com\/site\/repdom\/2020\/12\/03\/adn-aprueba-ordenanza-historica-que-elimina-barreras-para-personas-con-discapacidad\/#primaryimage","url":"https:\/\/noti-america.com\/site\/repdom\/wp-content\/uploads\/sites\/6\/2020\/12\/WhatsApp-Image-2020-12-03-at-5.53.00-PM.jpeg","contentUrl":"https:\/\/noti-america.com\/site\/repdom\/wp-content\/uploads\/sites\/6\/2020\/12\/WhatsApp-Image-2020-12-03-at-5.53.00-PM.jpeg","width":1280,"height":853},{"@type":"BreadcrumbList","@id":"https:\/\/noti-america.com\/site\/repdom\/2020\/12\/03\/adn-aprueba-ordenanza-historica-que-elimina-barreras-para-personas-con-discapacidad\/#breadcrumb","itemListElement":[{"@type":"ListItem","position":1,"name":"Portada","item":"https:\/\/noti-america.com\/site\/repdom\/"},{"@type":"ListItem","position":2,"name":"ADN aprueba ordenanza hist\u00f3rica que elimina barreras para personas con discapacidad"}]},{"@type":"WebSite","@id":"https:\/\/noti-america.com\/site\/repdom\/#website","url":"https:\/\/noti-america.com\/site\/repdom\/","name":"Rep. Dominicana | Noti-America.com","description":"","publisher":{"@id":"https:\/\/noti-america.com\/site\/repdom\/#organization"},"potentialAction":[{"@type":"SearchAction","target":{"@type":"EntryPoint","urlTemplate":"https:\/\/noti-america.com\/site\/repdom\/?s={search_term_string}"},"query-input":{"@type":"PropertyValueSpecification","valueRequired":true,"valueName":"search_term_string"}}],"inLanguage":"es"},{"@type":"Organization","@id":"https:\/\/noti-america.com\/site\/repdom\/#organization","name":"Noti-America LLC | Rep\u00fablica Dominicana","url":"https:\/\/noti-america.com\/site\/repdom\/","logo":{"@type":"ImageObject","inLanguage":"es","@id":"https:\/\/noti-america.com\/site\/repdom\/#\/schema\/logo\/image\/","url":"https:\/\/noti-america.com\/site\/repdom\/wp-content\/uploads\/sites\/6\/2020\/07\/LogoNA-4x3-1.jpg","contentUrl":"https:\/\/noti-america.com\/site\/repdom\/wp-content\/uploads\/sites\/6\/2020\/07\/LogoNA-4x3-1.jpg","width":1236,"height":1080,"caption":"Noti-America LLC | Rep\u00fablica Dominicana"},"image":{"@id":"https:\/\/noti-america.com\/site\/repdom\/#\/schema\/logo\/image\/"}},{"@type":"Person","@id":"https:\/\/noti-america.com\/site\/repdom\/#\/schema\/person\/01b6a5fcca2b30bc220da2842f0b6060","name":"Ann\u00e9 Cruz","image":{"@type":"ImageObject","inLanguage":"es","@id":"https:\/\/secure.gravatar.com\/avatar\/f5aaeb3fd16b65f7d601dd99d7f1dcaaf7065ea361b219976bcf5d43d0980e1b?s=96&d=mm&r=g","url":"https:\/\/secure.gravatar.com\/avatar\/f5aaeb3fd16b65f7d601dd99d7f1dcaaf7065ea361b219976bcf5d43d0980e1b?s=96&d=mm&r=g","contentUrl":"https:\/\/secure.gravatar.com\/avatar\/f5aaeb3fd16b65f7d601dd99d7f1dcaaf7065ea361b219976bcf5d43d0980e1b?s=96&d=mm&r=g","caption":"Ann\u00e9 Cruz"},"description":"Emprendedora, publirrelacionista y periodista especializada en Comunicaci\u00f3n Pol\u00edtica e Institucional.","url":"https:\/\/noti-america.com\/site\/repdom\/author\/adelacruz\/"}]}},"_links":{"self":[{"href":"https:\/\/noti-america.com\/site\/repdom\/wp-json\/wp\/v2\/posts\/6522","targetHints":{"allow":["GET"]}}],"collection":[{"href":"https:\/\/noti-america.com\/site\/repdom\/wp-json\/wp\/v2\/posts"}],"about":[{"href":"https:\/\/noti-america.com\/site\/repdom\/wp-json\/wp\/v2\/types\/post"}],"author":[{"embeddable":true,"href":"https:\/\/noti-america.com\/site\/repdom\/wp-json\/wp\/v2\/users\/99"}],"replies":[{"embeddable":true,"href":"https:\/\/noti-america.com\/site\/repdom\/wp-json\/wp\/v2\/comments?post=6522"}],"version-history":[{"count":1,"href":"https:\/\/noti-america.com\/site\/repdom\/wp-json\/wp\/v2\/posts\/6522\/revisions"}],"predecessor-version":[{"id":6524,"href":"https:\/\/noti-america.com\/site\/repdom\/wp-json\/wp\/v2\/posts\/6522\/revisions\/6524"}],"wp:featuredmedia":[{"embeddable":true,"href":"https:\/\/noti-america.com\/site\/repdom\/wp-json\/wp\/v2\/media\/6523"}],"wp:attachment":[{"href":"https:\/\/noti-america.com\/site\/repdom\/wp-json\/wp\/v2\/media?parent=6522"}],"wp:term":[{"taxonomy":"category","embeddable":true,"href":"https:\/\/noti-america.com\/site\/repdom\/wp-json\/wp\/v2\/categories?post=6522"},{"taxonomy":"post_tag","embeddable":true,"href":"https:\/\/noti-america.com\/site\/repdom\/wp-json\/wp\/v2\/tags?post=6522"}],"curies":[{"name":"wp","href":"https:\/\/api.w.org\/{rel}","templated":true}]}}