{"id":6506,"date":"2020-12-03T16:03:41","date_gmt":"2020-12-03T16:03:41","guid":{"rendered":"https:\/\/noti-america.com\/site\/repdom\/2020\/12\/03\/asodifimo-realizo-caminata-en-conmemoracion-del-dia-mundial-de-personas-discapacidad-2\/"},"modified":"2020-12-03T16:03:41","modified_gmt":"2020-12-03T16:03:41","slug":"asodifimo-realizo-caminata-en-conmemoracion-del-dia-mundial-de-personas-discapacidad-2","status":"publish","type":"post","link":"https:\/\/noti-america.com\/site\/repdom\/2020\/12\/03\/asodifimo-realizo-caminata-en-conmemoracion-del-dia-mundial-de-personas-discapacidad-2\/","title":{"rendered":"(ASODIFIMO) realiz\u00f3 caminata en conmemoraci\u00f3n del Dia Mundial de personas Discapacidad"},"content":{"rendered":"<p>NOTI-AMERICA REP.DOM<\/p>\n<p>Por: Licda, Nhayide Mej\u00eda, Santo Domingo, jueves 3 de diciembre 2020<\/p>\n<p style=\"text-align: justify\">En el d\u00eda de ayer la Asociaci\u00f3n de personas con Discapacidad F\u00edsica, realizo una caminata en conmemoraci\u00f3n del Dia Mundial de personas Discapacidad F\u00edsica , fue celebrada en la avenida Prolongaci\u00f3n 27 de Febrero #798, sector Las Caobas, en el cuadrante frontal a la instituci\u00f3n, ubicada en el referido municipio, donde los funcionarios realizaron el recorrido en muletas, sillas de ruedas, andadores y bastones blancos, con la finalidad de que experimentaran recorrer la v\u00edas con alguna discapacidad.<\/p>\n<p style=\"text-align: justify\">Estuvieron presentes las siguientes personalidades sensibiliz\u00e1ndose con esta poblaci\u00f3n; El secretario general del Ayuntamiento Santo Domingo Oeste, Welinton Mateo, la intendente, Tania Ferreira, el regidor Tony Acosta, entre otras personalidades.<\/p>\n<p style=\"text-align: justify\">ASODIFIMO reconoce los avances en materia de discapacidad, pero se\u00f1ala que todav\u00eda existe discriminaci\u00f3n para la inclusi\u00f3n de\u00a0 las personas con discapacidad, adem\u00e1s contin\u00faa en su lucha, sin desmayar, por la defensa de los derechos de las personas con discapacidad, ya que su inclusi\u00f3n aporta al desarrollo de la naci\u00f3n.<\/p>\n<p style=\"text-align: justify\">Recuerden que ; <strong>\u00a0<em>\u201cPersonas con Discapacidad son las , que tienen deficiencias f\u00edsicas, mentales, intelectuales o sensoriales a largo plazo que, al interactuar con diferentes barreras, puedan impedir su participaci\u00f3n plena y efectiva en la sociedad, en igualdad de condiciones con los dem\u00e1s.\u201d<\/em><\/strong><\/p>\n<p><strong>\u00a0<\/strong><\/p>\n<p>&nbsp;<\/p>\n<p>&nbsp;<\/p>\n<p>&nbsp;<\/p>\n","protected":false},"excerpt":{"rendered":"<p>NOTI-AMERICA REP.DOM Por: Licda, Nhayide Mej\u00eda, Santo Domingo, jueves 3 de diciembre 2020 En el d\u00eda de ayer la Asociaci\u00f3n de personas con Discapacidad F\u00edsica, realizo una caminata en conmemoraci\u00f3n del Dia Mundial de&#46;&#46;&#46;<\/p>\n","protected":false},"author":95,"featured_media":6507,"comment_status":"open","ping_status":"open","sticky":false,"template":"","format":"gallery","meta":{"_acf_changed":false,"rop_custom_images_group":[],"rop_custom_messages_group":[],"rop_publish_now":"initial","rop_publish_now_accounts":[],"rop_publish_now_history":[],"rop_publish_now_status":"pending","footnotes":""},"categories":[13],"tags":[],"class_list":["post-6506","post","type-post","status-publish","format-gallery","has-post-thumbnail","hentry","category-vida-y-salud","post_format-post-format-gallery"],"acf":[],"yoast_head":"<!-- This site is optimized with the Yoast SEO Premium plugin v24.9 (Yoast SEO v27.2) - https:\/\/yoast.com\/product\/yoast-seo-premium-wordpress\/ -->\n<title>(ASODIFIMO) realiz\u00f3 caminata en conmemoraci\u00f3n del Dia Mundial de personas Discapacidad - Rep. Dominicana | Noti-America.com<\/title>\n<meta name=\"robots\" content=\"index, follow, max-snippet:-1, max-image-preview:large, max-video-preview:-1\" \/>\n<link rel=\"canonical\" href=\"https:\/\/noti-america.com\/site\/repdom\/2020\/12\/03\/asodifimo-realizo-caminata-en-conmemoracion-del-dia-mundial-de-personas-discapacidad-2\/\" \/>\n<meta property=\"og:locale\" content=\"es_ES\" \/>\n<meta property=\"og:type\" content=\"article\" \/>\n<meta property=\"og:title\" content=\"(ASODIFIMO) realiz\u00f3 caminata en conmemoraci\u00f3n del Dia Mundial de personas Discapacidad\" \/>\n<meta property=\"og:description\" content=\"NOTI-AMERICA REP.DOM Por: Licda, Nhayide Mej\u00eda, Santo Domingo, jueves 3 de diciembre 2020 En el d\u00eda de ayer la Asociaci\u00f3n de personas con Discapacidad F\u00edsica, realizo una caminata en conmemoraci\u00f3n del Dia Mundial de&#046;&#046;&#046;\" \/>\n<meta property=\"og:url\" content=\"https:\/\/noti-america.com\/site\/repdom\/2020\/12\/03\/asodifimo-realizo-caminata-en-conmemoracion-del-dia-mundial-de-personas-discapacidad-2\/\" \/>\n<meta property=\"og:site_name\" content=\"Rep. Dominicana | Noti-America.com\" \/>\n<meta property=\"article:published_time\" content=\"2020-12-03T16:03:41+00:00\" \/>\n<meta property=\"og:image\" content=\"https:\/\/noti-america.com\/site\/repdom\/wp-content\/uploads\/sites\/6\/2020\/12\/CAMINATA-FOTO.jpg\" \/>\n\t<meta property=\"og:image:width\" content=\"720\" \/>\n\t<meta property=\"og:image:height\" content=\"411\" \/>\n\t<meta property=\"og:image:type\" content=\"image\/jpeg\" \/>\n<meta name=\"author\" content=\"nmejia\" \/>\n<meta name=\"twitter:card\" content=\"summary_large_image\" \/>\n<meta name=\"twitter:creator\" content=\"@nhayidecarolina\" \/>\n<meta name=\"twitter:label1\" content=\"Escrito por\" \/>\n\t<meta name=\"twitter:data1\" content=\"nmejia\" \/>\n\t<meta name=\"twitter:label2\" content=\"Tiempo estimado de lectura\" \/>\n\t<meta name=\"twitter:data2\" content=\"1 minuto\" \/>\n<script type=\"application\/ld+json\" class=\"yoast-schema-graph\">{\"@context\":\"https:\/\/schema.org\",\"@graph\":[{\"@type\":\"Article\",\"@id\":\"https:\/\/noti-america.com\/site\/repdom\/2020\/12\/03\/asodifimo-realizo-caminata-en-conmemoracion-del-dia-mundial-de-personas-discapacidad-2\/#article\",\"isPartOf\":{\"@id\":\"https:\/\/noti-america.com\/site\/repdom\/2020\/12\/03\/asodifimo-realizo-caminata-en-conmemoracion-del-dia-mundial-de-personas-discapacidad-2\/\"},\"author\":{\"name\":\"nmejia\",\"@id\":\"https:\/\/noti-america.com\/site\/repdom\/#\/schema\/person\/b393c08b379f7d9f391a421aaa352385\"},\"headline\":\"(ASODIFIMO) realiz\u00f3 caminata en conmemoraci\u00f3n del Dia Mundial de personas Discapacidad\",\"datePublished\":\"2020-12-03T16:03:41+00:00\",\"mainEntityOfPage\":{\"@id\":\"https:\/\/noti-america.com\/site\/repdom\/2020\/12\/03\/asodifimo-realizo-caminata-en-conmemoracion-del-dia-mundial-de-personas-discapacidad-2\/\"},\"wordCount\":244,\"commentCount\":0,\"publisher\":{\"@id\":\"https:\/\/noti-america.com\/site\/repdom\/#organization\"},\"image\":{\"@id\":\"https:\/\/noti-america.com\/site\/repdom\/2020\/12\/03\/asodifimo-realizo-caminata-en-conmemoracion-del-dia-mundial-de-personas-discapacidad-2\/#primaryimage\"},\"thumbnailUrl\":\"https:\/\/noti-america.com\/site\/repdom\/wp-content\/uploads\/sites\/6\/2020\/12\/CAMINATA-FOTO.jpg\",\"articleSection\":[\"Vida y Salud\"],\"inLanguage\":\"es\",\"potentialAction\":[{\"@type\":\"CommentAction\",\"name\":\"Comment\",\"target\":[\"https:\/\/noti-america.com\/site\/repdom\/2020\/12\/03\/asodifimo-realizo-caminata-en-conmemoracion-del-dia-mundial-de-personas-discapacidad-2\/#respond\"]}]},{\"@type\":\"WebPage\",\"@id\":\"https:\/\/noti-america.com\/site\/repdom\/2020\/12\/03\/asodifimo-realizo-caminata-en-conmemoracion-del-dia-mundial-de-personas-discapacidad-2\/\",\"url\":\"https:\/\/noti-america.com\/site\/repdom\/2020\/12\/03\/asodifimo-realizo-caminata-en-conmemoracion-del-dia-mundial-de-personas-discapacidad-2\/\",\"name\":\"(ASODIFIMO) realiz\u00f3 caminata en conmemoraci\u00f3n del Dia Mundial de personas Discapacidad - Rep. Dominicana | Noti-America.com\",\"isPartOf\":{\"@id\":\"https:\/\/noti-america.com\/site\/repdom\/#website\"},\"primaryImageOfPage\":{\"@id\":\"https:\/\/noti-america.com\/site\/repdom\/2020\/12\/03\/asodifimo-realizo-caminata-en-conmemoracion-del-dia-mundial-de-personas-discapacidad-2\/#primaryimage\"},\"image\":{\"@id\":\"https:\/\/noti-america.com\/site\/repdom\/2020\/12\/03\/asodifimo-realizo-caminata-en-conmemoracion-del-dia-mundial-de-personas-discapacidad-2\/#primaryimage\"},\"thumbnailUrl\":\"https:\/\/noti-america.com\/site\/repdom\/wp-content\/uploads\/sites\/6\/2020\/12\/CAMINATA-FOTO.jpg\",\"datePublished\":\"2020-12-03T16:03:41+00:00\",\"breadcrumb\":{\"@id\":\"https:\/\/noti-america.com\/site\/repdom\/2020\/12\/03\/asodifimo-realizo-caminata-en-conmemoracion-del-dia-mundial-de-personas-discapacidad-2\/#breadcrumb\"},\"inLanguage\":\"es\",\"potentialAction\":[{\"@type\":\"ReadAction\",\"target\":[\"https:\/\/noti-america.com\/site\/repdom\/2020\/12\/03\/asodifimo-realizo-caminata-en-conmemoracion-del-dia-mundial-de-personas-discapacidad-2\/\"]}]},{\"@type\":\"ImageObject\",\"inLanguage\":\"es\",\"@id\":\"https:\/\/noti-america.com\/site\/repdom\/2020\/12\/03\/asodifimo-realizo-caminata-en-conmemoracion-del-dia-mundial-de-personas-discapacidad-2\/#primaryimage\",\"url\":\"https:\/\/noti-america.com\/site\/repdom\/wp-content\/uploads\/sites\/6\/2020\/12\/CAMINATA-FOTO.jpg\",\"contentUrl\":\"https:\/\/noti-america.com\/site\/repdom\/wp-content\/uploads\/sites\/6\/2020\/12\/CAMINATA-FOTO.jpg\",\"width\":720,\"height\":411},{\"@type\":\"BreadcrumbList\",\"@id\":\"https:\/\/noti-america.com\/site\/repdom\/2020\/12\/03\/asodifimo-realizo-caminata-en-conmemoracion-del-dia-mundial-de-personas-discapacidad-2\/#breadcrumb\",\"itemListElement\":[{\"@type\":\"ListItem\",\"position\":1,\"name\":\"Portada\",\"item\":\"https:\/\/noti-america.com\/site\/repdom\/\"},{\"@type\":\"ListItem\",\"position\":2,\"name\":\"(ASODIFIMO) realiz\u00f3 caminata en conmemoraci\u00f3n del Dia Mundial de personas Discapacidad\"}]},{\"@type\":\"WebSite\",\"@id\":\"https:\/\/noti-america.com\/site\/repdom\/#website\",\"url\":\"https:\/\/noti-america.com\/site\/repdom\/\",\"name\":\"Rep. Dominicana | Noti-America.com\",\"description\":\"\",\"publisher\":{\"@id\":\"https:\/\/noti-america.com\/site\/repdom\/#organization\"},\"potentialAction\":[{\"@type\":\"SearchAction\",\"target\":{\"@type\":\"EntryPoint\",\"urlTemplate\":\"https:\/\/noti-america.com\/site\/repdom\/?s={search_term_string}\"},\"query-input\":{\"@type\":\"PropertyValueSpecification\",\"valueRequired\":true,\"valueName\":\"search_term_string\"}}],\"inLanguage\":\"es\"},{\"@type\":\"Organization\",\"@id\":\"https:\/\/noti-america.com\/site\/repdom\/#organization\",\"name\":\"Noti-America LLC | Rep\u00fablica Dominicana\",\"url\":\"https:\/\/noti-america.com\/site\/repdom\/\",\"logo\":{\"@type\":\"ImageObject\",\"inLanguage\":\"es\",\"@id\":\"https:\/\/noti-america.com\/site\/repdom\/#\/schema\/logo\/image\/\",\"url\":\"https:\/\/noti-america.com\/site\/repdom\/wp-content\/uploads\/sites\/6\/2020\/07\/LogoNA-4x3-1.jpg\",\"contentUrl\":\"https:\/\/noti-america.com\/site\/repdom\/wp-content\/uploads\/sites\/6\/2020\/07\/LogoNA-4x3-1.jpg\",\"width\":1236,\"height\":1080,\"caption\":\"Noti-America LLC | Rep\u00fablica Dominicana\"},\"image\":{\"@id\":\"https:\/\/noti-america.com\/site\/repdom\/#\/schema\/logo\/image\/\"}},{\"@type\":\"Person\",\"@id\":\"https:\/\/noti-america.com\/site\/repdom\/#\/schema\/person\/b393c08b379f7d9f391a421aaa352385\",\"name\":\"nmejia\",\"image\":{\"@type\":\"ImageObject\",\"inLanguage\":\"es\",\"@id\":\"https:\/\/secure.gravatar.com\/avatar\/e952547d6278f11a97b0455e5cb47a3c395ead9c647fbad0a2a6a71176b1058d?s=96&d=mm&r=g\",\"url\":\"https:\/\/secure.gravatar.com\/avatar\/e952547d6278f11a97b0455e5cb47a3c395ead9c647fbad0a2a6a71176b1058d?s=96&d=mm&r=g\",\"contentUrl\":\"https:\/\/secure.gravatar.com\/avatar\/e952547d6278f11a97b0455e5cb47a3c395ead9c647fbad0a2a6a71176b1058d?s=96&d=mm&r=g\",\"caption\":\"nmejia\"},\"description\":\"Lic. Comunicaci\u00f3n social menci\u00f3n Relaciones P\u00fablicas, Coach Comunicacional, productora del programa Juntos En Familia y Coproducrora del programa Valorate Mujer, emprendedora de Grupo Aper.\",\"sameAs\":[\"https:\/\/x.com\/nhayidecarolina\"],\"url\":\"https:\/\/noti-america.com\/site\/repdom\/author\/nmejia\/\"}]}<\/script>\n<!-- \/ Yoast SEO Premium plugin. -->","yoast_head_json":{"title":"(ASODIFIMO) realiz\u00f3 caminata en conmemoraci\u00f3n del Dia Mundial de personas Discapacidad - Rep. Dominicana | Noti-America.com","robots":{"index":"index","follow":"follow","max-snippet":"max-snippet:-1","max-image-preview":"max-image-preview:large","max-video-preview":"max-video-preview:-1"},"canonical":"https:\/\/noti-america.com\/site\/repdom\/2020\/12\/03\/asodifimo-realizo-caminata-en-conmemoracion-del-dia-mundial-de-personas-discapacidad-2\/","og_locale":"es_ES","og_type":"article","og_title":"(ASODIFIMO) realiz\u00f3 caminata en conmemoraci\u00f3n del Dia Mundial de personas Discapacidad","og_description":"NOTI-AMERICA REP.DOM Por: Licda, Nhayide Mej\u00eda, Santo Domingo, jueves 3 de diciembre 2020 En el d\u00eda de ayer la Asociaci\u00f3n de personas con Discapacidad F\u00edsica, realizo una caminata en conmemoraci\u00f3n del Dia Mundial de&#46;&#46;&#46;","og_url":"https:\/\/noti-america.com\/site\/repdom\/2020\/12\/03\/asodifimo-realizo-caminata-en-conmemoracion-del-dia-mundial-de-personas-discapacidad-2\/","og_site_name":"Rep. Dominicana | Noti-America.com","article_published_time":"2020-12-03T16:03:41+00:00","og_image":[{"width":720,"height":411,"url":"https:\/\/noti-america.com\/site\/repdom\/wp-content\/uploads\/sites\/6\/2020\/12\/CAMINATA-FOTO.jpg","type":"image\/jpeg"}],"author":"nmejia","twitter_card":"summary_large_image","twitter_creator":"@nhayidecarolina","twitter_misc":{"Escrito por":"nmejia","Tiempo estimado de lectura":"1 minuto"},"schema":{"@context":"https:\/\/schema.org","@graph":[{"@type":"Article","@id":"https:\/\/noti-america.com\/site\/repdom\/2020\/12\/03\/asodifimo-realizo-caminata-en-conmemoracion-del-dia-mundial-de-personas-discapacidad-2\/#article","isPartOf":{"@id":"https:\/\/noti-america.com\/site\/repdom\/2020\/12\/03\/asodifimo-realizo-caminata-en-conmemoracion-del-dia-mundial-de-personas-discapacidad-2\/"},"author":{"name":"nmejia","@id":"https:\/\/noti-america.com\/site\/repdom\/#\/schema\/person\/b393c08b379f7d9f391a421aaa352385"},"headline":"(ASODIFIMO) realiz\u00f3 caminata en conmemoraci\u00f3n del Dia Mundial de personas Discapacidad","datePublished":"2020-12-03T16:03:41+00:00","mainEntityOfPage":{"@id":"https:\/\/noti-america.com\/site\/repdom\/2020\/12\/03\/asodifimo-realizo-caminata-en-conmemoracion-del-dia-mundial-de-personas-discapacidad-2\/"},"wordCount":244,"commentCount":0,"publisher":{"@id":"https:\/\/noti-america.com\/site\/repdom\/#organization"},"image":{"@id":"https:\/\/noti-america.com\/site\/repdom\/2020\/12\/03\/asodifimo-realizo-caminata-en-conmemoracion-del-dia-mundial-de-personas-discapacidad-2\/#primaryimage"},"thumbnailUrl":"https:\/\/noti-america.com\/site\/repdom\/wp-content\/uploads\/sites\/6\/2020\/12\/CAMINATA-FOTO.jpg","articleSection":["Vida y Salud"],"inLanguage":"es","potentialAction":[{"@type":"CommentAction","name":"Comment","target":["https:\/\/noti-america.com\/site\/repdom\/2020\/12\/03\/asodifimo-realizo-caminata-en-conmemoracion-del-dia-mundial-de-personas-discapacidad-2\/#respond"]}]},{"@type":"WebPage","@id":"https:\/\/noti-america.com\/site\/repdom\/2020\/12\/03\/asodifimo-realizo-caminata-en-conmemoracion-del-dia-mundial-de-personas-discapacidad-2\/","url":"https:\/\/noti-america.com\/site\/repdom\/2020\/12\/03\/asodifimo-realizo-caminata-en-conmemoracion-del-dia-mundial-de-personas-discapacidad-2\/","name":"(ASODIFIMO) realiz\u00f3 caminata en conmemoraci\u00f3n del Dia Mundial de personas Discapacidad - Rep. Dominicana | Noti-America.com","isPartOf":{"@id":"https:\/\/noti-america.com\/site\/repdom\/#website"},"primaryImageOfPage":{"@id":"https:\/\/noti-america.com\/site\/repdom\/2020\/12\/03\/asodifimo-realizo-caminata-en-conmemoracion-del-dia-mundial-de-personas-discapacidad-2\/#primaryimage"},"image":{"@id":"https:\/\/noti-america.com\/site\/repdom\/2020\/12\/03\/asodifimo-realizo-caminata-en-conmemoracion-del-dia-mundial-de-personas-discapacidad-2\/#primaryimage"},"thumbnailUrl":"https:\/\/noti-america.com\/site\/repdom\/wp-content\/uploads\/sites\/6\/2020\/12\/CAMINATA-FOTO.jpg","datePublished":"2020-12-03T16:03:41+00:00","breadcrumb":{"@id":"https:\/\/noti-america.com\/site\/repdom\/2020\/12\/03\/asodifimo-realizo-caminata-en-conmemoracion-del-dia-mundial-de-personas-discapacidad-2\/#breadcrumb"},"inLanguage":"es","potentialAction":[{"@type":"ReadAction","target":["https:\/\/noti-america.com\/site\/repdom\/2020\/12\/03\/asodifimo-realizo-caminata-en-conmemoracion-del-dia-mundial-de-personas-discapacidad-2\/"]}]},{"@type":"ImageObject","inLanguage":"es","@id":"https:\/\/noti-america.com\/site\/repdom\/2020\/12\/03\/asodifimo-realizo-caminata-en-conmemoracion-del-dia-mundial-de-personas-discapacidad-2\/#primaryimage","url":"https:\/\/noti-america.com\/site\/repdom\/wp-content\/uploads\/sites\/6\/2020\/12\/CAMINATA-FOTO.jpg","contentUrl":"https:\/\/noti-america.com\/site\/repdom\/wp-content\/uploads\/sites\/6\/2020\/12\/CAMINATA-FOTO.jpg","width":720,"height":411},{"@type":"BreadcrumbList","@id":"https:\/\/noti-america.com\/site\/repdom\/2020\/12\/03\/asodifimo-realizo-caminata-en-conmemoracion-del-dia-mundial-de-personas-discapacidad-2\/#breadcrumb","itemListElement":[{"@type":"ListItem","position":1,"name":"Portada","item":"https:\/\/noti-america.com\/site\/repdom\/"},{"@type":"ListItem","position":2,"name":"(ASODIFIMO) realiz\u00f3 caminata en conmemoraci\u00f3n del Dia Mundial de personas Discapacidad"}]},{"@type":"WebSite","@id":"https:\/\/noti-america.com\/site\/repdom\/#website","url":"https:\/\/noti-america.com\/site\/repdom\/","name":"Rep. Dominicana | Noti-America.com","description":"","publisher":{"@id":"https:\/\/noti-america.com\/site\/repdom\/#organization"},"potentialAction":[{"@type":"SearchAction","target":{"@type":"EntryPoint","urlTemplate":"https:\/\/noti-america.com\/site\/repdom\/?s={search_term_string}"},"query-input":{"@type":"PropertyValueSpecification","valueRequired":true,"valueName":"search_term_string"}}],"inLanguage":"es"},{"@type":"Organization","@id":"https:\/\/noti-america.com\/site\/repdom\/#organization","name":"Noti-America LLC | Rep\u00fablica Dominicana","url":"https:\/\/noti-america.com\/site\/repdom\/","logo":{"@type":"ImageObject","inLanguage":"es","@id":"https:\/\/noti-america.com\/site\/repdom\/#\/schema\/logo\/image\/","url":"https:\/\/noti-america.com\/site\/repdom\/wp-content\/uploads\/sites\/6\/2020\/07\/LogoNA-4x3-1.jpg","contentUrl":"https:\/\/noti-america.com\/site\/repdom\/wp-content\/uploads\/sites\/6\/2020\/07\/LogoNA-4x3-1.jpg","width":1236,"height":1080,"caption":"Noti-America LLC | Rep\u00fablica Dominicana"},"image":{"@id":"https:\/\/noti-america.com\/site\/repdom\/#\/schema\/logo\/image\/"}},{"@type":"Person","@id":"https:\/\/noti-america.com\/site\/repdom\/#\/schema\/person\/b393c08b379f7d9f391a421aaa352385","name":"nmejia","image":{"@type":"ImageObject","inLanguage":"es","@id":"https:\/\/secure.gravatar.com\/avatar\/e952547d6278f11a97b0455e5cb47a3c395ead9c647fbad0a2a6a71176b1058d?s=96&d=mm&r=g","url":"https:\/\/secure.gravatar.com\/avatar\/e952547d6278f11a97b0455e5cb47a3c395ead9c647fbad0a2a6a71176b1058d?s=96&d=mm&r=g","contentUrl":"https:\/\/secure.gravatar.com\/avatar\/e952547d6278f11a97b0455e5cb47a3c395ead9c647fbad0a2a6a71176b1058d?s=96&d=mm&r=g","caption":"nmejia"},"description":"Lic. Comunicaci\u00f3n social menci\u00f3n Relaciones P\u00fablicas, Coach Comunicacional, productora del programa Juntos En Familia y Coproducrora del programa Valorate Mujer, emprendedora de Grupo Aper.","sameAs":["https:\/\/x.com\/nhayidecarolina"],"url":"https:\/\/noti-america.com\/site\/repdom\/author\/nmejia\/"}]}},"_links":{"self":[{"href":"https:\/\/noti-america.com\/site\/repdom\/wp-json\/wp\/v2\/posts\/6506","targetHints":{"allow":["GET"]}}],"collection":[{"href":"https:\/\/noti-america.com\/site\/repdom\/wp-json\/wp\/v2\/posts"}],"about":[{"href":"https:\/\/noti-america.com\/site\/repdom\/wp-json\/wp\/v2\/types\/post"}],"author":[{"embeddable":true,"href":"https:\/\/noti-america.com\/site\/repdom\/wp-json\/wp\/v2\/users\/95"}],"replies":[{"embeddable":true,"href":"https:\/\/noti-america.com\/site\/repdom\/wp-json\/wp\/v2\/comments?post=6506"}],"version-history":[{"count":0,"href":"https:\/\/noti-america.com\/site\/repdom\/wp-json\/wp\/v2\/posts\/6506\/revisions"}],"wp:featuredmedia":[{"embeddable":true,"href":"https:\/\/noti-america.com\/site\/repdom\/wp-json\/wp\/v2\/media\/6507"}],"wp:attachment":[{"href":"https:\/\/noti-america.com\/site\/repdom\/wp-json\/wp\/v2\/media?parent=6506"}],"wp:term":[{"taxonomy":"category","embeddable":true,"href":"https:\/\/noti-america.com\/site\/repdom\/wp-json\/wp\/v2\/categories?post=6506"},{"taxonomy":"post_tag","embeddable":true,"href":"https:\/\/noti-america.com\/site\/repdom\/wp-json\/wp\/v2\/tags?post=6506"}],"curies":[{"name":"wp","href":"https:\/\/api.w.org\/{rel}","templated":true}]}}