{"id":6304,"date":"2020-11-27T07:50:57","date_gmt":"2020-11-27T07:50:57","guid":{"rendered":"https:\/\/noti-america.com\/site\/repdom\/?p=6304"},"modified":"2020-11-27T07:52:14","modified_gmt":"2020-11-27T07:52:14","slug":"alcaldia-dn-dispone-refuerzo-brigadas-aseo-y-limpieza-de-imbornales-por-el-periodo-navideno","status":"publish","type":"post","link":"https:\/\/noti-america.com\/site\/repdom\/2020\/11\/27\/alcaldia-dn-dispone-refuerzo-brigadas-aseo-y-limpieza-de-imbornales-por-el-periodo-navideno\/","title":{"rendered":"Alcald\u00eda DN dispone refuerzo brigadas aseo y limpieza de imbornales por el periodo navide\u00f1o"},"content":{"rendered":"<p style=\"text-align: justify\">Santo Domingo, D.N.- La Alcald\u00eda del Distrito Nacional reforzar\u00e1 las brigadas de aseo y limpieza de imbornales por la temporada navide\u00f1a.<\/p>\n<p style=\"text-align: justify\">El Plan de Emergencia Navidad 2020-21 lanzar\u00e1 distintas brigadas de obreros adicionales a los que el ADN utiliza cada d\u00eda en los trabajos de limpieza de la ciudad, como forma de reforzar los trabajos en los distintos puntos de la ciudad.<\/p>\n<p style=\"text-align: justify\">El personal ser\u00e1 distribuido en las tres circunscripciones, incluyendo la Zona Colonial, las distintas arterias comerciales y el Malec\u00f3n de Santo Domingo.<\/p>\n<p style=\"text-align: justify\">La alcaldesa Carolina Mej\u00eda recalc\u00f3 que durante las festividades de navidad la ciudad se va a mantener limpia y organizada, porque el personal adicional que pondr\u00e1 en las calles servir\u00e1 para dar respuesta efectiva al aumento en la producci\u00f3n de basura que tradicionalmente se genera en la \u00e9poca.<\/p>\n<p style=\"text-align: justify\">Agreg\u00f3 que en el operativo reforzar\u00e1n tambi\u00e9n con equipos pesados de recogida de basura y escombros, as\u00ed como camiones para garantizar que la ciudad quede completamente limpia<\/p>\n<p style=\"text-align: justify\">La alcaldesa de la Capital explic\u00f3 que el operativo incluye a las fundaciones y compa\u00f1\u00edas que recogen la basura en Santo Domingo, quienes tambi\u00e9n fortalecer\u00e1n su capacidad de trabajo.<\/p>\n<p style=\"text-align: justify\">\u201cReforzaremos la limpieza en toda la ciudad, con \u00e9nfasis en la avenida Duarte y otras v\u00edas del entorno, porque durante las festividades de navidad Santo Domingo estar\u00e1 completamente limpia\u201d, insisti\u00f3 la alcaldesa.<\/p>\n<p style=\"text-align: justify\">Mej\u00eda refiri\u00f3 que el ADN har\u00e1 su trabajo de mantener aseada la ciudad, pero que los residentes en la ciudad deben cooperar con la limpieza no lanzando desperdicios a las v\u00edas p\u00fablicas, ni sacar los residuos s\u00f3lidos despu\u00e9s que pasen los camiones recolectores.<\/p>\n<p style=\"text-align: justify\">ADN<\/p>\n","protected":false},"excerpt":{"rendered":"<p>Santo Domingo, D.N.- La Alcald\u00eda del Distrito Nacional reforzar\u00e1 las brigadas de aseo y limpieza de imbornales por la temporada navide\u00f1a. El Plan de Emergencia Navidad 2020-21 lanzar\u00e1 distintas brigadas de obreros adicionales a&#46;&#46;&#46;<\/p>\n","protected":false},"author":99,"featured_media":6305,"comment_status":"open","ping_status":"open","sticky":false,"template":"","format":"image","meta":{"_acf_changed":false,"rop_custom_images_group":[],"rop_custom_messages_group":[],"rop_publish_now":"initial","rop_publish_now_accounts":[],"rop_publish_now_history":[],"rop_publish_now_status":"pending","footnotes":""},"categories":[10],"tags":[596],"class_list":["post-6304","post","type-post","status-publish","format-image","has-post-thumbnail","hentry","category-actualidad","tag-notianne-aquienrd-rdlotienetodo-notiamericard","post_format-post-format-image"],"acf":[],"yoast_head":"<!-- This site is optimized with the Yoast SEO Premium plugin v24.9 (Yoast SEO v27.2) - https:\/\/yoast.com\/product\/yoast-seo-premium-wordpress\/ -->\n<title>Alcald\u00eda DN dispone refuerzo brigadas aseo y limpieza de imbornales por el periodo navide\u00f1o - Rep. Dominicana | Noti-America.com<\/title>\n<meta name=\"robots\" content=\"index, follow, max-snippet:-1, max-image-preview:large, max-video-preview:-1\" \/>\n<link rel=\"canonical\" href=\"https:\/\/noti-america.com\/site\/repdom\/2020\/11\/27\/alcaldia-dn-dispone-refuerzo-brigadas-aseo-y-limpieza-de-imbornales-por-el-periodo-navideno\/\" \/>\n<meta property=\"og:locale\" content=\"es_ES\" \/>\n<meta property=\"og:type\" content=\"article\" \/>\n<meta property=\"og:title\" content=\"Alcald\u00eda DN dispone refuerzo brigadas aseo y limpieza de imbornales por el periodo navide\u00f1o\" \/>\n<meta property=\"og:description\" content=\"Santo Domingo, D.N.- La Alcald\u00eda del Distrito Nacional reforzar\u00e1 las brigadas de aseo y limpieza de imbornales por la temporada navide\u00f1a. El Plan de Emergencia Navidad 2020-21 lanzar\u00e1 distintas brigadas de obreros adicionales a&#046;&#046;&#046;\" \/>\n<meta property=\"og:url\" content=\"https:\/\/noti-america.com\/site\/repdom\/2020\/11\/27\/alcaldia-dn-dispone-refuerzo-brigadas-aseo-y-limpieza-de-imbornales-por-el-periodo-navideno\/\" \/>\n<meta property=\"og:site_name\" content=\"Rep. Dominicana | Noti-America.com\" \/>\n<meta property=\"article:published_time\" content=\"2020-11-27T07:50:57+00:00\" \/>\n<meta property=\"article:modified_time\" content=\"2020-11-27T07:52:14+00:00\" \/>\n<meta property=\"og:image\" content=\"https:\/\/noti-america.com\/site\/repdom\/wp-content\/uploads\/sites\/6\/2020\/11\/p1339-1068x712-1.jpeg\" \/>\n\t<meta property=\"og:image:width\" content=\"1068\" \/>\n\t<meta property=\"og:image:height\" content=\"712\" \/>\n\t<meta property=\"og:image:type\" content=\"image\/jpeg\" \/>\n<meta name=\"author\" content=\"Ann\u00e9 Cruz\" \/>\n<meta name=\"twitter:card\" content=\"summary_large_image\" \/>\n<meta name=\"twitter:label1\" content=\"Escrito por\" \/>\n\t<meta name=\"twitter:data1\" content=\"Ann\u00e9 Cruz\" \/>\n\t<meta name=\"twitter:label2\" content=\"Tiempo estimado de lectura\" \/>\n\t<meta name=\"twitter:data2\" content=\"1 minuto\" \/>\n<script type=\"application\/ld+json\" class=\"yoast-schema-graph\">{\"@context\":\"https:\/\/schema.org\",\"@graph\":[{\"@type\":\"Article\",\"@id\":\"https:\/\/noti-america.com\/site\/repdom\/2020\/11\/27\/alcaldia-dn-dispone-refuerzo-brigadas-aseo-y-limpieza-de-imbornales-por-el-periodo-navideno\/#article\",\"isPartOf\":{\"@id\":\"https:\/\/noti-america.com\/site\/repdom\/2020\/11\/27\/alcaldia-dn-dispone-refuerzo-brigadas-aseo-y-limpieza-de-imbornales-por-el-periodo-navideno\/\"},\"author\":{\"name\":\"Ann\u00e9 Cruz\",\"@id\":\"https:\/\/noti-america.com\/site\/repdom\/#\/schema\/person\/01b6a5fcca2b30bc220da2842f0b6060\"},\"headline\":\"Alcald\u00eda DN dispone refuerzo brigadas aseo y limpieza de imbornales por el periodo navide\u00f1o\",\"datePublished\":\"2020-11-27T07:50:57+00:00\",\"dateModified\":\"2020-11-27T07:52:14+00:00\",\"mainEntityOfPage\":{\"@id\":\"https:\/\/noti-america.com\/site\/repdom\/2020\/11\/27\/alcaldia-dn-dispone-refuerzo-brigadas-aseo-y-limpieza-de-imbornales-por-el-periodo-navideno\/\"},\"wordCount\":299,\"commentCount\":0,\"publisher\":{\"@id\":\"https:\/\/noti-america.com\/site\/repdom\/#organization\"},\"image\":{\"@id\":\"https:\/\/noti-america.com\/site\/repdom\/2020\/11\/27\/alcaldia-dn-dispone-refuerzo-brigadas-aseo-y-limpieza-de-imbornales-por-el-periodo-navideno\/#primaryimage\"},\"thumbnailUrl\":\"https:\/\/noti-america.com\/site\/repdom\/wp-content\/uploads\/sites\/6\/2020\/11\/p1339-1068x712-1.jpeg\",\"keywords\":[\"#notianne #aqu\u00edenRD #RDlotienetodo #notiamericard\"],\"articleSection\":[\"Actualidad\"],\"inLanguage\":\"es\",\"potentialAction\":[{\"@type\":\"CommentAction\",\"name\":\"Comment\",\"target\":[\"https:\/\/noti-america.com\/site\/repdom\/2020\/11\/27\/alcaldia-dn-dispone-refuerzo-brigadas-aseo-y-limpieza-de-imbornales-por-el-periodo-navideno\/#respond\"]}]},{\"@type\":\"WebPage\",\"@id\":\"https:\/\/noti-america.com\/site\/repdom\/2020\/11\/27\/alcaldia-dn-dispone-refuerzo-brigadas-aseo-y-limpieza-de-imbornales-por-el-periodo-navideno\/\",\"url\":\"https:\/\/noti-america.com\/site\/repdom\/2020\/11\/27\/alcaldia-dn-dispone-refuerzo-brigadas-aseo-y-limpieza-de-imbornales-por-el-periodo-navideno\/\",\"name\":\"Alcald\u00eda DN dispone refuerzo brigadas aseo y limpieza de imbornales por el periodo navide\u00f1o - Rep. Dominicana | Noti-America.com\",\"isPartOf\":{\"@id\":\"https:\/\/noti-america.com\/site\/repdom\/#website\"},\"primaryImageOfPage\":{\"@id\":\"https:\/\/noti-america.com\/site\/repdom\/2020\/11\/27\/alcaldia-dn-dispone-refuerzo-brigadas-aseo-y-limpieza-de-imbornales-por-el-periodo-navideno\/#primaryimage\"},\"image\":{\"@id\":\"https:\/\/noti-america.com\/site\/repdom\/2020\/11\/27\/alcaldia-dn-dispone-refuerzo-brigadas-aseo-y-limpieza-de-imbornales-por-el-periodo-navideno\/#primaryimage\"},\"thumbnailUrl\":\"https:\/\/noti-america.com\/site\/repdom\/wp-content\/uploads\/sites\/6\/2020\/11\/p1339-1068x712-1.jpeg\",\"datePublished\":\"2020-11-27T07:50:57+00:00\",\"dateModified\":\"2020-11-27T07:52:14+00:00\",\"breadcrumb\":{\"@id\":\"https:\/\/noti-america.com\/site\/repdom\/2020\/11\/27\/alcaldia-dn-dispone-refuerzo-brigadas-aseo-y-limpieza-de-imbornales-por-el-periodo-navideno\/#breadcrumb\"},\"inLanguage\":\"es\",\"potentialAction\":[{\"@type\":\"ReadAction\",\"target\":[\"https:\/\/noti-america.com\/site\/repdom\/2020\/11\/27\/alcaldia-dn-dispone-refuerzo-brigadas-aseo-y-limpieza-de-imbornales-por-el-periodo-navideno\/\"]}]},{\"@type\":\"ImageObject\",\"inLanguage\":\"es\",\"@id\":\"https:\/\/noti-america.com\/site\/repdom\/2020\/11\/27\/alcaldia-dn-dispone-refuerzo-brigadas-aseo-y-limpieza-de-imbornales-por-el-periodo-navideno\/#primaryimage\",\"url\":\"https:\/\/noti-america.com\/site\/repdom\/wp-content\/uploads\/sites\/6\/2020\/11\/p1339-1068x712-1.jpeg\",\"contentUrl\":\"https:\/\/noti-america.com\/site\/repdom\/wp-content\/uploads\/sites\/6\/2020\/11\/p1339-1068x712-1.jpeg\",\"width\":1068,\"height\":712},{\"@type\":\"BreadcrumbList\",\"@id\":\"https:\/\/noti-america.com\/site\/repdom\/2020\/11\/27\/alcaldia-dn-dispone-refuerzo-brigadas-aseo-y-limpieza-de-imbornales-por-el-periodo-navideno\/#breadcrumb\",\"itemListElement\":[{\"@type\":\"ListItem\",\"position\":1,\"name\":\"Portada\",\"item\":\"https:\/\/noti-america.com\/site\/repdom\/\"},{\"@type\":\"ListItem\",\"position\":2,\"name\":\"Alcald\u00eda DN dispone refuerzo brigadas aseo y limpieza de imbornales por el periodo navide\u00f1o\"}]},{\"@type\":\"WebSite\",\"@id\":\"https:\/\/noti-america.com\/site\/repdom\/#website\",\"url\":\"https:\/\/noti-america.com\/site\/repdom\/\",\"name\":\"Rep. Dominicana | Noti-America.com\",\"description\":\"\",\"publisher\":{\"@id\":\"https:\/\/noti-america.com\/site\/repdom\/#organization\"},\"potentialAction\":[{\"@type\":\"SearchAction\",\"target\":{\"@type\":\"EntryPoint\",\"urlTemplate\":\"https:\/\/noti-america.com\/site\/repdom\/?s={search_term_string}\"},\"query-input\":{\"@type\":\"PropertyValueSpecification\",\"valueRequired\":true,\"valueName\":\"search_term_string\"}}],\"inLanguage\":\"es\"},{\"@type\":\"Organization\",\"@id\":\"https:\/\/noti-america.com\/site\/repdom\/#organization\",\"name\":\"Noti-America LLC | Rep\u00fablica Dominicana\",\"url\":\"https:\/\/noti-america.com\/site\/repdom\/\",\"logo\":{\"@type\":\"ImageObject\",\"inLanguage\":\"es\",\"@id\":\"https:\/\/noti-america.com\/site\/repdom\/#\/schema\/logo\/image\/\",\"url\":\"https:\/\/noti-america.com\/site\/repdom\/wp-content\/uploads\/sites\/6\/2020\/07\/LogoNA-4x3-1.jpg\",\"contentUrl\":\"https:\/\/noti-america.com\/site\/repdom\/wp-content\/uploads\/sites\/6\/2020\/07\/LogoNA-4x3-1.jpg\",\"width\":1236,\"height\":1080,\"caption\":\"Noti-America LLC | Rep\u00fablica Dominicana\"},\"image\":{\"@id\":\"https:\/\/noti-america.com\/site\/repdom\/#\/schema\/logo\/image\/\"}},{\"@type\":\"Person\",\"@id\":\"https:\/\/noti-america.com\/site\/repdom\/#\/schema\/person\/01b6a5fcca2b30bc220da2842f0b6060\",\"name\":\"Ann\u00e9 Cruz\",\"image\":{\"@type\":\"ImageObject\",\"inLanguage\":\"es\",\"@id\":\"https:\/\/secure.gravatar.com\/avatar\/f5aaeb3fd16b65f7d601dd99d7f1dcaaf7065ea361b219976bcf5d43d0980e1b?s=96&d=mm&r=g\",\"url\":\"https:\/\/secure.gravatar.com\/avatar\/f5aaeb3fd16b65f7d601dd99d7f1dcaaf7065ea361b219976bcf5d43d0980e1b?s=96&d=mm&r=g\",\"contentUrl\":\"https:\/\/secure.gravatar.com\/avatar\/f5aaeb3fd16b65f7d601dd99d7f1dcaaf7065ea361b219976bcf5d43d0980e1b?s=96&d=mm&r=g\",\"caption\":\"Ann\u00e9 Cruz\"},\"description\":\"Emprendedora, publirrelacionista y periodista especializada en Comunicaci\u00f3n Pol\u00edtica e Institucional.\",\"url\":\"https:\/\/noti-america.com\/site\/repdom\/author\/adelacruz\/\"}]}<\/script>\n<!-- \/ Yoast SEO Premium plugin. -->","yoast_head_json":{"title":"Alcald\u00eda DN dispone refuerzo brigadas aseo y limpieza de imbornales por el periodo navide\u00f1o - Rep. Dominicana | Noti-America.com","robots":{"index":"index","follow":"follow","max-snippet":"max-snippet:-1","max-image-preview":"max-image-preview:large","max-video-preview":"max-video-preview:-1"},"canonical":"https:\/\/noti-america.com\/site\/repdom\/2020\/11\/27\/alcaldia-dn-dispone-refuerzo-brigadas-aseo-y-limpieza-de-imbornales-por-el-periodo-navideno\/","og_locale":"es_ES","og_type":"article","og_title":"Alcald\u00eda DN dispone refuerzo brigadas aseo y limpieza de imbornales por el periodo navide\u00f1o","og_description":"Santo Domingo, D.N.- La Alcald\u00eda del Distrito Nacional reforzar\u00e1 las brigadas de aseo y limpieza de imbornales por la temporada navide\u00f1a. El Plan de Emergencia Navidad 2020-21 lanzar\u00e1 distintas brigadas de obreros adicionales a&#46;&#46;&#46;","og_url":"https:\/\/noti-america.com\/site\/repdom\/2020\/11\/27\/alcaldia-dn-dispone-refuerzo-brigadas-aseo-y-limpieza-de-imbornales-por-el-periodo-navideno\/","og_site_name":"Rep. Dominicana | Noti-America.com","article_published_time":"2020-11-27T07:50:57+00:00","article_modified_time":"2020-11-27T07:52:14+00:00","og_image":[{"width":1068,"height":712,"url":"https:\/\/noti-america.com\/site\/repdom\/wp-content\/uploads\/sites\/6\/2020\/11\/p1339-1068x712-1.jpeg","type":"image\/jpeg"}],"author":"Ann\u00e9 Cruz","twitter_card":"summary_large_image","twitter_misc":{"Escrito por":"Ann\u00e9 Cruz","Tiempo estimado de lectura":"1 minuto"},"schema":{"@context":"https:\/\/schema.org","@graph":[{"@type":"Article","@id":"https:\/\/noti-america.com\/site\/repdom\/2020\/11\/27\/alcaldia-dn-dispone-refuerzo-brigadas-aseo-y-limpieza-de-imbornales-por-el-periodo-navideno\/#article","isPartOf":{"@id":"https:\/\/noti-america.com\/site\/repdom\/2020\/11\/27\/alcaldia-dn-dispone-refuerzo-brigadas-aseo-y-limpieza-de-imbornales-por-el-periodo-navideno\/"},"author":{"name":"Ann\u00e9 Cruz","@id":"https:\/\/noti-america.com\/site\/repdom\/#\/schema\/person\/01b6a5fcca2b30bc220da2842f0b6060"},"headline":"Alcald\u00eda DN dispone refuerzo brigadas aseo y limpieza de imbornales por el periodo navide\u00f1o","datePublished":"2020-11-27T07:50:57+00:00","dateModified":"2020-11-27T07:52:14+00:00","mainEntityOfPage":{"@id":"https:\/\/noti-america.com\/site\/repdom\/2020\/11\/27\/alcaldia-dn-dispone-refuerzo-brigadas-aseo-y-limpieza-de-imbornales-por-el-periodo-navideno\/"},"wordCount":299,"commentCount":0,"publisher":{"@id":"https:\/\/noti-america.com\/site\/repdom\/#organization"},"image":{"@id":"https:\/\/noti-america.com\/site\/repdom\/2020\/11\/27\/alcaldia-dn-dispone-refuerzo-brigadas-aseo-y-limpieza-de-imbornales-por-el-periodo-navideno\/#primaryimage"},"thumbnailUrl":"https:\/\/noti-america.com\/site\/repdom\/wp-content\/uploads\/sites\/6\/2020\/11\/p1339-1068x712-1.jpeg","keywords":["#notianne #aqu\u00edenRD #RDlotienetodo #notiamericard"],"articleSection":["Actualidad"],"inLanguage":"es","potentialAction":[{"@type":"CommentAction","name":"Comment","target":["https:\/\/noti-america.com\/site\/repdom\/2020\/11\/27\/alcaldia-dn-dispone-refuerzo-brigadas-aseo-y-limpieza-de-imbornales-por-el-periodo-navideno\/#respond"]}]},{"@type":"WebPage","@id":"https:\/\/noti-america.com\/site\/repdom\/2020\/11\/27\/alcaldia-dn-dispone-refuerzo-brigadas-aseo-y-limpieza-de-imbornales-por-el-periodo-navideno\/","url":"https:\/\/noti-america.com\/site\/repdom\/2020\/11\/27\/alcaldia-dn-dispone-refuerzo-brigadas-aseo-y-limpieza-de-imbornales-por-el-periodo-navideno\/","name":"Alcald\u00eda DN dispone refuerzo brigadas aseo y limpieza de imbornales por el periodo navide\u00f1o - Rep. Dominicana | Noti-America.com","isPartOf":{"@id":"https:\/\/noti-america.com\/site\/repdom\/#website"},"primaryImageOfPage":{"@id":"https:\/\/noti-america.com\/site\/repdom\/2020\/11\/27\/alcaldia-dn-dispone-refuerzo-brigadas-aseo-y-limpieza-de-imbornales-por-el-periodo-navideno\/#primaryimage"},"image":{"@id":"https:\/\/noti-america.com\/site\/repdom\/2020\/11\/27\/alcaldia-dn-dispone-refuerzo-brigadas-aseo-y-limpieza-de-imbornales-por-el-periodo-navideno\/#primaryimage"},"thumbnailUrl":"https:\/\/noti-america.com\/site\/repdom\/wp-content\/uploads\/sites\/6\/2020\/11\/p1339-1068x712-1.jpeg","datePublished":"2020-11-27T07:50:57+00:00","dateModified":"2020-11-27T07:52:14+00:00","breadcrumb":{"@id":"https:\/\/noti-america.com\/site\/repdom\/2020\/11\/27\/alcaldia-dn-dispone-refuerzo-brigadas-aseo-y-limpieza-de-imbornales-por-el-periodo-navideno\/#breadcrumb"},"inLanguage":"es","potentialAction":[{"@type":"ReadAction","target":["https:\/\/noti-america.com\/site\/repdom\/2020\/11\/27\/alcaldia-dn-dispone-refuerzo-brigadas-aseo-y-limpieza-de-imbornales-por-el-periodo-navideno\/"]}]},{"@type":"ImageObject","inLanguage":"es","@id":"https:\/\/noti-america.com\/site\/repdom\/2020\/11\/27\/alcaldia-dn-dispone-refuerzo-brigadas-aseo-y-limpieza-de-imbornales-por-el-periodo-navideno\/#primaryimage","url":"https:\/\/noti-america.com\/site\/repdom\/wp-content\/uploads\/sites\/6\/2020\/11\/p1339-1068x712-1.jpeg","contentUrl":"https:\/\/noti-america.com\/site\/repdom\/wp-content\/uploads\/sites\/6\/2020\/11\/p1339-1068x712-1.jpeg","width":1068,"height":712},{"@type":"BreadcrumbList","@id":"https:\/\/noti-america.com\/site\/repdom\/2020\/11\/27\/alcaldia-dn-dispone-refuerzo-brigadas-aseo-y-limpieza-de-imbornales-por-el-periodo-navideno\/#breadcrumb","itemListElement":[{"@type":"ListItem","position":1,"name":"Portada","item":"https:\/\/noti-america.com\/site\/repdom\/"},{"@type":"ListItem","position":2,"name":"Alcald\u00eda DN dispone refuerzo brigadas aseo y limpieza de imbornales por el periodo navide\u00f1o"}]},{"@type":"WebSite","@id":"https:\/\/noti-america.com\/site\/repdom\/#website","url":"https:\/\/noti-america.com\/site\/repdom\/","name":"Rep. Dominicana | Noti-America.com","description":"","publisher":{"@id":"https:\/\/noti-america.com\/site\/repdom\/#organization"},"potentialAction":[{"@type":"SearchAction","target":{"@type":"EntryPoint","urlTemplate":"https:\/\/noti-america.com\/site\/repdom\/?s={search_term_string}"},"query-input":{"@type":"PropertyValueSpecification","valueRequired":true,"valueName":"search_term_string"}}],"inLanguage":"es"},{"@type":"Organization","@id":"https:\/\/noti-america.com\/site\/repdom\/#organization","name":"Noti-America LLC | Rep\u00fablica Dominicana","url":"https:\/\/noti-america.com\/site\/repdom\/","logo":{"@type":"ImageObject","inLanguage":"es","@id":"https:\/\/noti-america.com\/site\/repdom\/#\/schema\/logo\/image\/","url":"https:\/\/noti-america.com\/site\/repdom\/wp-content\/uploads\/sites\/6\/2020\/07\/LogoNA-4x3-1.jpg","contentUrl":"https:\/\/noti-america.com\/site\/repdom\/wp-content\/uploads\/sites\/6\/2020\/07\/LogoNA-4x3-1.jpg","width":1236,"height":1080,"caption":"Noti-America LLC | Rep\u00fablica Dominicana"},"image":{"@id":"https:\/\/noti-america.com\/site\/repdom\/#\/schema\/logo\/image\/"}},{"@type":"Person","@id":"https:\/\/noti-america.com\/site\/repdom\/#\/schema\/person\/01b6a5fcca2b30bc220da2842f0b6060","name":"Ann\u00e9 Cruz","image":{"@type":"ImageObject","inLanguage":"es","@id":"https:\/\/secure.gravatar.com\/avatar\/f5aaeb3fd16b65f7d601dd99d7f1dcaaf7065ea361b219976bcf5d43d0980e1b?s=96&d=mm&r=g","url":"https:\/\/secure.gravatar.com\/avatar\/f5aaeb3fd16b65f7d601dd99d7f1dcaaf7065ea361b219976bcf5d43d0980e1b?s=96&d=mm&r=g","contentUrl":"https:\/\/secure.gravatar.com\/avatar\/f5aaeb3fd16b65f7d601dd99d7f1dcaaf7065ea361b219976bcf5d43d0980e1b?s=96&d=mm&r=g","caption":"Ann\u00e9 Cruz"},"description":"Emprendedora, publirrelacionista y periodista especializada en Comunicaci\u00f3n Pol\u00edtica e Institucional.","url":"https:\/\/noti-america.com\/site\/repdom\/author\/adelacruz\/"}]}},"_links":{"self":[{"href":"https:\/\/noti-america.com\/site\/repdom\/wp-json\/wp\/v2\/posts\/6304","targetHints":{"allow":["GET"]}}],"collection":[{"href":"https:\/\/noti-america.com\/site\/repdom\/wp-json\/wp\/v2\/posts"}],"about":[{"href":"https:\/\/noti-america.com\/site\/repdom\/wp-json\/wp\/v2\/types\/post"}],"author":[{"embeddable":true,"href":"https:\/\/noti-america.com\/site\/repdom\/wp-json\/wp\/v2\/users\/99"}],"replies":[{"embeddable":true,"href":"https:\/\/noti-america.com\/site\/repdom\/wp-json\/wp\/v2\/comments?post=6304"}],"version-history":[{"count":2,"href":"https:\/\/noti-america.com\/site\/repdom\/wp-json\/wp\/v2\/posts\/6304\/revisions"}],"predecessor-version":[{"id":6307,"href":"https:\/\/noti-america.com\/site\/repdom\/wp-json\/wp\/v2\/posts\/6304\/revisions\/6307"}],"wp:featuredmedia":[{"embeddable":true,"href":"https:\/\/noti-america.com\/site\/repdom\/wp-json\/wp\/v2\/media\/6305"}],"wp:attachment":[{"href":"https:\/\/noti-america.com\/site\/repdom\/wp-json\/wp\/v2\/media?parent=6304"}],"wp:term":[{"taxonomy":"category","embeddable":true,"href":"https:\/\/noti-america.com\/site\/repdom\/wp-json\/wp\/v2\/categories?post=6304"},{"taxonomy":"post_tag","embeddable":true,"href":"https:\/\/noti-america.com\/site\/repdom\/wp-json\/wp\/v2\/tags?post=6304"}],"curies":[{"name":"wp","href":"https:\/\/api.w.org\/{rel}","templated":true}]}}