{"id":6259,"date":"2020-11-25T17:36:21","date_gmt":"2020-11-25T17:36:21","guid":{"rendered":"https:\/\/noti-america.com\/site\/repdom\/?p=6259"},"modified":"2020-11-25T17:36:21","modified_gmt":"2020-11-25T17:36:21","slug":"muere-el-ex-futbolista-argentino-diego-maradona","status":"publish","type":"post","link":"https:\/\/noti-america.com\/site\/repdom\/2020\/11\/25\/muere-el-ex-futbolista-argentino-diego-maradona\/","title":{"rendered":"Muere el ex-futbolista argentino Diego Maradona"},"content":{"rendered":"<div class=\"video-container\"><iframe loading=\"lazy\" title=\"A los 60 a\u00f1os muri\u00f3 Diego Maradona\" width=\"500\" height=\"281\" src=\"https:\/\/www.youtube.com\/embed\/zp8VgQ8VrsY?feature=oembed&#038;wmode=opaque\" frameborder=\"0\" allow=\"accelerometer; autoplay; clipboard-write; encrypted-media; gyroscope; picture-in-picture; web-share\" referrerpolicy=\"strict-origin-when-cross-origin\" allowfullscreen><\/iframe><\/div>\n<p style=\"text-align: justify\">El \u00eddolo mundial de f\u00fatbol, Diego Armando Maradona, falleci\u00f3 el d\u00eda de hoy tras sufrir un paro cardiorespiratorio en la casa de Tigre, en donde se hab\u00eda instalado tras una operaci\u00f3n a la que fue sometido, inform\u00f3 El Clar\u00edn.<\/p>\n<p style=\"text-align: justify\">El pasado 11 de noviembre,\u00a0Maradona recibi\u00f3 el alta hospitalaria y dej\u00f3 la cl\u00ednica de la ciudad bonaerense de Olivos en la que fue operado de un hematoma subdural y se le diagnostic\u00f3 un cuadro de \u00ababstinencia\u00bb relacionado con el alcohol.<\/p>\n<p style=\"text-align: justify\">En ese entonces, Maradona dej\u00f3 la cl\u00ednica en horas de la tarde en una ambulancia que fue escoltada por efectivos policiales. Los m\u00e9dicos pidieron que fuera acompa\u00f1ado por sus familiares durante el tiempo de su recuperaci\u00f3n.<\/p>\n<p style=\"text-align: justify\">El ex-seleccionador argentino fue trasladado a una vivienda ubicada en la provincia de Buenos Aires en la que estaba supervisado por profesionales de la salud y familiares.<\/p>\n<p style=\"text-align: justify\">Maradona se desempe\u00f1aba como entrenador de Gimnasia y Esgrima de La Plata, club con el que se salv\u00f3 del descenso a finales de la temporada 2019-2020. Como estratega tambi\u00e9n estuvo en Dorados de Sinaloa, y tambi\u00e9n dirigi\u00f3 la selecci\u00f3n argentina en las eliminatorias de Sud\u00e1frica 2010 y en el Mundial de ese mismo a\u00f1o.<\/p>\n<p style=\"text-align: justify\">Como jugador, Maradona pase\u00f3 su magia por clubes de su pa\u00eds como Argentinos Juniors, Boca Juniors, Newell&#8217;s Old Boys, y por Europa defendi\u00f3 al FC Barcelona, Sevilla y Napoli. En el cuadro italiano se convirti\u00f3 en \u00eddolo y leyenda, y de su mano, el cuadro del sur de Italia consigui\u00f3 sus primeros t\u00edtulos y una Copa de Europa.<\/p>\n<p style=\"text-align: justify\">Con la selecci\u00f3n de Argentina fue campe\u00f3n del mundo en 1986 y sub-campe\u00f3n en Italia 90. Sus goles en estas copas son considerados los m\u00e1s lindos en la historia de los mundiales.<\/p>\n<p style=\"text-align: justify\">En su palmar\u00e9s nunca pudo ganar la Copa Libertadores y la Champions League, pero es reconocido como una de las m\u00e1ximas leyendas del f\u00fatbol a nivel mundial junto a Pel\u00e9, Pusk\u00e1s, entre otros.<\/p>\n<p style=\"text-align: justify\"><strong>Fuente: elcomercio.com<\/strong><\/p>\n","protected":false},"excerpt":{"rendered":"<p>El \u00eddolo mundial de f\u00fatbol, Diego Armando Maradona, falleci\u00f3 el d\u00eda de hoy tras sufrir un paro cardiorespiratorio en la casa de Tigre, en donde se hab\u00eda instalado tras una operaci\u00f3n a la que&#46;&#46;&#46;<\/p>\n","protected":false},"author":89,"featured_media":6260,"comment_status":"open","ping_status":"open","sticky":false,"template":"","format":"standard","meta":{"_acf_changed":false,"rop_custom_images_group":[],"rop_custom_messages_group":[],"rop_publish_now":"initial","rop_publish_now_accounts":[],"rop_publish_now_history":[],"rop_publish_now_status":"pending","footnotes":""},"categories":[16],"tags":[69,598,599],"class_list":["post-6259","post","type-post","status-publish","format-standard","has-post-thumbnail","hentry","category-deportes","tag-argentina","tag-diego-maradona","tag-futbol-argentino"],"acf":[],"yoast_head":"<!-- This site is optimized with the Yoast SEO Premium plugin v24.9 (Yoast SEO v27.2) - https:\/\/yoast.com\/product\/yoast-seo-premium-wordpress\/ -->\n<title>Muere el ex-futbolista argentino Diego Maradona - Rep. Dominicana | Noti-America.com<\/title>\n<meta name=\"robots\" content=\"index, follow, max-snippet:-1, max-image-preview:large, max-video-preview:-1\" \/>\n<link rel=\"canonical\" href=\"https:\/\/noti-america.com\/site\/repdom\/2020\/11\/25\/muere-el-ex-futbolista-argentino-diego-maradona\/\" \/>\n<meta property=\"og:locale\" content=\"es_ES\" \/>\n<meta property=\"og:type\" content=\"article\" \/>\n<meta property=\"og:title\" content=\"Muere el ex-futbolista argentino Diego Maradona\" \/>\n<meta property=\"og:description\" content=\"El \u00eddolo mundial de f\u00fatbol, Diego Armando Maradona, falleci\u00f3 el d\u00eda de hoy tras sufrir un paro cardiorespiratorio en la casa de Tigre, en donde se hab\u00eda instalado tras una operaci\u00f3n a la que&#046;&#046;&#046;\" \/>\n<meta property=\"og:url\" content=\"https:\/\/noti-america.com\/site\/repdom\/2020\/11\/25\/muere-el-ex-futbolista-argentino-diego-maradona\/\" \/>\n<meta property=\"og:site_name\" content=\"Rep. Dominicana | Noti-America.com\" \/>\n<meta property=\"article:published_time\" content=\"2020-11-25T17:36:21+00:00\" \/>\n<meta property=\"og:image\" content=\"https:\/\/noti-america.com\/site\/repdom\/wp-content\/uploads\/sites\/6\/2020\/11\/Diego-Maradona.jpg\" \/>\n\t<meta property=\"og:image:width\" content=\"980\" \/>\n\t<meta property=\"og:image:height\" content=\"550\" \/>\n\t<meta property=\"og:image:type\" content=\"image\/jpeg\" \/>\n<meta name=\"author\" content=\"Ad\u00e1n Soriano\" \/>\n<meta name=\"twitter:card\" content=\"summary_large_image\" \/>\n<meta name=\"twitter:creator\" content=\"@adansoriano\" \/>\n<meta name=\"twitter:label1\" content=\"Escrito por\" \/>\n\t<meta name=\"twitter:data1\" content=\"Ad\u00e1n Soriano\" \/>\n\t<meta name=\"twitter:label2\" content=\"Tiempo estimado de lectura\" \/>\n\t<meta name=\"twitter:data2\" content=\"2 minutos\" \/>\n<script type=\"application\/ld+json\" class=\"yoast-schema-graph\">{\"@context\":\"https:\/\/schema.org\",\"@graph\":[{\"@type\":\"Article\",\"@id\":\"https:\/\/noti-america.com\/site\/repdom\/2020\/11\/25\/muere-el-ex-futbolista-argentino-diego-maradona\/#article\",\"isPartOf\":{\"@id\":\"https:\/\/noti-america.com\/site\/repdom\/2020\/11\/25\/muere-el-ex-futbolista-argentino-diego-maradona\/\"},\"author\":{\"name\":\"Ad\u00e1n Soriano\",\"@id\":\"https:\/\/noti-america.com\/site\/repdom\/#\/schema\/person\/fd0092c1530d275fabaa5cffcbc2b976\"},\"headline\":\"Muere el ex-futbolista argentino Diego Maradona\",\"datePublished\":\"2020-11-25T17:36:21+00:00\",\"mainEntityOfPage\":{\"@id\":\"https:\/\/noti-america.com\/site\/repdom\/2020\/11\/25\/muere-el-ex-futbolista-argentino-diego-maradona\/\"},\"wordCount\":361,\"commentCount\":0,\"publisher\":{\"@id\":\"https:\/\/noti-america.com\/site\/repdom\/#organization\"},\"image\":{\"@id\":\"https:\/\/noti-america.com\/site\/repdom\/2020\/11\/25\/muere-el-ex-futbolista-argentino-diego-maradona\/#primaryimage\"},\"thumbnailUrl\":\"https:\/\/noti-america.com\/site\/repdom\/wp-content\/uploads\/sites\/6\/2020\/11\/Diego-Maradona.jpg\",\"keywords\":[\"Argentina\",\"Diego Maradona\",\"F\u00fatbol Argentino\"],\"articleSection\":[\"Deportes\"],\"inLanguage\":\"es\",\"potentialAction\":[{\"@type\":\"CommentAction\",\"name\":\"Comment\",\"target\":[\"https:\/\/noti-america.com\/site\/repdom\/2020\/11\/25\/muere-el-ex-futbolista-argentino-diego-maradona\/#respond\"]}]},{\"@type\":\"WebPage\",\"@id\":\"https:\/\/noti-america.com\/site\/repdom\/2020\/11\/25\/muere-el-ex-futbolista-argentino-diego-maradona\/\",\"url\":\"https:\/\/noti-america.com\/site\/repdom\/2020\/11\/25\/muere-el-ex-futbolista-argentino-diego-maradona\/\",\"name\":\"Muere el ex-futbolista argentino Diego Maradona - Rep. Dominicana | Noti-America.com\",\"isPartOf\":{\"@id\":\"https:\/\/noti-america.com\/site\/repdom\/#website\"},\"primaryImageOfPage\":{\"@id\":\"https:\/\/noti-america.com\/site\/repdom\/2020\/11\/25\/muere-el-ex-futbolista-argentino-diego-maradona\/#primaryimage\"},\"image\":{\"@id\":\"https:\/\/noti-america.com\/site\/repdom\/2020\/11\/25\/muere-el-ex-futbolista-argentino-diego-maradona\/#primaryimage\"},\"thumbnailUrl\":\"https:\/\/noti-america.com\/site\/repdom\/wp-content\/uploads\/sites\/6\/2020\/11\/Diego-Maradona.jpg\",\"datePublished\":\"2020-11-25T17:36:21+00:00\",\"breadcrumb\":{\"@id\":\"https:\/\/noti-america.com\/site\/repdom\/2020\/11\/25\/muere-el-ex-futbolista-argentino-diego-maradona\/#breadcrumb\"},\"inLanguage\":\"es\",\"potentialAction\":[{\"@type\":\"ReadAction\",\"target\":[\"https:\/\/noti-america.com\/site\/repdom\/2020\/11\/25\/muere-el-ex-futbolista-argentino-diego-maradona\/\"]}]},{\"@type\":\"ImageObject\",\"inLanguage\":\"es\",\"@id\":\"https:\/\/noti-america.com\/site\/repdom\/2020\/11\/25\/muere-el-ex-futbolista-argentino-diego-maradona\/#primaryimage\",\"url\":\"https:\/\/noti-america.com\/site\/repdom\/wp-content\/uploads\/sites\/6\/2020\/11\/Diego-Maradona.jpg\",\"contentUrl\":\"https:\/\/noti-america.com\/site\/repdom\/wp-content\/uploads\/sites\/6\/2020\/11\/Diego-Maradona.jpg\",\"width\":980,\"height\":550},{\"@type\":\"BreadcrumbList\",\"@id\":\"https:\/\/noti-america.com\/site\/repdom\/2020\/11\/25\/muere-el-ex-futbolista-argentino-diego-maradona\/#breadcrumb\",\"itemListElement\":[{\"@type\":\"ListItem\",\"position\":1,\"name\":\"Portada\",\"item\":\"https:\/\/noti-america.com\/site\/repdom\/\"},{\"@type\":\"ListItem\",\"position\":2,\"name\":\"Muere el ex-futbolista argentino Diego Maradona\"}]},{\"@type\":\"WebSite\",\"@id\":\"https:\/\/noti-america.com\/site\/repdom\/#website\",\"url\":\"https:\/\/noti-america.com\/site\/repdom\/\",\"name\":\"Rep. Dominicana | Noti-America.com\",\"description\":\"\",\"publisher\":{\"@id\":\"https:\/\/noti-america.com\/site\/repdom\/#organization\"},\"potentialAction\":[{\"@type\":\"SearchAction\",\"target\":{\"@type\":\"EntryPoint\",\"urlTemplate\":\"https:\/\/noti-america.com\/site\/repdom\/?s={search_term_string}\"},\"query-input\":{\"@type\":\"PropertyValueSpecification\",\"valueRequired\":true,\"valueName\":\"search_term_string\"}}],\"inLanguage\":\"es\"},{\"@type\":\"Organization\",\"@id\":\"https:\/\/noti-america.com\/site\/repdom\/#organization\",\"name\":\"Noti-America LLC | Rep\u00fablica Dominicana\",\"url\":\"https:\/\/noti-america.com\/site\/repdom\/\",\"logo\":{\"@type\":\"ImageObject\",\"inLanguage\":\"es\",\"@id\":\"https:\/\/noti-america.com\/site\/repdom\/#\/schema\/logo\/image\/\",\"url\":\"https:\/\/noti-america.com\/site\/repdom\/wp-content\/uploads\/sites\/6\/2020\/07\/LogoNA-4x3-1.jpg\",\"contentUrl\":\"https:\/\/noti-america.com\/site\/repdom\/wp-content\/uploads\/sites\/6\/2020\/07\/LogoNA-4x3-1.jpg\",\"width\":1236,\"height\":1080,\"caption\":\"Noti-America LLC | Rep\u00fablica Dominicana\"},\"image\":{\"@id\":\"https:\/\/noti-america.com\/site\/repdom\/#\/schema\/logo\/image\/\"}},{\"@type\":\"Person\",\"@id\":\"https:\/\/noti-america.com\/site\/repdom\/#\/schema\/person\/fd0092c1530d275fabaa5cffcbc2b976\",\"name\":\"Ad\u00e1n Soriano\",\"image\":{\"@type\":\"ImageObject\",\"inLanguage\":\"es\",\"@id\":\"https:\/\/secure.gravatar.com\/avatar\/ecf97ff3aee7ff9efdae670d7e976f3e7e8acc1077e510d73707999a8bfd4467?s=96&d=mm&r=g\",\"url\":\"https:\/\/secure.gravatar.com\/avatar\/ecf97ff3aee7ff9efdae670d7e976f3e7e8acc1077e510d73707999a8bfd4467?s=96&d=mm&r=g\",\"contentUrl\":\"https:\/\/secure.gravatar.com\/avatar\/ecf97ff3aee7ff9efdae670d7e976f3e7e8acc1077e510d73707999a8bfd4467?s=96&d=mm&r=g\",\"caption\":\"Ad\u00e1n Soriano\"},\"description\":\"Soy cronista deportivo con 10 a\u00f1os de experiencia en varios espacios, y conduzco el podcast deportivo llamado Mezcla Deportiva\",\"sameAs\":[\"https:\/\/x.com\/adansoriano\"],\"url\":\"https:\/\/noti-america.com\/site\/repdom\/author\/asoriano\/\"}]}<\/script>\n<!-- \/ Yoast SEO Premium plugin. -->","yoast_head_json":{"title":"Muere el ex-futbolista argentino Diego Maradona - Rep. Dominicana | Noti-America.com","robots":{"index":"index","follow":"follow","max-snippet":"max-snippet:-1","max-image-preview":"max-image-preview:large","max-video-preview":"max-video-preview:-1"},"canonical":"https:\/\/noti-america.com\/site\/repdom\/2020\/11\/25\/muere-el-ex-futbolista-argentino-diego-maradona\/","og_locale":"es_ES","og_type":"article","og_title":"Muere el ex-futbolista argentino Diego Maradona","og_description":"El \u00eddolo mundial de f\u00fatbol, Diego Armando Maradona, falleci\u00f3 el d\u00eda de hoy tras sufrir un paro cardiorespiratorio en la casa de Tigre, en donde se hab\u00eda instalado tras una operaci\u00f3n a la que&#46;&#46;&#46;","og_url":"https:\/\/noti-america.com\/site\/repdom\/2020\/11\/25\/muere-el-ex-futbolista-argentino-diego-maradona\/","og_site_name":"Rep. Dominicana | Noti-America.com","article_published_time":"2020-11-25T17:36:21+00:00","og_image":[{"width":980,"height":550,"url":"https:\/\/noti-america.com\/site\/repdom\/wp-content\/uploads\/sites\/6\/2020\/11\/Diego-Maradona.jpg","type":"image\/jpeg"}],"author":"Ad\u00e1n Soriano","twitter_card":"summary_large_image","twitter_creator":"@adansoriano","twitter_misc":{"Escrito por":"Ad\u00e1n Soriano","Tiempo estimado de lectura":"2 minutos"},"schema":{"@context":"https:\/\/schema.org","@graph":[{"@type":"Article","@id":"https:\/\/noti-america.com\/site\/repdom\/2020\/11\/25\/muere-el-ex-futbolista-argentino-diego-maradona\/#article","isPartOf":{"@id":"https:\/\/noti-america.com\/site\/repdom\/2020\/11\/25\/muere-el-ex-futbolista-argentino-diego-maradona\/"},"author":{"name":"Ad\u00e1n Soriano","@id":"https:\/\/noti-america.com\/site\/repdom\/#\/schema\/person\/fd0092c1530d275fabaa5cffcbc2b976"},"headline":"Muere el ex-futbolista argentino Diego Maradona","datePublished":"2020-11-25T17:36:21+00:00","mainEntityOfPage":{"@id":"https:\/\/noti-america.com\/site\/repdom\/2020\/11\/25\/muere-el-ex-futbolista-argentino-diego-maradona\/"},"wordCount":361,"commentCount":0,"publisher":{"@id":"https:\/\/noti-america.com\/site\/repdom\/#organization"},"image":{"@id":"https:\/\/noti-america.com\/site\/repdom\/2020\/11\/25\/muere-el-ex-futbolista-argentino-diego-maradona\/#primaryimage"},"thumbnailUrl":"https:\/\/noti-america.com\/site\/repdom\/wp-content\/uploads\/sites\/6\/2020\/11\/Diego-Maradona.jpg","keywords":["Argentina","Diego Maradona","F\u00fatbol Argentino"],"articleSection":["Deportes"],"inLanguage":"es","potentialAction":[{"@type":"CommentAction","name":"Comment","target":["https:\/\/noti-america.com\/site\/repdom\/2020\/11\/25\/muere-el-ex-futbolista-argentino-diego-maradona\/#respond"]}]},{"@type":"WebPage","@id":"https:\/\/noti-america.com\/site\/repdom\/2020\/11\/25\/muere-el-ex-futbolista-argentino-diego-maradona\/","url":"https:\/\/noti-america.com\/site\/repdom\/2020\/11\/25\/muere-el-ex-futbolista-argentino-diego-maradona\/","name":"Muere el ex-futbolista argentino Diego Maradona - Rep. Dominicana | Noti-America.com","isPartOf":{"@id":"https:\/\/noti-america.com\/site\/repdom\/#website"},"primaryImageOfPage":{"@id":"https:\/\/noti-america.com\/site\/repdom\/2020\/11\/25\/muere-el-ex-futbolista-argentino-diego-maradona\/#primaryimage"},"image":{"@id":"https:\/\/noti-america.com\/site\/repdom\/2020\/11\/25\/muere-el-ex-futbolista-argentino-diego-maradona\/#primaryimage"},"thumbnailUrl":"https:\/\/noti-america.com\/site\/repdom\/wp-content\/uploads\/sites\/6\/2020\/11\/Diego-Maradona.jpg","datePublished":"2020-11-25T17:36:21+00:00","breadcrumb":{"@id":"https:\/\/noti-america.com\/site\/repdom\/2020\/11\/25\/muere-el-ex-futbolista-argentino-diego-maradona\/#breadcrumb"},"inLanguage":"es","potentialAction":[{"@type":"ReadAction","target":["https:\/\/noti-america.com\/site\/repdom\/2020\/11\/25\/muere-el-ex-futbolista-argentino-diego-maradona\/"]}]},{"@type":"ImageObject","inLanguage":"es","@id":"https:\/\/noti-america.com\/site\/repdom\/2020\/11\/25\/muere-el-ex-futbolista-argentino-diego-maradona\/#primaryimage","url":"https:\/\/noti-america.com\/site\/repdom\/wp-content\/uploads\/sites\/6\/2020\/11\/Diego-Maradona.jpg","contentUrl":"https:\/\/noti-america.com\/site\/repdom\/wp-content\/uploads\/sites\/6\/2020\/11\/Diego-Maradona.jpg","width":980,"height":550},{"@type":"BreadcrumbList","@id":"https:\/\/noti-america.com\/site\/repdom\/2020\/11\/25\/muere-el-ex-futbolista-argentino-diego-maradona\/#breadcrumb","itemListElement":[{"@type":"ListItem","position":1,"name":"Portada","item":"https:\/\/noti-america.com\/site\/repdom\/"},{"@type":"ListItem","position":2,"name":"Muere el ex-futbolista argentino Diego Maradona"}]},{"@type":"WebSite","@id":"https:\/\/noti-america.com\/site\/repdom\/#website","url":"https:\/\/noti-america.com\/site\/repdom\/","name":"Rep. Dominicana | Noti-America.com","description":"","publisher":{"@id":"https:\/\/noti-america.com\/site\/repdom\/#organization"},"potentialAction":[{"@type":"SearchAction","target":{"@type":"EntryPoint","urlTemplate":"https:\/\/noti-america.com\/site\/repdom\/?s={search_term_string}"},"query-input":{"@type":"PropertyValueSpecification","valueRequired":true,"valueName":"search_term_string"}}],"inLanguage":"es"},{"@type":"Organization","@id":"https:\/\/noti-america.com\/site\/repdom\/#organization","name":"Noti-America LLC | Rep\u00fablica Dominicana","url":"https:\/\/noti-america.com\/site\/repdom\/","logo":{"@type":"ImageObject","inLanguage":"es","@id":"https:\/\/noti-america.com\/site\/repdom\/#\/schema\/logo\/image\/","url":"https:\/\/noti-america.com\/site\/repdom\/wp-content\/uploads\/sites\/6\/2020\/07\/LogoNA-4x3-1.jpg","contentUrl":"https:\/\/noti-america.com\/site\/repdom\/wp-content\/uploads\/sites\/6\/2020\/07\/LogoNA-4x3-1.jpg","width":1236,"height":1080,"caption":"Noti-America LLC | Rep\u00fablica Dominicana"},"image":{"@id":"https:\/\/noti-america.com\/site\/repdom\/#\/schema\/logo\/image\/"}},{"@type":"Person","@id":"https:\/\/noti-america.com\/site\/repdom\/#\/schema\/person\/fd0092c1530d275fabaa5cffcbc2b976","name":"Ad\u00e1n Soriano","image":{"@type":"ImageObject","inLanguage":"es","@id":"https:\/\/secure.gravatar.com\/avatar\/ecf97ff3aee7ff9efdae670d7e976f3e7e8acc1077e510d73707999a8bfd4467?s=96&d=mm&r=g","url":"https:\/\/secure.gravatar.com\/avatar\/ecf97ff3aee7ff9efdae670d7e976f3e7e8acc1077e510d73707999a8bfd4467?s=96&d=mm&r=g","contentUrl":"https:\/\/secure.gravatar.com\/avatar\/ecf97ff3aee7ff9efdae670d7e976f3e7e8acc1077e510d73707999a8bfd4467?s=96&d=mm&r=g","caption":"Ad\u00e1n Soriano"},"description":"Soy cronista deportivo con 10 a\u00f1os de experiencia en varios espacios, y conduzco el podcast deportivo llamado Mezcla Deportiva","sameAs":["https:\/\/x.com\/adansoriano"],"url":"https:\/\/noti-america.com\/site\/repdom\/author\/asoriano\/"}]}},"_links":{"self":[{"href":"https:\/\/noti-america.com\/site\/repdom\/wp-json\/wp\/v2\/posts\/6259","targetHints":{"allow":["GET"]}}],"collection":[{"href":"https:\/\/noti-america.com\/site\/repdom\/wp-json\/wp\/v2\/posts"}],"about":[{"href":"https:\/\/noti-america.com\/site\/repdom\/wp-json\/wp\/v2\/types\/post"}],"author":[{"embeddable":true,"href":"https:\/\/noti-america.com\/site\/repdom\/wp-json\/wp\/v2\/users\/89"}],"replies":[{"embeddable":true,"href":"https:\/\/noti-america.com\/site\/repdom\/wp-json\/wp\/v2\/comments?post=6259"}],"version-history":[{"count":1,"href":"https:\/\/noti-america.com\/site\/repdom\/wp-json\/wp\/v2\/posts\/6259\/revisions"}],"predecessor-version":[{"id":6262,"href":"https:\/\/noti-america.com\/site\/repdom\/wp-json\/wp\/v2\/posts\/6259\/revisions\/6262"}],"wp:featuredmedia":[{"embeddable":true,"href":"https:\/\/noti-america.com\/site\/repdom\/wp-json\/wp\/v2\/media\/6260"}],"wp:attachment":[{"href":"https:\/\/noti-america.com\/site\/repdom\/wp-json\/wp\/v2\/media?parent=6259"}],"wp:term":[{"taxonomy":"category","embeddable":true,"href":"https:\/\/noti-america.com\/site\/repdom\/wp-json\/wp\/v2\/categories?post=6259"},{"taxonomy":"post_tag","embeddable":true,"href":"https:\/\/noti-america.com\/site\/repdom\/wp-json\/wp\/v2\/tags?post=6259"}],"curies":[{"name":"wp","href":"https:\/\/api.w.org\/{rel}","templated":true}]}}