{"id":6245,"date":"2020-11-25T14:47:24","date_gmt":"2020-11-25T14:47:24","guid":{"rendered":"https:\/\/noti-america.com\/site\/repdom\/?p=6245"},"modified":"2020-11-25T14:47:24","modified_gmt":"2020-11-25T14:47:24","slug":"fdff-invita-a-atletas-y-tecnicos-a-realizarse-pruebas-pcr-para-deteccion-del-covid-19","status":"publish","type":"post","link":"https:\/\/noti-america.com\/site\/repdom\/2020\/11\/25\/fdff-invita-a-atletas-y-tecnicos-a-realizarse-pruebas-pcr-para-deteccion-del-covid-19\/","title":{"rendered":"FDFF invita a atletas y t\u00e9cnicos a realizarse pruebas PCR para detecci\u00f3n del COVID-19"},"content":{"rendered":"<p class=\"x_gmail-MsoNoSpacing\" style=\"text-align: justify\"><span lang=\"ES-DO\">DISTRITO NACIONAL &#8211;<\/span><span lang=\"ES-DO\"> La Federaci\u00f3n Dominicana de Fisicoculturismo y Fitness (FDFF) sostuvo el pasado domingo un encuentro con atletas, jueces, t\u00e9cnicos, entrenadores y dem\u00e1s personal que participar\u00e1 en el 47mo Campeonato Centroamericano y del Caribe de ese deporte y les invit\u00f3 para que el pr\u00f3ximo s\u00e1bado se realicen la prueba PCR para detectar el COVID-19.<\/span><\/p>\n<p class=\"x_gmail-MsoNoSpacing\" style=\"text-align: justify\"><span lang=\"ES-DO\">Las referidas pruebas se realizar\u00e1n de manera obligatoria para poder participar en el evento, el pr\u00f3ximo s\u00e1bado de nueve de la ma\u00f1ana a una de la tarde, en el pabell\u00f3n de karate, del Centro Ol\u00edmpico Juan Pablo Duarte, seg\u00fan dio a conocer el se\u00f1or Tony Pe\u00f1a R., presidente de la FDFF.<\/span><\/p>\n<p class=\"x_gmail-MsoNoSpacing\" style=\"text-align: justify\"><span lang=\"ES-DO\">\u201cTodos los participantes y quienes laborar\u00e1n en la justa internacional deben hacerse la prueba, les invitamos a asistir a las mismas; agradecemos al ministro de deportes, Francisco Camacho, la aceptaci\u00f3n de nuestra solicitud que hicimos a trav\u00e9s del viceministro administrativo de esa instituci\u00f3n, se\u00f1or Franklin de la Mota\u201d, dijo Pe\u00f1a R.<\/span><\/p>\n<p class=\"x_gmail-MsoNoSpacing\" style=\"text-align: justify\"><span lang=\"ES-DO\">Manifest\u00f3 que la actividad cuenta con el apoyo del Ministerio de Salud P\u00fablica, la coordinaci\u00f3n del viceministro de provincias doctor Fernando Ure\u00f1a y su personal.<\/span><\/p>\n<p class=\"x_gmail-MsoNoSpacing\" style=\"text-align: justify\"><span lang=\"ES-DO\">Por otra parte, en lo que se refiere al encuentro del pasado domingo con miras al 47mo Campeonato Centroamericano y del Caribe de ese deporte, a realizarse del 3 al 7 de diciembre en el hotel Jaragua, el mismo fue realizado en el techado Pro Gym, de Plaza Luper\u00f3n, en la capital dominicana.<\/span><\/p>\n<p class=\"x_gmail-MsoNoSpacing\" style=\"text-align: justify\"><span lang=\"ES-DO\">All\u00ed el se\u00f1or Pe\u00f1a R. dio la bienvenida y adem\u00e1s exhort\u00f3 a los participantes a cumplir con el reglamento y protocolo de rigor, tanto de competencia como para protegerse del COVID-19.<\/span><\/p>\n<p class=\"x_gmail-MsoNoSpacing\" style=\"text-align: justify\"><span lang=\"ES-DO\">Los atletas dominicanos y extranjeros residentes en el pa\u00eds con tiempo suficiente para conformar la selecci\u00f3n local, fueron inscritos por el coordinador de la misma, se\u00f1or F\u00e9lix Batista Ger\u00f3nimo Jr, tambi\u00e9n participaron, t\u00e9cnicos, entrenadores, jueces y federados.<\/span><\/p>\n<p class=\"x_gmail-MsoNoSpacing\" style=\"text-align: justify\"><span lang=\"ES-DO\">Se habl\u00f3 entre otras cosas, de particularidades y diferencias entre categor\u00edas, indumentarias y requisitos para el evento, de COVID-19 y protocolo general, comportamiento de los atletas en backstage, expedici\u00f3n de tarjetas y actualizaci\u00f3n de membres\u00eda FDFF.<\/span><\/p>\n<p class=\"x_gmail-MsoNoSpacing\" style=\"text-align: justify\"><span lang=\"ES-DO\">Adem\u00e1s de los mencionados, hablaron los se\u00f1ores, doctores Jos\u00e9 Mej\u00eda <\/span><span lang=\"ES-DO\">y Yoesly Ferm\u00edn M\u00e9ndez, as\u00ed como Juan Carlos Ferreira y Ronny L\u00f3pez.<\/span><\/p>\n<p style=\"text-align: justify\"><strong>Fuente: Oscar Polanco<\/strong><\/p>\n","protected":false},"excerpt":{"rendered":"<p>DISTRITO NACIONAL &#8211; La Federaci\u00f3n Dominicana de Fisicoculturismo y Fitness (FDFF) sostuvo el pasado domingo un encuentro con atletas, jueces, t\u00e9cnicos, entrenadores y dem\u00e1s personal que participar\u00e1 en el 47mo Campeonato Centroamericano y del&#46;&#46;&#46;<\/p>\n","protected":false},"author":89,"featured_media":6246,"comment_status":"open","ping_status":"open","sticky":false,"template":"","format":"standard","meta":{"_acf_changed":false,"rop_custom_images_group":[],"rop_custom_messages_group":[],"rop_publish_now":"initial","rop_publish_now_accounts":[],"rop_publish_now_history":[],"rop_publish_now_status":"pending","footnotes":""},"categories":[16],"tags":[536,115,535,138,336],"class_list":["post-6245","post","type-post","status-publish","format-standard","has-post-thumbnail","hentry","category-deportes","tag-campeonato-centroamericano-y-del-caribe","tag-covid-19","tag-federacion-dominicana-de-fisiculturismo-y-fitness","tag-ministerio-de-deportes","tag-ministerio-de-salud-publica"],"acf":[],"yoast_head":"<!-- This site is optimized with the Yoast SEO Premium plugin v24.9 (Yoast SEO v27.2) - https:\/\/yoast.com\/product\/yoast-seo-premium-wordpress\/ -->\n<title>FDFF invita a atletas y t\u00e9cnicos a realizarse pruebas PCR para detecci\u00f3n del COVID-19 - Rep. Dominicana | Noti-America.com<\/title>\n<meta name=\"robots\" content=\"index, follow, max-snippet:-1, max-image-preview:large, max-video-preview:-1\" \/>\n<link rel=\"canonical\" href=\"https:\/\/noti-america.com\/site\/repdom\/2020\/11\/25\/fdff-invita-a-atletas-y-tecnicos-a-realizarse-pruebas-pcr-para-deteccion-del-covid-19\/\" \/>\n<meta property=\"og:locale\" content=\"es_ES\" \/>\n<meta property=\"og:type\" content=\"article\" \/>\n<meta property=\"og:title\" content=\"FDFF invita a atletas y t\u00e9cnicos a realizarse pruebas PCR para detecci\u00f3n del COVID-19\" \/>\n<meta property=\"og:description\" content=\"DISTRITO NACIONAL &#8211; La Federaci\u00f3n Dominicana de Fisicoculturismo y Fitness (FDFF) sostuvo el pasado domingo un encuentro con atletas, jueces, t\u00e9cnicos, entrenadores y dem\u00e1s personal que participar\u00e1 en el 47mo Campeonato Centroamericano y del&#046;&#046;&#046;\" \/>\n<meta property=\"og:url\" content=\"https:\/\/noti-america.com\/site\/repdom\/2020\/11\/25\/fdff-invita-a-atletas-y-tecnicos-a-realizarse-pruebas-pcr-para-deteccion-del-covid-19\/\" \/>\n<meta property=\"og:site_name\" content=\"Rep. Dominicana | Noti-America.com\" \/>\n<meta property=\"article:published_time\" content=\"2020-11-25T14:47:24+00:00\" \/>\n<meta property=\"og:image\" content=\"https:\/\/noti-america.com\/site\/repdom\/wp-content\/uploads\/sites\/6\/2020\/11\/FDFF.jpg\" \/>\n\t<meta property=\"og:image:width\" content=\"1138\" \/>\n\t<meta property=\"og:image:height\" content=\"345\" \/>\n\t<meta property=\"og:image:type\" content=\"image\/jpeg\" \/>\n<meta name=\"author\" content=\"Ad\u00e1n Soriano\" \/>\n<meta name=\"twitter:card\" content=\"summary_large_image\" \/>\n<meta name=\"twitter:creator\" content=\"@adansoriano\" \/>\n<meta name=\"twitter:label1\" content=\"Escrito por\" \/>\n\t<meta name=\"twitter:data1\" content=\"Ad\u00e1n Soriano\" \/>\n\t<meta name=\"twitter:label2\" content=\"Tiempo estimado de lectura\" \/>\n\t<meta name=\"twitter:data2\" content=\"2 minutos\" \/>\n<script type=\"application\/ld+json\" class=\"yoast-schema-graph\">{\"@context\":\"https:\/\/schema.org\",\"@graph\":[{\"@type\":\"Article\",\"@id\":\"https:\/\/noti-america.com\/site\/repdom\/2020\/11\/25\/fdff-invita-a-atletas-y-tecnicos-a-realizarse-pruebas-pcr-para-deteccion-del-covid-19\/#article\",\"isPartOf\":{\"@id\":\"https:\/\/noti-america.com\/site\/repdom\/2020\/11\/25\/fdff-invita-a-atletas-y-tecnicos-a-realizarse-pruebas-pcr-para-deteccion-del-covid-19\/\"},\"author\":{\"name\":\"Ad\u00e1n Soriano\",\"@id\":\"https:\/\/noti-america.com\/site\/repdom\/#\/schema\/person\/fd0092c1530d275fabaa5cffcbc2b976\"},\"headline\":\"FDFF invita a atletas y t\u00e9cnicos a realizarse pruebas PCR para detecci\u00f3n del COVID-19\",\"datePublished\":\"2020-11-25T14:47:24+00:00\",\"mainEntityOfPage\":{\"@id\":\"https:\/\/noti-america.com\/site\/repdom\/2020\/11\/25\/fdff-invita-a-atletas-y-tecnicos-a-realizarse-pruebas-pcr-para-deteccion-del-covid-19\/\"},\"wordCount\":422,\"commentCount\":0,\"publisher\":{\"@id\":\"https:\/\/noti-america.com\/site\/repdom\/#organization\"},\"image\":{\"@id\":\"https:\/\/noti-america.com\/site\/repdom\/2020\/11\/25\/fdff-invita-a-atletas-y-tecnicos-a-realizarse-pruebas-pcr-para-deteccion-del-covid-19\/#primaryimage\"},\"thumbnailUrl\":\"https:\/\/noti-america.com\/site\/repdom\/wp-content\/uploads\/sites\/6\/2020\/11\/FDFF.jpg\",\"keywords\":[\"Campeonato Centroamericano y del Caribe\",\"covid-19\",\"Federaci\u00f3n Dominicana de Fisiculturismo y Fitness\",\"Ministerio de Deportes\",\"Ministerio de Salud P\u00fablica\"],\"articleSection\":[\"Deportes\"],\"inLanguage\":\"es\",\"potentialAction\":[{\"@type\":\"CommentAction\",\"name\":\"Comment\",\"target\":[\"https:\/\/noti-america.com\/site\/repdom\/2020\/11\/25\/fdff-invita-a-atletas-y-tecnicos-a-realizarse-pruebas-pcr-para-deteccion-del-covid-19\/#respond\"]}]},{\"@type\":\"WebPage\",\"@id\":\"https:\/\/noti-america.com\/site\/repdom\/2020\/11\/25\/fdff-invita-a-atletas-y-tecnicos-a-realizarse-pruebas-pcr-para-deteccion-del-covid-19\/\",\"url\":\"https:\/\/noti-america.com\/site\/repdom\/2020\/11\/25\/fdff-invita-a-atletas-y-tecnicos-a-realizarse-pruebas-pcr-para-deteccion-del-covid-19\/\",\"name\":\"FDFF invita a atletas y t\u00e9cnicos a realizarse pruebas PCR para detecci\u00f3n del COVID-19 - Rep. Dominicana | Noti-America.com\",\"isPartOf\":{\"@id\":\"https:\/\/noti-america.com\/site\/repdom\/#website\"},\"primaryImageOfPage\":{\"@id\":\"https:\/\/noti-america.com\/site\/repdom\/2020\/11\/25\/fdff-invita-a-atletas-y-tecnicos-a-realizarse-pruebas-pcr-para-deteccion-del-covid-19\/#primaryimage\"},\"image\":{\"@id\":\"https:\/\/noti-america.com\/site\/repdom\/2020\/11\/25\/fdff-invita-a-atletas-y-tecnicos-a-realizarse-pruebas-pcr-para-deteccion-del-covid-19\/#primaryimage\"},\"thumbnailUrl\":\"https:\/\/noti-america.com\/site\/repdom\/wp-content\/uploads\/sites\/6\/2020\/11\/FDFF.jpg\",\"datePublished\":\"2020-11-25T14:47:24+00:00\",\"breadcrumb\":{\"@id\":\"https:\/\/noti-america.com\/site\/repdom\/2020\/11\/25\/fdff-invita-a-atletas-y-tecnicos-a-realizarse-pruebas-pcr-para-deteccion-del-covid-19\/#breadcrumb\"},\"inLanguage\":\"es\",\"potentialAction\":[{\"@type\":\"ReadAction\",\"target\":[\"https:\/\/noti-america.com\/site\/repdom\/2020\/11\/25\/fdff-invita-a-atletas-y-tecnicos-a-realizarse-pruebas-pcr-para-deteccion-del-covid-19\/\"]}]},{\"@type\":\"ImageObject\",\"inLanguage\":\"es\",\"@id\":\"https:\/\/noti-america.com\/site\/repdom\/2020\/11\/25\/fdff-invita-a-atletas-y-tecnicos-a-realizarse-pruebas-pcr-para-deteccion-del-covid-19\/#primaryimage\",\"url\":\"https:\/\/noti-america.com\/site\/repdom\/wp-content\/uploads\/sites\/6\/2020\/11\/FDFF.jpg\",\"contentUrl\":\"https:\/\/noti-america.com\/site\/repdom\/wp-content\/uploads\/sites\/6\/2020\/11\/FDFF.jpg\",\"width\":1138,\"height\":345},{\"@type\":\"BreadcrumbList\",\"@id\":\"https:\/\/noti-america.com\/site\/repdom\/2020\/11\/25\/fdff-invita-a-atletas-y-tecnicos-a-realizarse-pruebas-pcr-para-deteccion-del-covid-19\/#breadcrumb\",\"itemListElement\":[{\"@type\":\"ListItem\",\"position\":1,\"name\":\"Portada\",\"item\":\"https:\/\/noti-america.com\/site\/repdom\/\"},{\"@type\":\"ListItem\",\"position\":2,\"name\":\"FDFF invita a atletas y t\u00e9cnicos a realizarse pruebas PCR para detecci\u00f3n del COVID-19\"}]},{\"@type\":\"WebSite\",\"@id\":\"https:\/\/noti-america.com\/site\/repdom\/#website\",\"url\":\"https:\/\/noti-america.com\/site\/repdom\/\",\"name\":\"Rep. Dominicana | Noti-America.com\",\"description\":\"\",\"publisher\":{\"@id\":\"https:\/\/noti-america.com\/site\/repdom\/#organization\"},\"potentialAction\":[{\"@type\":\"SearchAction\",\"target\":{\"@type\":\"EntryPoint\",\"urlTemplate\":\"https:\/\/noti-america.com\/site\/repdom\/?s={search_term_string}\"},\"query-input\":{\"@type\":\"PropertyValueSpecification\",\"valueRequired\":true,\"valueName\":\"search_term_string\"}}],\"inLanguage\":\"es\"},{\"@type\":\"Organization\",\"@id\":\"https:\/\/noti-america.com\/site\/repdom\/#organization\",\"name\":\"Noti-America LLC | Rep\u00fablica Dominicana\",\"url\":\"https:\/\/noti-america.com\/site\/repdom\/\",\"logo\":{\"@type\":\"ImageObject\",\"inLanguage\":\"es\",\"@id\":\"https:\/\/noti-america.com\/site\/repdom\/#\/schema\/logo\/image\/\",\"url\":\"https:\/\/noti-america.com\/site\/repdom\/wp-content\/uploads\/sites\/6\/2020\/07\/LogoNA-4x3-1.jpg\",\"contentUrl\":\"https:\/\/noti-america.com\/site\/repdom\/wp-content\/uploads\/sites\/6\/2020\/07\/LogoNA-4x3-1.jpg\",\"width\":1236,\"height\":1080,\"caption\":\"Noti-America LLC | Rep\u00fablica Dominicana\"},\"image\":{\"@id\":\"https:\/\/noti-america.com\/site\/repdom\/#\/schema\/logo\/image\/\"}},{\"@type\":\"Person\",\"@id\":\"https:\/\/noti-america.com\/site\/repdom\/#\/schema\/person\/fd0092c1530d275fabaa5cffcbc2b976\",\"name\":\"Ad\u00e1n Soriano\",\"image\":{\"@type\":\"ImageObject\",\"inLanguage\":\"es\",\"@id\":\"https:\/\/secure.gravatar.com\/avatar\/ecf97ff3aee7ff9efdae670d7e976f3e7e8acc1077e510d73707999a8bfd4467?s=96&d=mm&r=g\",\"url\":\"https:\/\/secure.gravatar.com\/avatar\/ecf97ff3aee7ff9efdae670d7e976f3e7e8acc1077e510d73707999a8bfd4467?s=96&d=mm&r=g\",\"contentUrl\":\"https:\/\/secure.gravatar.com\/avatar\/ecf97ff3aee7ff9efdae670d7e976f3e7e8acc1077e510d73707999a8bfd4467?s=96&d=mm&r=g\",\"caption\":\"Ad\u00e1n Soriano\"},\"description\":\"Soy cronista deportivo con 10 a\u00f1os de experiencia en varios espacios, y conduzco el podcast deportivo llamado Mezcla Deportiva\",\"sameAs\":[\"https:\/\/x.com\/adansoriano\"],\"url\":\"https:\/\/noti-america.com\/site\/repdom\/author\/asoriano\/\"}]}<\/script>\n<!-- \/ Yoast SEO Premium plugin. -->","yoast_head_json":{"title":"FDFF invita a atletas y t\u00e9cnicos a realizarse pruebas PCR para detecci\u00f3n del COVID-19 - Rep. Dominicana | Noti-America.com","robots":{"index":"index","follow":"follow","max-snippet":"max-snippet:-1","max-image-preview":"max-image-preview:large","max-video-preview":"max-video-preview:-1"},"canonical":"https:\/\/noti-america.com\/site\/repdom\/2020\/11\/25\/fdff-invita-a-atletas-y-tecnicos-a-realizarse-pruebas-pcr-para-deteccion-del-covid-19\/","og_locale":"es_ES","og_type":"article","og_title":"FDFF invita a atletas y t\u00e9cnicos a realizarse pruebas PCR para detecci\u00f3n del COVID-19","og_description":"DISTRITO NACIONAL &#8211; La Federaci\u00f3n Dominicana de Fisicoculturismo y Fitness (FDFF) sostuvo el pasado domingo un encuentro con atletas, jueces, t\u00e9cnicos, entrenadores y dem\u00e1s personal que participar\u00e1 en el 47mo Campeonato Centroamericano y del&#46;&#46;&#46;","og_url":"https:\/\/noti-america.com\/site\/repdom\/2020\/11\/25\/fdff-invita-a-atletas-y-tecnicos-a-realizarse-pruebas-pcr-para-deteccion-del-covid-19\/","og_site_name":"Rep. Dominicana | Noti-America.com","article_published_time":"2020-11-25T14:47:24+00:00","og_image":[{"width":1138,"height":345,"url":"https:\/\/noti-america.com\/site\/repdom\/wp-content\/uploads\/sites\/6\/2020\/11\/FDFF.jpg","type":"image\/jpeg"}],"author":"Ad\u00e1n Soriano","twitter_card":"summary_large_image","twitter_creator":"@adansoriano","twitter_misc":{"Escrito por":"Ad\u00e1n Soriano","Tiempo estimado de lectura":"2 minutos"},"schema":{"@context":"https:\/\/schema.org","@graph":[{"@type":"Article","@id":"https:\/\/noti-america.com\/site\/repdom\/2020\/11\/25\/fdff-invita-a-atletas-y-tecnicos-a-realizarse-pruebas-pcr-para-deteccion-del-covid-19\/#article","isPartOf":{"@id":"https:\/\/noti-america.com\/site\/repdom\/2020\/11\/25\/fdff-invita-a-atletas-y-tecnicos-a-realizarse-pruebas-pcr-para-deteccion-del-covid-19\/"},"author":{"name":"Ad\u00e1n Soriano","@id":"https:\/\/noti-america.com\/site\/repdom\/#\/schema\/person\/fd0092c1530d275fabaa5cffcbc2b976"},"headline":"FDFF invita a atletas y t\u00e9cnicos a realizarse pruebas PCR para detecci\u00f3n del COVID-19","datePublished":"2020-11-25T14:47:24+00:00","mainEntityOfPage":{"@id":"https:\/\/noti-america.com\/site\/repdom\/2020\/11\/25\/fdff-invita-a-atletas-y-tecnicos-a-realizarse-pruebas-pcr-para-deteccion-del-covid-19\/"},"wordCount":422,"commentCount":0,"publisher":{"@id":"https:\/\/noti-america.com\/site\/repdom\/#organization"},"image":{"@id":"https:\/\/noti-america.com\/site\/repdom\/2020\/11\/25\/fdff-invita-a-atletas-y-tecnicos-a-realizarse-pruebas-pcr-para-deteccion-del-covid-19\/#primaryimage"},"thumbnailUrl":"https:\/\/noti-america.com\/site\/repdom\/wp-content\/uploads\/sites\/6\/2020\/11\/FDFF.jpg","keywords":["Campeonato Centroamericano y del Caribe","covid-19","Federaci\u00f3n Dominicana de Fisiculturismo y Fitness","Ministerio de Deportes","Ministerio de Salud P\u00fablica"],"articleSection":["Deportes"],"inLanguage":"es","potentialAction":[{"@type":"CommentAction","name":"Comment","target":["https:\/\/noti-america.com\/site\/repdom\/2020\/11\/25\/fdff-invita-a-atletas-y-tecnicos-a-realizarse-pruebas-pcr-para-deteccion-del-covid-19\/#respond"]}]},{"@type":"WebPage","@id":"https:\/\/noti-america.com\/site\/repdom\/2020\/11\/25\/fdff-invita-a-atletas-y-tecnicos-a-realizarse-pruebas-pcr-para-deteccion-del-covid-19\/","url":"https:\/\/noti-america.com\/site\/repdom\/2020\/11\/25\/fdff-invita-a-atletas-y-tecnicos-a-realizarse-pruebas-pcr-para-deteccion-del-covid-19\/","name":"FDFF invita a atletas y t\u00e9cnicos a realizarse pruebas PCR para detecci\u00f3n del COVID-19 - Rep. Dominicana | Noti-America.com","isPartOf":{"@id":"https:\/\/noti-america.com\/site\/repdom\/#website"},"primaryImageOfPage":{"@id":"https:\/\/noti-america.com\/site\/repdom\/2020\/11\/25\/fdff-invita-a-atletas-y-tecnicos-a-realizarse-pruebas-pcr-para-deteccion-del-covid-19\/#primaryimage"},"image":{"@id":"https:\/\/noti-america.com\/site\/repdom\/2020\/11\/25\/fdff-invita-a-atletas-y-tecnicos-a-realizarse-pruebas-pcr-para-deteccion-del-covid-19\/#primaryimage"},"thumbnailUrl":"https:\/\/noti-america.com\/site\/repdom\/wp-content\/uploads\/sites\/6\/2020\/11\/FDFF.jpg","datePublished":"2020-11-25T14:47:24+00:00","breadcrumb":{"@id":"https:\/\/noti-america.com\/site\/repdom\/2020\/11\/25\/fdff-invita-a-atletas-y-tecnicos-a-realizarse-pruebas-pcr-para-deteccion-del-covid-19\/#breadcrumb"},"inLanguage":"es","potentialAction":[{"@type":"ReadAction","target":["https:\/\/noti-america.com\/site\/repdom\/2020\/11\/25\/fdff-invita-a-atletas-y-tecnicos-a-realizarse-pruebas-pcr-para-deteccion-del-covid-19\/"]}]},{"@type":"ImageObject","inLanguage":"es","@id":"https:\/\/noti-america.com\/site\/repdom\/2020\/11\/25\/fdff-invita-a-atletas-y-tecnicos-a-realizarse-pruebas-pcr-para-deteccion-del-covid-19\/#primaryimage","url":"https:\/\/noti-america.com\/site\/repdom\/wp-content\/uploads\/sites\/6\/2020\/11\/FDFF.jpg","contentUrl":"https:\/\/noti-america.com\/site\/repdom\/wp-content\/uploads\/sites\/6\/2020\/11\/FDFF.jpg","width":1138,"height":345},{"@type":"BreadcrumbList","@id":"https:\/\/noti-america.com\/site\/repdom\/2020\/11\/25\/fdff-invita-a-atletas-y-tecnicos-a-realizarse-pruebas-pcr-para-deteccion-del-covid-19\/#breadcrumb","itemListElement":[{"@type":"ListItem","position":1,"name":"Portada","item":"https:\/\/noti-america.com\/site\/repdom\/"},{"@type":"ListItem","position":2,"name":"FDFF invita a atletas y t\u00e9cnicos a realizarse pruebas PCR para detecci\u00f3n del COVID-19"}]},{"@type":"WebSite","@id":"https:\/\/noti-america.com\/site\/repdom\/#website","url":"https:\/\/noti-america.com\/site\/repdom\/","name":"Rep. Dominicana | Noti-America.com","description":"","publisher":{"@id":"https:\/\/noti-america.com\/site\/repdom\/#organization"},"potentialAction":[{"@type":"SearchAction","target":{"@type":"EntryPoint","urlTemplate":"https:\/\/noti-america.com\/site\/repdom\/?s={search_term_string}"},"query-input":{"@type":"PropertyValueSpecification","valueRequired":true,"valueName":"search_term_string"}}],"inLanguage":"es"},{"@type":"Organization","@id":"https:\/\/noti-america.com\/site\/repdom\/#organization","name":"Noti-America LLC | Rep\u00fablica Dominicana","url":"https:\/\/noti-america.com\/site\/repdom\/","logo":{"@type":"ImageObject","inLanguage":"es","@id":"https:\/\/noti-america.com\/site\/repdom\/#\/schema\/logo\/image\/","url":"https:\/\/noti-america.com\/site\/repdom\/wp-content\/uploads\/sites\/6\/2020\/07\/LogoNA-4x3-1.jpg","contentUrl":"https:\/\/noti-america.com\/site\/repdom\/wp-content\/uploads\/sites\/6\/2020\/07\/LogoNA-4x3-1.jpg","width":1236,"height":1080,"caption":"Noti-America LLC | Rep\u00fablica Dominicana"},"image":{"@id":"https:\/\/noti-america.com\/site\/repdom\/#\/schema\/logo\/image\/"}},{"@type":"Person","@id":"https:\/\/noti-america.com\/site\/repdom\/#\/schema\/person\/fd0092c1530d275fabaa5cffcbc2b976","name":"Ad\u00e1n Soriano","image":{"@type":"ImageObject","inLanguage":"es","@id":"https:\/\/secure.gravatar.com\/avatar\/ecf97ff3aee7ff9efdae670d7e976f3e7e8acc1077e510d73707999a8bfd4467?s=96&d=mm&r=g","url":"https:\/\/secure.gravatar.com\/avatar\/ecf97ff3aee7ff9efdae670d7e976f3e7e8acc1077e510d73707999a8bfd4467?s=96&d=mm&r=g","contentUrl":"https:\/\/secure.gravatar.com\/avatar\/ecf97ff3aee7ff9efdae670d7e976f3e7e8acc1077e510d73707999a8bfd4467?s=96&d=mm&r=g","caption":"Ad\u00e1n Soriano"},"description":"Soy cronista deportivo con 10 a\u00f1os de experiencia en varios espacios, y conduzco el podcast deportivo llamado Mezcla Deportiva","sameAs":["https:\/\/x.com\/adansoriano"],"url":"https:\/\/noti-america.com\/site\/repdom\/author\/asoriano\/"}]}},"_links":{"self":[{"href":"https:\/\/noti-america.com\/site\/repdom\/wp-json\/wp\/v2\/posts\/6245","targetHints":{"allow":["GET"]}}],"collection":[{"href":"https:\/\/noti-america.com\/site\/repdom\/wp-json\/wp\/v2\/posts"}],"about":[{"href":"https:\/\/noti-america.com\/site\/repdom\/wp-json\/wp\/v2\/types\/post"}],"author":[{"embeddable":true,"href":"https:\/\/noti-america.com\/site\/repdom\/wp-json\/wp\/v2\/users\/89"}],"replies":[{"embeddable":true,"href":"https:\/\/noti-america.com\/site\/repdom\/wp-json\/wp\/v2\/comments?post=6245"}],"version-history":[{"count":1,"href":"https:\/\/noti-america.com\/site\/repdom\/wp-json\/wp\/v2\/posts\/6245\/revisions"}],"predecessor-version":[{"id":6247,"href":"https:\/\/noti-america.com\/site\/repdom\/wp-json\/wp\/v2\/posts\/6245\/revisions\/6247"}],"wp:featuredmedia":[{"embeddable":true,"href":"https:\/\/noti-america.com\/site\/repdom\/wp-json\/wp\/v2\/media\/6246"}],"wp:attachment":[{"href":"https:\/\/noti-america.com\/site\/repdom\/wp-json\/wp\/v2\/media?parent=6245"}],"wp:term":[{"taxonomy":"category","embeddable":true,"href":"https:\/\/noti-america.com\/site\/repdom\/wp-json\/wp\/v2\/categories?post=6245"},{"taxonomy":"post_tag","embeddable":true,"href":"https:\/\/noti-america.com\/site\/repdom\/wp-json\/wp\/v2\/tags?post=6245"}],"curies":[{"name":"wp","href":"https:\/\/api.w.org\/{rel}","templated":true}]}}