{"id":6170,"date":"2020-11-24T02:48:12","date_gmt":"2020-11-24T02:48:12","guid":{"rendered":"https:\/\/noti-america.com\/site\/repdom\/?p=6170"},"modified":"2020-11-24T02:48:12","modified_gmt":"2020-11-24T02:48:12","slug":"escuela-de-letras-de-la-uasd-presenta-revista-cientifica","status":"publish","type":"post","link":"https:\/\/noti-america.com\/site\/repdom\/2020\/11\/24\/escuela-de-letras-de-la-uasd-presenta-revista-cientifica\/","title":{"rendered":"Escuela de Letras de la UASD presenta revista cient\u00edfica"},"content":{"rendered":"<p><img loading=\"lazy\" decoding=\"async\" class=\"\" src=\"https:\/\/hoy.com.do\/wp-content\/uploads\/2020\/11\/WhatsApp-Image-2020-11-23-at-7.20.01-AM-1068x1072.jpeg\" width=\"399\" height=\"401\" \/><\/p>\n<p style=\"text-align: justify\"><em><strong>NOTI-AMERICA REPUBLICA DOMINICANA\u00a0<\/strong><\/em><\/p>\n<p style=\"text-align: justify\"><strong>Santo Domingo.-<\/strong>El director de la Escuela de Letras de la Universidad Aut\u00f3noma de Santo Domingo (UASD) , doctor Gerardo Roa Ogando, dio a conocer el acto de presentaci\u00f3n del tercer volumen de la revista: \u201cEnfoques: Anuario de investigaci\u00f3n ling\u00fc\u00edstica y literaria\u201d, el cual cuenta con cuatro indexaciones internacionales.<\/p>\n<p style=\"text-align: justify\">Se trata del \u00f3rgano de difusi\u00f3n del conocimiento ling\u00fc\u00edstico y literario de la escuela y del Instituto de Investigaci\u00f3n Ling\u00fc\u00edstica y Literaria que dirige la profesora Mar\u00eda Virtudes N\u00fa\u00f1ez Fidalgo en la Facultad de Humanidades de esa casa de altos estudios.<\/p>\n<div class=\"td_block_wrap tdb_single_content tdi_132_8fa td-pb-border-top td_block_template_9 td-post-content tagdiv-type\" style=\"text-align: justify\" data-td-block-uid=\"tdi_132_8fa\">\n<div class=\"tdb-block-inner td-fix-index\">\n<p>Esta tercera entrega cuenta con diecinueve colaboraciones nacionales e internacionales, entre las que destacan las \u00e1reas de ling\u00fc\u00edstica, literatura, cultura dominicana y caribe\u00f1a, an\u00e1lisis del discurso, ling\u00fc\u00edstica aplicada y ensayos sobre la did\u00e1ctica de la lengua y la literatura. En esta ocasi\u00f3n, se presentan trabajos de investigadores de M\u00e9xico, Colombia, Argentina, Puerto Rico, Cameroon y Rep\u00fablica Dominicana.<\/p>\n<p>Seg\u00fan el director de la Escuela de Letras, Dr. Gerardo Roa Ogando, los profesores participantes en este n\u00famero son: Merlyn de la Cruz, Faustino Medina, Pr\u00e1xedes Olivero, Mar\u00eda Virtudes N\u00fa\u00f1ez, Riselda Perdomo, Ruth Cuevas, Pedro Antonio Valdez, Carlos Ruiz-Matuk, Denisse Marmolejos, Ingrid Moncluz, Yonny Mu\u00f1oz, Cristal P\u00e9rez, Olfir Guzm\u00e1n, Gerardo Roa, y Odal\u00eds P\u00e9rez; Camilo Enrique D\u00edaz, Jairo Eduardo Soto, Milys Karina Rodelo Molina, Zacharie Hatolong y Rosa Esther Berroa. La edici\u00f3n de la revista corresponde al profesor Orlando Mu\u00f1oz Pineda.<\/p>\n<p>La revista es editada anualmente por UASD a trav\u00e9s de la Facultad de Humanidades y\u00a0figura en la base de datos electr\u00f3nicos de Latindex, Actualidad Iberoamericana, Infoling, Lingmex y en la base de datos de revistas cient\u00edficas de la UASD.<\/p>\n<p>El acto ser\u00e1 realizado el mi\u00e9rcoles 25 de noviembre de 2020 a las seis de la tarde a trav\u00e9s de la aplicaci\u00f3n Zoom. Asimismo, ser\u00e1 retransmitido a trav\u00e9s del Facebook live: @Gerardo Roa Ogando.<\/p>\n<p>Fuente: Hoy.<\/p>\n<\/div>\n<\/div>\n<div class=\"td-block td-a-rec td-a-rec-id-custom-spot tdi_133_a7a td_block_template_9\" style=\"text-align: justify\"><\/div>\n","protected":false},"excerpt":{"rendered":"<p>NOTI-AMERICA REPUBLICA DOMINICANA\u00a0 Santo Domingo.-El director de la Escuela de Letras de la Universidad Aut\u00f3noma de Santo Domingo (UASD) , doctor Gerardo Roa Ogando, dio a conocer el acto de presentaci\u00f3n del tercer volumen&#46;&#46;&#46;<\/p>\n","protected":false},"author":92,"featured_media":0,"comment_status":"open","ping_status":"open","sticky":false,"template":"","format":"image","meta":{"_acf_changed":false,"rop_custom_images_group":[],"rop_custom_messages_group":[],"rop_publish_now":"initial","rop_publish_now_accounts":[],"rop_publish_now_history":[],"rop_publish_now_status":"pending","footnotes":""},"categories":[277],"tags":[],"class_list":["post-6170","post","type-post","status-publish","format-image","hentry","category-acturalidad","post_format-post-format-image"],"acf":[],"yoast_head":"<!-- This site is optimized with the Yoast SEO Premium plugin v24.9 (Yoast SEO v27.2) - https:\/\/yoast.com\/product\/yoast-seo-premium-wordpress\/ -->\n<title>Escuela de Letras de la UASD presenta revista cient\u00edfica - Rep. Dominicana | Noti-America.com<\/title>\n<meta name=\"robots\" content=\"index, follow, max-snippet:-1, max-image-preview:large, max-video-preview:-1\" \/>\n<link rel=\"canonical\" href=\"https:\/\/noti-america.com\/site\/repdom\/2020\/11\/24\/escuela-de-letras-de-la-uasd-presenta-revista-cientifica\/\" \/>\n<meta property=\"og:locale\" content=\"es_ES\" \/>\n<meta property=\"og:type\" content=\"article\" \/>\n<meta property=\"og:title\" content=\"Escuela de Letras de la UASD presenta revista cient\u00edfica\" \/>\n<meta property=\"og:description\" content=\"NOTI-AMERICA REPUBLICA DOMINICANA\u00a0 Santo Domingo.-El director de la Escuela de Letras de la Universidad Aut\u00f3noma de Santo Domingo (UASD) , doctor Gerardo Roa Ogando, dio a conocer el acto de presentaci\u00f3n del tercer volumen&#046;&#046;&#046;\" \/>\n<meta property=\"og:url\" content=\"https:\/\/noti-america.com\/site\/repdom\/2020\/11\/24\/escuela-de-letras-de-la-uasd-presenta-revista-cientifica\/\" \/>\n<meta property=\"og:site_name\" content=\"Rep. Dominicana | Noti-America.com\" \/>\n<meta property=\"article:published_time\" content=\"2020-11-24T02:48:12+00:00\" \/>\n<meta property=\"og:image\" content=\"https:\/\/hoy.com.do\/wp-content\/uploads\/2020\/11\/WhatsApp-Image-2020-11-23-at-7.20.01-AM-1068x1072.jpeg\" \/>\n<meta name=\"author\" content=\"Sueanny Guzm\u00e1n\" \/>\n<meta name=\"twitter:card\" content=\"summary_large_image\" \/>\n<meta name=\"twitter:creator\" content=\"@sueannyguzmanrd\" \/>\n<meta name=\"twitter:label1\" content=\"Escrito por\" \/>\n\t<meta name=\"twitter:data1\" content=\"Sueanny Guzm\u00e1n\" \/>\n\t<meta name=\"twitter:label2\" content=\"Tiempo estimado de lectura\" \/>\n\t<meta name=\"twitter:data2\" content=\"2 minutos\" \/>\n<script type=\"application\/ld+json\" class=\"yoast-schema-graph\">{\"@context\":\"https:\/\/schema.org\",\"@graph\":[{\"@type\":\"Article\",\"@id\":\"https:\/\/noti-america.com\/site\/repdom\/2020\/11\/24\/escuela-de-letras-de-la-uasd-presenta-revista-cientifica\/#article\",\"isPartOf\":{\"@id\":\"https:\/\/noti-america.com\/site\/repdom\/2020\/11\/24\/escuela-de-letras-de-la-uasd-presenta-revista-cientifica\/\"},\"author\":{\"name\":\"Sueanny Guzm\u00e1n\",\"@id\":\"https:\/\/noti-america.com\/site\/repdom\/#\/schema\/person\/3e41f2e0a88de2dbfa74310de6e08c3b\"},\"headline\":\"Escuela de Letras de la UASD presenta revista cient\u00edfica\",\"datePublished\":\"2020-11-24T02:48:12+00:00\",\"mainEntityOfPage\":{\"@id\":\"https:\/\/noti-america.com\/site\/repdom\/2020\/11\/24\/escuela-de-letras-de-la-uasd-presenta-revista-cientifica\/\"},\"wordCount\":352,\"commentCount\":0,\"publisher\":{\"@id\":\"https:\/\/noti-america.com\/site\/repdom\/#organization\"},\"image\":{\"@id\":\"https:\/\/noti-america.com\/site\/repdom\/2020\/11\/24\/escuela-de-letras-de-la-uasd-presenta-revista-cientifica\/#primaryimage\"},\"thumbnailUrl\":\"https:\/\/hoy.com.do\/wp-content\/uploads\/2020\/11\/WhatsApp-Image-2020-11-23-at-7.20.01-AM-1068x1072.jpeg\",\"articleSection\":[\"Actualidad\"],\"inLanguage\":\"es\",\"potentialAction\":[{\"@type\":\"CommentAction\",\"name\":\"Comment\",\"target\":[\"https:\/\/noti-america.com\/site\/repdom\/2020\/11\/24\/escuela-de-letras-de-la-uasd-presenta-revista-cientifica\/#respond\"]}]},{\"@type\":\"WebPage\",\"@id\":\"https:\/\/noti-america.com\/site\/repdom\/2020\/11\/24\/escuela-de-letras-de-la-uasd-presenta-revista-cientifica\/\",\"url\":\"https:\/\/noti-america.com\/site\/repdom\/2020\/11\/24\/escuela-de-letras-de-la-uasd-presenta-revista-cientifica\/\",\"name\":\"Escuela de Letras de la UASD presenta revista cient\u00edfica - Rep. Dominicana | Noti-America.com\",\"isPartOf\":{\"@id\":\"https:\/\/noti-america.com\/site\/repdom\/#website\"},\"primaryImageOfPage\":{\"@id\":\"https:\/\/noti-america.com\/site\/repdom\/2020\/11\/24\/escuela-de-letras-de-la-uasd-presenta-revista-cientifica\/#primaryimage\"},\"image\":{\"@id\":\"https:\/\/noti-america.com\/site\/repdom\/2020\/11\/24\/escuela-de-letras-de-la-uasd-presenta-revista-cientifica\/#primaryimage\"},\"thumbnailUrl\":\"https:\/\/hoy.com.do\/wp-content\/uploads\/2020\/11\/WhatsApp-Image-2020-11-23-at-7.20.01-AM-1068x1072.jpeg\",\"datePublished\":\"2020-11-24T02:48:12+00:00\",\"breadcrumb\":{\"@id\":\"https:\/\/noti-america.com\/site\/repdom\/2020\/11\/24\/escuela-de-letras-de-la-uasd-presenta-revista-cientifica\/#breadcrumb\"},\"inLanguage\":\"es\",\"potentialAction\":[{\"@type\":\"ReadAction\",\"target\":[\"https:\/\/noti-america.com\/site\/repdom\/2020\/11\/24\/escuela-de-letras-de-la-uasd-presenta-revista-cientifica\/\"]}]},{\"@type\":\"ImageObject\",\"inLanguage\":\"es\",\"@id\":\"https:\/\/noti-america.com\/site\/repdom\/2020\/11\/24\/escuela-de-letras-de-la-uasd-presenta-revista-cientifica\/#primaryimage\",\"url\":\"https:\/\/hoy.com.do\/wp-content\/uploads\/2020\/11\/WhatsApp-Image-2020-11-23-at-7.20.01-AM-1068x1072.jpeg\",\"contentUrl\":\"https:\/\/hoy.com.do\/wp-content\/uploads\/2020\/11\/WhatsApp-Image-2020-11-23-at-7.20.01-AM-1068x1072.jpeg\"},{\"@type\":\"BreadcrumbList\",\"@id\":\"https:\/\/noti-america.com\/site\/repdom\/2020\/11\/24\/escuela-de-letras-de-la-uasd-presenta-revista-cientifica\/#breadcrumb\",\"itemListElement\":[{\"@type\":\"ListItem\",\"position\":1,\"name\":\"Portada\",\"item\":\"https:\/\/noti-america.com\/site\/repdom\/\"},{\"@type\":\"ListItem\",\"position\":2,\"name\":\"Escuela de Letras de la UASD presenta revista cient\u00edfica\"}]},{\"@type\":\"WebSite\",\"@id\":\"https:\/\/noti-america.com\/site\/repdom\/#website\",\"url\":\"https:\/\/noti-america.com\/site\/repdom\/\",\"name\":\"Rep. Dominicana | Noti-America.com\",\"description\":\"\",\"publisher\":{\"@id\":\"https:\/\/noti-america.com\/site\/repdom\/#organization\"},\"potentialAction\":[{\"@type\":\"SearchAction\",\"target\":{\"@type\":\"EntryPoint\",\"urlTemplate\":\"https:\/\/noti-america.com\/site\/repdom\/?s={search_term_string}\"},\"query-input\":{\"@type\":\"PropertyValueSpecification\",\"valueRequired\":true,\"valueName\":\"search_term_string\"}}],\"inLanguage\":\"es\"},{\"@type\":\"Organization\",\"@id\":\"https:\/\/noti-america.com\/site\/repdom\/#organization\",\"name\":\"Noti-America LLC | Rep\u00fablica Dominicana\",\"url\":\"https:\/\/noti-america.com\/site\/repdom\/\",\"logo\":{\"@type\":\"ImageObject\",\"inLanguage\":\"es\",\"@id\":\"https:\/\/noti-america.com\/site\/repdom\/#\/schema\/logo\/image\/\",\"url\":\"https:\/\/noti-america.com\/site\/repdom\/wp-content\/uploads\/sites\/6\/2020\/07\/LogoNA-4x3-1.jpg\",\"contentUrl\":\"https:\/\/noti-america.com\/site\/repdom\/wp-content\/uploads\/sites\/6\/2020\/07\/LogoNA-4x3-1.jpg\",\"width\":1236,\"height\":1080,\"caption\":\"Noti-America LLC | Rep\u00fablica Dominicana\"},\"image\":{\"@id\":\"https:\/\/noti-america.com\/site\/repdom\/#\/schema\/logo\/image\/\"}},{\"@type\":\"Person\",\"@id\":\"https:\/\/noti-america.com\/site\/repdom\/#\/schema\/person\/3e41f2e0a88de2dbfa74310de6e08c3b\",\"name\":\"Sueanny Guzm\u00e1n\",\"image\":{\"@type\":\"ImageObject\",\"inLanguage\":\"es\",\"@id\":\"https:\/\/secure.gravatar.com\/avatar\/743180685ef4657e50d4fb7ec792c2c316119f5a7db45e029570122e8cd05065?s=96&d=mm&r=g\",\"url\":\"https:\/\/secure.gravatar.com\/avatar\/743180685ef4657e50d4fb7ec792c2c316119f5a7db45e029570122e8cd05065?s=96&d=mm&r=g\",\"contentUrl\":\"https:\/\/secure.gravatar.com\/avatar\/743180685ef4657e50d4fb7ec792c2c316119f5a7db45e029570122e8cd05065?s=96&d=mm&r=g\",\"caption\":\"Sueanny Guzm\u00e1n\"},\"sameAs\":[\"https:\/\/x.com\/sueannyguzmanrd\"],\"url\":\"https:\/\/noti-america.com\/site\/repdom\/author\/sguzman\/\"}]}<\/script>\n<!-- \/ Yoast SEO Premium plugin. -->","yoast_head_json":{"title":"Escuela de Letras de la UASD presenta revista cient\u00edfica - Rep. Dominicana | Noti-America.com","robots":{"index":"index","follow":"follow","max-snippet":"max-snippet:-1","max-image-preview":"max-image-preview:large","max-video-preview":"max-video-preview:-1"},"canonical":"https:\/\/noti-america.com\/site\/repdom\/2020\/11\/24\/escuela-de-letras-de-la-uasd-presenta-revista-cientifica\/","og_locale":"es_ES","og_type":"article","og_title":"Escuela de Letras de la UASD presenta revista cient\u00edfica","og_description":"NOTI-AMERICA REPUBLICA DOMINICANA\u00a0 Santo Domingo.-El director de la Escuela de Letras de la Universidad Aut\u00f3noma de Santo Domingo (UASD) , doctor Gerardo Roa Ogando, dio a conocer el acto de presentaci\u00f3n del tercer volumen&#46;&#46;&#46;","og_url":"https:\/\/noti-america.com\/site\/repdom\/2020\/11\/24\/escuela-de-letras-de-la-uasd-presenta-revista-cientifica\/","og_site_name":"Rep. Dominicana | Noti-America.com","article_published_time":"2020-11-24T02:48:12+00:00","og_image":[{"url":"https:\/\/hoy.com.do\/wp-content\/uploads\/2020\/11\/WhatsApp-Image-2020-11-23-at-7.20.01-AM-1068x1072.jpeg","type":"","width":"","height":""}],"author":"Sueanny Guzm\u00e1n","twitter_card":"summary_large_image","twitter_creator":"@sueannyguzmanrd","twitter_misc":{"Escrito por":"Sueanny Guzm\u00e1n","Tiempo estimado de lectura":"2 minutos"},"schema":{"@context":"https:\/\/schema.org","@graph":[{"@type":"Article","@id":"https:\/\/noti-america.com\/site\/repdom\/2020\/11\/24\/escuela-de-letras-de-la-uasd-presenta-revista-cientifica\/#article","isPartOf":{"@id":"https:\/\/noti-america.com\/site\/repdom\/2020\/11\/24\/escuela-de-letras-de-la-uasd-presenta-revista-cientifica\/"},"author":{"name":"Sueanny Guzm\u00e1n","@id":"https:\/\/noti-america.com\/site\/repdom\/#\/schema\/person\/3e41f2e0a88de2dbfa74310de6e08c3b"},"headline":"Escuela de Letras de la UASD presenta revista cient\u00edfica","datePublished":"2020-11-24T02:48:12+00:00","mainEntityOfPage":{"@id":"https:\/\/noti-america.com\/site\/repdom\/2020\/11\/24\/escuela-de-letras-de-la-uasd-presenta-revista-cientifica\/"},"wordCount":352,"commentCount":0,"publisher":{"@id":"https:\/\/noti-america.com\/site\/repdom\/#organization"},"image":{"@id":"https:\/\/noti-america.com\/site\/repdom\/2020\/11\/24\/escuela-de-letras-de-la-uasd-presenta-revista-cientifica\/#primaryimage"},"thumbnailUrl":"https:\/\/hoy.com.do\/wp-content\/uploads\/2020\/11\/WhatsApp-Image-2020-11-23-at-7.20.01-AM-1068x1072.jpeg","articleSection":["Actualidad"],"inLanguage":"es","potentialAction":[{"@type":"CommentAction","name":"Comment","target":["https:\/\/noti-america.com\/site\/repdom\/2020\/11\/24\/escuela-de-letras-de-la-uasd-presenta-revista-cientifica\/#respond"]}]},{"@type":"WebPage","@id":"https:\/\/noti-america.com\/site\/repdom\/2020\/11\/24\/escuela-de-letras-de-la-uasd-presenta-revista-cientifica\/","url":"https:\/\/noti-america.com\/site\/repdom\/2020\/11\/24\/escuela-de-letras-de-la-uasd-presenta-revista-cientifica\/","name":"Escuela de Letras de la UASD presenta revista cient\u00edfica - Rep. Dominicana | Noti-America.com","isPartOf":{"@id":"https:\/\/noti-america.com\/site\/repdom\/#website"},"primaryImageOfPage":{"@id":"https:\/\/noti-america.com\/site\/repdom\/2020\/11\/24\/escuela-de-letras-de-la-uasd-presenta-revista-cientifica\/#primaryimage"},"image":{"@id":"https:\/\/noti-america.com\/site\/repdom\/2020\/11\/24\/escuela-de-letras-de-la-uasd-presenta-revista-cientifica\/#primaryimage"},"thumbnailUrl":"https:\/\/hoy.com.do\/wp-content\/uploads\/2020\/11\/WhatsApp-Image-2020-11-23-at-7.20.01-AM-1068x1072.jpeg","datePublished":"2020-11-24T02:48:12+00:00","breadcrumb":{"@id":"https:\/\/noti-america.com\/site\/repdom\/2020\/11\/24\/escuela-de-letras-de-la-uasd-presenta-revista-cientifica\/#breadcrumb"},"inLanguage":"es","potentialAction":[{"@type":"ReadAction","target":["https:\/\/noti-america.com\/site\/repdom\/2020\/11\/24\/escuela-de-letras-de-la-uasd-presenta-revista-cientifica\/"]}]},{"@type":"ImageObject","inLanguage":"es","@id":"https:\/\/noti-america.com\/site\/repdom\/2020\/11\/24\/escuela-de-letras-de-la-uasd-presenta-revista-cientifica\/#primaryimage","url":"https:\/\/hoy.com.do\/wp-content\/uploads\/2020\/11\/WhatsApp-Image-2020-11-23-at-7.20.01-AM-1068x1072.jpeg","contentUrl":"https:\/\/hoy.com.do\/wp-content\/uploads\/2020\/11\/WhatsApp-Image-2020-11-23-at-7.20.01-AM-1068x1072.jpeg"},{"@type":"BreadcrumbList","@id":"https:\/\/noti-america.com\/site\/repdom\/2020\/11\/24\/escuela-de-letras-de-la-uasd-presenta-revista-cientifica\/#breadcrumb","itemListElement":[{"@type":"ListItem","position":1,"name":"Portada","item":"https:\/\/noti-america.com\/site\/repdom\/"},{"@type":"ListItem","position":2,"name":"Escuela de Letras de la UASD presenta revista cient\u00edfica"}]},{"@type":"WebSite","@id":"https:\/\/noti-america.com\/site\/repdom\/#website","url":"https:\/\/noti-america.com\/site\/repdom\/","name":"Rep. Dominicana | Noti-America.com","description":"","publisher":{"@id":"https:\/\/noti-america.com\/site\/repdom\/#organization"},"potentialAction":[{"@type":"SearchAction","target":{"@type":"EntryPoint","urlTemplate":"https:\/\/noti-america.com\/site\/repdom\/?s={search_term_string}"},"query-input":{"@type":"PropertyValueSpecification","valueRequired":true,"valueName":"search_term_string"}}],"inLanguage":"es"},{"@type":"Organization","@id":"https:\/\/noti-america.com\/site\/repdom\/#organization","name":"Noti-America LLC | Rep\u00fablica Dominicana","url":"https:\/\/noti-america.com\/site\/repdom\/","logo":{"@type":"ImageObject","inLanguage":"es","@id":"https:\/\/noti-america.com\/site\/repdom\/#\/schema\/logo\/image\/","url":"https:\/\/noti-america.com\/site\/repdom\/wp-content\/uploads\/sites\/6\/2020\/07\/LogoNA-4x3-1.jpg","contentUrl":"https:\/\/noti-america.com\/site\/repdom\/wp-content\/uploads\/sites\/6\/2020\/07\/LogoNA-4x3-1.jpg","width":1236,"height":1080,"caption":"Noti-America LLC | Rep\u00fablica Dominicana"},"image":{"@id":"https:\/\/noti-america.com\/site\/repdom\/#\/schema\/logo\/image\/"}},{"@type":"Person","@id":"https:\/\/noti-america.com\/site\/repdom\/#\/schema\/person\/3e41f2e0a88de2dbfa74310de6e08c3b","name":"Sueanny Guzm\u00e1n","image":{"@type":"ImageObject","inLanguage":"es","@id":"https:\/\/secure.gravatar.com\/avatar\/743180685ef4657e50d4fb7ec792c2c316119f5a7db45e029570122e8cd05065?s=96&d=mm&r=g","url":"https:\/\/secure.gravatar.com\/avatar\/743180685ef4657e50d4fb7ec792c2c316119f5a7db45e029570122e8cd05065?s=96&d=mm&r=g","contentUrl":"https:\/\/secure.gravatar.com\/avatar\/743180685ef4657e50d4fb7ec792c2c316119f5a7db45e029570122e8cd05065?s=96&d=mm&r=g","caption":"Sueanny Guzm\u00e1n"},"sameAs":["https:\/\/x.com\/sueannyguzmanrd"],"url":"https:\/\/noti-america.com\/site\/repdom\/author\/sguzman\/"}]}},"_links":{"self":[{"href":"https:\/\/noti-america.com\/site\/repdom\/wp-json\/wp\/v2\/posts\/6170","targetHints":{"allow":["GET"]}}],"collection":[{"href":"https:\/\/noti-america.com\/site\/repdom\/wp-json\/wp\/v2\/posts"}],"about":[{"href":"https:\/\/noti-america.com\/site\/repdom\/wp-json\/wp\/v2\/types\/post"}],"author":[{"embeddable":true,"href":"https:\/\/noti-america.com\/site\/repdom\/wp-json\/wp\/v2\/users\/92"}],"replies":[{"embeddable":true,"href":"https:\/\/noti-america.com\/site\/repdom\/wp-json\/wp\/v2\/comments?post=6170"}],"version-history":[{"count":1,"href":"https:\/\/noti-america.com\/site\/repdom\/wp-json\/wp\/v2\/posts\/6170\/revisions"}],"predecessor-version":[{"id":6171,"href":"https:\/\/noti-america.com\/site\/repdom\/wp-json\/wp\/v2\/posts\/6170\/revisions\/6171"}],"wp:attachment":[{"href":"https:\/\/noti-america.com\/site\/repdom\/wp-json\/wp\/v2\/media?parent=6170"}],"wp:term":[{"taxonomy":"category","embeddable":true,"href":"https:\/\/noti-america.com\/site\/repdom\/wp-json\/wp\/v2\/categories?post=6170"},{"taxonomy":"post_tag","embeddable":true,"href":"https:\/\/noti-america.com\/site\/repdom\/wp-json\/wp\/v2\/tags?post=6170"}],"curies":[{"name":"wp","href":"https:\/\/api.w.org\/{rel}","templated":true}]}}