{"id":5956,"date":"2020-11-13T12:24:07","date_gmt":"2020-11-13T12:24:07","guid":{"rendered":"https:\/\/noti-america.com\/site\/repdom\/?p=5956"},"modified":"2020-11-13T12:24:07","modified_gmt":"2020-11-13T12:24:07","slug":"desde-manana-14-vias-en-el-dn-cambian-de-sentido","status":"publish","type":"post","link":"https:\/\/noti-america.com\/site\/repdom\/2020\/11\/13\/desde-manana-14-vias-en-el-dn-cambian-de-sentido\/","title":{"rendered":"Desde ma\u00f1ana 14 v\u00edas en el DN cambian de sentido"},"content":{"rendered":"<p style=\"text-align: justify\">Santo Domingo, D.N. &#8211; A partir de este s\u00e1bado unas 14 calles del pol\u00edgono central del Distrito Nacional cambiar\u00e1n su sentido de direcci\u00f3n, de un total de 42 v\u00edas que el Ayuntamiento capitalino pretende modificar su circulaci\u00f3n con el objetivo de mejorar la eficiencia en el tr\u00e1nsito.<\/p>\n<p style=\"text-align: justify\">Los cambios se realizar\u00e1n dentro del cuadrante de las avenidas M\u00e1ximo G\u00f3mez, John F. Kennedy, Gregorio Luper\u00f3n y 27 de Febrero, como parte del plan de movilidad urbana que implementa la Alcald\u00eda del Distrito Nacional.<\/p>\n<p style=\"text-align: justify\">Las v\u00edas que cambiar\u00e1n de sentido a partir de ma\u00f1ana son las siguientes: Jacinto Ignacio Ma\u00f1\u00f3n, Poncio Sabater, Francisco Carias Lavandier, Filomena G\u00f3mez de Cova, Jos\u00e9 Amado Soler, Fernando Escobar, Pablo Casals, Central, David Ben Guri\u00f3n, Freddy Prestol Castillo, del Seminario, Boy Scouts, Manuel Henr\u00edquez y calle Z. En la reorientaci\u00f3n del sentido vial, las autoridades competentes definieron dos grandes \u00e1reas. Iniciar\u00e1 al este de la Winston Churchill impactando los sectores Serrall\u00e9s, Piantini, Yolanda Morales y Ensanche Para\u00edso, para luego coordinar los cambios al oeste de la concurrida avenida, en la zona del Evaristo Morales, Los Prados, Los Praditos, Ensanche Quisqueya, Las Praderas y El Mill\u00f3n.<\/p>\n<p style=\"text-align: justify\">En una visita a elCaribe, el secretario general de la Alcald\u00eda del Distrito Nacional, Hugo Beras, destac\u00f3 el impacto de la medida al hacer referencia a los resultados de los levantamientos realizados.<\/p>\n<p style=\"text-align: justify\">Los estudios proyectan una reducci\u00f3n de m\u00e1s de un 30% de las demoras en el tr\u00e1fico, ahorro de un 5% de combustible y m\u00e1s de 60% de emisiones de di\u00f3xido de carbono en algunas de las v\u00edas.<\/p>\n<p style=\"text-align: justify\">De acuerdo con la planificaci\u00f3n, la segunda etapa del proyecto se efectuar\u00e1 en la tercera semana de diciembre. La medida est\u00e1 contenida en una resoluci\u00f3n aprobada por el Concejo de Regidores del Distrito Nacional a final de agosto del a\u00f1o en curso. Seg\u00fan explic\u00f3 Beras, dicha ordenanza establece el estacionamiento de los veh\u00edculos a la derecha en direcci\u00f3n hacia d\u00f3nde va la v\u00eda en el per\u00edmetro intervenido. Precis\u00f3 que dicho proceso se llevar\u00e1 a cabo en coordinaci\u00f3n con la Direcci\u00f3n General de Seguridad de Tr\u00e1nsito y Transporte Terrestre (Digesett), Instituto Nacional de Tr\u00e1nsito y Transporte Terrestre (Intrant) y el Ministerio de Obras P\u00fablicas; contar\u00e1 con el apoyo de 250 agentes de tr\u00e1fico.<\/p>\n<p style=\"text-align: justify\">Destac\u00f3 que la actual gesti\u00f3n llevar\u00e1 a cabo un plan de transformaci\u00f3n de movilidad a los fines de solucionar el problema de congestionamiento vehicular en la ciudad y promover el transporte alternativo como el uso de bicicletas. \u201cPor el Distrito Nacional circula un mill\u00f3n de veh\u00edculos todos los d\u00edas. Es el de mayor tr\u00e1fico de veh\u00edculos de toda Rep\u00fablica Dominicana. Esto es parte de un plan maestro que contin\u00faa en el 2021 con cambios transcendentales en avenidas, en cruces sur-norte de la ciudad, que la alcaldesa en su momento estar\u00e1 anunciando\u201d, sostuvo.<\/p>\n<p>M\u00e1s Informaci\u00f3n\u00a0<a href=\"https:\/\/www.elcaribe.com.do\/panorama\/pais\/desde-manana-14-vias-en-el-dn-cambian-de-sentido\/\">https:\/\/www.elcaribe.com.do\/panorama\/pais\/desde-manana-14-vias-en-el-dn-cambian-de-sentido\/<\/a><\/p>\n","protected":false},"excerpt":{"rendered":"<p>Santo Domingo, D.N. &#8211; A partir de este s\u00e1bado unas 14 calles del pol\u00edgono central del Distrito Nacional cambiar\u00e1n su sentido de direcci\u00f3n, de un total de 42 v\u00edas que el Ayuntamiento capitalino pretende&#46;&#46;&#46;<\/p>\n","protected":false},"author":99,"featured_media":5957,"comment_status":"open","ping_status":"open","sticky":false,"template":"","format":"gallery","meta":{"_acf_changed":false,"rop_custom_images_group":[],"rop_custom_messages_group":[],"rop_publish_now":"initial","rop_publish_now_accounts":[],"rop_publish_now_history":[],"rop_publish_now_status":"pending","footnotes":""},"categories":[10],"tags":[],"class_list":["post-5956","post","type-post","status-publish","format-gallery","has-post-thumbnail","hentry","category-actualidad","post_format-post-format-gallery"],"acf":[],"yoast_head":"<!-- This site is optimized with the Yoast SEO Premium plugin v24.9 (Yoast SEO v27.2) - https:\/\/yoast.com\/product\/yoast-seo-premium-wordpress\/ -->\n<title>Desde ma\u00f1ana 14 v\u00edas en el DN cambian de sentido - Rep. Dominicana | Noti-America.com<\/title>\n<meta name=\"robots\" content=\"index, follow, max-snippet:-1, max-image-preview:large, max-video-preview:-1\" \/>\n<link rel=\"canonical\" href=\"https:\/\/noti-america.com\/site\/repdom\/2020\/11\/13\/desde-manana-14-vias-en-el-dn-cambian-de-sentido\/\" \/>\n<meta property=\"og:locale\" content=\"es_ES\" \/>\n<meta property=\"og:type\" content=\"article\" \/>\n<meta property=\"og:title\" content=\"Desde ma\u00f1ana 14 v\u00edas en el DN cambian de sentido\" \/>\n<meta property=\"og:description\" content=\"Santo Domingo, D.N. &#8211; A partir de este s\u00e1bado unas 14 calles del pol\u00edgono central del Distrito Nacional cambiar\u00e1n su sentido de direcci\u00f3n, de un total de 42 v\u00edas que el Ayuntamiento capitalino pretende&#046;&#046;&#046;\" \/>\n<meta property=\"og:url\" content=\"https:\/\/noti-america.com\/site\/repdom\/2020\/11\/13\/desde-manana-14-vias-en-el-dn-cambian-de-sentido\/\" \/>\n<meta property=\"og:site_name\" content=\"Rep. Dominicana | Noti-America.com\" \/>\n<meta property=\"article:published_time\" content=\"2020-11-13T12:24:07+00:00\" \/>\n<meta property=\"og:image\" content=\"https:\/\/noti-america.com\/site\/repdom\/wp-content\/uploads\/sites\/6\/2020\/11\/IMG_20201109_205352.jpg\" \/>\n\t<meta property=\"og:image:width\" content=\"1080\" \/>\n\t<meta property=\"og:image:height\" content=\"1482\" \/>\n\t<meta property=\"og:image:type\" content=\"image\/jpeg\" \/>\n<meta name=\"author\" content=\"Ann\u00e9 Cruz\" \/>\n<meta name=\"twitter:card\" content=\"summary_large_image\" \/>\n<meta name=\"twitter:label1\" content=\"Escrito por\" \/>\n\t<meta name=\"twitter:data1\" content=\"Ann\u00e9 Cruz\" \/>\n\t<meta name=\"twitter:label2\" content=\"Tiempo estimado de lectura\" \/>\n\t<meta name=\"twitter:data2\" content=\"3 minutos\" \/>\n<script type=\"application\/ld+json\" class=\"yoast-schema-graph\">{\"@context\":\"https:\/\/schema.org\",\"@graph\":[{\"@type\":\"Article\",\"@id\":\"https:\/\/noti-america.com\/site\/repdom\/2020\/11\/13\/desde-manana-14-vias-en-el-dn-cambian-de-sentido\/#article\",\"isPartOf\":{\"@id\":\"https:\/\/noti-america.com\/site\/repdom\/2020\/11\/13\/desde-manana-14-vias-en-el-dn-cambian-de-sentido\/\"},\"author\":{\"name\":\"Ann\u00e9 Cruz\",\"@id\":\"https:\/\/noti-america.com\/site\/repdom\/#\/schema\/person\/01b6a5fcca2b30bc220da2842f0b6060\"},\"headline\":\"Desde ma\u00f1ana 14 v\u00edas en el DN cambian de sentido\",\"datePublished\":\"2020-11-13T12:24:07+00:00\",\"mainEntityOfPage\":{\"@id\":\"https:\/\/noti-america.com\/site\/repdom\/2020\/11\/13\/desde-manana-14-vias-en-el-dn-cambian-de-sentido\/\"},\"wordCount\":532,\"commentCount\":0,\"publisher\":{\"@id\":\"https:\/\/noti-america.com\/site\/repdom\/#organization\"},\"image\":{\"@id\":\"https:\/\/noti-america.com\/site\/repdom\/2020\/11\/13\/desde-manana-14-vias-en-el-dn-cambian-de-sentido\/#primaryimage\"},\"thumbnailUrl\":\"https:\/\/noti-america.com\/site\/repdom\/wp-content\/uploads\/sites\/6\/2020\/11\/IMG_20201109_205352.jpg\",\"articleSection\":[\"Actualidad\"],\"inLanguage\":\"es\",\"potentialAction\":[{\"@type\":\"CommentAction\",\"name\":\"Comment\",\"target\":[\"https:\/\/noti-america.com\/site\/repdom\/2020\/11\/13\/desde-manana-14-vias-en-el-dn-cambian-de-sentido\/#respond\"]}]},{\"@type\":\"WebPage\",\"@id\":\"https:\/\/noti-america.com\/site\/repdom\/2020\/11\/13\/desde-manana-14-vias-en-el-dn-cambian-de-sentido\/\",\"url\":\"https:\/\/noti-america.com\/site\/repdom\/2020\/11\/13\/desde-manana-14-vias-en-el-dn-cambian-de-sentido\/\",\"name\":\"Desde ma\u00f1ana 14 v\u00edas en el DN cambian de sentido - Rep. Dominicana | Noti-America.com\",\"isPartOf\":{\"@id\":\"https:\/\/noti-america.com\/site\/repdom\/#website\"},\"primaryImageOfPage\":{\"@id\":\"https:\/\/noti-america.com\/site\/repdom\/2020\/11\/13\/desde-manana-14-vias-en-el-dn-cambian-de-sentido\/#primaryimage\"},\"image\":{\"@id\":\"https:\/\/noti-america.com\/site\/repdom\/2020\/11\/13\/desde-manana-14-vias-en-el-dn-cambian-de-sentido\/#primaryimage\"},\"thumbnailUrl\":\"https:\/\/noti-america.com\/site\/repdom\/wp-content\/uploads\/sites\/6\/2020\/11\/IMG_20201109_205352.jpg\",\"datePublished\":\"2020-11-13T12:24:07+00:00\",\"breadcrumb\":{\"@id\":\"https:\/\/noti-america.com\/site\/repdom\/2020\/11\/13\/desde-manana-14-vias-en-el-dn-cambian-de-sentido\/#breadcrumb\"},\"inLanguage\":\"es\",\"potentialAction\":[{\"@type\":\"ReadAction\",\"target\":[\"https:\/\/noti-america.com\/site\/repdom\/2020\/11\/13\/desde-manana-14-vias-en-el-dn-cambian-de-sentido\/\"]}]},{\"@type\":\"ImageObject\",\"inLanguage\":\"es\",\"@id\":\"https:\/\/noti-america.com\/site\/repdom\/2020\/11\/13\/desde-manana-14-vias-en-el-dn-cambian-de-sentido\/#primaryimage\",\"url\":\"https:\/\/noti-america.com\/site\/repdom\/wp-content\/uploads\/sites\/6\/2020\/11\/IMG_20201109_205352.jpg\",\"contentUrl\":\"https:\/\/noti-america.com\/site\/repdom\/wp-content\/uploads\/sites\/6\/2020\/11\/IMG_20201109_205352.jpg\",\"width\":1080,\"height\":1482},{\"@type\":\"BreadcrumbList\",\"@id\":\"https:\/\/noti-america.com\/site\/repdom\/2020\/11\/13\/desde-manana-14-vias-en-el-dn-cambian-de-sentido\/#breadcrumb\",\"itemListElement\":[{\"@type\":\"ListItem\",\"position\":1,\"name\":\"Portada\",\"item\":\"https:\/\/noti-america.com\/site\/repdom\/\"},{\"@type\":\"ListItem\",\"position\":2,\"name\":\"Desde ma\u00f1ana 14 v\u00edas en el DN cambian de sentido\"}]},{\"@type\":\"WebSite\",\"@id\":\"https:\/\/noti-america.com\/site\/repdom\/#website\",\"url\":\"https:\/\/noti-america.com\/site\/repdom\/\",\"name\":\"Rep. Dominicana | Noti-America.com\",\"description\":\"\",\"publisher\":{\"@id\":\"https:\/\/noti-america.com\/site\/repdom\/#organization\"},\"potentialAction\":[{\"@type\":\"SearchAction\",\"target\":{\"@type\":\"EntryPoint\",\"urlTemplate\":\"https:\/\/noti-america.com\/site\/repdom\/?s={search_term_string}\"},\"query-input\":{\"@type\":\"PropertyValueSpecification\",\"valueRequired\":true,\"valueName\":\"search_term_string\"}}],\"inLanguage\":\"es\"},{\"@type\":\"Organization\",\"@id\":\"https:\/\/noti-america.com\/site\/repdom\/#organization\",\"name\":\"Noti-America LLC | Rep\u00fablica Dominicana\",\"url\":\"https:\/\/noti-america.com\/site\/repdom\/\",\"logo\":{\"@type\":\"ImageObject\",\"inLanguage\":\"es\",\"@id\":\"https:\/\/noti-america.com\/site\/repdom\/#\/schema\/logo\/image\/\",\"url\":\"https:\/\/noti-america.com\/site\/repdom\/wp-content\/uploads\/sites\/6\/2020\/07\/LogoNA-4x3-1.jpg\",\"contentUrl\":\"https:\/\/noti-america.com\/site\/repdom\/wp-content\/uploads\/sites\/6\/2020\/07\/LogoNA-4x3-1.jpg\",\"width\":1236,\"height\":1080,\"caption\":\"Noti-America LLC | Rep\u00fablica Dominicana\"},\"image\":{\"@id\":\"https:\/\/noti-america.com\/site\/repdom\/#\/schema\/logo\/image\/\"}},{\"@type\":\"Person\",\"@id\":\"https:\/\/noti-america.com\/site\/repdom\/#\/schema\/person\/01b6a5fcca2b30bc220da2842f0b6060\",\"name\":\"Ann\u00e9 Cruz\",\"image\":{\"@type\":\"ImageObject\",\"inLanguage\":\"es\",\"@id\":\"https:\/\/secure.gravatar.com\/avatar\/f5aaeb3fd16b65f7d601dd99d7f1dcaaf7065ea361b219976bcf5d43d0980e1b?s=96&d=mm&r=g\",\"url\":\"https:\/\/secure.gravatar.com\/avatar\/f5aaeb3fd16b65f7d601dd99d7f1dcaaf7065ea361b219976bcf5d43d0980e1b?s=96&d=mm&r=g\",\"contentUrl\":\"https:\/\/secure.gravatar.com\/avatar\/f5aaeb3fd16b65f7d601dd99d7f1dcaaf7065ea361b219976bcf5d43d0980e1b?s=96&d=mm&r=g\",\"caption\":\"Ann\u00e9 Cruz\"},\"description\":\"Emprendedora, publirrelacionista y periodista especializada en Comunicaci\u00f3n Pol\u00edtica e Institucional.\",\"url\":\"https:\/\/noti-america.com\/site\/repdom\/author\/adelacruz\/\"}]}<\/script>\n<!-- \/ Yoast SEO Premium plugin. -->","yoast_head_json":{"title":"Desde ma\u00f1ana 14 v\u00edas en el DN cambian de sentido - Rep. Dominicana | Noti-America.com","robots":{"index":"index","follow":"follow","max-snippet":"max-snippet:-1","max-image-preview":"max-image-preview:large","max-video-preview":"max-video-preview:-1"},"canonical":"https:\/\/noti-america.com\/site\/repdom\/2020\/11\/13\/desde-manana-14-vias-en-el-dn-cambian-de-sentido\/","og_locale":"es_ES","og_type":"article","og_title":"Desde ma\u00f1ana 14 v\u00edas en el DN cambian de sentido","og_description":"Santo Domingo, D.N. &#8211; A partir de este s\u00e1bado unas 14 calles del pol\u00edgono central del Distrito Nacional cambiar\u00e1n su sentido de direcci\u00f3n, de un total de 42 v\u00edas que el Ayuntamiento capitalino pretende&#46;&#46;&#46;","og_url":"https:\/\/noti-america.com\/site\/repdom\/2020\/11\/13\/desde-manana-14-vias-en-el-dn-cambian-de-sentido\/","og_site_name":"Rep. Dominicana | Noti-America.com","article_published_time":"2020-11-13T12:24:07+00:00","og_image":[{"width":1080,"height":1482,"url":"https:\/\/noti-america.com\/site\/repdom\/wp-content\/uploads\/sites\/6\/2020\/11\/IMG_20201109_205352.jpg","type":"image\/jpeg"}],"author":"Ann\u00e9 Cruz","twitter_card":"summary_large_image","twitter_misc":{"Escrito por":"Ann\u00e9 Cruz","Tiempo estimado de lectura":"3 minutos"},"schema":{"@context":"https:\/\/schema.org","@graph":[{"@type":"Article","@id":"https:\/\/noti-america.com\/site\/repdom\/2020\/11\/13\/desde-manana-14-vias-en-el-dn-cambian-de-sentido\/#article","isPartOf":{"@id":"https:\/\/noti-america.com\/site\/repdom\/2020\/11\/13\/desde-manana-14-vias-en-el-dn-cambian-de-sentido\/"},"author":{"name":"Ann\u00e9 Cruz","@id":"https:\/\/noti-america.com\/site\/repdom\/#\/schema\/person\/01b6a5fcca2b30bc220da2842f0b6060"},"headline":"Desde ma\u00f1ana 14 v\u00edas en el DN cambian de sentido","datePublished":"2020-11-13T12:24:07+00:00","mainEntityOfPage":{"@id":"https:\/\/noti-america.com\/site\/repdom\/2020\/11\/13\/desde-manana-14-vias-en-el-dn-cambian-de-sentido\/"},"wordCount":532,"commentCount":0,"publisher":{"@id":"https:\/\/noti-america.com\/site\/repdom\/#organization"},"image":{"@id":"https:\/\/noti-america.com\/site\/repdom\/2020\/11\/13\/desde-manana-14-vias-en-el-dn-cambian-de-sentido\/#primaryimage"},"thumbnailUrl":"https:\/\/noti-america.com\/site\/repdom\/wp-content\/uploads\/sites\/6\/2020\/11\/IMG_20201109_205352.jpg","articleSection":["Actualidad"],"inLanguage":"es","potentialAction":[{"@type":"CommentAction","name":"Comment","target":["https:\/\/noti-america.com\/site\/repdom\/2020\/11\/13\/desde-manana-14-vias-en-el-dn-cambian-de-sentido\/#respond"]}]},{"@type":"WebPage","@id":"https:\/\/noti-america.com\/site\/repdom\/2020\/11\/13\/desde-manana-14-vias-en-el-dn-cambian-de-sentido\/","url":"https:\/\/noti-america.com\/site\/repdom\/2020\/11\/13\/desde-manana-14-vias-en-el-dn-cambian-de-sentido\/","name":"Desde ma\u00f1ana 14 v\u00edas en el DN cambian de sentido - Rep. Dominicana | Noti-America.com","isPartOf":{"@id":"https:\/\/noti-america.com\/site\/repdom\/#website"},"primaryImageOfPage":{"@id":"https:\/\/noti-america.com\/site\/repdom\/2020\/11\/13\/desde-manana-14-vias-en-el-dn-cambian-de-sentido\/#primaryimage"},"image":{"@id":"https:\/\/noti-america.com\/site\/repdom\/2020\/11\/13\/desde-manana-14-vias-en-el-dn-cambian-de-sentido\/#primaryimage"},"thumbnailUrl":"https:\/\/noti-america.com\/site\/repdom\/wp-content\/uploads\/sites\/6\/2020\/11\/IMG_20201109_205352.jpg","datePublished":"2020-11-13T12:24:07+00:00","breadcrumb":{"@id":"https:\/\/noti-america.com\/site\/repdom\/2020\/11\/13\/desde-manana-14-vias-en-el-dn-cambian-de-sentido\/#breadcrumb"},"inLanguage":"es","potentialAction":[{"@type":"ReadAction","target":["https:\/\/noti-america.com\/site\/repdom\/2020\/11\/13\/desde-manana-14-vias-en-el-dn-cambian-de-sentido\/"]}]},{"@type":"ImageObject","inLanguage":"es","@id":"https:\/\/noti-america.com\/site\/repdom\/2020\/11\/13\/desde-manana-14-vias-en-el-dn-cambian-de-sentido\/#primaryimage","url":"https:\/\/noti-america.com\/site\/repdom\/wp-content\/uploads\/sites\/6\/2020\/11\/IMG_20201109_205352.jpg","contentUrl":"https:\/\/noti-america.com\/site\/repdom\/wp-content\/uploads\/sites\/6\/2020\/11\/IMG_20201109_205352.jpg","width":1080,"height":1482},{"@type":"BreadcrumbList","@id":"https:\/\/noti-america.com\/site\/repdom\/2020\/11\/13\/desde-manana-14-vias-en-el-dn-cambian-de-sentido\/#breadcrumb","itemListElement":[{"@type":"ListItem","position":1,"name":"Portada","item":"https:\/\/noti-america.com\/site\/repdom\/"},{"@type":"ListItem","position":2,"name":"Desde ma\u00f1ana 14 v\u00edas en el DN cambian de sentido"}]},{"@type":"WebSite","@id":"https:\/\/noti-america.com\/site\/repdom\/#website","url":"https:\/\/noti-america.com\/site\/repdom\/","name":"Rep. Dominicana | Noti-America.com","description":"","publisher":{"@id":"https:\/\/noti-america.com\/site\/repdom\/#organization"},"potentialAction":[{"@type":"SearchAction","target":{"@type":"EntryPoint","urlTemplate":"https:\/\/noti-america.com\/site\/repdom\/?s={search_term_string}"},"query-input":{"@type":"PropertyValueSpecification","valueRequired":true,"valueName":"search_term_string"}}],"inLanguage":"es"},{"@type":"Organization","@id":"https:\/\/noti-america.com\/site\/repdom\/#organization","name":"Noti-America LLC | Rep\u00fablica Dominicana","url":"https:\/\/noti-america.com\/site\/repdom\/","logo":{"@type":"ImageObject","inLanguage":"es","@id":"https:\/\/noti-america.com\/site\/repdom\/#\/schema\/logo\/image\/","url":"https:\/\/noti-america.com\/site\/repdom\/wp-content\/uploads\/sites\/6\/2020\/07\/LogoNA-4x3-1.jpg","contentUrl":"https:\/\/noti-america.com\/site\/repdom\/wp-content\/uploads\/sites\/6\/2020\/07\/LogoNA-4x3-1.jpg","width":1236,"height":1080,"caption":"Noti-America LLC | Rep\u00fablica Dominicana"},"image":{"@id":"https:\/\/noti-america.com\/site\/repdom\/#\/schema\/logo\/image\/"}},{"@type":"Person","@id":"https:\/\/noti-america.com\/site\/repdom\/#\/schema\/person\/01b6a5fcca2b30bc220da2842f0b6060","name":"Ann\u00e9 Cruz","image":{"@type":"ImageObject","inLanguage":"es","@id":"https:\/\/secure.gravatar.com\/avatar\/f5aaeb3fd16b65f7d601dd99d7f1dcaaf7065ea361b219976bcf5d43d0980e1b?s=96&d=mm&r=g","url":"https:\/\/secure.gravatar.com\/avatar\/f5aaeb3fd16b65f7d601dd99d7f1dcaaf7065ea361b219976bcf5d43d0980e1b?s=96&d=mm&r=g","contentUrl":"https:\/\/secure.gravatar.com\/avatar\/f5aaeb3fd16b65f7d601dd99d7f1dcaaf7065ea361b219976bcf5d43d0980e1b?s=96&d=mm&r=g","caption":"Ann\u00e9 Cruz"},"description":"Emprendedora, publirrelacionista y periodista especializada en Comunicaci\u00f3n Pol\u00edtica e Institucional.","url":"https:\/\/noti-america.com\/site\/repdom\/author\/adelacruz\/"}]}},"_links":{"self":[{"href":"https:\/\/noti-america.com\/site\/repdom\/wp-json\/wp\/v2\/posts\/5956","targetHints":{"allow":["GET"]}}],"collection":[{"href":"https:\/\/noti-america.com\/site\/repdom\/wp-json\/wp\/v2\/posts"}],"about":[{"href":"https:\/\/noti-america.com\/site\/repdom\/wp-json\/wp\/v2\/types\/post"}],"author":[{"embeddable":true,"href":"https:\/\/noti-america.com\/site\/repdom\/wp-json\/wp\/v2\/users\/99"}],"replies":[{"embeddable":true,"href":"https:\/\/noti-america.com\/site\/repdom\/wp-json\/wp\/v2\/comments?post=5956"}],"version-history":[{"count":1,"href":"https:\/\/noti-america.com\/site\/repdom\/wp-json\/wp\/v2\/posts\/5956\/revisions"}],"predecessor-version":[{"id":5958,"href":"https:\/\/noti-america.com\/site\/repdom\/wp-json\/wp\/v2\/posts\/5956\/revisions\/5958"}],"wp:featuredmedia":[{"embeddable":true,"href":"https:\/\/noti-america.com\/site\/repdom\/wp-json\/wp\/v2\/media\/5957"}],"wp:attachment":[{"href":"https:\/\/noti-america.com\/site\/repdom\/wp-json\/wp\/v2\/media?parent=5956"}],"wp:term":[{"taxonomy":"category","embeddable":true,"href":"https:\/\/noti-america.com\/site\/repdom\/wp-json\/wp\/v2\/categories?post=5956"},{"taxonomy":"post_tag","embeddable":true,"href":"https:\/\/noti-america.com\/site\/repdom\/wp-json\/wp\/v2\/tags?post=5956"}],"curies":[{"name":"wp","href":"https:\/\/api.w.org\/{rel}","templated":true}]}}