{"id":5637,"date":"2020-11-02T08:00:51","date_gmt":"2020-11-02T08:00:51","guid":{"rendered":"https:\/\/noti-america.com\/site\/repdom\/?p=5637"},"modified":"2020-11-02T04:56:16","modified_gmt":"2020-11-02T04:56:16","slug":"leones-anuncian-al-inicialista-nate-lowe","status":"publish","type":"post","link":"https:\/\/noti-america.com\/site\/repdom\/2020\/11\/02\/leones-anuncian-al-inicialista-nate-lowe\/","title":{"rendered":"Leones anuncian al inicialista Nate Lowe"},"content":{"rendered":"<p>https:\/\/www.youtube.com\/watch?v=KOUD85DnC1M<\/p>\n<p class=\"x_MsoNormal\" style=\"text-align: justify\"><span lang=\"ES-TRAD\">SANTO DOMINGO &#8211; <\/span><span lang=\"ES-TRAD\">Los Leones del Escogido tendr\u00e1n en sus filas al inicialista Nate Lowe para la temporada 2020-2021 de la LIDOM, seg\u00fan inform\u00f3 la gerencia de Operaciones del conjunto capitalino.<\/span><\/p>\n<p class=\"x_MsoNormal\" style=\"text-align: justify\"><span lang=\"ES-TRAD\">\u201cCon Nate llenamos una necesidad de un bate de respeto del medio de la alineaci\u00f3n que ha sido exitoso en las menores y ha demostrado su poder en las Grandes Ligas\u201d, se\u00f1al\u00f3 el gerente general Jos\u00e9 G\u00f3mez Fr\u00edas al hacer el anuncio.<\/span><\/p>\n<p class=\"x_MsoNormal\" style=\"text-align: justify\"><span lang=\"ES-TRAD\">El ejecutivo resalt\u00f3 la importancia de Lowe, ante el hecho de que Aderlin Rodr\u00edguez terminar\u00e1 su temporada en Jap\u00f3n con una carga grande de trabajo, lo que coloca al equipo en necesidad de un productor de carreras del prestigio del nativo de Norfolk, Virginia.<\/span><\/p>\n<p class=\"x_MsoNormal\" style=\"text-align: justify\"><span lang=\"ES-TRAD\">Entre AAA y las Mayores en el 2019, Lowe acumul\u00f3 una l\u00ednea ofensiva de .280\/.393\/.490 con 23 jonrones, 82 empujadas, 87 anotadas y 32 dobles en 143 encuentros.<\/span><\/p>\n<p class=\"x_MsoNormal\" style=\"text-align: justify\"><span lang=\"ES-TRAD\">Este a\u00f1o vio acci\u00f3n con los Rays en la gran carpa y peg\u00f3 cuatro vuelacercas en apenas 21 partidos y 67 veces al bate.<\/span><\/p>\n<p class=\"x_MsoNormal\" style=\"text-align: justify\"><span lang=\"ES-TRAD\">\u201cPor los pocos turnos que tom\u00f3 este a\u00f1o, Lowe estar\u00e1 disponible hasta donde llegue el equipo si la salud se lo permite. Creemos que puede ser un atractivo en la liga\u201d, a\u00f1adi\u00f3 G\u00f3mez Fr\u00edas.<\/span><\/p>\n<p class=\"x_MsoNormal\" style=\"text-align: justify\"><span lang=\"ES-TRAD\">En el 2018, MLB Pipeline lo nombr\u00f3 a su equipo ideal del a\u00f1o al combinar .330\/.416\/.568 con 27 cuadrangulares y 102 producidas en 130 juegos entre clase A avanzada, AA y AAA.<\/span><\/p>\n<p class=\"x_MsoNormal\" style=\"text-align: justify\"><span lang=\"ES-TRAD\">Lowe se une a los jugadores de posici\u00f3n Jim Haley (1B-3B) y Tres Barreras entre los jugadores de posici\u00f3n anunciados por el equipo rojo, que adem\u00e1s ha confirmado que tambi\u00e9n vendr\u00e1n los abridores Josh Lowey, David Kubiak, Casey Harman y Teddy Stankiewicz, adem\u00e1s de los relevistas Steven Wilson, Drew Carlton y Travis Radke.<\/span><\/p>\n<p class=\"x_MsoNormal\" style=\"text-align: justify\"><span lang=\"ES-TRAD\">La temporada oto\u00f1o-invernal criolla comenzar\u00e1 este domingo 15 de noviembre, d\u00eda en el que los Leones recibir\u00e1n la visita de los Tigres del Licey.<\/span><\/p>\n<p style=\"text-align: justify\"><strong>Fuente: Prensa Escogido<\/strong><\/p>\n","protected":false},"excerpt":{"rendered":"<p>https:\/\/www.youtube.com\/watch?v=KOUD85DnC1M SANTO DOMINGO &#8211; Los Leones del Escogido tendr\u00e1n en sus filas al inicialista Nate Lowe para la temporada 2020-2021 de la LIDOM, seg\u00fan inform\u00f3 la gerencia de Operaciones del conjunto capitalino. \u201cCon Nate&#46;&#46;&#46;<\/p>\n","protected":false},"author":89,"featured_media":5638,"comment_status":"open","ping_status":"open","sticky":false,"template":"","format":"standard","meta":{"_acf_changed":false,"rop_custom_images_group":[],"rop_custom_messages_group":[],"rop_publish_now":"initial","rop_publish_now_accounts":[],"rop_publish_now_history":[],"rop_publish_now_status":"pending","footnotes":""},"categories":[16],"tags":[119,258,122,127,537,299],"class_list":["post-5637","post","type-post","status-publish","format-standard","has-post-thumbnail","hentry","category-deportes","tag-beisbol-dominicano","tag-leones-del-escogido","tag-liga-dominicana-de-beisbol-profesional","tag-major-league-baseball","tag-nate-lowe","tag-tampa-bay-rays"],"acf":[],"yoast_head":"<!-- This site is optimized with the Yoast SEO Premium plugin v24.9 (Yoast SEO v27.2) - https:\/\/yoast.com\/product\/yoast-seo-premium-wordpress\/ -->\n<title>Leones anuncian al inicialista Nate Lowe - Rep. Dominicana | Noti-America.com<\/title>\n<meta name=\"robots\" content=\"index, follow, max-snippet:-1, max-image-preview:large, max-video-preview:-1\" \/>\n<link rel=\"canonical\" href=\"https:\/\/noti-america.com\/site\/repdom\/2020\/11\/02\/leones-anuncian-al-inicialista-nate-lowe\/\" \/>\n<meta property=\"og:locale\" content=\"es_ES\" \/>\n<meta property=\"og:type\" content=\"article\" \/>\n<meta property=\"og:title\" content=\"Leones anuncian al inicialista Nate Lowe\" \/>\n<meta property=\"og:description\" content=\"https:\/\/www.youtube.com\/watch?v=KOUD85DnC1M SANTO DOMINGO &#8211; Los Leones del Escogido tendr\u00e1n en sus filas al inicialista Nate Lowe para la temporada 2020-2021 de la LIDOM, seg\u00fan inform\u00f3 la gerencia de Operaciones del conjunto capitalino. \u201cCon Nate&#046;&#046;&#046;\" \/>\n<meta property=\"og:url\" content=\"https:\/\/noti-america.com\/site\/repdom\/2020\/11\/02\/leones-anuncian-al-inicialista-nate-lowe\/\" \/>\n<meta property=\"og:site_name\" content=\"Rep. Dominicana | Noti-America.com\" \/>\n<meta property=\"article:published_time\" content=\"2020-11-02T08:00:51+00:00\" \/>\n<meta property=\"og:image\" content=\"https:\/\/noti-america.com\/site\/repdom\/wp-content\/uploads\/sites\/6\/2020\/11\/Nate-Lowe.jpg\" \/>\n\t<meta property=\"og:image:width\" content=\"1280\" \/>\n\t<meta property=\"og:image:height\" content=\"853\" \/>\n\t<meta property=\"og:image:type\" content=\"image\/jpeg\" \/>\n<meta name=\"author\" content=\"Ad\u00e1n Soriano\" \/>\n<meta name=\"twitter:card\" content=\"summary_large_image\" \/>\n<meta name=\"twitter:creator\" content=\"@adansoriano\" \/>\n<meta name=\"twitter:label1\" content=\"Escrito por\" \/>\n\t<meta name=\"twitter:data1\" content=\"Ad\u00e1n Soriano\" \/>\n\t<meta name=\"twitter:label2\" content=\"Tiempo estimado de lectura\" \/>\n\t<meta name=\"twitter:data2\" content=\"2 minutos\" \/>\n<script type=\"application\/ld+json\" class=\"yoast-schema-graph\">{\"@context\":\"https:\/\/schema.org\",\"@graph\":[{\"@type\":\"Article\",\"@id\":\"https:\/\/noti-america.com\/site\/repdom\/2020\/11\/02\/leones-anuncian-al-inicialista-nate-lowe\/#article\",\"isPartOf\":{\"@id\":\"https:\/\/noti-america.com\/site\/repdom\/2020\/11\/02\/leones-anuncian-al-inicialista-nate-lowe\/\"},\"author\":{\"name\":\"Ad\u00e1n Soriano\",\"@id\":\"https:\/\/noti-america.com\/site\/repdom\/#\/schema\/person\/fd0092c1530d275fabaa5cffcbc2b976\"},\"headline\":\"Leones anuncian al inicialista Nate Lowe\",\"datePublished\":\"2020-11-02T08:00:51+00:00\",\"mainEntityOfPage\":{\"@id\":\"https:\/\/noti-america.com\/site\/repdom\/2020\/11\/02\/leones-anuncian-al-inicialista-nate-lowe\/\"},\"wordCount\":341,\"commentCount\":0,\"publisher\":{\"@id\":\"https:\/\/noti-america.com\/site\/repdom\/#organization\"},\"image\":{\"@id\":\"https:\/\/noti-america.com\/site\/repdom\/2020\/11\/02\/leones-anuncian-al-inicialista-nate-lowe\/#primaryimage\"},\"thumbnailUrl\":\"https:\/\/noti-america.com\/site\/repdom\/wp-content\/uploads\/sites\/6\/2020\/11\/Nate-Lowe.jpg\",\"keywords\":[\"B\u00e9isbol Dominicano\",\"Leones del Escogido\",\"Liga Dominicana de B\u00e9isbol Profesional\",\"Major League Baseball\",\"Nate Lowe\",\"Tampa Bay Rays\"],\"articleSection\":[\"Deportes\"],\"inLanguage\":\"es\",\"potentialAction\":[{\"@type\":\"CommentAction\",\"name\":\"Comment\",\"target\":[\"https:\/\/noti-america.com\/site\/repdom\/2020\/11\/02\/leones-anuncian-al-inicialista-nate-lowe\/#respond\"]}]},{\"@type\":\"WebPage\",\"@id\":\"https:\/\/noti-america.com\/site\/repdom\/2020\/11\/02\/leones-anuncian-al-inicialista-nate-lowe\/\",\"url\":\"https:\/\/noti-america.com\/site\/repdom\/2020\/11\/02\/leones-anuncian-al-inicialista-nate-lowe\/\",\"name\":\"Leones anuncian al inicialista Nate Lowe - Rep. Dominicana | Noti-America.com\",\"isPartOf\":{\"@id\":\"https:\/\/noti-america.com\/site\/repdom\/#website\"},\"primaryImageOfPage\":{\"@id\":\"https:\/\/noti-america.com\/site\/repdom\/2020\/11\/02\/leones-anuncian-al-inicialista-nate-lowe\/#primaryimage\"},\"image\":{\"@id\":\"https:\/\/noti-america.com\/site\/repdom\/2020\/11\/02\/leones-anuncian-al-inicialista-nate-lowe\/#primaryimage\"},\"thumbnailUrl\":\"https:\/\/noti-america.com\/site\/repdom\/wp-content\/uploads\/sites\/6\/2020\/11\/Nate-Lowe.jpg\",\"datePublished\":\"2020-11-02T08:00:51+00:00\",\"breadcrumb\":{\"@id\":\"https:\/\/noti-america.com\/site\/repdom\/2020\/11\/02\/leones-anuncian-al-inicialista-nate-lowe\/#breadcrumb\"},\"inLanguage\":\"es\",\"potentialAction\":[{\"@type\":\"ReadAction\",\"target\":[\"https:\/\/noti-america.com\/site\/repdom\/2020\/11\/02\/leones-anuncian-al-inicialista-nate-lowe\/\"]}]},{\"@type\":\"ImageObject\",\"inLanguage\":\"es\",\"@id\":\"https:\/\/noti-america.com\/site\/repdom\/2020\/11\/02\/leones-anuncian-al-inicialista-nate-lowe\/#primaryimage\",\"url\":\"https:\/\/noti-america.com\/site\/repdom\/wp-content\/uploads\/sites\/6\/2020\/11\/Nate-Lowe.jpg\",\"contentUrl\":\"https:\/\/noti-america.com\/site\/repdom\/wp-content\/uploads\/sites\/6\/2020\/11\/Nate-Lowe.jpg\",\"width\":1280,\"height\":853},{\"@type\":\"BreadcrumbList\",\"@id\":\"https:\/\/noti-america.com\/site\/repdom\/2020\/11\/02\/leones-anuncian-al-inicialista-nate-lowe\/#breadcrumb\",\"itemListElement\":[{\"@type\":\"ListItem\",\"position\":1,\"name\":\"Portada\",\"item\":\"https:\/\/noti-america.com\/site\/repdom\/\"},{\"@type\":\"ListItem\",\"position\":2,\"name\":\"Leones anuncian al inicialista Nate Lowe\"}]},{\"@type\":\"WebSite\",\"@id\":\"https:\/\/noti-america.com\/site\/repdom\/#website\",\"url\":\"https:\/\/noti-america.com\/site\/repdom\/\",\"name\":\"Rep. Dominicana | Noti-America.com\",\"description\":\"\",\"publisher\":{\"@id\":\"https:\/\/noti-america.com\/site\/repdom\/#organization\"},\"potentialAction\":[{\"@type\":\"SearchAction\",\"target\":{\"@type\":\"EntryPoint\",\"urlTemplate\":\"https:\/\/noti-america.com\/site\/repdom\/?s={search_term_string}\"},\"query-input\":{\"@type\":\"PropertyValueSpecification\",\"valueRequired\":true,\"valueName\":\"search_term_string\"}}],\"inLanguage\":\"es\"},{\"@type\":\"Organization\",\"@id\":\"https:\/\/noti-america.com\/site\/repdom\/#organization\",\"name\":\"Noti-America LLC | Rep\u00fablica Dominicana\",\"url\":\"https:\/\/noti-america.com\/site\/repdom\/\",\"logo\":{\"@type\":\"ImageObject\",\"inLanguage\":\"es\",\"@id\":\"https:\/\/noti-america.com\/site\/repdom\/#\/schema\/logo\/image\/\",\"url\":\"https:\/\/noti-america.com\/site\/repdom\/wp-content\/uploads\/sites\/6\/2020\/07\/LogoNA-4x3-1.jpg\",\"contentUrl\":\"https:\/\/noti-america.com\/site\/repdom\/wp-content\/uploads\/sites\/6\/2020\/07\/LogoNA-4x3-1.jpg\",\"width\":1236,\"height\":1080,\"caption\":\"Noti-America LLC | Rep\u00fablica Dominicana\"},\"image\":{\"@id\":\"https:\/\/noti-america.com\/site\/repdom\/#\/schema\/logo\/image\/\"}},{\"@type\":\"Person\",\"@id\":\"https:\/\/noti-america.com\/site\/repdom\/#\/schema\/person\/fd0092c1530d275fabaa5cffcbc2b976\",\"name\":\"Ad\u00e1n Soriano\",\"image\":{\"@type\":\"ImageObject\",\"inLanguage\":\"es\",\"@id\":\"https:\/\/secure.gravatar.com\/avatar\/ecf97ff3aee7ff9efdae670d7e976f3e7e8acc1077e510d73707999a8bfd4467?s=96&d=mm&r=g\",\"url\":\"https:\/\/secure.gravatar.com\/avatar\/ecf97ff3aee7ff9efdae670d7e976f3e7e8acc1077e510d73707999a8bfd4467?s=96&d=mm&r=g\",\"contentUrl\":\"https:\/\/secure.gravatar.com\/avatar\/ecf97ff3aee7ff9efdae670d7e976f3e7e8acc1077e510d73707999a8bfd4467?s=96&d=mm&r=g\",\"caption\":\"Ad\u00e1n Soriano\"},\"description\":\"Soy cronista deportivo con 10 a\u00f1os de experiencia en varios espacios, y conduzco el podcast deportivo llamado Mezcla Deportiva\",\"sameAs\":[\"https:\/\/x.com\/adansoriano\"],\"url\":\"https:\/\/noti-america.com\/site\/repdom\/author\/asoriano\/\"}]}<\/script>\n<!-- \/ Yoast SEO Premium plugin. -->","yoast_head_json":{"title":"Leones anuncian al inicialista Nate Lowe - Rep. Dominicana | Noti-America.com","robots":{"index":"index","follow":"follow","max-snippet":"max-snippet:-1","max-image-preview":"max-image-preview:large","max-video-preview":"max-video-preview:-1"},"canonical":"https:\/\/noti-america.com\/site\/repdom\/2020\/11\/02\/leones-anuncian-al-inicialista-nate-lowe\/","og_locale":"es_ES","og_type":"article","og_title":"Leones anuncian al inicialista Nate Lowe","og_description":"https:\/\/www.youtube.com\/watch?v=KOUD85DnC1M SANTO DOMINGO &#8211; Los Leones del Escogido tendr\u00e1n en sus filas al inicialista Nate Lowe para la temporada 2020-2021 de la LIDOM, seg\u00fan inform\u00f3 la gerencia de Operaciones del conjunto capitalino. \u201cCon Nate&#46;&#46;&#46;","og_url":"https:\/\/noti-america.com\/site\/repdom\/2020\/11\/02\/leones-anuncian-al-inicialista-nate-lowe\/","og_site_name":"Rep. Dominicana | Noti-America.com","article_published_time":"2020-11-02T08:00:51+00:00","og_image":[{"width":1280,"height":853,"url":"https:\/\/noti-america.com\/site\/repdom\/wp-content\/uploads\/sites\/6\/2020\/11\/Nate-Lowe.jpg","type":"image\/jpeg"}],"author":"Ad\u00e1n Soriano","twitter_card":"summary_large_image","twitter_creator":"@adansoriano","twitter_misc":{"Escrito por":"Ad\u00e1n Soriano","Tiempo estimado de lectura":"2 minutos"},"schema":{"@context":"https:\/\/schema.org","@graph":[{"@type":"Article","@id":"https:\/\/noti-america.com\/site\/repdom\/2020\/11\/02\/leones-anuncian-al-inicialista-nate-lowe\/#article","isPartOf":{"@id":"https:\/\/noti-america.com\/site\/repdom\/2020\/11\/02\/leones-anuncian-al-inicialista-nate-lowe\/"},"author":{"name":"Ad\u00e1n Soriano","@id":"https:\/\/noti-america.com\/site\/repdom\/#\/schema\/person\/fd0092c1530d275fabaa5cffcbc2b976"},"headline":"Leones anuncian al inicialista Nate Lowe","datePublished":"2020-11-02T08:00:51+00:00","mainEntityOfPage":{"@id":"https:\/\/noti-america.com\/site\/repdom\/2020\/11\/02\/leones-anuncian-al-inicialista-nate-lowe\/"},"wordCount":341,"commentCount":0,"publisher":{"@id":"https:\/\/noti-america.com\/site\/repdom\/#organization"},"image":{"@id":"https:\/\/noti-america.com\/site\/repdom\/2020\/11\/02\/leones-anuncian-al-inicialista-nate-lowe\/#primaryimage"},"thumbnailUrl":"https:\/\/noti-america.com\/site\/repdom\/wp-content\/uploads\/sites\/6\/2020\/11\/Nate-Lowe.jpg","keywords":["B\u00e9isbol Dominicano","Leones del Escogido","Liga Dominicana de B\u00e9isbol Profesional","Major League Baseball","Nate Lowe","Tampa Bay Rays"],"articleSection":["Deportes"],"inLanguage":"es","potentialAction":[{"@type":"CommentAction","name":"Comment","target":["https:\/\/noti-america.com\/site\/repdom\/2020\/11\/02\/leones-anuncian-al-inicialista-nate-lowe\/#respond"]}]},{"@type":"WebPage","@id":"https:\/\/noti-america.com\/site\/repdom\/2020\/11\/02\/leones-anuncian-al-inicialista-nate-lowe\/","url":"https:\/\/noti-america.com\/site\/repdom\/2020\/11\/02\/leones-anuncian-al-inicialista-nate-lowe\/","name":"Leones anuncian al inicialista Nate Lowe - Rep. Dominicana | Noti-America.com","isPartOf":{"@id":"https:\/\/noti-america.com\/site\/repdom\/#website"},"primaryImageOfPage":{"@id":"https:\/\/noti-america.com\/site\/repdom\/2020\/11\/02\/leones-anuncian-al-inicialista-nate-lowe\/#primaryimage"},"image":{"@id":"https:\/\/noti-america.com\/site\/repdom\/2020\/11\/02\/leones-anuncian-al-inicialista-nate-lowe\/#primaryimage"},"thumbnailUrl":"https:\/\/noti-america.com\/site\/repdom\/wp-content\/uploads\/sites\/6\/2020\/11\/Nate-Lowe.jpg","datePublished":"2020-11-02T08:00:51+00:00","breadcrumb":{"@id":"https:\/\/noti-america.com\/site\/repdom\/2020\/11\/02\/leones-anuncian-al-inicialista-nate-lowe\/#breadcrumb"},"inLanguage":"es","potentialAction":[{"@type":"ReadAction","target":["https:\/\/noti-america.com\/site\/repdom\/2020\/11\/02\/leones-anuncian-al-inicialista-nate-lowe\/"]}]},{"@type":"ImageObject","inLanguage":"es","@id":"https:\/\/noti-america.com\/site\/repdom\/2020\/11\/02\/leones-anuncian-al-inicialista-nate-lowe\/#primaryimage","url":"https:\/\/noti-america.com\/site\/repdom\/wp-content\/uploads\/sites\/6\/2020\/11\/Nate-Lowe.jpg","contentUrl":"https:\/\/noti-america.com\/site\/repdom\/wp-content\/uploads\/sites\/6\/2020\/11\/Nate-Lowe.jpg","width":1280,"height":853},{"@type":"BreadcrumbList","@id":"https:\/\/noti-america.com\/site\/repdom\/2020\/11\/02\/leones-anuncian-al-inicialista-nate-lowe\/#breadcrumb","itemListElement":[{"@type":"ListItem","position":1,"name":"Portada","item":"https:\/\/noti-america.com\/site\/repdom\/"},{"@type":"ListItem","position":2,"name":"Leones anuncian al inicialista Nate Lowe"}]},{"@type":"WebSite","@id":"https:\/\/noti-america.com\/site\/repdom\/#website","url":"https:\/\/noti-america.com\/site\/repdom\/","name":"Rep. Dominicana | Noti-America.com","description":"","publisher":{"@id":"https:\/\/noti-america.com\/site\/repdom\/#organization"},"potentialAction":[{"@type":"SearchAction","target":{"@type":"EntryPoint","urlTemplate":"https:\/\/noti-america.com\/site\/repdom\/?s={search_term_string}"},"query-input":{"@type":"PropertyValueSpecification","valueRequired":true,"valueName":"search_term_string"}}],"inLanguage":"es"},{"@type":"Organization","@id":"https:\/\/noti-america.com\/site\/repdom\/#organization","name":"Noti-America LLC | Rep\u00fablica Dominicana","url":"https:\/\/noti-america.com\/site\/repdom\/","logo":{"@type":"ImageObject","inLanguage":"es","@id":"https:\/\/noti-america.com\/site\/repdom\/#\/schema\/logo\/image\/","url":"https:\/\/noti-america.com\/site\/repdom\/wp-content\/uploads\/sites\/6\/2020\/07\/LogoNA-4x3-1.jpg","contentUrl":"https:\/\/noti-america.com\/site\/repdom\/wp-content\/uploads\/sites\/6\/2020\/07\/LogoNA-4x3-1.jpg","width":1236,"height":1080,"caption":"Noti-America LLC | Rep\u00fablica Dominicana"},"image":{"@id":"https:\/\/noti-america.com\/site\/repdom\/#\/schema\/logo\/image\/"}},{"@type":"Person","@id":"https:\/\/noti-america.com\/site\/repdom\/#\/schema\/person\/fd0092c1530d275fabaa5cffcbc2b976","name":"Ad\u00e1n Soriano","image":{"@type":"ImageObject","inLanguage":"es","@id":"https:\/\/secure.gravatar.com\/avatar\/ecf97ff3aee7ff9efdae670d7e976f3e7e8acc1077e510d73707999a8bfd4467?s=96&d=mm&r=g","url":"https:\/\/secure.gravatar.com\/avatar\/ecf97ff3aee7ff9efdae670d7e976f3e7e8acc1077e510d73707999a8bfd4467?s=96&d=mm&r=g","contentUrl":"https:\/\/secure.gravatar.com\/avatar\/ecf97ff3aee7ff9efdae670d7e976f3e7e8acc1077e510d73707999a8bfd4467?s=96&d=mm&r=g","caption":"Ad\u00e1n Soriano"},"description":"Soy cronista deportivo con 10 a\u00f1os de experiencia en varios espacios, y conduzco el podcast deportivo llamado Mezcla Deportiva","sameAs":["https:\/\/x.com\/adansoriano"],"url":"https:\/\/noti-america.com\/site\/repdom\/author\/asoriano\/"}]}},"_links":{"self":[{"href":"https:\/\/noti-america.com\/site\/repdom\/wp-json\/wp\/v2\/posts\/5637","targetHints":{"allow":["GET"]}}],"collection":[{"href":"https:\/\/noti-america.com\/site\/repdom\/wp-json\/wp\/v2\/posts"}],"about":[{"href":"https:\/\/noti-america.com\/site\/repdom\/wp-json\/wp\/v2\/types\/post"}],"author":[{"embeddable":true,"href":"https:\/\/noti-america.com\/site\/repdom\/wp-json\/wp\/v2\/users\/89"}],"replies":[{"embeddable":true,"href":"https:\/\/noti-america.com\/site\/repdom\/wp-json\/wp\/v2\/comments?post=5637"}],"version-history":[{"count":1,"href":"https:\/\/noti-america.com\/site\/repdom\/wp-json\/wp\/v2\/posts\/5637\/revisions"}],"predecessor-version":[{"id":5639,"href":"https:\/\/noti-america.com\/site\/repdom\/wp-json\/wp\/v2\/posts\/5637\/revisions\/5639"}],"wp:featuredmedia":[{"embeddable":true,"href":"https:\/\/noti-america.com\/site\/repdom\/wp-json\/wp\/v2\/media\/5638"}],"wp:attachment":[{"href":"https:\/\/noti-america.com\/site\/repdom\/wp-json\/wp\/v2\/media?parent=5637"}],"wp:term":[{"taxonomy":"category","embeddable":true,"href":"https:\/\/noti-america.com\/site\/repdom\/wp-json\/wp\/v2\/categories?post=5637"},{"taxonomy":"post_tag","embeddable":true,"href":"https:\/\/noti-america.com\/site\/repdom\/wp-json\/wp\/v2\/tags?post=5637"}],"curies":[{"name":"wp","href":"https:\/\/api.w.org\/{rel}","templated":true}]}}