{"id":5588,"date":"2020-10-30T19:13:02","date_gmt":"2020-10-30T19:13:02","guid":{"rendered":"https:\/\/noti-america.com\/site\/repdom\/?p=5588"},"modified":"2020-10-30T19:13:02","modified_gmt":"2020-10-30T19:13:02","slug":"fdff-da-a-conocer-fechas-campeonato-centroamericano-y-del-caribe-de-fisiculturismo-y-fitness-2020","status":"publish","type":"post","link":"https:\/\/noti-america.com\/site\/repdom\/2020\/10\/30\/fdff-da-a-conocer-fechas-campeonato-centroamericano-y-del-caribe-de-fisiculturismo-y-fitness-2020\/","title":{"rendered":"FDFF da a conocer fechas campeonato Centroamericano y del Caribe de Fisiculturismo y Fitness 2020"},"content":{"rendered":"<p class=\"x_gmail-MsoNoSpacing\" style=\"text-align: justify\"><span lang=\"ES-DO\">DISTRITO NACIONAL &#8211;<\/span><span lang=\"ES-DO\"> La Federaci\u00f3n Dominicana de Fisiculturismo y Fitness (FDFF), dio a conocer las fechas en que se realizar\u00e1 el 47th campeonato Centroamericano y del Caribe de ese deporte para este 2020, ser\u00e1 los d\u00edas 4, 5 y 6 de diciembre.<\/span><\/p>\n<p class=\"x_gmail-MsoNoSpacing\" style=\"text-align: justify\"><span lang=\"ES-DO\">La informaci\u00f3n fue ofrecida por el presidente de la FDFF, se\u00f1or Tony Pe\u00f1a R., quien adem\u00e1s inform\u00f3 que el escenario ser\u00e1 el Dominican Fiesta, Hotel &amp; Casino, en la capital del pa\u00eds.<\/span><\/p>\n<p class=\"x_gmail-MsoNoSpacing\" style=\"text-align: justify\"><span lang=\"ES-DO\">Manifest\u00f3 que en la actualidad est\u00e1n trabajando en la programaci\u00f3n del evento, esperando que todo se haga acorde a los organismos de salud nacionales e internacionales, por la pandemia existente.<\/span><\/p>\n<p class=\"x_gmail-MsoNoSpacing\" style=\"text-align: justify\"><span lang=\"ES-DO\">\u201cTodo se har\u00e1 con el debido rigor que exigen las circunstancias, cumpliremos el protocolo de salud existente, tendremos presentes las autoridades mundiales del nuestro deporte, lo normal es que siempre somos exigentes con la protecci\u00f3n de nuestros atletas y el p\u00fablico, hoy m\u00e1s\u201d, dijo Pe\u00f1a R.<\/span><\/p>\n<p class=\"x_gmail-MsoNoSpacing\" style=\"text-align: justify\"><b><span lang=\"ES-DO\">Llamado a los atletas y preparadores dominicanos<\/span><\/b><\/p>\n<p class=\"x_gmail-MsoNoSpacing\" style=\"text-align: justify\"><span lang=\"ES-DO\">Por otra parte, Pe\u00f1a R., hizo un llamado a los atletas dominicanos, as\u00ed como a los extranjeros que residen en el pa\u00eds y a sus preparadores para que se comuniquen con el coordinador de la selecci\u00f3n nacional, masculina y femenina, se\u00f1or F\u00e9lix Batista Ger\u00f3nimo, al n\u00famero 829-520-3370 que igual es whatsapp o por Instagram @felixbatistag, \u00e9l les ofrecer\u00e1 la informaci\u00f3n oficial.<\/span><\/p>\n<p class=\"x_gmail-MsoNoSpacing\" style=\"text-align: justify\"><span lang=\"ES-DO\">En vista de que Rep\u00fablica Dominicana tiene la facilidad local, con un menor costo puede llevar atletas en todas las categor\u00edas y Batista Ger\u00f3nimo est\u00e1 a cargo de confeccionar esa selecci\u00f3n.<\/span><\/p>\n<p style=\"text-align: justify\"><strong>Fuente: \u00d3scar Polanco<\/strong><\/p>\n","protected":false},"excerpt":{"rendered":"<p>DISTRITO NACIONAL &#8211; La Federaci\u00f3n Dominicana de Fisiculturismo y Fitness (FDFF), dio a conocer las fechas en que se realizar\u00e1 el 47th campeonato Centroamericano y del Caribe de ese deporte para este 2020, ser\u00e1&#46;&#46;&#46;<\/p>\n","protected":false},"author":89,"featured_media":5589,"comment_status":"open","ping_status":"open","sticky":false,"template":"","format":"standard","meta":{"_acf_changed":false,"rop_custom_images_group":[],"rop_custom_messages_group":[],"rop_publish_now":"initial","rop_publish_now_accounts":[],"rop_publish_now_history":[],"rop_publish_now_status":"pending","footnotes":""},"categories":[16],"tags":[536,535],"class_list":["post-5588","post","type-post","status-publish","format-standard","has-post-thumbnail","hentry","category-deportes","tag-campeonato-centroamericano-y-del-caribe","tag-federacion-dominicana-de-fisiculturismo-y-fitness"],"acf":[],"yoast_head":"<!-- This site is optimized with the Yoast SEO Premium plugin v24.9 (Yoast SEO v27.2) - https:\/\/yoast.com\/product\/yoast-seo-premium-wordpress\/ -->\n<title>FDFF da a conocer fechas campeonato Centroamericano y del Caribe de Fisiculturismo y Fitness 2020 - Rep. Dominicana | Noti-America.com<\/title>\n<meta name=\"robots\" content=\"index, follow, max-snippet:-1, max-image-preview:large, max-video-preview:-1\" \/>\n<link rel=\"canonical\" href=\"https:\/\/noti-america.com\/site\/repdom\/2020\/10\/30\/fdff-da-a-conocer-fechas-campeonato-centroamericano-y-del-caribe-de-fisiculturismo-y-fitness-2020\/\" \/>\n<meta property=\"og:locale\" content=\"es_ES\" \/>\n<meta property=\"og:type\" content=\"article\" \/>\n<meta property=\"og:title\" content=\"FDFF da a conocer fechas campeonato Centroamericano y del Caribe de Fisiculturismo y Fitness 2020\" \/>\n<meta property=\"og:description\" content=\"DISTRITO NACIONAL &#8211; La Federaci\u00f3n Dominicana de Fisiculturismo y Fitness (FDFF), dio a conocer las fechas en que se realizar\u00e1 el 47th campeonato Centroamericano y del Caribe de ese deporte para este 2020, ser\u00e1&#046;&#046;&#046;\" \/>\n<meta property=\"og:url\" content=\"https:\/\/noti-america.com\/site\/repdom\/2020\/10\/30\/fdff-da-a-conocer-fechas-campeonato-centroamericano-y-del-caribe-de-fisiculturismo-y-fitness-2020\/\" \/>\n<meta property=\"og:site_name\" content=\"Rep. Dominicana | Noti-America.com\" \/>\n<meta property=\"article:published_time\" content=\"2020-10-30T19:13:02+00:00\" \/>\n<meta property=\"og:image\" content=\"https:\/\/noti-america.com\/site\/repdom\/wp-content\/uploads\/sites\/6\/2020\/10\/Tony-Pena-R-y-Felix-Batista-G.jpg\" \/>\n\t<meta property=\"og:image:width\" content=\"640\" \/>\n\t<meta property=\"og:image:height\" content=\"640\" \/>\n\t<meta property=\"og:image:type\" content=\"image\/jpeg\" \/>\n<meta name=\"author\" content=\"Ad\u00e1n Soriano\" \/>\n<meta name=\"twitter:card\" content=\"summary_large_image\" \/>\n<meta name=\"twitter:creator\" content=\"@adansoriano\" \/>\n<meta name=\"twitter:label1\" content=\"Escrito por\" \/>\n\t<meta name=\"twitter:data1\" content=\"Ad\u00e1n Soriano\" \/>\n\t<meta name=\"twitter:label2\" content=\"Tiempo estimado de lectura\" \/>\n\t<meta name=\"twitter:data2\" content=\"1 minuto\" \/>\n<script type=\"application\/ld+json\" class=\"yoast-schema-graph\">{\"@context\":\"https:\/\/schema.org\",\"@graph\":[{\"@type\":\"Article\",\"@id\":\"https:\/\/noti-america.com\/site\/repdom\/2020\/10\/30\/fdff-da-a-conocer-fechas-campeonato-centroamericano-y-del-caribe-de-fisiculturismo-y-fitness-2020\/#article\",\"isPartOf\":{\"@id\":\"https:\/\/noti-america.com\/site\/repdom\/2020\/10\/30\/fdff-da-a-conocer-fechas-campeonato-centroamericano-y-del-caribe-de-fisiculturismo-y-fitness-2020\/\"},\"author\":{\"name\":\"Ad\u00e1n Soriano\",\"@id\":\"https:\/\/noti-america.com\/site\/repdom\/#\/schema\/person\/fd0092c1530d275fabaa5cffcbc2b976\"},\"headline\":\"FDFF da a conocer fechas campeonato Centroamericano y del Caribe de Fisiculturismo y Fitness 2020\",\"datePublished\":\"2020-10-30T19:13:02+00:00\",\"mainEntityOfPage\":{\"@id\":\"https:\/\/noti-america.com\/site\/repdom\/2020\/10\/30\/fdff-da-a-conocer-fechas-campeonato-centroamericano-y-del-caribe-de-fisiculturismo-y-fitness-2020\/\"},\"wordCount\":288,\"commentCount\":0,\"publisher\":{\"@id\":\"https:\/\/noti-america.com\/site\/repdom\/#organization\"},\"image\":{\"@id\":\"https:\/\/noti-america.com\/site\/repdom\/2020\/10\/30\/fdff-da-a-conocer-fechas-campeonato-centroamericano-y-del-caribe-de-fisiculturismo-y-fitness-2020\/#primaryimage\"},\"thumbnailUrl\":\"https:\/\/noti-america.com\/site\/repdom\/wp-content\/uploads\/sites\/6\/2020\/10\/Tony-Pena-R-y-Felix-Batista-G.jpg\",\"keywords\":[\"Campeonato Centroamericano y del Caribe\",\"Federaci\u00f3n Dominicana de Fisiculturismo y Fitness\"],\"articleSection\":[\"Deportes\"],\"inLanguage\":\"es\",\"potentialAction\":[{\"@type\":\"CommentAction\",\"name\":\"Comment\",\"target\":[\"https:\/\/noti-america.com\/site\/repdom\/2020\/10\/30\/fdff-da-a-conocer-fechas-campeonato-centroamericano-y-del-caribe-de-fisiculturismo-y-fitness-2020\/#respond\"]}]},{\"@type\":\"WebPage\",\"@id\":\"https:\/\/noti-america.com\/site\/repdom\/2020\/10\/30\/fdff-da-a-conocer-fechas-campeonato-centroamericano-y-del-caribe-de-fisiculturismo-y-fitness-2020\/\",\"url\":\"https:\/\/noti-america.com\/site\/repdom\/2020\/10\/30\/fdff-da-a-conocer-fechas-campeonato-centroamericano-y-del-caribe-de-fisiculturismo-y-fitness-2020\/\",\"name\":\"FDFF da a conocer fechas campeonato Centroamericano y del Caribe de Fisiculturismo y Fitness 2020 - Rep. Dominicana | Noti-America.com\",\"isPartOf\":{\"@id\":\"https:\/\/noti-america.com\/site\/repdom\/#website\"},\"primaryImageOfPage\":{\"@id\":\"https:\/\/noti-america.com\/site\/repdom\/2020\/10\/30\/fdff-da-a-conocer-fechas-campeonato-centroamericano-y-del-caribe-de-fisiculturismo-y-fitness-2020\/#primaryimage\"},\"image\":{\"@id\":\"https:\/\/noti-america.com\/site\/repdom\/2020\/10\/30\/fdff-da-a-conocer-fechas-campeonato-centroamericano-y-del-caribe-de-fisiculturismo-y-fitness-2020\/#primaryimage\"},\"thumbnailUrl\":\"https:\/\/noti-america.com\/site\/repdom\/wp-content\/uploads\/sites\/6\/2020\/10\/Tony-Pena-R-y-Felix-Batista-G.jpg\",\"datePublished\":\"2020-10-30T19:13:02+00:00\",\"breadcrumb\":{\"@id\":\"https:\/\/noti-america.com\/site\/repdom\/2020\/10\/30\/fdff-da-a-conocer-fechas-campeonato-centroamericano-y-del-caribe-de-fisiculturismo-y-fitness-2020\/#breadcrumb\"},\"inLanguage\":\"es\",\"potentialAction\":[{\"@type\":\"ReadAction\",\"target\":[\"https:\/\/noti-america.com\/site\/repdom\/2020\/10\/30\/fdff-da-a-conocer-fechas-campeonato-centroamericano-y-del-caribe-de-fisiculturismo-y-fitness-2020\/\"]}]},{\"@type\":\"ImageObject\",\"inLanguage\":\"es\",\"@id\":\"https:\/\/noti-america.com\/site\/repdom\/2020\/10\/30\/fdff-da-a-conocer-fechas-campeonato-centroamericano-y-del-caribe-de-fisiculturismo-y-fitness-2020\/#primaryimage\",\"url\":\"https:\/\/noti-america.com\/site\/repdom\/wp-content\/uploads\/sites\/6\/2020\/10\/Tony-Pena-R-y-Felix-Batista-G.jpg\",\"contentUrl\":\"https:\/\/noti-america.com\/site\/repdom\/wp-content\/uploads\/sites\/6\/2020\/10\/Tony-Pena-R-y-Felix-Batista-G.jpg\",\"width\":640,\"height\":640},{\"@type\":\"BreadcrumbList\",\"@id\":\"https:\/\/noti-america.com\/site\/repdom\/2020\/10\/30\/fdff-da-a-conocer-fechas-campeonato-centroamericano-y-del-caribe-de-fisiculturismo-y-fitness-2020\/#breadcrumb\",\"itemListElement\":[{\"@type\":\"ListItem\",\"position\":1,\"name\":\"Portada\",\"item\":\"https:\/\/noti-america.com\/site\/repdom\/\"},{\"@type\":\"ListItem\",\"position\":2,\"name\":\"FDFF da a conocer fechas campeonato Centroamericano y del Caribe de Fisiculturismo y Fitness 2020\"}]},{\"@type\":\"WebSite\",\"@id\":\"https:\/\/noti-america.com\/site\/repdom\/#website\",\"url\":\"https:\/\/noti-america.com\/site\/repdom\/\",\"name\":\"Rep. Dominicana | Noti-America.com\",\"description\":\"\",\"publisher\":{\"@id\":\"https:\/\/noti-america.com\/site\/repdom\/#organization\"},\"potentialAction\":[{\"@type\":\"SearchAction\",\"target\":{\"@type\":\"EntryPoint\",\"urlTemplate\":\"https:\/\/noti-america.com\/site\/repdom\/?s={search_term_string}\"},\"query-input\":{\"@type\":\"PropertyValueSpecification\",\"valueRequired\":true,\"valueName\":\"search_term_string\"}}],\"inLanguage\":\"es\"},{\"@type\":\"Organization\",\"@id\":\"https:\/\/noti-america.com\/site\/repdom\/#organization\",\"name\":\"Noti-America LLC | Rep\u00fablica Dominicana\",\"url\":\"https:\/\/noti-america.com\/site\/repdom\/\",\"logo\":{\"@type\":\"ImageObject\",\"inLanguage\":\"es\",\"@id\":\"https:\/\/noti-america.com\/site\/repdom\/#\/schema\/logo\/image\/\",\"url\":\"https:\/\/noti-america.com\/site\/repdom\/wp-content\/uploads\/sites\/6\/2020\/07\/LogoNA-4x3-1.jpg\",\"contentUrl\":\"https:\/\/noti-america.com\/site\/repdom\/wp-content\/uploads\/sites\/6\/2020\/07\/LogoNA-4x3-1.jpg\",\"width\":1236,\"height\":1080,\"caption\":\"Noti-America LLC | Rep\u00fablica Dominicana\"},\"image\":{\"@id\":\"https:\/\/noti-america.com\/site\/repdom\/#\/schema\/logo\/image\/\"}},{\"@type\":\"Person\",\"@id\":\"https:\/\/noti-america.com\/site\/repdom\/#\/schema\/person\/fd0092c1530d275fabaa5cffcbc2b976\",\"name\":\"Ad\u00e1n Soriano\",\"image\":{\"@type\":\"ImageObject\",\"inLanguage\":\"es\",\"@id\":\"https:\/\/secure.gravatar.com\/avatar\/ecf97ff3aee7ff9efdae670d7e976f3e7e8acc1077e510d73707999a8bfd4467?s=96&d=mm&r=g\",\"url\":\"https:\/\/secure.gravatar.com\/avatar\/ecf97ff3aee7ff9efdae670d7e976f3e7e8acc1077e510d73707999a8bfd4467?s=96&d=mm&r=g\",\"contentUrl\":\"https:\/\/secure.gravatar.com\/avatar\/ecf97ff3aee7ff9efdae670d7e976f3e7e8acc1077e510d73707999a8bfd4467?s=96&d=mm&r=g\",\"caption\":\"Ad\u00e1n Soriano\"},\"description\":\"Soy cronista deportivo con 10 a\u00f1os de experiencia en varios espacios, y conduzco el podcast deportivo llamado Mezcla Deportiva\",\"sameAs\":[\"https:\/\/x.com\/adansoriano\"],\"url\":\"https:\/\/noti-america.com\/site\/repdom\/author\/asoriano\/\"}]}<\/script>\n<!-- \/ Yoast SEO Premium plugin. -->","yoast_head_json":{"title":"FDFF da a conocer fechas campeonato Centroamericano y del Caribe de Fisiculturismo y Fitness 2020 - Rep. Dominicana | Noti-America.com","robots":{"index":"index","follow":"follow","max-snippet":"max-snippet:-1","max-image-preview":"max-image-preview:large","max-video-preview":"max-video-preview:-1"},"canonical":"https:\/\/noti-america.com\/site\/repdom\/2020\/10\/30\/fdff-da-a-conocer-fechas-campeonato-centroamericano-y-del-caribe-de-fisiculturismo-y-fitness-2020\/","og_locale":"es_ES","og_type":"article","og_title":"FDFF da a conocer fechas campeonato Centroamericano y del Caribe de Fisiculturismo y Fitness 2020","og_description":"DISTRITO NACIONAL &#8211; La Federaci\u00f3n Dominicana de Fisiculturismo y Fitness (FDFF), dio a conocer las fechas en que se realizar\u00e1 el 47th campeonato Centroamericano y del Caribe de ese deporte para este 2020, ser\u00e1&#46;&#46;&#46;","og_url":"https:\/\/noti-america.com\/site\/repdom\/2020\/10\/30\/fdff-da-a-conocer-fechas-campeonato-centroamericano-y-del-caribe-de-fisiculturismo-y-fitness-2020\/","og_site_name":"Rep. Dominicana | Noti-America.com","article_published_time":"2020-10-30T19:13:02+00:00","og_image":[{"width":640,"height":640,"url":"https:\/\/noti-america.com\/site\/repdom\/wp-content\/uploads\/sites\/6\/2020\/10\/Tony-Pena-R-y-Felix-Batista-G.jpg","type":"image\/jpeg"}],"author":"Ad\u00e1n Soriano","twitter_card":"summary_large_image","twitter_creator":"@adansoriano","twitter_misc":{"Escrito por":"Ad\u00e1n Soriano","Tiempo estimado de lectura":"1 minuto"},"schema":{"@context":"https:\/\/schema.org","@graph":[{"@type":"Article","@id":"https:\/\/noti-america.com\/site\/repdom\/2020\/10\/30\/fdff-da-a-conocer-fechas-campeonato-centroamericano-y-del-caribe-de-fisiculturismo-y-fitness-2020\/#article","isPartOf":{"@id":"https:\/\/noti-america.com\/site\/repdom\/2020\/10\/30\/fdff-da-a-conocer-fechas-campeonato-centroamericano-y-del-caribe-de-fisiculturismo-y-fitness-2020\/"},"author":{"name":"Ad\u00e1n Soriano","@id":"https:\/\/noti-america.com\/site\/repdom\/#\/schema\/person\/fd0092c1530d275fabaa5cffcbc2b976"},"headline":"FDFF da a conocer fechas campeonato Centroamericano y del Caribe de Fisiculturismo y Fitness 2020","datePublished":"2020-10-30T19:13:02+00:00","mainEntityOfPage":{"@id":"https:\/\/noti-america.com\/site\/repdom\/2020\/10\/30\/fdff-da-a-conocer-fechas-campeonato-centroamericano-y-del-caribe-de-fisiculturismo-y-fitness-2020\/"},"wordCount":288,"commentCount":0,"publisher":{"@id":"https:\/\/noti-america.com\/site\/repdom\/#organization"},"image":{"@id":"https:\/\/noti-america.com\/site\/repdom\/2020\/10\/30\/fdff-da-a-conocer-fechas-campeonato-centroamericano-y-del-caribe-de-fisiculturismo-y-fitness-2020\/#primaryimage"},"thumbnailUrl":"https:\/\/noti-america.com\/site\/repdom\/wp-content\/uploads\/sites\/6\/2020\/10\/Tony-Pena-R-y-Felix-Batista-G.jpg","keywords":["Campeonato Centroamericano y del Caribe","Federaci\u00f3n Dominicana de Fisiculturismo y Fitness"],"articleSection":["Deportes"],"inLanguage":"es","potentialAction":[{"@type":"CommentAction","name":"Comment","target":["https:\/\/noti-america.com\/site\/repdom\/2020\/10\/30\/fdff-da-a-conocer-fechas-campeonato-centroamericano-y-del-caribe-de-fisiculturismo-y-fitness-2020\/#respond"]}]},{"@type":"WebPage","@id":"https:\/\/noti-america.com\/site\/repdom\/2020\/10\/30\/fdff-da-a-conocer-fechas-campeonato-centroamericano-y-del-caribe-de-fisiculturismo-y-fitness-2020\/","url":"https:\/\/noti-america.com\/site\/repdom\/2020\/10\/30\/fdff-da-a-conocer-fechas-campeonato-centroamericano-y-del-caribe-de-fisiculturismo-y-fitness-2020\/","name":"FDFF da a conocer fechas campeonato Centroamericano y del Caribe de Fisiculturismo y Fitness 2020 - Rep. Dominicana | Noti-America.com","isPartOf":{"@id":"https:\/\/noti-america.com\/site\/repdom\/#website"},"primaryImageOfPage":{"@id":"https:\/\/noti-america.com\/site\/repdom\/2020\/10\/30\/fdff-da-a-conocer-fechas-campeonato-centroamericano-y-del-caribe-de-fisiculturismo-y-fitness-2020\/#primaryimage"},"image":{"@id":"https:\/\/noti-america.com\/site\/repdom\/2020\/10\/30\/fdff-da-a-conocer-fechas-campeonato-centroamericano-y-del-caribe-de-fisiculturismo-y-fitness-2020\/#primaryimage"},"thumbnailUrl":"https:\/\/noti-america.com\/site\/repdom\/wp-content\/uploads\/sites\/6\/2020\/10\/Tony-Pena-R-y-Felix-Batista-G.jpg","datePublished":"2020-10-30T19:13:02+00:00","breadcrumb":{"@id":"https:\/\/noti-america.com\/site\/repdom\/2020\/10\/30\/fdff-da-a-conocer-fechas-campeonato-centroamericano-y-del-caribe-de-fisiculturismo-y-fitness-2020\/#breadcrumb"},"inLanguage":"es","potentialAction":[{"@type":"ReadAction","target":["https:\/\/noti-america.com\/site\/repdom\/2020\/10\/30\/fdff-da-a-conocer-fechas-campeonato-centroamericano-y-del-caribe-de-fisiculturismo-y-fitness-2020\/"]}]},{"@type":"ImageObject","inLanguage":"es","@id":"https:\/\/noti-america.com\/site\/repdom\/2020\/10\/30\/fdff-da-a-conocer-fechas-campeonato-centroamericano-y-del-caribe-de-fisiculturismo-y-fitness-2020\/#primaryimage","url":"https:\/\/noti-america.com\/site\/repdom\/wp-content\/uploads\/sites\/6\/2020\/10\/Tony-Pena-R-y-Felix-Batista-G.jpg","contentUrl":"https:\/\/noti-america.com\/site\/repdom\/wp-content\/uploads\/sites\/6\/2020\/10\/Tony-Pena-R-y-Felix-Batista-G.jpg","width":640,"height":640},{"@type":"BreadcrumbList","@id":"https:\/\/noti-america.com\/site\/repdom\/2020\/10\/30\/fdff-da-a-conocer-fechas-campeonato-centroamericano-y-del-caribe-de-fisiculturismo-y-fitness-2020\/#breadcrumb","itemListElement":[{"@type":"ListItem","position":1,"name":"Portada","item":"https:\/\/noti-america.com\/site\/repdom\/"},{"@type":"ListItem","position":2,"name":"FDFF da a conocer fechas campeonato Centroamericano y del Caribe de Fisiculturismo y Fitness 2020"}]},{"@type":"WebSite","@id":"https:\/\/noti-america.com\/site\/repdom\/#website","url":"https:\/\/noti-america.com\/site\/repdom\/","name":"Rep. Dominicana | Noti-America.com","description":"","publisher":{"@id":"https:\/\/noti-america.com\/site\/repdom\/#organization"},"potentialAction":[{"@type":"SearchAction","target":{"@type":"EntryPoint","urlTemplate":"https:\/\/noti-america.com\/site\/repdom\/?s={search_term_string}"},"query-input":{"@type":"PropertyValueSpecification","valueRequired":true,"valueName":"search_term_string"}}],"inLanguage":"es"},{"@type":"Organization","@id":"https:\/\/noti-america.com\/site\/repdom\/#organization","name":"Noti-America LLC | Rep\u00fablica Dominicana","url":"https:\/\/noti-america.com\/site\/repdom\/","logo":{"@type":"ImageObject","inLanguage":"es","@id":"https:\/\/noti-america.com\/site\/repdom\/#\/schema\/logo\/image\/","url":"https:\/\/noti-america.com\/site\/repdom\/wp-content\/uploads\/sites\/6\/2020\/07\/LogoNA-4x3-1.jpg","contentUrl":"https:\/\/noti-america.com\/site\/repdom\/wp-content\/uploads\/sites\/6\/2020\/07\/LogoNA-4x3-1.jpg","width":1236,"height":1080,"caption":"Noti-America LLC | Rep\u00fablica Dominicana"},"image":{"@id":"https:\/\/noti-america.com\/site\/repdom\/#\/schema\/logo\/image\/"}},{"@type":"Person","@id":"https:\/\/noti-america.com\/site\/repdom\/#\/schema\/person\/fd0092c1530d275fabaa5cffcbc2b976","name":"Ad\u00e1n Soriano","image":{"@type":"ImageObject","inLanguage":"es","@id":"https:\/\/secure.gravatar.com\/avatar\/ecf97ff3aee7ff9efdae670d7e976f3e7e8acc1077e510d73707999a8bfd4467?s=96&d=mm&r=g","url":"https:\/\/secure.gravatar.com\/avatar\/ecf97ff3aee7ff9efdae670d7e976f3e7e8acc1077e510d73707999a8bfd4467?s=96&d=mm&r=g","contentUrl":"https:\/\/secure.gravatar.com\/avatar\/ecf97ff3aee7ff9efdae670d7e976f3e7e8acc1077e510d73707999a8bfd4467?s=96&d=mm&r=g","caption":"Ad\u00e1n Soriano"},"description":"Soy cronista deportivo con 10 a\u00f1os de experiencia en varios espacios, y conduzco el podcast deportivo llamado Mezcla Deportiva","sameAs":["https:\/\/x.com\/adansoriano"],"url":"https:\/\/noti-america.com\/site\/repdom\/author\/asoriano\/"}]}},"_links":{"self":[{"href":"https:\/\/noti-america.com\/site\/repdom\/wp-json\/wp\/v2\/posts\/5588","targetHints":{"allow":["GET"]}}],"collection":[{"href":"https:\/\/noti-america.com\/site\/repdom\/wp-json\/wp\/v2\/posts"}],"about":[{"href":"https:\/\/noti-america.com\/site\/repdom\/wp-json\/wp\/v2\/types\/post"}],"author":[{"embeddable":true,"href":"https:\/\/noti-america.com\/site\/repdom\/wp-json\/wp\/v2\/users\/89"}],"replies":[{"embeddable":true,"href":"https:\/\/noti-america.com\/site\/repdom\/wp-json\/wp\/v2\/comments?post=5588"}],"version-history":[{"count":1,"href":"https:\/\/noti-america.com\/site\/repdom\/wp-json\/wp\/v2\/posts\/5588\/revisions"}],"predecessor-version":[{"id":5590,"href":"https:\/\/noti-america.com\/site\/repdom\/wp-json\/wp\/v2\/posts\/5588\/revisions\/5590"}],"wp:featuredmedia":[{"embeddable":true,"href":"https:\/\/noti-america.com\/site\/repdom\/wp-json\/wp\/v2\/media\/5589"}],"wp:attachment":[{"href":"https:\/\/noti-america.com\/site\/repdom\/wp-json\/wp\/v2\/media?parent=5588"}],"wp:term":[{"taxonomy":"category","embeddable":true,"href":"https:\/\/noti-america.com\/site\/repdom\/wp-json\/wp\/v2\/categories?post=5588"},{"taxonomy":"post_tag","embeddable":true,"href":"https:\/\/noti-america.com\/site\/repdom\/wp-json\/wp\/v2\/tags?post=5588"}],"curies":[{"name":"wp","href":"https:\/\/api.w.org\/{rel}","templated":true}]}}