{"id":5536,"date":"2020-10-28T13:20:39","date_gmt":"2020-10-28T13:20:39","guid":{"rendered":"https:\/\/noti-america.com\/site\/repdom\/?p=5536"},"modified":"2020-10-28T13:20:39","modified_gmt":"2020-10-28T13:20:39","slug":"deportistas-puertoplatenos-ven-con-agrado-nombramiento-de-vinicio-clase","status":"publish","type":"post","link":"https:\/\/noti-america.com\/site\/repdom\/2020\/10\/28\/deportistas-puertoplatenos-ven-con-agrado-nombramiento-de-vinicio-clase\/","title":{"rendered":"Deportistas puertoplate\u00f1os ven con agrado nombramiento de Vinicio Clase"},"content":{"rendered":"<p style=\"text-align: justify\">PUERTO PLATA &#8211; Diferentes instituciones y figuras del ambiente deportivo de la zona norte han visto con agrado la designaci\u00f3n del lic. Vinicio Clase como nuevo director provincial de deportes de esta provincia.<\/p>\n<p style=\"text-align: justify\">Clase, un deportista a tiempo completo y actual presidente de la Asociaci\u00f3n de Baloncesto de Puerto Plata, fue juramentado el pasado domingo por el Ministro de Deportes Francisco Camacho en su visita a esta ciudad para supervisar los trabajos del Fabio Rafael Gonz\u00e1lez.<\/p>\n<p style=\"text-align: justify\">\u201cFelicitamos calurosamente a Vinicio Clase por su designaci\u00f3n como nuevo Director Provincial de Deportes, un hombre de deporte el cual siempre ha estado en las diferentes luchas por los mejores intereses de la provincia\u201d, dijo Pedro L\u00f3pez Ortega, presidente de la ACDPOP.<\/p>\n<p style=\"text-align: justify\">Otro que se expres\u00f3 sobre la juramentaci\u00f3n de Clase fue el ingeniero Luis M\u00e9ndez, ex-presidente de la Asociaci\u00f3n de Baloncesto y dirigente deportivo.<\/p>\n<p style=\"text-align: justify\">\u201cLos deportistas de Puerto Plata agradecemos la visita del ministro Francisco Camacho y la designaci\u00f3n de Vinicio Clase como director provincial de Deportes, uno de los nombramientos m\u00e1s acertado que hemos tenido en la provincia\u201d.<\/p>\n<p style=\"text-align: justify\">El licenciado Vinicio Clase ha sido presidente de la Liga del Atl\u00e1ntico, as\u00ed como tambi\u00e9n es el presidente provincial del sector deportivo en esta provincia del Partido Revolucionario Moderno (PRM).<\/p>\n<p style=\"text-align: justify\">\u201cCon el nombramiento de Vinicio Clase como director provincial, llega un deportista 100%\u201d, dijo el dr. William Grano de Oro, actual miembro del comit\u00e9 ejecutivo de la Federaci\u00f3n Dominicana de Baloncesto (FEDOMBAL).<\/p>\n<p style=\"text-align: justify\"><strong>Fuente: Luis Tom\u00e1s Rae<\/strong><\/p>\n","protected":false},"excerpt":{"rendered":"<p>PUERTO PLATA &#8211; Diferentes instituciones y figuras del ambiente deportivo de la zona norte han visto con agrado la designaci\u00f3n del lic. Vinicio Clase como nuevo director provincial de deportes de esta provincia. Clase,&#46;&#46;&#46;<\/p>\n","protected":false},"author":89,"featured_media":5488,"comment_status":"open","ping_status":"open","sticky":false,"template":"","format":"standard","meta":{"_acf_changed":false,"rop_custom_images_group":[],"rop_custom_messages_group":[],"rop_publish_now":"initial","rop_publish_now_accounts":[],"rop_publish_now_history":[],"rop_publish_now_status":"pending","footnotes":""},"categories":[16],"tags":[351,518],"class_list":["post-5536","post","type-post","status-publish","format-standard","has-post-thumbnail","hentry","category-deportes","tag-puerto-plata","tag-vinicio-clase"],"acf":[],"yoast_head":"<!-- This site is optimized with the Yoast SEO Premium plugin v24.9 (Yoast SEO v27.2) - https:\/\/yoast.com\/product\/yoast-seo-premium-wordpress\/ -->\n<title>Deportistas puertoplate\u00f1os ven con agrado nombramiento de Vinicio Clase - Rep. Dominicana | Noti-America.com<\/title>\n<meta name=\"robots\" content=\"index, follow, max-snippet:-1, max-image-preview:large, max-video-preview:-1\" \/>\n<link rel=\"canonical\" href=\"https:\/\/noti-america.com\/site\/repdom\/2020\/10\/28\/deportistas-puertoplatenos-ven-con-agrado-nombramiento-de-vinicio-clase\/\" \/>\n<meta property=\"og:locale\" content=\"es_ES\" \/>\n<meta property=\"og:type\" content=\"article\" \/>\n<meta property=\"og:title\" content=\"Deportistas puertoplate\u00f1os ven con agrado nombramiento de Vinicio Clase\" \/>\n<meta property=\"og:description\" content=\"PUERTO PLATA &#8211; Diferentes instituciones y figuras del ambiente deportivo de la zona norte han visto con agrado la designaci\u00f3n del lic. Vinicio Clase como nuevo director provincial de deportes de esta provincia. Clase,&#046;&#046;&#046;\" \/>\n<meta property=\"og:url\" content=\"https:\/\/noti-america.com\/site\/repdom\/2020\/10\/28\/deportistas-puertoplatenos-ven-con-agrado-nombramiento-de-vinicio-clase\/\" \/>\n<meta property=\"og:site_name\" content=\"Rep. Dominicana | Noti-America.com\" \/>\n<meta property=\"article:published_time\" content=\"2020-10-28T13:20:39+00:00\" \/>\n<meta property=\"og:image\" content=\"https:\/\/noti-america.com\/site\/repdom\/wp-content\/uploads\/sites\/6\/2020\/10\/Vinicio-Clase.jpg\" \/>\n\t<meta property=\"og:image:width\" content=\"1080\" \/>\n\t<meta property=\"og:image:height\" content=\"810\" \/>\n\t<meta property=\"og:image:type\" content=\"image\/jpeg\" \/>\n<meta name=\"author\" content=\"Ad\u00e1n Soriano\" \/>\n<meta name=\"twitter:card\" content=\"summary_large_image\" \/>\n<meta name=\"twitter:creator\" content=\"@adansoriano\" \/>\n<meta name=\"twitter:label1\" content=\"Escrito por\" \/>\n\t<meta name=\"twitter:data1\" content=\"Ad\u00e1n Soriano\" \/>\n\t<meta name=\"twitter:label2\" content=\"Tiempo estimado de lectura\" \/>\n\t<meta name=\"twitter:data2\" content=\"1 minuto\" \/>\n<script type=\"application\/ld+json\" class=\"yoast-schema-graph\">{\"@context\":\"https:\/\/schema.org\",\"@graph\":[{\"@type\":\"Article\",\"@id\":\"https:\/\/noti-america.com\/site\/repdom\/2020\/10\/28\/deportistas-puertoplatenos-ven-con-agrado-nombramiento-de-vinicio-clase\/#article\",\"isPartOf\":{\"@id\":\"https:\/\/noti-america.com\/site\/repdom\/2020\/10\/28\/deportistas-puertoplatenos-ven-con-agrado-nombramiento-de-vinicio-clase\/\"},\"author\":{\"name\":\"Ad\u00e1n Soriano\",\"@id\":\"https:\/\/noti-america.com\/site\/repdom\/#\/schema\/person\/fd0092c1530d275fabaa5cffcbc2b976\"},\"headline\":\"Deportistas puertoplate\u00f1os ven con agrado nombramiento de Vinicio Clase\",\"datePublished\":\"2020-10-28T13:20:39+00:00\",\"mainEntityOfPage\":{\"@id\":\"https:\/\/noti-america.com\/site\/repdom\/2020\/10\/28\/deportistas-puertoplatenos-ven-con-agrado-nombramiento-de-vinicio-clase\/\"},\"wordCount\":265,\"commentCount\":0,\"publisher\":{\"@id\":\"https:\/\/noti-america.com\/site\/repdom\/#organization\"},\"image\":{\"@id\":\"https:\/\/noti-america.com\/site\/repdom\/2020\/10\/28\/deportistas-puertoplatenos-ven-con-agrado-nombramiento-de-vinicio-clase\/#primaryimage\"},\"thumbnailUrl\":\"https:\/\/noti-america.com\/site\/repdom\/wp-content\/uploads\/sites\/6\/2020\/10\/Vinicio-Clase.jpg\",\"keywords\":[\"Puerto Plata\",\"Vinicio Clase\"],\"articleSection\":[\"Deportes\"],\"inLanguage\":\"es\",\"potentialAction\":[{\"@type\":\"CommentAction\",\"name\":\"Comment\",\"target\":[\"https:\/\/noti-america.com\/site\/repdom\/2020\/10\/28\/deportistas-puertoplatenos-ven-con-agrado-nombramiento-de-vinicio-clase\/#respond\"]}]},{\"@type\":\"WebPage\",\"@id\":\"https:\/\/noti-america.com\/site\/repdom\/2020\/10\/28\/deportistas-puertoplatenos-ven-con-agrado-nombramiento-de-vinicio-clase\/\",\"url\":\"https:\/\/noti-america.com\/site\/repdom\/2020\/10\/28\/deportistas-puertoplatenos-ven-con-agrado-nombramiento-de-vinicio-clase\/\",\"name\":\"Deportistas puertoplate\u00f1os ven con agrado nombramiento de Vinicio Clase - Rep. Dominicana | Noti-America.com\",\"isPartOf\":{\"@id\":\"https:\/\/noti-america.com\/site\/repdom\/#website\"},\"primaryImageOfPage\":{\"@id\":\"https:\/\/noti-america.com\/site\/repdom\/2020\/10\/28\/deportistas-puertoplatenos-ven-con-agrado-nombramiento-de-vinicio-clase\/#primaryimage\"},\"image\":{\"@id\":\"https:\/\/noti-america.com\/site\/repdom\/2020\/10\/28\/deportistas-puertoplatenos-ven-con-agrado-nombramiento-de-vinicio-clase\/#primaryimage\"},\"thumbnailUrl\":\"https:\/\/noti-america.com\/site\/repdom\/wp-content\/uploads\/sites\/6\/2020\/10\/Vinicio-Clase.jpg\",\"datePublished\":\"2020-10-28T13:20:39+00:00\",\"breadcrumb\":{\"@id\":\"https:\/\/noti-america.com\/site\/repdom\/2020\/10\/28\/deportistas-puertoplatenos-ven-con-agrado-nombramiento-de-vinicio-clase\/#breadcrumb\"},\"inLanguage\":\"es\",\"potentialAction\":[{\"@type\":\"ReadAction\",\"target\":[\"https:\/\/noti-america.com\/site\/repdom\/2020\/10\/28\/deportistas-puertoplatenos-ven-con-agrado-nombramiento-de-vinicio-clase\/\"]}]},{\"@type\":\"ImageObject\",\"inLanguage\":\"es\",\"@id\":\"https:\/\/noti-america.com\/site\/repdom\/2020\/10\/28\/deportistas-puertoplatenos-ven-con-agrado-nombramiento-de-vinicio-clase\/#primaryimage\",\"url\":\"https:\/\/noti-america.com\/site\/repdom\/wp-content\/uploads\/sites\/6\/2020\/10\/Vinicio-Clase.jpg\",\"contentUrl\":\"https:\/\/noti-america.com\/site\/repdom\/wp-content\/uploads\/sites\/6\/2020\/10\/Vinicio-Clase.jpg\",\"width\":1080,\"height\":810},{\"@type\":\"BreadcrumbList\",\"@id\":\"https:\/\/noti-america.com\/site\/repdom\/2020\/10\/28\/deportistas-puertoplatenos-ven-con-agrado-nombramiento-de-vinicio-clase\/#breadcrumb\",\"itemListElement\":[{\"@type\":\"ListItem\",\"position\":1,\"name\":\"Portada\",\"item\":\"https:\/\/noti-america.com\/site\/repdom\/\"},{\"@type\":\"ListItem\",\"position\":2,\"name\":\"Deportistas puertoplate\u00f1os ven con agrado nombramiento de Vinicio Clase\"}]},{\"@type\":\"WebSite\",\"@id\":\"https:\/\/noti-america.com\/site\/repdom\/#website\",\"url\":\"https:\/\/noti-america.com\/site\/repdom\/\",\"name\":\"Rep. Dominicana | Noti-America.com\",\"description\":\"\",\"publisher\":{\"@id\":\"https:\/\/noti-america.com\/site\/repdom\/#organization\"},\"potentialAction\":[{\"@type\":\"SearchAction\",\"target\":{\"@type\":\"EntryPoint\",\"urlTemplate\":\"https:\/\/noti-america.com\/site\/repdom\/?s={search_term_string}\"},\"query-input\":{\"@type\":\"PropertyValueSpecification\",\"valueRequired\":true,\"valueName\":\"search_term_string\"}}],\"inLanguage\":\"es\"},{\"@type\":\"Organization\",\"@id\":\"https:\/\/noti-america.com\/site\/repdom\/#organization\",\"name\":\"Noti-America LLC | Rep\u00fablica Dominicana\",\"url\":\"https:\/\/noti-america.com\/site\/repdom\/\",\"logo\":{\"@type\":\"ImageObject\",\"inLanguage\":\"es\",\"@id\":\"https:\/\/noti-america.com\/site\/repdom\/#\/schema\/logo\/image\/\",\"url\":\"https:\/\/noti-america.com\/site\/repdom\/wp-content\/uploads\/sites\/6\/2020\/07\/LogoNA-4x3-1.jpg\",\"contentUrl\":\"https:\/\/noti-america.com\/site\/repdom\/wp-content\/uploads\/sites\/6\/2020\/07\/LogoNA-4x3-1.jpg\",\"width\":1236,\"height\":1080,\"caption\":\"Noti-America LLC | Rep\u00fablica Dominicana\"},\"image\":{\"@id\":\"https:\/\/noti-america.com\/site\/repdom\/#\/schema\/logo\/image\/\"}},{\"@type\":\"Person\",\"@id\":\"https:\/\/noti-america.com\/site\/repdom\/#\/schema\/person\/fd0092c1530d275fabaa5cffcbc2b976\",\"name\":\"Ad\u00e1n Soriano\",\"image\":{\"@type\":\"ImageObject\",\"inLanguage\":\"es\",\"@id\":\"https:\/\/secure.gravatar.com\/avatar\/ecf97ff3aee7ff9efdae670d7e976f3e7e8acc1077e510d73707999a8bfd4467?s=96&d=mm&r=g\",\"url\":\"https:\/\/secure.gravatar.com\/avatar\/ecf97ff3aee7ff9efdae670d7e976f3e7e8acc1077e510d73707999a8bfd4467?s=96&d=mm&r=g\",\"contentUrl\":\"https:\/\/secure.gravatar.com\/avatar\/ecf97ff3aee7ff9efdae670d7e976f3e7e8acc1077e510d73707999a8bfd4467?s=96&d=mm&r=g\",\"caption\":\"Ad\u00e1n Soriano\"},\"description\":\"Soy cronista deportivo con 10 a\u00f1os de experiencia en varios espacios, y conduzco el podcast deportivo llamado Mezcla Deportiva\",\"sameAs\":[\"https:\/\/x.com\/adansoriano\"],\"url\":\"https:\/\/noti-america.com\/site\/repdom\/author\/asoriano\/\"}]}<\/script>\n<!-- \/ Yoast SEO Premium plugin. -->","yoast_head_json":{"title":"Deportistas puertoplate\u00f1os ven con agrado nombramiento de Vinicio Clase - Rep. Dominicana | Noti-America.com","robots":{"index":"index","follow":"follow","max-snippet":"max-snippet:-1","max-image-preview":"max-image-preview:large","max-video-preview":"max-video-preview:-1"},"canonical":"https:\/\/noti-america.com\/site\/repdom\/2020\/10\/28\/deportistas-puertoplatenos-ven-con-agrado-nombramiento-de-vinicio-clase\/","og_locale":"es_ES","og_type":"article","og_title":"Deportistas puertoplate\u00f1os ven con agrado nombramiento de Vinicio Clase","og_description":"PUERTO PLATA &#8211; Diferentes instituciones y figuras del ambiente deportivo de la zona norte han visto con agrado la designaci\u00f3n del lic. Vinicio Clase como nuevo director provincial de deportes de esta provincia. Clase,&#46;&#46;&#46;","og_url":"https:\/\/noti-america.com\/site\/repdom\/2020\/10\/28\/deportistas-puertoplatenos-ven-con-agrado-nombramiento-de-vinicio-clase\/","og_site_name":"Rep. Dominicana | Noti-America.com","article_published_time":"2020-10-28T13:20:39+00:00","og_image":[{"width":1080,"height":810,"url":"https:\/\/noti-america.com\/site\/repdom\/wp-content\/uploads\/sites\/6\/2020\/10\/Vinicio-Clase.jpg","type":"image\/jpeg"}],"author":"Ad\u00e1n Soriano","twitter_card":"summary_large_image","twitter_creator":"@adansoriano","twitter_misc":{"Escrito por":"Ad\u00e1n Soriano","Tiempo estimado de lectura":"1 minuto"},"schema":{"@context":"https:\/\/schema.org","@graph":[{"@type":"Article","@id":"https:\/\/noti-america.com\/site\/repdom\/2020\/10\/28\/deportistas-puertoplatenos-ven-con-agrado-nombramiento-de-vinicio-clase\/#article","isPartOf":{"@id":"https:\/\/noti-america.com\/site\/repdom\/2020\/10\/28\/deportistas-puertoplatenos-ven-con-agrado-nombramiento-de-vinicio-clase\/"},"author":{"name":"Ad\u00e1n Soriano","@id":"https:\/\/noti-america.com\/site\/repdom\/#\/schema\/person\/fd0092c1530d275fabaa5cffcbc2b976"},"headline":"Deportistas puertoplate\u00f1os ven con agrado nombramiento de Vinicio Clase","datePublished":"2020-10-28T13:20:39+00:00","mainEntityOfPage":{"@id":"https:\/\/noti-america.com\/site\/repdom\/2020\/10\/28\/deportistas-puertoplatenos-ven-con-agrado-nombramiento-de-vinicio-clase\/"},"wordCount":265,"commentCount":0,"publisher":{"@id":"https:\/\/noti-america.com\/site\/repdom\/#organization"},"image":{"@id":"https:\/\/noti-america.com\/site\/repdom\/2020\/10\/28\/deportistas-puertoplatenos-ven-con-agrado-nombramiento-de-vinicio-clase\/#primaryimage"},"thumbnailUrl":"https:\/\/noti-america.com\/site\/repdom\/wp-content\/uploads\/sites\/6\/2020\/10\/Vinicio-Clase.jpg","keywords":["Puerto Plata","Vinicio Clase"],"articleSection":["Deportes"],"inLanguage":"es","potentialAction":[{"@type":"CommentAction","name":"Comment","target":["https:\/\/noti-america.com\/site\/repdom\/2020\/10\/28\/deportistas-puertoplatenos-ven-con-agrado-nombramiento-de-vinicio-clase\/#respond"]}]},{"@type":"WebPage","@id":"https:\/\/noti-america.com\/site\/repdom\/2020\/10\/28\/deportistas-puertoplatenos-ven-con-agrado-nombramiento-de-vinicio-clase\/","url":"https:\/\/noti-america.com\/site\/repdom\/2020\/10\/28\/deportistas-puertoplatenos-ven-con-agrado-nombramiento-de-vinicio-clase\/","name":"Deportistas puertoplate\u00f1os ven con agrado nombramiento de Vinicio Clase - Rep. Dominicana | Noti-America.com","isPartOf":{"@id":"https:\/\/noti-america.com\/site\/repdom\/#website"},"primaryImageOfPage":{"@id":"https:\/\/noti-america.com\/site\/repdom\/2020\/10\/28\/deportistas-puertoplatenos-ven-con-agrado-nombramiento-de-vinicio-clase\/#primaryimage"},"image":{"@id":"https:\/\/noti-america.com\/site\/repdom\/2020\/10\/28\/deportistas-puertoplatenos-ven-con-agrado-nombramiento-de-vinicio-clase\/#primaryimage"},"thumbnailUrl":"https:\/\/noti-america.com\/site\/repdom\/wp-content\/uploads\/sites\/6\/2020\/10\/Vinicio-Clase.jpg","datePublished":"2020-10-28T13:20:39+00:00","breadcrumb":{"@id":"https:\/\/noti-america.com\/site\/repdom\/2020\/10\/28\/deportistas-puertoplatenos-ven-con-agrado-nombramiento-de-vinicio-clase\/#breadcrumb"},"inLanguage":"es","potentialAction":[{"@type":"ReadAction","target":["https:\/\/noti-america.com\/site\/repdom\/2020\/10\/28\/deportistas-puertoplatenos-ven-con-agrado-nombramiento-de-vinicio-clase\/"]}]},{"@type":"ImageObject","inLanguage":"es","@id":"https:\/\/noti-america.com\/site\/repdom\/2020\/10\/28\/deportistas-puertoplatenos-ven-con-agrado-nombramiento-de-vinicio-clase\/#primaryimage","url":"https:\/\/noti-america.com\/site\/repdom\/wp-content\/uploads\/sites\/6\/2020\/10\/Vinicio-Clase.jpg","contentUrl":"https:\/\/noti-america.com\/site\/repdom\/wp-content\/uploads\/sites\/6\/2020\/10\/Vinicio-Clase.jpg","width":1080,"height":810},{"@type":"BreadcrumbList","@id":"https:\/\/noti-america.com\/site\/repdom\/2020\/10\/28\/deportistas-puertoplatenos-ven-con-agrado-nombramiento-de-vinicio-clase\/#breadcrumb","itemListElement":[{"@type":"ListItem","position":1,"name":"Portada","item":"https:\/\/noti-america.com\/site\/repdom\/"},{"@type":"ListItem","position":2,"name":"Deportistas puertoplate\u00f1os ven con agrado nombramiento de Vinicio Clase"}]},{"@type":"WebSite","@id":"https:\/\/noti-america.com\/site\/repdom\/#website","url":"https:\/\/noti-america.com\/site\/repdom\/","name":"Rep. Dominicana | Noti-America.com","description":"","publisher":{"@id":"https:\/\/noti-america.com\/site\/repdom\/#organization"},"potentialAction":[{"@type":"SearchAction","target":{"@type":"EntryPoint","urlTemplate":"https:\/\/noti-america.com\/site\/repdom\/?s={search_term_string}"},"query-input":{"@type":"PropertyValueSpecification","valueRequired":true,"valueName":"search_term_string"}}],"inLanguage":"es"},{"@type":"Organization","@id":"https:\/\/noti-america.com\/site\/repdom\/#organization","name":"Noti-America LLC | Rep\u00fablica Dominicana","url":"https:\/\/noti-america.com\/site\/repdom\/","logo":{"@type":"ImageObject","inLanguage":"es","@id":"https:\/\/noti-america.com\/site\/repdom\/#\/schema\/logo\/image\/","url":"https:\/\/noti-america.com\/site\/repdom\/wp-content\/uploads\/sites\/6\/2020\/07\/LogoNA-4x3-1.jpg","contentUrl":"https:\/\/noti-america.com\/site\/repdom\/wp-content\/uploads\/sites\/6\/2020\/07\/LogoNA-4x3-1.jpg","width":1236,"height":1080,"caption":"Noti-America LLC | Rep\u00fablica Dominicana"},"image":{"@id":"https:\/\/noti-america.com\/site\/repdom\/#\/schema\/logo\/image\/"}},{"@type":"Person","@id":"https:\/\/noti-america.com\/site\/repdom\/#\/schema\/person\/fd0092c1530d275fabaa5cffcbc2b976","name":"Ad\u00e1n Soriano","image":{"@type":"ImageObject","inLanguage":"es","@id":"https:\/\/secure.gravatar.com\/avatar\/ecf97ff3aee7ff9efdae670d7e976f3e7e8acc1077e510d73707999a8bfd4467?s=96&d=mm&r=g","url":"https:\/\/secure.gravatar.com\/avatar\/ecf97ff3aee7ff9efdae670d7e976f3e7e8acc1077e510d73707999a8bfd4467?s=96&d=mm&r=g","contentUrl":"https:\/\/secure.gravatar.com\/avatar\/ecf97ff3aee7ff9efdae670d7e976f3e7e8acc1077e510d73707999a8bfd4467?s=96&d=mm&r=g","caption":"Ad\u00e1n Soriano"},"description":"Soy cronista deportivo con 10 a\u00f1os de experiencia en varios espacios, y conduzco el podcast deportivo llamado Mezcla Deportiva","sameAs":["https:\/\/x.com\/adansoriano"],"url":"https:\/\/noti-america.com\/site\/repdom\/author\/asoriano\/"}]}},"_links":{"self":[{"href":"https:\/\/noti-america.com\/site\/repdom\/wp-json\/wp\/v2\/posts\/5536","targetHints":{"allow":["GET"]}}],"collection":[{"href":"https:\/\/noti-america.com\/site\/repdom\/wp-json\/wp\/v2\/posts"}],"about":[{"href":"https:\/\/noti-america.com\/site\/repdom\/wp-json\/wp\/v2\/types\/post"}],"author":[{"embeddable":true,"href":"https:\/\/noti-america.com\/site\/repdom\/wp-json\/wp\/v2\/users\/89"}],"replies":[{"embeddable":true,"href":"https:\/\/noti-america.com\/site\/repdom\/wp-json\/wp\/v2\/comments?post=5536"}],"version-history":[{"count":1,"href":"https:\/\/noti-america.com\/site\/repdom\/wp-json\/wp\/v2\/posts\/5536\/revisions"}],"predecessor-version":[{"id":5537,"href":"https:\/\/noti-america.com\/site\/repdom\/wp-json\/wp\/v2\/posts\/5536\/revisions\/5537"}],"wp:featuredmedia":[{"embeddable":true,"href":"https:\/\/noti-america.com\/site\/repdom\/wp-json\/wp\/v2\/media\/5488"}],"wp:attachment":[{"href":"https:\/\/noti-america.com\/site\/repdom\/wp-json\/wp\/v2\/media?parent=5536"}],"wp:term":[{"taxonomy":"category","embeddable":true,"href":"https:\/\/noti-america.com\/site\/repdom\/wp-json\/wp\/v2\/categories?post=5536"},{"taxonomy":"post_tag","embeddable":true,"href":"https:\/\/noti-america.com\/site\/repdom\/wp-json\/wp\/v2\/tags?post=5536"}],"curies":[{"name":"wp","href":"https:\/\/api.w.org\/{rel}","templated":true}]}}