{"id":5499,"date":"2020-10-26T13:10:06","date_gmt":"2020-10-26T13:10:06","guid":{"rendered":"https:\/\/noti-america.com\/site\/repdom\/?p=5499"},"modified":"2020-10-26T13:10:06","modified_gmt":"2020-10-26T13:10:06","slug":"nestor-cortes-retorna-con-las-estrellas","status":"publish","type":"post","link":"https:\/\/noti-america.com\/site\/repdom\/2020\/10\/26\/nestor-cortes-retorna-con-las-estrellas\/","title":{"rendered":"N\u00e9stor Cort\u00e9s retorna con las Estrellas"},"content":{"rendered":"<p style=\"text-align: justify\">SAN PEDRO DE MACOR\u00cdS &#8211; El lanzador cubano N\u00e9stor Cort\u00e9s ser\u00e1 uno de los importados de las Estrellas Orientales en el torneo de b\u00e9isbol profesional que comenzar\u00e1 en el pa\u00eds el 15 de noviembre, anunci\u00f3 el vicepresidente de operaciones del club, Manny Acta.<\/p>\n<p style=\"text-align: justify\">Cort\u00e9s militar\u00e1 con las Estrellas por cuarta temporada seguida. En tres campa\u00f1as, suma r\u00e9cord de 4-2, con ERA de 2.26 en 14 juegos (todos como abridor) de Serie Regular.<\/p>\n<p style=\"text-align: justify\">El tirador zurdo fue pieza clave en la maquinaria que llev\u00f3 a las Estrellas a conquistar el t\u00edtulo de equipo campe\u00f3n en el torneo 2018-2019, cuando tuvo r\u00e9cord de 2-0, con 1.71 de promedio de carreras limpias en 8 aperturas en la Serie Regular.<\/p>\n<p style=\"text-align: justify\">Luego en la postemporada, Cort\u00e9s tuvo foja de 2-0, con 2.19 de efectividad en el Round Robin, en el cual relev\u00f3 en uno de sus tres partidos lanzados. En la Serie Final, tambi\u00e9n tuvo r\u00e9cord de 2-0. No permiti\u00f3 carrera en dos aperturas y 12 entradas, concluyendo con marca general en la temporada de 6-0.<\/p>\n<p style=\"text-align: justify\">En la campa\u00f1a pasada, Cort\u00e9s solo actu\u00f3 en dos partidos y sum\u00f3 4 entradas.<\/p>\n<p style=\"text-align: justify\">Con Cort\u00e9s son tres los lanzadores abridores anunciados como importados de las Estrellas, por el vicepresidente Acta. Los otros dos cuyos nombrados han sido revelados son los norteamericanos Evan MacLane (zurdo) y Forrest Snow. Tambi\u00e9n el del relevista Matt Pobereyko.<\/p>\n<p style=\"text-align: justify\">Ahora quedan pendiente los anuncios de otros tres lanzadores abridores, para completar los seis que importar\u00e1n las Estrellas, seg\u00fan ha se\u00f1alado Acta, quien tambi\u00e9n ya dio a conocer los nombres de Eric Filia (jardinero e inicialista) y el paname\u00f1o Christian Bethancourt (catcher) como integrantes del pelot\u00f3n de importados de su club para la venidera campa\u00f1a. Filia se encuentra entrenando con el equipo.<\/p>\n<p style=\"text-align: justify\">Acta ha se\u00f1alado tambi\u00e9n que las Estrellas importar\u00e1n un jardinero adicional a Filia y Bethancourt, entre sus jugadores de ofensiva.<\/p>\n<p style=\"text-align: justify\"><strong>Fuente: Prensa Estrellas Orientales<\/strong><\/p>\n","protected":false},"excerpt":{"rendered":"<p>SAN PEDRO DE MACOR\u00cdS &#8211; El lanzador cubano N\u00e9stor Cort\u00e9s ser\u00e1 uno de los importados de las Estrellas Orientales en el torneo de b\u00e9isbol profesional que comenzar\u00e1 en el pa\u00eds el 15 de noviembre,&#46;&#46;&#46;<\/p>\n","protected":false},"author":89,"featured_media":5506,"comment_status":"open","ping_status":"open","sticky":false,"template":"","format":"standard","meta":{"_acf_changed":false,"rop_custom_images_group":[],"rop_custom_messages_group":[],"rop_publish_now":"initial","rop_publish_now_accounts":[],"rop_publish_now_history":[],"rop_publish_now_status":"pending","footnotes":""},"categories":[16],"tags":[119,158,122,520,519],"class_list":["post-5499","post","type-post","status-publish","format-standard","has-post-thumbnail","hentry","category-deportes","tag-beisbol-dominicano","tag-estrellas-orientales","tag-liga-dominicana-de-beisbol-profesional","tag-nestor-cortes","tag-peloteros-cubanos"],"acf":[],"yoast_head":"<!-- This site is optimized with the Yoast SEO Premium plugin v24.9 (Yoast SEO v27.2) - https:\/\/yoast.com\/product\/yoast-seo-premium-wordpress\/ -->\n<title>N\u00e9stor Cort\u00e9s retorna con las Estrellas - Rep. Dominicana | Noti-America.com<\/title>\n<meta name=\"robots\" content=\"index, follow, max-snippet:-1, max-image-preview:large, max-video-preview:-1\" \/>\n<link rel=\"canonical\" href=\"https:\/\/noti-america.com\/site\/repdom\/2020\/10\/26\/nestor-cortes-retorna-con-las-estrellas\/\" \/>\n<meta property=\"og:locale\" content=\"es_ES\" \/>\n<meta property=\"og:type\" content=\"article\" \/>\n<meta property=\"og:title\" content=\"N\u00e9stor Cort\u00e9s retorna con las Estrellas\" \/>\n<meta property=\"og:description\" content=\"SAN PEDRO DE MACOR\u00cdS &#8211; El lanzador cubano N\u00e9stor Cort\u00e9s ser\u00e1 uno de los importados de las Estrellas Orientales en el torneo de b\u00e9isbol profesional que comenzar\u00e1 en el pa\u00eds el 15 de noviembre,&#046;&#046;&#046;\" \/>\n<meta property=\"og:url\" content=\"https:\/\/noti-america.com\/site\/repdom\/2020\/10\/26\/nestor-cortes-retorna-con-las-estrellas\/\" \/>\n<meta property=\"og:site_name\" content=\"Rep. Dominicana | Noti-America.com\" \/>\n<meta property=\"article:published_time\" content=\"2020-10-26T13:10:06+00:00\" \/>\n<meta property=\"og:image\" content=\"https:\/\/noti-america.com\/site\/repdom\/wp-content\/uploads\/sites\/6\/2020\/10\/NESTOR-CORTES-01.jpg\" \/>\n\t<meta property=\"og:image:width\" content=\"2500\" \/>\n\t<meta property=\"og:image:height\" content=\"1668\" \/>\n\t<meta property=\"og:image:type\" content=\"image\/jpeg\" \/>\n<meta name=\"author\" content=\"Ad\u00e1n Soriano\" \/>\n<meta name=\"twitter:card\" content=\"summary_large_image\" \/>\n<meta name=\"twitter:creator\" content=\"@adansoriano\" \/>\n<meta name=\"twitter:label1\" content=\"Escrito por\" \/>\n\t<meta name=\"twitter:data1\" content=\"Ad\u00e1n Soriano\" \/>\n\t<meta name=\"twitter:label2\" content=\"Tiempo estimado de lectura\" \/>\n\t<meta name=\"twitter:data2\" content=\"2 minutos\" \/>\n<script type=\"application\/ld+json\" class=\"yoast-schema-graph\">{\"@context\":\"https:\/\/schema.org\",\"@graph\":[{\"@type\":\"Article\",\"@id\":\"https:\/\/noti-america.com\/site\/repdom\/2020\/10\/26\/nestor-cortes-retorna-con-las-estrellas\/#article\",\"isPartOf\":{\"@id\":\"https:\/\/noti-america.com\/site\/repdom\/2020\/10\/26\/nestor-cortes-retorna-con-las-estrellas\/\"},\"author\":{\"name\":\"Ad\u00e1n Soriano\",\"@id\":\"https:\/\/noti-america.com\/site\/repdom\/#\/schema\/person\/fd0092c1530d275fabaa5cffcbc2b976\"},\"headline\":\"N\u00e9stor Cort\u00e9s retorna con las Estrellas\",\"datePublished\":\"2020-10-26T13:10:06+00:00\",\"mainEntityOfPage\":{\"@id\":\"https:\/\/noti-america.com\/site\/repdom\/2020\/10\/26\/nestor-cortes-retorna-con-las-estrellas\/\"},\"wordCount\":339,\"commentCount\":0,\"publisher\":{\"@id\":\"https:\/\/noti-america.com\/site\/repdom\/#organization\"},\"image\":{\"@id\":\"https:\/\/noti-america.com\/site\/repdom\/2020\/10\/26\/nestor-cortes-retorna-con-las-estrellas\/#primaryimage\"},\"thumbnailUrl\":\"https:\/\/noti-america.com\/site\/repdom\/wp-content\/uploads\/sites\/6\/2020\/10\/NESTOR-CORTES-01.jpg\",\"keywords\":[\"B\u00e9isbol Dominicano\",\"Estrellas Orientales\",\"Liga Dominicana de B\u00e9isbol Profesional\",\"N\u00e9stor Cort\u00e9s\",\"Peloteros Cubanos\"],\"articleSection\":[\"Deportes\"],\"inLanguage\":\"es\",\"potentialAction\":[{\"@type\":\"CommentAction\",\"name\":\"Comment\",\"target\":[\"https:\/\/noti-america.com\/site\/repdom\/2020\/10\/26\/nestor-cortes-retorna-con-las-estrellas\/#respond\"]}]},{\"@type\":\"WebPage\",\"@id\":\"https:\/\/noti-america.com\/site\/repdom\/2020\/10\/26\/nestor-cortes-retorna-con-las-estrellas\/\",\"url\":\"https:\/\/noti-america.com\/site\/repdom\/2020\/10\/26\/nestor-cortes-retorna-con-las-estrellas\/\",\"name\":\"N\u00e9stor Cort\u00e9s retorna con las Estrellas - Rep. Dominicana | Noti-America.com\",\"isPartOf\":{\"@id\":\"https:\/\/noti-america.com\/site\/repdom\/#website\"},\"primaryImageOfPage\":{\"@id\":\"https:\/\/noti-america.com\/site\/repdom\/2020\/10\/26\/nestor-cortes-retorna-con-las-estrellas\/#primaryimage\"},\"image\":{\"@id\":\"https:\/\/noti-america.com\/site\/repdom\/2020\/10\/26\/nestor-cortes-retorna-con-las-estrellas\/#primaryimage\"},\"thumbnailUrl\":\"https:\/\/noti-america.com\/site\/repdom\/wp-content\/uploads\/sites\/6\/2020\/10\/NESTOR-CORTES-01.jpg\",\"datePublished\":\"2020-10-26T13:10:06+00:00\",\"breadcrumb\":{\"@id\":\"https:\/\/noti-america.com\/site\/repdom\/2020\/10\/26\/nestor-cortes-retorna-con-las-estrellas\/#breadcrumb\"},\"inLanguage\":\"es\",\"potentialAction\":[{\"@type\":\"ReadAction\",\"target\":[\"https:\/\/noti-america.com\/site\/repdom\/2020\/10\/26\/nestor-cortes-retorna-con-las-estrellas\/\"]}]},{\"@type\":\"ImageObject\",\"inLanguage\":\"es\",\"@id\":\"https:\/\/noti-america.com\/site\/repdom\/2020\/10\/26\/nestor-cortes-retorna-con-las-estrellas\/#primaryimage\",\"url\":\"https:\/\/noti-america.com\/site\/repdom\/wp-content\/uploads\/sites\/6\/2020\/10\/NESTOR-CORTES-01.jpg\",\"contentUrl\":\"https:\/\/noti-america.com\/site\/repdom\/wp-content\/uploads\/sites\/6\/2020\/10\/NESTOR-CORTES-01.jpg\",\"width\":2500,\"height\":1668},{\"@type\":\"BreadcrumbList\",\"@id\":\"https:\/\/noti-america.com\/site\/repdom\/2020\/10\/26\/nestor-cortes-retorna-con-las-estrellas\/#breadcrumb\",\"itemListElement\":[{\"@type\":\"ListItem\",\"position\":1,\"name\":\"Portada\",\"item\":\"https:\/\/noti-america.com\/site\/repdom\/\"},{\"@type\":\"ListItem\",\"position\":2,\"name\":\"N\u00e9stor Cort\u00e9s retorna con las Estrellas\"}]},{\"@type\":\"WebSite\",\"@id\":\"https:\/\/noti-america.com\/site\/repdom\/#website\",\"url\":\"https:\/\/noti-america.com\/site\/repdom\/\",\"name\":\"Rep. Dominicana | Noti-America.com\",\"description\":\"\",\"publisher\":{\"@id\":\"https:\/\/noti-america.com\/site\/repdom\/#organization\"},\"potentialAction\":[{\"@type\":\"SearchAction\",\"target\":{\"@type\":\"EntryPoint\",\"urlTemplate\":\"https:\/\/noti-america.com\/site\/repdom\/?s={search_term_string}\"},\"query-input\":{\"@type\":\"PropertyValueSpecification\",\"valueRequired\":true,\"valueName\":\"search_term_string\"}}],\"inLanguage\":\"es\"},{\"@type\":\"Organization\",\"@id\":\"https:\/\/noti-america.com\/site\/repdom\/#organization\",\"name\":\"Noti-America LLC | Rep\u00fablica Dominicana\",\"url\":\"https:\/\/noti-america.com\/site\/repdom\/\",\"logo\":{\"@type\":\"ImageObject\",\"inLanguage\":\"es\",\"@id\":\"https:\/\/noti-america.com\/site\/repdom\/#\/schema\/logo\/image\/\",\"url\":\"https:\/\/noti-america.com\/site\/repdom\/wp-content\/uploads\/sites\/6\/2020\/07\/LogoNA-4x3-1.jpg\",\"contentUrl\":\"https:\/\/noti-america.com\/site\/repdom\/wp-content\/uploads\/sites\/6\/2020\/07\/LogoNA-4x3-1.jpg\",\"width\":1236,\"height\":1080,\"caption\":\"Noti-America LLC | Rep\u00fablica Dominicana\"},\"image\":{\"@id\":\"https:\/\/noti-america.com\/site\/repdom\/#\/schema\/logo\/image\/\"}},{\"@type\":\"Person\",\"@id\":\"https:\/\/noti-america.com\/site\/repdom\/#\/schema\/person\/fd0092c1530d275fabaa5cffcbc2b976\",\"name\":\"Ad\u00e1n Soriano\",\"image\":{\"@type\":\"ImageObject\",\"inLanguage\":\"es\",\"@id\":\"https:\/\/secure.gravatar.com\/avatar\/ecf97ff3aee7ff9efdae670d7e976f3e7e8acc1077e510d73707999a8bfd4467?s=96&d=mm&r=g\",\"url\":\"https:\/\/secure.gravatar.com\/avatar\/ecf97ff3aee7ff9efdae670d7e976f3e7e8acc1077e510d73707999a8bfd4467?s=96&d=mm&r=g\",\"contentUrl\":\"https:\/\/secure.gravatar.com\/avatar\/ecf97ff3aee7ff9efdae670d7e976f3e7e8acc1077e510d73707999a8bfd4467?s=96&d=mm&r=g\",\"caption\":\"Ad\u00e1n Soriano\"},\"description\":\"Soy cronista deportivo con 10 a\u00f1os de experiencia en varios espacios, y conduzco el podcast deportivo llamado Mezcla Deportiva\",\"sameAs\":[\"https:\/\/x.com\/adansoriano\"],\"url\":\"https:\/\/noti-america.com\/site\/repdom\/author\/asoriano\/\"}]}<\/script>\n<!-- \/ Yoast SEO Premium plugin. -->","yoast_head_json":{"title":"N\u00e9stor Cort\u00e9s retorna con las Estrellas - Rep. Dominicana | Noti-America.com","robots":{"index":"index","follow":"follow","max-snippet":"max-snippet:-1","max-image-preview":"max-image-preview:large","max-video-preview":"max-video-preview:-1"},"canonical":"https:\/\/noti-america.com\/site\/repdom\/2020\/10\/26\/nestor-cortes-retorna-con-las-estrellas\/","og_locale":"es_ES","og_type":"article","og_title":"N\u00e9stor Cort\u00e9s retorna con las Estrellas","og_description":"SAN PEDRO DE MACOR\u00cdS &#8211; El lanzador cubano N\u00e9stor Cort\u00e9s ser\u00e1 uno de los importados de las Estrellas Orientales en el torneo de b\u00e9isbol profesional que comenzar\u00e1 en el pa\u00eds el 15 de noviembre,&#46;&#46;&#46;","og_url":"https:\/\/noti-america.com\/site\/repdom\/2020\/10\/26\/nestor-cortes-retorna-con-las-estrellas\/","og_site_name":"Rep. Dominicana | Noti-America.com","article_published_time":"2020-10-26T13:10:06+00:00","og_image":[{"width":2500,"height":1668,"url":"https:\/\/noti-america.com\/site\/repdom\/wp-content\/uploads\/sites\/6\/2020\/10\/NESTOR-CORTES-01.jpg","type":"image\/jpeg"}],"author":"Ad\u00e1n Soriano","twitter_card":"summary_large_image","twitter_creator":"@adansoriano","twitter_misc":{"Escrito por":"Ad\u00e1n Soriano","Tiempo estimado de lectura":"2 minutos"},"schema":{"@context":"https:\/\/schema.org","@graph":[{"@type":"Article","@id":"https:\/\/noti-america.com\/site\/repdom\/2020\/10\/26\/nestor-cortes-retorna-con-las-estrellas\/#article","isPartOf":{"@id":"https:\/\/noti-america.com\/site\/repdom\/2020\/10\/26\/nestor-cortes-retorna-con-las-estrellas\/"},"author":{"name":"Ad\u00e1n Soriano","@id":"https:\/\/noti-america.com\/site\/repdom\/#\/schema\/person\/fd0092c1530d275fabaa5cffcbc2b976"},"headline":"N\u00e9stor Cort\u00e9s retorna con las Estrellas","datePublished":"2020-10-26T13:10:06+00:00","mainEntityOfPage":{"@id":"https:\/\/noti-america.com\/site\/repdom\/2020\/10\/26\/nestor-cortes-retorna-con-las-estrellas\/"},"wordCount":339,"commentCount":0,"publisher":{"@id":"https:\/\/noti-america.com\/site\/repdom\/#organization"},"image":{"@id":"https:\/\/noti-america.com\/site\/repdom\/2020\/10\/26\/nestor-cortes-retorna-con-las-estrellas\/#primaryimage"},"thumbnailUrl":"https:\/\/noti-america.com\/site\/repdom\/wp-content\/uploads\/sites\/6\/2020\/10\/NESTOR-CORTES-01.jpg","keywords":["B\u00e9isbol Dominicano","Estrellas Orientales","Liga Dominicana de B\u00e9isbol Profesional","N\u00e9stor Cort\u00e9s","Peloteros Cubanos"],"articleSection":["Deportes"],"inLanguage":"es","potentialAction":[{"@type":"CommentAction","name":"Comment","target":["https:\/\/noti-america.com\/site\/repdom\/2020\/10\/26\/nestor-cortes-retorna-con-las-estrellas\/#respond"]}]},{"@type":"WebPage","@id":"https:\/\/noti-america.com\/site\/repdom\/2020\/10\/26\/nestor-cortes-retorna-con-las-estrellas\/","url":"https:\/\/noti-america.com\/site\/repdom\/2020\/10\/26\/nestor-cortes-retorna-con-las-estrellas\/","name":"N\u00e9stor Cort\u00e9s retorna con las Estrellas - Rep. Dominicana | Noti-America.com","isPartOf":{"@id":"https:\/\/noti-america.com\/site\/repdom\/#website"},"primaryImageOfPage":{"@id":"https:\/\/noti-america.com\/site\/repdom\/2020\/10\/26\/nestor-cortes-retorna-con-las-estrellas\/#primaryimage"},"image":{"@id":"https:\/\/noti-america.com\/site\/repdom\/2020\/10\/26\/nestor-cortes-retorna-con-las-estrellas\/#primaryimage"},"thumbnailUrl":"https:\/\/noti-america.com\/site\/repdom\/wp-content\/uploads\/sites\/6\/2020\/10\/NESTOR-CORTES-01.jpg","datePublished":"2020-10-26T13:10:06+00:00","breadcrumb":{"@id":"https:\/\/noti-america.com\/site\/repdom\/2020\/10\/26\/nestor-cortes-retorna-con-las-estrellas\/#breadcrumb"},"inLanguage":"es","potentialAction":[{"@type":"ReadAction","target":["https:\/\/noti-america.com\/site\/repdom\/2020\/10\/26\/nestor-cortes-retorna-con-las-estrellas\/"]}]},{"@type":"ImageObject","inLanguage":"es","@id":"https:\/\/noti-america.com\/site\/repdom\/2020\/10\/26\/nestor-cortes-retorna-con-las-estrellas\/#primaryimage","url":"https:\/\/noti-america.com\/site\/repdom\/wp-content\/uploads\/sites\/6\/2020\/10\/NESTOR-CORTES-01.jpg","contentUrl":"https:\/\/noti-america.com\/site\/repdom\/wp-content\/uploads\/sites\/6\/2020\/10\/NESTOR-CORTES-01.jpg","width":2500,"height":1668},{"@type":"BreadcrumbList","@id":"https:\/\/noti-america.com\/site\/repdom\/2020\/10\/26\/nestor-cortes-retorna-con-las-estrellas\/#breadcrumb","itemListElement":[{"@type":"ListItem","position":1,"name":"Portada","item":"https:\/\/noti-america.com\/site\/repdom\/"},{"@type":"ListItem","position":2,"name":"N\u00e9stor Cort\u00e9s retorna con las Estrellas"}]},{"@type":"WebSite","@id":"https:\/\/noti-america.com\/site\/repdom\/#website","url":"https:\/\/noti-america.com\/site\/repdom\/","name":"Rep. Dominicana | Noti-America.com","description":"","publisher":{"@id":"https:\/\/noti-america.com\/site\/repdom\/#organization"},"potentialAction":[{"@type":"SearchAction","target":{"@type":"EntryPoint","urlTemplate":"https:\/\/noti-america.com\/site\/repdom\/?s={search_term_string}"},"query-input":{"@type":"PropertyValueSpecification","valueRequired":true,"valueName":"search_term_string"}}],"inLanguage":"es"},{"@type":"Organization","@id":"https:\/\/noti-america.com\/site\/repdom\/#organization","name":"Noti-America LLC | Rep\u00fablica Dominicana","url":"https:\/\/noti-america.com\/site\/repdom\/","logo":{"@type":"ImageObject","inLanguage":"es","@id":"https:\/\/noti-america.com\/site\/repdom\/#\/schema\/logo\/image\/","url":"https:\/\/noti-america.com\/site\/repdom\/wp-content\/uploads\/sites\/6\/2020\/07\/LogoNA-4x3-1.jpg","contentUrl":"https:\/\/noti-america.com\/site\/repdom\/wp-content\/uploads\/sites\/6\/2020\/07\/LogoNA-4x3-1.jpg","width":1236,"height":1080,"caption":"Noti-America LLC | Rep\u00fablica Dominicana"},"image":{"@id":"https:\/\/noti-america.com\/site\/repdom\/#\/schema\/logo\/image\/"}},{"@type":"Person","@id":"https:\/\/noti-america.com\/site\/repdom\/#\/schema\/person\/fd0092c1530d275fabaa5cffcbc2b976","name":"Ad\u00e1n Soriano","image":{"@type":"ImageObject","inLanguage":"es","@id":"https:\/\/secure.gravatar.com\/avatar\/ecf97ff3aee7ff9efdae670d7e976f3e7e8acc1077e510d73707999a8bfd4467?s=96&d=mm&r=g","url":"https:\/\/secure.gravatar.com\/avatar\/ecf97ff3aee7ff9efdae670d7e976f3e7e8acc1077e510d73707999a8bfd4467?s=96&d=mm&r=g","contentUrl":"https:\/\/secure.gravatar.com\/avatar\/ecf97ff3aee7ff9efdae670d7e976f3e7e8acc1077e510d73707999a8bfd4467?s=96&d=mm&r=g","caption":"Ad\u00e1n Soriano"},"description":"Soy cronista deportivo con 10 a\u00f1os de experiencia en varios espacios, y conduzco el podcast deportivo llamado Mezcla Deportiva","sameAs":["https:\/\/x.com\/adansoriano"],"url":"https:\/\/noti-america.com\/site\/repdom\/author\/asoriano\/"}]}},"_links":{"self":[{"href":"https:\/\/noti-america.com\/site\/repdom\/wp-json\/wp\/v2\/posts\/5499","targetHints":{"allow":["GET"]}}],"collection":[{"href":"https:\/\/noti-america.com\/site\/repdom\/wp-json\/wp\/v2\/posts"}],"about":[{"href":"https:\/\/noti-america.com\/site\/repdom\/wp-json\/wp\/v2\/types\/post"}],"author":[{"embeddable":true,"href":"https:\/\/noti-america.com\/site\/repdom\/wp-json\/wp\/v2\/users\/89"}],"replies":[{"embeddable":true,"href":"https:\/\/noti-america.com\/site\/repdom\/wp-json\/wp\/v2\/comments?post=5499"}],"version-history":[{"count":1,"href":"https:\/\/noti-america.com\/site\/repdom\/wp-json\/wp\/v2\/posts\/5499\/revisions"}],"predecessor-version":[{"id":5507,"href":"https:\/\/noti-america.com\/site\/repdom\/wp-json\/wp\/v2\/posts\/5499\/revisions\/5507"}],"wp:featuredmedia":[{"embeddable":true,"href":"https:\/\/noti-america.com\/site\/repdom\/wp-json\/wp\/v2\/media\/5506"}],"wp:attachment":[{"href":"https:\/\/noti-america.com\/site\/repdom\/wp-json\/wp\/v2\/media?parent=5499"}],"wp:term":[{"taxonomy":"category","embeddable":true,"href":"https:\/\/noti-america.com\/site\/repdom\/wp-json\/wp\/v2\/categories?post=5499"},{"taxonomy":"post_tag","embeddable":true,"href":"https:\/\/noti-america.com\/site\/repdom\/wp-json\/wp\/v2\/tags?post=5499"}],"curies":[{"name":"wp","href":"https:\/\/api.w.org\/{rel}","templated":true}]}}