{"id":5236,"date":"2020-10-19T17:29:10","date_gmt":"2020-10-19T17:29:10","guid":{"rendered":"https:\/\/noti-america.com\/site\/repdom\/?p=5236"},"modified":"2020-10-19T17:29:10","modified_gmt":"2020-10-19T17:29:10","slug":"early-camp-del-escogido-se-hara-en-complejo-de-bravos-en-guerra","status":"publish","type":"post","link":"https:\/\/noti-america.com\/site\/repdom\/2020\/10\/19\/early-camp-del-escogido-se-hara-en-complejo-de-bravos-en-guerra\/","title":{"rendered":"\u201cEarly Camp\u201d del Escogido se har\u00e1 en complejo de Bravos en Guerra"},"content":{"rendered":"<p class=\"x_MsoNormal\" style=\"text-align: justify\"><span lang=\"ES-TRAD\">SANTO DOMINGO &#8211; <\/span><span lang=\"ES-TRAD\">Los Leones del Escogido han movido al complejo de los Bravos de Atlanta localizado en Guerra el desarrollo de su \u201cEarly Camp\u201d, para el cual ha sido convocado un primer grupo de 42 peloteros.<\/span><\/p>\n<p class=\"x_MsoNormal\" style=\"text-align: justify\"><span lang=\"ES-TRAD\">La gerencia de Operaciones del equipo confirm\u00f3 que estar\u00e1n los receptores Wilkin Castillo, Julio E. Rodr\u00edguez, Charlie Valerio, Audry P\u00e9rez y el importado Tres Barrera, adem\u00e1s de los inicialistas Edwin Espinal y Garabez Rosa.<\/span><\/p>\n<p class=\"x_MsoNormal\" style=\"text-align: justify\"><span lang=\"ES-TRAD\">Stephen Alemais, Joe Dunand, Joseph Rosa, Miguel G\u00f3mez, Iv\u00e1n Castillo y Gilbert Lara, jugadores del cuadro interior, tambi\u00e9n estar\u00e1n presentes al igual que los jardineros Jimmy Paredes, Luis Liberato, Eliezer \u00c1lvarez, Melky Mesa, Roberto Caro y Vance Vizca\u00edno.<\/span><\/p>\n<p class=\"x_MsoNormal\" style=\"text-align: justify\"><span lang=\"ES-TRAD\">En cuanto a los lanzadores, el Escogido tendr\u00e1 en su preparaci\u00f3n inicial a los derechos nativos David Paulino, Francis Martes, Arqu\u00edmedes Caminero, Jumbo D\u00edaz, V\u00edctor Capell\u00e1n, F\u00e9lix Bautista, Henry Henry, Samuel Adames y a Jes\u00fas Linarez. Tambi\u00e9n a Luis Pe\u00f1a, Adonis Uceta, V\u00edctor Santos, Cristofer Ogando, Henry Mart\u00ednez, Denyi Reyes y Jos\u00e9 Taveras.<\/span><\/p>\n<p class=\"x_MsoNormal\" style=\"text-align: justify\"><span lang=\"ES-TRAD\">Entre los pitchers zurdos de la reserva nativa de los Leones estar\u00e1n Diego Cordero, Edward Paredes, Alsis Herrera, Francisco P\u00e9rez y Jos\u00e9 V\u00e9lez.<\/span><\/p>\n<p class=\"x_MsoNormal\" style=\"text-align: justify\"><span lang=\"ES-TRAD\">La lista de 42 la completan los lanzadores refuerzos Josh Lowey y Chris Harman, este \u00faltimo lanzador zurdo.<\/span><\/p>\n<p class=\"x_MsoNormal\" style=\"text-align: justify\"><span lang=\"ES-TRAD\">El \u201cEarly Camp\u201d de los Leones comenzar\u00e1 este 22 de octubre con el reporte de los jugadores y el staff al hotel de concentraci\u00f3n, para al d\u00eda siguiente someterse a pruebas de COVID-19 e iniciar el ingreso al protocolo de LIDOM.<\/span><\/p>\n<p class=\"x_MsoNormal\" style=\"text-align: justify\"><span lang=\"ES-TRAD\">Una vez superadas las pruebas, los jugadores podr\u00e1n practicar en el terreno de juego. El domingo 1ro de noviembre el club abrir\u00e1 su \u201cFull Camp\u201d, en el que se unir\u00e1 un segundo grupo de jugadores. El d\u00eda 8 los entrenamientos se mover\u00e1n a la capital.<\/span><\/p>\n<p class=\"x_MsoNormal\" style=\"text-align: justify\"><span lang=\"ES-TRAD\">La temporada oto\u00f1o-invernal de la LIDOM comenzar\u00e1 el domingo 15 de noviembre.<\/span><\/p>\n<p style=\"text-align: justify\"><strong>Fuente: Prensa Escogido<\/strong><\/p>\n","protected":false},"excerpt":{"rendered":"<p>SANTO DOMINGO &#8211; Los Leones del Escogido han movido al complejo de los Bravos de Atlanta localizado en Guerra el desarrollo de su \u201cEarly Camp\u201d, para el cual ha sido convocado un primer grupo&#46;&#46;&#46;<\/p>\n","protected":false},"author":89,"featured_media":4902,"comment_status":"open","ping_status":"open","sticky":false,"template":"","format":"standard","meta":{"_acf_changed":false,"rop_custom_images_group":[],"rop_custom_messages_group":[],"rop_publish_now":"initial","rop_publish_now_accounts":[],"rop_publish_now_history":[],"rop_publish_now_status":"pending","footnotes":""},"categories":[16],"tags":[119,258,122],"class_list":["post-5236","post","type-post","status-publish","format-standard","has-post-thumbnail","hentry","category-deportes","tag-beisbol-dominicano","tag-leones-del-escogido","tag-liga-dominicana-de-beisbol-profesional"],"acf":[],"yoast_head":"<!-- This site is optimized with the Yoast SEO Premium plugin v24.9 (Yoast SEO v27.2) - https:\/\/yoast.com\/product\/yoast-seo-premium-wordpress\/ -->\n<title>\u201cEarly Camp\u201d del Escogido se har\u00e1 en complejo de Bravos en Guerra - Rep. Dominicana | Noti-America.com<\/title>\n<meta name=\"robots\" content=\"index, follow, max-snippet:-1, max-image-preview:large, max-video-preview:-1\" \/>\n<link rel=\"canonical\" href=\"https:\/\/noti-america.com\/site\/repdom\/2020\/10\/19\/early-camp-del-escogido-se-hara-en-complejo-de-bravos-en-guerra\/\" \/>\n<meta property=\"og:locale\" content=\"es_ES\" \/>\n<meta property=\"og:type\" content=\"article\" \/>\n<meta property=\"og:title\" content=\"\u201cEarly Camp\u201d del Escogido se har\u00e1 en complejo de Bravos en Guerra\" \/>\n<meta property=\"og:description\" content=\"SANTO DOMINGO &#8211; Los Leones del Escogido han movido al complejo de los Bravos de Atlanta localizado en Guerra el desarrollo de su \u201cEarly Camp\u201d, para el cual ha sido convocado un primer grupo&#046;&#046;&#046;\" \/>\n<meta property=\"og:url\" content=\"https:\/\/noti-america.com\/site\/repdom\/2020\/10\/19\/early-camp-del-escogido-se-hara-en-complejo-de-bravos-en-guerra\/\" \/>\n<meta property=\"og:site_name\" content=\"Rep. Dominicana | Noti-America.com\" \/>\n<meta property=\"article:published_time\" content=\"2020-10-19T17:29:10+00:00\" \/>\n<meta property=\"og:image\" content=\"https:\/\/noti-america.com\/site\/repdom\/wp-content\/uploads\/sites\/6\/2020\/10\/Entrenamientos-del-Escogido.jpg\" \/>\n\t<meta property=\"og:image:width\" content=\"1280\" \/>\n\t<meta property=\"og:image:height\" content=\"853\" \/>\n\t<meta property=\"og:image:type\" content=\"image\/jpeg\" \/>\n<meta name=\"author\" content=\"Ad\u00e1n Soriano\" \/>\n<meta name=\"twitter:card\" content=\"summary_large_image\" \/>\n<meta name=\"twitter:creator\" content=\"@adansoriano\" \/>\n<meta name=\"twitter:label1\" content=\"Escrito por\" \/>\n\t<meta name=\"twitter:data1\" content=\"Ad\u00e1n Soriano\" \/>\n\t<meta name=\"twitter:label2\" content=\"Tiempo estimado de lectura\" \/>\n\t<meta name=\"twitter:data2\" content=\"2 minutos\" \/>\n<script type=\"application\/ld+json\" class=\"yoast-schema-graph\">{\"@context\":\"https:\/\/schema.org\",\"@graph\":[{\"@type\":\"Article\",\"@id\":\"https:\/\/noti-america.com\/site\/repdom\/2020\/10\/19\/early-camp-del-escogido-se-hara-en-complejo-de-bravos-en-guerra\/#article\",\"isPartOf\":{\"@id\":\"https:\/\/noti-america.com\/site\/repdom\/2020\/10\/19\/early-camp-del-escogido-se-hara-en-complejo-de-bravos-en-guerra\/\"},\"author\":{\"name\":\"Ad\u00e1n Soriano\",\"@id\":\"https:\/\/noti-america.com\/site\/repdom\/#\/schema\/person\/fd0092c1530d275fabaa5cffcbc2b976\"},\"headline\":\"\u201cEarly Camp\u201d del Escogido se har\u00e1 en complejo de Bravos en Guerra\",\"datePublished\":\"2020-10-19T17:29:10+00:00\",\"mainEntityOfPage\":{\"@id\":\"https:\/\/noti-america.com\/site\/repdom\/2020\/10\/19\/early-camp-del-escogido-se-hara-en-complejo-de-bravos-en-guerra\/\"},\"wordCount\":340,\"commentCount\":0,\"publisher\":{\"@id\":\"https:\/\/noti-america.com\/site\/repdom\/#organization\"},\"image\":{\"@id\":\"https:\/\/noti-america.com\/site\/repdom\/2020\/10\/19\/early-camp-del-escogido-se-hara-en-complejo-de-bravos-en-guerra\/#primaryimage\"},\"thumbnailUrl\":\"https:\/\/noti-america.com\/site\/repdom\/wp-content\/uploads\/sites\/6\/2020\/10\/Entrenamientos-del-Escogido.jpg\",\"keywords\":[\"B\u00e9isbol Dominicano\",\"Leones del Escogido\",\"Liga Dominicana de B\u00e9isbol Profesional\"],\"articleSection\":[\"Deportes\"],\"inLanguage\":\"es\",\"potentialAction\":[{\"@type\":\"CommentAction\",\"name\":\"Comment\",\"target\":[\"https:\/\/noti-america.com\/site\/repdom\/2020\/10\/19\/early-camp-del-escogido-se-hara-en-complejo-de-bravos-en-guerra\/#respond\"]}]},{\"@type\":\"WebPage\",\"@id\":\"https:\/\/noti-america.com\/site\/repdom\/2020\/10\/19\/early-camp-del-escogido-se-hara-en-complejo-de-bravos-en-guerra\/\",\"url\":\"https:\/\/noti-america.com\/site\/repdom\/2020\/10\/19\/early-camp-del-escogido-se-hara-en-complejo-de-bravos-en-guerra\/\",\"name\":\"\u201cEarly Camp\u201d del Escogido se har\u00e1 en complejo de Bravos en Guerra - Rep. Dominicana | Noti-America.com\",\"isPartOf\":{\"@id\":\"https:\/\/noti-america.com\/site\/repdom\/#website\"},\"primaryImageOfPage\":{\"@id\":\"https:\/\/noti-america.com\/site\/repdom\/2020\/10\/19\/early-camp-del-escogido-se-hara-en-complejo-de-bravos-en-guerra\/#primaryimage\"},\"image\":{\"@id\":\"https:\/\/noti-america.com\/site\/repdom\/2020\/10\/19\/early-camp-del-escogido-se-hara-en-complejo-de-bravos-en-guerra\/#primaryimage\"},\"thumbnailUrl\":\"https:\/\/noti-america.com\/site\/repdom\/wp-content\/uploads\/sites\/6\/2020\/10\/Entrenamientos-del-Escogido.jpg\",\"datePublished\":\"2020-10-19T17:29:10+00:00\",\"breadcrumb\":{\"@id\":\"https:\/\/noti-america.com\/site\/repdom\/2020\/10\/19\/early-camp-del-escogido-se-hara-en-complejo-de-bravos-en-guerra\/#breadcrumb\"},\"inLanguage\":\"es\",\"potentialAction\":[{\"@type\":\"ReadAction\",\"target\":[\"https:\/\/noti-america.com\/site\/repdom\/2020\/10\/19\/early-camp-del-escogido-se-hara-en-complejo-de-bravos-en-guerra\/\"]}]},{\"@type\":\"ImageObject\",\"inLanguage\":\"es\",\"@id\":\"https:\/\/noti-america.com\/site\/repdom\/2020\/10\/19\/early-camp-del-escogido-se-hara-en-complejo-de-bravos-en-guerra\/#primaryimage\",\"url\":\"https:\/\/noti-america.com\/site\/repdom\/wp-content\/uploads\/sites\/6\/2020\/10\/Entrenamientos-del-Escogido.jpg\",\"contentUrl\":\"https:\/\/noti-america.com\/site\/repdom\/wp-content\/uploads\/sites\/6\/2020\/10\/Entrenamientos-del-Escogido.jpg\",\"width\":1280,\"height\":853},{\"@type\":\"BreadcrumbList\",\"@id\":\"https:\/\/noti-america.com\/site\/repdom\/2020\/10\/19\/early-camp-del-escogido-se-hara-en-complejo-de-bravos-en-guerra\/#breadcrumb\",\"itemListElement\":[{\"@type\":\"ListItem\",\"position\":1,\"name\":\"Portada\",\"item\":\"https:\/\/noti-america.com\/site\/repdom\/\"},{\"@type\":\"ListItem\",\"position\":2,\"name\":\"\u201cEarly Camp\u201d del Escogido se har\u00e1 en complejo de Bravos en Guerra\"}]},{\"@type\":\"WebSite\",\"@id\":\"https:\/\/noti-america.com\/site\/repdom\/#website\",\"url\":\"https:\/\/noti-america.com\/site\/repdom\/\",\"name\":\"Rep. Dominicana | Noti-America.com\",\"description\":\"\",\"publisher\":{\"@id\":\"https:\/\/noti-america.com\/site\/repdom\/#organization\"},\"potentialAction\":[{\"@type\":\"SearchAction\",\"target\":{\"@type\":\"EntryPoint\",\"urlTemplate\":\"https:\/\/noti-america.com\/site\/repdom\/?s={search_term_string}\"},\"query-input\":{\"@type\":\"PropertyValueSpecification\",\"valueRequired\":true,\"valueName\":\"search_term_string\"}}],\"inLanguage\":\"es\"},{\"@type\":\"Organization\",\"@id\":\"https:\/\/noti-america.com\/site\/repdom\/#organization\",\"name\":\"Noti-America LLC | Rep\u00fablica Dominicana\",\"url\":\"https:\/\/noti-america.com\/site\/repdom\/\",\"logo\":{\"@type\":\"ImageObject\",\"inLanguage\":\"es\",\"@id\":\"https:\/\/noti-america.com\/site\/repdom\/#\/schema\/logo\/image\/\",\"url\":\"https:\/\/noti-america.com\/site\/repdom\/wp-content\/uploads\/sites\/6\/2020\/07\/LogoNA-4x3-1.jpg\",\"contentUrl\":\"https:\/\/noti-america.com\/site\/repdom\/wp-content\/uploads\/sites\/6\/2020\/07\/LogoNA-4x3-1.jpg\",\"width\":1236,\"height\":1080,\"caption\":\"Noti-America LLC | Rep\u00fablica Dominicana\"},\"image\":{\"@id\":\"https:\/\/noti-america.com\/site\/repdom\/#\/schema\/logo\/image\/\"}},{\"@type\":\"Person\",\"@id\":\"https:\/\/noti-america.com\/site\/repdom\/#\/schema\/person\/fd0092c1530d275fabaa5cffcbc2b976\",\"name\":\"Ad\u00e1n Soriano\",\"image\":{\"@type\":\"ImageObject\",\"inLanguage\":\"es\",\"@id\":\"https:\/\/secure.gravatar.com\/avatar\/ecf97ff3aee7ff9efdae670d7e976f3e7e8acc1077e510d73707999a8bfd4467?s=96&d=mm&r=g\",\"url\":\"https:\/\/secure.gravatar.com\/avatar\/ecf97ff3aee7ff9efdae670d7e976f3e7e8acc1077e510d73707999a8bfd4467?s=96&d=mm&r=g\",\"contentUrl\":\"https:\/\/secure.gravatar.com\/avatar\/ecf97ff3aee7ff9efdae670d7e976f3e7e8acc1077e510d73707999a8bfd4467?s=96&d=mm&r=g\",\"caption\":\"Ad\u00e1n Soriano\"},\"description\":\"Soy cronista deportivo con 10 a\u00f1os de experiencia en varios espacios, y conduzco el podcast deportivo llamado Mezcla Deportiva\",\"sameAs\":[\"https:\/\/x.com\/adansoriano\"],\"url\":\"https:\/\/noti-america.com\/site\/repdom\/author\/asoriano\/\"}]}<\/script>\n<!-- \/ Yoast SEO Premium plugin. -->","yoast_head_json":{"title":"\u201cEarly Camp\u201d del Escogido se har\u00e1 en complejo de Bravos en Guerra - Rep. Dominicana | Noti-America.com","robots":{"index":"index","follow":"follow","max-snippet":"max-snippet:-1","max-image-preview":"max-image-preview:large","max-video-preview":"max-video-preview:-1"},"canonical":"https:\/\/noti-america.com\/site\/repdom\/2020\/10\/19\/early-camp-del-escogido-se-hara-en-complejo-de-bravos-en-guerra\/","og_locale":"es_ES","og_type":"article","og_title":"\u201cEarly Camp\u201d del Escogido se har\u00e1 en complejo de Bravos en Guerra","og_description":"SANTO DOMINGO &#8211; Los Leones del Escogido han movido al complejo de los Bravos de Atlanta localizado en Guerra el desarrollo de su \u201cEarly Camp\u201d, para el cual ha sido convocado un primer grupo&#46;&#46;&#46;","og_url":"https:\/\/noti-america.com\/site\/repdom\/2020\/10\/19\/early-camp-del-escogido-se-hara-en-complejo-de-bravos-en-guerra\/","og_site_name":"Rep. Dominicana | Noti-America.com","article_published_time":"2020-10-19T17:29:10+00:00","og_image":[{"width":1280,"height":853,"url":"https:\/\/noti-america.com\/site\/repdom\/wp-content\/uploads\/sites\/6\/2020\/10\/Entrenamientos-del-Escogido.jpg","type":"image\/jpeg"}],"author":"Ad\u00e1n Soriano","twitter_card":"summary_large_image","twitter_creator":"@adansoriano","twitter_misc":{"Escrito por":"Ad\u00e1n Soriano","Tiempo estimado de lectura":"2 minutos"},"schema":{"@context":"https:\/\/schema.org","@graph":[{"@type":"Article","@id":"https:\/\/noti-america.com\/site\/repdom\/2020\/10\/19\/early-camp-del-escogido-se-hara-en-complejo-de-bravos-en-guerra\/#article","isPartOf":{"@id":"https:\/\/noti-america.com\/site\/repdom\/2020\/10\/19\/early-camp-del-escogido-se-hara-en-complejo-de-bravos-en-guerra\/"},"author":{"name":"Ad\u00e1n Soriano","@id":"https:\/\/noti-america.com\/site\/repdom\/#\/schema\/person\/fd0092c1530d275fabaa5cffcbc2b976"},"headline":"\u201cEarly Camp\u201d del Escogido se har\u00e1 en complejo de Bravos en Guerra","datePublished":"2020-10-19T17:29:10+00:00","mainEntityOfPage":{"@id":"https:\/\/noti-america.com\/site\/repdom\/2020\/10\/19\/early-camp-del-escogido-se-hara-en-complejo-de-bravos-en-guerra\/"},"wordCount":340,"commentCount":0,"publisher":{"@id":"https:\/\/noti-america.com\/site\/repdom\/#organization"},"image":{"@id":"https:\/\/noti-america.com\/site\/repdom\/2020\/10\/19\/early-camp-del-escogido-se-hara-en-complejo-de-bravos-en-guerra\/#primaryimage"},"thumbnailUrl":"https:\/\/noti-america.com\/site\/repdom\/wp-content\/uploads\/sites\/6\/2020\/10\/Entrenamientos-del-Escogido.jpg","keywords":["B\u00e9isbol Dominicano","Leones del Escogido","Liga Dominicana de B\u00e9isbol Profesional"],"articleSection":["Deportes"],"inLanguage":"es","potentialAction":[{"@type":"CommentAction","name":"Comment","target":["https:\/\/noti-america.com\/site\/repdom\/2020\/10\/19\/early-camp-del-escogido-se-hara-en-complejo-de-bravos-en-guerra\/#respond"]}]},{"@type":"WebPage","@id":"https:\/\/noti-america.com\/site\/repdom\/2020\/10\/19\/early-camp-del-escogido-se-hara-en-complejo-de-bravos-en-guerra\/","url":"https:\/\/noti-america.com\/site\/repdom\/2020\/10\/19\/early-camp-del-escogido-se-hara-en-complejo-de-bravos-en-guerra\/","name":"\u201cEarly Camp\u201d del Escogido se har\u00e1 en complejo de Bravos en Guerra - Rep. Dominicana | Noti-America.com","isPartOf":{"@id":"https:\/\/noti-america.com\/site\/repdom\/#website"},"primaryImageOfPage":{"@id":"https:\/\/noti-america.com\/site\/repdom\/2020\/10\/19\/early-camp-del-escogido-se-hara-en-complejo-de-bravos-en-guerra\/#primaryimage"},"image":{"@id":"https:\/\/noti-america.com\/site\/repdom\/2020\/10\/19\/early-camp-del-escogido-se-hara-en-complejo-de-bravos-en-guerra\/#primaryimage"},"thumbnailUrl":"https:\/\/noti-america.com\/site\/repdom\/wp-content\/uploads\/sites\/6\/2020\/10\/Entrenamientos-del-Escogido.jpg","datePublished":"2020-10-19T17:29:10+00:00","breadcrumb":{"@id":"https:\/\/noti-america.com\/site\/repdom\/2020\/10\/19\/early-camp-del-escogido-se-hara-en-complejo-de-bravos-en-guerra\/#breadcrumb"},"inLanguage":"es","potentialAction":[{"@type":"ReadAction","target":["https:\/\/noti-america.com\/site\/repdom\/2020\/10\/19\/early-camp-del-escogido-se-hara-en-complejo-de-bravos-en-guerra\/"]}]},{"@type":"ImageObject","inLanguage":"es","@id":"https:\/\/noti-america.com\/site\/repdom\/2020\/10\/19\/early-camp-del-escogido-se-hara-en-complejo-de-bravos-en-guerra\/#primaryimage","url":"https:\/\/noti-america.com\/site\/repdom\/wp-content\/uploads\/sites\/6\/2020\/10\/Entrenamientos-del-Escogido.jpg","contentUrl":"https:\/\/noti-america.com\/site\/repdom\/wp-content\/uploads\/sites\/6\/2020\/10\/Entrenamientos-del-Escogido.jpg","width":1280,"height":853},{"@type":"BreadcrumbList","@id":"https:\/\/noti-america.com\/site\/repdom\/2020\/10\/19\/early-camp-del-escogido-se-hara-en-complejo-de-bravos-en-guerra\/#breadcrumb","itemListElement":[{"@type":"ListItem","position":1,"name":"Portada","item":"https:\/\/noti-america.com\/site\/repdom\/"},{"@type":"ListItem","position":2,"name":"\u201cEarly Camp\u201d del Escogido se har\u00e1 en complejo de Bravos en Guerra"}]},{"@type":"WebSite","@id":"https:\/\/noti-america.com\/site\/repdom\/#website","url":"https:\/\/noti-america.com\/site\/repdom\/","name":"Rep. Dominicana | Noti-America.com","description":"","publisher":{"@id":"https:\/\/noti-america.com\/site\/repdom\/#organization"},"potentialAction":[{"@type":"SearchAction","target":{"@type":"EntryPoint","urlTemplate":"https:\/\/noti-america.com\/site\/repdom\/?s={search_term_string}"},"query-input":{"@type":"PropertyValueSpecification","valueRequired":true,"valueName":"search_term_string"}}],"inLanguage":"es"},{"@type":"Organization","@id":"https:\/\/noti-america.com\/site\/repdom\/#organization","name":"Noti-America LLC | Rep\u00fablica Dominicana","url":"https:\/\/noti-america.com\/site\/repdom\/","logo":{"@type":"ImageObject","inLanguage":"es","@id":"https:\/\/noti-america.com\/site\/repdom\/#\/schema\/logo\/image\/","url":"https:\/\/noti-america.com\/site\/repdom\/wp-content\/uploads\/sites\/6\/2020\/07\/LogoNA-4x3-1.jpg","contentUrl":"https:\/\/noti-america.com\/site\/repdom\/wp-content\/uploads\/sites\/6\/2020\/07\/LogoNA-4x3-1.jpg","width":1236,"height":1080,"caption":"Noti-America LLC | Rep\u00fablica Dominicana"},"image":{"@id":"https:\/\/noti-america.com\/site\/repdom\/#\/schema\/logo\/image\/"}},{"@type":"Person","@id":"https:\/\/noti-america.com\/site\/repdom\/#\/schema\/person\/fd0092c1530d275fabaa5cffcbc2b976","name":"Ad\u00e1n Soriano","image":{"@type":"ImageObject","inLanguage":"es","@id":"https:\/\/secure.gravatar.com\/avatar\/ecf97ff3aee7ff9efdae670d7e976f3e7e8acc1077e510d73707999a8bfd4467?s=96&d=mm&r=g","url":"https:\/\/secure.gravatar.com\/avatar\/ecf97ff3aee7ff9efdae670d7e976f3e7e8acc1077e510d73707999a8bfd4467?s=96&d=mm&r=g","contentUrl":"https:\/\/secure.gravatar.com\/avatar\/ecf97ff3aee7ff9efdae670d7e976f3e7e8acc1077e510d73707999a8bfd4467?s=96&d=mm&r=g","caption":"Ad\u00e1n Soriano"},"description":"Soy cronista deportivo con 10 a\u00f1os de experiencia en varios espacios, y conduzco el podcast deportivo llamado Mezcla Deportiva","sameAs":["https:\/\/x.com\/adansoriano"],"url":"https:\/\/noti-america.com\/site\/repdom\/author\/asoriano\/"}]}},"_links":{"self":[{"href":"https:\/\/noti-america.com\/site\/repdom\/wp-json\/wp\/v2\/posts\/5236","targetHints":{"allow":["GET"]}}],"collection":[{"href":"https:\/\/noti-america.com\/site\/repdom\/wp-json\/wp\/v2\/posts"}],"about":[{"href":"https:\/\/noti-america.com\/site\/repdom\/wp-json\/wp\/v2\/types\/post"}],"author":[{"embeddable":true,"href":"https:\/\/noti-america.com\/site\/repdom\/wp-json\/wp\/v2\/users\/89"}],"replies":[{"embeddable":true,"href":"https:\/\/noti-america.com\/site\/repdom\/wp-json\/wp\/v2\/comments?post=5236"}],"version-history":[{"count":1,"href":"https:\/\/noti-america.com\/site\/repdom\/wp-json\/wp\/v2\/posts\/5236\/revisions"}],"predecessor-version":[{"id":5237,"href":"https:\/\/noti-america.com\/site\/repdom\/wp-json\/wp\/v2\/posts\/5236\/revisions\/5237"}],"wp:featuredmedia":[{"embeddable":true,"href":"https:\/\/noti-america.com\/site\/repdom\/wp-json\/wp\/v2\/media\/4902"}],"wp:attachment":[{"href":"https:\/\/noti-america.com\/site\/repdom\/wp-json\/wp\/v2\/media?parent=5236"}],"wp:term":[{"taxonomy":"category","embeddable":true,"href":"https:\/\/noti-america.com\/site\/repdom\/wp-json\/wp\/v2\/categories?post=5236"},{"taxonomy":"post_tag","embeddable":true,"href":"https:\/\/noti-america.com\/site\/repdom\/wp-json\/wp\/v2\/tags?post=5236"}],"curies":[{"name":"wp","href":"https:\/\/api.w.org\/{rel}","templated":true}]}}