{"id":5195,"date":"2020-10-18T22:10:05","date_gmt":"2020-10-18T22:10:05","guid":{"rendered":"https:\/\/noti-america.com\/site\/repdom\/?p=5195"},"modified":"2020-10-18T22:10:05","modified_gmt":"2020-10-18T22:10:05","slug":"roberto-cid-se-corona-campeon-de-dobles-en-lisboa","status":"publish","type":"post","link":"https:\/\/noti-america.com\/site\/repdom\/2020\/10\/18\/roberto-cid-se-corona-campeon-de-dobles-en-lisboa\/","title":{"rendered":"Roberto Cid se corona campe\u00f3n de dobles en Lisboa"},"content":{"rendered":"<p dir=\"ltr\" style=\"text-align: justify\">LISBOA &#8211; La primera raqueta nacional, Roberto Cid, obtuvo el campeonato de dobles este fin de semana en el Challenger de Lisboa, Portugal, junto al tenista local Gonzalo Oliveira, con quien super\u00f3 en la final al dueto compuesto por el checo Zdenek Kolar y el finland\u00e9s Harri Heliovaara por 7-6 (5), 4-6, 10-4.<\/p>\n<p dir=\"ltr\" style=\"text-align: justify\">Este es el primer t\u00edtulo de Cid en el a\u00f1o, quien este a\u00f1o hizo finales de sencillos en el challenger Ann Arbor, Estados Unidos, y de dobles en Drummondville, Canad\u00e1.<\/p>\n<p dir=\"ltr\" style=\"text-align: justify\">La victoria le dio a Cid 80 puntos para el ranking de dobles ATP, por lo que ascender\u00e1 al puesto 262 en esa clasificaci\u00f3n. En sencillos, el quisqueyano ocupa el puesto 220 del mundo.<\/p>\n<p dir=\"ltr\" style=\"text-align: justify\">El Challenger de Lisboa pone punto final a la gira de Roberto Cid en Europa, que inici\u00f3 la semana del 24 de agosto en el Challenger Trieste, en Italia, donde debut\u00f3 con una victoria, su primera desde marzo antes de la pausa del tenis mundial a causa de la pandemia. Durante su estad\u00eda en Europa, el dominicano estuvo acompa\u00f1ado de su coach y capit\u00e1n de Copa Davis de Rep\u00fablica Dominicana, Federico Rodr\u00edguez.<\/p>\n<p dir=\"ltr\" style=\"text-align: justify\">\u201cHa sido un retorno al tenis en el que conseguimos buenas sensaciones, resultados positivos, y sobre todo ganas de seguir haci\u00e9ndolo mejor\u201d, dijo el primer tenista dominicano en el ranking mundial tras conseguir la victoria.<\/p>\n<p dir=\"ltr\" style=\"text-align: justify\">En los pr\u00f3ximos d\u00edas, Cid retornar\u00e1 a Estados Unidos, donde reside, para prepararse de cara a otros torneos Challengers que se jugar\u00e1n en ese pa\u00eds en noviembre.<\/p>\n<p dir=\"ltr\" style=\"text-align: justify\">\u201cAhora voy a casa a descansar unos d\u00edas, pero seguir\u00e9 entrenando duro para conseguir las metas que nos hemos propuesto\u201d, concluy\u00f3.<\/p>\n<p dir=\"ltr\" style=\"text-align: justify\">La pr\u00f3xima parada en la agenda del quisqueyano ser\u00e1 el Challenger de Cary, en Carolina del Norte, la semana del 9 de noviembre, continuar a Orlando la semana del 16 de noviembre.<\/p>\n<p dir=\"ltr\"><strong>Fuente: Ultimo Set<\/strong><\/p>\n","protected":false},"excerpt":{"rendered":"<p>LISBOA &#8211; La primera raqueta nacional, Roberto Cid, obtuvo el campeonato de dobles este fin de semana en el Challenger de Lisboa, Portugal, junto al tenista local Gonzalo Oliveira, con quien super\u00f3 en la&#46;&#46;&#46;<\/p>\n","protected":false},"author":89,"featured_media":5207,"comment_status":"open","ping_status":"open","sticky":false,"template":"","format":"standard","meta":{"_acf_changed":false,"rop_custom_images_group":[],"rop_custom_messages_group":[],"rop_publish_now":"initial","rop_publish_now_accounts":[],"rop_publish_now_history":[],"rop_publish_now_status":"pending","footnotes":""},"categories":[16],"tags":[494,284],"class_list":["post-5195","post","type-post","status-publish","format-standard","has-post-thumbnail","hentry","category-deportes","tag-challenger-de-lisboa","tag-roberto-cid"],"acf":[],"yoast_head":"<!-- This site is optimized with the Yoast SEO Premium plugin v24.9 (Yoast SEO v27.2) - https:\/\/yoast.com\/product\/yoast-seo-premium-wordpress\/ -->\n<title>Roberto Cid se corona campe\u00f3n de dobles en Lisboa - Rep. Dominicana | Noti-America.com<\/title>\n<meta name=\"robots\" content=\"index, follow, max-snippet:-1, max-image-preview:large, max-video-preview:-1\" \/>\n<link rel=\"canonical\" href=\"https:\/\/noti-america.com\/site\/repdom\/2020\/10\/18\/roberto-cid-se-corona-campeon-de-dobles-en-lisboa\/\" \/>\n<meta property=\"og:locale\" content=\"es_ES\" \/>\n<meta property=\"og:type\" content=\"article\" \/>\n<meta property=\"og:title\" content=\"Roberto Cid se corona campe\u00f3n de dobles en Lisboa\" \/>\n<meta property=\"og:description\" content=\"LISBOA &#8211; La primera raqueta nacional, Roberto Cid, obtuvo el campeonato de dobles este fin de semana en el Challenger de Lisboa, Portugal, junto al tenista local Gonzalo Oliveira, con quien super\u00f3 en la&#046;&#046;&#046;\" \/>\n<meta property=\"og:url\" content=\"https:\/\/noti-america.com\/site\/repdom\/2020\/10\/18\/roberto-cid-se-corona-campeon-de-dobles-en-lisboa\/\" \/>\n<meta property=\"og:site_name\" content=\"Rep. Dominicana | Noti-America.com\" \/>\n<meta property=\"article:published_time\" content=\"2020-10-18T22:10:05+00:00\" \/>\n<meta property=\"og:image\" content=\"https:\/\/noti-america.com\/site\/repdom\/wp-content\/uploads\/sites\/6\/2020\/10\/Roberto-Cid.jpg\" \/>\n\t<meta property=\"og:image:width\" content=\"1200\" \/>\n\t<meta property=\"og:image:height\" content=\"826\" \/>\n\t<meta property=\"og:image:type\" content=\"image\/jpeg\" \/>\n<meta name=\"author\" content=\"Ad\u00e1n Soriano\" \/>\n<meta name=\"twitter:card\" content=\"summary_large_image\" \/>\n<meta name=\"twitter:creator\" content=\"@adansoriano\" \/>\n<meta name=\"twitter:label1\" content=\"Escrito por\" \/>\n\t<meta name=\"twitter:data1\" content=\"Ad\u00e1n Soriano\" \/>\n\t<meta name=\"twitter:label2\" content=\"Tiempo estimado de lectura\" \/>\n\t<meta name=\"twitter:data2\" content=\"2 minutos\" \/>\n<script type=\"application\/ld+json\" class=\"yoast-schema-graph\">{\"@context\":\"https:\/\/schema.org\",\"@graph\":[{\"@type\":\"Article\",\"@id\":\"https:\/\/noti-america.com\/site\/repdom\/2020\/10\/18\/roberto-cid-se-corona-campeon-de-dobles-en-lisboa\/#article\",\"isPartOf\":{\"@id\":\"https:\/\/noti-america.com\/site\/repdom\/2020\/10\/18\/roberto-cid-se-corona-campeon-de-dobles-en-lisboa\/\"},\"author\":{\"name\":\"Ad\u00e1n Soriano\",\"@id\":\"https:\/\/noti-america.com\/site\/repdom\/#\/schema\/person\/fd0092c1530d275fabaa5cffcbc2b976\"},\"headline\":\"Roberto Cid se corona campe\u00f3n de dobles en Lisboa\",\"datePublished\":\"2020-10-18T22:10:05+00:00\",\"mainEntityOfPage\":{\"@id\":\"https:\/\/noti-america.com\/site\/repdom\/2020\/10\/18\/roberto-cid-se-corona-campeon-de-dobles-en-lisboa\/\"},\"wordCount\":327,\"commentCount\":0,\"publisher\":{\"@id\":\"https:\/\/noti-america.com\/site\/repdom\/#organization\"},\"image\":{\"@id\":\"https:\/\/noti-america.com\/site\/repdom\/2020\/10\/18\/roberto-cid-se-corona-campeon-de-dobles-en-lisboa\/#primaryimage\"},\"thumbnailUrl\":\"https:\/\/noti-america.com\/site\/repdom\/wp-content\/uploads\/sites\/6\/2020\/10\/Roberto-Cid.jpg\",\"keywords\":[\"Challenger de Lisboa\",\"Roberto Cid\"],\"articleSection\":[\"Deportes\"],\"inLanguage\":\"es\",\"potentialAction\":[{\"@type\":\"CommentAction\",\"name\":\"Comment\",\"target\":[\"https:\/\/noti-america.com\/site\/repdom\/2020\/10\/18\/roberto-cid-se-corona-campeon-de-dobles-en-lisboa\/#respond\"]}]},{\"@type\":\"WebPage\",\"@id\":\"https:\/\/noti-america.com\/site\/repdom\/2020\/10\/18\/roberto-cid-se-corona-campeon-de-dobles-en-lisboa\/\",\"url\":\"https:\/\/noti-america.com\/site\/repdom\/2020\/10\/18\/roberto-cid-se-corona-campeon-de-dobles-en-lisboa\/\",\"name\":\"Roberto Cid se corona campe\u00f3n de dobles en Lisboa - Rep. Dominicana | Noti-America.com\",\"isPartOf\":{\"@id\":\"https:\/\/noti-america.com\/site\/repdom\/#website\"},\"primaryImageOfPage\":{\"@id\":\"https:\/\/noti-america.com\/site\/repdom\/2020\/10\/18\/roberto-cid-se-corona-campeon-de-dobles-en-lisboa\/#primaryimage\"},\"image\":{\"@id\":\"https:\/\/noti-america.com\/site\/repdom\/2020\/10\/18\/roberto-cid-se-corona-campeon-de-dobles-en-lisboa\/#primaryimage\"},\"thumbnailUrl\":\"https:\/\/noti-america.com\/site\/repdom\/wp-content\/uploads\/sites\/6\/2020\/10\/Roberto-Cid.jpg\",\"datePublished\":\"2020-10-18T22:10:05+00:00\",\"breadcrumb\":{\"@id\":\"https:\/\/noti-america.com\/site\/repdom\/2020\/10\/18\/roberto-cid-se-corona-campeon-de-dobles-en-lisboa\/#breadcrumb\"},\"inLanguage\":\"es\",\"potentialAction\":[{\"@type\":\"ReadAction\",\"target\":[\"https:\/\/noti-america.com\/site\/repdom\/2020\/10\/18\/roberto-cid-se-corona-campeon-de-dobles-en-lisboa\/\"]}]},{\"@type\":\"ImageObject\",\"inLanguage\":\"es\",\"@id\":\"https:\/\/noti-america.com\/site\/repdom\/2020\/10\/18\/roberto-cid-se-corona-campeon-de-dobles-en-lisboa\/#primaryimage\",\"url\":\"https:\/\/noti-america.com\/site\/repdom\/wp-content\/uploads\/sites\/6\/2020\/10\/Roberto-Cid.jpg\",\"contentUrl\":\"https:\/\/noti-america.com\/site\/repdom\/wp-content\/uploads\/sites\/6\/2020\/10\/Roberto-Cid.jpg\",\"width\":1200,\"height\":826},{\"@type\":\"BreadcrumbList\",\"@id\":\"https:\/\/noti-america.com\/site\/repdom\/2020\/10\/18\/roberto-cid-se-corona-campeon-de-dobles-en-lisboa\/#breadcrumb\",\"itemListElement\":[{\"@type\":\"ListItem\",\"position\":1,\"name\":\"Portada\",\"item\":\"https:\/\/noti-america.com\/site\/repdom\/\"},{\"@type\":\"ListItem\",\"position\":2,\"name\":\"Roberto Cid se corona campe\u00f3n de dobles en Lisboa\"}]},{\"@type\":\"WebSite\",\"@id\":\"https:\/\/noti-america.com\/site\/repdom\/#website\",\"url\":\"https:\/\/noti-america.com\/site\/repdom\/\",\"name\":\"Rep. Dominicana | Noti-America.com\",\"description\":\"\",\"publisher\":{\"@id\":\"https:\/\/noti-america.com\/site\/repdom\/#organization\"},\"potentialAction\":[{\"@type\":\"SearchAction\",\"target\":{\"@type\":\"EntryPoint\",\"urlTemplate\":\"https:\/\/noti-america.com\/site\/repdom\/?s={search_term_string}\"},\"query-input\":{\"@type\":\"PropertyValueSpecification\",\"valueRequired\":true,\"valueName\":\"search_term_string\"}}],\"inLanguage\":\"es\"},{\"@type\":\"Organization\",\"@id\":\"https:\/\/noti-america.com\/site\/repdom\/#organization\",\"name\":\"Noti-America LLC | Rep\u00fablica Dominicana\",\"url\":\"https:\/\/noti-america.com\/site\/repdom\/\",\"logo\":{\"@type\":\"ImageObject\",\"inLanguage\":\"es\",\"@id\":\"https:\/\/noti-america.com\/site\/repdom\/#\/schema\/logo\/image\/\",\"url\":\"https:\/\/noti-america.com\/site\/repdom\/wp-content\/uploads\/sites\/6\/2020\/07\/LogoNA-4x3-1.jpg\",\"contentUrl\":\"https:\/\/noti-america.com\/site\/repdom\/wp-content\/uploads\/sites\/6\/2020\/07\/LogoNA-4x3-1.jpg\",\"width\":1236,\"height\":1080,\"caption\":\"Noti-America LLC | Rep\u00fablica Dominicana\"},\"image\":{\"@id\":\"https:\/\/noti-america.com\/site\/repdom\/#\/schema\/logo\/image\/\"}},{\"@type\":\"Person\",\"@id\":\"https:\/\/noti-america.com\/site\/repdom\/#\/schema\/person\/fd0092c1530d275fabaa5cffcbc2b976\",\"name\":\"Ad\u00e1n Soriano\",\"image\":{\"@type\":\"ImageObject\",\"inLanguage\":\"es\",\"@id\":\"https:\/\/secure.gravatar.com\/avatar\/ecf97ff3aee7ff9efdae670d7e976f3e7e8acc1077e510d73707999a8bfd4467?s=96&d=mm&r=g\",\"url\":\"https:\/\/secure.gravatar.com\/avatar\/ecf97ff3aee7ff9efdae670d7e976f3e7e8acc1077e510d73707999a8bfd4467?s=96&d=mm&r=g\",\"contentUrl\":\"https:\/\/secure.gravatar.com\/avatar\/ecf97ff3aee7ff9efdae670d7e976f3e7e8acc1077e510d73707999a8bfd4467?s=96&d=mm&r=g\",\"caption\":\"Ad\u00e1n Soriano\"},\"description\":\"Soy cronista deportivo con 10 a\u00f1os de experiencia en varios espacios, y conduzco el podcast deportivo llamado Mezcla Deportiva\",\"sameAs\":[\"https:\/\/x.com\/adansoriano\"],\"url\":\"https:\/\/noti-america.com\/site\/repdom\/author\/asoriano\/\"}]}<\/script>\n<!-- \/ Yoast SEO Premium plugin. -->","yoast_head_json":{"title":"Roberto Cid se corona campe\u00f3n de dobles en Lisboa - Rep. Dominicana | Noti-America.com","robots":{"index":"index","follow":"follow","max-snippet":"max-snippet:-1","max-image-preview":"max-image-preview:large","max-video-preview":"max-video-preview:-1"},"canonical":"https:\/\/noti-america.com\/site\/repdom\/2020\/10\/18\/roberto-cid-se-corona-campeon-de-dobles-en-lisboa\/","og_locale":"es_ES","og_type":"article","og_title":"Roberto Cid se corona campe\u00f3n de dobles en Lisboa","og_description":"LISBOA &#8211; La primera raqueta nacional, Roberto Cid, obtuvo el campeonato de dobles este fin de semana en el Challenger de Lisboa, Portugal, junto al tenista local Gonzalo Oliveira, con quien super\u00f3 en la&#46;&#46;&#46;","og_url":"https:\/\/noti-america.com\/site\/repdom\/2020\/10\/18\/roberto-cid-se-corona-campeon-de-dobles-en-lisboa\/","og_site_name":"Rep. Dominicana | Noti-America.com","article_published_time":"2020-10-18T22:10:05+00:00","og_image":[{"width":1200,"height":826,"url":"https:\/\/noti-america.com\/site\/repdom\/wp-content\/uploads\/sites\/6\/2020\/10\/Roberto-Cid.jpg","type":"image\/jpeg"}],"author":"Ad\u00e1n Soriano","twitter_card":"summary_large_image","twitter_creator":"@adansoriano","twitter_misc":{"Escrito por":"Ad\u00e1n Soriano","Tiempo estimado de lectura":"2 minutos"},"schema":{"@context":"https:\/\/schema.org","@graph":[{"@type":"Article","@id":"https:\/\/noti-america.com\/site\/repdom\/2020\/10\/18\/roberto-cid-se-corona-campeon-de-dobles-en-lisboa\/#article","isPartOf":{"@id":"https:\/\/noti-america.com\/site\/repdom\/2020\/10\/18\/roberto-cid-se-corona-campeon-de-dobles-en-lisboa\/"},"author":{"name":"Ad\u00e1n Soriano","@id":"https:\/\/noti-america.com\/site\/repdom\/#\/schema\/person\/fd0092c1530d275fabaa5cffcbc2b976"},"headline":"Roberto Cid se corona campe\u00f3n de dobles en Lisboa","datePublished":"2020-10-18T22:10:05+00:00","mainEntityOfPage":{"@id":"https:\/\/noti-america.com\/site\/repdom\/2020\/10\/18\/roberto-cid-se-corona-campeon-de-dobles-en-lisboa\/"},"wordCount":327,"commentCount":0,"publisher":{"@id":"https:\/\/noti-america.com\/site\/repdom\/#organization"},"image":{"@id":"https:\/\/noti-america.com\/site\/repdom\/2020\/10\/18\/roberto-cid-se-corona-campeon-de-dobles-en-lisboa\/#primaryimage"},"thumbnailUrl":"https:\/\/noti-america.com\/site\/repdom\/wp-content\/uploads\/sites\/6\/2020\/10\/Roberto-Cid.jpg","keywords":["Challenger de Lisboa","Roberto Cid"],"articleSection":["Deportes"],"inLanguage":"es","potentialAction":[{"@type":"CommentAction","name":"Comment","target":["https:\/\/noti-america.com\/site\/repdom\/2020\/10\/18\/roberto-cid-se-corona-campeon-de-dobles-en-lisboa\/#respond"]}]},{"@type":"WebPage","@id":"https:\/\/noti-america.com\/site\/repdom\/2020\/10\/18\/roberto-cid-se-corona-campeon-de-dobles-en-lisboa\/","url":"https:\/\/noti-america.com\/site\/repdom\/2020\/10\/18\/roberto-cid-se-corona-campeon-de-dobles-en-lisboa\/","name":"Roberto Cid se corona campe\u00f3n de dobles en Lisboa - Rep. Dominicana | Noti-America.com","isPartOf":{"@id":"https:\/\/noti-america.com\/site\/repdom\/#website"},"primaryImageOfPage":{"@id":"https:\/\/noti-america.com\/site\/repdom\/2020\/10\/18\/roberto-cid-se-corona-campeon-de-dobles-en-lisboa\/#primaryimage"},"image":{"@id":"https:\/\/noti-america.com\/site\/repdom\/2020\/10\/18\/roberto-cid-se-corona-campeon-de-dobles-en-lisboa\/#primaryimage"},"thumbnailUrl":"https:\/\/noti-america.com\/site\/repdom\/wp-content\/uploads\/sites\/6\/2020\/10\/Roberto-Cid.jpg","datePublished":"2020-10-18T22:10:05+00:00","breadcrumb":{"@id":"https:\/\/noti-america.com\/site\/repdom\/2020\/10\/18\/roberto-cid-se-corona-campeon-de-dobles-en-lisboa\/#breadcrumb"},"inLanguage":"es","potentialAction":[{"@type":"ReadAction","target":["https:\/\/noti-america.com\/site\/repdom\/2020\/10\/18\/roberto-cid-se-corona-campeon-de-dobles-en-lisboa\/"]}]},{"@type":"ImageObject","inLanguage":"es","@id":"https:\/\/noti-america.com\/site\/repdom\/2020\/10\/18\/roberto-cid-se-corona-campeon-de-dobles-en-lisboa\/#primaryimage","url":"https:\/\/noti-america.com\/site\/repdom\/wp-content\/uploads\/sites\/6\/2020\/10\/Roberto-Cid.jpg","contentUrl":"https:\/\/noti-america.com\/site\/repdom\/wp-content\/uploads\/sites\/6\/2020\/10\/Roberto-Cid.jpg","width":1200,"height":826},{"@type":"BreadcrumbList","@id":"https:\/\/noti-america.com\/site\/repdom\/2020\/10\/18\/roberto-cid-se-corona-campeon-de-dobles-en-lisboa\/#breadcrumb","itemListElement":[{"@type":"ListItem","position":1,"name":"Portada","item":"https:\/\/noti-america.com\/site\/repdom\/"},{"@type":"ListItem","position":2,"name":"Roberto Cid se corona campe\u00f3n de dobles en Lisboa"}]},{"@type":"WebSite","@id":"https:\/\/noti-america.com\/site\/repdom\/#website","url":"https:\/\/noti-america.com\/site\/repdom\/","name":"Rep. Dominicana | Noti-America.com","description":"","publisher":{"@id":"https:\/\/noti-america.com\/site\/repdom\/#organization"},"potentialAction":[{"@type":"SearchAction","target":{"@type":"EntryPoint","urlTemplate":"https:\/\/noti-america.com\/site\/repdom\/?s={search_term_string}"},"query-input":{"@type":"PropertyValueSpecification","valueRequired":true,"valueName":"search_term_string"}}],"inLanguage":"es"},{"@type":"Organization","@id":"https:\/\/noti-america.com\/site\/repdom\/#organization","name":"Noti-America LLC | Rep\u00fablica Dominicana","url":"https:\/\/noti-america.com\/site\/repdom\/","logo":{"@type":"ImageObject","inLanguage":"es","@id":"https:\/\/noti-america.com\/site\/repdom\/#\/schema\/logo\/image\/","url":"https:\/\/noti-america.com\/site\/repdom\/wp-content\/uploads\/sites\/6\/2020\/07\/LogoNA-4x3-1.jpg","contentUrl":"https:\/\/noti-america.com\/site\/repdom\/wp-content\/uploads\/sites\/6\/2020\/07\/LogoNA-4x3-1.jpg","width":1236,"height":1080,"caption":"Noti-America LLC | Rep\u00fablica Dominicana"},"image":{"@id":"https:\/\/noti-america.com\/site\/repdom\/#\/schema\/logo\/image\/"}},{"@type":"Person","@id":"https:\/\/noti-america.com\/site\/repdom\/#\/schema\/person\/fd0092c1530d275fabaa5cffcbc2b976","name":"Ad\u00e1n Soriano","image":{"@type":"ImageObject","inLanguage":"es","@id":"https:\/\/secure.gravatar.com\/avatar\/ecf97ff3aee7ff9efdae670d7e976f3e7e8acc1077e510d73707999a8bfd4467?s=96&d=mm&r=g","url":"https:\/\/secure.gravatar.com\/avatar\/ecf97ff3aee7ff9efdae670d7e976f3e7e8acc1077e510d73707999a8bfd4467?s=96&d=mm&r=g","contentUrl":"https:\/\/secure.gravatar.com\/avatar\/ecf97ff3aee7ff9efdae670d7e976f3e7e8acc1077e510d73707999a8bfd4467?s=96&d=mm&r=g","caption":"Ad\u00e1n Soriano"},"description":"Soy cronista deportivo con 10 a\u00f1os de experiencia en varios espacios, y conduzco el podcast deportivo llamado Mezcla Deportiva","sameAs":["https:\/\/x.com\/adansoriano"],"url":"https:\/\/noti-america.com\/site\/repdom\/author\/asoriano\/"}]}},"_links":{"self":[{"href":"https:\/\/noti-america.com\/site\/repdom\/wp-json\/wp\/v2\/posts\/5195","targetHints":{"allow":["GET"]}}],"collection":[{"href":"https:\/\/noti-america.com\/site\/repdom\/wp-json\/wp\/v2\/posts"}],"about":[{"href":"https:\/\/noti-america.com\/site\/repdom\/wp-json\/wp\/v2\/types\/post"}],"author":[{"embeddable":true,"href":"https:\/\/noti-america.com\/site\/repdom\/wp-json\/wp\/v2\/users\/89"}],"replies":[{"embeddable":true,"href":"https:\/\/noti-america.com\/site\/repdom\/wp-json\/wp\/v2\/comments?post=5195"}],"version-history":[{"count":1,"href":"https:\/\/noti-america.com\/site\/repdom\/wp-json\/wp\/v2\/posts\/5195\/revisions"}],"predecessor-version":[{"id":5208,"href":"https:\/\/noti-america.com\/site\/repdom\/wp-json\/wp\/v2\/posts\/5195\/revisions\/5208"}],"wp:featuredmedia":[{"embeddable":true,"href":"https:\/\/noti-america.com\/site\/repdom\/wp-json\/wp\/v2\/media\/5207"}],"wp:attachment":[{"href":"https:\/\/noti-america.com\/site\/repdom\/wp-json\/wp\/v2\/media?parent=5195"}],"wp:term":[{"taxonomy":"category","embeddable":true,"href":"https:\/\/noti-america.com\/site\/repdom\/wp-json\/wp\/v2\/categories?post=5195"},{"taxonomy":"post_tag","embeddable":true,"href":"https:\/\/noti-america.com\/site\/repdom\/wp-json\/wp\/v2\/tags?post=5195"}],"curies":[{"name":"wp","href":"https:\/\/api.w.org\/{rel}","templated":true}]}}