{"id":5126,"date":"2020-10-15T16:27:28","date_gmt":"2020-10-15T16:27:28","guid":{"rendered":"https:\/\/noti-america.com\/site\/repdom\/?p=5126"},"modified":"2020-10-15T16:27:28","modified_gmt":"2020-10-15T16:27:28","slug":"toros-anuncian-regreso-de-relevistas-peterson-y-carter","status":"publish","type":"post","link":"https:\/\/noti-america.com\/site\/repdom\/2020\/10\/15\/toros-anuncian-regreso-de-relevistas-peterson-y-carter\/","title":{"rendered":"Toros anuncian regreso de relevistas Peterson y Carter"},"content":{"rendered":"<p style=\"text-align: justify\">Los Toros del Este anunciaron el regreso de los derechos Tim Peterson y Anthony Carter, quienes vienen a fortalecer el bullpen de los campeones nacionales y del Caribe.<\/p>\n<p style=\"text-align: justify\">\u201cEstos brazos volver\u00e1n a ser de gran ayuda, conocen muy bien la liga pero sobre todo desde el principio se identificaron con la causa taurina y los resultados hablan por s\u00ed solos\u201d, dijo Raymond Abreu al momento de hacer el anuncio de las contrataciones.<\/p>\n<p style=\"text-align: justify\">Peterson estar\u00e1 en su tercer a\u00f1o consecutivo con los romanenses, la temporada pasada tuvo marca de 2-0, 0.90 de efectividad en 10 entradas donde ponch\u00f3 12 y apenas le conectaron 7 hits.<\/p>\n<p style=\"text-align: justify\">En la Serie Final logr\u00f3 r\u00e9cord de 2-0 con efectividad de 1.80, lanzando 5 entradas de 1 boleto y 3 ponches.<\/p>\n<p style=\"text-align: justify\">En su carrera en la pelota dominicana entre Serie Regular y playoffs posee marca de 5-1, ERA de 2.52 con 40 ponches y solo 11 boletos en 35.2 episodios.<\/p>\n<p style=\"text-align: justify\">De su lado, Carter vuelve por segunda campa\u00f1a seguida e igualmente fue vital para la consecuci\u00f3n del t\u00edtulo de campeones de los Toros. Entre Serie Regular, Round Robin y Serie Final el derecho termin\u00f3 el a\u00f1o con r\u00e9cord de 4-0, efectividad de 1.11 en 24.1 innings, donde permiti\u00f3 16 hits y ponch\u00f3 a 13 bateadores.<\/p>\n<p style=\"text-align: justify\">Peterson tiene experiencia de Grandes Ligas en el 2018 y el 2019 con los Mets de Nueva York mientras que Carter ha jugado previamente en la liga invernal de Puerto Rico, en Jap\u00f3n y en M\u00e9xico.<\/p>\n<p style=\"text-align: justify\">Ya los Toros previamente hab\u00edan anunciado las contrataciones del \u201cMVP\u201d de la temporada pasada Peter O\u2019Brien y del receptor Jonah Heim, sumando cuatro las importaciones anunciadas hasta el momento.<\/p>\n<p style=\"text-align: justify\">Los campeones nacionales y del Caribe tienen pautado iniciar sus entrenamientos el pr\u00f3ximo lunes 26 de este mes de octubre.<\/p>\n<p style=\"text-align: justify\"><strong>Fuente: Prensa Toros del Este<\/strong><\/p>\n","protected":false},"excerpt":{"rendered":"<p>Los Toros del Este anunciaron el regreso de los derechos Tim Peterson y Anthony Carter, quienes vienen a fortalecer el bullpen de los campeones nacionales y del Caribe. \u201cEstos brazos volver\u00e1n a ser de&#46;&#46;&#46;<\/p>\n","protected":false},"author":89,"featured_media":5146,"comment_status":"open","ping_status":"open","sticky":false,"template":"","format":"standard","meta":{"_acf_changed":false,"rop_custom_images_group":[],"rop_custom_messages_group":[],"rop_publish_now":"initial","rop_publish_now_accounts":[],"rop_publish_now_history":[],"rop_publish_now_status":"pending","footnotes":""},"categories":[16],"tags":[475,119,122,474,132],"class_list":["post-5126","post","type-post","status-publish","format-standard","has-post-thumbnail","hentry","category-deportes","tag-anthony-carter","tag-beisbol-dominicano","tag-liga-dominicana-de-beisbol-profesional","tag-tim-peterson","tag-toros-del-este"],"acf":[],"yoast_head":"<!-- This site is optimized with the Yoast SEO Premium plugin v24.9 (Yoast SEO v27.2) - https:\/\/yoast.com\/product\/yoast-seo-premium-wordpress\/ -->\n<title>Toros anuncian regreso de relevistas Peterson y Carter - Rep. Dominicana | Noti-America.com<\/title>\n<meta name=\"robots\" content=\"index, follow, max-snippet:-1, max-image-preview:large, max-video-preview:-1\" \/>\n<link rel=\"canonical\" href=\"https:\/\/noti-america.com\/site\/repdom\/2020\/10\/15\/toros-anuncian-regreso-de-relevistas-peterson-y-carter\/\" \/>\n<meta property=\"og:locale\" content=\"es_ES\" \/>\n<meta property=\"og:type\" content=\"article\" \/>\n<meta property=\"og:title\" content=\"Toros anuncian regreso de relevistas Peterson y Carter\" \/>\n<meta property=\"og:description\" content=\"Los Toros del Este anunciaron el regreso de los derechos Tim Peterson y Anthony Carter, quienes vienen a fortalecer el bullpen de los campeones nacionales y del Caribe. \u201cEstos brazos volver\u00e1n a ser de&#046;&#046;&#046;\" \/>\n<meta property=\"og:url\" content=\"https:\/\/noti-america.com\/site\/repdom\/2020\/10\/15\/toros-anuncian-regreso-de-relevistas-peterson-y-carter\/\" \/>\n<meta property=\"og:site_name\" content=\"Rep. Dominicana | Noti-America.com\" \/>\n<meta property=\"article:published_time\" content=\"2020-10-15T16:27:28+00:00\" \/>\n<meta property=\"og:image\" content=\"https:\/\/noti-america.com\/site\/repdom\/wp-content\/uploads\/sites\/6\/2020\/10\/Refuerzos-Toros-del-Este.jpg\" \/>\n\t<meta property=\"og:image:width\" content=\"2048\" \/>\n\t<meta property=\"og:image:height\" content=\"2048\" \/>\n\t<meta property=\"og:image:type\" content=\"image\/jpeg\" \/>\n<meta name=\"author\" content=\"Ad\u00e1n Soriano\" \/>\n<meta name=\"twitter:card\" content=\"summary_large_image\" \/>\n<meta name=\"twitter:creator\" content=\"@adansoriano\" \/>\n<meta name=\"twitter:label1\" content=\"Escrito por\" \/>\n\t<meta name=\"twitter:data1\" content=\"Ad\u00e1n Soriano\" \/>\n\t<meta name=\"twitter:label2\" content=\"Tiempo estimado de lectura\" \/>\n\t<meta name=\"twitter:data2\" content=\"1 minuto\" \/>\n<script type=\"application\/ld+json\" class=\"yoast-schema-graph\">{\"@context\":\"https:\/\/schema.org\",\"@graph\":[{\"@type\":\"Article\",\"@id\":\"https:\/\/noti-america.com\/site\/repdom\/2020\/10\/15\/toros-anuncian-regreso-de-relevistas-peterson-y-carter\/#article\",\"isPartOf\":{\"@id\":\"https:\/\/noti-america.com\/site\/repdom\/2020\/10\/15\/toros-anuncian-regreso-de-relevistas-peterson-y-carter\/\"},\"author\":{\"name\":\"Ad\u00e1n Soriano\",\"@id\":\"https:\/\/noti-america.com\/site\/repdom\/#\/schema\/person\/fd0092c1530d275fabaa5cffcbc2b976\"},\"headline\":\"Toros anuncian regreso de relevistas Peterson y Carter\",\"datePublished\":\"2020-10-15T16:27:28+00:00\",\"mainEntityOfPage\":{\"@id\":\"https:\/\/noti-america.com\/site\/repdom\/2020\/10\/15\/toros-anuncian-regreso-de-relevistas-peterson-y-carter\/\"},\"wordCount\":301,\"commentCount\":0,\"publisher\":{\"@id\":\"https:\/\/noti-america.com\/site\/repdom\/#organization\"},\"image\":{\"@id\":\"https:\/\/noti-america.com\/site\/repdom\/2020\/10\/15\/toros-anuncian-regreso-de-relevistas-peterson-y-carter\/#primaryimage\"},\"thumbnailUrl\":\"https:\/\/noti-america.com\/site\/repdom\/wp-content\/uploads\/sites\/6\/2020\/10\/Refuerzos-Toros-del-Este.jpg\",\"keywords\":[\"Anthony Carter\",\"B\u00e9isbol Dominicano\",\"Liga Dominicana de B\u00e9isbol Profesional\",\"Tim Peterson\",\"Toros del Este\"],\"articleSection\":[\"Deportes\"],\"inLanguage\":\"es\",\"potentialAction\":[{\"@type\":\"CommentAction\",\"name\":\"Comment\",\"target\":[\"https:\/\/noti-america.com\/site\/repdom\/2020\/10\/15\/toros-anuncian-regreso-de-relevistas-peterson-y-carter\/#respond\"]}]},{\"@type\":\"WebPage\",\"@id\":\"https:\/\/noti-america.com\/site\/repdom\/2020\/10\/15\/toros-anuncian-regreso-de-relevistas-peterson-y-carter\/\",\"url\":\"https:\/\/noti-america.com\/site\/repdom\/2020\/10\/15\/toros-anuncian-regreso-de-relevistas-peterson-y-carter\/\",\"name\":\"Toros anuncian regreso de relevistas Peterson y Carter - Rep. Dominicana | Noti-America.com\",\"isPartOf\":{\"@id\":\"https:\/\/noti-america.com\/site\/repdom\/#website\"},\"primaryImageOfPage\":{\"@id\":\"https:\/\/noti-america.com\/site\/repdom\/2020\/10\/15\/toros-anuncian-regreso-de-relevistas-peterson-y-carter\/#primaryimage\"},\"image\":{\"@id\":\"https:\/\/noti-america.com\/site\/repdom\/2020\/10\/15\/toros-anuncian-regreso-de-relevistas-peterson-y-carter\/#primaryimage\"},\"thumbnailUrl\":\"https:\/\/noti-america.com\/site\/repdom\/wp-content\/uploads\/sites\/6\/2020\/10\/Refuerzos-Toros-del-Este.jpg\",\"datePublished\":\"2020-10-15T16:27:28+00:00\",\"breadcrumb\":{\"@id\":\"https:\/\/noti-america.com\/site\/repdom\/2020\/10\/15\/toros-anuncian-regreso-de-relevistas-peterson-y-carter\/#breadcrumb\"},\"inLanguage\":\"es\",\"potentialAction\":[{\"@type\":\"ReadAction\",\"target\":[\"https:\/\/noti-america.com\/site\/repdom\/2020\/10\/15\/toros-anuncian-regreso-de-relevistas-peterson-y-carter\/\"]}]},{\"@type\":\"ImageObject\",\"inLanguage\":\"es\",\"@id\":\"https:\/\/noti-america.com\/site\/repdom\/2020\/10\/15\/toros-anuncian-regreso-de-relevistas-peterson-y-carter\/#primaryimage\",\"url\":\"https:\/\/noti-america.com\/site\/repdom\/wp-content\/uploads\/sites\/6\/2020\/10\/Refuerzos-Toros-del-Este.jpg\",\"contentUrl\":\"https:\/\/noti-america.com\/site\/repdom\/wp-content\/uploads\/sites\/6\/2020\/10\/Refuerzos-Toros-del-Este.jpg\",\"width\":2048,\"height\":2048},{\"@type\":\"BreadcrumbList\",\"@id\":\"https:\/\/noti-america.com\/site\/repdom\/2020\/10\/15\/toros-anuncian-regreso-de-relevistas-peterson-y-carter\/#breadcrumb\",\"itemListElement\":[{\"@type\":\"ListItem\",\"position\":1,\"name\":\"Portada\",\"item\":\"https:\/\/noti-america.com\/site\/repdom\/\"},{\"@type\":\"ListItem\",\"position\":2,\"name\":\"Toros anuncian regreso de relevistas Peterson y Carter\"}]},{\"@type\":\"WebSite\",\"@id\":\"https:\/\/noti-america.com\/site\/repdom\/#website\",\"url\":\"https:\/\/noti-america.com\/site\/repdom\/\",\"name\":\"Rep. Dominicana | Noti-America.com\",\"description\":\"\",\"publisher\":{\"@id\":\"https:\/\/noti-america.com\/site\/repdom\/#organization\"},\"potentialAction\":[{\"@type\":\"SearchAction\",\"target\":{\"@type\":\"EntryPoint\",\"urlTemplate\":\"https:\/\/noti-america.com\/site\/repdom\/?s={search_term_string}\"},\"query-input\":{\"@type\":\"PropertyValueSpecification\",\"valueRequired\":true,\"valueName\":\"search_term_string\"}}],\"inLanguage\":\"es\"},{\"@type\":\"Organization\",\"@id\":\"https:\/\/noti-america.com\/site\/repdom\/#organization\",\"name\":\"Noti-America LLC | Rep\u00fablica Dominicana\",\"url\":\"https:\/\/noti-america.com\/site\/repdom\/\",\"logo\":{\"@type\":\"ImageObject\",\"inLanguage\":\"es\",\"@id\":\"https:\/\/noti-america.com\/site\/repdom\/#\/schema\/logo\/image\/\",\"url\":\"https:\/\/noti-america.com\/site\/repdom\/wp-content\/uploads\/sites\/6\/2020\/07\/LogoNA-4x3-1.jpg\",\"contentUrl\":\"https:\/\/noti-america.com\/site\/repdom\/wp-content\/uploads\/sites\/6\/2020\/07\/LogoNA-4x3-1.jpg\",\"width\":1236,\"height\":1080,\"caption\":\"Noti-America LLC | Rep\u00fablica Dominicana\"},\"image\":{\"@id\":\"https:\/\/noti-america.com\/site\/repdom\/#\/schema\/logo\/image\/\"}},{\"@type\":\"Person\",\"@id\":\"https:\/\/noti-america.com\/site\/repdom\/#\/schema\/person\/fd0092c1530d275fabaa5cffcbc2b976\",\"name\":\"Ad\u00e1n Soriano\",\"image\":{\"@type\":\"ImageObject\",\"inLanguage\":\"es\",\"@id\":\"https:\/\/secure.gravatar.com\/avatar\/ecf97ff3aee7ff9efdae670d7e976f3e7e8acc1077e510d73707999a8bfd4467?s=96&d=mm&r=g\",\"url\":\"https:\/\/secure.gravatar.com\/avatar\/ecf97ff3aee7ff9efdae670d7e976f3e7e8acc1077e510d73707999a8bfd4467?s=96&d=mm&r=g\",\"contentUrl\":\"https:\/\/secure.gravatar.com\/avatar\/ecf97ff3aee7ff9efdae670d7e976f3e7e8acc1077e510d73707999a8bfd4467?s=96&d=mm&r=g\",\"caption\":\"Ad\u00e1n Soriano\"},\"description\":\"Soy cronista deportivo con 10 a\u00f1os de experiencia en varios espacios, y conduzco el podcast deportivo llamado Mezcla Deportiva\",\"sameAs\":[\"https:\/\/x.com\/adansoriano\"],\"url\":\"https:\/\/noti-america.com\/site\/repdom\/author\/asoriano\/\"}]}<\/script>\n<!-- \/ Yoast SEO Premium plugin. -->","yoast_head_json":{"title":"Toros anuncian regreso de relevistas Peterson y Carter - Rep. Dominicana | Noti-America.com","robots":{"index":"index","follow":"follow","max-snippet":"max-snippet:-1","max-image-preview":"max-image-preview:large","max-video-preview":"max-video-preview:-1"},"canonical":"https:\/\/noti-america.com\/site\/repdom\/2020\/10\/15\/toros-anuncian-regreso-de-relevistas-peterson-y-carter\/","og_locale":"es_ES","og_type":"article","og_title":"Toros anuncian regreso de relevistas Peterson y Carter","og_description":"Los Toros del Este anunciaron el regreso de los derechos Tim Peterson y Anthony Carter, quienes vienen a fortalecer el bullpen de los campeones nacionales y del Caribe. \u201cEstos brazos volver\u00e1n a ser de&#46;&#46;&#46;","og_url":"https:\/\/noti-america.com\/site\/repdom\/2020\/10\/15\/toros-anuncian-regreso-de-relevistas-peterson-y-carter\/","og_site_name":"Rep. Dominicana | Noti-America.com","article_published_time":"2020-10-15T16:27:28+00:00","og_image":[{"width":2048,"height":2048,"url":"https:\/\/noti-america.com\/site\/repdom\/wp-content\/uploads\/sites\/6\/2020\/10\/Refuerzos-Toros-del-Este.jpg","type":"image\/jpeg"}],"author":"Ad\u00e1n Soriano","twitter_card":"summary_large_image","twitter_creator":"@adansoriano","twitter_misc":{"Escrito por":"Ad\u00e1n Soriano","Tiempo estimado de lectura":"1 minuto"},"schema":{"@context":"https:\/\/schema.org","@graph":[{"@type":"Article","@id":"https:\/\/noti-america.com\/site\/repdom\/2020\/10\/15\/toros-anuncian-regreso-de-relevistas-peterson-y-carter\/#article","isPartOf":{"@id":"https:\/\/noti-america.com\/site\/repdom\/2020\/10\/15\/toros-anuncian-regreso-de-relevistas-peterson-y-carter\/"},"author":{"name":"Ad\u00e1n Soriano","@id":"https:\/\/noti-america.com\/site\/repdom\/#\/schema\/person\/fd0092c1530d275fabaa5cffcbc2b976"},"headline":"Toros anuncian regreso de relevistas Peterson y Carter","datePublished":"2020-10-15T16:27:28+00:00","mainEntityOfPage":{"@id":"https:\/\/noti-america.com\/site\/repdom\/2020\/10\/15\/toros-anuncian-regreso-de-relevistas-peterson-y-carter\/"},"wordCount":301,"commentCount":0,"publisher":{"@id":"https:\/\/noti-america.com\/site\/repdom\/#organization"},"image":{"@id":"https:\/\/noti-america.com\/site\/repdom\/2020\/10\/15\/toros-anuncian-regreso-de-relevistas-peterson-y-carter\/#primaryimage"},"thumbnailUrl":"https:\/\/noti-america.com\/site\/repdom\/wp-content\/uploads\/sites\/6\/2020\/10\/Refuerzos-Toros-del-Este.jpg","keywords":["Anthony Carter","B\u00e9isbol Dominicano","Liga Dominicana de B\u00e9isbol Profesional","Tim Peterson","Toros del Este"],"articleSection":["Deportes"],"inLanguage":"es","potentialAction":[{"@type":"CommentAction","name":"Comment","target":["https:\/\/noti-america.com\/site\/repdom\/2020\/10\/15\/toros-anuncian-regreso-de-relevistas-peterson-y-carter\/#respond"]}]},{"@type":"WebPage","@id":"https:\/\/noti-america.com\/site\/repdom\/2020\/10\/15\/toros-anuncian-regreso-de-relevistas-peterson-y-carter\/","url":"https:\/\/noti-america.com\/site\/repdom\/2020\/10\/15\/toros-anuncian-regreso-de-relevistas-peterson-y-carter\/","name":"Toros anuncian regreso de relevistas Peterson y Carter - Rep. Dominicana | Noti-America.com","isPartOf":{"@id":"https:\/\/noti-america.com\/site\/repdom\/#website"},"primaryImageOfPage":{"@id":"https:\/\/noti-america.com\/site\/repdom\/2020\/10\/15\/toros-anuncian-regreso-de-relevistas-peterson-y-carter\/#primaryimage"},"image":{"@id":"https:\/\/noti-america.com\/site\/repdom\/2020\/10\/15\/toros-anuncian-regreso-de-relevistas-peterson-y-carter\/#primaryimage"},"thumbnailUrl":"https:\/\/noti-america.com\/site\/repdom\/wp-content\/uploads\/sites\/6\/2020\/10\/Refuerzos-Toros-del-Este.jpg","datePublished":"2020-10-15T16:27:28+00:00","breadcrumb":{"@id":"https:\/\/noti-america.com\/site\/repdom\/2020\/10\/15\/toros-anuncian-regreso-de-relevistas-peterson-y-carter\/#breadcrumb"},"inLanguage":"es","potentialAction":[{"@type":"ReadAction","target":["https:\/\/noti-america.com\/site\/repdom\/2020\/10\/15\/toros-anuncian-regreso-de-relevistas-peterson-y-carter\/"]}]},{"@type":"ImageObject","inLanguage":"es","@id":"https:\/\/noti-america.com\/site\/repdom\/2020\/10\/15\/toros-anuncian-regreso-de-relevistas-peterson-y-carter\/#primaryimage","url":"https:\/\/noti-america.com\/site\/repdom\/wp-content\/uploads\/sites\/6\/2020\/10\/Refuerzos-Toros-del-Este.jpg","contentUrl":"https:\/\/noti-america.com\/site\/repdom\/wp-content\/uploads\/sites\/6\/2020\/10\/Refuerzos-Toros-del-Este.jpg","width":2048,"height":2048},{"@type":"BreadcrumbList","@id":"https:\/\/noti-america.com\/site\/repdom\/2020\/10\/15\/toros-anuncian-regreso-de-relevistas-peterson-y-carter\/#breadcrumb","itemListElement":[{"@type":"ListItem","position":1,"name":"Portada","item":"https:\/\/noti-america.com\/site\/repdom\/"},{"@type":"ListItem","position":2,"name":"Toros anuncian regreso de relevistas Peterson y Carter"}]},{"@type":"WebSite","@id":"https:\/\/noti-america.com\/site\/repdom\/#website","url":"https:\/\/noti-america.com\/site\/repdom\/","name":"Rep. Dominicana | Noti-America.com","description":"","publisher":{"@id":"https:\/\/noti-america.com\/site\/repdom\/#organization"},"potentialAction":[{"@type":"SearchAction","target":{"@type":"EntryPoint","urlTemplate":"https:\/\/noti-america.com\/site\/repdom\/?s={search_term_string}"},"query-input":{"@type":"PropertyValueSpecification","valueRequired":true,"valueName":"search_term_string"}}],"inLanguage":"es"},{"@type":"Organization","@id":"https:\/\/noti-america.com\/site\/repdom\/#organization","name":"Noti-America LLC | Rep\u00fablica Dominicana","url":"https:\/\/noti-america.com\/site\/repdom\/","logo":{"@type":"ImageObject","inLanguage":"es","@id":"https:\/\/noti-america.com\/site\/repdom\/#\/schema\/logo\/image\/","url":"https:\/\/noti-america.com\/site\/repdom\/wp-content\/uploads\/sites\/6\/2020\/07\/LogoNA-4x3-1.jpg","contentUrl":"https:\/\/noti-america.com\/site\/repdom\/wp-content\/uploads\/sites\/6\/2020\/07\/LogoNA-4x3-1.jpg","width":1236,"height":1080,"caption":"Noti-America LLC | Rep\u00fablica Dominicana"},"image":{"@id":"https:\/\/noti-america.com\/site\/repdom\/#\/schema\/logo\/image\/"}},{"@type":"Person","@id":"https:\/\/noti-america.com\/site\/repdom\/#\/schema\/person\/fd0092c1530d275fabaa5cffcbc2b976","name":"Ad\u00e1n Soriano","image":{"@type":"ImageObject","inLanguage":"es","@id":"https:\/\/secure.gravatar.com\/avatar\/ecf97ff3aee7ff9efdae670d7e976f3e7e8acc1077e510d73707999a8bfd4467?s=96&d=mm&r=g","url":"https:\/\/secure.gravatar.com\/avatar\/ecf97ff3aee7ff9efdae670d7e976f3e7e8acc1077e510d73707999a8bfd4467?s=96&d=mm&r=g","contentUrl":"https:\/\/secure.gravatar.com\/avatar\/ecf97ff3aee7ff9efdae670d7e976f3e7e8acc1077e510d73707999a8bfd4467?s=96&d=mm&r=g","caption":"Ad\u00e1n Soriano"},"description":"Soy cronista deportivo con 10 a\u00f1os de experiencia en varios espacios, y conduzco el podcast deportivo llamado Mezcla Deportiva","sameAs":["https:\/\/x.com\/adansoriano"],"url":"https:\/\/noti-america.com\/site\/repdom\/author\/asoriano\/"}]}},"_links":{"self":[{"href":"https:\/\/noti-america.com\/site\/repdom\/wp-json\/wp\/v2\/posts\/5126","targetHints":{"allow":["GET"]}}],"collection":[{"href":"https:\/\/noti-america.com\/site\/repdom\/wp-json\/wp\/v2\/posts"}],"about":[{"href":"https:\/\/noti-america.com\/site\/repdom\/wp-json\/wp\/v2\/types\/post"}],"author":[{"embeddable":true,"href":"https:\/\/noti-america.com\/site\/repdom\/wp-json\/wp\/v2\/users\/89"}],"replies":[{"embeddable":true,"href":"https:\/\/noti-america.com\/site\/repdom\/wp-json\/wp\/v2\/comments?post=5126"}],"version-history":[{"count":1,"href":"https:\/\/noti-america.com\/site\/repdom\/wp-json\/wp\/v2\/posts\/5126\/revisions"}],"predecessor-version":[{"id":5147,"href":"https:\/\/noti-america.com\/site\/repdom\/wp-json\/wp\/v2\/posts\/5126\/revisions\/5147"}],"wp:featuredmedia":[{"embeddable":true,"href":"https:\/\/noti-america.com\/site\/repdom\/wp-json\/wp\/v2\/media\/5146"}],"wp:attachment":[{"href":"https:\/\/noti-america.com\/site\/repdom\/wp-json\/wp\/v2\/media?parent=5126"}],"wp:term":[{"taxonomy":"category","embeddable":true,"href":"https:\/\/noti-america.com\/site\/repdom\/wp-json\/wp\/v2\/categories?post=5126"},{"taxonomy":"post_tag","embeddable":true,"href":"https:\/\/noti-america.com\/site\/repdom\/wp-json\/wp\/v2\/tags?post=5126"}],"curies":[{"name":"wp","href":"https:\/\/api.w.org\/{rel}","templated":true}]}}