{"id":5120,"date":"2020-10-14T18:37:38","date_gmt":"2020-10-14T18:37:38","guid":{"rendered":"https:\/\/noti-america.com\/site\/repdom\/?p=5120"},"modified":"2020-10-14T18:37:38","modified_gmt":"2020-10-14T18:37:38","slug":"torrealba-sera-coordinador-de-control-de-infeccion-del-escogido","status":"publish","type":"post","link":"https:\/\/noti-america.com\/site\/repdom\/2020\/10\/14\/torrealba-sera-coordinador-de-control-de-infeccion-del-escogido\/","title":{"rendered":"Torrealba ser\u00e1 Coordinador de Control de Infecci\u00f3n del Escogido"},"content":{"rendered":"<p class=\"x_MsoNormal\" style=\"text-align: justify\"><span lang=\"ES-TRAD\">SANTO DOMINGO &#8211; <\/span><span lang=\"ES-TRAD\">Los Leones del Escogido integrar\u00e1n a su staff m\u00e9dico al trainer certificado de los Gigantes de San Francisco, Aqu\u00edles Torrealba, quien trabajar\u00e1 como Coordinador de Control de Infecci\u00f3n en el conjunto escarlata.<\/span><\/p>\n<p class=\"x_MsoNormal\" style=\"text-align: justify\"><span lang=\"ES-TRAD\">Torrealba tiene seis a\u00f1os laborando para la organizaci\u00f3n de San Francisco, donde se ha desempe\u00f1ado como trainer en el sistema de ligas menores y como Coordinador M\u00e9dico para Latinoam\u00e9rica, rol que actualmente ocupa y en el que lleva tres a\u00f1os.<\/span><\/p>\n<p class=\"x_MsoNormal\" style=\"text-align: justify\"><span lang=\"ES-TRAD\">Previamente fue trainer de los Yankees de Nueva York en el complejo de desarrollo del equipo en Tampa, Florida. Tambi\u00e9n ha sido Head Trainer en Venezuela con los Caribes de Anzo\u00e1tegui y en M\u00e9xico con los Yaquis de Ciudad Obreg\u00f3n y los Charros de Guadalajara.<\/span><\/p>\n<p class=\"x_MsoNormal\" style=\"text-align: justify\"><span lang=\"ES-TRAD\">Trabajar\u00e1 de la mano con la Head Trainer y coordinadora m\u00e9dica del Escogido, Maritza Castro, quien tiene la experiencia de trabajar con la aplicaci\u00f3n de los protocolos de Grandes Ligas con los Padres de San Diego, organizaci\u00f3n para la que labora desde el 2014.<\/span><\/p>\n<p class=\"x_MsoNormal\" style=\"text-align: justify\"><span lang=\"ES-TRAD\">Junto a ellos estar\u00e1n como trainers Ludovino Alonzo y Jos\u00e9 G\u00f3mez Sierra, adem\u00e1s de Anthony Adames, quien trabajar\u00e1 como strength coach y acondicionamiento f\u00edsico. Alonzo, G\u00f3mez y Adames llevan varios a\u00f1os trabajando con los melenudos.<\/span><\/p>\n<p class=\"x_MsoNormal\" style=\"text-align: justify\"><span lang=\"ES-TRAD\">Los Leones tambi\u00e9n anuncian que la psic\u00f3loga Rosa Michelle Pou se mantendr\u00e1 trabajando la parte mental de los jugadores. Pou lleg\u00f3 al Escogido en el 2015 y desde el 2016 labora como Mental Skills Coach de los Padres para Latinoam\u00e9rica.<\/span><\/p>\n<p class=\"x_MsoNormal\" style=\"text-align: justify\"><span lang=\"ES-TRAD\">La temporada oto\u00f1o-invernal criolla comenzar\u00e1 el pr\u00f3ximo 15 de noviembre.<\/span><\/p>\n<p style=\"text-align: justify\"><strong>Fuente: Prensa Escogido<\/strong><\/p>\n","protected":false},"excerpt":{"rendered":"<p>SANTO DOMINGO &#8211; Los Leones del Escogido integrar\u00e1n a su staff m\u00e9dico al trainer certificado de los Gigantes de San Francisco, Aqu\u00edles Torrealba, quien trabajar\u00e1 como Coordinador de Control de Infecci\u00f3n en el conjunto&#46;&#46;&#46;<\/p>\n","protected":false},"author":89,"featured_media":5121,"comment_status":"open","ping_status":"open","sticky":false,"template":"","format":"standard","meta":{"_acf_changed":false,"rop_custom_images_group":[],"rop_custom_messages_group":[],"rop_publish_now":"initial","rop_publish_now_accounts":[],"rop_publish_now_history":[],"rop_publish_now_status":"pending","footnotes":""},"categories":[16],"tags":[472,119,258,122,127,378],"class_list":["post-5120","post","type-post","status-publish","format-standard","has-post-thumbnail","hentry","category-deportes","tag-aquiles-torrealba","tag-beisbol-dominicano","tag-leones-del-escogido","tag-liga-dominicana-de-beisbol-profesional","tag-major-league-baseball","tag-san-francisco-giants"],"acf":[],"yoast_head":"<!-- This site is optimized with the Yoast SEO Premium plugin v24.9 (Yoast SEO v27.2) - https:\/\/yoast.com\/product\/yoast-seo-premium-wordpress\/ -->\n<title>Torrealba ser\u00e1 Coordinador de Control de Infecci\u00f3n del Escogido - Rep. Dominicana | Noti-America.com<\/title>\n<meta name=\"robots\" content=\"index, follow, max-snippet:-1, max-image-preview:large, max-video-preview:-1\" \/>\n<link rel=\"canonical\" href=\"https:\/\/noti-america.com\/site\/repdom\/2020\/10\/14\/torrealba-sera-coordinador-de-control-de-infeccion-del-escogido\/\" \/>\n<meta property=\"og:locale\" content=\"es_ES\" \/>\n<meta property=\"og:type\" content=\"article\" \/>\n<meta property=\"og:title\" content=\"Torrealba ser\u00e1 Coordinador de Control de Infecci\u00f3n del Escogido\" \/>\n<meta property=\"og:description\" content=\"SANTO DOMINGO &#8211; Los Leones del Escogido integrar\u00e1n a su staff m\u00e9dico al trainer certificado de los Gigantes de San Francisco, Aqu\u00edles Torrealba, quien trabajar\u00e1 como Coordinador de Control de Infecci\u00f3n en el conjunto&#046;&#046;&#046;\" \/>\n<meta property=\"og:url\" content=\"https:\/\/noti-america.com\/site\/repdom\/2020\/10\/14\/torrealba-sera-coordinador-de-control-de-infeccion-del-escogido\/\" \/>\n<meta property=\"og:site_name\" content=\"Rep. Dominicana | Noti-America.com\" \/>\n<meta property=\"article:published_time\" content=\"2020-10-14T18:37:38+00:00\" \/>\n<meta property=\"og:image\" content=\"https:\/\/noti-america.com\/site\/repdom\/wp-content\/uploads\/sites\/6\/2020\/10\/Aquiles-Torrealba.jpg\" \/>\n\t<meta property=\"og:image:width\" content=\"828\" \/>\n\t<meta property=\"og:image:height\" content=\"540\" \/>\n\t<meta property=\"og:image:type\" content=\"image\/jpeg\" \/>\n<meta name=\"author\" content=\"Ad\u00e1n Soriano\" \/>\n<meta name=\"twitter:card\" content=\"summary_large_image\" \/>\n<meta name=\"twitter:creator\" content=\"@adansoriano\" \/>\n<meta name=\"twitter:label1\" content=\"Escrito por\" \/>\n\t<meta name=\"twitter:data1\" content=\"Ad\u00e1n Soriano\" \/>\n\t<meta name=\"twitter:label2\" content=\"Tiempo estimado de lectura\" \/>\n\t<meta name=\"twitter:data2\" content=\"1 minuto\" \/>\n<script type=\"application\/ld+json\" class=\"yoast-schema-graph\">{\"@context\":\"https:\/\/schema.org\",\"@graph\":[{\"@type\":\"Article\",\"@id\":\"https:\/\/noti-america.com\/site\/repdom\/2020\/10\/14\/torrealba-sera-coordinador-de-control-de-infeccion-del-escogido\/#article\",\"isPartOf\":{\"@id\":\"https:\/\/noti-america.com\/site\/repdom\/2020\/10\/14\/torrealba-sera-coordinador-de-control-de-infeccion-del-escogido\/\"},\"author\":{\"name\":\"Ad\u00e1n Soriano\",\"@id\":\"https:\/\/noti-america.com\/site\/repdom\/#\/schema\/person\/fd0092c1530d275fabaa5cffcbc2b976\"},\"headline\":\"Torrealba ser\u00e1 Coordinador de Control de Infecci\u00f3n del Escogido\",\"datePublished\":\"2020-10-14T18:37:38+00:00\",\"mainEntityOfPage\":{\"@id\":\"https:\/\/noti-america.com\/site\/repdom\/2020\/10\/14\/torrealba-sera-coordinador-de-control-de-infeccion-del-escogido\/\"},\"wordCount\":286,\"commentCount\":0,\"publisher\":{\"@id\":\"https:\/\/noti-america.com\/site\/repdom\/#organization\"},\"image\":{\"@id\":\"https:\/\/noti-america.com\/site\/repdom\/2020\/10\/14\/torrealba-sera-coordinador-de-control-de-infeccion-del-escogido\/#primaryimage\"},\"thumbnailUrl\":\"https:\/\/noti-america.com\/site\/repdom\/wp-content\/uploads\/sites\/6\/2020\/10\/Aquiles-Torrealba.jpg\",\"keywords\":[\"Aqu\u00edles Torrealba\",\"B\u00e9isbol Dominicano\",\"Leones del Escogido\",\"Liga Dominicana de B\u00e9isbol Profesional\",\"Major League Baseball\",\"San Francisco Giants\"],\"articleSection\":[\"Deportes\"],\"inLanguage\":\"es\",\"potentialAction\":[{\"@type\":\"CommentAction\",\"name\":\"Comment\",\"target\":[\"https:\/\/noti-america.com\/site\/repdom\/2020\/10\/14\/torrealba-sera-coordinador-de-control-de-infeccion-del-escogido\/#respond\"]}]},{\"@type\":\"WebPage\",\"@id\":\"https:\/\/noti-america.com\/site\/repdom\/2020\/10\/14\/torrealba-sera-coordinador-de-control-de-infeccion-del-escogido\/\",\"url\":\"https:\/\/noti-america.com\/site\/repdom\/2020\/10\/14\/torrealba-sera-coordinador-de-control-de-infeccion-del-escogido\/\",\"name\":\"Torrealba ser\u00e1 Coordinador de Control de Infecci\u00f3n del Escogido - Rep. Dominicana | Noti-America.com\",\"isPartOf\":{\"@id\":\"https:\/\/noti-america.com\/site\/repdom\/#website\"},\"primaryImageOfPage\":{\"@id\":\"https:\/\/noti-america.com\/site\/repdom\/2020\/10\/14\/torrealba-sera-coordinador-de-control-de-infeccion-del-escogido\/#primaryimage\"},\"image\":{\"@id\":\"https:\/\/noti-america.com\/site\/repdom\/2020\/10\/14\/torrealba-sera-coordinador-de-control-de-infeccion-del-escogido\/#primaryimage\"},\"thumbnailUrl\":\"https:\/\/noti-america.com\/site\/repdom\/wp-content\/uploads\/sites\/6\/2020\/10\/Aquiles-Torrealba.jpg\",\"datePublished\":\"2020-10-14T18:37:38+00:00\",\"breadcrumb\":{\"@id\":\"https:\/\/noti-america.com\/site\/repdom\/2020\/10\/14\/torrealba-sera-coordinador-de-control-de-infeccion-del-escogido\/#breadcrumb\"},\"inLanguage\":\"es\",\"potentialAction\":[{\"@type\":\"ReadAction\",\"target\":[\"https:\/\/noti-america.com\/site\/repdom\/2020\/10\/14\/torrealba-sera-coordinador-de-control-de-infeccion-del-escogido\/\"]}]},{\"@type\":\"ImageObject\",\"inLanguage\":\"es\",\"@id\":\"https:\/\/noti-america.com\/site\/repdom\/2020\/10\/14\/torrealba-sera-coordinador-de-control-de-infeccion-del-escogido\/#primaryimage\",\"url\":\"https:\/\/noti-america.com\/site\/repdom\/wp-content\/uploads\/sites\/6\/2020\/10\/Aquiles-Torrealba.jpg\",\"contentUrl\":\"https:\/\/noti-america.com\/site\/repdom\/wp-content\/uploads\/sites\/6\/2020\/10\/Aquiles-Torrealba.jpg\",\"width\":828,\"height\":540},{\"@type\":\"BreadcrumbList\",\"@id\":\"https:\/\/noti-america.com\/site\/repdom\/2020\/10\/14\/torrealba-sera-coordinador-de-control-de-infeccion-del-escogido\/#breadcrumb\",\"itemListElement\":[{\"@type\":\"ListItem\",\"position\":1,\"name\":\"Portada\",\"item\":\"https:\/\/noti-america.com\/site\/repdom\/\"},{\"@type\":\"ListItem\",\"position\":2,\"name\":\"Torrealba ser\u00e1 Coordinador de Control de Infecci\u00f3n del Escogido\"}]},{\"@type\":\"WebSite\",\"@id\":\"https:\/\/noti-america.com\/site\/repdom\/#website\",\"url\":\"https:\/\/noti-america.com\/site\/repdom\/\",\"name\":\"Rep. Dominicana | Noti-America.com\",\"description\":\"\",\"publisher\":{\"@id\":\"https:\/\/noti-america.com\/site\/repdom\/#organization\"},\"potentialAction\":[{\"@type\":\"SearchAction\",\"target\":{\"@type\":\"EntryPoint\",\"urlTemplate\":\"https:\/\/noti-america.com\/site\/repdom\/?s={search_term_string}\"},\"query-input\":{\"@type\":\"PropertyValueSpecification\",\"valueRequired\":true,\"valueName\":\"search_term_string\"}}],\"inLanguage\":\"es\"},{\"@type\":\"Organization\",\"@id\":\"https:\/\/noti-america.com\/site\/repdom\/#organization\",\"name\":\"Noti-America LLC | Rep\u00fablica Dominicana\",\"url\":\"https:\/\/noti-america.com\/site\/repdom\/\",\"logo\":{\"@type\":\"ImageObject\",\"inLanguage\":\"es\",\"@id\":\"https:\/\/noti-america.com\/site\/repdom\/#\/schema\/logo\/image\/\",\"url\":\"https:\/\/noti-america.com\/site\/repdom\/wp-content\/uploads\/sites\/6\/2020\/07\/LogoNA-4x3-1.jpg\",\"contentUrl\":\"https:\/\/noti-america.com\/site\/repdom\/wp-content\/uploads\/sites\/6\/2020\/07\/LogoNA-4x3-1.jpg\",\"width\":1236,\"height\":1080,\"caption\":\"Noti-America LLC | Rep\u00fablica Dominicana\"},\"image\":{\"@id\":\"https:\/\/noti-america.com\/site\/repdom\/#\/schema\/logo\/image\/\"}},{\"@type\":\"Person\",\"@id\":\"https:\/\/noti-america.com\/site\/repdom\/#\/schema\/person\/fd0092c1530d275fabaa5cffcbc2b976\",\"name\":\"Ad\u00e1n Soriano\",\"image\":{\"@type\":\"ImageObject\",\"inLanguage\":\"es\",\"@id\":\"https:\/\/secure.gravatar.com\/avatar\/ecf97ff3aee7ff9efdae670d7e976f3e7e8acc1077e510d73707999a8bfd4467?s=96&d=mm&r=g\",\"url\":\"https:\/\/secure.gravatar.com\/avatar\/ecf97ff3aee7ff9efdae670d7e976f3e7e8acc1077e510d73707999a8bfd4467?s=96&d=mm&r=g\",\"contentUrl\":\"https:\/\/secure.gravatar.com\/avatar\/ecf97ff3aee7ff9efdae670d7e976f3e7e8acc1077e510d73707999a8bfd4467?s=96&d=mm&r=g\",\"caption\":\"Ad\u00e1n Soriano\"},\"description\":\"Soy cronista deportivo con 10 a\u00f1os de experiencia en varios espacios, y conduzco el podcast deportivo llamado Mezcla Deportiva\",\"sameAs\":[\"https:\/\/x.com\/adansoriano\"],\"url\":\"https:\/\/noti-america.com\/site\/repdom\/author\/asoriano\/\"}]}<\/script>\n<!-- \/ Yoast SEO Premium plugin. -->","yoast_head_json":{"title":"Torrealba ser\u00e1 Coordinador de Control de Infecci\u00f3n del Escogido - Rep. Dominicana | Noti-America.com","robots":{"index":"index","follow":"follow","max-snippet":"max-snippet:-1","max-image-preview":"max-image-preview:large","max-video-preview":"max-video-preview:-1"},"canonical":"https:\/\/noti-america.com\/site\/repdom\/2020\/10\/14\/torrealba-sera-coordinador-de-control-de-infeccion-del-escogido\/","og_locale":"es_ES","og_type":"article","og_title":"Torrealba ser\u00e1 Coordinador de Control de Infecci\u00f3n del Escogido","og_description":"SANTO DOMINGO &#8211; Los Leones del Escogido integrar\u00e1n a su staff m\u00e9dico al trainer certificado de los Gigantes de San Francisco, Aqu\u00edles Torrealba, quien trabajar\u00e1 como Coordinador de Control de Infecci\u00f3n en el conjunto&#46;&#46;&#46;","og_url":"https:\/\/noti-america.com\/site\/repdom\/2020\/10\/14\/torrealba-sera-coordinador-de-control-de-infeccion-del-escogido\/","og_site_name":"Rep. Dominicana | Noti-America.com","article_published_time":"2020-10-14T18:37:38+00:00","og_image":[{"width":828,"height":540,"url":"https:\/\/noti-america.com\/site\/repdom\/wp-content\/uploads\/sites\/6\/2020\/10\/Aquiles-Torrealba.jpg","type":"image\/jpeg"}],"author":"Ad\u00e1n Soriano","twitter_card":"summary_large_image","twitter_creator":"@adansoriano","twitter_misc":{"Escrito por":"Ad\u00e1n Soriano","Tiempo estimado de lectura":"1 minuto"},"schema":{"@context":"https:\/\/schema.org","@graph":[{"@type":"Article","@id":"https:\/\/noti-america.com\/site\/repdom\/2020\/10\/14\/torrealba-sera-coordinador-de-control-de-infeccion-del-escogido\/#article","isPartOf":{"@id":"https:\/\/noti-america.com\/site\/repdom\/2020\/10\/14\/torrealba-sera-coordinador-de-control-de-infeccion-del-escogido\/"},"author":{"name":"Ad\u00e1n Soriano","@id":"https:\/\/noti-america.com\/site\/repdom\/#\/schema\/person\/fd0092c1530d275fabaa5cffcbc2b976"},"headline":"Torrealba ser\u00e1 Coordinador de Control de Infecci\u00f3n del Escogido","datePublished":"2020-10-14T18:37:38+00:00","mainEntityOfPage":{"@id":"https:\/\/noti-america.com\/site\/repdom\/2020\/10\/14\/torrealba-sera-coordinador-de-control-de-infeccion-del-escogido\/"},"wordCount":286,"commentCount":0,"publisher":{"@id":"https:\/\/noti-america.com\/site\/repdom\/#organization"},"image":{"@id":"https:\/\/noti-america.com\/site\/repdom\/2020\/10\/14\/torrealba-sera-coordinador-de-control-de-infeccion-del-escogido\/#primaryimage"},"thumbnailUrl":"https:\/\/noti-america.com\/site\/repdom\/wp-content\/uploads\/sites\/6\/2020\/10\/Aquiles-Torrealba.jpg","keywords":["Aqu\u00edles Torrealba","B\u00e9isbol Dominicano","Leones del Escogido","Liga Dominicana de B\u00e9isbol Profesional","Major League Baseball","San Francisco Giants"],"articleSection":["Deportes"],"inLanguage":"es","potentialAction":[{"@type":"CommentAction","name":"Comment","target":["https:\/\/noti-america.com\/site\/repdom\/2020\/10\/14\/torrealba-sera-coordinador-de-control-de-infeccion-del-escogido\/#respond"]}]},{"@type":"WebPage","@id":"https:\/\/noti-america.com\/site\/repdom\/2020\/10\/14\/torrealba-sera-coordinador-de-control-de-infeccion-del-escogido\/","url":"https:\/\/noti-america.com\/site\/repdom\/2020\/10\/14\/torrealba-sera-coordinador-de-control-de-infeccion-del-escogido\/","name":"Torrealba ser\u00e1 Coordinador de Control de Infecci\u00f3n del Escogido - Rep. Dominicana | Noti-America.com","isPartOf":{"@id":"https:\/\/noti-america.com\/site\/repdom\/#website"},"primaryImageOfPage":{"@id":"https:\/\/noti-america.com\/site\/repdom\/2020\/10\/14\/torrealba-sera-coordinador-de-control-de-infeccion-del-escogido\/#primaryimage"},"image":{"@id":"https:\/\/noti-america.com\/site\/repdom\/2020\/10\/14\/torrealba-sera-coordinador-de-control-de-infeccion-del-escogido\/#primaryimage"},"thumbnailUrl":"https:\/\/noti-america.com\/site\/repdom\/wp-content\/uploads\/sites\/6\/2020\/10\/Aquiles-Torrealba.jpg","datePublished":"2020-10-14T18:37:38+00:00","breadcrumb":{"@id":"https:\/\/noti-america.com\/site\/repdom\/2020\/10\/14\/torrealba-sera-coordinador-de-control-de-infeccion-del-escogido\/#breadcrumb"},"inLanguage":"es","potentialAction":[{"@type":"ReadAction","target":["https:\/\/noti-america.com\/site\/repdom\/2020\/10\/14\/torrealba-sera-coordinador-de-control-de-infeccion-del-escogido\/"]}]},{"@type":"ImageObject","inLanguage":"es","@id":"https:\/\/noti-america.com\/site\/repdom\/2020\/10\/14\/torrealba-sera-coordinador-de-control-de-infeccion-del-escogido\/#primaryimage","url":"https:\/\/noti-america.com\/site\/repdom\/wp-content\/uploads\/sites\/6\/2020\/10\/Aquiles-Torrealba.jpg","contentUrl":"https:\/\/noti-america.com\/site\/repdom\/wp-content\/uploads\/sites\/6\/2020\/10\/Aquiles-Torrealba.jpg","width":828,"height":540},{"@type":"BreadcrumbList","@id":"https:\/\/noti-america.com\/site\/repdom\/2020\/10\/14\/torrealba-sera-coordinador-de-control-de-infeccion-del-escogido\/#breadcrumb","itemListElement":[{"@type":"ListItem","position":1,"name":"Portada","item":"https:\/\/noti-america.com\/site\/repdom\/"},{"@type":"ListItem","position":2,"name":"Torrealba ser\u00e1 Coordinador de Control de Infecci\u00f3n del Escogido"}]},{"@type":"WebSite","@id":"https:\/\/noti-america.com\/site\/repdom\/#website","url":"https:\/\/noti-america.com\/site\/repdom\/","name":"Rep. Dominicana | Noti-America.com","description":"","publisher":{"@id":"https:\/\/noti-america.com\/site\/repdom\/#organization"},"potentialAction":[{"@type":"SearchAction","target":{"@type":"EntryPoint","urlTemplate":"https:\/\/noti-america.com\/site\/repdom\/?s={search_term_string}"},"query-input":{"@type":"PropertyValueSpecification","valueRequired":true,"valueName":"search_term_string"}}],"inLanguage":"es"},{"@type":"Organization","@id":"https:\/\/noti-america.com\/site\/repdom\/#organization","name":"Noti-America LLC | Rep\u00fablica Dominicana","url":"https:\/\/noti-america.com\/site\/repdom\/","logo":{"@type":"ImageObject","inLanguage":"es","@id":"https:\/\/noti-america.com\/site\/repdom\/#\/schema\/logo\/image\/","url":"https:\/\/noti-america.com\/site\/repdom\/wp-content\/uploads\/sites\/6\/2020\/07\/LogoNA-4x3-1.jpg","contentUrl":"https:\/\/noti-america.com\/site\/repdom\/wp-content\/uploads\/sites\/6\/2020\/07\/LogoNA-4x3-1.jpg","width":1236,"height":1080,"caption":"Noti-America LLC | Rep\u00fablica Dominicana"},"image":{"@id":"https:\/\/noti-america.com\/site\/repdom\/#\/schema\/logo\/image\/"}},{"@type":"Person","@id":"https:\/\/noti-america.com\/site\/repdom\/#\/schema\/person\/fd0092c1530d275fabaa5cffcbc2b976","name":"Ad\u00e1n Soriano","image":{"@type":"ImageObject","inLanguage":"es","@id":"https:\/\/secure.gravatar.com\/avatar\/ecf97ff3aee7ff9efdae670d7e976f3e7e8acc1077e510d73707999a8bfd4467?s=96&d=mm&r=g","url":"https:\/\/secure.gravatar.com\/avatar\/ecf97ff3aee7ff9efdae670d7e976f3e7e8acc1077e510d73707999a8bfd4467?s=96&d=mm&r=g","contentUrl":"https:\/\/secure.gravatar.com\/avatar\/ecf97ff3aee7ff9efdae670d7e976f3e7e8acc1077e510d73707999a8bfd4467?s=96&d=mm&r=g","caption":"Ad\u00e1n Soriano"},"description":"Soy cronista deportivo con 10 a\u00f1os de experiencia en varios espacios, y conduzco el podcast deportivo llamado Mezcla Deportiva","sameAs":["https:\/\/x.com\/adansoriano"],"url":"https:\/\/noti-america.com\/site\/repdom\/author\/asoriano\/"}]}},"_links":{"self":[{"href":"https:\/\/noti-america.com\/site\/repdom\/wp-json\/wp\/v2\/posts\/5120","targetHints":{"allow":["GET"]}}],"collection":[{"href":"https:\/\/noti-america.com\/site\/repdom\/wp-json\/wp\/v2\/posts"}],"about":[{"href":"https:\/\/noti-america.com\/site\/repdom\/wp-json\/wp\/v2\/types\/post"}],"author":[{"embeddable":true,"href":"https:\/\/noti-america.com\/site\/repdom\/wp-json\/wp\/v2\/users\/89"}],"replies":[{"embeddable":true,"href":"https:\/\/noti-america.com\/site\/repdom\/wp-json\/wp\/v2\/comments?post=5120"}],"version-history":[{"count":1,"href":"https:\/\/noti-america.com\/site\/repdom\/wp-json\/wp\/v2\/posts\/5120\/revisions"}],"predecessor-version":[{"id":5122,"href":"https:\/\/noti-america.com\/site\/repdom\/wp-json\/wp\/v2\/posts\/5120\/revisions\/5122"}],"wp:featuredmedia":[{"embeddable":true,"href":"https:\/\/noti-america.com\/site\/repdom\/wp-json\/wp\/v2\/media\/5121"}],"wp:attachment":[{"href":"https:\/\/noti-america.com\/site\/repdom\/wp-json\/wp\/v2\/media?parent=5120"}],"wp:term":[{"taxonomy":"category","embeddable":true,"href":"https:\/\/noti-america.com\/site\/repdom\/wp-json\/wp\/v2\/categories?post=5120"},{"taxonomy":"post_tag","embeddable":true,"href":"https:\/\/noti-america.com\/site\/repdom\/wp-json\/wp\/v2\/tags?post=5120"}],"curies":[{"name":"wp","href":"https:\/\/api.w.org\/{rel}","templated":true}]}}