{"id":5076,"date":"2020-10-14T12:25:26","date_gmt":"2020-10-14T12:25:26","guid":{"rendered":"https:\/\/noti-america.com\/site\/repdom\/?p=5076"},"modified":"2020-10-14T12:29:50","modified_gmt":"2020-10-14T12:29:50","slug":"equipo-dm-defiende-gestion-alude-imprecisiones-y-pide-explicacion-gobierno-estaria-evaluando-contratacion-de-abogados-el-comite-politico-del-pld-respalda-posicion-de-tecnicos","status":"publish","type":"post","link":"https:\/\/noti-america.com\/site\/repdom\/2020\/10\/14\/equipo-dm-defiende-gestion-alude-imprecisiones-y-pide-explicacion-gobierno-estaria-evaluando-contratacion-de-abogados-el-comite-politico-del-pld-respalda-posicion-de-tecnicos\/","title":{"rendered":"Equipo DM defiende gesti\u00f3n, alude imprecisiones y pide explicaci\u00f3n  Gobierno estar\u00eda evaluando contrataci\u00f3n de abogados  El Comit\u00e9 Pol\u00edtico del PLD respalda posici\u00f3n de t\u00e9cnicos"},"content":{"rendered":"<p style=\"text-align: justify\"><img loading=\"lazy\" decoding=\"async\" class=\"alignnone size-medium wp-image-5077\" src=\"https:\/\/noti-america.com\/site\/repdom\/wp-content\/uploads\/sites\/6\/2020\/10\/22-300x192.jpg\" alt=\"\" width=\"300\" height=\"192\" srcset=\"https:\/\/noti-america.com\/site\/repdom\/wp-content\/uploads\/sites\/6\/2020\/10\/22-300x192.jpg 300w, https:\/\/noti-america.com\/site\/repdom\/wp-content\/uploads\/sites\/6\/2020\/10\/22.jpg 546w\" sizes=\"auto, (max-width: 300px) 100vw, 300px\" \/><\/p>\n<p style=\"text-align: justify\">Noti-AMerica Rep. DOminicana<\/p>\n<p>&nbsp;<\/p>\n<p style=\"text-align: justify\">T\u00e9cnicos del expresidente Medina defendieron su gesti\u00f3n y aludieron imprecisiones en las imputaciones de mal manejo econ\u00f3mico que les hizo el mandatario Luis Abinader, en una coyuntura pol\u00edtica en la que el Gobierno estar\u00eda evaluando firmas de abogados para darles seguimiento a posibles casos de corrupci\u00f3n.<\/p>\n<p style=\"text-align: justify\">Este martes, la plantilla que manej\u00f3 las pol\u00edticas econ\u00f3micas del gobierno de Medina, en una rueda de prensa respondi\u00f3 las imputaciones de mal manejo estatal y ofreci\u00f3 su versi\u00f3n del estado actual del pa\u00eds.<\/p>\n<p style=\"text-align: justify\">El exministro de Econom\u00eda Planificaci\u00f3n y Desarrollo, Juan Ariel Jim\u00e9nez, fungi\u00f3 como vocero y defendi\u00f3 el crecimiento del Producto Interno Bruto (PIB) desde 2012 a 2019.<\/p>\n<p style=\"text-align: justify\">\u201cAl parecer se desconoce que en el per\u00edodo 2012-2019 el pa\u00eds tuvo un crecimiento del PIB del 6%, el m\u00e1s alto de toda la regi\u00f3n de Am\u00e9rica Latina y el m\u00e1s alto del pa\u00eds en los \u00faltimos 40 a\u00f1os, con la inflaci\u00f3n m\u00e1s baja de toda la historia, apenas un 2.7% en promedio\u201d, afirm\u00f3.<\/p>\n<p style=\"text-align: justify\">Al leer un documento acus\u00f3 al Gobierno de aumentar la n\u00f3mina del Poder Ejecutivo por RD$68.1 millones en el presupuesto del 2021 con respecto al de 2020. Indicaron que solo en Canciller\u00eda se contempla un aumento de la n\u00f3mina de RD$402 millones.<\/p>\n<p style=\"text-align: justify\">El equipo de Medina refut\u00f3 la denuncia de Abinader de que a su llegada al Gobierno no encontr\u00f3 dinero en caja para el pago de n\u00f3mina. \u00abSe dijo que no hab\u00eda dinero para pago de n\u00f3mina el d\u00eda de ellos llegar el 16 de agosto. Pero el Gobierno paga n\u00f3mina entre el 23 y el 25 con los recursos provenientes del ingreso por pago del ITBIS que ocurre los d\u00edas 20 y 21 de cada mes\u00bb, se\u00f1al\u00f3.<\/p>\n<p style=\"text-align: justify\">Adem\u00e1s sostuvieron que \u00abcomo medida de precauci\u00f3n se dej\u00f3 habilitadas a las nuevas autoridades una l\u00ednea de cr\u00e9dito con el Banco de Reservas con un balance disponible de RD$ 19,000 millones aprobados en el Presupuesto, para usar si faltara liquidez.<\/p>\n<p style=\"text-align: justify\">La delegaci\u00f3n de Medina inst\u00f3 al gobierno de Abinader a decir cu\u00e1les bienes ser\u00e1n privatizados y cu\u00e1les grav\u00e1menes se aplicar\u00e1n.<\/p>\n<p style=\"text-align: justify\">\u201cEs err\u00f3nea la menci\u00f3n de las presiones cambiarias y la ca\u00edda en las reservas internacionales, sin aclarar que fueron resultado de la ca\u00edda en el turismo, las remesas y las exportaciones de zonas francas por la pandemia\u201d, sentencia.<\/p>\n<p style=\"text-align: justify\">Fuente DL<\/p>\n<p style=\"text-align: justify\">mramirez@noti-america.com<\/p>\n","protected":false},"excerpt":{"rendered":"<p>Noti-AMerica Rep. DOminicana &nbsp; T\u00e9cnicos del expresidente Medina defendieron su gesti\u00f3n y aludieron imprecisiones en las imputaciones de mal manejo econ\u00f3mico que les hizo el mandatario Luis Abinader, en una coyuntura pol\u00edtica en la&#46;&#46;&#46;<\/p>\n","protected":false},"author":96,"featured_media":5077,"comment_status":"open","ping_status":"open","sticky":false,"template":"","format":"standard","meta":{"_acf_changed":false,"rop_custom_images_group":[],"rop_custom_messages_group":[],"rop_publish_now":"initial","rop_publish_now_accounts":[],"rop_publish_now_history":[],"rop_publish_now_status":"pending","footnotes":""},"categories":[105,1],"tags":[],"class_list":["post-5076","post","type-post","status-publish","format-standard","has-post-thumbnail","hentry","category-noticias","category-uncategorized"],"acf":[],"yoast_head":"<!-- This site is optimized with the Yoast SEO Premium plugin v24.9 (Yoast SEO v27.2) - https:\/\/yoast.com\/product\/yoast-seo-premium-wordpress\/ -->\n<title>Equipo DM defiende gesti\u00f3n, alude imprecisiones y pide explicaci\u00f3n Gobierno estar\u00eda evaluando contrataci\u00f3n de abogados El Comit\u00e9 Pol\u00edtico del PLD respalda posici\u00f3n de t\u00e9cnicos - Rep. Dominicana | Noti-America.com<\/title>\n<meta name=\"robots\" content=\"index, follow, max-snippet:-1, max-image-preview:large, max-video-preview:-1\" \/>\n<link rel=\"canonical\" href=\"https:\/\/noti-america.com\/site\/repdom\/2020\/10\/14\/equipo-dm-defiende-gestion-alude-imprecisiones-y-pide-explicacion-gobierno-estaria-evaluando-contratacion-de-abogados-el-comite-politico-del-pld-respalda-posicion-de-tecnicos\/\" \/>\n<meta property=\"og:locale\" content=\"es_ES\" \/>\n<meta property=\"og:type\" content=\"article\" \/>\n<meta property=\"og:title\" content=\"Equipo DM defiende gesti\u00f3n, alude imprecisiones y pide explicaci\u00f3n Gobierno estar\u00eda evaluando contrataci\u00f3n de abogados El Comit\u00e9 Pol\u00edtico del PLD respalda posici\u00f3n de t\u00e9cnicos\" \/>\n<meta property=\"og:description\" content=\"Noti-AMerica Rep. DOminicana &nbsp; T\u00e9cnicos del expresidente Medina defendieron su gesti\u00f3n y aludieron imprecisiones en las imputaciones de mal manejo econ\u00f3mico que les hizo el mandatario Luis Abinader, en una coyuntura pol\u00edtica en la&#046;&#046;&#046;\" \/>\n<meta property=\"og:url\" content=\"https:\/\/noti-america.com\/site\/repdom\/2020\/10\/14\/equipo-dm-defiende-gestion-alude-imprecisiones-y-pide-explicacion-gobierno-estaria-evaluando-contratacion-de-abogados-el-comite-politico-del-pld-respalda-posicion-de-tecnicos\/\" \/>\n<meta property=\"og:site_name\" content=\"Rep. Dominicana | Noti-America.com\" \/>\n<meta property=\"article:author\" content=\"https:\/\/www.facebook.com\/share\/1HVE1qCqVk\/?mibextid=wwXIfr\" \/>\n<meta property=\"article:published_time\" content=\"2020-10-14T12:25:26+00:00\" \/>\n<meta property=\"article:modified_time\" content=\"2020-10-14T12:29:50+00:00\" \/>\n<meta property=\"og:image\" content=\"https:\/\/noti-america.com\/site\/repdom\/wp-content\/uploads\/sites\/6\/2020\/10\/22.jpg\" \/>\n\t<meta property=\"og:image:width\" content=\"546\" \/>\n\t<meta property=\"og:image:height\" content=\"350\" \/>\n\t<meta property=\"og:image:type\" content=\"image\/jpeg\" \/>\n<meta name=\"author\" content=\"Miguel Ramirez\" \/>\n<meta name=\"twitter:card\" content=\"summary_large_image\" \/>\n<meta name=\"twitter:label1\" content=\"Escrito por\" \/>\n\t<meta name=\"twitter:data1\" content=\"Miguel Ramirez\" \/>\n\t<meta name=\"twitter:label2\" content=\"Tiempo estimado de lectura\" \/>\n\t<meta name=\"twitter:data2\" content=\"2 minutos\" \/>\n<script type=\"application\/ld+json\" class=\"yoast-schema-graph\">{\"@context\":\"https:\/\/schema.org\",\"@graph\":[{\"@type\":\"Article\",\"@id\":\"https:\/\/noti-america.com\/site\/repdom\/2020\/10\/14\/equipo-dm-defiende-gestion-alude-imprecisiones-y-pide-explicacion-gobierno-estaria-evaluando-contratacion-de-abogados-el-comite-politico-del-pld-respalda-posicion-de-tecnicos\/#article\",\"isPartOf\":{\"@id\":\"https:\/\/noti-america.com\/site\/repdom\/2020\/10\/14\/equipo-dm-defiende-gestion-alude-imprecisiones-y-pide-explicacion-gobierno-estaria-evaluando-contratacion-de-abogados-el-comite-politico-del-pld-respalda-posicion-de-tecnicos\/\"},\"author\":{\"name\":\"Miguel Ramirez\",\"@id\":\"https:\/\/noti-america.com\/site\/repdom\/#\/schema\/person\/8027db7d71a0328e6e4474fa188c6fb3\"},\"headline\":\"Equipo DM defiende gesti\u00f3n, alude imprecisiones y pide explicaci\u00f3n Gobierno estar\u00eda evaluando contrataci\u00f3n de abogados El Comit\u00e9 Pol\u00edtico del PLD respalda posici\u00f3n de t\u00e9cnicos\",\"datePublished\":\"2020-10-14T12:25:26+00:00\",\"dateModified\":\"2020-10-14T12:29:50+00:00\",\"mainEntityOfPage\":{\"@id\":\"https:\/\/noti-america.com\/site\/repdom\/2020\/10\/14\/equipo-dm-defiende-gestion-alude-imprecisiones-y-pide-explicacion-gobierno-estaria-evaluando-contratacion-de-abogados-el-comite-politico-del-pld-respalda-posicion-de-tecnicos\/\"},\"wordCount\":451,\"commentCount\":0,\"publisher\":{\"@id\":\"https:\/\/noti-america.com\/site\/repdom\/#organization\"},\"image\":{\"@id\":\"https:\/\/noti-america.com\/site\/repdom\/2020\/10\/14\/equipo-dm-defiende-gestion-alude-imprecisiones-y-pide-explicacion-gobierno-estaria-evaluando-contratacion-de-abogados-el-comite-politico-del-pld-respalda-posicion-de-tecnicos\/#primaryimage\"},\"thumbnailUrl\":\"https:\/\/noti-america.com\/site\/repdom\/wp-content\/uploads\/sites\/6\/2020\/10\/22.jpg\",\"articleSection\":[\"Noticias\",\"Uncategorized\"],\"inLanguage\":\"es\",\"potentialAction\":[{\"@type\":\"CommentAction\",\"name\":\"Comment\",\"target\":[\"https:\/\/noti-america.com\/site\/repdom\/2020\/10\/14\/equipo-dm-defiende-gestion-alude-imprecisiones-y-pide-explicacion-gobierno-estaria-evaluando-contratacion-de-abogados-el-comite-politico-del-pld-respalda-posicion-de-tecnicos\/#respond\"]}]},{\"@type\":\"WebPage\",\"@id\":\"https:\/\/noti-america.com\/site\/repdom\/2020\/10\/14\/equipo-dm-defiende-gestion-alude-imprecisiones-y-pide-explicacion-gobierno-estaria-evaluando-contratacion-de-abogados-el-comite-politico-del-pld-respalda-posicion-de-tecnicos\/\",\"url\":\"https:\/\/noti-america.com\/site\/repdom\/2020\/10\/14\/equipo-dm-defiende-gestion-alude-imprecisiones-y-pide-explicacion-gobierno-estaria-evaluando-contratacion-de-abogados-el-comite-politico-del-pld-respalda-posicion-de-tecnicos\/\",\"name\":\"Equipo DM defiende gesti\u00f3n, alude imprecisiones y pide explicaci\u00f3n Gobierno estar\u00eda evaluando contrataci\u00f3n de abogados El Comit\u00e9 Pol\u00edtico del PLD respalda posici\u00f3n de t\u00e9cnicos - Rep. Dominicana | Noti-America.com\",\"isPartOf\":{\"@id\":\"https:\/\/noti-america.com\/site\/repdom\/#website\"},\"primaryImageOfPage\":{\"@id\":\"https:\/\/noti-america.com\/site\/repdom\/2020\/10\/14\/equipo-dm-defiende-gestion-alude-imprecisiones-y-pide-explicacion-gobierno-estaria-evaluando-contratacion-de-abogados-el-comite-politico-del-pld-respalda-posicion-de-tecnicos\/#primaryimage\"},\"image\":{\"@id\":\"https:\/\/noti-america.com\/site\/repdom\/2020\/10\/14\/equipo-dm-defiende-gestion-alude-imprecisiones-y-pide-explicacion-gobierno-estaria-evaluando-contratacion-de-abogados-el-comite-politico-del-pld-respalda-posicion-de-tecnicos\/#primaryimage\"},\"thumbnailUrl\":\"https:\/\/noti-america.com\/site\/repdom\/wp-content\/uploads\/sites\/6\/2020\/10\/22.jpg\",\"datePublished\":\"2020-10-14T12:25:26+00:00\",\"dateModified\":\"2020-10-14T12:29:50+00:00\",\"breadcrumb\":{\"@id\":\"https:\/\/noti-america.com\/site\/repdom\/2020\/10\/14\/equipo-dm-defiende-gestion-alude-imprecisiones-y-pide-explicacion-gobierno-estaria-evaluando-contratacion-de-abogados-el-comite-politico-del-pld-respalda-posicion-de-tecnicos\/#breadcrumb\"},\"inLanguage\":\"es\",\"potentialAction\":[{\"@type\":\"ReadAction\",\"target\":[\"https:\/\/noti-america.com\/site\/repdom\/2020\/10\/14\/equipo-dm-defiende-gestion-alude-imprecisiones-y-pide-explicacion-gobierno-estaria-evaluando-contratacion-de-abogados-el-comite-politico-del-pld-respalda-posicion-de-tecnicos\/\"]}]},{\"@type\":\"ImageObject\",\"inLanguage\":\"es\",\"@id\":\"https:\/\/noti-america.com\/site\/repdom\/2020\/10\/14\/equipo-dm-defiende-gestion-alude-imprecisiones-y-pide-explicacion-gobierno-estaria-evaluando-contratacion-de-abogados-el-comite-politico-del-pld-respalda-posicion-de-tecnicos\/#primaryimage\",\"url\":\"https:\/\/noti-america.com\/site\/repdom\/wp-content\/uploads\/sites\/6\/2020\/10\/22.jpg\",\"contentUrl\":\"https:\/\/noti-america.com\/site\/repdom\/wp-content\/uploads\/sites\/6\/2020\/10\/22.jpg\",\"width\":546,\"height\":350},{\"@type\":\"BreadcrumbList\",\"@id\":\"https:\/\/noti-america.com\/site\/repdom\/2020\/10\/14\/equipo-dm-defiende-gestion-alude-imprecisiones-y-pide-explicacion-gobierno-estaria-evaluando-contratacion-de-abogados-el-comite-politico-del-pld-respalda-posicion-de-tecnicos\/#breadcrumb\",\"itemListElement\":[{\"@type\":\"ListItem\",\"position\":1,\"name\":\"Portada\",\"item\":\"https:\/\/noti-america.com\/site\/repdom\/\"},{\"@type\":\"ListItem\",\"position\":2,\"name\":\"Equipo DM defiende gesti\u00f3n, alude imprecisiones y pide explicaci\u00f3n Gobierno estar\u00eda evaluando contrataci\u00f3n de abogados El Comit\u00e9 Pol\u00edtico del PLD respalda posici\u00f3n de t\u00e9cnicos\"}]},{\"@type\":\"WebSite\",\"@id\":\"https:\/\/noti-america.com\/site\/repdom\/#website\",\"url\":\"https:\/\/noti-america.com\/site\/repdom\/\",\"name\":\"Rep. Dominicana | Noti-America.com\",\"description\":\"\",\"publisher\":{\"@id\":\"https:\/\/noti-america.com\/site\/repdom\/#organization\"},\"potentialAction\":[{\"@type\":\"SearchAction\",\"target\":{\"@type\":\"EntryPoint\",\"urlTemplate\":\"https:\/\/noti-america.com\/site\/repdom\/?s={search_term_string}\"},\"query-input\":{\"@type\":\"PropertyValueSpecification\",\"valueRequired\":true,\"valueName\":\"search_term_string\"}}],\"inLanguage\":\"es\"},{\"@type\":\"Organization\",\"@id\":\"https:\/\/noti-america.com\/site\/repdom\/#organization\",\"name\":\"Noti-America LLC | Rep\u00fablica Dominicana\",\"url\":\"https:\/\/noti-america.com\/site\/repdom\/\",\"logo\":{\"@type\":\"ImageObject\",\"inLanguage\":\"es\",\"@id\":\"https:\/\/noti-america.com\/site\/repdom\/#\/schema\/logo\/image\/\",\"url\":\"https:\/\/noti-america.com\/site\/repdom\/wp-content\/uploads\/sites\/6\/2020\/07\/LogoNA-4x3-1.jpg\",\"contentUrl\":\"https:\/\/noti-america.com\/site\/repdom\/wp-content\/uploads\/sites\/6\/2020\/07\/LogoNA-4x3-1.jpg\",\"width\":1236,\"height\":1080,\"caption\":\"Noti-America LLC | Rep\u00fablica Dominicana\"},\"image\":{\"@id\":\"https:\/\/noti-america.com\/site\/repdom\/#\/schema\/logo\/image\/\"}},{\"@type\":\"Person\",\"@id\":\"https:\/\/noti-america.com\/site\/repdom\/#\/schema\/person\/8027db7d71a0328e6e4474fa188c6fb3\",\"name\":\"Miguel Ramirez\",\"image\":{\"@type\":\"ImageObject\",\"inLanguage\":\"es\",\"@id\":\"https:\/\/secure.gravatar.com\/avatar\/41a78fb2cdab3e2dc5831d3591f1dab499ed0c22acc464195b09f37c2b3ac2cf?s=96&d=mm&r=g\",\"url\":\"https:\/\/secure.gravatar.com\/avatar\/41a78fb2cdab3e2dc5831d3591f1dab499ed0c22acc464195b09f37c2b3ac2cf?s=96&d=mm&r=g\",\"contentUrl\":\"https:\/\/secure.gravatar.com\/avatar\/41a78fb2cdab3e2dc5831d3591f1dab499ed0c22acc464195b09f37c2b3ac2cf?s=96&d=mm&r=g\",\"caption\":\"Miguel Ramirez\"},\"description\":\"Locutor y periodista digital y coach comunicaci\u00f3n\",\"sameAs\":[\"https:\/\/www.facebook.com\/share\/1HVE1qCqVk\/?mibextid=wwXIfr\"],\"url\":\"https:\/\/noti-america.com\/site\/repdom\/author\/mramirez\/\"}]}<\/script>\n<!-- \/ Yoast SEO Premium plugin. -->","yoast_head_json":{"title":"Equipo DM defiende gesti\u00f3n, alude imprecisiones y pide explicaci\u00f3n Gobierno estar\u00eda evaluando contrataci\u00f3n de abogados El Comit\u00e9 Pol\u00edtico del PLD respalda posici\u00f3n de t\u00e9cnicos - Rep. Dominicana | Noti-America.com","robots":{"index":"index","follow":"follow","max-snippet":"max-snippet:-1","max-image-preview":"max-image-preview:large","max-video-preview":"max-video-preview:-1"},"canonical":"https:\/\/noti-america.com\/site\/repdom\/2020\/10\/14\/equipo-dm-defiende-gestion-alude-imprecisiones-y-pide-explicacion-gobierno-estaria-evaluando-contratacion-de-abogados-el-comite-politico-del-pld-respalda-posicion-de-tecnicos\/","og_locale":"es_ES","og_type":"article","og_title":"Equipo DM defiende gesti\u00f3n, alude imprecisiones y pide explicaci\u00f3n Gobierno estar\u00eda evaluando contrataci\u00f3n de abogados El Comit\u00e9 Pol\u00edtico del PLD respalda posici\u00f3n de t\u00e9cnicos","og_description":"Noti-AMerica Rep. DOminicana &nbsp; T\u00e9cnicos del expresidente Medina defendieron su gesti\u00f3n y aludieron imprecisiones en las imputaciones de mal manejo econ\u00f3mico que les hizo el mandatario Luis Abinader, en una coyuntura pol\u00edtica en la&#46;&#46;&#46;","og_url":"https:\/\/noti-america.com\/site\/repdom\/2020\/10\/14\/equipo-dm-defiende-gestion-alude-imprecisiones-y-pide-explicacion-gobierno-estaria-evaluando-contratacion-de-abogados-el-comite-politico-del-pld-respalda-posicion-de-tecnicos\/","og_site_name":"Rep. Dominicana | Noti-America.com","article_author":"https:\/\/www.facebook.com\/share\/1HVE1qCqVk\/?mibextid=wwXIfr","article_published_time":"2020-10-14T12:25:26+00:00","article_modified_time":"2020-10-14T12:29:50+00:00","og_image":[{"width":546,"height":350,"url":"https:\/\/noti-america.com\/site\/repdom\/wp-content\/uploads\/sites\/6\/2020\/10\/22.jpg","type":"image\/jpeg"}],"author":"Miguel Ramirez","twitter_card":"summary_large_image","twitter_misc":{"Escrito por":"Miguel Ramirez","Tiempo estimado de lectura":"2 minutos"},"schema":{"@context":"https:\/\/schema.org","@graph":[{"@type":"Article","@id":"https:\/\/noti-america.com\/site\/repdom\/2020\/10\/14\/equipo-dm-defiende-gestion-alude-imprecisiones-y-pide-explicacion-gobierno-estaria-evaluando-contratacion-de-abogados-el-comite-politico-del-pld-respalda-posicion-de-tecnicos\/#article","isPartOf":{"@id":"https:\/\/noti-america.com\/site\/repdom\/2020\/10\/14\/equipo-dm-defiende-gestion-alude-imprecisiones-y-pide-explicacion-gobierno-estaria-evaluando-contratacion-de-abogados-el-comite-politico-del-pld-respalda-posicion-de-tecnicos\/"},"author":{"name":"Miguel Ramirez","@id":"https:\/\/noti-america.com\/site\/repdom\/#\/schema\/person\/8027db7d71a0328e6e4474fa188c6fb3"},"headline":"Equipo DM defiende gesti\u00f3n, alude imprecisiones y pide explicaci\u00f3n Gobierno estar\u00eda evaluando contrataci\u00f3n de abogados El Comit\u00e9 Pol\u00edtico del PLD respalda posici\u00f3n de t\u00e9cnicos","datePublished":"2020-10-14T12:25:26+00:00","dateModified":"2020-10-14T12:29:50+00:00","mainEntityOfPage":{"@id":"https:\/\/noti-america.com\/site\/repdom\/2020\/10\/14\/equipo-dm-defiende-gestion-alude-imprecisiones-y-pide-explicacion-gobierno-estaria-evaluando-contratacion-de-abogados-el-comite-politico-del-pld-respalda-posicion-de-tecnicos\/"},"wordCount":451,"commentCount":0,"publisher":{"@id":"https:\/\/noti-america.com\/site\/repdom\/#organization"},"image":{"@id":"https:\/\/noti-america.com\/site\/repdom\/2020\/10\/14\/equipo-dm-defiende-gestion-alude-imprecisiones-y-pide-explicacion-gobierno-estaria-evaluando-contratacion-de-abogados-el-comite-politico-del-pld-respalda-posicion-de-tecnicos\/#primaryimage"},"thumbnailUrl":"https:\/\/noti-america.com\/site\/repdom\/wp-content\/uploads\/sites\/6\/2020\/10\/22.jpg","articleSection":["Noticias","Uncategorized"],"inLanguage":"es","potentialAction":[{"@type":"CommentAction","name":"Comment","target":["https:\/\/noti-america.com\/site\/repdom\/2020\/10\/14\/equipo-dm-defiende-gestion-alude-imprecisiones-y-pide-explicacion-gobierno-estaria-evaluando-contratacion-de-abogados-el-comite-politico-del-pld-respalda-posicion-de-tecnicos\/#respond"]}]},{"@type":"WebPage","@id":"https:\/\/noti-america.com\/site\/repdom\/2020\/10\/14\/equipo-dm-defiende-gestion-alude-imprecisiones-y-pide-explicacion-gobierno-estaria-evaluando-contratacion-de-abogados-el-comite-politico-del-pld-respalda-posicion-de-tecnicos\/","url":"https:\/\/noti-america.com\/site\/repdom\/2020\/10\/14\/equipo-dm-defiende-gestion-alude-imprecisiones-y-pide-explicacion-gobierno-estaria-evaluando-contratacion-de-abogados-el-comite-politico-del-pld-respalda-posicion-de-tecnicos\/","name":"Equipo DM defiende gesti\u00f3n, alude imprecisiones y pide explicaci\u00f3n Gobierno estar\u00eda evaluando contrataci\u00f3n de abogados El Comit\u00e9 Pol\u00edtico del PLD respalda posici\u00f3n de t\u00e9cnicos - Rep. Dominicana | Noti-America.com","isPartOf":{"@id":"https:\/\/noti-america.com\/site\/repdom\/#website"},"primaryImageOfPage":{"@id":"https:\/\/noti-america.com\/site\/repdom\/2020\/10\/14\/equipo-dm-defiende-gestion-alude-imprecisiones-y-pide-explicacion-gobierno-estaria-evaluando-contratacion-de-abogados-el-comite-politico-del-pld-respalda-posicion-de-tecnicos\/#primaryimage"},"image":{"@id":"https:\/\/noti-america.com\/site\/repdom\/2020\/10\/14\/equipo-dm-defiende-gestion-alude-imprecisiones-y-pide-explicacion-gobierno-estaria-evaluando-contratacion-de-abogados-el-comite-politico-del-pld-respalda-posicion-de-tecnicos\/#primaryimage"},"thumbnailUrl":"https:\/\/noti-america.com\/site\/repdom\/wp-content\/uploads\/sites\/6\/2020\/10\/22.jpg","datePublished":"2020-10-14T12:25:26+00:00","dateModified":"2020-10-14T12:29:50+00:00","breadcrumb":{"@id":"https:\/\/noti-america.com\/site\/repdom\/2020\/10\/14\/equipo-dm-defiende-gestion-alude-imprecisiones-y-pide-explicacion-gobierno-estaria-evaluando-contratacion-de-abogados-el-comite-politico-del-pld-respalda-posicion-de-tecnicos\/#breadcrumb"},"inLanguage":"es","potentialAction":[{"@type":"ReadAction","target":["https:\/\/noti-america.com\/site\/repdom\/2020\/10\/14\/equipo-dm-defiende-gestion-alude-imprecisiones-y-pide-explicacion-gobierno-estaria-evaluando-contratacion-de-abogados-el-comite-politico-del-pld-respalda-posicion-de-tecnicos\/"]}]},{"@type":"ImageObject","inLanguage":"es","@id":"https:\/\/noti-america.com\/site\/repdom\/2020\/10\/14\/equipo-dm-defiende-gestion-alude-imprecisiones-y-pide-explicacion-gobierno-estaria-evaluando-contratacion-de-abogados-el-comite-politico-del-pld-respalda-posicion-de-tecnicos\/#primaryimage","url":"https:\/\/noti-america.com\/site\/repdom\/wp-content\/uploads\/sites\/6\/2020\/10\/22.jpg","contentUrl":"https:\/\/noti-america.com\/site\/repdom\/wp-content\/uploads\/sites\/6\/2020\/10\/22.jpg","width":546,"height":350},{"@type":"BreadcrumbList","@id":"https:\/\/noti-america.com\/site\/repdom\/2020\/10\/14\/equipo-dm-defiende-gestion-alude-imprecisiones-y-pide-explicacion-gobierno-estaria-evaluando-contratacion-de-abogados-el-comite-politico-del-pld-respalda-posicion-de-tecnicos\/#breadcrumb","itemListElement":[{"@type":"ListItem","position":1,"name":"Portada","item":"https:\/\/noti-america.com\/site\/repdom\/"},{"@type":"ListItem","position":2,"name":"Equipo DM defiende gesti\u00f3n, alude imprecisiones y pide explicaci\u00f3n Gobierno estar\u00eda evaluando contrataci\u00f3n de abogados El Comit\u00e9 Pol\u00edtico del PLD respalda posici\u00f3n de t\u00e9cnicos"}]},{"@type":"WebSite","@id":"https:\/\/noti-america.com\/site\/repdom\/#website","url":"https:\/\/noti-america.com\/site\/repdom\/","name":"Rep. Dominicana | Noti-America.com","description":"","publisher":{"@id":"https:\/\/noti-america.com\/site\/repdom\/#organization"},"potentialAction":[{"@type":"SearchAction","target":{"@type":"EntryPoint","urlTemplate":"https:\/\/noti-america.com\/site\/repdom\/?s={search_term_string}"},"query-input":{"@type":"PropertyValueSpecification","valueRequired":true,"valueName":"search_term_string"}}],"inLanguage":"es"},{"@type":"Organization","@id":"https:\/\/noti-america.com\/site\/repdom\/#organization","name":"Noti-America LLC | Rep\u00fablica Dominicana","url":"https:\/\/noti-america.com\/site\/repdom\/","logo":{"@type":"ImageObject","inLanguage":"es","@id":"https:\/\/noti-america.com\/site\/repdom\/#\/schema\/logo\/image\/","url":"https:\/\/noti-america.com\/site\/repdom\/wp-content\/uploads\/sites\/6\/2020\/07\/LogoNA-4x3-1.jpg","contentUrl":"https:\/\/noti-america.com\/site\/repdom\/wp-content\/uploads\/sites\/6\/2020\/07\/LogoNA-4x3-1.jpg","width":1236,"height":1080,"caption":"Noti-America LLC | Rep\u00fablica Dominicana"},"image":{"@id":"https:\/\/noti-america.com\/site\/repdom\/#\/schema\/logo\/image\/"}},{"@type":"Person","@id":"https:\/\/noti-america.com\/site\/repdom\/#\/schema\/person\/8027db7d71a0328e6e4474fa188c6fb3","name":"Miguel Ramirez","image":{"@type":"ImageObject","inLanguage":"es","@id":"https:\/\/secure.gravatar.com\/avatar\/41a78fb2cdab3e2dc5831d3591f1dab499ed0c22acc464195b09f37c2b3ac2cf?s=96&d=mm&r=g","url":"https:\/\/secure.gravatar.com\/avatar\/41a78fb2cdab3e2dc5831d3591f1dab499ed0c22acc464195b09f37c2b3ac2cf?s=96&d=mm&r=g","contentUrl":"https:\/\/secure.gravatar.com\/avatar\/41a78fb2cdab3e2dc5831d3591f1dab499ed0c22acc464195b09f37c2b3ac2cf?s=96&d=mm&r=g","caption":"Miguel Ramirez"},"description":"Locutor y periodista digital y coach comunicaci\u00f3n","sameAs":["https:\/\/www.facebook.com\/share\/1HVE1qCqVk\/?mibextid=wwXIfr"],"url":"https:\/\/noti-america.com\/site\/repdom\/author\/mramirez\/"}]}},"_links":{"self":[{"href":"https:\/\/noti-america.com\/site\/repdom\/wp-json\/wp\/v2\/posts\/5076","targetHints":{"allow":["GET"]}}],"collection":[{"href":"https:\/\/noti-america.com\/site\/repdom\/wp-json\/wp\/v2\/posts"}],"about":[{"href":"https:\/\/noti-america.com\/site\/repdom\/wp-json\/wp\/v2\/types\/post"}],"author":[{"embeddable":true,"href":"https:\/\/noti-america.com\/site\/repdom\/wp-json\/wp\/v2\/users\/96"}],"replies":[{"embeddable":true,"href":"https:\/\/noti-america.com\/site\/repdom\/wp-json\/wp\/v2\/comments?post=5076"}],"version-history":[{"count":3,"href":"https:\/\/noti-america.com\/site\/repdom\/wp-json\/wp\/v2\/posts\/5076\/revisions"}],"predecessor-version":[{"id":5080,"href":"https:\/\/noti-america.com\/site\/repdom\/wp-json\/wp\/v2\/posts\/5076\/revisions\/5080"}],"wp:featuredmedia":[{"embeddable":true,"href":"https:\/\/noti-america.com\/site\/repdom\/wp-json\/wp\/v2\/media\/5077"}],"wp:attachment":[{"href":"https:\/\/noti-america.com\/site\/repdom\/wp-json\/wp\/v2\/media?parent=5076"}],"wp:term":[{"taxonomy":"category","embeddable":true,"href":"https:\/\/noti-america.com\/site\/repdom\/wp-json\/wp\/v2\/categories?post=5076"},{"taxonomy":"post_tag","embeddable":true,"href":"https:\/\/noti-america.com\/site\/repdom\/wp-json\/wp\/v2\/tags?post=5076"}],"curies":[{"name":"wp","href":"https:\/\/api.w.org\/{rel}","templated":true}]}}