{"id":5051,"date":"2020-10-12T17:52:20","date_gmt":"2020-10-12T17:52:20","guid":{"rendered":"https:\/\/noti-america.com\/site\/repdom\/?p=5051"},"modified":"2020-10-12T17:52:20","modified_gmt":"2020-10-12T17:52:20","slug":"tres-barrera-y-travis-radke-vendran-con-el-escogido","status":"publish","type":"post","link":"https:\/\/noti-america.com\/site\/repdom\/2020\/10\/12\/tres-barrera-y-travis-radke-vendran-con-el-escogido\/","title":{"rendered":"Tres Barrera y Travis Radke vendr\u00e1n con el Escogido"},"content":{"rendered":"<p style=\"text-align: justify\"><span lang=\"ES-TRAD\">SANTO DOMINGO &#8211; <\/span><span lang=\"ES-TRAD\">El receptor Tres Barrera y el relevista zurdo Travis Radke se uniformar\u00e1n con los Leones del Escogido en la temporada 2020-21 de la LIDOM, de acuerdo al departamento de Operaciones del conjunto escarlata.<\/span><\/p>\n<p class=\"x_MsoNormal\" style=\"text-align: justify\"><span lang=\"ES-TRAD\">Barrera jug\u00f3 con los Harrisburg Senators (AA) en el 2019 y bate\u00f3 .249 con .323 de porcentaje de embasarse, 8 jonrones, 23 dobles y 46 empujadas en 101 partidos y adem\u00e1s hizo su debut con los Nacionales de Washington en las Mayores, participando en dos partidos. Fue en el 2018 y el 2019 al Juego de Estrellas de su liga y es el prospecto n\u00famero 11 de los Nacionales, seg\u00fan Baseball Am\u00e9rica.<\/span><\/p>\n<div class=\"video-container\"><iframe loading=\"lazy\" title=\"Tres Barrera, Washington Nationals C Prospect (2018 Arizona Fall League)\" width=\"500\" height=\"281\" src=\"https:\/\/www.youtube.com\/embed\/NZMMpRGJ8I0?feature=oembed&#038;wmode=opaque\" frameborder=\"0\" allow=\"accelerometer; autoplay; clipboard-write; encrypted-media; gyroscope; picture-in-picture; web-share\" referrerpolicy=\"strict-origin-when-cross-origin\" allowfullscreen><\/iframe><\/div>\n<p class=\"x_MsoNormal\" style=\"text-align: justify\"><span lang=\"ES-TRAD\">\u201cTres es un c\u00e1tcher con defensa de Grandes Ligas y un bate de contacto que nos dar\u00e1 una profundidad enorme en la posici\u00f3n dos junto a Julio Rodr\u00edguez y los veteranos Wilkin Castillo, Charlie Valerio y Audry P\u00e9rez\u201d, declar\u00f3 el gerente general Jos\u00e9 G\u00f3mez Fr\u00edas.<\/span><\/p>\n<p class=\"x_MsoNormal\" style=\"text-align: justify\"><span lang=\"ES-TRAD\">El ejecutivo tambi\u00e9n explic\u00f3 que \u201cBarrera no tiene restricciones, que vendr\u00e1 por la temporada completa y que su capacidad de hablar espa\u00f1ol y su condici\u00f3n de latino le hacen atractivo para nuestra liga\u201d.<\/span><\/p>\n<p class=\"x_MsoNormal\" style=\"text-align: justify\"><span lang=\"ES-TRAD\">De su lado, Radke trabaj\u00f3 el a\u00f1o pasado en las sucursales A, AA y AAA de los Padres de San Diego, acumulando marca de 4-2, 2.64 de efectividad y 76 ponches en 71.2 episodios. Al igual que Barrera, fue al Juego de Estrellas de su liga en el 2018 y el 2019.<\/span><\/p>\n<div class=\"video-container\"><iframe loading=\"lazy\" title=\"Travis Radke MLB (Milb)\" width=\"500\" height=\"281\" src=\"https:\/\/www.youtube.com\/embed\/SAlpvcUX0oA?feature=oembed&#038;wmode=opaque\" frameborder=\"0\" allow=\"accelerometer; autoplay; clipboard-write; encrypted-media; gyroscope; picture-in-picture; web-share\" referrerpolicy=\"strict-origin-when-cross-origin\" allowfullscreen><\/iframe><\/div>\n<p class=\"x_MsoNormal\" style=\"text-align: justify\"><span lang=\"ES-TRAD\">\u201cTiene la capacidad de hacerle outs a bateadores de ambas manos, lo cual es clave ante la nueva regla del m\u00ednimo de tres bateadores por lanzador que se aplicar\u00e1 este a\u00f1o. El pitcheo zurdo de relevo ha sido una \u00e1rea donde hemos dependido de Edward Paredes casi \u00fanicamente y era prioridad agregar otra opci\u00f3n de igual calidad\u201d, indic\u00f3 G\u00f3mez Fr\u00edas.<\/span><\/p>\n<p class=\"x_MsoNormal\" style=\"text-align: justify\"><span lang=\"ES-TRAD\">Con Barrera y Radke son siete los refuerzos confirmados hasta el momento por el Escogido para la temporada oto\u00f1o-invernal que iniciar\u00e1 el 15 de noviembre. Previamente la gerencia de Operaciones inform\u00f3 los regresos de Josh Lowey, David Kubiak y Teddy Stankiewicz, adem\u00e1s de las contrataciones de Drew Carlton y Casey Harman, todos lanzadores.<\/span><\/p>\n<p style=\"text-align: justify\"><strong>Fuente: Prensa Escogido<\/strong><\/p>\n","protected":false},"excerpt":{"rendered":"<p>SANTO DOMINGO &#8211; El receptor Tres Barrera y el relevista zurdo Travis Radke se uniformar\u00e1n con los Leones del Escogido en la temporada 2020-21 de la LIDOM, de acuerdo al departamento de Operaciones del&#46;&#46;&#46;<\/p>\n","protected":false},"author":89,"featured_media":5052,"comment_status":"open","ping_status":"open","sticky":false,"template":"","format":"standard","meta":{"_acf_changed":false,"rop_custom_images_group":[],"rop_custom_messages_group":[],"rop_publish_now":"initial","rop_publish_now_accounts":[],"rop_publish_now_history":[],"rop_publish_now_status":"pending","footnotes":""},"categories":[16],"tags":[119,258,122,463,462],"class_list":["post-5051","post","type-post","status-publish","format-standard","has-post-thumbnail","hentry","category-deportes","tag-beisbol-dominicano","tag-leones-del-escogido","tag-liga-dominicana-de-beisbol-profesional","tag-travis-radke","tag-tres-barrera"],"acf":[],"yoast_head":"<!-- This site is optimized with the Yoast SEO Premium plugin v24.9 (Yoast SEO v27.2) - https:\/\/yoast.com\/product\/yoast-seo-premium-wordpress\/ -->\n<title>Tres Barrera y Travis Radke vendr\u00e1n con el Escogido - Rep. Dominicana | Noti-America.com<\/title>\n<meta name=\"robots\" content=\"index, follow, max-snippet:-1, max-image-preview:large, max-video-preview:-1\" \/>\n<link rel=\"canonical\" href=\"https:\/\/noti-america.com\/site\/repdom\/2020\/10\/12\/tres-barrera-y-travis-radke-vendran-con-el-escogido\/\" \/>\n<meta property=\"og:locale\" content=\"es_ES\" \/>\n<meta property=\"og:type\" content=\"article\" \/>\n<meta property=\"og:title\" content=\"Tres Barrera y Travis Radke vendr\u00e1n con el Escogido\" \/>\n<meta property=\"og:description\" content=\"SANTO DOMINGO &#8211; El receptor Tres Barrera y el relevista zurdo Travis Radke se uniformar\u00e1n con los Leones del Escogido en la temporada 2020-21 de la LIDOM, de acuerdo al departamento de Operaciones del&#046;&#046;&#046;\" \/>\n<meta property=\"og:url\" content=\"https:\/\/noti-america.com\/site\/repdom\/2020\/10\/12\/tres-barrera-y-travis-radke-vendran-con-el-escogido\/\" \/>\n<meta property=\"og:site_name\" content=\"Rep. Dominicana | Noti-America.com\" \/>\n<meta property=\"article:published_time\" content=\"2020-10-12T17:52:20+00:00\" \/>\n<meta property=\"og:image\" content=\"https:\/\/noti-america.com\/site\/repdom\/wp-content\/uploads\/sites\/6\/2020\/10\/Importados-Escogido.jpg\" \/>\n\t<meta property=\"og:image:width\" content=\"2048\" \/>\n\t<meta property=\"og:image:height\" content=\"2048\" \/>\n\t<meta property=\"og:image:type\" content=\"image\/jpeg\" \/>\n<meta name=\"author\" content=\"Ad\u00e1n Soriano\" \/>\n<meta name=\"twitter:card\" content=\"summary_large_image\" \/>\n<meta name=\"twitter:creator\" content=\"@adansoriano\" \/>\n<meta name=\"twitter:label1\" content=\"Escrito por\" \/>\n\t<meta name=\"twitter:data1\" content=\"Ad\u00e1n Soriano\" \/>\n\t<meta name=\"twitter:label2\" content=\"Tiempo estimado de lectura\" \/>\n\t<meta name=\"twitter:data2\" content=\"2 minutos\" \/>\n<script type=\"application\/ld+json\" class=\"yoast-schema-graph\">{\"@context\":\"https:\/\/schema.org\",\"@graph\":[{\"@type\":\"Article\",\"@id\":\"https:\/\/noti-america.com\/site\/repdom\/2020\/10\/12\/tres-barrera-y-travis-radke-vendran-con-el-escogido\/#article\",\"isPartOf\":{\"@id\":\"https:\/\/noti-america.com\/site\/repdom\/2020\/10\/12\/tres-barrera-y-travis-radke-vendran-con-el-escogido\/\"},\"author\":{\"name\":\"Ad\u00e1n Soriano\",\"@id\":\"https:\/\/noti-america.com\/site\/repdom\/#\/schema\/person\/fd0092c1530d275fabaa5cffcbc2b976\"},\"headline\":\"Tres Barrera y Travis Radke vendr\u00e1n con el Escogido\",\"datePublished\":\"2020-10-12T17:52:20+00:00\",\"mainEntityOfPage\":{\"@id\":\"https:\/\/noti-america.com\/site\/repdom\/2020\/10\/12\/tres-barrera-y-travis-radke-vendran-con-el-escogido\/\"},\"wordCount\":386,\"commentCount\":0,\"publisher\":{\"@id\":\"https:\/\/noti-america.com\/site\/repdom\/#organization\"},\"image\":{\"@id\":\"https:\/\/noti-america.com\/site\/repdom\/2020\/10\/12\/tres-barrera-y-travis-radke-vendran-con-el-escogido\/#primaryimage\"},\"thumbnailUrl\":\"https:\/\/noti-america.com\/site\/repdom\/wp-content\/uploads\/sites\/6\/2020\/10\/Importados-Escogido.jpg\",\"keywords\":[\"B\u00e9isbol Dominicano\",\"Leones del Escogido\",\"Liga Dominicana de B\u00e9isbol Profesional\",\"Travis Radke\",\"Tres Barrera\"],\"articleSection\":[\"Deportes\"],\"inLanguage\":\"es\",\"potentialAction\":[{\"@type\":\"CommentAction\",\"name\":\"Comment\",\"target\":[\"https:\/\/noti-america.com\/site\/repdom\/2020\/10\/12\/tres-barrera-y-travis-radke-vendran-con-el-escogido\/#respond\"]}]},{\"@type\":\"WebPage\",\"@id\":\"https:\/\/noti-america.com\/site\/repdom\/2020\/10\/12\/tres-barrera-y-travis-radke-vendran-con-el-escogido\/\",\"url\":\"https:\/\/noti-america.com\/site\/repdom\/2020\/10\/12\/tres-barrera-y-travis-radke-vendran-con-el-escogido\/\",\"name\":\"Tres Barrera y Travis Radke vendr\u00e1n con el Escogido - Rep. Dominicana | Noti-America.com\",\"isPartOf\":{\"@id\":\"https:\/\/noti-america.com\/site\/repdom\/#website\"},\"primaryImageOfPage\":{\"@id\":\"https:\/\/noti-america.com\/site\/repdom\/2020\/10\/12\/tres-barrera-y-travis-radke-vendran-con-el-escogido\/#primaryimage\"},\"image\":{\"@id\":\"https:\/\/noti-america.com\/site\/repdom\/2020\/10\/12\/tres-barrera-y-travis-radke-vendran-con-el-escogido\/#primaryimage\"},\"thumbnailUrl\":\"https:\/\/noti-america.com\/site\/repdom\/wp-content\/uploads\/sites\/6\/2020\/10\/Importados-Escogido.jpg\",\"datePublished\":\"2020-10-12T17:52:20+00:00\",\"breadcrumb\":{\"@id\":\"https:\/\/noti-america.com\/site\/repdom\/2020\/10\/12\/tres-barrera-y-travis-radke-vendran-con-el-escogido\/#breadcrumb\"},\"inLanguage\":\"es\",\"potentialAction\":[{\"@type\":\"ReadAction\",\"target\":[\"https:\/\/noti-america.com\/site\/repdom\/2020\/10\/12\/tres-barrera-y-travis-radke-vendran-con-el-escogido\/\"]}]},{\"@type\":\"ImageObject\",\"inLanguage\":\"es\",\"@id\":\"https:\/\/noti-america.com\/site\/repdom\/2020\/10\/12\/tres-barrera-y-travis-radke-vendran-con-el-escogido\/#primaryimage\",\"url\":\"https:\/\/noti-america.com\/site\/repdom\/wp-content\/uploads\/sites\/6\/2020\/10\/Importados-Escogido.jpg\",\"contentUrl\":\"https:\/\/noti-america.com\/site\/repdom\/wp-content\/uploads\/sites\/6\/2020\/10\/Importados-Escogido.jpg\",\"width\":2048,\"height\":2048},{\"@type\":\"BreadcrumbList\",\"@id\":\"https:\/\/noti-america.com\/site\/repdom\/2020\/10\/12\/tres-barrera-y-travis-radke-vendran-con-el-escogido\/#breadcrumb\",\"itemListElement\":[{\"@type\":\"ListItem\",\"position\":1,\"name\":\"Portada\",\"item\":\"https:\/\/noti-america.com\/site\/repdom\/\"},{\"@type\":\"ListItem\",\"position\":2,\"name\":\"Tres Barrera y Travis Radke vendr\u00e1n con el Escogido\"}]},{\"@type\":\"WebSite\",\"@id\":\"https:\/\/noti-america.com\/site\/repdom\/#website\",\"url\":\"https:\/\/noti-america.com\/site\/repdom\/\",\"name\":\"Rep. Dominicana | Noti-America.com\",\"description\":\"\",\"publisher\":{\"@id\":\"https:\/\/noti-america.com\/site\/repdom\/#organization\"},\"potentialAction\":[{\"@type\":\"SearchAction\",\"target\":{\"@type\":\"EntryPoint\",\"urlTemplate\":\"https:\/\/noti-america.com\/site\/repdom\/?s={search_term_string}\"},\"query-input\":{\"@type\":\"PropertyValueSpecification\",\"valueRequired\":true,\"valueName\":\"search_term_string\"}}],\"inLanguage\":\"es\"},{\"@type\":\"Organization\",\"@id\":\"https:\/\/noti-america.com\/site\/repdom\/#organization\",\"name\":\"Noti-America LLC | Rep\u00fablica Dominicana\",\"url\":\"https:\/\/noti-america.com\/site\/repdom\/\",\"logo\":{\"@type\":\"ImageObject\",\"inLanguage\":\"es\",\"@id\":\"https:\/\/noti-america.com\/site\/repdom\/#\/schema\/logo\/image\/\",\"url\":\"https:\/\/noti-america.com\/site\/repdom\/wp-content\/uploads\/sites\/6\/2020\/07\/LogoNA-4x3-1.jpg\",\"contentUrl\":\"https:\/\/noti-america.com\/site\/repdom\/wp-content\/uploads\/sites\/6\/2020\/07\/LogoNA-4x3-1.jpg\",\"width\":1236,\"height\":1080,\"caption\":\"Noti-America LLC | Rep\u00fablica Dominicana\"},\"image\":{\"@id\":\"https:\/\/noti-america.com\/site\/repdom\/#\/schema\/logo\/image\/\"}},{\"@type\":\"Person\",\"@id\":\"https:\/\/noti-america.com\/site\/repdom\/#\/schema\/person\/fd0092c1530d275fabaa5cffcbc2b976\",\"name\":\"Ad\u00e1n Soriano\",\"image\":{\"@type\":\"ImageObject\",\"inLanguage\":\"es\",\"@id\":\"https:\/\/secure.gravatar.com\/avatar\/ecf97ff3aee7ff9efdae670d7e976f3e7e8acc1077e510d73707999a8bfd4467?s=96&d=mm&r=g\",\"url\":\"https:\/\/secure.gravatar.com\/avatar\/ecf97ff3aee7ff9efdae670d7e976f3e7e8acc1077e510d73707999a8bfd4467?s=96&d=mm&r=g\",\"contentUrl\":\"https:\/\/secure.gravatar.com\/avatar\/ecf97ff3aee7ff9efdae670d7e976f3e7e8acc1077e510d73707999a8bfd4467?s=96&d=mm&r=g\",\"caption\":\"Ad\u00e1n Soriano\"},\"description\":\"Soy cronista deportivo con 10 a\u00f1os de experiencia en varios espacios, y conduzco el podcast deportivo llamado Mezcla Deportiva\",\"sameAs\":[\"https:\/\/x.com\/adansoriano\"],\"url\":\"https:\/\/noti-america.com\/site\/repdom\/author\/asoriano\/\"}]}<\/script>\n<!-- \/ Yoast SEO Premium plugin. -->","yoast_head_json":{"title":"Tres Barrera y Travis Radke vendr\u00e1n con el Escogido - Rep. Dominicana | Noti-America.com","robots":{"index":"index","follow":"follow","max-snippet":"max-snippet:-1","max-image-preview":"max-image-preview:large","max-video-preview":"max-video-preview:-1"},"canonical":"https:\/\/noti-america.com\/site\/repdom\/2020\/10\/12\/tres-barrera-y-travis-radke-vendran-con-el-escogido\/","og_locale":"es_ES","og_type":"article","og_title":"Tres Barrera y Travis Radke vendr\u00e1n con el Escogido","og_description":"SANTO DOMINGO &#8211; El receptor Tres Barrera y el relevista zurdo Travis Radke se uniformar\u00e1n con los Leones del Escogido en la temporada 2020-21 de la LIDOM, de acuerdo al departamento de Operaciones del&#46;&#46;&#46;","og_url":"https:\/\/noti-america.com\/site\/repdom\/2020\/10\/12\/tres-barrera-y-travis-radke-vendran-con-el-escogido\/","og_site_name":"Rep. Dominicana | Noti-America.com","article_published_time":"2020-10-12T17:52:20+00:00","og_image":[{"width":2048,"height":2048,"url":"https:\/\/noti-america.com\/site\/repdom\/wp-content\/uploads\/sites\/6\/2020\/10\/Importados-Escogido.jpg","type":"image\/jpeg"}],"author":"Ad\u00e1n Soriano","twitter_card":"summary_large_image","twitter_creator":"@adansoriano","twitter_misc":{"Escrito por":"Ad\u00e1n Soriano","Tiempo estimado de lectura":"2 minutos"},"schema":{"@context":"https:\/\/schema.org","@graph":[{"@type":"Article","@id":"https:\/\/noti-america.com\/site\/repdom\/2020\/10\/12\/tres-barrera-y-travis-radke-vendran-con-el-escogido\/#article","isPartOf":{"@id":"https:\/\/noti-america.com\/site\/repdom\/2020\/10\/12\/tres-barrera-y-travis-radke-vendran-con-el-escogido\/"},"author":{"name":"Ad\u00e1n Soriano","@id":"https:\/\/noti-america.com\/site\/repdom\/#\/schema\/person\/fd0092c1530d275fabaa5cffcbc2b976"},"headline":"Tres Barrera y Travis Radke vendr\u00e1n con el Escogido","datePublished":"2020-10-12T17:52:20+00:00","mainEntityOfPage":{"@id":"https:\/\/noti-america.com\/site\/repdom\/2020\/10\/12\/tres-barrera-y-travis-radke-vendran-con-el-escogido\/"},"wordCount":386,"commentCount":0,"publisher":{"@id":"https:\/\/noti-america.com\/site\/repdom\/#organization"},"image":{"@id":"https:\/\/noti-america.com\/site\/repdom\/2020\/10\/12\/tres-barrera-y-travis-radke-vendran-con-el-escogido\/#primaryimage"},"thumbnailUrl":"https:\/\/noti-america.com\/site\/repdom\/wp-content\/uploads\/sites\/6\/2020\/10\/Importados-Escogido.jpg","keywords":["B\u00e9isbol Dominicano","Leones del Escogido","Liga Dominicana de B\u00e9isbol Profesional","Travis Radke","Tres Barrera"],"articleSection":["Deportes"],"inLanguage":"es","potentialAction":[{"@type":"CommentAction","name":"Comment","target":["https:\/\/noti-america.com\/site\/repdom\/2020\/10\/12\/tres-barrera-y-travis-radke-vendran-con-el-escogido\/#respond"]}]},{"@type":"WebPage","@id":"https:\/\/noti-america.com\/site\/repdom\/2020\/10\/12\/tres-barrera-y-travis-radke-vendran-con-el-escogido\/","url":"https:\/\/noti-america.com\/site\/repdom\/2020\/10\/12\/tres-barrera-y-travis-radke-vendran-con-el-escogido\/","name":"Tres Barrera y Travis Radke vendr\u00e1n con el Escogido - Rep. Dominicana | Noti-America.com","isPartOf":{"@id":"https:\/\/noti-america.com\/site\/repdom\/#website"},"primaryImageOfPage":{"@id":"https:\/\/noti-america.com\/site\/repdom\/2020\/10\/12\/tres-barrera-y-travis-radke-vendran-con-el-escogido\/#primaryimage"},"image":{"@id":"https:\/\/noti-america.com\/site\/repdom\/2020\/10\/12\/tres-barrera-y-travis-radke-vendran-con-el-escogido\/#primaryimage"},"thumbnailUrl":"https:\/\/noti-america.com\/site\/repdom\/wp-content\/uploads\/sites\/6\/2020\/10\/Importados-Escogido.jpg","datePublished":"2020-10-12T17:52:20+00:00","breadcrumb":{"@id":"https:\/\/noti-america.com\/site\/repdom\/2020\/10\/12\/tres-barrera-y-travis-radke-vendran-con-el-escogido\/#breadcrumb"},"inLanguage":"es","potentialAction":[{"@type":"ReadAction","target":["https:\/\/noti-america.com\/site\/repdom\/2020\/10\/12\/tres-barrera-y-travis-radke-vendran-con-el-escogido\/"]}]},{"@type":"ImageObject","inLanguage":"es","@id":"https:\/\/noti-america.com\/site\/repdom\/2020\/10\/12\/tres-barrera-y-travis-radke-vendran-con-el-escogido\/#primaryimage","url":"https:\/\/noti-america.com\/site\/repdom\/wp-content\/uploads\/sites\/6\/2020\/10\/Importados-Escogido.jpg","contentUrl":"https:\/\/noti-america.com\/site\/repdom\/wp-content\/uploads\/sites\/6\/2020\/10\/Importados-Escogido.jpg","width":2048,"height":2048},{"@type":"BreadcrumbList","@id":"https:\/\/noti-america.com\/site\/repdom\/2020\/10\/12\/tres-barrera-y-travis-radke-vendran-con-el-escogido\/#breadcrumb","itemListElement":[{"@type":"ListItem","position":1,"name":"Portada","item":"https:\/\/noti-america.com\/site\/repdom\/"},{"@type":"ListItem","position":2,"name":"Tres Barrera y Travis Radke vendr\u00e1n con el Escogido"}]},{"@type":"WebSite","@id":"https:\/\/noti-america.com\/site\/repdom\/#website","url":"https:\/\/noti-america.com\/site\/repdom\/","name":"Rep. Dominicana | Noti-America.com","description":"","publisher":{"@id":"https:\/\/noti-america.com\/site\/repdom\/#organization"},"potentialAction":[{"@type":"SearchAction","target":{"@type":"EntryPoint","urlTemplate":"https:\/\/noti-america.com\/site\/repdom\/?s={search_term_string}"},"query-input":{"@type":"PropertyValueSpecification","valueRequired":true,"valueName":"search_term_string"}}],"inLanguage":"es"},{"@type":"Organization","@id":"https:\/\/noti-america.com\/site\/repdom\/#organization","name":"Noti-America LLC | Rep\u00fablica Dominicana","url":"https:\/\/noti-america.com\/site\/repdom\/","logo":{"@type":"ImageObject","inLanguage":"es","@id":"https:\/\/noti-america.com\/site\/repdom\/#\/schema\/logo\/image\/","url":"https:\/\/noti-america.com\/site\/repdom\/wp-content\/uploads\/sites\/6\/2020\/07\/LogoNA-4x3-1.jpg","contentUrl":"https:\/\/noti-america.com\/site\/repdom\/wp-content\/uploads\/sites\/6\/2020\/07\/LogoNA-4x3-1.jpg","width":1236,"height":1080,"caption":"Noti-America LLC | Rep\u00fablica Dominicana"},"image":{"@id":"https:\/\/noti-america.com\/site\/repdom\/#\/schema\/logo\/image\/"}},{"@type":"Person","@id":"https:\/\/noti-america.com\/site\/repdom\/#\/schema\/person\/fd0092c1530d275fabaa5cffcbc2b976","name":"Ad\u00e1n Soriano","image":{"@type":"ImageObject","inLanguage":"es","@id":"https:\/\/secure.gravatar.com\/avatar\/ecf97ff3aee7ff9efdae670d7e976f3e7e8acc1077e510d73707999a8bfd4467?s=96&d=mm&r=g","url":"https:\/\/secure.gravatar.com\/avatar\/ecf97ff3aee7ff9efdae670d7e976f3e7e8acc1077e510d73707999a8bfd4467?s=96&d=mm&r=g","contentUrl":"https:\/\/secure.gravatar.com\/avatar\/ecf97ff3aee7ff9efdae670d7e976f3e7e8acc1077e510d73707999a8bfd4467?s=96&d=mm&r=g","caption":"Ad\u00e1n Soriano"},"description":"Soy cronista deportivo con 10 a\u00f1os de experiencia en varios espacios, y conduzco el podcast deportivo llamado Mezcla Deportiva","sameAs":["https:\/\/x.com\/adansoriano"],"url":"https:\/\/noti-america.com\/site\/repdom\/author\/asoriano\/"}]}},"_links":{"self":[{"href":"https:\/\/noti-america.com\/site\/repdom\/wp-json\/wp\/v2\/posts\/5051","targetHints":{"allow":["GET"]}}],"collection":[{"href":"https:\/\/noti-america.com\/site\/repdom\/wp-json\/wp\/v2\/posts"}],"about":[{"href":"https:\/\/noti-america.com\/site\/repdom\/wp-json\/wp\/v2\/types\/post"}],"author":[{"embeddable":true,"href":"https:\/\/noti-america.com\/site\/repdom\/wp-json\/wp\/v2\/users\/89"}],"replies":[{"embeddable":true,"href":"https:\/\/noti-america.com\/site\/repdom\/wp-json\/wp\/v2\/comments?post=5051"}],"version-history":[{"count":1,"href":"https:\/\/noti-america.com\/site\/repdom\/wp-json\/wp\/v2\/posts\/5051\/revisions"}],"predecessor-version":[{"id":5053,"href":"https:\/\/noti-america.com\/site\/repdom\/wp-json\/wp\/v2\/posts\/5051\/revisions\/5053"}],"wp:featuredmedia":[{"embeddable":true,"href":"https:\/\/noti-america.com\/site\/repdom\/wp-json\/wp\/v2\/media\/5052"}],"wp:attachment":[{"href":"https:\/\/noti-america.com\/site\/repdom\/wp-json\/wp\/v2\/media?parent=5051"}],"wp:term":[{"taxonomy":"category","embeddable":true,"href":"https:\/\/noti-america.com\/site\/repdom\/wp-json\/wp\/v2\/categories?post=5051"},{"taxonomy":"post_tag","embeddable":true,"href":"https:\/\/noti-america.com\/site\/repdom\/wp-json\/wp\/v2\/tags?post=5051"}],"curies":[{"name":"wp","href":"https:\/\/api.w.org\/{rel}","templated":true}]}}