{"id":4970,"date":"2020-10-09T18:47:03","date_gmt":"2020-10-09T18:47:03","guid":{"rendered":"https:\/\/noti-america.com\/site\/repdom\/?p=4970"},"modified":"2020-10-09T18:47:03","modified_gmt":"2020-10-09T18:47:03","slug":"escogido-confirma-el-staff-de-coaches-del-manager-dave-jauss","status":"publish","type":"post","link":"https:\/\/noti-america.com\/site\/repdom\/2020\/10\/09\/escogido-confirma-el-staff-de-coaches-del-manager-dave-jauss\/","title":{"rendered":"Escogido confirma el staff de coaches del m\u00e1nager Dave Jauss"},"content":{"rendered":"<p class=\"x_MsoNormal\" style=\"text-align: justify\"><span lang=\"ES-TRAD\">SANTO DOMINGO &#8211; <\/span><span lang=\"ES-TRAD\">Los Leones del Escogido han confirmado a todo su cuerpo t\u00e9cnico para la temporada 2020-21 de la LIDOM, el cual estar\u00e1 encabezado por el dirigente estadounidense Dave Jauss.<\/span><\/p>\n<p class=\"x_MsoNormal\" style=\"text-align: justify\"><span lang=\"ES-TRAD\">Previamente los melenudos hab\u00edan anunciado a Ram\u00f3n Santiago como coach de banca y a Erick Abreu como instructor de lanzadores, pero ahora confirman que Jorge Mej\u00eda regresar\u00e1 como hitting coach y Alex Concepci\u00f3n como bullpen coach.<\/span><\/p>\n<p class=\"x_MsoNormal\" style=\"text-align: justify\"><span lang=\"ES-TRAD\">Felipe Alou Jr. estar\u00e1 nuevamente como coach de tercera base y V\u00edctor Est\u00e9vez debutar\u00e1 como coach de la inicial y de infielders. Asimismo, Ram\u00f3n Lubo ser\u00e1 coach y encargado de las repeticiones y Renny P\u00e9rez en el rol de catcher del bullpen.<\/span><\/p>\n<p class=\"x_MsoNormal\" style=\"text-align: justify\"><span lang=\"ES-TRAD\">El Escogido tambi\u00e9n contar\u00e1 con Blake Butera como coach de control de calidad. Actualmente es el dirigente de la sucursal Clase-A de los Rays de Tampa Bay y laborar\u00e1 por primera vez en el circuito oto\u00f1o-invernal dominicano.<\/span><\/p>\n<p class=\"x_MsoNormal\" style=\"text-align: justify\"><b><span lang=\"ES-TRAD\">Contreras, L\u00f3pez, Rodr\u00edguez y Gilbert<\/span><\/b><\/p>\n<p class=\"x_MsoNormal\" style=\"text-align: justify\"><span lang=\"ES-TRAD\">La gerencia de Operaciones inform\u00f3 que los coaches Francisco Contreras, Pedro L\u00f3pez y Mario Rodr\u00edguez tomar\u00e1n una licencia en sus funciones este a\u00f1o por razones personales. En el caso de Gilbert G\u00f3mez, ser\u00e1 coordinador de terreno del campamento alterno y ejercer\u00e1 como coach de control de calidad de manera remota.<\/span><\/p>\n<p class=\"x_MsoNormal\" style=\"text-align: justify\"><b><span lang=\"ES-TRAD\">Campamento alterno<\/span><\/b><\/p>\n<p class=\"x_MsoNormal\" style=\"text-align: justify\"><span lang=\"ES-TRAD\">En el campamento alterno estar\u00e1n, adem\u00e1s de G\u00f3mez, Jorge Mer\u00e1n y Jos\u00e9 Paniagua. El staff de coaches trabajar\u00e1 bajo la supervisi\u00f3n del Director de Desarrollo de Jugadores, Jos\u00e9 Leger, quien estar\u00e1 en ese rol por primera vez en la temporada.<\/span><\/p>\n<p class=\"x_MsoNormal\" style=\"text-align: justify\"><b><span lang=\"ES-TRAD\">La opini\u00f3n del gerente general<\/span><\/b><\/p>\n<p class=\"x_MsoNormal\" style=\"text-align: justify\"><span lang=\"ES-TRAD\">\u201cAnte la realidad de la pandemia hemos reducido nuestro staff en n\u00famero para mantener el distanciamiento social, pero hemos aumentado la versatilidad y tendremos la oportunidad de contrar con j\u00f3venes coaches adaptados al nuevo b\u00e9isbol y veteranos que pueden tomar decisiones en momentos claves\u201d, se\u00f1al\u00f3 Jos\u00e9 G\u00f3mez Fr\u00edas.<\/span><\/p>\n<p class=\"x_MsoNormal\" style=\"text-align: justify\"><span lang=\"ES-TRAD\">\u201cEsperamos que este grupo est\u00e9 a la altura de la responsabilidad de una temporada corta y muy competitiva, mientras ayudan a nuestros jugadores a mantenerse mentalmente fuertes y a cumplir los estrictos protocolos que tendremos\u201d, a\u00f1adi\u00f3.<\/span><\/p>\n<p style=\"text-align: justify\"><strong>Fuente: Prensa Escogido<\/strong><\/p>\n","protected":false},"excerpt":{"rendered":"<p>SANTO DOMINGO &#8211; Los Leones del Escogido han confirmado a todo su cuerpo t\u00e9cnico para la temporada 2020-21 de la LIDOM, el cual estar\u00e1 encabezado por el dirigente estadounidense Dave Jauss. Previamente los melenudos&#46;&#46;&#46;<\/p>\n","protected":false},"author":89,"featured_media":4971,"comment_status":"open","ping_status":"open","sticky":false,"template":"","format":"standard","meta":{"_acf_changed":false,"rop_custom_images_group":[],"rop_custom_messages_group":[],"rop_publish_now":"initial","rop_publish_now_accounts":[],"rop_publish_now_history":[],"rop_publish_now_status":"pending","footnotes":""},"categories":[16,1],"tags":[119,451,258,122],"class_list":["post-4970","post","type-post","status-publish","format-standard","has-post-thumbnail","hentry","category-deportes","category-uncategorized","tag-beisbol-dominicano","tag-dave-jauss","tag-leones-del-escogido","tag-liga-dominicana-de-beisbol-profesional"],"acf":[],"yoast_head":"<!-- This site is optimized with the Yoast SEO Premium plugin v24.9 (Yoast SEO v27.2) - https:\/\/yoast.com\/product\/yoast-seo-premium-wordpress\/ -->\n<title>Escogido confirma el staff de coaches del m\u00e1nager Dave Jauss - Rep. Dominicana | Noti-America.com<\/title>\n<meta name=\"robots\" content=\"index, follow, max-snippet:-1, max-image-preview:large, max-video-preview:-1\" \/>\n<link rel=\"canonical\" href=\"https:\/\/noti-america.com\/site\/repdom\/2020\/10\/09\/escogido-confirma-el-staff-de-coaches-del-manager-dave-jauss\/\" \/>\n<meta property=\"og:locale\" content=\"es_ES\" \/>\n<meta property=\"og:type\" content=\"article\" \/>\n<meta property=\"og:title\" content=\"Escogido confirma el staff de coaches del m\u00e1nager Dave Jauss\" \/>\n<meta property=\"og:description\" content=\"SANTO DOMINGO &#8211; Los Leones del Escogido han confirmado a todo su cuerpo t\u00e9cnico para la temporada 2020-21 de la LIDOM, el cual estar\u00e1 encabezado por el dirigente estadounidense Dave Jauss. Previamente los melenudos&#046;&#046;&#046;\" \/>\n<meta property=\"og:url\" content=\"https:\/\/noti-america.com\/site\/repdom\/2020\/10\/09\/escogido-confirma-el-staff-de-coaches-del-manager-dave-jauss\/\" \/>\n<meta property=\"og:site_name\" content=\"Rep. Dominicana | Noti-America.com\" \/>\n<meta property=\"article:published_time\" content=\"2020-10-09T18:47:03+00:00\" \/>\n<meta property=\"og:image\" content=\"https:\/\/noti-america.com\/site\/repdom\/wp-content\/uploads\/sites\/6\/2020\/10\/Coaches-Leones-del-Escogido.jpg\" \/>\n\t<meta property=\"og:image:width\" content=\"2048\" \/>\n\t<meta property=\"og:image:height\" content=\"2048\" \/>\n\t<meta property=\"og:image:type\" content=\"image\/jpeg\" \/>\n<meta name=\"author\" content=\"Ad\u00e1n Soriano\" \/>\n<meta name=\"twitter:card\" content=\"summary_large_image\" \/>\n<meta name=\"twitter:creator\" content=\"@adansoriano\" \/>\n<meta name=\"twitter:label1\" content=\"Escrito por\" \/>\n\t<meta name=\"twitter:data1\" content=\"Ad\u00e1n Soriano\" \/>\n\t<meta name=\"twitter:label2\" content=\"Tiempo estimado de lectura\" \/>\n\t<meta name=\"twitter:data2\" content=\"2 minutos\" \/>\n<script type=\"application\/ld+json\" class=\"yoast-schema-graph\">{\"@context\":\"https:\/\/schema.org\",\"@graph\":[{\"@type\":\"Article\",\"@id\":\"https:\/\/noti-america.com\/site\/repdom\/2020\/10\/09\/escogido-confirma-el-staff-de-coaches-del-manager-dave-jauss\/#article\",\"isPartOf\":{\"@id\":\"https:\/\/noti-america.com\/site\/repdom\/2020\/10\/09\/escogido-confirma-el-staff-de-coaches-del-manager-dave-jauss\/\"},\"author\":{\"name\":\"Ad\u00e1n Soriano\",\"@id\":\"https:\/\/noti-america.com\/site\/repdom\/#\/schema\/person\/fd0092c1530d275fabaa5cffcbc2b976\"},\"headline\":\"Escogido confirma el staff de coaches del m\u00e1nager Dave Jauss\",\"datePublished\":\"2020-10-09T18:47:03+00:00\",\"mainEntityOfPage\":{\"@id\":\"https:\/\/noti-america.com\/site\/repdom\/2020\/10\/09\/escogido-confirma-el-staff-de-coaches-del-manager-dave-jauss\/\"},\"wordCount\":377,\"commentCount\":0,\"publisher\":{\"@id\":\"https:\/\/noti-america.com\/site\/repdom\/#organization\"},\"image\":{\"@id\":\"https:\/\/noti-america.com\/site\/repdom\/2020\/10\/09\/escogido-confirma-el-staff-de-coaches-del-manager-dave-jauss\/#primaryimage\"},\"thumbnailUrl\":\"https:\/\/noti-america.com\/site\/repdom\/wp-content\/uploads\/sites\/6\/2020\/10\/Coaches-Leones-del-Escogido.jpg\",\"keywords\":[\"B\u00e9isbol Dominicano\",\"Dave Jauss\",\"Leones del Escogido\",\"Liga Dominicana de B\u00e9isbol Profesional\"],\"articleSection\":[\"Deportes\",\"Uncategorized\"],\"inLanguage\":\"es\",\"potentialAction\":[{\"@type\":\"CommentAction\",\"name\":\"Comment\",\"target\":[\"https:\/\/noti-america.com\/site\/repdom\/2020\/10\/09\/escogido-confirma-el-staff-de-coaches-del-manager-dave-jauss\/#respond\"]}]},{\"@type\":\"WebPage\",\"@id\":\"https:\/\/noti-america.com\/site\/repdom\/2020\/10\/09\/escogido-confirma-el-staff-de-coaches-del-manager-dave-jauss\/\",\"url\":\"https:\/\/noti-america.com\/site\/repdom\/2020\/10\/09\/escogido-confirma-el-staff-de-coaches-del-manager-dave-jauss\/\",\"name\":\"Escogido confirma el staff de coaches del m\u00e1nager Dave Jauss - Rep. Dominicana | Noti-America.com\",\"isPartOf\":{\"@id\":\"https:\/\/noti-america.com\/site\/repdom\/#website\"},\"primaryImageOfPage\":{\"@id\":\"https:\/\/noti-america.com\/site\/repdom\/2020\/10\/09\/escogido-confirma-el-staff-de-coaches-del-manager-dave-jauss\/#primaryimage\"},\"image\":{\"@id\":\"https:\/\/noti-america.com\/site\/repdom\/2020\/10\/09\/escogido-confirma-el-staff-de-coaches-del-manager-dave-jauss\/#primaryimage\"},\"thumbnailUrl\":\"https:\/\/noti-america.com\/site\/repdom\/wp-content\/uploads\/sites\/6\/2020\/10\/Coaches-Leones-del-Escogido.jpg\",\"datePublished\":\"2020-10-09T18:47:03+00:00\",\"breadcrumb\":{\"@id\":\"https:\/\/noti-america.com\/site\/repdom\/2020\/10\/09\/escogido-confirma-el-staff-de-coaches-del-manager-dave-jauss\/#breadcrumb\"},\"inLanguage\":\"es\",\"potentialAction\":[{\"@type\":\"ReadAction\",\"target\":[\"https:\/\/noti-america.com\/site\/repdom\/2020\/10\/09\/escogido-confirma-el-staff-de-coaches-del-manager-dave-jauss\/\"]}]},{\"@type\":\"ImageObject\",\"inLanguage\":\"es\",\"@id\":\"https:\/\/noti-america.com\/site\/repdom\/2020\/10\/09\/escogido-confirma-el-staff-de-coaches-del-manager-dave-jauss\/#primaryimage\",\"url\":\"https:\/\/noti-america.com\/site\/repdom\/wp-content\/uploads\/sites\/6\/2020\/10\/Coaches-Leones-del-Escogido.jpg\",\"contentUrl\":\"https:\/\/noti-america.com\/site\/repdom\/wp-content\/uploads\/sites\/6\/2020\/10\/Coaches-Leones-del-Escogido.jpg\",\"width\":2048,\"height\":2048},{\"@type\":\"BreadcrumbList\",\"@id\":\"https:\/\/noti-america.com\/site\/repdom\/2020\/10\/09\/escogido-confirma-el-staff-de-coaches-del-manager-dave-jauss\/#breadcrumb\",\"itemListElement\":[{\"@type\":\"ListItem\",\"position\":1,\"name\":\"Portada\",\"item\":\"https:\/\/noti-america.com\/site\/repdom\/\"},{\"@type\":\"ListItem\",\"position\":2,\"name\":\"Escogido confirma el staff de coaches del m\u00e1nager Dave Jauss\"}]},{\"@type\":\"WebSite\",\"@id\":\"https:\/\/noti-america.com\/site\/repdom\/#website\",\"url\":\"https:\/\/noti-america.com\/site\/repdom\/\",\"name\":\"Rep. Dominicana | Noti-America.com\",\"description\":\"\",\"publisher\":{\"@id\":\"https:\/\/noti-america.com\/site\/repdom\/#organization\"},\"potentialAction\":[{\"@type\":\"SearchAction\",\"target\":{\"@type\":\"EntryPoint\",\"urlTemplate\":\"https:\/\/noti-america.com\/site\/repdom\/?s={search_term_string}\"},\"query-input\":{\"@type\":\"PropertyValueSpecification\",\"valueRequired\":true,\"valueName\":\"search_term_string\"}}],\"inLanguage\":\"es\"},{\"@type\":\"Organization\",\"@id\":\"https:\/\/noti-america.com\/site\/repdom\/#organization\",\"name\":\"Noti-America LLC | Rep\u00fablica Dominicana\",\"url\":\"https:\/\/noti-america.com\/site\/repdom\/\",\"logo\":{\"@type\":\"ImageObject\",\"inLanguage\":\"es\",\"@id\":\"https:\/\/noti-america.com\/site\/repdom\/#\/schema\/logo\/image\/\",\"url\":\"https:\/\/noti-america.com\/site\/repdom\/wp-content\/uploads\/sites\/6\/2020\/07\/LogoNA-4x3-1.jpg\",\"contentUrl\":\"https:\/\/noti-america.com\/site\/repdom\/wp-content\/uploads\/sites\/6\/2020\/07\/LogoNA-4x3-1.jpg\",\"width\":1236,\"height\":1080,\"caption\":\"Noti-America LLC | Rep\u00fablica Dominicana\"},\"image\":{\"@id\":\"https:\/\/noti-america.com\/site\/repdom\/#\/schema\/logo\/image\/\"}},{\"@type\":\"Person\",\"@id\":\"https:\/\/noti-america.com\/site\/repdom\/#\/schema\/person\/fd0092c1530d275fabaa5cffcbc2b976\",\"name\":\"Ad\u00e1n Soriano\",\"image\":{\"@type\":\"ImageObject\",\"inLanguage\":\"es\",\"@id\":\"https:\/\/secure.gravatar.com\/avatar\/ecf97ff3aee7ff9efdae670d7e976f3e7e8acc1077e510d73707999a8bfd4467?s=96&d=mm&r=g\",\"url\":\"https:\/\/secure.gravatar.com\/avatar\/ecf97ff3aee7ff9efdae670d7e976f3e7e8acc1077e510d73707999a8bfd4467?s=96&d=mm&r=g\",\"contentUrl\":\"https:\/\/secure.gravatar.com\/avatar\/ecf97ff3aee7ff9efdae670d7e976f3e7e8acc1077e510d73707999a8bfd4467?s=96&d=mm&r=g\",\"caption\":\"Ad\u00e1n Soriano\"},\"description\":\"Soy cronista deportivo con 10 a\u00f1os de experiencia en varios espacios, y conduzco el podcast deportivo llamado Mezcla Deportiva\",\"sameAs\":[\"https:\/\/x.com\/adansoriano\"],\"url\":\"https:\/\/noti-america.com\/site\/repdom\/author\/asoriano\/\"}]}<\/script>\n<!-- \/ Yoast SEO Premium plugin. -->","yoast_head_json":{"title":"Escogido confirma el staff de coaches del m\u00e1nager Dave Jauss - Rep. Dominicana | Noti-America.com","robots":{"index":"index","follow":"follow","max-snippet":"max-snippet:-1","max-image-preview":"max-image-preview:large","max-video-preview":"max-video-preview:-1"},"canonical":"https:\/\/noti-america.com\/site\/repdom\/2020\/10\/09\/escogido-confirma-el-staff-de-coaches-del-manager-dave-jauss\/","og_locale":"es_ES","og_type":"article","og_title":"Escogido confirma el staff de coaches del m\u00e1nager Dave Jauss","og_description":"SANTO DOMINGO &#8211; Los Leones del Escogido han confirmado a todo su cuerpo t\u00e9cnico para la temporada 2020-21 de la LIDOM, el cual estar\u00e1 encabezado por el dirigente estadounidense Dave Jauss. Previamente los melenudos&#46;&#46;&#46;","og_url":"https:\/\/noti-america.com\/site\/repdom\/2020\/10\/09\/escogido-confirma-el-staff-de-coaches-del-manager-dave-jauss\/","og_site_name":"Rep. Dominicana | Noti-America.com","article_published_time":"2020-10-09T18:47:03+00:00","og_image":[{"width":2048,"height":2048,"url":"https:\/\/noti-america.com\/site\/repdom\/wp-content\/uploads\/sites\/6\/2020\/10\/Coaches-Leones-del-Escogido.jpg","type":"image\/jpeg"}],"author":"Ad\u00e1n Soriano","twitter_card":"summary_large_image","twitter_creator":"@adansoriano","twitter_misc":{"Escrito por":"Ad\u00e1n Soriano","Tiempo estimado de lectura":"2 minutos"},"schema":{"@context":"https:\/\/schema.org","@graph":[{"@type":"Article","@id":"https:\/\/noti-america.com\/site\/repdom\/2020\/10\/09\/escogido-confirma-el-staff-de-coaches-del-manager-dave-jauss\/#article","isPartOf":{"@id":"https:\/\/noti-america.com\/site\/repdom\/2020\/10\/09\/escogido-confirma-el-staff-de-coaches-del-manager-dave-jauss\/"},"author":{"name":"Ad\u00e1n Soriano","@id":"https:\/\/noti-america.com\/site\/repdom\/#\/schema\/person\/fd0092c1530d275fabaa5cffcbc2b976"},"headline":"Escogido confirma el staff de coaches del m\u00e1nager Dave Jauss","datePublished":"2020-10-09T18:47:03+00:00","mainEntityOfPage":{"@id":"https:\/\/noti-america.com\/site\/repdom\/2020\/10\/09\/escogido-confirma-el-staff-de-coaches-del-manager-dave-jauss\/"},"wordCount":377,"commentCount":0,"publisher":{"@id":"https:\/\/noti-america.com\/site\/repdom\/#organization"},"image":{"@id":"https:\/\/noti-america.com\/site\/repdom\/2020\/10\/09\/escogido-confirma-el-staff-de-coaches-del-manager-dave-jauss\/#primaryimage"},"thumbnailUrl":"https:\/\/noti-america.com\/site\/repdom\/wp-content\/uploads\/sites\/6\/2020\/10\/Coaches-Leones-del-Escogido.jpg","keywords":["B\u00e9isbol Dominicano","Dave Jauss","Leones del Escogido","Liga Dominicana de B\u00e9isbol Profesional"],"articleSection":["Deportes","Uncategorized"],"inLanguage":"es","potentialAction":[{"@type":"CommentAction","name":"Comment","target":["https:\/\/noti-america.com\/site\/repdom\/2020\/10\/09\/escogido-confirma-el-staff-de-coaches-del-manager-dave-jauss\/#respond"]}]},{"@type":"WebPage","@id":"https:\/\/noti-america.com\/site\/repdom\/2020\/10\/09\/escogido-confirma-el-staff-de-coaches-del-manager-dave-jauss\/","url":"https:\/\/noti-america.com\/site\/repdom\/2020\/10\/09\/escogido-confirma-el-staff-de-coaches-del-manager-dave-jauss\/","name":"Escogido confirma el staff de coaches del m\u00e1nager Dave Jauss - Rep. Dominicana | Noti-America.com","isPartOf":{"@id":"https:\/\/noti-america.com\/site\/repdom\/#website"},"primaryImageOfPage":{"@id":"https:\/\/noti-america.com\/site\/repdom\/2020\/10\/09\/escogido-confirma-el-staff-de-coaches-del-manager-dave-jauss\/#primaryimage"},"image":{"@id":"https:\/\/noti-america.com\/site\/repdom\/2020\/10\/09\/escogido-confirma-el-staff-de-coaches-del-manager-dave-jauss\/#primaryimage"},"thumbnailUrl":"https:\/\/noti-america.com\/site\/repdom\/wp-content\/uploads\/sites\/6\/2020\/10\/Coaches-Leones-del-Escogido.jpg","datePublished":"2020-10-09T18:47:03+00:00","breadcrumb":{"@id":"https:\/\/noti-america.com\/site\/repdom\/2020\/10\/09\/escogido-confirma-el-staff-de-coaches-del-manager-dave-jauss\/#breadcrumb"},"inLanguage":"es","potentialAction":[{"@type":"ReadAction","target":["https:\/\/noti-america.com\/site\/repdom\/2020\/10\/09\/escogido-confirma-el-staff-de-coaches-del-manager-dave-jauss\/"]}]},{"@type":"ImageObject","inLanguage":"es","@id":"https:\/\/noti-america.com\/site\/repdom\/2020\/10\/09\/escogido-confirma-el-staff-de-coaches-del-manager-dave-jauss\/#primaryimage","url":"https:\/\/noti-america.com\/site\/repdom\/wp-content\/uploads\/sites\/6\/2020\/10\/Coaches-Leones-del-Escogido.jpg","contentUrl":"https:\/\/noti-america.com\/site\/repdom\/wp-content\/uploads\/sites\/6\/2020\/10\/Coaches-Leones-del-Escogido.jpg","width":2048,"height":2048},{"@type":"BreadcrumbList","@id":"https:\/\/noti-america.com\/site\/repdom\/2020\/10\/09\/escogido-confirma-el-staff-de-coaches-del-manager-dave-jauss\/#breadcrumb","itemListElement":[{"@type":"ListItem","position":1,"name":"Portada","item":"https:\/\/noti-america.com\/site\/repdom\/"},{"@type":"ListItem","position":2,"name":"Escogido confirma el staff de coaches del m\u00e1nager Dave Jauss"}]},{"@type":"WebSite","@id":"https:\/\/noti-america.com\/site\/repdom\/#website","url":"https:\/\/noti-america.com\/site\/repdom\/","name":"Rep. Dominicana | Noti-America.com","description":"","publisher":{"@id":"https:\/\/noti-america.com\/site\/repdom\/#organization"},"potentialAction":[{"@type":"SearchAction","target":{"@type":"EntryPoint","urlTemplate":"https:\/\/noti-america.com\/site\/repdom\/?s={search_term_string}"},"query-input":{"@type":"PropertyValueSpecification","valueRequired":true,"valueName":"search_term_string"}}],"inLanguage":"es"},{"@type":"Organization","@id":"https:\/\/noti-america.com\/site\/repdom\/#organization","name":"Noti-America LLC | Rep\u00fablica Dominicana","url":"https:\/\/noti-america.com\/site\/repdom\/","logo":{"@type":"ImageObject","inLanguage":"es","@id":"https:\/\/noti-america.com\/site\/repdom\/#\/schema\/logo\/image\/","url":"https:\/\/noti-america.com\/site\/repdom\/wp-content\/uploads\/sites\/6\/2020\/07\/LogoNA-4x3-1.jpg","contentUrl":"https:\/\/noti-america.com\/site\/repdom\/wp-content\/uploads\/sites\/6\/2020\/07\/LogoNA-4x3-1.jpg","width":1236,"height":1080,"caption":"Noti-America LLC | Rep\u00fablica Dominicana"},"image":{"@id":"https:\/\/noti-america.com\/site\/repdom\/#\/schema\/logo\/image\/"}},{"@type":"Person","@id":"https:\/\/noti-america.com\/site\/repdom\/#\/schema\/person\/fd0092c1530d275fabaa5cffcbc2b976","name":"Ad\u00e1n Soriano","image":{"@type":"ImageObject","inLanguage":"es","@id":"https:\/\/secure.gravatar.com\/avatar\/ecf97ff3aee7ff9efdae670d7e976f3e7e8acc1077e510d73707999a8bfd4467?s=96&d=mm&r=g","url":"https:\/\/secure.gravatar.com\/avatar\/ecf97ff3aee7ff9efdae670d7e976f3e7e8acc1077e510d73707999a8bfd4467?s=96&d=mm&r=g","contentUrl":"https:\/\/secure.gravatar.com\/avatar\/ecf97ff3aee7ff9efdae670d7e976f3e7e8acc1077e510d73707999a8bfd4467?s=96&d=mm&r=g","caption":"Ad\u00e1n Soriano"},"description":"Soy cronista deportivo con 10 a\u00f1os de experiencia en varios espacios, y conduzco el podcast deportivo llamado Mezcla Deportiva","sameAs":["https:\/\/x.com\/adansoriano"],"url":"https:\/\/noti-america.com\/site\/repdom\/author\/asoriano\/"}]}},"_links":{"self":[{"href":"https:\/\/noti-america.com\/site\/repdom\/wp-json\/wp\/v2\/posts\/4970","targetHints":{"allow":["GET"]}}],"collection":[{"href":"https:\/\/noti-america.com\/site\/repdom\/wp-json\/wp\/v2\/posts"}],"about":[{"href":"https:\/\/noti-america.com\/site\/repdom\/wp-json\/wp\/v2\/types\/post"}],"author":[{"embeddable":true,"href":"https:\/\/noti-america.com\/site\/repdom\/wp-json\/wp\/v2\/users\/89"}],"replies":[{"embeddable":true,"href":"https:\/\/noti-america.com\/site\/repdom\/wp-json\/wp\/v2\/comments?post=4970"}],"version-history":[{"count":1,"href":"https:\/\/noti-america.com\/site\/repdom\/wp-json\/wp\/v2\/posts\/4970\/revisions"}],"predecessor-version":[{"id":4972,"href":"https:\/\/noti-america.com\/site\/repdom\/wp-json\/wp\/v2\/posts\/4970\/revisions\/4972"}],"wp:featuredmedia":[{"embeddable":true,"href":"https:\/\/noti-america.com\/site\/repdom\/wp-json\/wp\/v2\/media\/4971"}],"wp:attachment":[{"href":"https:\/\/noti-america.com\/site\/repdom\/wp-json\/wp\/v2\/media?parent=4970"}],"wp:term":[{"taxonomy":"category","embeddable":true,"href":"https:\/\/noti-america.com\/site\/repdom\/wp-json\/wp\/v2\/categories?post=4970"},{"taxonomy":"post_tag","embeddable":true,"href":"https:\/\/noti-america.com\/site\/repdom\/wp-json\/wp\/v2\/tags?post=4970"}],"curies":[{"name":"wp","href":"https:\/\/api.w.org\/{rel}","templated":true}]}}