{"id":4796,"date":"2020-10-05T15:39:13","date_gmt":"2020-10-05T15:39:13","guid":{"rendered":"https:\/\/noti-america.com\/site\/repdom\/?p=4796"},"modified":"2020-10-05T15:39:13","modified_gmt":"2020-10-05T15:39:13","slug":"manuel-luna-sera-el-nuevo-representante-de-david-ortiz-en-rd","status":"publish","type":"post","link":"https:\/\/noti-america.com\/site\/repdom\/2020\/10\/05\/manuel-luna-sera-el-nuevo-representante-de-david-ortiz-en-rd\/","title":{"rendered":"Manuel Luna ser\u00e1 el nuevo representante de David Ortiz en RD"},"content":{"rendered":"<p class=\"x_MsoNormal\" style=\"text-align: justify\">SANTO DOMINGO &#8211; El ex-jugador de Grandes Ligas David Ortiz anunci\u00f3 la designaci\u00f3n de Manuel Luna Sued como su agente para asuntos de comunicaci\u00f3n y representaci\u00f3n para su carrera en el pa\u00eds.<\/p>\n<p class=\"x_MsoNormal\" style=\"text-align: justify\">El \u201cBig Papi\u201d explic\u00f3 que desde el repentino fallecimiento de Leo L\u00f3pez no ha tenido representaci\u00f3n en el pa\u00eds y expres\u00f3 que tiene muchos planes en carpeta por lo que entiende necesario tener a un profesional como Luna represent\u00e1ndole localmente.<\/p>\n<p class=\"x_MsoNormal\" style=\"text-align: justify\">\u201cConozco el manejo de Manuel Luna en el \u00e1mbito deportivo, sobre todo en el deporte ol\u00edmpico, gracias a la gran labor que realiza en CRESO. Este es el inicio de muchas cosas buenas que vienen en el futuro\u201d, asegur\u00f3 David quien se encuentra actualmente en Estados Unidos, ya que trabajar\u00e1 con la cadena Fox Sport como comentarista en las transmisiones de Grandes Ligas.<\/p>\n<p class=\"x_MsoNormal\" style=\"text-align: justify\">Por su lado, Luna resalt\u00f3 las cualidades de David y su motivaci\u00f3n para trabajar juntos: \u201cDavid es parte de la marca pa\u00eds, es un orgullo para todos los dominicanos en cualquier lugar del mundo. Y adem\u00e1s con Big Papi es m\u00e1s f\u00e1cil porque mientras m\u00e1s lo conoces m\u00e1s te das cuenta de la grandeza de su coraz\u00f3n y su orgullo nacional\u201d, afirm\u00f3 Luna en un comunicado enviado a los medios de comunicaci\u00f3n.<\/p>\n<p class=\"x_MsoNormal\" style=\"text-align: justify\">Luna es director ejecutivo de Creando Sue\u00f1os Ol\u00edmpicos (CRESO) y socio director de TIMM, una firma especializada en comunicaci\u00f3n empresarial y deportiva.<\/p>\n<p class=\"x_MsoNormal\" style=\"text-align: justify\">Asumi\u00f3 hasta hace poco la presidencia de la Comisi\u00f3n Normalizadora de la Federaci\u00f3n Dominicana de F\u00fatbol (FEDOFUTBOL) y es el presidente de la C\u00e1mara de Comercio y Producci\u00f3n de Santo Domingo.<\/p>\n<p style=\"text-align: justify\"><strong>Fuente: William Aish<\/strong><\/p>\n","protected":false},"excerpt":{"rendered":"<p>SANTO DOMINGO &#8211; El ex-jugador de Grandes Ligas David Ortiz anunci\u00f3 la designaci\u00f3n de Manuel Luna Sued como su agente para asuntos de comunicaci\u00f3n y representaci\u00f3n para su carrera en el pa\u00eds. El \u201cBig&#46;&#46;&#46;<\/p>\n","protected":false},"author":89,"featured_media":4797,"comment_status":"open","ping_status":"open","sticky":false,"template":"","format":"standard","meta":{"_acf_changed":false,"rop_custom_images_group":[],"rop_custom_messages_group":[],"rop_publish_now":"initial","rop_publish_now_accounts":[],"rop_publish_now_history":[],"rop_publish_now_status":"pending","footnotes":""},"categories":[16],"tags":[124,416,123],"class_list":["post-4796","post","type-post","status-publish","format-standard","has-post-thumbnail","hentry","category-deportes","tag-david-ortiz","tag-manuel-luna","tag-peloteros-dominicanos"],"acf":[],"yoast_head":"<!-- This site is optimized with the Yoast SEO Premium plugin v24.9 (Yoast SEO v27.2) - https:\/\/yoast.com\/product\/yoast-seo-premium-wordpress\/ -->\n<title>Manuel Luna ser\u00e1 el nuevo representante de David Ortiz en RD - Rep. Dominicana | Noti-America.com<\/title>\n<meta name=\"robots\" content=\"index, follow, max-snippet:-1, max-image-preview:large, max-video-preview:-1\" \/>\n<link rel=\"canonical\" href=\"https:\/\/noti-america.com\/site\/repdom\/2020\/10\/05\/manuel-luna-sera-el-nuevo-representante-de-david-ortiz-en-rd\/\" \/>\n<meta property=\"og:locale\" content=\"es_ES\" \/>\n<meta property=\"og:type\" content=\"article\" \/>\n<meta property=\"og:title\" content=\"Manuel Luna ser\u00e1 el nuevo representante de David Ortiz en RD\" \/>\n<meta property=\"og:description\" content=\"SANTO DOMINGO &#8211; El ex-jugador de Grandes Ligas David Ortiz anunci\u00f3 la designaci\u00f3n de Manuel Luna Sued como su agente para asuntos de comunicaci\u00f3n y representaci\u00f3n para su carrera en el pa\u00eds. El \u201cBig&#046;&#046;&#046;\" \/>\n<meta property=\"og:url\" content=\"https:\/\/noti-america.com\/site\/repdom\/2020\/10\/05\/manuel-luna-sera-el-nuevo-representante-de-david-ortiz-en-rd\/\" \/>\n<meta property=\"og:site_name\" content=\"Rep. Dominicana | Noti-America.com\" \/>\n<meta property=\"article:published_time\" content=\"2020-10-05T15:39:13+00:00\" \/>\n<meta property=\"og:image\" content=\"https:\/\/noti-america.com\/site\/repdom\/wp-content\/uploads\/sites\/6\/2020\/10\/Manuel-Luna.jpg\" \/>\n\t<meta property=\"og:image:width\" content=\"637\" \/>\n\t<meta property=\"og:image:height\" content=\"502\" \/>\n\t<meta property=\"og:image:type\" content=\"image\/jpeg\" \/>\n<meta name=\"author\" content=\"Ad\u00e1n Soriano\" \/>\n<meta name=\"twitter:card\" content=\"summary_large_image\" \/>\n<meta name=\"twitter:creator\" content=\"@adansoriano\" \/>\n<meta name=\"twitter:label1\" content=\"Escrito por\" \/>\n\t<meta name=\"twitter:data1\" content=\"Ad\u00e1n Soriano\" \/>\n\t<meta name=\"twitter:label2\" content=\"Tiempo estimado de lectura\" \/>\n\t<meta name=\"twitter:data2\" content=\"1 minuto\" \/>\n<script type=\"application\/ld+json\" class=\"yoast-schema-graph\">{\"@context\":\"https:\/\/schema.org\",\"@graph\":[{\"@type\":\"Article\",\"@id\":\"https:\/\/noti-america.com\/site\/repdom\/2020\/10\/05\/manuel-luna-sera-el-nuevo-representante-de-david-ortiz-en-rd\/#article\",\"isPartOf\":{\"@id\":\"https:\/\/noti-america.com\/site\/repdom\/2020\/10\/05\/manuel-luna-sera-el-nuevo-representante-de-david-ortiz-en-rd\/\"},\"author\":{\"name\":\"Ad\u00e1n Soriano\",\"@id\":\"https:\/\/noti-america.com\/site\/repdom\/#\/schema\/person\/fd0092c1530d275fabaa5cffcbc2b976\"},\"headline\":\"Manuel Luna ser\u00e1 el nuevo representante de David Ortiz en RD\",\"datePublished\":\"2020-10-05T15:39:13+00:00\",\"mainEntityOfPage\":{\"@id\":\"https:\/\/noti-america.com\/site\/repdom\/2020\/10\/05\/manuel-luna-sera-el-nuevo-representante-de-david-ortiz-en-rd\/\"},\"wordCount\":300,\"commentCount\":0,\"publisher\":{\"@id\":\"https:\/\/noti-america.com\/site\/repdom\/#organization\"},\"image\":{\"@id\":\"https:\/\/noti-america.com\/site\/repdom\/2020\/10\/05\/manuel-luna-sera-el-nuevo-representante-de-david-ortiz-en-rd\/#primaryimage\"},\"thumbnailUrl\":\"https:\/\/noti-america.com\/site\/repdom\/wp-content\/uploads\/sites\/6\/2020\/10\/Manuel-Luna.jpg\",\"keywords\":[\"David Ortiz\",\"Manuel Luna\",\"Peloteros Dominicanos\"],\"articleSection\":[\"Deportes\"],\"inLanguage\":\"es\",\"potentialAction\":[{\"@type\":\"CommentAction\",\"name\":\"Comment\",\"target\":[\"https:\/\/noti-america.com\/site\/repdom\/2020\/10\/05\/manuel-luna-sera-el-nuevo-representante-de-david-ortiz-en-rd\/#respond\"]}]},{\"@type\":\"WebPage\",\"@id\":\"https:\/\/noti-america.com\/site\/repdom\/2020\/10\/05\/manuel-luna-sera-el-nuevo-representante-de-david-ortiz-en-rd\/\",\"url\":\"https:\/\/noti-america.com\/site\/repdom\/2020\/10\/05\/manuel-luna-sera-el-nuevo-representante-de-david-ortiz-en-rd\/\",\"name\":\"Manuel Luna ser\u00e1 el nuevo representante de David Ortiz en RD - Rep. Dominicana | Noti-America.com\",\"isPartOf\":{\"@id\":\"https:\/\/noti-america.com\/site\/repdom\/#website\"},\"primaryImageOfPage\":{\"@id\":\"https:\/\/noti-america.com\/site\/repdom\/2020\/10\/05\/manuel-luna-sera-el-nuevo-representante-de-david-ortiz-en-rd\/#primaryimage\"},\"image\":{\"@id\":\"https:\/\/noti-america.com\/site\/repdom\/2020\/10\/05\/manuel-luna-sera-el-nuevo-representante-de-david-ortiz-en-rd\/#primaryimage\"},\"thumbnailUrl\":\"https:\/\/noti-america.com\/site\/repdom\/wp-content\/uploads\/sites\/6\/2020\/10\/Manuel-Luna.jpg\",\"datePublished\":\"2020-10-05T15:39:13+00:00\",\"breadcrumb\":{\"@id\":\"https:\/\/noti-america.com\/site\/repdom\/2020\/10\/05\/manuel-luna-sera-el-nuevo-representante-de-david-ortiz-en-rd\/#breadcrumb\"},\"inLanguage\":\"es\",\"potentialAction\":[{\"@type\":\"ReadAction\",\"target\":[\"https:\/\/noti-america.com\/site\/repdom\/2020\/10\/05\/manuel-luna-sera-el-nuevo-representante-de-david-ortiz-en-rd\/\"]}]},{\"@type\":\"ImageObject\",\"inLanguage\":\"es\",\"@id\":\"https:\/\/noti-america.com\/site\/repdom\/2020\/10\/05\/manuel-luna-sera-el-nuevo-representante-de-david-ortiz-en-rd\/#primaryimage\",\"url\":\"https:\/\/noti-america.com\/site\/repdom\/wp-content\/uploads\/sites\/6\/2020\/10\/Manuel-Luna.jpg\",\"contentUrl\":\"https:\/\/noti-america.com\/site\/repdom\/wp-content\/uploads\/sites\/6\/2020\/10\/Manuel-Luna.jpg\",\"width\":637,\"height\":502},{\"@type\":\"BreadcrumbList\",\"@id\":\"https:\/\/noti-america.com\/site\/repdom\/2020\/10\/05\/manuel-luna-sera-el-nuevo-representante-de-david-ortiz-en-rd\/#breadcrumb\",\"itemListElement\":[{\"@type\":\"ListItem\",\"position\":1,\"name\":\"Portada\",\"item\":\"https:\/\/noti-america.com\/site\/repdom\/\"},{\"@type\":\"ListItem\",\"position\":2,\"name\":\"Manuel Luna ser\u00e1 el nuevo representante de David Ortiz en RD\"}]},{\"@type\":\"WebSite\",\"@id\":\"https:\/\/noti-america.com\/site\/repdom\/#website\",\"url\":\"https:\/\/noti-america.com\/site\/repdom\/\",\"name\":\"Rep. Dominicana | Noti-America.com\",\"description\":\"\",\"publisher\":{\"@id\":\"https:\/\/noti-america.com\/site\/repdom\/#organization\"},\"potentialAction\":[{\"@type\":\"SearchAction\",\"target\":{\"@type\":\"EntryPoint\",\"urlTemplate\":\"https:\/\/noti-america.com\/site\/repdom\/?s={search_term_string}\"},\"query-input\":{\"@type\":\"PropertyValueSpecification\",\"valueRequired\":true,\"valueName\":\"search_term_string\"}}],\"inLanguage\":\"es\"},{\"@type\":\"Organization\",\"@id\":\"https:\/\/noti-america.com\/site\/repdom\/#organization\",\"name\":\"Noti-America LLC | Rep\u00fablica Dominicana\",\"url\":\"https:\/\/noti-america.com\/site\/repdom\/\",\"logo\":{\"@type\":\"ImageObject\",\"inLanguage\":\"es\",\"@id\":\"https:\/\/noti-america.com\/site\/repdom\/#\/schema\/logo\/image\/\",\"url\":\"https:\/\/noti-america.com\/site\/repdom\/wp-content\/uploads\/sites\/6\/2020\/07\/LogoNA-4x3-1.jpg\",\"contentUrl\":\"https:\/\/noti-america.com\/site\/repdom\/wp-content\/uploads\/sites\/6\/2020\/07\/LogoNA-4x3-1.jpg\",\"width\":1236,\"height\":1080,\"caption\":\"Noti-America LLC | Rep\u00fablica Dominicana\"},\"image\":{\"@id\":\"https:\/\/noti-america.com\/site\/repdom\/#\/schema\/logo\/image\/\"}},{\"@type\":\"Person\",\"@id\":\"https:\/\/noti-america.com\/site\/repdom\/#\/schema\/person\/fd0092c1530d275fabaa5cffcbc2b976\",\"name\":\"Ad\u00e1n Soriano\",\"image\":{\"@type\":\"ImageObject\",\"inLanguage\":\"es\",\"@id\":\"https:\/\/secure.gravatar.com\/avatar\/ecf97ff3aee7ff9efdae670d7e976f3e7e8acc1077e510d73707999a8bfd4467?s=96&d=mm&r=g\",\"url\":\"https:\/\/secure.gravatar.com\/avatar\/ecf97ff3aee7ff9efdae670d7e976f3e7e8acc1077e510d73707999a8bfd4467?s=96&d=mm&r=g\",\"contentUrl\":\"https:\/\/secure.gravatar.com\/avatar\/ecf97ff3aee7ff9efdae670d7e976f3e7e8acc1077e510d73707999a8bfd4467?s=96&d=mm&r=g\",\"caption\":\"Ad\u00e1n Soriano\"},\"description\":\"Soy cronista deportivo con 10 a\u00f1os de experiencia en varios espacios, y conduzco el podcast deportivo llamado Mezcla Deportiva\",\"sameAs\":[\"https:\/\/x.com\/adansoriano\"],\"url\":\"https:\/\/noti-america.com\/site\/repdom\/author\/asoriano\/\"}]}<\/script>\n<!-- \/ Yoast SEO Premium plugin. -->","yoast_head_json":{"title":"Manuel Luna ser\u00e1 el nuevo representante de David Ortiz en RD - Rep. Dominicana | Noti-America.com","robots":{"index":"index","follow":"follow","max-snippet":"max-snippet:-1","max-image-preview":"max-image-preview:large","max-video-preview":"max-video-preview:-1"},"canonical":"https:\/\/noti-america.com\/site\/repdom\/2020\/10\/05\/manuel-luna-sera-el-nuevo-representante-de-david-ortiz-en-rd\/","og_locale":"es_ES","og_type":"article","og_title":"Manuel Luna ser\u00e1 el nuevo representante de David Ortiz en RD","og_description":"SANTO DOMINGO &#8211; El ex-jugador de Grandes Ligas David Ortiz anunci\u00f3 la designaci\u00f3n de Manuel Luna Sued como su agente para asuntos de comunicaci\u00f3n y representaci\u00f3n para su carrera en el pa\u00eds. El \u201cBig&#46;&#46;&#46;","og_url":"https:\/\/noti-america.com\/site\/repdom\/2020\/10\/05\/manuel-luna-sera-el-nuevo-representante-de-david-ortiz-en-rd\/","og_site_name":"Rep. Dominicana | Noti-America.com","article_published_time":"2020-10-05T15:39:13+00:00","og_image":[{"width":637,"height":502,"url":"https:\/\/noti-america.com\/site\/repdom\/wp-content\/uploads\/sites\/6\/2020\/10\/Manuel-Luna.jpg","type":"image\/jpeg"}],"author":"Ad\u00e1n Soriano","twitter_card":"summary_large_image","twitter_creator":"@adansoriano","twitter_misc":{"Escrito por":"Ad\u00e1n Soriano","Tiempo estimado de lectura":"1 minuto"},"schema":{"@context":"https:\/\/schema.org","@graph":[{"@type":"Article","@id":"https:\/\/noti-america.com\/site\/repdom\/2020\/10\/05\/manuel-luna-sera-el-nuevo-representante-de-david-ortiz-en-rd\/#article","isPartOf":{"@id":"https:\/\/noti-america.com\/site\/repdom\/2020\/10\/05\/manuel-luna-sera-el-nuevo-representante-de-david-ortiz-en-rd\/"},"author":{"name":"Ad\u00e1n Soriano","@id":"https:\/\/noti-america.com\/site\/repdom\/#\/schema\/person\/fd0092c1530d275fabaa5cffcbc2b976"},"headline":"Manuel Luna ser\u00e1 el nuevo representante de David Ortiz en RD","datePublished":"2020-10-05T15:39:13+00:00","mainEntityOfPage":{"@id":"https:\/\/noti-america.com\/site\/repdom\/2020\/10\/05\/manuel-luna-sera-el-nuevo-representante-de-david-ortiz-en-rd\/"},"wordCount":300,"commentCount":0,"publisher":{"@id":"https:\/\/noti-america.com\/site\/repdom\/#organization"},"image":{"@id":"https:\/\/noti-america.com\/site\/repdom\/2020\/10\/05\/manuel-luna-sera-el-nuevo-representante-de-david-ortiz-en-rd\/#primaryimage"},"thumbnailUrl":"https:\/\/noti-america.com\/site\/repdom\/wp-content\/uploads\/sites\/6\/2020\/10\/Manuel-Luna.jpg","keywords":["David Ortiz","Manuel Luna","Peloteros Dominicanos"],"articleSection":["Deportes"],"inLanguage":"es","potentialAction":[{"@type":"CommentAction","name":"Comment","target":["https:\/\/noti-america.com\/site\/repdom\/2020\/10\/05\/manuel-luna-sera-el-nuevo-representante-de-david-ortiz-en-rd\/#respond"]}]},{"@type":"WebPage","@id":"https:\/\/noti-america.com\/site\/repdom\/2020\/10\/05\/manuel-luna-sera-el-nuevo-representante-de-david-ortiz-en-rd\/","url":"https:\/\/noti-america.com\/site\/repdom\/2020\/10\/05\/manuel-luna-sera-el-nuevo-representante-de-david-ortiz-en-rd\/","name":"Manuel Luna ser\u00e1 el nuevo representante de David Ortiz en RD - Rep. Dominicana | Noti-America.com","isPartOf":{"@id":"https:\/\/noti-america.com\/site\/repdom\/#website"},"primaryImageOfPage":{"@id":"https:\/\/noti-america.com\/site\/repdom\/2020\/10\/05\/manuel-luna-sera-el-nuevo-representante-de-david-ortiz-en-rd\/#primaryimage"},"image":{"@id":"https:\/\/noti-america.com\/site\/repdom\/2020\/10\/05\/manuel-luna-sera-el-nuevo-representante-de-david-ortiz-en-rd\/#primaryimage"},"thumbnailUrl":"https:\/\/noti-america.com\/site\/repdom\/wp-content\/uploads\/sites\/6\/2020\/10\/Manuel-Luna.jpg","datePublished":"2020-10-05T15:39:13+00:00","breadcrumb":{"@id":"https:\/\/noti-america.com\/site\/repdom\/2020\/10\/05\/manuel-luna-sera-el-nuevo-representante-de-david-ortiz-en-rd\/#breadcrumb"},"inLanguage":"es","potentialAction":[{"@type":"ReadAction","target":["https:\/\/noti-america.com\/site\/repdom\/2020\/10\/05\/manuel-luna-sera-el-nuevo-representante-de-david-ortiz-en-rd\/"]}]},{"@type":"ImageObject","inLanguage":"es","@id":"https:\/\/noti-america.com\/site\/repdom\/2020\/10\/05\/manuel-luna-sera-el-nuevo-representante-de-david-ortiz-en-rd\/#primaryimage","url":"https:\/\/noti-america.com\/site\/repdom\/wp-content\/uploads\/sites\/6\/2020\/10\/Manuel-Luna.jpg","contentUrl":"https:\/\/noti-america.com\/site\/repdom\/wp-content\/uploads\/sites\/6\/2020\/10\/Manuel-Luna.jpg","width":637,"height":502},{"@type":"BreadcrumbList","@id":"https:\/\/noti-america.com\/site\/repdom\/2020\/10\/05\/manuel-luna-sera-el-nuevo-representante-de-david-ortiz-en-rd\/#breadcrumb","itemListElement":[{"@type":"ListItem","position":1,"name":"Portada","item":"https:\/\/noti-america.com\/site\/repdom\/"},{"@type":"ListItem","position":2,"name":"Manuel Luna ser\u00e1 el nuevo representante de David Ortiz en RD"}]},{"@type":"WebSite","@id":"https:\/\/noti-america.com\/site\/repdom\/#website","url":"https:\/\/noti-america.com\/site\/repdom\/","name":"Rep. Dominicana | Noti-America.com","description":"","publisher":{"@id":"https:\/\/noti-america.com\/site\/repdom\/#organization"},"potentialAction":[{"@type":"SearchAction","target":{"@type":"EntryPoint","urlTemplate":"https:\/\/noti-america.com\/site\/repdom\/?s={search_term_string}"},"query-input":{"@type":"PropertyValueSpecification","valueRequired":true,"valueName":"search_term_string"}}],"inLanguage":"es"},{"@type":"Organization","@id":"https:\/\/noti-america.com\/site\/repdom\/#organization","name":"Noti-America LLC | Rep\u00fablica Dominicana","url":"https:\/\/noti-america.com\/site\/repdom\/","logo":{"@type":"ImageObject","inLanguage":"es","@id":"https:\/\/noti-america.com\/site\/repdom\/#\/schema\/logo\/image\/","url":"https:\/\/noti-america.com\/site\/repdom\/wp-content\/uploads\/sites\/6\/2020\/07\/LogoNA-4x3-1.jpg","contentUrl":"https:\/\/noti-america.com\/site\/repdom\/wp-content\/uploads\/sites\/6\/2020\/07\/LogoNA-4x3-1.jpg","width":1236,"height":1080,"caption":"Noti-America LLC | Rep\u00fablica Dominicana"},"image":{"@id":"https:\/\/noti-america.com\/site\/repdom\/#\/schema\/logo\/image\/"}},{"@type":"Person","@id":"https:\/\/noti-america.com\/site\/repdom\/#\/schema\/person\/fd0092c1530d275fabaa5cffcbc2b976","name":"Ad\u00e1n Soriano","image":{"@type":"ImageObject","inLanguage":"es","@id":"https:\/\/secure.gravatar.com\/avatar\/ecf97ff3aee7ff9efdae670d7e976f3e7e8acc1077e510d73707999a8bfd4467?s=96&d=mm&r=g","url":"https:\/\/secure.gravatar.com\/avatar\/ecf97ff3aee7ff9efdae670d7e976f3e7e8acc1077e510d73707999a8bfd4467?s=96&d=mm&r=g","contentUrl":"https:\/\/secure.gravatar.com\/avatar\/ecf97ff3aee7ff9efdae670d7e976f3e7e8acc1077e510d73707999a8bfd4467?s=96&d=mm&r=g","caption":"Ad\u00e1n Soriano"},"description":"Soy cronista deportivo con 10 a\u00f1os de experiencia en varios espacios, y conduzco el podcast deportivo llamado Mezcla Deportiva","sameAs":["https:\/\/x.com\/adansoriano"],"url":"https:\/\/noti-america.com\/site\/repdom\/author\/asoriano\/"}]}},"_links":{"self":[{"href":"https:\/\/noti-america.com\/site\/repdom\/wp-json\/wp\/v2\/posts\/4796","targetHints":{"allow":["GET"]}}],"collection":[{"href":"https:\/\/noti-america.com\/site\/repdom\/wp-json\/wp\/v2\/posts"}],"about":[{"href":"https:\/\/noti-america.com\/site\/repdom\/wp-json\/wp\/v2\/types\/post"}],"author":[{"embeddable":true,"href":"https:\/\/noti-america.com\/site\/repdom\/wp-json\/wp\/v2\/users\/89"}],"replies":[{"embeddable":true,"href":"https:\/\/noti-america.com\/site\/repdom\/wp-json\/wp\/v2\/comments?post=4796"}],"version-history":[{"count":1,"href":"https:\/\/noti-america.com\/site\/repdom\/wp-json\/wp\/v2\/posts\/4796\/revisions"}],"predecessor-version":[{"id":4798,"href":"https:\/\/noti-america.com\/site\/repdom\/wp-json\/wp\/v2\/posts\/4796\/revisions\/4798"}],"wp:featuredmedia":[{"embeddable":true,"href":"https:\/\/noti-america.com\/site\/repdom\/wp-json\/wp\/v2\/media\/4797"}],"wp:attachment":[{"href":"https:\/\/noti-america.com\/site\/repdom\/wp-json\/wp\/v2\/media?parent=4796"}],"wp:term":[{"taxonomy":"category","embeddable":true,"href":"https:\/\/noti-america.com\/site\/repdom\/wp-json\/wp\/v2\/categories?post=4796"},{"taxonomy":"post_tag","embeddable":true,"href":"https:\/\/noti-america.com\/site\/repdom\/wp-json\/wp\/v2\/tags?post=4796"}],"curies":[{"name":"wp","href":"https:\/\/api.w.org\/{rel}","templated":true}]}}