{"id":4627,"date":"2020-09-29T22:42:09","date_gmt":"2020-09-29T22:42:09","guid":{"rendered":"https:\/\/noti-america.com\/site\/repdom\/?p=4627"},"modified":"2020-09-29T22:42:09","modified_gmt":"2020-09-29T22:42:09","slug":"anje-celebraran-v-edicion-conferencia-de-empresas-familiares","status":"publish","type":"post","link":"https:\/\/noti-america.com\/site\/repdom\/2020\/09\/29\/anje-celebraran-v-edicion-conferencia-de-empresas-familiares\/","title":{"rendered":"ANJE CELEBRAR\u00c1N V EDICI\u00d3N CONFERENCIA DE EMPRESAS FAMILIARES"},"content":{"rendered":"<p><strong>NOTIAM\u00c9RICA (REP\u00daBLICA DOMINICANA)<\/strong><\/p>\n<p>&nbsp;<\/p>\n<p><strong>Santo Domingo,RD.<\/strong><\/p>\n<p><b><span lang=\"ES\">J\u00d3VENES EMPRESARIOS CELEBRAR\u00c1N V EDICI\u00d3N CONFERENCIA DE EMPRESAS FAMILIARES<\/span><\/b><\/p>\n<ul>\n<li style=\"font-weight: 400\"><em>Esta es la cuarta edici\u00f3n de la Conferencia de Empresas Familiares y tendr\u00e1 como eje principal \u201cLiderando en la Transformaci\u00f3n\u201d.<\/em><\/li>\n<li style=\"font-weight: 400\"><em>La conferencia contar\u00e1 con renombrados expositores internacionales y dominicanos.<\/em><\/li>\n<\/ul>\n<p style=\"font-weight: 400;text-align: justify\">La Asociaci\u00f3n Nacional de J\u00f3venes Empresarios (ANJE) anunci\u00f3 la celebraci\u00f3n de la V edici\u00f3n de la Conferencia de Empresas Familiares: Liderando en la Transformaci\u00f3n, a realizarse de manera virtual el martes 29 de septiembre de 2020, a partir de las 6:00 p.m.<\/p>\n<p style=\"font-weight: 400;text-align: justify\"><em>\u201cLas empresas familiares contin\u00faan siendo protagonistas del desarrollo de la econom\u00eda local y mundial. En Rep\u00fablica Dominicana las empresas familiares constituyendo aproximadamente un 27% del PIB.\u00a0El 2020 ha sido un a\u00f1o marcado por la pandemia global del COVID-19, obligando a todas las empresas del mundo a tener que replantear su forma de pensar y hacer negocios, no estando las empresas familiares exentas de esta realidad. El sector empresarial, y muy especialmente las empresas familiares, enfrentan el reto de transformar desde el seno familiar el ecosistema empresarial.\u00a0<\/em><em>En su V edici\u00f3n la Conferencia de Empresas Familiares nos hace una invitaci\u00f3n a reorientar la forma de gerenciar ante nuevos desaf\u00edos, a liderar el cambio y a mantener nuestros valores familiares m\u00e1s firmes de cara a las transformaciones que se avecinan,\u201d\u00a0<\/em>indic\u00f3 el presidente de ANJE, Radham\u00e9s Mart\u00ednez \u00c1lvarez.<\/p>\n<p style=\"font-weight: 400;text-align: justify\">La cartelera de expositores de esta edici\u00f3n cuenta con Lauri Union, Directora Ejecutiva del Instituto de Emprendimiento Familiar de Babson College de Boston, Massachusetts; Lisa M. Morel, Directora de Exaudi Family Business Consulting y Miembro de la Junta Directiva del\u00a0<a href=\"https:\/\/www.linkedin.com\/company\/the-family-firm-institute?trk=public_profile_experience-item_result-card_subtitle-click\" data-saferedirecturl=\"https:\/\/www.google.com\/url?q=https:\/\/www.linkedin.com\/company\/the-family-firm-institute?trk%3Dpublic_profile_experience-item_result-card_subtitle-click&amp;source=gmail&amp;ust=1601480423546000&amp;usg=AFQjCNEAwwgTRw1VQbKn5gma5RVpNpoFTg\">Family Firm Institute\u00a0<\/a>(FFI); y Felipe Pag\u00e9s, CEO de Pag\u00e9s BBDO y vicepresidente de Pag\u00e9s Grupo.<\/p>\n<p style=\"font-weight: 400;text-align: justify\">Los j\u00f3venes empresarios manifestaron que para ANJE resulta clave crear espacios como estos, con el fin de dar a conocer las tendencias que impactar\u00e1n a las empresas familiares en su forma de relacionarse y de hacer negocios.<\/p>\n<p style=\"font-weight: 400;text-align: justify\">Para esta iniciativa ANJE cuenta con el respaldo de importantes empresas, como lo son: Banco Popular, AFP Siembra, Excel Puesto de Bolsa, Jim\u00e9nez Pe\u00f1a, SCHAD,\u00a0Contact Centers Dominicana y\u00a0La Nacional.<\/p>\n<p style=\"font-weight: 400;text-align: justify\">Los interesados en acceder al evento pueden comunicarse a los tel\u00e9fonos\u00a0809-472-0444 o al correo electr\u00f3nico:\u00a0<a href=\"mailto:anje@anje.org\">anje@anje.org<\/a><\/p>\n","protected":false},"excerpt":{"rendered":"<p>NOTIAM\u00c9RICA (REP\u00daBLICA DOMINICANA) &nbsp; Santo Domingo,RD. J\u00d3VENES EMPRESARIOS CELEBRAR\u00c1N V EDICI\u00d3N CONFERENCIA DE EMPRESAS FAMILIARES Esta es la cuarta edici\u00f3n de la Conferencia de Empresas Familiares y tendr\u00e1 como eje principal \u201cLiderando en la&#46;&#46;&#46;<\/p>\n","protected":false},"author":87,"featured_media":4628,"comment_status":"open","ping_status":"open","sticky":false,"template":"","format":"image","meta":{"_acf_changed":false,"rop_custom_images_group":[],"rop_custom_messages_group":[],"rop_publish_now":"initial","rop_publish_now_accounts":[],"rop_publish_now_history":[],"rop_publish_now_status":"pending","footnotes":""},"categories":[10,163],"tags":[],"class_list":["post-4627","post","type-post","status-publish","format-image","has-post-thumbnail","hentry","category-actualidad","category-empresarios","post_format-post-format-image"],"acf":[],"yoast_head":"<!-- This site is optimized with the Yoast SEO Premium plugin v24.9 (Yoast SEO v27.2) - https:\/\/yoast.com\/product\/yoast-seo-premium-wordpress\/ -->\n<title>ANJE CELEBRAR\u00c1N V EDICI\u00d3N CONFERENCIA DE EMPRESAS FAMILIARES - Rep. Dominicana | Noti-America.com<\/title>\n<meta name=\"robots\" content=\"index, follow, max-snippet:-1, max-image-preview:large, max-video-preview:-1\" \/>\n<link rel=\"canonical\" href=\"https:\/\/noti-america.com\/site\/repdom\/2020\/09\/29\/anje-celebraran-v-edicion-conferencia-de-empresas-familiares\/\" \/>\n<meta property=\"og:locale\" content=\"es_ES\" \/>\n<meta property=\"og:type\" content=\"article\" \/>\n<meta property=\"og:title\" content=\"ANJE CELEBRAR\u00c1N V EDICI\u00d3N CONFERENCIA DE EMPRESAS FAMILIARES\" \/>\n<meta property=\"og:description\" content=\"NOTIAM\u00c9RICA (REP\u00daBLICA DOMINICANA) &nbsp; Santo Domingo,RD. J\u00d3VENES EMPRESARIOS CELEBRAR\u00c1N V EDICI\u00d3N CONFERENCIA DE EMPRESAS FAMILIARES Esta es la cuarta edici\u00f3n de la Conferencia de Empresas Familiares y tendr\u00e1 como eje principal \u201cLiderando en la&#046;&#046;&#046;\" \/>\n<meta property=\"og:url\" content=\"https:\/\/noti-america.com\/site\/repdom\/2020\/09\/29\/anje-celebraran-v-edicion-conferencia-de-empresas-familiares\/\" \/>\n<meta property=\"og:site_name\" content=\"Rep. Dominicana | Noti-America.com\" \/>\n<meta property=\"article:published_time\" content=\"2020-09-29T22:42:09+00:00\" \/>\n<meta property=\"og:image\" content=\"https:\/\/noti-america.com\/site\/repdom\/wp-content\/uploads\/sites\/6\/2020\/09\/Radhames-Martinez-Presidente-de-ANJE-ANJE-firma-acuerdo-con-Participacion-Ciudadana-071-41-e1596994644581.jpg\" \/>\n\t<meta property=\"og:image:width\" content=\"1160\" \/>\n\t<meta property=\"og:image:height\" content=\"773\" \/>\n\t<meta property=\"og:image:type\" content=\"image\/jpeg\" \/>\n<meta name=\"author\" content=\"CAMH\" \/>\n<meta name=\"twitter:card\" content=\"summary_large_image\" \/>\n<meta name=\"twitter:label1\" content=\"Escrito por\" \/>\n\t<meta name=\"twitter:data1\" content=\"CAMH\" \/>\n\t<meta name=\"twitter:label2\" content=\"Tiempo estimado de lectura\" \/>\n\t<meta name=\"twitter:data2\" content=\"2 minutos\" \/>\n<script type=\"application\/ld+json\" class=\"yoast-schema-graph\">{\"@context\":\"https:\/\/schema.org\",\"@graph\":[{\"@type\":\"Article\",\"@id\":\"https:\/\/noti-america.com\/site\/repdom\/2020\/09\/29\/anje-celebraran-v-edicion-conferencia-de-empresas-familiares\/#article\",\"isPartOf\":{\"@id\":\"https:\/\/noti-america.com\/site\/repdom\/2020\/09\/29\/anje-celebraran-v-edicion-conferencia-de-empresas-familiares\/\"},\"author\":{\"name\":\"CAMH\",\"@id\":\"https:\/\/noti-america.com\/site\/repdom\/#\/schema\/person\/e13880b4308eea6926b271284605ef72\"},\"headline\":\"ANJE CELEBRAR\u00c1N V EDICI\u00d3N CONFERENCIA DE EMPRESAS FAMILIARES\",\"datePublished\":\"2020-09-29T22:42:09+00:00\",\"mainEntityOfPage\":{\"@id\":\"https:\/\/noti-america.com\/site\/repdom\/2020\/09\/29\/anje-celebraran-v-edicion-conferencia-de-empresas-familiares\/\"},\"wordCount\":406,\"commentCount\":0,\"publisher\":{\"@id\":\"https:\/\/noti-america.com\/site\/repdom\/#organization\"},\"image\":{\"@id\":\"https:\/\/noti-america.com\/site\/repdom\/2020\/09\/29\/anje-celebraran-v-edicion-conferencia-de-empresas-familiares\/#primaryimage\"},\"thumbnailUrl\":\"https:\/\/noti-america.com\/site\/repdom\/wp-content\/uploads\/sites\/6\/2020\/09\/Radhames-Martinez-Presidente-de-ANJE-ANJE-firma-acuerdo-con-Participacion-Ciudadana-071-41-e1596994644581.jpg\",\"articleSection\":[\"Actualidad\",\"Empresarios\"],\"inLanguage\":\"es\",\"potentialAction\":[{\"@type\":\"CommentAction\",\"name\":\"Comment\",\"target\":[\"https:\/\/noti-america.com\/site\/repdom\/2020\/09\/29\/anje-celebraran-v-edicion-conferencia-de-empresas-familiares\/#respond\"]}]},{\"@type\":\"WebPage\",\"@id\":\"https:\/\/noti-america.com\/site\/repdom\/2020\/09\/29\/anje-celebraran-v-edicion-conferencia-de-empresas-familiares\/\",\"url\":\"https:\/\/noti-america.com\/site\/repdom\/2020\/09\/29\/anje-celebraran-v-edicion-conferencia-de-empresas-familiares\/\",\"name\":\"ANJE CELEBRAR\u00c1N V EDICI\u00d3N CONFERENCIA DE EMPRESAS FAMILIARES - Rep. Dominicana | Noti-America.com\",\"isPartOf\":{\"@id\":\"https:\/\/noti-america.com\/site\/repdom\/#website\"},\"primaryImageOfPage\":{\"@id\":\"https:\/\/noti-america.com\/site\/repdom\/2020\/09\/29\/anje-celebraran-v-edicion-conferencia-de-empresas-familiares\/#primaryimage\"},\"image\":{\"@id\":\"https:\/\/noti-america.com\/site\/repdom\/2020\/09\/29\/anje-celebraran-v-edicion-conferencia-de-empresas-familiares\/#primaryimage\"},\"thumbnailUrl\":\"https:\/\/noti-america.com\/site\/repdom\/wp-content\/uploads\/sites\/6\/2020\/09\/Radhames-Martinez-Presidente-de-ANJE-ANJE-firma-acuerdo-con-Participacion-Ciudadana-071-41-e1596994644581.jpg\",\"datePublished\":\"2020-09-29T22:42:09+00:00\",\"breadcrumb\":{\"@id\":\"https:\/\/noti-america.com\/site\/repdom\/2020\/09\/29\/anje-celebraran-v-edicion-conferencia-de-empresas-familiares\/#breadcrumb\"},\"inLanguage\":\"es\",\"potentialAction\":[{\"@type\":\"ReadAction\",\"target\":[\"https:\/\/noti-america.com\/site\/repdom\/2020\/09\/29\/anje-celebraran-v-edicion-conferencia-de-empresas-familiares\/\"]}]},{\"@type\":\"ImageObject\",\"inLanguage\":\"es\",\"@id\":\"https:\/\/noti-america.com\/site\/repdom\/2020\/09\/29\/anje-celebraran-v-edicion-conferencia-de-empresas-familiares\/#primaryimage\",\"url\":\"https:\/\/noti-america.com\/site\/repdom\/wp-content\/uploads\/sites\/6\/2020\/09\/Radhames-Martinez-Presidente-de-ANJE-ANJE-firma-acuerdo-con-Participacion-Ciudadana-071-41-e1596994644581.jpg\",\"contentUrl\":\"https:\/\/noti-america.com\/site\/repdom\/wp-content\/uploads\/sites\/6\/2020\/09\/Radhames-Martinez-Presidente-de-ANJE-ANJE-firma-acuerdo-con-Participacion-Ciudadana-071-41-e1596994644581.jpg\",\"width\":1160,\"height\":773},{\"@type\":\"BreadcrumbList\",\"@id\":\"https:\/\/noti-america.com\/site\/repdom\/2020\/09\/29\/anje-celebraran-v-edicion-conferencia-de-empresas-familiares\/#breadcrumb\",\"itemListElement\":[{\"@type\":\"ListItem\",\"position\":1,\"name\":\"Portada\",\"item\":\"https:\/\/noti-america.com\/site\/repdom\/\"},{\"@type\":\"ListItem\",\"position\":2,\"name\":\"ANJE CELEBRAR\u00c1N V EDICI\u00d3N CONFERENCIA DE EMPRESAS FAMILIARES\"}]},{\"@type\":\"WebSite\",\"@id\":\"https:\/\/noti-america.com\/site\/repdom\/#website\",\"url\":\"https:\/\/noti-america.com\/site\/repdom\/\",\"name\":\"Rep. Dominicana | Noti-America.com\",\"description\":\"\",\"publisher\":{\"@id\":\"https:\/\/noti-america.com\/site\/repdom\/#organization\"},\"potentialAction\":[{\"@type\":\"SearchAction\",\"target\":{\"@type\":\"EntryPoint\",\"urlTemplate\":\"https:\/\/noti-america.com\/site\/repdom\/?s={search_term_string}\"},\"query-input\":{\"@type\":\"PropertyValueSpecification\",\"valueRequired\":true,\"valueName\":\"search_term_string\"}}],\"inLanguage\":\"es\"},{\"@type\":\"Organization\",\"@id\":\"https:\/\/noti-america.com\/site\/repdom\/#organization\",\"name\":\"Noti-America LLC | Rep\u00fablica Dominicana\",\"url\":\"https:\/\/noti-america.com\/site\/repdom\/\",\"logo\":{\"@type\":\"ImageObject\",\"inLanguage\":\"es\",\"@id\":\"https:\/\/noti-america.com\/site\/repdom\/#\/schema\/logo\/image\/\",\"url\":\"https:\/\/noti-america.com\/site\/repdom\/wp-content\/uploads\/sites\/6\/2020\/07\/LogoNA-4x3-1.jpg\",\"contentUrl\":\"https:\/\/noti-america.com\/site\/repdom\/wp-content\/uploads\/sites\/6\/2020\/07\/LogoNA-4x3-1.jpg\",\"width\":1236,\"height\":1080,\"caption\":\"Noti-America LLC | Rep\u00fablica Dominicana\"},\"image\":{\"@id\":\"https:\/\/noti-america.com\/site\/repdom\/#\/schema\/logo\/image\/\"}},{\"@type\":\"Person\",\"@id\":\"https:\/\/noti-america.com\/site\/repdom\/#\/schema\/person\/e13880b4308eea6926b271284605ef72\",\"name\":\"CAMH\",\"image\":{\"@type\":\"ImageObject\",\"inLanguage\":\"es\",\"@id\":\"https:\/\/secure.gravatar.com\/avatar\/82aa99c723cbed2b304797bc218a5542b5a94d7f5d0ba3b39650aef53c28ecf5?s=96&d=mm&r=g\",\"url\":\"https:\/\/secure.gravatar.com\/avatar\/82aa99c723cbed2b304797bc218a5542b5a94d7f5d0ba3b39650aef53c28ecf5?s=96&d=mm&r=g\",\"contentUrl\":\"https:\/\/secure.gravatar.com\/avatar\/82aa99c723cbed2b304797bc218a5542b5a94d7f5d0ba3b39650aef53c28ecf5?s=96&d=mm&r=g\",\"caption\":\"CAMH\"},\"url\":\"https:\/\/noti-america.com\/site\/repdom\/author\/cmitchell\/\"}]}<\/script>\n<!-- \/ Yoast SEO Premium plugin. -->","yoast_head_json":{"title":"ANJE CELEBRAR\u00c1N V EDICI\u00d3N CONFERENCIA DE EMPRESAS FAMILIARES - Rep. Dominicana | Noti-America.com","robots":{"index":"index","follow":"follow","max-snippet":"max-snippet:-1","max-image-preview":"max-image-preview:large","max-video-preview":"max-video-preview:-1"},"canonical":"https:\/\/noti-america.com\/site\/repdom\/2020\/09\/29\/anje-celebraran-v-edicion-conferencia-de-empresas-familiares\/","og_locale":"es_ES","og_type":"article","og_title":"ANJE CELEBRAR\u00c1N V EDICI\u00d3N CONFERENCIA DE EMPRESAS FAMILIARES","og_description":"NOTIAM\u00c9RICA (REP\u00daBLICA DOMINICANA) &nbsp; Santo Domingo,RD. J\u00d3VENES EMPRESARIOS CELEBRAR\u00c1N V EDICI\u00d3N CONFERENCIA DE EMPRESAS FAMILIARES Esta es la cuarta edici\u00f3n de la Conferencia de Empresas Familiares y tendr\u00e1 como eje principal \u201cLiderando en la&#46;&#46;&#46;","og_url":"https:\/\/noti-america.com\/site\/repdom\/2020\/09\/29\/anje-celebraran-v-edicion-conferencia-de-empresas-familiares\/","og_site_name":"Rep. Dominicana | Noti-America.com","article_published_time":"2020-09-29T22:42:09+00:00","og_image":[{"width":1160,"height":773,"url":"https:\/\/noti-america.com\/site\/repdom\/wp-content\/uploads\/sites\/6\/2020\/09\/Radhames-Martinez-Presidente-de-ANJE-ANJE-firma-acuerdo-con-Participacion-Ciudadana-071-41-e1596994644581.jpg","type":"image\/jpeg"}],"author":"CAMH","twitter_card":"summary_large_image","twitter_misc":{"Escrito por":"CAMH","Tiempo estimado de lectura":"2 minutos"},"schema":{"@context":"https:\/\/schema.org","@graph":[{"@type":"Article","@id":"https:\/\/noti-america.com\/site\/repdom\/2020\/09\/29\/anje-celebraran-v-edicion-conferencia-de-empresas-familiares\/#article","isPartOf":{"@id":"https:\/\/noti-america.com\/site\/repdom\/2020\/09\/29\/anje-celebraran-v-edicion-conferencia-de-empresas-familiares\/"},"author":{"name":"CAMH","@id":"https:\/\/noti-america.com\/site\/repdom\/#\/schema\/person\/e13880b4308eea6926b271284605ef72"},"headline":"ANJE CELEBRAR\u00c1N V EDICI\u00d3N CONFERENCIA DE EMPRESAS FAMILIARES","datePublished":"2020-09-29T22:42:09+00:00","mainEntityOfPage":{"@id":"https:\/\/noti-america.com\/site\/repdom\/2020\/09\/29\/anje-celebraran-v-edicion-conferencia-de-empresas-familiares\/"},"wordCount":406,"commentCount":0,"publisher":{"@id":"https:\/\/noti-america.com\/site\/repdom\/#organization"},"image":{"@id":"https:\/\/noti-america.com\/site\/repdom\/2020\/09\/29\/anje-celebraran-v-edicion-conferencia-de-empresas-familiares\/#primaryimage"},"thumbnailUrl":"https:\/\/noti-america.com\/site\/repdom\/wp-content\/uploads\/sites\/6\/2020\/09\/Radhames-Martinez-Presidente-de-ANJE-ANJE-firma-acuerdo-con-Participacion-Ciudadana-071-41-e1596994644581.jpg","articleSection":["Actualidad","Empresarios"],"inLanguage":"es","potentialAction":[{"@type":"CommentAction","name":"Comment","target":["https:\/\/noti-america.com\/site\/repdom\/2020\/09\/29\/anje-celebraran-v-edicion-conferencia-de-empresas-familiares\/#respond"]}]},{"@type":"WebPage","@id":"https:\/\/noti-america.com\/site\/repdom\/2020\/09\/29\/anje-celebraran-v-edicion-conferencia-de-empresas-familiares\/","url":"https:\/\/noti-america.com\/site\/repdom\/2020\/09\/29\/anje-celebraran-v-edicion-conferencia-de-empresas-familiares\/","name":"ANJE CELEBRAR\u00c1N V EDICI\u00d3N CONFERENCIA DE EMPRESAS FAMILIARES - Rep. Dominicana | Noti-America.com","isPartOf":{"@id":"https:\/\/noti-america.com\/site\/repdom\/#website"},"primaryImageOfPage":{"@id":"https:\/\/noti-america.com\/site\/repdom\/2020\/09\/29\/anje-celebraran-v-edicion-conferencia-de-empresas-familiares\/#primaryimage"},"image":{"@id":"https:\/\/noti-america.com\/site\/repdom\/2020\/09\/29\/anje-celebraran-v-edicion-conferencia-de-empresas-familiares\/#primaryimage"},"thumbnailUrl":"https:\/\/noti-america.com\/site\/repdom\/wp-content\/uploads\/sites\/6\/2020\/09\/Radhames-Martinez-Presidente-de-ANJE-ANJE-firma-acuerdo-con-Participacion-Ciudadana-071-41-e1596994644581.jpg","datePublished":"2020-09-29T22:42:09+00:00","breadcrumb":{"@id":"https:\/\/noti-america.com\/site\/repdom\/2020\/09\/29\/anje-celebraran-v-edicion-conferencia-de-empresas-familiares\/#breadcrumb"},"inLanguage":"es","potentialAction":[{"@type":"ReadAction","target":["https:\/\/noti-america.com\/site\/repdom\/2020\/09\/29\/anje-celebraran-v-edicion-conferencia-de-empresas-familiares\/"]}]},{"@type":"ImageObject","inLanguage":"es","@id":"https:\/\/noti-america.com\/site\/repdom\/2020\/09\/29\/anje-celebraran-v-edicion-conferencia-de-empresas-familiares\/#primaryimage","url":"https:\/\/noti-america.com\/site\/repdom\/wp-content\/uploads\/sites\/6\/2020\/09\/Radhames-Martinez-Presidente-de-ANJE-ANJE-firma-acuerdo-con-Participacion-Ciudadana-071-41-e1596994644581.jpg","contentUrl":"https:\/\/noti-america.com\/site\/repdom\/wp-content\/uploads\/sites\/6\/2020\/09\/Radhames-Martinez-Presidente-de-ANJE-ANJE-firma-acuerdo-con-Participacion-Ciudadana-071-41-e1596994644581.jpg","width":1160,"height":773},{"@type":"BreadcrumbList","@id":"https:\/\/noti-america.com\/site\/repdom\/2020\/09\/29\/anje-celebraran-v-edicion-conferencia-de-empresas-familiares\/#breadcrumb","itemListElement":[{"@type":"ListItem","position":1,"name":"Portada","item":"https:\/\/noti-america.com\/site\/repdom\/"},{"@type":"ListItem","position":2,"name":"ANJE CELEBRAR\u00c1N V EDICI\u00d3N CONFERENCIA DE EMPRESAS FAMILIARES"}]},{"@type":"WebSite","@id":"https:\/\/noti-america.com\/site\/repdom\/#website","url":"https:\/\/noti-america.com\/site\/repdom\/","name":"Rep. Dominicana | Noti-America.com","description":"","publisher":{"@id":"https:\/\/noti-america.com\/site\/repdom\/#organization"},"potentialAction":[{"@type":"SearchAction","target":{"@type":"EntryPoint","urlTemplate":"https:\/\/noti-america.com\/site\/repdom\/?s={search_term_string}"},"query-input":{"@type":"PropertyValueSpecification","valueRequired":true,"valueName":"search_term_string"}}],"inLanguage":"es"},{"@type":"Organization","@id":"https:\/\/noti-america.com\/site\/repdom\/#organization","name":"Noti-America LLC | Rep\u00fablica Dominicana","url":"https:\/\/noti-america.com\/site\/repdom\/","logo":{"@type":"ImageObject","inLanguage":"es","@id":"https:\/\/noti-america.com\/site\/repdom\/#\/schema\/logo\/image\/","url":"https:\/\/noti-america.com\/site\/repdom\/wp-content\/uploads\/sites\/6\/2020\/07\/LogoNA-4x3-1.jpg","contentUrl":"https:\/\/noti-america.com\/site\/repdom\/wp-content\/uploads\/sites\/6\/2020\/07\/LogoNA-4x3-1.jpg","width":1236,"height":1080,"caption":"Noti-America LLC | Rep\u00fablica Dominicana"},"image":{"@id":"https:\/\/noti-america.com\/site\/repdom\/#\/schema\/logo\/image\/"}},{"@type":"Person","@id":"https:\/\/noti-america.com\/site\/repdom\/#\/schema\/person\/e13880b4308eea6926b271284605ef72","name":"CAMH","image":{"@type":"ImageObject","inLanguage":"es","@id":"https:\/\/secure.gravatar.com\/avatar\/82aa99c723cbed2b304797bc218a5542b5a94d7f5d0ba3b39650aef53c28ecf5?s=96&d=mm&r=g","url":"https:\/\/secure.gravatar.com\/avatar\/82aa99c723cbed2b304797bc218a5542b5a94d7f5d0ba3b39650aef53c28ecf5?s=96&d=mm&r=g","contentUrl":"https:\/\/secure.gravatar.com\/avatar\/82aa99c723cbed2b304797bc218a5542b5a94d7f5d0ba3b39650aef53c28ecf5?s=96&d=mm&r=g","caption":"CAMH"},"url":"https:\/\/noti-america.com\/site\/repdom\/author\/cmitchell\/"}]}},"_links":{"self":[{"href":"https:\/\/noti-america.com\/site\/repdom\/wp-json\/wp\/v2\/posts\/4627","targetHints":{"allow":["GET"]}}],"collection":[{"href":"https:\/\/noti-america.com\/site\/repdom\/wp-json\/wp\/v2\/posts"}],"about":[{"href":"https:\/\/noti-america.com\/site\/repdom\/wp-json\/wp\/v2\/types\/post"}],"author":[{"embeddable":true,"href":"https:\/\/noti-america.com\/site\/repdom\/wp-json\/wp\/v2\/users\/87"}],"replies":[{"embeddable":true,"href":"https:\/\/noti-america.com\/site\/repdom\/wp-json\/wp\/v2\/comments?post=4627"}],"version-history":[{"count":1,"href":"https:\/\/noti-america.com\/site\/repdom\/wp-json\/wp\/v2\/posts\/4627\/revisions"}],"predecessor-version":[{"id":4629,"href":"https:\/\/noti-america.com\/site\/repdom\/wp-json\/wp\/v2\/posts\/4627\/revisions\/4629"}],"wp:featuredmedia":[{"embeddable":true,"href":"https:\/\/noti-america.com\/site\/repdom\/wp-json\/wp\/v2\/media\/4628"}],"wp:attachment":[{"href":"https:\/\/noti-america.com\/site\/repdom\/wp-json\/wp\/v2\/media?parent=4627"}],"wp:term":[{"taxonomy":"category","embeddable":true,"href":"https:\/\/noti-america.com\/site\/repdom\/wp-json\/wp\/v2\/categories?post=4627"},{"taxonomy":"post_tag","embeddable":true,"href":"https:\/\/noti-america.com\/site\/repdom\/wp-json\/wp\/v2\/tags?post=4627"}],"curies":[{"name":"wp","href":"https:\/\/api.w.org\/{rel}","templated":true}]}}