{"id":4586,"date":"2020-09-28T12:50:51","date_gmt":"2020-09-28T12:50:51","guid":{"rendered":"https:\/\/noti-america.com\/site\/repdom\/?p=4586"},"modified":"2020-09-28T12:50:51","modified_gmt":"2020-09-28T12:50:51","slug":"el-calor-seguira-en-el-pais-hasta-finales-de-noviembre-segun-la-onamet-las-altas-temperaturas-que-se-registran-son-propias-de-los-paises-tropicales-en-esta-epoca-2","status":"publish","type":"post","link":"https:\/\/noti-america.com\/site\/repdom\/2020\/09\/28\/el-calor-seguira-en-el-pais-hasta-finales-de-noviembre-segun-la-onamet-las-altas-temperaturas-que-se-registran-son-propias-de-los-paises-tropicales-en-esta-epoca-2\/","title":{"rendered":"El calor seguir\u00e1 en el pa\u00eds hasta finales de noviembre, seg\u00fan la Onamet Las altas temperaturas que se registran son propias de los pa\u00edses tropicales en esta \u00e9poca"},"content":{"rendered":"<p style=\"text-align: justify\"><img loading=\"lazy\" decoding=\"async\" class=\"alignnone size-medium wp-image-4587\" src=\"https:\/\/noti-america.com\/site\/repdom\/wp-content\/uploads\/sites\/6\/2020\/09\/CALOR-300x192.jpg\" alt=\"\" width=\"300\" height=\"192\" srcset=\"https:\/\/noti-america.com\/site\/repdom\/wp-content\/uploads\/sites\/6\/2020\/09\/CALOR-300x192.jpg 300w, https:\/\/noti-america.com\/site\/repdom\/wp-content\/uploads\/sites\/6\/2020\/09\/CALOR.jpg 546w\" sizes=\"auto, (max-width: 300px) 100vw, 300px\" \/><\/p>\n<p style=\"text-align: justify\">Noti-America Rep. Dominicana<\/p>\n<p>&nbsp;<\/p>\n<p style=\"text-align: justify\">Los dominicanos se quejan del constante calor que sienten.<\/p>\n<div id=\"\" class=\"portlet-boundary portlet-static-end content-viewer-portlet last full-access norestricted\" style=\"text-align: justify\">\n<div class=\"mb-md-1 pb- pb-md-0 ytu\">\n<div class=\"cl\">Las altas temperaturas que se registran desde hace semanas en la Rep\u00fablica Dominicana, y que provocan en la poblaci\u00f3n un calor desesperante durante todo el d\u00eda, continuar\u00e1n hasta finales de noviembre.<\/div>\n<\/div>\n<\/div>\n<div id=\"\" class=\"portlet-boundary portlet-static-end content-viewer-portlet last full-access norestricted\">\n<div class=\"text\">\n<div class=\"paragraph\">\n<p style=\"text-align: justify\">Claudio Amparo, predictor de la Oficina Nacional de Meteorolog\u00eda (Onamet), explic\u00f3 que las temperaturas que experimenta la naci\u00f3n son propias de la \u00e9poca y que, aunque el verano ya sali\u00f3, no ser\u00e1 hasta que comience el invierno que comiencen a bajar. Dijo que solo en las noches se podr\u00e1 sentir un ligero descenso de las temperaturas.<\/p>\n<p style=\"text-align: justify\">\u201cM\u00e1s que nada es por la \u00e9poca del a\u00f1o, estamos ya en el oto\u00f1o, pero son los primeros d\u00edas del oto\u00f1o, o sea que estamos pr\u00e1cticamente en el verano. Estamos en los tr\u00f3picos, cuando las temperaturas comienzan a reducirse ligeramente un poquito en la noche, principalmente entrado diciembre\u201d, indic\u00f3.<\/p>\n<div class=\"paragraph\" style=\"text-align: justify\">\n<p>\u201cComo le dec\u00eda esta temperatura se mantiene as\u00ed casi todo el a\u00f1o, vienen a reducirse un poco en las m\u00ednimas en las noches llegado el invierno, ser\u00eda ya para diciembre, enero y febrero\u201d, contest\u00f3 a la pregunta de por cu\u00e1nto tiempo se mantendr\u00edan las temperaturas altas.<\/p>\n<p>\u201cLo que dice la climatolog\u00eda es que el invierno comienza en diciembre, ya para finales de noviembre las temperaturas van a reducir mucho, pero como le dec\u00eda en nuestras latitudes, estamos en el tr\u00f3pico en el cual no hay cambios tan dr\u00e1sticos como hay en latitudes medias\u201d.<\/p>\n<p>\u201cLas temperaturas se van a mantener as\u00ed hasta que comience a mejorar un poco, a reducir para finales de noviembre, pero eso ha sido toda la vida\u201d, indic\u00f3 al ser contactado por Diario Libre por tel\u00e9fono.<\/p>\n<p>Dijo que normalmente, las sensaciones de humedad con las altas temperaturas ocurren cuando hay vientos del sureste y ahora mismo en el pa\u00eds lo que impera es el viento del noreste, el cual tendr\u00eda que refrescar las temperaturas.<\/p>\n<p>\u201cNo hay ning\u00fan fen\u00f3meno en especial que est\u00e9 generando estas condiciones, por lo general cuando tenemos vientos de componente sureste, esta condici\u00f3n al pasar ese viento sobre el agua del mar Caribe, que es bastante c\u00e1lido y h\u00famedo, entonces s\u00ed, genera una sensaci\u00f3n m\u00e1s molesta, pero normalmente tenemos vientos del noreste, que tiende a ser un poquito m\u00e1s suave, m\u00e1s fresco, pero de todas maneras como estamos en la \u00e9poca del a\u00f1o todav\u00eda mantiene una temperatura alta.<\/p>\n<p>Dijo que, indudablemente, hay una tendencia a aumentar la temperatura a nivel mundial, producto del calentamiento que hay desde la atm\u00f3sfera con relaci\u00f3n al calentamiento global. Eso es una realidad que estamos viviendo\u201d.<\/p>\n<p>Para este lunes las temperaturas estar\u00e1n altas, en algunas provincias, como Barahona, llegar\u00e1n a los 35 grados celsius. Tambi\u00e9n en la mayor\u00eda ser\u00e1 de 30, 32, 33 y 34.<\/p>\n<\/div>\n<div id=\"container-1486548\" class=\"mt-3 mb-4 p-3 insert_headline content-capsule\">\n<div class=\"share-btn visible-md-up hidden-sm-down\" style=\"text-align: justify\" data-share-target=\"1486548\">\u00a0<\/div>\n<div class=\"insertBlock\">\n<div class=\"insert_title\" style=\"text-align: justify\">Temperaturas m\u00e1ximas y m\u00ednimas<\/div>\n<div class=\"Insert_text\">\n<p style=\"text-align: left\"><b>Santiago:\u00a0<\/b>30-32 \/22-24<\/p>\n<p style=\"text-align: left\"><b>Puerto Plata:<\/b>\u00a032-34 \/ 22-24<\/p>\n<p style=\"text-align: left\"><b>Duarte:<\/b>\u00a028-30 \/ 21-23<\/p>\n<p style=\"text-align: left\"><b>Constanza:<\/b>\u00a022-24 \/10-12<\/p>\n<p style=\"text-align: left\"><b>Peravia<\/b>: 30-32 \/22-24<\/p>\n<p style=\"text-align: left\"><b>San Pedro de Macor\u00eds:<\/b>\u00a031-33 \/ 23-24<\/p>\n<p style=\"text-align: left\"><b>La Romana:<\/b>\u00a033-34\/21-23<\/p>\n<p style=\"text-align: left\"><b>La Vega:<\/b>\u00a030-32\/22-24<\/p>\n<p style=\"text-align: left\"><b>Monse\u00f1or Nouel:\u00a0<\/b>31-33\/21-23<\/p>\n<p style=\"text-align: left\"><b>San Crist\u00f3bal:\u00a0<\/b>31-33\/22-24<\/p>\n<p style=\"text-align: left\"><b>Saman\u00e1:<\/b>\u00a031-33\/21-23<\/p>\n<p style=\"text-align: left\"><b>Montecristi:<\/b>\u00a032-34\/23-25<\/p>\n<p style=\"text-align: left\"><b>Azua:<\/b>\u00a030-32\/23-25<\/p>\n<p style=\"text-align: left\"><b>San Juan:\u00a0<\/b>32-34\/ 19-21<\/p>\n<p style=\"text-align: left\"><b>Barahona:\u00a0<\/b>33-35\/23-25<\/p>\n<p style=\"text-align: left\"><b>La Altagracia:<\/b>\u00a030-32\/ 23*25<\/p>\n<\/div>\n<p>Fuente DL.<\/p>\n<p>mramirez@noti-america.com<\/p>\n<\/div>\n<\/div>\n<\/div>\n<\/div>\n<\/div>\n","protected":false},"excerpt":{"rendered":"<p>Noti-America Rep. Dominicana &nbsp; Los dominicanos se quejan del constante calor que sienten. Las altas temperaturas que se registran desde hace semanas en la Rep\u00fablica Dominicana, y que provocan en la poblaci\u00f3n un calor&#46;&#46;&#46;<\/p>\n","protected":false},"author":96,"featured_media":4587,"comment_status":"open","ping_status":"open","sticky":false,"template":"","format":"standard","meta":{"_acf_changed":false,"rop_custom_images_group":[],"rop_custom_messages_group":[],"rop_publish_now":"initial","rop_publish_now_accounts":[],"rop_publish_now_history":[],"rop_publish_now_status":"pending","footnotes":""},"categories":[10,105],"tags":[],"class_list":["post-4586","post","type-post","status-publish","format-standard","has-post-thumbnail","hentry","category-actualidad","category-noticias"],"acf":[],"yoast_head":"<!-- This site is optimized with the Yoast SEO Premium plugin v24.9 (Yoast SEO v27.2) - https:\/\/yoast.com\/product\/yoast-seo-premium-wordpress\/ -->\n<title>El calor seguir\u00e1 en el pa\u00eds hasta finales de noviembre, seg\u00fan la Onamet Las altas temperaturas que se registran son propias de los pa\u00edses tropicales en esta \u00e9poca - Rep. Dominicana | Noti-America.com<\/title>\n<meta name=\"robots\" content=\"index, follow, max-snippet:-1, max-image-preview:large, max-video-preview:-1\" \/>\n<link rel=\"canonical\" href=\"https:\/\/noti-america.com\/site\/repdom\/2020\/09\/28\/el-calor-seguira-en-el-pais-hasta-finales-de-noviembre-segun-la-onamet-las-altas-temperaturas-que-se-registran-son-propias-de-los-paises-tropicales-en-esta-epoca-2\/\" \/>\n<meta property=\"og:locale\" content=\"es_ES\" \/>\n<meta property=\"og:type\" content=\"article\" \/>\n<meta property=\"og:title\" content=\"El calor seguir\u00e1 en el pa\u00eds hasta finales de noviembre, seg\u00fan la Onamet Las altas temperaturas que se registran son propias de los pa\u00edses tropicales en esta \u00e9poca\" \/>\n<meta property=\"og:description\" content=\"Noti-America Rep. Dominicana &nbsp; Los dominicanos se quejan del constante calor que sienten. Las altas temperaturas que se registran desde hace semanas en la Rep\u00fablica Dominicana, y que provocan en la poblaci\u00f3n un calor&#046;&#046;&#046;\" \/>\n<meta property=\"og:url\" content=\"https:\/\/noti-america.com\/site\/repdom\/2020\/09\/28\/el-calor-seguira-en-el-pais-hasta-finales-de-noviembre-segun-la-onamet-las-altas-temperaturas-que-se-registran-son-propias-de-los-paises-tropicales-en-esta-epoca-2\/\" \/>\n<meta property=\"og:site_name\" content=\"Rep. Dominicana | Noti-America.com\" \/>\n<meta property=\"article:author\" content=\"https:\/\/www.facebook.com\/share\/1HVE1qCqVk\/?mibextid=wwXIfr\" \/>\n<meta property=\"article:published_time\" content=\"2020-09-28T12:50:51+00:00\" \/>\n<meta property=\"og:image\" content=\"https:\/\/noti-america.com\/site\/repdom\/wp-content\/uploads\/sites\/6\/2020\/09\/CALOR.jpg\" \/>\n\t<meta property=\"og:image:width\" content=\"546\" \/>\n\t<meta property=\"og:image:height\" content=\"350\" \/>\n\t<meta property=\"og:image:type\" content=\"image\/jpeg\" \/>\n<meta name=\"author\" content=\"Miguel Ramirez\" \/>\n<meta name=\"twitter:card\" content=\"summary_large_image\" \/>\n<meta name=\"twitter:label1\" content=\"Escrito por\" \/>\n\t<meta name=\"twitter:data1\" content=\"Miguel Ramirez\" \/>\n\t<meta name=\"twitter:label2\" content=\"Tiempo estimado de lectura\" \/>\n\t<meta name=\"twitter:data2\" content=\"3 minutos\" \/>\n<script type=\"application\/ld+json\" class=\"yoast-schema-graph\">{\"@context\":\"https:\/\/schema.org\",\"@graph\":[{\"@type\":\"Article\",\"@id\":\"https:\/\/noti-america.com\/site\/repdom\/2020\/09\/28\/el-calor-seguira-en-el-pais-hasta-finales-de-noviembre-segun-la-onamet-las-altas-temperaturas-que-se-registran-son-propias-de-los-paises-tropicales-en-esta-epoca-2\/#article\",\"isPartOf\":{\"@id\":\"https:\/\/noti-america.com\/site\/repdom\/2020\/09\/28\/el-calor-seguira-en-el-pais-hasta-finales-de-noviembre-segun-la-onamet-las-altas-temperaturas-que-se-registran-son-propias-de-los-paises-tropicales-en-esta-epoca-2\/\"},\"author\":{\"name\":\"Miguel Ramirez\",\"@id\":\"https:\/\/noti-america.com\/site\/repdom\/#\/schema\/person\/8027db7d71a0328e6e4474fa188c6fb3\"},\"headline\":\"El calor seguir\u00e1 en el pa\u00eds hasta finales de noviembre, seg\u00fan la Onamet Las altas temperaturas que se registran son propias de los pa\u00edses tropicales en esta \u00e9poca\",\"datePublished\":\"2020-09-28T12:50:51+00:00\",\"mainEntityOfPage\":{\"@id\":\"https:\/\/noti-america.com\/site\/repdom\/2020\/09\/28\/el-calor-seguira-en-el-pais-hasta-finales-de-noviembre-segun-la-onamet-las-altas-temperaturas-que-se-registran-son-propias-de-los-paises-tropicales-en-esta-epoca-2\/\"},\"wordCount\":595,\"commentCount\":0,\"publisher\":{\"@id\":\"https:\/\/noti-america.com\/site\/repdom\/#organization\"},\"image\":{\"@id\":\"https:\/\/noti-america.com\/site\/repdom\/2020\/09\/28\/el-calor-seguira-en-el-pais-hasta-finales-de-noviembre-segun-la-onamet-las-altas-temperaturas-que-se-registran-son-propias-de-los-paises-tropicales-en-esta-epoca-2\/#primaryimage\"},\"thumbnailUrl\":\"https:\/\/noti-america.com\/site\/repdom\/wp-content\/uploads\/sites\/6\/2020\/09\/CALOR.jpg\",\"articleSection\":[\"Actualidad\",\"Noticias\"],\"inLanguage\":\"es\",\"potentialAction\":[{\"@type\":\"CommentAction\",\"name\":\"Comment\",\"target\":[\"https:\/\/noti-america.com\/site\/repdom\/2020\/09\/28\/el-calor-seguira-en-el-pais-hasta-finales-de-noviembre-segun-la-onamet-las-altas-temperaturas-que-se-registran-son-propias-de-los-paises-tropicales-en-esta-epoca-2\/#respond\"]}]},{\"@type\":\"WebPage\",\"@id\":\"https:\/\/noti-america.com\/site\/repdom\/2020\/09\/28\/el-calor-seguira-en-el-pais-hasta-finales-de-noviembre-segun-la-onamet-las-altas-temperaturas-que-se-registran-son-propias-de-los-paises-tropicales-en-esta-epoca-2\/\",\"url\":\"https:\/\/noti-america.com\/site\/repdom\/2020\/09\/28\/el-calor-seguira-en-el-pais-hasta-finales-de-noviembre-segun-la-onamet-las-altas-temperaturas-que-se-registran-son-propias-de-los-paises-tropicales-en-esta-epoca-2\/\",\"name\":\"El calor seguir\u00e1 en el pa\u00eds hasta finales de noviembre, seg\u00fan la Onamet Las altas temperaturas que se registran son propias de los pa\u00edses tropicales en esta \u00e9poca - Rep. Dominicana | Noti-America.com\",\"isPartOf\":{\"@id\":\"https:\/\/noti-america.com\/site\/repdom\/#website\"},\"primaryImageOfPage\":{\"@id\":\"https:\/\/noti-america.com\/site\/repdom\/2020\/09\/28\/el-calor-seguira-en-el-pais-hasta-finales-de-noviembre-segun-la-onamet-las-altas-temperaturas-que-se-registran-son-propias-de-los-paises-tropicales-en-esta-epoca-2\/#primaryimage\"},\"image\":{\"@id\":\"https:\/\/noti-america.com\/site\/repdom\/2020\/09\/28\/el-calor-seguira-en-el-pais-hasta-finales-de-noviembre-segun-la-onamet-las-altas-temperaturas-que-se-registran-son-propias-de-los-paises-tropicales-en-esta-epoca-2\/#primaryimage\"},\"thumbnailUrl\":\"https:\/\/noti-america.com\/site\/repdom\/wp-content\/uploads\/sites\/6\/2020\/09\/CALOR.jpg\",\"datePublished\":\"2020-09-28T12:50:51+00:00\",\"breadcrumb\":{\"@id\":\"https:\/\/noti-america.com\/site\/repdom\/2020\/09\/28\/el-calor-seguira-en-el-pais-hasta-finales-de-noviembre-segun-la-onamet-las-altas-temperaturas-que-se-registran-son-propias-de-los-paises-tropicales-en-esta-epoca-2\/#breadcrumb\"},\"inLanguage\":\"es\",\"potentialAction\":[{\"@type\":\"ReadAction\",\"target\":[\"https:\/\/noti-america.com\/site\/repdom\/2020\/09\/28\/el-calor-seguira-en-el-pais-hasta-finales-de-noviembre-segun-la-onamet-las-altas-temperaturas-que-se-registran-son-propias-de-los-paises-tropicales-en-esta-epoca-2\/\"]}]},{\"@type\":\"ImageObject\",\"inLanguage\":\"es\",\"@id\":\"https:\/\/noti-america.com\/site\/repdom\/2020\/09\/28\/el-calor-seguira-en-el-pais-hasta-finales-de-noviembre-segun-la-onamet-las-altas-temperaturas-que-se-registran-son-propias-de-los-paises-tropicales-en-esta-epoca-2\/#primaryimage\",\"url\":\"https:\/\/noti-america.com\/site\/repdom\/wp-content\/uploads\/sites\/6\/2020\/09\/CALOR.jpg\",\"contentUrl\":\"https:\/\/noti-america.com\/site\/repdom\/wp-content\/uploads\/sites\/6\/2020\/09\/CALOR.jpg\",\"width\":546,\"height\":350},{\"@type\":\"BreadcrumbList\",\"@id\":\"https:\/\/noti-america.com\/site\/repdom\/2020\/09\/28\/el-calor-seguira-en-el-pais-hasta-finales-de-noviembre-segun-la-onamet-las-altas-temperaturas-que-se-registran-son-propias-de-los-paises-tropicales-en-esta-epoca-2\/#breadcrumb\",\"itemListElement\":[{\"@type\":\"ListItem\",\"position\":1,\"name\":\"Portada\",\"item\":\"https:\/\/noti-america.com\/site\/repdom\/\"},{\"@type\":\"ListItem\",\"position\":2,\"name\":\"El calor seguir\u00e1 en el pa\u00eds hasta finales de noviembre, seg\u00fan la Onamet Las altas temperaturas que se registran son propias de los pa\u00edses tropicales en esta \u00e9poca\"}]},{\"@type\":\"WebSite\",\"@id\":\"https:\/\/noti-america.com\/site\/repdom\/#website\",\"url\":\"https:\/\/noti-america.com\/site\/repdom\/\",\"name\":\"Rep. Dominicana | Noti-America.com\",\"description\":\"\",\"publisher\":{\"@id\":\"https:\/\/noti-america.com\/site\/repdom\/#organization\"},\"potentialAction\":[{\"@type\":\"SearchAction\",\"target\":{\"@type\":\"EntryPoint\",\"urlTemplate\":\"https:\/\/noti-america.com\/site\/repdom\/?s={search_term_string}\"},\"query-input\":{\"@type\":\"PropertyValueSpecification\",\"valueRequired\":true,\"valueName\":\"search_term_string\"}}],\"inLanguage\":\"es\"},{\"@type\":\"Organization\",\"@id\":\"https:\/\/noti-america.com\/site\/repdom\/#organization\",\"name\":\"Noti-America LLC | Rep\u00fablica Dominicana\",\"url\":\"https:\/\/noti-america.com\/site\/repdom\/\",\"logo\":{\"@type\":\"ImageObject\",\"inLanguage\":\"es\",\"@id\":\"https:\/\/noti-america.com\/site\/repdom\/#\/schema\/logo\/image\/\",\"url\":\"https:\/\/noti-america.com\/site\/repdom\/wp-content\/uploads\/sites\/6\/2020\/07\/LogoNA-4x3-1.jpg\",\"contentUrl\":\"https:\/\/noti-america.com\/site\/repdom\/wp-content\/uploads\/sites\/6\/2020\/07\/LogoNA-4x3-1.jpg\",\"width\":1236,\"height\":1080,\"caption\":\"Noti-America LLC | Rep\u00fablica Dominicana\"},\"image\":{\"@id\":\"https:\/\/noti-america.com\/site\/repdom\/#\/schema\/logo\/image\/\"}},{\"@type\":\"Person\",\"@id\":\"https:\/\/noti-america.com\/site\/repdom\/#\/schema\/person\/8027db7d71a0328e6e4474fa188c6fb3\",\"name\":\"Miguel Ramirez\",\"image\":{\"@type\":\"ImageObject\",\"inLanguage\":\"es\",\"@id\":\"https:\/\/secure.gravatar.com\/avatar\/41a78fb2cdab3e2dc5831d3591f1dab499ed0c22acc464195b09f37c2b3ac2cf?s=96&d=mm&r=g\",\"url\":\"https:\/\/secure.gravatar.com\/avatar\/41a78fb2cdab3e2dc5831d3591f1dab499ed0c22acc464195b09f37c2b3ac2cf?s=96&d=mm&r=g\",\"contentUrl\":\"https:\/\/secure.gravatar.com\/avatar\/41a78fb2cdab3e2dc5831d3591f1dab499ed0c22acc464195b09f37c2b3ac2cf?s=96&d=mm&r=g\",\"caption\":\"Miguel Ramirez\"},\"description\":\"Locutor y periodista digital y coach comunicaci\u00f3n\",\"sameAs\":[\"https:\/\/www.facebook.com\/share\/1HVE1qCqVk\/?mibextid=wwXIfr\"],\"url\":\"https:\/\/noti-america.com\/site\/repdom\/author\/mramirez\/\"}]}<\/script>\n<!-- \/ Yoast SEO Premium plugin. -->","yoast_head_json":{"title":"El calor seguir\u00e1 en el pa\u00eds hasta finales de noviembre, seg\u00fan la Onamet Las altas temperaturas que se registran son propias de los pa\u00edses tropicales en esta \u00e9poca - Rep. Dominicana | Noti-America.com","robots":{"index":"index","follow":"follow","max-snippet":"max-snippet:-1","max-image-preview":"max-image-preview:large","max-video-preview":"max-video-preview:-1"},"canonical":"https:\/\/noti-america.com\/site\/repdom\/2020\/09\/28\/el-calor-seguira-en-el-pais-hasta-finales-de-noviembre-segun-la-onamet-las-altas-temperaturas-que-se-registran-son-propias-de-los-paises-tropicales-en-esta-epoca-2\/","og_locale":"es_ES","og_type":"article","og_title":"El calor seguir\u00e1 en el pa\u00eds hasta finales de noviembre, seg\u00fan la Onamet Las altas temperaturas que se registran son propias de los pa\u00edses tropicales en esta \u00e9poca","og_description":"Noti-America Rep. Dominicana &nbsp; Los dominicanos se quejan del constante calor que sienten. Las altas temperaturas que se registran desde hace semanas en la Rep\u00fablica Dominicana, y que provocan en la poblaci\u00f3n un calor&#46;&#46;&#46;","og_url":"https:\/\/noti-america.com\/site\/repdom\/2020\/09\/28\/el-calor-seguira-en-el-pais-hasta-finales-de-noviembre-segun-la-onamet-las-altas-temperaturas-que-se-registran-son-propias-de-los-paises-tropicales-en-esta-epoca-2\/","og_site_name":"Rep. Dominicana | Noti-America.com","article_author":"https:\/\/www.facebook.com\/share\/1HVE1qCqVk\/?mibextid=wwXIfr","article_published_time":"2020-09-28T12:50:51+00:00","og_image":[{"width":546,"height":350,"url":"https:\/\/noti-america.com\/site\/repdom\/wp-content\/uploads\/sites\/6\/2020\/09\/CALOR.jpg","type":"image\/jpeg"}],"author":"Miguel Ramirez","twitter_card":"summary_large_image","twitter_misc":{"Escrito por":"Miguel Ramirez","Tiempo estimado de lectura":"3 minutos"},"schema":{"@context":"https:\/\/schema.org","@graph":[{"@type":"Article","@id":"https:\/\/noti-america.com\/site\/repdom\/2020\/09\/28\/el-calor-seguira-en-el-pais-hasta-finales-de-noviembre-segun-la-onamet-las-altas-temperaturas-que-se-registran-son-propias-de-los-paises-tropicales-en-esta-epoca-2\/#article","isPartOf":{"@id":"https:\/\/noti-america.com\/site\/repdom\/2020\/09\/28\/el-calor-seguira-en-el-pais-hasta-finales-de-noviembre-segun-la-onamet-las-altas-temperaturas-que-se-registran-son-propias-de-los-paises-tropicales-en-esta-epoca-2\/"},"author":{"name":"Miguel Ramirez","@id":"https:\/\/noti-america.com\/site\/repdom\/#\/schema\/person\/8027db7d71a0328e6e4474fa188c6fb3"},"headline":"El calor seguir\u00e1 en el pa\u00eds hasta finales de noviembre, seg\u00fan la Onamet Las altas temperaturas que se registran son propias de los pa\u00edses tropicales en esta \u00e9poca","datePublished":"2020-09-28T12:50:51+00:00","mainEntityOfPage":{"@id":"https:\/\/noti-america.com\/site\/repdom\/2020\/09\/28\/el-calor-seguira-en-el-pais-hasta-finales-de-noviembre-segun-la-onamet-las-altas-temperaturas-que-se-registran-son-propias-de-los-paises-tropicales-en-esta-epoca-2\/"},"wordCount":595,"commentCount":0,"publisher":{"@id":"https:\/\/noti-america.com\/site\/repdom\/#organization"},"image":{"@id":"https:\/\/noti-america.com\/site\/repdom\/2020\/09\/28\/el-calor-seguira-en-el-pais-hasta-finales-de-noviembre-segun-la-onamet-las-altas-temperaturas-que-se-registran-son-propias-de-los-paises-tropicales-en-esta-epoca-2\/#primaryimage"},"thumbnailUrl":"https:\/\/noti-america.com\/site\/repdom\/wp-content\/uploads\/sites\/6\/2020\/09\/CALOR.jpg","articleSection":["Actualidad","Noticias"],"inLanguage":"es","potentialAction":[{"@type":"CommentAction","name":"Comment","target":["https:\/\/noti-america.com\/site\/repdom\/2020\/09\/28\/el-calor-seguira-en-el-pais-hasta-finales-de-noviembre-segun-la-onamet-las-altas-temperaturas-que-se-registran-son-propias-de-los-paises-tropicales-en-esta-epoca-2\/#respond"]}]},{"@type":"WebPage","@id":"https:\/\/noti-america.com\/site\/repdom\/2020\/09\/28\/el-calor-seguira-en-el-pais-hasta-finales-de-noviembre-segun-la-onamet-las-altas-temperaturas-que-se-registran-son-propias-de-los-paises-tropicales-en-esta-epoca-2\/","url":"https:\/\/noti-america.com\/site\/repdom\/2020\/09\/28\/el-calor-seguira-en-el-pais-hasta-finales-de-noviembre-segun-la-onamet-las-altas-temperaturas-que-se-registran-son-propias-de-los-paises-tropicales-en-esta-epoca-2\/","name":"El calor seguir\u00e1 en el pa\u00eds hasta finales de noviembre, seg\u00fan la Onamet Las altas temperaturas que se registran son propias de los pa\u00edses tropicales en esta \u00e9poca - Rep. Dominicana | Noti-America.com","isPartOf":{"@id":"https:\/\/noti-america.com\/site\/repdom\/#website"},"primaryImageOfPage":{"@id":"https:\/\/noti-america.com\/site\/repdom\/2020\/09\/28\/el-calor-seguira-en-el-pais-hasta-finales-de-noviembre-segun-la-onamet-las-altas-temperaturas-que-se-registran-son-propias-de-los-paises-tropicales-en-esta-epoca-2\/#primaryimage"},"image":{"@id":"https:\/\/noti-america.com\/site\/repdom\/2020\/09\/28\/el-calor-seguira-en-el-pais-hasta-finales-de-noviembre-segun-la-onamet-las-altas-temperaturas-que-se-registran-son-propias-de-los-paises-tropicales-en-esta-epoca-2\/#primaryimage"},"thumbnailUrl":"https:\/\/noti-america.com\/site\/repdom\/wp-content\/uploads\/sites\/6\/2020\/09\/CALOR.jpg","datePublished":"2020-09-28T12:50:51+00:00","breadcrumb":{"@id":"https:\/\/noti-america.com\/site\/repdom\/2020\/09\/28\/el-calor-seguira-en-el-pais-hasta-finales-de-noviembre-segun-la-onamet-las-altas-temperaturas-que-se-registran-son-propias-de-los-paises-tropicales-en-esta-epoca-2\/#breadcrumb"},"inLanguage":"es","potentialAction":[{"@type":"ReadAction","target":["https:\/\/noti-america.com\/site\/repdom\/2020\/09\/28\/el-calor-seguira-en-el-pais-hasta-finales-de-noviembre-segun-la-onamet-las-altas-temperaturas-que-se-registran-son-propias-de-los-paises-tropicales-en-esta-epoca-2\/"]}]},{"@type":"ImageObject","inLanguage":"es","@id":"https:\/\/noti-america.com\/site\/repdom\/2020\/09\/28\/el-calor-seguira-en-el-pais-hasta-finales-de-noviembre-segun-la-onamet-las-altas-temperaturas-que-se-registran-son-propias-de-los-paises-tropicales-en-esta-epoca-2\/#primaryimage","url":"https:\/\/noti-america.com\/site\/repdom\/wp-content\/uploads\/sites\/6\/2020\/09\/CALOR.jpg","contentUrl":"https:\/\/noti-america.com\/site\/repdom\/wp-content\/uploads\/sites\/6\/2020\/09\/CALOR.jpg","width":546,"height":350},{"@type":"BreadcrumbList","@id":"https:\/\/noti-america.com\/site\/repdom\/2020\/09\/28\/el-calor-seguira-en-el-pais-hasta-finales-de-noviembre-segun-la-onamet-las-altas-temperaturas-que-se-registran-son-propias-de-los-paises-tropicales-en-esta-epoca-2\/#breadcrumb","itemListElement":[{"@type":"ListItem","position":1,"name":"Portada","item":"https:\/\/noti-america.com\/site\/repdom\/"},{"@type":"ListItem","position":2,"name":"El calor seguir\u00e1 en el pa\u00eds hasta finales de noviembre, seg\u00fan la Onamet Las altas temperaturas que se registran son propias de los pa\u00edses tropicales en esta \u00e9poca"}]},{"@type":"WebSite","@id":"https:\/\/noti-america.com\/site\/repdom\/#website","url":"https:\/\/noti-america.com\/site\/repdom\/","name":"Rep. Dominicana | Noti-America.com","description":"","publisher":{"@id":"https:\/\/noti-america.com\/site\/repdom\/#organization"},"potentialAction":[{"@type":"SearchAction","target":{"@type":"EntryPoint","urlTemplate":"https:\/\/noti-america.com\/site\/repdom\/?s={search_term_string}"},"query-input":{"@type":"PropertyValueSpecification","valueRequired":true,"valueName":"search_term_string"}}],"inLanguage":"es"},{"@type":"Organization","@id":"https:\/\/noti-america.com\/site\/repdom\/#organization","name":"Noti-America LLC | Rep\u00fablica Dominicana","url":"https:\/\/noti-america.com\/site\/repdom\/","logo":{"@type":"ImageObject","inLanguage":"es","@id":"https:\/\/noti-america.com\/site\/repdom\/#\/schema\/logo\/image\/","url":"https:\/\/noti-america.com\/site\/repdom\/wp-content\/uploads\/sites\/6\/2020\/07\/LogoNA-4x3-1.jpg","contentUrl":"https:\/\/noti-america.com\/site\/repdom\/wp-content\/uploads\/sites\/6\/2020\/07\/LogoNA-4x3-1.jpg","width":1236,"height":1080,"caption":"Noti-America LLC | Rep\u00fablica Dominicana"},"image":{"@id":"https:\/\/noti-america.com\/site\/repdom\/#\/schema\/logo\/image\/"}},{"@type":"Person","@id":"https:\/\/noti-america.com\/site\/repdom\/#\/schema\/person\/8027db7d71a0328e6e4474fa188c6fb3","name":"Miguel Ramirez","image":{"@type":"ImageObject","inLanguage":"es","@id":"https:\/\/secure.gravatar.com\/avatar\/41a78fb2cdab3e2dc5831d3591f1dab499ed0c22acc464195b09f37c2b3ac2cf?s=96&d=mm&r=g","url":"https:\/\/secure.gravatar.com\/avatar\/41a78fb2cdab3e2dc5831d3591f1dab499ed0c22acc464195b09f37c2b3ac2cf?s=96&d=mm&r=g","contentUrl":"https:\/\/secure.gravatar.com\/avatar\/41a78fb2cdab3e2dc5831d3591f1dab499ed0c22acc464195b09f37c2b3ac2cf?s=96&d=mm&r=g","caption":"Miguel Ramirez"},"description":"Locutor y periodista digital y coach comunicaci\u00f3n","sameAs":["https:\/\/www.facebook.com\/share\/1HVE1qCqVk\/?mibextid=wwXIfr"],"url":"https:\/\/noti-america.com\/site\/repdom\/author\/mramirez\/"}]}},"_links":{"self":[{"href":"https:\/\/noti-america.com\/site\/repdom\/wp-json\/wp\/v2\/posts\/4586","targetHints":{"allow":["GET"]}}],"collection":[{"href":"https:\/\/noti-america.com\/site\/repdom\/wp-json\/wp\/v2\/posts"}],"about":[{"href":"https:\/\/noti-america.com\/site\/repdom\/wp-json\/wp\/v2\/types\/post"}],"author":[{"embeddable":true,"href":"https:\/\/noti-america.com\/site\/repdom\/wp-json\/wp\/v2\/users\/96"}],"replies":[{"embeddable":true,"href":"https:\/\/noti-america.com\/site\/repdom\/wp-json\/wp\/v2\/comments?post=4586"}],"version-history":[{"count":2,"href":"https:\/\/noti-america.com\/site\/repdom\/wp-json\/wp\/v2\/posts\/4586\/revisions"}],"predecessor-version":[{"id":4592,"href":"https:\/\/noti-america.com\/site\/repdom\/wp-json\/wp\/v2\/posts\/4586\/revisions\/4592"}],"wp:featuredmedia":[{"embeddable":true,"href":"https:\/\/noti-america.com\/site\/repdom\/wp-json\/wp\/v2\/media\/4587"}],"wp:attachment":[{"href":"https:\/\/noti-america.com\/site\/repdom\/wp-json\/wp\/v2\/media?parent=4586"}],"wp:term":[{"taxonomy":"category","embeddable":true,"href":"https:\/\/noti-america.com\/site\/repdom\/wp-json\/wp\/v2\/categories?post=4586"},{"taxonomy":"post_tag","embeddable":true,"href":"https:\/\/noti-america.com\/site\/repdom\/wp-json\/wp\/v2\/tags?post=4586"}],"curies":[{"name":"wp","href":"https:\/\/api.w.org\/{rel}","templated":true}]}}