{"id":4322,"date":"2020-09-20T04:12:02","date_gmt":"2020-09-20T04:12:02","guid":{"rendered":"https:\/\/noti-america.com\/site\/repdom\/?p=4322"},"modified":"2020-09-20T04:12:02","modified_gmt":"2020-09-20T04:12:02","slug":"odecabe-es-ahora-centro-caribe-sports","status":"publish","type":"post","link":"https:\/\/noti-america.com\/site\/repdom\/2020\/09\/20\/odecabe-es-ahora-centro-caribe-sports\/","title":{"rendered":"ODECABE es ahora CENTRO CARIBE SPORTS"},"content":{"rendered":"<p class=\"x_MsoNormal\" style=\"text-align: justify\">SANTO DOMINGO &#8211; La Organizaci\u00f3n Deportiva Centroamericana y del Caribe (ODECABE), aprob\u00f3, en la Asamblea General Extraordinaria, cambiar su nombre a CENTRO CARIBE SPORTS y estrenar nuevo logo, dentro de una estrategia de renovaci\u00f3n de la entidad.<\/p>\n<p class=\"x_MsoNormal\" style=\"text-align: justify\">El presidente de dicha organizaci\u00f3n, Luis Mej\u00eda Oviedo (DOM),\u00a0Organizaci\u00f3n Deportiva Centroamericana y del Caribe (DOM), proclam\u00f3 a todos los pa\u00edses miembros que \u201cuna nueva etapa para el deporte Centro Americano y del Caribe acaba de comenzar\u201d.<\/p>\n<p class=\"x_MsoNormal\" style=\"text-align: justify\">La modificaci\u00f3n de la identidad de ODECABE a CENTRO CARIBE SPORTS, elimin\u00f3 que la organizaci\u00f3n tenga dos nombres, uno en ingl\u00e9s y otro en espa\u00f1ol y cambia a un nombre que es entendible en cualquier idioma.<\/p>\n<p class=\"x_MsoNormal\" style=\"text-align: justify\">Adem\u00e1s trae consigo un logo multicolor, el cual mantiene los colores de todas las banderas de los pa\u00edses y miembros asociados que componen el organismo, con base en la misma tem\u00e1tica a los aros ol\u00edmpicos,\u00a0 representando la integraci\u00f3n de todos en CENTRO CARIBE SPORTS.<\/p>\n<p class=\"x_MsoNormal\" style=\"text-align: justify\">La presentaci\u00f3n de la nueva identidad de la organizaci\u00f3n fue realizada por Felipe Vicini (DOM) y Manuel Luna (DOM), presidente y miembro de la Comisi\u00f3n de Mercadeo y Comunicaciones de CENTRO CARIBE SPORTS, respectivamente.<\/p>\n<p class=\"x_MsoNormal\" style=\"text-align: justify\">\u201cDesde que me propuse asumir la presidencia de esta organizaci\u00f3n siempre les asegur\u00e9 que mi objetivo n\u00famero uno era la integraci\u00f3n y uni\u00f3n de todos los miembros y la renovaci\u00f3n de nuestro organismo hacia una entidad moderna y vanguardista; hoy ustedes hacen historia aprobando este cambio de marca para poder relanzar Centro Caribe Sports\u201d, afirm\u00f3 Mej\u00eda luego de aprobada la iniciativa.<\/p>\n<p class=\"x_MsoNormal\" style=\"text-align: justify\">El cambio de identidad se aprob\u00f3 este s\u00e1bado 19 de septiembre, con los 37 pa\u00edses y miembros asociados presentes, durante la Asamblea General Extraordinaria, a trav\u00e9s de la plataforma ZOOM.<\/p>\n<p class=\"x_MsoNormal\" style=\"text-align: justify\">Con la aprobaci\u00f3n de este cambio, la Comisi\u00f3n de Mercadeo y Comunicaciones inform\u00f3 que iniciar\u00e1 a desplegar la estrategia de marketing para acercar a Centro Caribe Sports a los pa\u00edses miembros, atletas y a las marcas empresariales de la regi\u00f3n.<\/p>\n<p class=\"x_MsoNormal\" style=\"text-align: justify\"><strong><span style=\"font-family: verdana, sans-serif\">Fuente: Prensa ODECABE<\/span><\/strong><\/p>\n","protected":false},"excerpt":{"rendered":"<p>SANTO DOMINGO &#8211; La Organizaci\u00f3n Deportiva Centroamericana y del Caribe (ODECABE), aprob\u00f3, en la Asamblea General Extraordinaria, cambiar su nombre a CENTRO CARIBE SPORTS y estrenar nuevo logo, dentro de una estrategia de renovaci\u00f3n&#46;&#46;&#46;<\/p>\n","protected":false},"author":89,"featured_media":4323,"comment_status":"open","ping_status":"open","sticky":false,"template":"","format":"standard","meta":{"_acf_changed":false,"rop_custom_images_group":[],"rop_custom_messages_group":[],"rop_publish_now":"initial","rop_publish_now_accounts":[],"rop_publish_now_history":[],"rop_publish_now_status":"pending","footnotes":""},"categories":[16],"tags":[367,189,191],"class_list":["post-4322","post","type-post","status-publish","format-standard","has-post-thumbnail","hentry","category-deportes","tag-centro-caribe-sports","tag-luisin-mejia","tag-organizacion-deportiva-centroamericana-y-del-caribe"],"acf":[],"yoast_head":"<!-- This site is optimized with the Yoast SEO Premium plugin v24.9 (Yoast SEO v27.2) - https:\/\/yoast.com\/product\/yoast-seo-premium-wordpress\/ -->\n<title>ODECABE es ahora CENTRO CARIBE SPORTS - Rep. Dominicana | Noti-America.com<\/title>\n<meta name=\"robots\" content=\"index, follow, max-snippet:-1, max-image-preview:large, max-video-preview:-1\" \/>\n<link rel=\"canonical\" href=\"https:\/\/noti-america.com\/site\/repdom\/2020\/09\/20\/odecabe-es-ahora-centro-caribe-sports\/\" \/>\n<meta property=\"og:locale\" content=\"es_ES\" \/>\n<meta property=\"og:type\" content=\"article\" \/>\n<meta property=\"og:title\" content=\"ODECABE es ahora CENTRO CARIBE SPORTS\" \/>\n<meta property=\"og:description\" content=\"SANTO DOMINGO &#8211; La Organizaci\u00f3n Deportiva Centroamericana y del Caribe (ODECABE), aprob\u00f3, en la Asamblea General Extraordinaria, cambiar su nombre a CENTRO CARIBE SPORTS y estrenar nuevo logo, dentro de una estrategia de renovaci\u00f3n&#046;&#046;&#046;\" \/>\n<meta property=\"og:url\" content=\"https:\/\/noti-america.com\/site\/repdom\/2020\/09\/20\/odecabe-es-ahora-centro-caribe-sports\/\" \/>\n<meta property=\"og:site_name\" content=\"Rep. Dominicana | Noti-America.com\" \/>\n<meta property=\"article:published_time\" content=\"2020-09-20T04:12:02+00:00\" \/>\n<meta property=\"og:image\" content=\"https:\/\/noti-america.com\/site\/repdom\/wp-content\/uploads\/sites\/6\/2020\/09\/Centro-Caribe-Sports.jpg\" \/>\n\t<meta property=\"og:image:width\" content=\"1187\" \/>\n\t<meta property=\"og:image:height\" content=\"1280\" \/>\n\t<meta property=\"og:image:type\" content=\"image\/jpeg\" \/>\n<meta name=\"author\" content=\"Ad\u00e1n Soriano\" \/>\n<meta name=\"twitter:card\" content=\"summary_large_image\" \/>\n<meta name=\"twitter:creator\" content=\"@adansoriano\" \/>\n<meta name=\"twitter:label1\" content=\"Escrito por\" \/>\n\t<meta name=\"twitter:data1\" content=\"Ad\u00e1n Soriano\" \/>\n\t<meta name=\"twitter:label2\" content=\"Tiempo estimado de lectura\" \/>\n\t<meta name=\"twitter:data2\" content=\"2 minutos\" \/>\n<script type=\"application\/ld+json\" class=\"yoast-schema-graph\">{\"@context\":\"https:\/\/schema.org\",\"@graph\":[{\"@type\":\"Article\",\"@id\":\"https:\/\/noti-america.com\/site\/repdom\/2020\/09\/20\/odecabe-es-ahora-centro-caribe-sports\/#article\",\"isPartOf\":{\"@id\":\"https:\/\/noti-america.com\/site\/repdom\/2020\/09\/20\/odecabe-es-ahora-centro-caribe-sports\/\"},\"author\":{\"name\":\"Ad\u00e1n Soriano\",\"@id\":\"https:\/\/noti-america.com\/site\/repdom\/#\/schema\/person\/fd0092c1530d275fabaa5cffcbc2b976\"},\"headline\":\"ODECABE es ahora CENTRO CARIBE SPORTS\",\"datePublished\":\"2020-09-20T04:12:02+00:00\",\"mainEntityOfPage\":{\"@id\":\"https:\/\/noti-america.com\/site\/repdom\/2020\/09\/20\/odecabe-es-ahora-centro-caribe-sports\/\"},\"wordCount\":357,\"commentCount\":0,\"publisher\":{\"@id\":\"https:\/\/noti-america.com\/site\/repdom\/#organization\"},\"image\":{\"@id\":\"https:\/\/noti-america.com\/site\/repdom\/2020\/09\/20\/odecabe-es-ahora-centro-caribe-sports\/#primaryimage\"},\"thumbnailUrl\":\"https:\/\/noti-america.com\/site\/repdom\/wp-content\/uploads\/sites\/6\/2020\/09\/Centro-Caribe-Sports.jpg\",\"keywords\":[\"Centro Caribe Sports\",\"Luis\u00edn Mej\u00eda\",\"Organizaci\u00f3n Deportiva Centroamericana y del Caribe\"],\"articleSection\":[\"Deportes\"],\"inLanguage\":\"es\",\"potentialAction\":[{\"@type\":\"CommentAction\",\"name\":\"Comment\",\"target\":[\"https:\/\/noti-america.com\/site\/repdom\/2020\/09\/20\/odecabe-es-ahora-centro-caribe-sports\/#respond\"]}]},{\"@type\":\"WebPage\",\"@id\":\"https:\/\/noti-america.com\/site\/repdom\/2020\/09\/20\/odecabe-es-ahora-centro-caribe-sports\/\",\"url\":\"https:\/\/noti-america.com\/site\/repdom\/2020\/09\/20\/odecabe-es-ahora-centro-caribe-sports\/\",\"name\":\"ODECABE es ahora CENTRO CARIBE SPORTS - Rep. Dominicana | Noti-America.com\",\"isPartOf\":{\"@id\":\"https:\/\/noti-america.com\/site\/repdom\/#website\"},\"primaryImageOfPage\":{\"@id\":\"https:\/\/noti-america.com\/site\/repdom\/2020\/09\/20\/odecabe-es-ahora-centro-caribe-sports\/#primaryimage\"},\"image\":{\"@id\":\"https:\/\/noti-america.com\/site\/repdom\/2020\/09\/20\/odecabe-es-ahora-centro-caribe-sports\/#primaryimage\"},\"thumbnailUrl\":\"https:\/\/noti-america.com\/site\/repdom\/wp-content\/uploads\/sites\/6\/2020\/09\/Centro-Caribe-Sports.jpg\",\"datePublished\":\"2020-09-20T04:12:02+00:00\",\"breadcrumb\":{\"@id\":\"https:\/\/noti-america.com\/site\/repdom\/2020\/09\/20\/odecabe-es-ahora-centro-caribe-sports\/#breadcrumb\"},\"inLanguage\":\"es\",\"potentialAction\":[{\"@type\":\"ReadAction\",\"target\":[\"https:\/\/noti-america.com\/site\/repdom\/2020\/09\/20\/odecabe-es-ahora-centro-caribe-sports\/\"]}]},{\"@type\":\"ImageObject\",\"inLanguage\":\"es\",\"@id\":\"https:\/\/noti-america.com\/site\/repdom\/2020\/09\/20\/odecabe-es-ahora-centro-caribe-sports\/#primaryimage\",\"url\":\"https:\/\/noti-america.com\/site\/repdom\/wp-content\/uploads\/sites\/6\/2020\/09\/Centro-Caribe-Sports.jpg\",\"contentUrl\":\"https:\/\/noti-america.com\/site\/repdom\/wp-content\/uploads\/sites\/6\/2020\/09\/Centro-Caribe-Sports.jpg\",\"width\":1187,\"height\":1280},{\"@type\":\"BreadcrumbList\",\"@id\":\"https:\/\/noti-america.com\/site\/repdom\/2020\/09\/20\/odecabe-es-ahora-centro-caribe-sports\/#breadcrumb\",\"itemListElement\":[{\"@type\":\"ListItem\",\"position\":1,\"name\":\"Portada\",\"item\":\"https:\/\/noti-america.com\/site\/repdom\/\"},{\"@type\":\"ListItem\",\"position\":2,\"name\":\"ODECABE es ahora CENTRO CARIBE SPORTS\"}]},{\"@type\":\"WebSite\",\"@id\":\"https:\/\/noti-america.com\/site\/repdom\/#website\",\"url\":\"https:\/\/noti-america.com\/site\/repdom\/\",\"name\":\"Rep. Dominicana | Noti-America.com\",\"description\":\"\",\"publisher\":{\"@id\":\"https:\/\/noti-america.com\/site\/repdom\/#organization\"},\"potentialAction\":[{\"@type\":\"SearchAction\",\"target\":{\"@type\":\"EntryPoint\",\"urlTemplate\":\"https:\/\/noti-america.com\/site\/repdom\/?s={search_term_string}\"},\"query-input\":{\"@type\":\"PropertyValueSpecification\",\"valueRequired\":true,\"valueName\":\"search_term_string\"}}],\"inLanguage\":\"es\"},{\"@type\":\"Organization\",\"@id\":\"https:\/\/noti-america.com\/site\/repdom\/#organization\",\"name\":\"Noti-America LLC | Rep\u00fablica Dominicana\",\"url\":\"https:\/\/noti-america.com\/site\/repdom\/\",\"logo\":{\"@type\":\"ImageObject\",\"inLanguage\":\"es\",\"@id\":\"https:\/\/noti-america.com\/site\/repdom\/#\/schema\/logo\/image\/\",\"url\":\"https:\/\/noti-america.com\/site\/repdom\/wp-content\/uploads\/sites\/6\/2020\/07\/LogoNA-4x3-1.jpg\",\"contentUrl\":\"https:\/\/noti-america.com\/site\/repdom\/wp-content\/uploads\/sites\/6\/2020\/07\/LogoNA-4x3-1.jpg\",\"width\":1236,\"height\":1080,\"caption\":\"Noti-America LLC | Rep\u00fablica Dominicana\"},\"image\":{\"@id\":\"https:\/\/noti-america.com\/site\/repdom\/#\/schema\/logo\/image\/\"}},{\"@type\":\"Person\",\"@id\":\"https:\/\/noti-america.com\/site\/repdom\/#\/schema\/person\/fd0092c1530d275fabaa5cffcbc2b976\",\"name\":\"Ad\u00e1n Soriano\",\"image\":{\"@type\":\"ImageObject\",\"inLanguage\":\"es\",\"@id\":\"https:\/\/secure.gravatar.com\/avatar\/ecf97ff3aee7ff9efdae670d7e976f3e7e8acc1077e510d73707999a8bfd4467?s=96&d=mm&r=g\",\"url\":\"https:\/\/secure.gravatar.com\/avatar\/ecf97ff3aee7ff9efdae670d7e976f3e7e8acc1077e510d73707999a8bfd4467?s=96&d=mm&r=g\",\"contentUrl\":\"https:\/\/secure.gravatar.com\/avatar\/ecf97ff3aee7ff9efdae670d7e976f3e7e8acc1077e510d73707999a8bfd4467?s=96&d=mm&r=g\",\"caption\":\"Ad\u00e1n Soriano\"},\"description\":\"Soy cronista deportivo con 10 a\u00f1os de experiencia en varios espacios, y conduzco el podcast deportivo llamado Mezcla Deportiva\",\"sameAs\":[\"https:\/\/x.com\/adansoriano\"],\"url\":\"https:\/\/noti-america.com\/site\/repdom\/author\/asoriano\/\"}]}<\/script>\n<!-- \/ Yoast SEO Premium plugin. -->","yoast_head_json":{"title":"ODECABE es ahora CENTRO CARIBE SPORTS - Rep. Dominicana | Noti-America.com","robots":{"index":"index","follow":"follow","max-snippet":"max-snippet:-1","max-image-preview":"max-image-preview:large","max-video-preview":"max-video-preview:-1"},"canonical":"https:\/\/noti-america.com\/site\/repdom\/2020\/09\/20\/odecabe-es-ahora-centro-caribe-sports\/","og_locale":"es_ES","og_type":"article","og_title":"ODECABE es ahora CENTRO CARIBE SPORTS","og_description":"SANTO DOMINGO &#8211; La Organizaci\u00f3n Deportiva Centroamericana y del Caribe (ODECABE), aprob\u00f3, en la Asamblea General Extraordinaria, cambiar su nombre a CENTRO CARIBE SPORTS y estrenar nuevo logo, dentro de una estrategia de renovaci\u00f3n&#46;&#46;&#46;","og_url":"https:\/\/noti-america.com\/site\/repdom\/2020\/09\/20\/odecabe-es-ahora-centro-caribe-sports\/","og_site_name":"Rep. Dominicana | Noti-America.com","article_published_time":"2020-09-20T04:12:02+00:00","og_image":[{"width":1187,"height":1280,"url":"https:\/\/noti-america.com\/site\/repdom\/wp-content\/uploads\/sites\/6\/2020\/09\/Centro-Caribe-Sports.jpg","type":"image\/jpeg"}],"author":"Ad\u00e1n Soriano","twitter_card":"summary_large_image","twitter_creator":"@adansoriano","twitter_misc":{"Escrito por":"Ad\u00e1n Soriano","Tiempo estimado de lectura":"2 minutos"},"schema":{"@context":"https:\/\/schema.org","@graph":[{"@type":"Article","@id":"https:\/\/noti-america.com\/site\/repdom\/2020\/09\/20\/odecabe-es-ahora-centro-caribe-sports\/#article","isPartOf":{"@id":"https:\/\/noti-america.com\/site\/repdom\/2020\/09\/20\/odecabe-es-ahora-centro-caribe-sports\/"},"author":{"name":"Ad\u00e1n Soriano","@id":"https:\/\/noti-america.com\/site\/repdom\/#\/schema\/person\/fd0092c1530d275fabaa5cffcbc2b976"},"headline":"ODECABE es ahora CENTRO CARIBE SPORTS","datePublished":"2020-09-20T04:12:02+00:00","mainEntityOfPage":{"@id":"https:\/\/noti-america.com\/site\/repdom\/2020\/09\/20\/odecabe-es-ahora-centro-caribe-sports\/"},"wordCount":357,"commentCount":0,"publisher":{"@id":"https:\/\/noti-america.com\/site\/repdom\/#organization"},"image":{"@id":"https:\/\/noti-america.com\/site\/repdom\/2020\/09\/20\/odecabe-es-ahora-centro-caribe-sports\/#primaryimage"},"thumbnailUrl":"https:\/\/noti-america.com\/site\/repdom\/wp-content\/uploads\/sites\/6\/2020\/09\/Centro-Caribe-Sports.jpg","keywords":["Centro Caribe Sports","Luis\u00edn Mej\u00eda","Organizaci\u00f3n Deportiva Centroamericana y del Caribe"],"articleSection":["Deportes"],"inLanguage":"es","potentialAction":[{"@type":"CommentAction","name":"Comment","target":["https:\/\/noti-america.com\/site\/repdom\/2020\/09\/20\/odecabe-es-ahora-centro-caribe-sports\/#respond"]}]},{"@type":"WebPage","@id":"https:\/\/noti-america.com\/site\/repdom\/2020\/09\/20\/odecabe-es-ahora-centro-caribe-sports\/","url":"https:\/\/noti-america.com\/site\/repdom\/2020\/09\/20\/odecabe-es-ahora-centro-caribe-sports\/","name":"ODECABE es ahora CENTRO CARIBE SPORTS - Rep. Dominicana | Noti-America.com","isPartOf":{"@id":"https:\/\/noti-america.com\/site\/repdom\/#website"},"primaryImageOfPage":{"@id":"https:\/\/noti-america.com\/site\/repdom\/2020\/09\/20\/odecabe-es-ahora-centro-caribe-sports\/#primaryimage"},"image":{"@id":"https:\/\/noti-america.com\/site\/repdom\/2020\/09\/20\/odecabe-es-ahora-centro-caribe-sports\/#primaryimage"},"thumbnailUrl":"https:\/\/noti-america.com\/site\/repdom\/wp-content\/uploads\/sites\/6\/2020\/09\/Centro-Caribe-Sports.jpg","datePublished":"2020-09-20T04:12:02+00:00","breadcrumb":{"@id":"https:\/\/noti-america.com\/site\/repdom\/2020\/09\/20\/odecabe-es-ahora-centro-caribe-sports\/#breadcrumb"},"inLanguage":"es","potentialAction":[{"@type":"ReadAction","target":["https:\/\/noti-america.com\/site\/repdom\/2020\/09\/20\/odecabe-es-ahora-centro-caribe-sports\/"]}]},{"@type":"ImageObject","inLanguage":"es","@id":"https:\/\/noti-america.com\/site\/repdom\/2020\/09\/20\/odecabe-es-ahora-centro-caribe-sports\/#primaryimage","url":"https:\/\/noti-america.com\/site\/repdom\/wp-content\/uploads\/sites\/6\/2020\/09\/Centro-Caribe-Sports.jpg","contentUrl":"https:\/\/noti-america.com\/site\/repdom\/wp-content\/uploads\/sites\/6\/2020\/09\/Centro-Caribe-Sports.jpg","width":1187,"height":1280},{"@type":"BreadcrumbList","@id":"https:\/\/noti-america.com\/site\/repdom\/2020\/09\/20\/odecabe-es-ahora-centro-caribe-sports\/#breadcrumb","itemListElement":[{"@type":"ListItem","position":1,"name":"Portada","item":"https:\/\/noti-america.com\/site\/repdom\/"},{"@type":"ListItem","position":2,"name":"ODECABE es ahora CENTRO CARIBE SPORTS"}]},{"@type":"WebSite","@id":"https:\/\/noti-america.com\/site\/repdom\/#website","url":"https:\/\/noti-america.com\/site\/repdom\/","name":"Rep. Dominicana | Noti-America.com","description":"","publisher":{"@id":"https:\/\/noti-america.com\/site\/repdom\/#organization"},"potentialAction":[{"@type":"SearchAction","target":{"@type":"EntryPoint","urlTemplate":"https:\/\/noti-america.com\/site\/repdom\/?s={search_term_string}"},"query-input":{"@type":"PropertyValueSpecification","valueRequired":true,"valueName":"search_term_string"}}],"inLanguage":"es"},{"@type":"Organization","@id":"https:\/\/noti-america.com\/site\/repdom\/#organization","name":"Noti-America LLC | Rep\u00fablica Dominicana","url":"https:\/\/noti-america.com\/site\/repdom\/","logo":{"@type":"ImageObject","inLanguage":"es","@id":"https:\/\/noti-america.com\/site\/repdom\/#\/schema\/logo\/image\/","url":"https:\/\/noti-america.com\/site\/repdom\/wp-content\/uploads\/sites\/6\/2020\/07\/LogoNA-4x3-1.jpg","contentUrl":"https:\/\/noti-america.com\/site\/repdom\/wp-content\/uploads\/sites\/6\/2020\/07\/LogoNA-4x3-1.jpg","width":1236,"height":1080,"caption":"Noti-America LLC | Rep\u00fablica Dominicana"},"image":{"@id":"https:\/\/noti-america.com\/site\/repdom\/#\/schema\/logo\/image\/"}},{"@type":"Person","@id":"https:\/\/noti-america.com\/site\/repdom\/#\/schema\/person\/fd0092c1530d275fabaa5cffcbc2b976","name":"Ad\u00e1n Soriano","image":{"@type":"ImageObject","inLanguage":"es","@id":"https:\/\/secure.gravatar.com\/avatar\/ecf97ff3aee7ff9efdae670d7e976f3e7e8acc1077e510d73707999a8bfd4467?s=96&d=mm&r=g","url":"https:\/\/secure.gravatar.com\/avatar\/ecf97ff3aee7ff9efdae670d7e976f3e7e8acc1077e510d73707999a8bfd4467?s=96&d=mm&r=g","contentUrl":"https:\/\/secure.gravatar.com\/avatar\/ecf97ff3aee7ff9efdae670d7e976f3e7e8acc1077e510d73707999a8bfd4467?s=96&d=mm&r=g","caption":"Ad\u00e1n Soriano"},"description":"Soy cronista deportivo con 10 a\u00f1os de experiencia en varios espacios, y conduzco el podcast deportivo llamado Mezcla Deportiva","sameAs":["https:\/\/x.com\/adansoriano"],"url":"https:\/\/noti-america.com\/site\/repdom\/author\/asoriano\/"}]}},"_links":{"self":[{"href":"https:\/\/noti-america.com\/site\/repdom\/wp-json\/wp\/v2\/posts\/4322","targetHints":{"allow":["GET"]}}],"collection":[{"href":"https:\/\/noti-america.com\/site\/repdom\/wp-json\/wp\/v2\/posts"}],"about":[{"href":"https:\/\/noti-america.com\/site\/repdom\/wp-json\/wp\/v2\/types\/post"}],"author":[{"embeddable":true,"href":"https:\/\/noti-america.com\/site\/repdom\/wp-json\/wp\/v2\/users\/89"}],"replies":[{"embeddable":true,"href":"https:\/\/noti-america.com\/site\/repdom\/wp-json\/wp\/v2\/comments?post=4322"}],"version-history":[{"count":1,"href":"https:\/\/noti-america.com\/site\/repdom\/wp-json\/wp\/v2\/posts\/4322\/revisions"}],"predecessor-version":[{"id":4324,"href":"https:\/\/noti-america.com\/site\/repdom\/wp-json\/wp\/v2\/posts\/4322\/revisions\/4324"}],"wp:featuredmedia":[{"embeddable":true,"href":"https:\/\/noti-america.com\/site\/repdom\/wp-json\/wp\/v2\/media\/4323"}],"wp:attachment":[{"href":"https:\/\/noti-america.com\/site\/repdom\/wp-json\/wp\/v2\/media?parent=4322"}],"wp:term":[{"taxonomy":"category","embeddable":true,"href":"https:\/\/noti-america.com\/site\/repdom\/wp-json\/wp\/v2\/categories?post=4322"},{"taxonomy":"post_tag","embeddable":true,"href":"https:\/\/noti-america.com\/site\/repdom\/wp-json\/wp\/v2\/tags?post=4322"}],"curies":[{"name":"wp","href":"https:\/\/api.w.org\/{rel}","templated":true}]}}