{"id":4249,"date":"2020-09-18T05:19:33","date_gmt":"2020-09-18T05:19:33","guid":{"rendered":"https:\/\/noti-america.com\/site\/repdom\/?p=4249"},"modified":"2020-09-18T05:36:10","modified_gmt":"2020-09-18T05:36:10","slug":"los-funcionario-mas-rico-del-nuevo-gobierno","status":"publish","type":"post","link":"https:\/\/noti-america.com\/site\/repdom\/2020\/09\/18\/los-funcionario-mas-rico-del-nuevo-gobierno\/","title":{"rendered":"Los funcionarios m\u00e1s ricos del Nuevo Gobierno"},"content":{"rendered":"<p style=\"text-align: justify\">Santo Domingo, RD.- Ante plazo dado por el presidente de la C\u00e1mara de Cuentas, Hugo \u00c1lvarez P\u00e9rez, esta semana cerca de mil 500 funcionarios p\u00fablicos han pasado a depositar su declaraci\u00f3n jurada de bienes, proceso que ha permitido conocer los hombres y mujeres m\u00e1s ricos del actual Gobierno del Partido Revolucionario Moderno (PRM).<\/p>\n<p style=\"text-align: justify\">El presidente de la Rep\u00fablica, Luis Abinader declar\u00f3 que posee bienes ascendentes a 4 mil 177 millones con 25 mil 211 pesos, lo que hasta el momento lo hace el m\u00e1s rico entre los funcionarios.<\/p>\n<p style=\"text-align: justify\">\u00a0jefe de Estado autoriz\u00f3 que durante su ejercicio gubernamental todo su patrimonio sea transferido y controlado por un Fideicomiso. Su patrimonio incluye la sucesi\u00f3n de los bienes de su padre, Jos\u00e9 Rafael Abinader, fallecido el a\u00f1o pasado.<\/p>\n<p style=\"text-align: justify\">La familia Abinader es propietaria de una cementera, empresas tur\u00edsticas, una universidad, centros de ense\u00f1anza preuniversitaria y especializada, entre otros tipos de negocios, y posee inversiones en Panam\u00e1 e Islas V\u00edrgenes.<\/p>\n<p style=\"text-align: justify\">En viviendas, el mandatario declar\u00f3 poseer un apartamento de RD$35.400.000.00, una casa de US$1,339,410.00 y otro apartamento de RD$600.000.00.<\/p>\n<div id=\"google_center_div\">\n<div id=\"google_image_div\">\n<p>&nbsp;<\/p>\n<div id=\"abgc\" class=\"&quot;abgc\" dir=\"ltr\" style=\"text-align: justify\" aria-hidden=\"true\">\n<div id=\"abgcp\" class=\"&quot;abgcp\">\n<div id=\"abgs\" class=\"abgs\" style=\"text-align: justify\">Despu\u00e9s del presidente, los funcionarios del nuevo Gobierno m\u00e1s ricos son:<\/div>\n<\/div>\n<\/div>\n<div>\n<p style=\"text-align: justify\">1-Limbert Cruz: Declar\u00f3 que su patrimonio asciende a 434 millones 428 mil 255 pesos dominicanos m\u00e1s 5 millones 849 mil 373 d\u00f3lares estadounidenses, equivalentes a unos 290 millones de pesos, lo que significa que su patrimonio total supera los 724 millones.<\/p>\n<p style=\"text-align: justify\">Limber Cruz como uno de los m\u00e1s grandes agroempresarios productores de pl\u00e1tano de la regi\u00f3n Cibao del pa\u00eds.<\/p>\n<p style=\"text-align: justify\">Cruz labor\u00f3 para el Centro Dominicano de Promoci\u00f3n de las Exportaciones y es miembro el Consejo de Directores del Grupo M.<\/p>\n<p style=\"text-align: justify\">2- Jochi Vicente: el ministro de hacienda posee bienes muebles e inmuebles superiores a los 93. 7 millones de pesos, si a estos le sumamos los 6.1 millones de d\u00f3lares invertidos en una empresa en San Crist\u00f3bal y Nieves, significa que el patrimonio de Vicente supera los 451 millones de pesos.<\/p>\n<p style=\"text-align: justify\">Vicente ha sido miembro de la junta de directores del Consejo Nacional de la Empresa Privada (Conep) desde el 2017-2019; presidente de la C\u00e1mara de Comercio y Producci\u00f3n de Santo Domingo\u00a0 (2015-2019); asesor fiscal, asesor de la directiva nacional de la Asociaci\u00f3n de Industrias de la Rep\u00fablica Dominicana desde el 2019 hasta la fecha; presidente de la Asociaci\u00f3n Nacional de J\u00f3venes Empresarios (ANJE) en 2001; tesorero de la Fundaci\u00f3n Institucionalidad y Justicia (Finjus), desde el 2002-2007.<\/p>\n<p style=\"text-align: justify\">3- Lisandro Macarrulla, report\u00f3 un patrimonio que supera los 398 millones de pesos, que en su mayor\u00eda son de bienes muebles e inmuebles, de cuentas ahorros y certificados de inversi\u00f3n en distintas entidades bancarias.<\/p>\n<p style=\"text-align: justify\">Preside el Grupo MAC uno de los grupos empresariales m\u00e1s grandes y poderosos de la Rep\u00fablica Dominicana, este grupo empresarial familiar posee inversiones en el sector inmobiliario, tur\u00edstico y de la construcci\u00f3n.<\/p>\n<p style=\"text-align: justify\">Macarrulla ha sido presidente de la Asociaci\u00f3n de Industrias de la Rep\u00fablica Dominicana (AIRD), Asociaci\u00f3n de Industrias de Materiales de Construcci\u00f3n, dos veces presidente del Consejo Nacional de la Empresa Privada (CONEP), presidente de la Asociaci\u00f3n de Productores de Cemento del Caribe y la Federaci\u00f3n Iberoamericana de Cemento.<\/p>\n<p style=\"text-align: justify\">4- Milagros Germ\u00e1n: la Directora de Comunicaci\u00f3n del Gobierno, posee un patrimonio que asciende aproximadamente a los RD$186 millones.<\/p>\n<p style=\"text-align: justify\">Milagros Germ\u00e1n es fue una reconocida productora y conductora de televisi\u00f3n, mayormente conocida por su espacio Chevere Nights, con el cual produjo unos 729 millones de pesos en sus once a\u00f1os, con costos operacionales de 900 mil pesos mensuales, seg\u00fan inform\u00f3 a la prensa.<\/p>\n<p style=\"text-align: justify\">5- Orlando Jorge Mera: el ministro de medioambiente revel\u00f3 que tiene un patrimonio superior a los 52 millones de pesos, sin entrar en detalles.<\/p>\n<p style=\"text-align: justify\">Jorge Mera es socio de Jorge Mera &amp; Villegas, firma de pr\u00e1ctica general de derecho, con especialidad en asuntos de propiedad intelectual, telecomunicaciones, corporativos, contratos, registros sanitarios y asesor\u00eda en estrategia legal de negociaciones y alianzas internacionales y locales.<\/p>\n<p>Fuentes: Diario Libre\/Nuria<\/p>\n<\/div>\n<\/div>\n<\/div>\n","protected":false},"excerpt":{"rendered":"<p>Santo Domingo, RD.- Ante plazo dado por el presidente de la C\u00e1mara de Cuentas, Hugo \u00c1lvarez P\u00e9rez, esta semana cerca de mil 500 funcionarios p\u00fablicos han pasado a depositar su declaraci\u00f3n jurada de bienes,&#46;&#46;&#46;<\/p>\n","protected":false},"author":99,"featured_media":4250,"comment_status":"open","ping_status":"open","sticky":false,"template":"","format":"gallery","meta":{"_acf_changed":false,"rop_custom_images_group":[],"rop_custom_messages_group":[],"rop_publish_now":"initial","rop_publish_now_accounts":[],"rop_publish_now_history":[],"rop_publish_now_status":"pending","footnotes":""},"categories":[262],"tags":[314],"class_list":["post-4249","post","type-post","status-publish","format-gallery","has-post-thumbnail","hentry","category-politica-opinion","tag-notianne-aquienrd-santodomingord-republicadominicana-rdlotienetodo-republicadominicanalotienetodo-dominicanrepublic-noticiasrd-periodismo-periodistas-periodismord-notiamerica","post_format-post-format-gallery"],"acf":[],"yoast_head":"<!-- This site is optimized with the Yoast SEO Premium plugin v24.9 (Yoast SEO v27.2) - https:\/\/yoast.com\/product\/yoast-seo-premium-wordpress\/ -->\n<title>Los funcionarios m\u00e1s ricos del Nuevo Gobierno - Rep. Dominicana | Noti-America.com<\/title>\n<meta name=\"robots\" content=\"index, follow, max-snippet:-1, max-image-preview:large, max-video-preview:-1\" \/>\n<link rel=\"canonical\" href=\"https:\/\/noti-america.com\/site\/repdom\/2020\/09\/18\/los-funcionario-mas-rico-del-nuevo-gobierno\/\" \/>\n<meta property=\"og:locale\" content=\"es_ES\" \/>\n<meta property=\"og:type\" content=\"article\" \/>\n<meta property=\"og:title\" content=\"Los funcionarios m\u00e1s ricos del Nuevo Gobierno\" \/>\n<meta property=\"og:description\" content=\"Santo Domingo, RD.- Ante plazo dado por el presidente de la C\u00e1mara de Cuentas, Hugo \u00c1lvarez P\u00e9rez, esta semana cerca de mil 500 funcionarios p\u00fablicos han pasado a depositar su declaraci\u00f3n jurada de bienes,&#046;&#046;&#046;\" \/>\n<meta property=\"og:url\" content=\"https:\/\/noti-america.com\/site\/repdom\/2020\/09\/18\/los-funcionario-mas-rico-del-nuevo-gobierno\/\" \/>\n<meta property=\"og:site_name\" content=\"Rep. Dominicana | Noti-America.com\" \/>\n<meta property=\"article:published_time\" content=\"2020-09-18T05:19:33+00:00\" \/>\n<meta property=\"article:modified_time\" content=\"2020-09-18T05:36:10+00:00\" \/>\n<meta property=\"og:image\" content=\"https:\/\/noti-america.com\/site\/repdom\/wp-content\/uploads\/sites\/6\/2020\/09\/descarga-1.jpeg\" \/>\n\t<meta property=\"og:image:width\" content=\"480\" \/>\n\t<meta property=\"og:image:height\" content=\"306\" \/>\n\t<meta property=\"og:image:type\" content=\"image\/jpeg\" \/>\n<meta name=\"author\" content=\"Ann\u00e9 Cruz\" \/>\n<meta name=\"twitter:card\" content=\"summary_large_image\" \/>\n<meta name=\"twitter:label1\" content=\"Escrito por\" \/>\n\t<meta name=\"twitter:data1\" content=\"Ann\u00e9 Cruz\" \/>\n\t<meta name=\"twitter:label2\" content=\"Tiempo estimado de lectura\" \/>\n\t<meta name=\"twitter:data2\" content=\"3 minutos\" \/>\n<script type=\"application\/ld+json\" class=\"yoast-schema-graph\">{\"@context\":\"https:\/\/schema.org\",\"@graph\":[{\"@type\":\"Article\",\"@id\":\"https:\/\/noti-america.com\/site\/repdom\/2020\/09\/18\/los-funcionario-mas-rico-del-nuevo-gobierno\/#article\",\"isPartOf\":{\"@id\":\"https:\/\/noti-america.com\/site\/repdom\/2020\/09\/18\/los-funcionario-mas-rico-del-nuevo-gobierno\/\"},\"author\":{\"name\":\"Ann\u00e9 Cruz\",\"@id\":\"https:\/\/noti-america.com\/site\/repdom\/#\/schema\/person\/01b6a5fcca2b30bc220da2842f0b6060\"},\"headline\":\"Los funcionarios m\u00e1s ricos del Nuevo Gobierno\",\"datePublished\":\"2020-09-18T05:19:33+00:00\",\"dateModified\":\"2020-09-18T05:36:10+00:00\",\"mainEntityOfPage\":{\"@id\":\"https:\/\/noti-america.com\/site\/repdom\/2020\/09\/18\/los-funcionario-mas-rico-del-nuevo-gobierno\/\"},\"wordCount\":674,\"commentCount\":0,\"publisher\":{\"@id\":\"https:\/\/noti-america.com\/site\/repdom\/#organization\"},\"image\":{\"@id\":\"https:\/\/noti-america.com\/site\/repdom\/2020\/09\/18\/los-funcionario-mas-rico-del-nuevo-gobierno\/#primaryimage\"},\"thumbnailUrl\":\"https:\/\/noti-america.com\/site\/repdom\/wp-content\/uploads\/sites\/6\/2020\/09\/descarga-1.jpeg\",\"keywords\":[\"#notianne #aquienrd #santodomingord #republicadominicana #rdlotienetodo #republicadominicanalotienetodo #dominicanrepublic #noticiasrd #periodismo #periodistas #periodismoRD #notiamerica\"],\"articleSection\":[\"Pol\u00edtica\"],\"inLanguage\":\"es\",\"potentialAction\":[{\"@type\":\"CommentAction\",\"name\":\"Comment\",\"target\":[\"https:\/\/noti-america.com\/site\/repdom\/2020\/09\/18\/los-funcionario-mas-rico-del-nuevo-gobierno\/#respond\"]}]},{\"@type\":\"WebPage\",\"@id\":\"https:\/\/noti-america.com\/site\/repdom\/2020\/09\/18\/los-funcionario-mas-rico-del-nuevo-gobierno\/\",\"url\":\"https:\/\/noti-america.com\/site\/repdom\/2020\/09\/18\/los-funcionario-mas-rico-del-nuevo-gobierno\/\",\"name\":\"Los funcionarios m\u00e1s ricos del Nuevo Gobierno - Rep. Dominicana | Noti-America.com\",\"isPartOf\":{\"@id\":\"https:\/\/noti-america.com\/site\/repdom\/#website\"},\"primaryImageOfPage\":{\"@id\":\"https:\/\/noti-america.com\/site\/repdom\/2020\/09\/18\/los-funcionario-mas-rico-del-nuevo-gobierno\/#primaryimage\"},\"image\":{\"@id\":\"https:\/\/noti-america.com\/site\/repdom\/2020\/09\/18\/los-funcionario-mas-rico-del-nuevo-gobierno\/#primaryimage\"},\"thumbnailUrl\":\"https:\/\/noti-america.com\/site\/repdom\/wp-content\/uploads\/sites\/6\/2020\/09\/descarga-1.jpeg\",\"datePublished\":\"2020-09-18T05:19:33+00:00\",\"dateModified\":\"2020-09-18T05:36:10+00:00\",\"breadcrumb\":{\"@id\":\"https:\/\/noti-america.com\/site\/repdom\/2020\/09\/18\/los-funcionario-mas-rico-del-nuevo-gobierno\/#breadcrumb\"},\"inLanguage\":\"es\",\"potentialAction\":[{\"@type\":\"ReadAction\",\"target\":[\"https:\/\/noti-america.com\/site\/repdom\/2020\/09\/18\/los-funcionario-mas-rico-del-nuevo-gobierno\/\"]}]},{\"@type\":\"ImageObject\",\"inLanguage\":\"es\",\"@id\":\"https:\/\/noti-america.com\/site\/repdom\/2020\/09\/18\/los-funcionario-mas-rico-del-nuevo-gobierno\/#primaryimage\",\"url\":\"https:\/\/noti-america.com\/site\/repdom\/wp-content\/uploads\/sites\/6\/2020\/09\/descarga-1.jpeg\",\"contentUrl\":\"https:\/\/noti-america.com\/site\/repdom\/wp-content\/uploads\/sites\/6\/2020\/09\/descarga-1.jpeg\",\"width\":480,\"height\":306},{\"@type\":\"BreadcrumbList\",\"@id\":\"https:\/\/noti-america.com\/site\/repdom\/2020\/09\/18\/los-funcionario-mas-rico-del-nuevo-gobierno\/#breadcrumb\",\"itemListElement\":[{\"@type\":\"ListItem\",\"position\":1,\"name\":\"Portada\",\"item\":\"https:\/\/noti-america.com\/site\/repdom\/\"},{\"@type\":\"ListItem\",\"position\":2,\"name\":\"Los funcionarios m\u00e1s ricos del Nuevo Gobierno\"}]},{\"@type\":\"WebSite\",\"@id\":\"https:\/\/noti-america.com\/site\/repdom\/#website\",\"url\":\"https:\/\/noti-america.com\/site\/repdom\/\",\"name\":\"Rep. Dominicana | Noti-America.com\",\"description\":\"\",\"publisher\":{\"@id\":\"https:\/\/noti-america.com\/site\/repdom\/#organization\"},\"potentialAction\":[{\"@type\":\"SearchAction\",\"target\":{\"@type\":\"EntryPoint\",\"urlTemplate\":\"https:\/\/noti-america.com\/site\/repdom\/?s={search_term_string}\"},\"query-input\":{\"@type\":\"PropertyValueSpecification\",\"valueRequired\":true,\"valueName\":\"search_term_string\"}}],\"inLanguage\":\"es\"},{\"@type\":\"Organization\",\"@id\":\"https:\/\/noti-america.com\/site\/repdom\/#organization\",\"name\":\"Noti-America LLC | Rep\u00fablica Dominicana\",\"url\":\"https:\/\/noti-america.com\/site\/repdom\/\",\"logo\":{\"@type\":\"ImageObject\",\"inLanguage\":\"es\",\"@id\":\"https:\/\/noti-america.com\/site\/repdom\/#\/schema\/logo\/image\/\",\"url\":\"https:\/\/noti-america.com\/site\/repdom\/wp-content\/uploads\/sites\/6\/2020\/07\/LogoNA-4x3-1.jpg\",\"contentUrl\":\"https:\/\/noti-america.com\/site\/repdom\/wp-content\/uploads\/sites\/6\/2020\/07\/LogoNA-4x3-1.jpg\",\"width\":1236,\"height\":1080,\"caption\":\"Noti-America LLC | Rep\u00fablica Dominicana\"},\"image\":{\"@id\":\"https:\/\/noti-america.com\/site\/repdom\/#\/schema\/logo\/image\/\"}},{\"@type\":\"Person\",\"@id\":\"https:\/\/noti-america.com\/site\/repdom\/#\/schema\/person\/01b6a5fcca2b30bc220da2842f0b6060\",\"name\":\"Ann\u00e9 Cruz\",\"image\":{\"@type\":\"ImageObject\",\"inLanguage\":\"es\",\"@id\":\"https:\/\/secure.gravatar.com\/avatar\/f5aaeb3fd16b65f7d601dd99d7f1dcaaf7065ea361b219976bcf5d43d0980e1b?s=96&d=mm&r=g\",\"url\":\"https:\/\/secure.gravatar.com\/avatar\/f5aaeb3fd16b65f7d601dd99d7f1dcaaf7065ea361b219976bcf5d43d0980e1b?s=96&d=mm&r=g\",\"contentUrl\":\"https:\/\/secure.gravatar.com\/avatar\/f5aaeb3fd16b65f7d601dd99d7f1dcaaf7065ea361b219976bcf5d43d0980e1b?s=96&d=mm&r=g\",\"caption\":\"Ann\u00e9 Cruz\"},\"description\":\"Emprendedora, publirrelacionista y periodista especializada en Comunicaci\u00f3n Pol\u00edtica e Institucional.\",\"url\":\"https:\/\/noti-america.com\/site\/repdom\/author\/adelacruz\/\"}]}<\/script>\n<!-- \/ Yoast SEO Premium plugin. -->","yoast_head_json":{"title":"Los funcionarios m\u00e1s ricos del Nuevo Gobierno - Rep. Dominicana | Noti-America.com","robots":{"index":"index","follow":"follow","max-snippet":"max-snippet:-1","max-image-preview":"max-image-preview:large","max-video-preview":"max-video-preview:-1"},"canonical":"https:\/\/noti-america.com\/site\/repdom\/2020\/09\/18\/los-funcionario-mas-rico-del-nuevo-gobierno\/","og_locale":"es_ES","og_type":"article","og_title":"Los funcionarios m\u00e1s ricos del Nuevo Gobierno","og_description":"Santo Domingo, RD.- Ante plazo dado por el presidente de la C\u00e1mara de Cuentas, Hugo \u00c1lvarez P\u00e9rez, esta semana cerca de mil 500 funcionarios p\u00fablicos han pasado a depositar su declaraci\u00f3n jurada de bienes,&#46;&#46;&#46;","og_url":"https:\/\/noti-america.com\/site\/repdom\/2020\/09\/18\/los-funcionario-mas-rico-del-nuevo-gobierno\/","og_site_name":"Rep. Dominicana | Noti-America.com","article_published_time":"2020-09-18T05:19:33+00:00","article_modified_time":"2020-09-18T05:36:10+00:00","og_image":[{"width":480,"height":306,"url":"https:\/\/noti-america.com\/site\/repdom\/wp-content\/uploads\/sites\/6\/2020\/09\/descarga-1.jpeg","type":"image\/jpeg"}],"author":"Ann\u00e9 Cruz","twitter_card":"summary_large_image","twitter_misc":{"Escrito por":"Ann\u00e9 Cruz","Tiempo estimado de lectura":"3 minutos"},"schema":{"@context":"https:\/\/schema.org","@graph":[{"@type":"Article","@id":"https:\/\/noti-america.com\/site\/repdom\/2020\/09\/18\/los-funcionario-mas-rico-del-nuevo-gobierno\/#article","isPartOf":{"@id":"https:\/\/noti-america.com\/site\/repdom\/2020\/09\/18\/los-funcionario-mas-rico-del-nuevo-gobierno\/"},"author":{"name":"Ann\u00e9 Cruz","@id":"https:\/\/noti-america.com\/site\/repdom\/#\/schema\/person\/01b6a5fcca2b30bc220da2842f0b6060"},"headline":"Los funcionarios m\u00e1s ricos del Nuevo Gobierno","datePublished":"2020-09-18T05:19:33+00:00","dateModified":"2020-09-18T05:36:10+00:00","mainEntityOfPage":{"@id":"https:\/\/noti-america.com\/site\/repdom\/2020\/09\/18\/los-funcionario-mas-rico-del-nuevo-gobierno\/"},"wordCount":674,"commentCount":0,"publisher":{"@id":"https:\/\/noti-america.com\/site\/repdom\/#organization"},"image":{"@id":"https:\/\/noti-america.com\/site\/repdom\/2020\/09\/18\/los-funcionario-mas-rico-del-nuevo-gobierno\/#primaryimage"},"thumbnailUrl":"https:\/\/noti-america.com\/site\/repdom\/wp-content\/uploads\/sites\/6\/2020\/09\/descarga-1.jpeg","keywords":["#notianne #aquienrd #santodomingord #republicadominicana #rdlotienetodo #republicadominicanalotienetodo #dominicanrepublic #noticiasrd #periodismo #periodistas #periodismoRD #notiamerica"],"articleSection":["Pol\u00edtica"],"inLanguage":"es","potentialAction":[{"@type":"CommentAction","name":"Comment","target":["https:\/\/noti-america.com\/site\/repdom\/2020\/09\/18\/los-funcionario-mas-rico-del-nuevo-gobierno\/#respond"]}]},{"@type":"WebPage","@id":"https:\/\/noti-america.com\/site\/repdom\/2020\/09\/18\/los-funcionario-mas-rico-del-nuevo-gobierno\/","url":"https:\/\/noti-america.com\/site\/repdom\/2020\/09\/18\/los-funcionario-mas-rico-del-nuevo-gobierno\/","name":"Los funcionarios m\u00e1s ricos del Nuevo Gobierno - Rep. Dominicana | Noti-America.com","isPartOf":{"@id":"https:\/\/noti-america.com\/site\/repdom\/#website"},"primaryImageOfPage":{"@id":"https:\/\/noti-america.com\/site\/repdom\/2020\/09\/18\/los-funcionario-mas-rico-del-nuevo-gobierno\/#primaryimage"},"image":{"@id":"https:\/\/noti-america.com\/site\/repdom\/2020\/09\/18\/los-funcionario-mas-rico-del-nuevo-gobierno\/#primaryimage"},"thumbnailUrl":"https:\/\/noti-america.com\/site\/repdom\/wp-content\/uploads\/sites\/6\/2020\/09\/descarga-1.jpeg","datePublished":"2020-09-18T05:19:33+00:00","dateModified":"2020-09-18T05:36:10+00:00","breadcrumb":{"@id":"https:\/\/noti-america.com\/site\/repdom\/2020\/09\/18\/los-funcionario-mas-rico-del-nuevo-gobierno\/#breadcrumb"},"inLanguage":"es","potentialAction":[{"@type":"ReadAction","target":["https:\/\/noti-america.com\/site\/repdom\/2020\/09\/18\/los-funcionario-mas-rico-del-nuevo-gobierno\/"]}]},{"@type":"ImageObject","inLanguage":"es","@id":"https:\/\/noti-america.com\/site\/repdom\/2020\/09\/18\/los-funcionario-mas-rico-del-nuevo-gobierno\/#primaryimage","url":"https:\/\/noti-america.com\/site\/repdom\/wp-content\/uploads\/sites\/6\/2020\/09\/descarga-1.jpeg","contentUrl":"https:\/\/noti-america.com\/site\/repdom\/wp-content\/uploads\/sites\/6\/2020\/09\/descarga-1.jpeg","width":480,"height":306},{"@type":"BreadcrumbList","@id":"https:\/\/noti-america.com\/site\/repdom\/2020\/09\/18\/los-funcionario-mas-rico-del-nuevo-gobierno\/#breadcrumb","itemListElement":[{"@type":"ListItem","position":1,"name":"Portada","item":"https:\/\/noti-america.com\/site\/repdom\/"},{"@type":"ListItem","position":2,"name":"Los funcionarios m\u00e1s ricos del Nuevo Gobierno"}]},{"@type":"WebSite","@id":"https:\/\/noti-america.com\/site\/repdom\/#website","url":"https:\/\/noti-america.com\/site\/repdom\/","name":"Rep. Dominicana | Noti-America.com","description":"","publisher":{"@id":"https:\/\/noti-america.com\/site\/repdom\/#organization"},"potentialAction":[{"@type":"SearchAction","target":{"@type":"EntryPoint","urlTemplate":"https:\/\/noti-america.com\/site\/repdom\/?s={search_term_string}"},"query-input":{"@type":"PropertyValueSpecification","valueRequired":true,"valueName":"search_term_string"}}],"inLanguage":"es"},{"@type":"Organization","@id":"https:\/\/noti-america.com\/site\/repdom\/#organization","name":"Noti-America LLC | Rep\u00fablica Dominicana","url":"https:\/\/noti-america.com\/site\/repdom\/","logo":{"@type":"ImageObject","inLanguage":"es","@id":"https:\/\/noti-america.com\/site\/repdom\/#\/schema\/logo\/image\/","url":"https:\/\/noti-america.com\/site\/repdom\/wp-content\/uploads\/sites\/6\/2020\/07\/LogoNA-4x3-1.jpg","contentUrl":"https:\/\/noti-america.com\/site\/repdom\/wp-content\/uploads\/sites\/6\/2020\/07\/LogoNA-4x3-1.jpg","width":1236,"height":1080,"caption":"Noti-America LLC | Rep\u00fablica Dominicana"},"image":{"@id":"https:\/\/noti-america.com\/site\/repdom\/#\/schema\/logo\/image\/"}},{"@type":"Person","@id":"https:\/\/noti-america.com\/site\/repdom\/#\/schema\/person\/01b6a5fcca2b30bc220da2842f0b6060","name":"Ann\u00e9 Cruz","image":{"@type":"ImageObject","inLanguage":"es","@id":"https:\/\/secure.gravatar.com\/avatar\/f5aaeb3fd16b65f7d601dd99d7f1dcaaf7065ea361b219976bcf5d43d0980e1b?s=96&d=mm&r=g","url":"https:\/\/secure.gravatar.com\/avatar\/f5aaeb3fd16b65f7d601dd99d7f1dcaaf7065ea361b219976bcf5d43d0980e1b?s=96&d=mm&r=g","contentUrl":"https:\/\/secure.gravatar.com\/avatar\/f5aaeb3fd16b65f7d601dd99d7f1dcaaf7065ea361b219976bcf5d43d0980e1b?s=96&d=mm&r=g","caption":"Ann\u00e9 Cruz"},"description":"Emprendedora, publirrelacionista y periodista especializada en Comunicaci\u00f3n Pol\u00edtica e Institucional.","url":"https:\/\/noti-america.com\/site\/repdom\/author\/adelacruz\/"}]}},"_links":{"self":[{"href":"https:\/\/noti-america.com\/site\/repdom\/wp-json\/wp\/v2\/posts\/4249","targetHints":{"allow":["GET"]}}],"collection":[{"href":"https:\/\/noti-america.com\/site\/repdom\/wp-json\/wp\/v2\/posts"}],"about":[{"href":"https:\/\/noti-america.com\/site\/repdom\/wp-json\/wp\/v2\/types\/post"}],"author":[{"embeddable":true,"href":"https:\/\/noti-america.com\/site\/repdom\/wp-json\/wp\/v2\/users\/99"}],"replies":[{"embeddable":true,"href":"https:\/\/noti-america.com\/site\/repdom\/wp-json\/wp\/v2\/comments?post=4249"}],"version-history":[{"count":3,"href":"https:\/\/noti-america.com\/site\/repdom\/wp-json\/wp\/v2\/posts\/4249\/revisions"}],"predecessor-version":[{"id":4255,"href":"https:\/\/noti-america.com\/site\/repdom\/wp-json\/wp\/v2\/posts\/4249\/revisions\/4255"}],"wp:featuredmedia":[{"embeddable":true,"href":"https:\/\/noti-america.com\/site\/repdom\/wp-json\/wp\/v2\/media\/4250"}],"wp:attachment":[{"href":"https:\/\/noti-america.com\/site\/repdom\/wp-json\/wp\/v2\/media?parent=4249"}],"wp:term":[{"taxonomy":"category","embeddable":true,"href":"https:\/\/noti-america.com\/site\/repdom\/wp-json\/wp\/v2\/categories?post=4249"},{"taxonomy":"post_tag","embeddable":true,"href":"https:\/\/noti-america.com\/site\/repdom\/wp-json\/wp\/v2\/tags?post=4249"}],"curies":[{"name":"wp","href":"https:\/\/api.w.org\/{rel}","templated":true}]}}