{"id":4158,"date":"2020-09-16T16:46:30","date_gmt":"2020-09-16T16:46:30","guid":{"rendered":"https:\/\/noti-america.com\/site\/repdom\/?p=4158"},"modified":"2020-09-16T16:46:30","modified_gmt":"2020-09-16T16:46:30","slug":"ministerio-de-salud-publica-otorga-aval-a-la-lidom-para-la-temporada-invernal","status":"publish","type":"post","link":"https:\/\/noti-america.com\/site\/repdom\/2020\/09\/16\/ministerio-de-salud-publica-otorga-aval-a-la-lidom-para-la-temporada-invernal\/","title":{"rendered":"Ministerio de Salud P\u00fablica otorga aval a la LIDOM para la temporada invernal"},"content":{"rendered":"<blockquote class=\"twitter-tweet\" data-width=\"500\" data-dnt=\"true\">\n<p lang=\"es\" dir=\"ltr\">El Ministerio de <a href=\"https:\/\/twitter.com\/SaludPublicaRD?ref_src=twsrc%5Etfw\">@SaludPublicaRD<\/a> dio su aval para la pr\u00f3xima temporada invernal de la <a href=\"https:\/\/twitter.com\/LIDOMRD?ref_src=twsrc%5Etfw\">@LIDOMRD<\/a> 2020-2021 <a href=\"https:\/\/t.co\/rTloEuk8EJ\">pic.twitter.com\/rTloEuk8EJ<\/a><\/p>\n<p>&mdash; Mezcla Deportiva (@mezcladeportiva) <a href=\"https:\/\/twitter.com\/mezcladeportiva\/status\/1306269189670346755?ref_src=twsrc%5Etfw\">September 16, 2020<\/a><\/p><\/blockquote>\n<p><script async src=\"https:\/\/platform.twitter.com\/widgets.js\" charset=\"utf-8\"><\/script><\/p>\n<p style=\"text-align: justify\">SANTO DOMINGO &#8211; El Ministerio de Salud anunci\u00f3 que la Liga Dominicana de B\u00e9isbol cuenta con el aval de la instituci\u00f3n para realizar la temporada invernal 2020-2021 pautada para el 15 de noviembre atendiendo a los protocolos de salud.<\/p>\n<p style=\"text-align: justify\">Para tales fines, el funcionario de Salud, doctor Plutarco Arias y el Comisionado Nacional de B\u00e9isbol, Junior Noboa, sostuvieron una reuni\u00f3n para tratar los protocolos que se aplicar\u00e1n a los seis equipos que participar\u00e1n del torneo.<\/p>\n<p style=\"text-align: justify\">Arias dijo que este deporte es muy importante para el pa\u00eds y que se tomar\u00e1n todas las medidas necesarias para que se realice en todo su esplendor y seguridad sanitaria como cada a\u00f1o.<\/p>\n<p style=\"text-align: justify\">\u201cEstos muchachos j\u00f3venes, sanos y de bajo riesgo, los protegeremos b\u00e1sicamente con la distancia corporal, lavado de manos y el uso de mascarillas en las ocasiones que se puedan, porque son atletas, y en t\u00e9rmino general yo pienso que con esto ganan todos y gana el pa\u00eds\u201d, dijo el ministro.<\/p>\n<p style=\"text-align: justify\">Indic\u00f3 que design\u00f3 a un equipo m\u00e9dico para inspeccionar que se mantengan los protocolos en la liga y que est\u00e1n en condiciones de hacer los aportes que sean necesarios, facilitando las pruebas PCR que requieran para saber la situaci\u00f3n de salud de los atletas.<\/p>\n<p style=\"text-align: justify\">De su lado, el Comisionado Nacional de B\u00e9isbol, Junior Noboa, agradeci\u00f3 a las autoridades de salud en nombre del deporte dominicano y garantizo que se aplicar\u00e1n los protocolos durante las actividades deportivas.<\/p>\n<p style=\"text-align: justify\">Dijo que es una gran noticia ya que la Rep\u00fablica Dominicana es la base de entrenamiento internacional m\u00e1s grande que hay fuera de los Estados Unidos.<\/p>\n<p style=\"text-align: justify\">Afirm\u00f3 que desde ya se est\u00e1 trabajando para los preparativos del b\u00e9isbol invernal que es tan popular en el pa\u00eds, con todos los protocolos para que en los pr\u00f3ximos meses se celebre la temporada de b\u00e9isbol que es el pasatiempo de los dominicanos.<\/p>\n<p style=\"text-align: justify\">En el encuentro, adem\u00e1s del doctor Plutarco Arias y el Comisionado Nacional de B\u00e9isbol, Junior Noboa, participaron Yerik P\u00e9rez, director de operaciones de MLB; Raymond Blais, encargado del Programa de Sustancias Prohibidas, y el doctor Porfirio Cabral, enlace entre la oficina del Comisionado y el Ministerio de Salud.<\/p>\n<p style=\"text-align: justify\"><strong>Fuente: Direcci\u00f3n de Comunicaci\u00f3n del Ministerio de Salud P\u00fablica<\/strong><\/p>\n","protected":false},"excerpt":{"rendered":"<p>El Ministerio de @SaludPublicaRD dio su aval para la pr\u00f3xima temporada invernal de la @LIDOMRD 2020-2021 pic.twitter.com\/rTloEuk8EJ &mdash; Mezcla Deportiva (@mezcladeportiva) September 16, 2020 SANTO DOMINGO &#8211; El Ministerio de Salud anunci\u00f3 que la&#46;&#46;&#46;<\/p>\n","protected":false},"author":89,"featured_media":0,"comment_status":"open","ping_status":"open","sticky":false,"template":"","format":"standard","meta":{"_acf_changed":false,"rop_custom_images_group":[],"rop_custom_messages_group":[],"rop_publish_now":"initial","rop_publish_now_accounts":[],"rop_publish_now_history":[],"rop_publish_now_status":"pending","footnotes":""},"categories":[16],"tags":[119,359,358,122,336,335],"class_list":["post-4158","post","type-post","status-publish","format-standard","hentry","category-deportes","tag-beisbol-dominicano","tag-comisionado-nacional-de-beisbol","tag-junior-noboa","tag-liga-dominicana-de-beisbol-profesional","tag-ministerio-de-salud-publica","tag-plutarco-arias"],"acf":[],"yoast_head":"<!-- This site is optimized with the Yoast SEO Premium plugin v24.9 (Yoast SEO v27.2) - https:\/\/yoast.com\/product\/yoast-seo-premium-wordpress\/ -->\n<title>Ministerio de Salud P\u00fablica otorga aval a la LIDOM para la temporada invernal - Rep. Dominicana | Noti-America.com<\/title>\n<meta name=\"robots\" content=\"index, follow, max-snippet:-1, max-image-preview:large, max-video-preview:-1\" \/>\n<link rel=\"canonical\" href=\"https:\/\/noti-america.com\/site\/repdom\/2020\/09\/16\/ministerio-de-salud-publica-otorga-aval-a-la-lidom-para-la-temporada-invernal\/\" \/>\n<meta property=\"og:locale\" content=\"es_ES\" \/>\n<meta property=\"og:type\" content=\"article\" \/>\n<meta property=\"og:title\" content=\"Ministerio de Salud P\u00fablica otorga aval a la LIDOM para la temporada invernal\" \/>\n<meta property=\"og:description\" content=\"El Ministerio de @SaludPublicaRD dio su aval para la pr\u00f3xima temporada invernal de la @LIDOMRD 2020-2021 pic.twitter.com\/rTloEuk8EJ &mdash; Mezcla Deportiva (@mezcladeportiva) September 16, 2020 SANTO DOMINGO &#8211; El Ministerio de Salud anunci\u00f3 que la&#046;&#046;&#046;\" \/>\n<meta property=\"og:url\" content=\"https:\/\/noti-america.com\/site\/repdom\/2020\/09\/16\/ministerio-de-salud-publica-otorga-aval-a-la-lidom-para-la-temporada-invernal\/\" \/>\n<meta property=\"og:site_name\" content=\"Rep. Dominicana | Noti-America.com\" \/>\n<meta property=\"article:published_time\" content=\"2020-09-16T16:46:30+00:00\" \/>\n<meta name=\"author\" content=\"Ad\u00e1n Soriano\" \/>\n<meta name=\"twitter:card\" content=\"summary_large_image\" \/>\n<meta name=\"twitter:creator\" content=\"@adansoriano\" \/>\n<meta name=\"twitter:label1\" content=\"Escrito por\" \/>\n\t<meta name=\"twitter:data1\" content=\"Ad\u00e1n Soriano\" \/>\n\t<meta name=\"twitter:label2\" content=\"Tiempo estimado de lectura\" \/>\n\t<meta name=\"twitter:data2\" content=\"2 minutos\" \/>\n<script type=\"application\/ld+json\" class=\"yoast-schema-graph\">{\"@context\":\"https:\/\/schema.org\",\"@graph\":[{\"@type\":\"Article\",\"@id\":\"https:\/\/noti-america.com\/site\/repdom\/2020\/09\/16\/ministerio-de-salud-publica-otorga-aval-a-la-lidom-para-la-temporada-invernal\/#article\",\"isPartOf\":{\"@id\":\"https:\/\/noti-america.com\/site\/repdom\/2020\/09\/16\/ministerio-de-salud-publica-otorga-aval-a-la-lidom-para-la-temporada-invernal\/\"},\"author\":{\"name\":\"Ad\u00e1n Soriano\",\"@id\":\"https:\/\/noti-america.com\/site\/repdom\/#\/schema\/person\/fd0092c1530d275fabaa5cffcbc2b976\"},\"headline\":\"Ministerio de Salud P\u00fablica otorga aval a la LIDOM para la temporada invernal\",\"datePublished\":\"2020-09-16T16:46:30+00:00\",\"mainEntityOfPage\":{\"@id\":\"https:\/\/noti-america.com\/site\/repdom\/2020\/09\/16\/ministerio-de-salud-publica-otorga-aval-a-la-lidom-para-la-temporada-invernal\/\"},\"wordCount\":409,\"commentCount\":0,\"publisher\":{\"@id\":\"https:\/\/noti-america.com\/site\/repdom\/#organization\"},\"keywords\":[\"B\u00e9isbol Dominicano\",\"Comisionado Nacional de B\u00e9isbol\",\"Junior Noboa\",\"Liga Dominicana de B\u00e9isbol Profesional\",\"Ministerio de Salud P\u00fablica\",\"Plutarco Arias\"],\"articleSection\":[\"Deportes\"],\"inLanguage\":\"es\",\"potentialAction\":[{\"@type\":\"CommentAction\",\"name\":\"Comment\",\"target\":[\"https:\/\/noti-america.com\/site\/repdom\/2020\/09\/16\/ministerio-de-salud-publica-otorga-aval-a-la-lidom-para-la-temporada-invernal\/#respond\"]}]},{\"@type\":\"WebPage\",\"@id\":\"https:\/\/noti-america.com\/site\/repdom\/2020\/09\/16\/ministerio-de-salud-publica-otorga-aval-a-la-lidom-para-la-temporada-invernal\/\",\"url\":\"https:\/\/noti-america.com\/site\/repdom\/2020\/09\/16\/ministerio-de-salud-publica-otorga-aval-a-la-lidom-para-la-temporada-invernal\/\",\"name\":\"Ministerio de Salud P\u00fablica otorga aval a la LIDOM para la temporada invernal - Rep. Dominicana | Noti-America.com\",\"isPartOf\":{\"@id\":\"https:\/\/noti-america.com\/site\/repdom\/#website\"},\"datePublished\":\"2020-09-16T16:46:30+00:00\",\"breadcrumb\":{\"@id\":\"https:\/\/noti-america.com\/site\/repdom\/2020\/09\/16\/ministerio-de-salud-publica-otorga-aval-a-la-lidom-para-la-temporada-invernal\/#breadcrumb\"},\"inLanguage\":\"es\",\"potentialAction\":[{\"@type\":\"ReadAction\",\"target\":[\"https:\/\/noti-america.com\/site\/repdom\/2020\/09\/16\/ministerio-de-salud-publica-otorga-aval-a-la-lidom-para-la-temporada-invernal\/\"]}]},{\"@type\":\"BreadcrumbList\",\"@id\":\"https:\/\/noti-america.com\/site\/repdom\/2020\/09\/16\/ministerio-de-salud-publica-otorga-aval-a-la-lidom-para-la-temporada-invernal\/#breadcrumb\",\"itemListElement\":[{\"@type\":\"ListItem\",\"position\":1,\"name\":\"Portada\",\"item\":\"https:\/\/noti-america.com\/site\/repdom\/\"},{\"@type\":\"ListItem\",\"position\":2,\"name\":\"Ministerio de Salud P\u00fablica otorga aval a la LIDOM para la temporada invernal\"}]},{\"@type\":\"WebSite\",\"@id\":\"https:\/\/noti-america.com\/site\/repdom\/#website\",\"url\":\"https:\/\/noti-america.com\/site\/repdom\/\",\"name\":\"Rep. Dominicana | Noti-America.com\",\"description\":\"\",\"publisher\":{\"@id\":\"https:\/\/noti-america.com\/site\/repdom\/#organization\"},\"potentialAction\":[{\"@type\":\"SearchAction\",\"target\":{\"@type\":\"EntryPoint\",\"urlTemplate\":\"https:\/\/noti-america.com\/site\/repdom\/?s={search_term_string}\"},\"query-input\":{\"@type\":\"PropertyValueSpecification\",\"valueRequired\":true,\"valueName\":\"search_term_string\"}}],\"inLanguage\":\"es\"},{\"@type\":\"Organization\",\"@id\":\"https:\/\/noti-america.com\/site\/repdom\/#organization\",\"name\":\"Noti-America LLC | Rep\u00fablica Dominicana\",\"url\":\"https:\/\/noti-america.com\/site\/repdom\/\",\"logo\":{\"@type\":\"ImageObject\",\"inLanguage\":\"es\",\"@id\":\"https:\/\/noti-america.com\/site\/repdom\/#\/schema\/logo\/image\/\",\"url\":\"https:\/\/noti-america.com\/site\/repdom\/wp-content\/uploads\/sites\/6\/2020\/07\/LogoNA-4x3-1.jpg\",\"contentUrl\":\"https:\/\/noti-america.com\/site\/repdom\/wp-content\/uploads\/sites\/6\/2020\/07\/LogoNA-4x3-1.jpg\",\"width\":1236,\"height\":1080,\"caption\":\"Noti-America LLC | Rep\u00fablica Dominicana\"},\"image\":{\"@id\":\"https:\/\/noti-america.com\/site\/repdom\/#\/schema\/logo\/image\/\"}},{\"@type\":\"Person\",\"@id\":\"https:\/\/noti-america.com\/site\/repdom\/#\/schema\/person\/fd0092c1530d275fabaa5cffcbc2b976\",\"name\":\"Ad\u00e1n Soriano\",\"image\":{\"@type\":\"ImageObject\",\"inLanguage\":\"es\",\"@id\":\"https:\/\/secure.gravatar.com\/avatar\/ecf97ff3aee7ff9efdae670d7e976f3e7e8acc1077e510d73707999a8bfd4467?s=96&d=mm&r=g\",\"url\":\"https:\/\/secure.gravatar.com\/avatar\/ecf97ff3aee7ff9efdae670d7e976f3e7e8acc1077e510d73707999a8bfd4467?s=96&d=mm&r=g\",\"contentUrl\":\"https:\/\/secure.gravatar.com\/avatar\/ecf97ff3aee7ff9efdae670d7e976f3e7e8acc1077e510d73707999a8bfd4467?s=96&d=mm&r=g\",\"caption\":\"Ad\u00e1n Soriano\"},\"description\":\"Soy cronista deportivo con 10 a\u00f1os de experiencia en varios espacios, y conduzco el podcast deportivo llamado Mezcla Deportiva\",\"sameAs\":[\"https:\/\/x.com\/adansoriano\"],\"url\":\"https:\/\/noti-america.com\/site\/repdom\/author\/asoriano\/\"}]}<\/script>\n<!-- \/ Yoast SEO Premium plugin. -->","yoast_head_json":{"title":"Ministerio de Salud P\u00fablica otorga aval a la LIDOM para la temporada invernal - Rep. Dominicana | Noti-America.com","robots":{"index":"index","follow":"follow","max-snippet":"max-snippet:-1","max-image-preview":"max-image-preview:large","max-video-preview":"max-video-preview:-1"},"canonical":"https:\/\/noti-america.com\/site\/repdom\/2020\/09\/16\/ministerio-de-salud-publica-otorga-aval-a-la-lidom-para-la-temporada-invernal\/","og_locale":"es_ES","og_type":"article","og_title":"Ministerio de Salud P\u00fablica otorga aval a la LIDOM para la temporada invernal","og_description":"El Ministerio de @SaludPublicaRD dio su aval para la pr\u00f3xima temporada invernal de la @LIDOMRD 2020-2021 pic.twitter.com\/rTloEuk8EJ &mdash; Mezcla Deportiva (@mezcladeportiva) September 16, 2020 SANTO DOMINGO &#8211; El Ministerio de Salud anunci\u00f3 que la&#46;&#46;&#46;","og_url":"https:\/\/noti-america.com\/site\/repdom\/2020\/09\/16\/ministerio-de-salud-publica-otorga-aval-a-la-lidom-para-la-temporada-invernal\/","og_site_name":"Rep. Dominicana | Noti-America.com","article_published_time":"2020-09-16T16:46:30+00:00","author":"Ad\u00e1n Soriano","twitter_card":"summary_large_image","twitter_creator":"@adansoriano","twitter_misc":{"Escrito por":"Ad\u00e1n Soriano","Tiempo estimado de lectura":"2 minutos"},"schema":{"@context":"https:\/\/schema.org","@graph":[{"@type":"Article","@id":"https:\/\/noti-america.com\/site\/repdom\/2020\/09\/16\/ministerio-de-salud-publica-otorga-aval-a-la-lidom-para-la-temporada-invernal\/#article","isPartOf":{"@id":"https:\/\/noti-america.com\/site\/repdom\/2020\/09\/16\/ministerio-de-salud-publica-otorga-aval-a-la-lidom-para-la-temporada-invernal\/"},"author":{"name":"Ad\u00e1n Soriano","@id":"https:\/\/noti-america.com\/site\/repdom\/#\/schema\/person\/fd0092c1530d275fabaa5cffcbc2b976"},"headline":"Ministerio de Salud P\u00fablica otorga aval a la LIDOM para la temporada invernal","datePublished":"2020-09-16T16:46:30+00:00","mainEntityOfPage":{"@id":"https:\/\/noti-america.com\/site\/repdom\/2020\/09\/16\/ministerio-de-salud-publica-otorga-aval-a-la-lidom-para-la-temporada-invernal\/"},"wordCount":409,"commentCount":0,"publisher":{"@id":"https:\/\/noti-america.com\/site\/repdom\/#organization"},"keywords":["B\u00e9isbol Dominicano","Comisionado Nacional de B\u00e9isbol","Junior Noboa","Liga Dominicana de B\u00e9isbol Profesional","Ministerio de Salud P\u00fablica","Plutarco Arias"],"articleSection":["Deportes"],"inLanguage":"es","potentialAction":[{"@type":"CommentAction","name":"Comment","target":["https:\/\/noti-america.com\/site\/repdom\/2020\/09\/16\/ministerio-de-salud-publica-otorga-aval-a-la-lidom-para-la-temporada-invernal\/#respond"]}]},{"@type":"WebPage","@id":"https:\/\/noti-america.com\/site\/repdom\/2020\/09\/16\/ministerio-de-salud-publica-otorga-aval-a-la-lidom-para-la-temporada-invernal\/","url":"https:\/\/noti-america.com\/site\/repdom\/2020\/09\/16\/ministerio-de-salud-publica-otorga-aval-a-la-lidom-para-la-temporada-invernal\/","name":"Ministerio de Salud P\u00fablica otorga aval a la LIDOM para la temporada invernal - Rep. Dominicana | Noti-America.com","isPartOf":{"@id":"https:\/\/noti-america.com\/site\/repdom\/#website"},"datePublished":"2020-09-16T16:46:30+00:00","breadcrumb":{"@id":"https:\/\/noti-america.com\/site\/repdom\/2020\/09\/16\/ministerio-de-salud-publica-otorga-aval-a-la-lidom-para-la-temporada-invernal\/#breadcrumb"},"inLanguage":"es","potentialAction":[{"@type":"ReadAction","target":["https:\/\/noti-america.com\/site\/repdom\/2020\/09\/16\/ministerio-de-salud-publica-otorga-aval-a-la-lidom-para-la-temporada-invernal\/"]}]},{"@type":"BreadcrumbList","@id":"https:\/\/noti-america.com\/site\/repdom\/2020\/09\/16\/ministerio-de-salud-publica-otorga-aval-a-la-lidom-para-la-temporada-invernal\/#breadcrumb","itemListElement":[{"@type":"ListItem","position":1,"name":"Portada","item":"https:\/\/noti-america.com\/site\/repdom\/"},{"@type":"ListItem","position":2,"name":"Ministerio de Salud P\u00fablica otorga aval a la LIDOM para la temporada invernal"}]},{"@type":"WebSite","@id":"https:\/\/noti-america.com\/site\/repdom\/#website","url":"https:\/\/noti-america.com\/site\/repdom\/","name":"Rep. Dominicana | Noti-America.com","description":"","publisher":{"@id":"https:\/\/noti-america.com\/site\/repdom\/#organization"},"potentialAction":[{"@type":"SearchAction","target":{"@type":"EntryPoint","urlTemplate":"https:\/\/noti-america.com\/site\/repdom\/?s={search_term_string}"},"query-input":{"@type":"PropertyValueSpecification","valueRequired":true,"valueName":"search_term_string"}}],"inLanguage":"es"},{"@type":"Organization","@id":"https:\/\/noti-america.com\/site\/repdom\/#organization","name":"Noti-America LLC | Rep\u00fablica Dominicana","url":"https:\/\/noti-america.com\/site\/repdom\/","logo":{"@type":"ImageObject","inLanguage":"es","@id":"https:\/\/noti-america.com\/site\/repdom\/#\/schema\/logo\/image\/","url":"https:\/\/noti-america.com\/site\/repdom\/wp-content\/uploads\/sites\/6\/2020\/07\/LogoNA-4x3-1.jpg","contentUrl":"https:\/\/noti-america.com\/site\/repdom\/wp-content\/uploads\/sites\/6\/2020\/07\/LogoNA-4x3-1.jpg","width":1236,"height":1080,"caption":"Noti-America LLC | Rep\u00fablica Dominicana"},"image":{"@id":"https:\/\/noti-america.com\/site\/repdom\/#\/schema\/logo\/image\/"}},{"@type":"Person","@id":"https:\/\/noti-america.com\/site\/repdom\/#\/schema\/person\/fd0092c1530d275fabaa5cffcbc2b976","name":"Ad\u00e1n Soriano","image":{"@type":"ImageObject","inLanguage":"es","@id":"https:\/\/secure.gravatar.com\/avatar\/ecf97ff3aee7ff9efdae670d7e976f3e7e8acc1077e510d73707999a8bfd4467?s=96&d=mm&r=g","url":"https:\/\/secure.gravatar.com\/avatar\/ecf97ff3aee7ff9efdae670d7e976f3e7e8acc1077e510d73707999a8bfd4467?s=96&d=mm&r=g","contentUrl":"https:\/\/secure.gravatar.com\/avatar\/ecf97ff3aee7ff9efdae670d7e976f3e7e8acc1077e510d73707999a8bfd4467?s=96&d=mm&r=g","caption":"Ad\u00e1n Soriano"},"description":"Soy cronista deportivo con 10 a\u00f1os de experiencia en varios espacios, y conduzco el podcast deportivo llamado Mezcla Deportiva","sameAs":["https:\/\/x.com\/adansoriano"],"url":"https:\/\/noti-america.com\/site\/repdom\/author\/asoriano\/"}]}},"_links":{"self":[{"href":"https:\/\/noti-america.com\/site\/repdom\/wp-json\/wp\/v2\/posts\/4158","targetHints":{"allow":["GET"]}}],"collection":[{"href":"https:\/\/noti-america.com\/site\/repdom\/wp-json\/wp\/v2\/posts"}],"about":[{"href":"https:\/\/noti-america.com\/site\/repdom\/wp-json\/wp\/v2\/types\/post"}],"author":[{"embeddable":true,"href":"https:\/\/noti-america.com\/site\/repdom\/wp-json\/wp\/v2\/users\/89"}],"replies":[{"embeddable":true,"href":"https:\/\/noti-america.com\/site\/repdom\/wp-json\/wp\/v2\/comments?post=4158"}],"version-history":[{"count":1,"href":"https:\/\/noti-america.com\/site\/repdom\/wp-json\/wp\/v2\/posts\/4158\/revisions"}],"predecessor-version":[{"id":4183,"href":"https:\/\/noti-america.com\/site\/repdom\/wp-json\/wp\/v2\/posts\/4158\/revisions\/4183"}],"wp:attachment":[{"href":"https:\/\/noti-america.com\/site\/repdom\/wp-json\/wp\/v2\/media?parent=4158"}],"wp:term":[{"taxonomy":"category","embeddable":true,"href":"https:\/\/noti-america.com\/site\/repdom\/wp-json\/wp\/v2\/categories?post=4158"},{"taxonomy":"post_tag","embeddable":true,"href":"https:\/\/noti-america.com\/site\/repdom\/wp-json\/wp\/v2\/tags?post=4158"}],"curies":[{"name":"wp","href":"https:\/\/api.w.org\/{rel}","templated":true}]}}