{"id":4004,"date":"2020-09-11T05:05:41","date_gmt":"2020-09-11T05:05:41","guid":{"rendered":"https:\/\/noti-america.com\/site\/repdom\/?p=4004"},"modified":"2020-09-11T05:08:35","modified_gmt":"2020-09-11T05:08:35","slug":"gobierno-presenta-nuevo-plan-penitenciario","status":"publish","type":"post","link":"https:\/\/noti-america.com\/site\/repdom\/2020\/09\/11\/gobierno-presenta-nuevo-plan-penitenciario\/","title":{"rendered":"Gobierno presenta nuevo Plan Penitenciario"},"content":{"rendered":"<p style=\"text-align: justify\">SANTO DOMINGO, RD.- El presidente de la Rep\u00fablica, Abinader, present\u00f3 este jueves\u00a0 mediante una rueda de prensa, el plan del gobierno para la Reforma Penitenciaria e Integral.<\/p>\n<p style=\"text-align: justify\">Durante la presentaci\u00f3n del plan, el mandatario anunci\u00f3 la designaci\u00f3n de Roberto Santana como asesor honor\u00edfico del Poder Ejecutivo. Asimismo afirm\u00f3 que la reforma es \u00abvital y\u00a0 de m\u00e1xima urgencia\u00bb y que la misma incluye un nuevo modelo de seguridad ciudadana.<\/p>\n<p style=\"text-align: justify\">\u201cLa reforma penitenciaria tiene como objetivo contribuir a la seguridad ciudadana y la disminuci\u00f3n de la criminalidad, el respeto a la dignidad de las personas en conflicto con la ley penal y sus posible reinserci\u00f3n social, as\u00ed como la protecci\u00f3n de las v\u00edctimas y las comunidades\u201d, explic\u00f3 Abinader.<\/p>\n<p style=\"text-align: justify\">Adem\u00e1s dijo que el Gobierno buscar\u00e1 la manera de bloquear las llamadas de celulares\u00a0 que se realizan desde las c\u00e1rceles, c\u00f3mo medida temporal, hasta que se complete la reforma penitenciaria, con la cual se va a evitar el sicariato desde detr\u00e1s de las rejas.<\/p>\n<p style=\"text-align: justify\">\u201cLos cr\u00edmenes se est\u00e1n organizando desde las c\u00e1rceles de la Rep\u00fablica, por lo tanto, mejorar el sistema penitenciario es vital\u201d, indic\u00f3 Abinader.<\/p>\n<p style=\"text-align: justify\">\u201cComo dije en mi discurso de juramentaci\u00f3n, en una sociedad libre, moderna, democr\u00e1tica y avanzada, como la que aspira a ser la dominicana,\u00a0 todos merecemos desarrollar un proyecto de vida sin violencia\u201d, record\u00f3 el presidente.<\/p>\n<p style=\"text-align: justify\">De su parte, Roberto Santana expres\u00f3\u00a0 que para adecuar todas las c\u00e1rceles\u00a0 del pa\u00eds se necesitar\u00e1 81 millones de d\u00f3lares.<\/p>\n<p style=\"text-align: justify\">\u201cNo va a quedar piedra sobre piedra porque el sistema tradicional corrupto, indigno, ser\u00e1 borrado\u201d, se\u00f1al\u00f3 Roberto Santana.<\/p>\n<p style=\"text-align: justify\">La presentaci\u00f3n del plan\u00a0 fue llevada a cabo en el sal\u00f3n Las Cari\u00e1tides del Palacio Nacional y cont\u00f3 con la presencia de LisandroMacarrulla, ministro de la Presidencia; Jes\u00fas V\u00e1squez, ministro de Interior y Polic\u00eda; mayor general Edward S\u00e1nchez, director de la Polic\u00eda Nacional; y el vicealmirante Jos\u00e9 Manuel Cabrera, presidente de la Direcci\u00f3n Nacional de Control de Drogas (DNCD), entre otros funcionarios.<\/p>\n<p style=\"text-align: justify\">F:GD<\/p>\n","protected":false},"excerpt":{"rendered":"<p>SANTO DOMINGO, RD.- El presidente de la Rep\u00fablica, Abinader, present\u00f3 este jueves\u00a0 mediante una rueda de prensa, el plan del gobierno para la Reforma Penitenciaria e Integral. Durante la presentaci\u00f3n del plan, el mandatario&#46;&#46;&#46;<\/p>\n","protected":false},"author":99,"featured_media":4005,"comment_status":"open","ping_status":"open","sticky":false,"template":"","format":"gallery","meta":{"_acf_changed":false,"rop_custom_images_group":[],"rop_custom_messages_group":[],"rop_publish_now":"initial","rop_publish_now_accounts":[],"rop_publish_now_history":[],"rop_publish_now_status":"pending","footnotes":""},"categories":[277,3],"tags":[314],"class_list":["post-4004","post","type-post","status-publish","format-gallery","has-post-thumbnail","hentry","category-acturalidad","category-politica","tag-notianne-aquienrd-santodomingord-republicadominicana-rdlotienetodo-republicadominicanalotienetodo-dominicanrepublic-noticiasrd-periodismo-periodistas-periodismord-notiamerica","post_format-post-format-gallery"],"acf":[],"yoast_head":"<!-- This site is optimized with the Yoast SEO Premium plugin v24.9 (Yoast SEO v27.2) - https:\/\/yoast.com\/product\/yoast-seo-premium-wordpress\/ -->\n<title>Gobierno presenta nuevo Plan Penitenciario - Rep. Dominicana | Noti-America.com<\/title>\n<meta name=\"robots\" content=\"index, follow, max-snippet:-1, max-image-preview:large, max-video-preview:-1\" \/>\n<link rel=\"canonical\" href=\"https:\/\/noti-america.com\/site\/repdom\/2020\/09\/11\/gobierno-presenta-nuevo-plan-penitenciario\/\" \/>\n<meta property=\"og:locale\" content=\"es_ES\" \/>\n<meta property=\"og:type\" content=\"article\" \/>\n<meta property=\"og:title\" content=\"Gobierno presenta nuevo Plan Penitenciario\" \/>\n<meta property=\"og:description\" content=\"SANTO DOMINGO, RD.- El presidente de la Rep\u00fablica, Abinader, present\u00f3 este jueves\u00a0 mediante una rueda de prensa, el plan del gobierno para la Reforma Penitenciaria e Integral. Durante la presentaci\u00f3n del plan, el mandatario&#046;&#046;&#046;\" \/>\n<meta property=\"og:url\" content=\"https:\/\/noti-america.com\/site\/repdom\/2020\/09\/11\/gobierno-presenta-nuevo-plan-penitenciario\/\" \/>\n<meta property=\"og:site_name\" content=\"Rep. Dominicana | Noti-America.com\" \/>\n<meta property=\"article:published_time\" content=\"2020-09-11T05:05:41+00:00\" \/>\n<meta property=\"article:modified_time\" content=\"2020-09-11T05:08:35+00:00\" \/>\n<meta property=\"og:image\" content=\"https:\/\/noti-america.com\/site\/repdom\/wp-content\/uploads\/sites\/6\/2020\/09\/abinader-anuncia-nuevo-plan-penitenciario.jpeg\" \/>\n\t<meta property=\"og:image:width\" content=\"680\" \/>\n\t<meta property=\"og:image:height\" content=\"382\" \/>\n\t<meta property=\"og:image:type\" content=\"image\/jpeg\" \/>\n<meta name=\"author\" content=\"Ann\u00e9 Cruz\" \/>\n<meta name=\"twitter:card\" content=\"summary_large_image\" \/>\n<meta name=\"twitter:label1\" content=\"Escrito por\" \/>\n\t<meta name=\"twitter:data1\" content=\"Ann\u00e9 Cruz\" \/>\n\t<meta name=\"twitter:label2\" content=\"Tiempo estimado de lectura\" \/>\n\t<meta name=\"twitter:data2\" content=\"2 minutos\" \/>\n<script type=\"application\/ld+json\" class=\"yoast-schema-graph\">{\"@context\":\"https:\/\/schema.org\",\"@graph\":[{\"@type\":\"Article\",\"@id\":\"https:\/\/noti-america.com\/site\/repdom\/2020\/09\/11\/gobierno-presenta-nuevo-plan-penitenciario\/#article\",\"isPartOf\":{\"@id\":\"https:\/\/noti-america.com\/site\/repdom\/2020\/09\/11\/gobierno-presenta-nuevo-plan-penitenciario\/\"},\"author\":{\"name\":\"Ann\u00e9 Cruz\",\"@id\":\"https:\/\/noti-america.com\/site\/repdom\/#\/schema\/person\/01b6a5fcca2b30bc220da2842f0b6060\"},\"headline\":\"Gobierno presenta nuevo Plan Penitenciario\",\"datePublished\":\"2020-09-11T05:05:41+00:00\",\"dateModified\":\"2020-09-11T05:08:35+00:00\",\"mainEntityOfPage\":{\"@id\":\"https:\/\/noti-america.com\/site\/repdom\/2020\/09\/11\/gobierno-presenta-nuevo-plan-penitenciario\/\"},\"wordCount\":356,\"commentCount\":0,\"publisher\":{\"@id\":\"https:\/\/noti-america.com\/site\/repdom\/#organization\"},\"image\":{\"@id\":\"https:\/\/noti-america.com\/site\/repdom\/2020\/09\/11\/gobierno-presenta-nuevo-plan-penitenciario\/#primaryimage\"},\"thumbnailUrl\":\"https:\/\/noti-america.com\/site\/repdom\/wp-content\/uploads\/sites\/6\/2020\/09\/abinader-anuncia-nuevo-plan-penitenciario.jpeg\",\"keywords\":[\"#notianne #aquienrd #santodomingord #republicadominicana #rdlotienetodo #republicadominicanalotienetodo #dominicanrepublic #noticiasrd #periodismo #periodistas #periodismoRD #notiamerica\"],\"articleSection\":[\"Actualidad\",\"Pol\u00edtica\"],\"inLanguage\":\"es\",\"potentialAction\":[{\"@type\":\"CommentAction\",\"name\":\"Comment\",\"target\":[\"https:\/\/noti-america.com\/site\/repdom\/2020\/09\/11\/gobierno-presenta-nuevo-plan-penitenciario\/#respond\"]}]},{\"@type\":\"WebPage\",\"@id\":\"https:\/\/noti-america.com\/site\/repdom\/2020\/09\/11\/gobierno-presenta-nuevo-plan-penitenciario\/\",\"url\":\"https:\/\/noti-america.com\/site\/repdom\/2020\/09\/11\/gobierno-presenta-nuevo-plan-penitenciario\/\",\"name\":\"Gobierno presenta nuevo Plan Penitenciario - Rep. Dominicana | Noti-America.com\",\"isPartOf\":{\"@id\":\"https:\/\/noti-america.com\/site\/repdom\/#website\"},\"primaryImageOfPage\":{\"@id\":\"https:\/\/noti-america.com\/site\/repdom\/2020\/09\/11\/gobierno-presenta-nuevo-plan-penitenciario\/#primaryimage\"},\"image\":{\"@id\":\"https:\/\/noti-america.com\/site\/repdom\/2020\/09\/11\/gobierno-presenta-nuevo-plan-penitenciario\/#primaryimage\"},\"thumbnailUrl\":\"https:\/\/noti-america.com\/site\/repdom\/wp-content\/uploads\/sites\/6\/2020\/09\/abinader-anuncia-nuevo-plan-penitenciario.jpeg\",\"datePublished\":\"2020-09-11T05:05:41+00:00\",\"dateModified\":\"2020-09-11T05:08:35+00:00\",\"breadcrumb\":{\"@id\":\"https:\/\/noti-america.com\/site\/repdom\/2020\/09\/11\/gobierno-presenta-nuevo-plan-penitenciario\/#breadcrumb\"},\"inLanguage\":\"es\",\"potentialAction\":[{\"@type\":\"ReadAction\",\"target\":[\"https:\/\/noti-america.com\/site\/repdom\/2020\/09\/11\/gobierno-presenta-nuevo-plan-penitenciario\/\"]}]},{\"@type\":\"ImageObject\",\"inLanguage\":\"es\",\"@id\":\"https:\/\/noti-america.com\/site\/repdom\/2020\/09\/11\/gobierno-presenta-nuevo-plan-penitenciario\/#primaryimage\",\"url\":\"https:\/\/noti-america.com\/site\/repdom\/wp-content\/uploads\/sites\/6\/2020\/09\/abinader-anuncia-nuevo-plan-penitenciario.jpeg\",\"contentUrl\":\"https:\/\/noti-america.com\/site\/repdom\/wp-content\/uploads\/sites\/6\/2020\/09\/abinader-anuncia-nuevo-plan-penitenciario.jpeg\",\"width\":680,\"height\":382},{\"@type\":\"BreadcrumbList\",\"@id\":\"https:\/\/noti-america.com\/site\/repdom\/2020\/09\/11\/gobierno-presenta-nuevo-plan-penitenciario\/#breadcrumb\",\"itemListElement\":[{\"@type\":\"ListItem\",\"position\":1,\"name\":\"Portada\",\"item\":\"https:\/\/noti-america.com\/site\/repdom\/\"},{\"@type\":\"ListItem\",\"position\":2,\"name\":\"Gobierno presenta nuevo Plan Penitenciario\"}]},{\"@type\":\"WebSite\",\"@id\":\"https:\/\/noti-america.com\/site\/repdom\/#website\",\"url\":\"https:\/\/noti-america.com\/site\/repdom\/\",\"name\":\"Rep. Dominicana | Noti-America.com\",\"description\":\"\",\"publisher\":{\"@id\":\"https:\/\/noti-america.com\/site\/repdom\/#organization\"},\"potentialAction\":[{\"@type\":\"SearchAction\",\"target\":{\"@type\":\"EntryPoint\",\"urlTemplate\":\"https:\/\/noti-america.com\/site\/repdom\/?s={search_term_string}\"},\"query-input\":{\"@type\":\"PropertyValueSpecification\",\"valueRequired\":true,\"valueName\":\"search_term_string\"}}],\"inLanguage\":\"es\"},{\"@type\":\"Organization\",\"@id\":\"https:\/\/noti-america.com\/site\/repdom\/#organization\",\"name\":\"Noti-America LLC | Rep\u00fablica Dominicana\",\"url\":\"https:\/\/noti-america.com\/site\/repdom\/\",\"logo\":{\"@type\":\"ImageObject\",\"inLanguage\":\"es\",\"@id\":\"https:\/\/noti-america.com\/site\/repdom\/#\/schema\/logo\/image\/\",\"url\":\"https:\/\/noti-america.com\/site\/repdom\/wp-content\/uploads\/sites\/6\/2020\/07\/LogoNA-4x3-1.jpg\",\"contentUrl\":\"https:\/\/noti-america.com\/site\/repdom\/wp-content\/uploads\/sites\/6\/2020\/07\/LogoNA-4x3-1.jpg\",\"width\":1236,\"height\":1080,\"caption\":\"Noti-America LLC | Rep\u00fablica Dominicana\"},\"image\":{\"@id\":\"https:\/\/noti-america.com\/site\/repdom\/#\/schema\/logo\/image\/\"}},{\"@type\":\"Person\",\"@id\":\"https:\/\/noti-america.com\/site\/repdom\/#\/schema\/person\/01b6a5fcca2b30bc220da2842f0b6060\",\"name\":\"Ann\u00e9 Cruz\",\"image\":{\"@type\":\"ImageObject\",\"inLanguage\":\"es\",\"@id\":\"https:\/\/secure.gravatar.com\/avatar\/f5aaeb3fd16b65f7d601dd99d7f1dcaaf7065ea361b219976bcf5d43d0980e1b?s=96&d=mm&r=g\",\"url\":\"https:\/\/secure.gravatar.com\/avatar\/f5aaeb3fd16b65f7d601dd99d7f1dcaaf7065ea361b219976bcf5d43d0980e1b?s=96&d=mm&r=g\",\"contentUrl\":\"https:\/\/secure.gravatar.com\/avatar\/f5aaeb3fd16b65f7d601dd99d7f1dcaaf7065ea361b219976bcf5d43d0980e1b?s=96&d=mm&r=g\",\"caption\":\"Ann\u00e9 Cruz\"},\"description\":\"Emprendedora, publirrelacionista y periodista especializada en Comunicaci\u00f3n Pol\u00edtica e Institucional.\",\"url\":\"https:\/\/noti-america.com\/site\/repdom\/author\/adelacruz\/\"}]}<\/script>\n<!-- \/ Yoast SEO Premium plugin. -->","yoast_head_json":{"title":"Gobierno presenta nuevo Plan Penitenciario - Rep. Dominicana | Noti-America.com","robots":{"index":"index","follow":"follow","max-snippet":"max-snippet:-1","max-image-preview":"max-image-preview:large","max-video-preview":"max-video-preview:-1"},"canonical":"https:\/\/noti-america.com\/site\/repdom\/2020\/09\/11\/gobierno-presenta-nuevo-plan-penitenciario\/","og_locale":"es_ES","og_type":"article","og_title":"Gobierno presenta nuevo Plan Penitenciario","og_description":"SANTO DOMINGO, RD.- El presidente de la Rep\u00fablica, Abinader, present\u00f3 este jueves\u00a0 mediante una rueda de prensa, el plan del gobierno para la Reforma Penitenciaria e Integral. Durante la presentaci\u00f3n del plan, el mandatario&#46;&#46;&#46;","og_url":"https:\/\/noti-america.com\/site\/repdom\/2020\/09\/11\/gobierno-presenta-nuevo-plan-penitenciario\/","og_site_name":"Rep. Dominicana | Noti-America.com","article_published_time":"2020-09-11T05:05:41+00:00","article_modified_time":"2020-09-11T05:08:35+00:00","og_image":[{"width":680,"height":382,"url":"https:\/\/noti-america.com\/site\/repdom\/wp-content\/uploads\/sites\/6\/2020\/09\/abinader-anuncia-nuevo-plan-penitenciario.jpeg","type":"image\/jpeg"}],"author":"Ann\u00e9 Cruz","twitter_card":"summary_large_image","twitter_misc":{"Escrito por":"Ann\u00e9 Cruz","Tiempo estimado de lectura":"2 minutos"},"schema":{"@context":"https:\/\/schema.org","@graph":[{"@type":"Article","@id":"https:\/\/noti-america.com\/site\/repdom\/2020\/09\/11\/gobierno-presenta-nuevo-plan-penitenciario\/#article","isPartOf":{"@id":"https:\/\/noti-america.com\/site\/repdom\/2020\/09\/11\/gobierno-presenta-nuevo-plan-penitenciario\/"},"author":{"name":"Ann\u00e9 Cruz","@id":"https:\/\/noti-america.com\/site\/repdom\/#\/schema\/person\/01b6a5fcca2b30bc220da2842f0b6060"},"headline":"Gobierno presenta nuevo Plan Penitenciario","datePublished":"2020-09-11T05:05:41+00:00","dateModified":"2020-09-11T05:08:35+00:00","mainEntityOfPage":{"@id":"https:\/\/noti-america.com\/site\/repdom\/2020\/09\/11\/gobierno-presenta-nuevo-plan-penitenciario\/"},"wordCount":356,"commentCount":0,"publisher":{"@id":"https:\/\/noti-america.com\/site\/repdom\/#organization"},"image":{"@id":"https:\/\/noti-america.com\/site\/repdom\/2020\/09\/11\/gobierno-presenta-nuevo-plan-penitenciario\/#primaryimage"},"thumbnailUrl":"https:\/\/noti-america.com\/site\/repdom\/wp-content\/uploads\/sites\/6\/2020\/09\/abinader-anuncia-nuevo-plan-penitenciario.jpeg","keywords":["#notianne #aquienrd #santodomingord #republicadominicana #rdlotienetodo #republicadominicanalotienetodo #dominicanrepublic #noticiasrd #periodismo #periodistas #periodismoRD #notiamerica"],"articleSection":["Actualidad","Pol\u00edtica"],"inLanguage":"es","potentialAction":[{"@type":"CommentAction","name":"Comment","target":["https:\/\/noti-america.com\/site\/repdom\/2020\/09\/11\/gobierno-presenta-nuevo-plan-penitenciario\/#respond"]}]},{"@type":"WebPage","@id":"https:\/\/noti-america.com\/site\/repdom\/2020\/09\/11\/gobierno-presenta-nuevo-plan-penitenciario\/","url":"https:\/\/noti-america.com\/site\/repdom\/2020\/09\/11\/gobierno-presenta-nuevo-plan-penitenciario\/","name":"Gobierno presenta nuevo Plan Penitenciario - Rep. Dominicana | Noti-America.com","isPartOf":{"@id":"https:\/\/noti-america.com\/site\/repdom\/#website"},"primaryImageOfPage":{"@id":"https:\/\/noti-america.com\/site\/repdom\/2020\/09\/11\/gobierno-presenta-nuevo-plan-penitenciario\/#primaryimage"},"image":{"@id":"https:\/\/noti-america.com\/site\/repdom\/2020\/09\/11\/gobierno-presenta-nuevo-plan-penitenciario\/#primaryimage"},"thumbnailUrl":"https:\/\/noti-america.com\/site\/repdom\/wp-content\/uploads\/sites\/6\/2020\/09\/abinader-anuncia-nuevo-plan-penitenciario.jpeg","datePublished":"2020-09-11T05:05:41+00:00","dateModified":"2020-09-11T05:08:35+00:00","breadcrumb":{"@id":"https:\/\/noti-america.com\/site\/repdom\/2020\/09\/11\/gobierno-presenta-nuevo-plan-penitenciario\/#breadcrumb"},"inLanguage":"es","potentialAction":[{"@type":"ReadAction","target":["https:\/\/noti-america.com\/site\/repdom\/2020\/09\/11\/gobierno-presenta-nuevo-plan-penitenciario\/"]}]},{"@type":"ImageObject","inLanguage":"es","@id":"https:\/\/noti-america.com\/site\/repdom\/2020\/09\/11\/gobierno-presenta-nuevo-plan-penitenciario\/#primaryimage","url":"https:\/\/noti-america.com\/site\/repdom\/wp-content\/uploads\/sites\/6\/2020\/09\/abinader-anuncia-nuevo-plan-penitenciario.jpeg","contentUrl":"https:\/\/noti-america.com\/site\/repdom\/wp-content\/uploads\/sites\/6\/2020\/09\/abinader-anuncia-nuevo-plan-penitenciario.jpeg","width":680,"height":382},{"@type":"BreadcrumbList","@id":"https:\/\/noti-america.com\/site\/repdom\/2020\/09\/11\/gobierno-presenta-nuevo-plan-penitenciario\/#breadcrumb","itemListElement":[{"@type":"ListItem","position":1,"name":"Portada","item":"https:\/\/noti-america.com\/site\/repdom\/"},{"@type":"ListItem","position":2,"name":"Gobierno presenta nuevo Plan Penitenciario"}]},{"@type":"WebSite","@id":"https:\/\/noti-america.com\/site\/repdom\/#website","url":"https:\/\/noti-america.com\/site\/repdom\/","name":"Rep. Dominicana | Noti-America.com","description":"","publisher":{"@id":"https:\/\/noti-america.com\/site\/repdom\/#organization"},"potentialAction":[{"@type":"SearchAction","target":{"@type":"EntryPoint","urlTemplate":"https:\/\/noti-america.com\/site\/repdom\/?s={search_term_string}"},"query-input":{"@type":"PropertyValueSpecification","valueRequired":true,"valueName":"search_term_string"}}],"inLanguage":"es"},{"@type":"Organization","@id":"https:\/\/noti-america.com\/site\/repdom\/#organization","name":"Noti-America LLC | Rep\u00fablica Dominicana","url":"https:\/\/noti-america.com\/site\/repdom\/","logo":{"@type":"ImageObject","inLanguage":"es","@id":"https:\/\/noti-america.com\/site\/repdom\/#\/schema\/logo\/image\/","url":"https:\/\/noti-america.com\/site\/repdom\/wp-content\/uploads\/sites\/6\/2020\/07\/LogoNA-4x3-1.jpg","contentUrl":"https:\/\/noti-america.com\/site\/repdom\/wp-content\/uploads\/sites\/6\/2020\/07\/LogoNA-4x3-1.jpg","width":1236,"height":1080,"caption":"Noti-America LLC | Rep\u00fablica Dominicana"},"image":{"@id":"https:\/\/noti-america.com\/site\/repdom\/#\/schema\/logo\/image\/"}},{"@type":"Person","@id":"https:\/\/noti-america.com\/site\/repdom\/#\/schema\/person\/01b6a5fcca2b30bc220da2842f0b6060","name":"Ann\u00e9 Cruz","image":{"@type":"ImageObject","inLanguage":"es","@id":"https:\/\/secure.gravatar.com\/avatar\/f5aaeb3fd16b65f7d601dd99d7f1dcaaf7065ea361b219976bcf5d43d0980e1b?s=96&d=mm&r=g","url":"https:\/\/secure.gravatar.com\/avatar\/f5aaeb3fd16b65f7d601dd99d7f1dcaaf7065ea361b219976bcf5d43d0980e1b?s=96&d=mm&r=g","contentUrl":"https:\/\/secure.gravatar.com\/avatar\/f5aaeb3fd16b65f7d601dd99d7f1dcaaf7065ea361b219976bcf5d43d0980e1b?s=96&d=mm&r=g","caption":"Ann\u00e9 Cruz"},"description":"Emprendedora, publirrelacionista y periodista especializada en Comunicaci\u00f3n Pol\u00edtica e Institucional.","url":"https:\/\/noti-america.com\/site\/repdom\/author\/adelacruz\/"}]}},"_links":{"self":[{"href":"https:\/\/noti-america.com\/site\/repdom\/wp-json\/wp\/v2\/posts\/4004","targetHints":{"allow":["GET"]}}],"collection":[{"href":"https:\/\/noti-america.com\/site\/repdom\/wp-json\/wp\/v2\/posts"}],"about":[{"href":"https:\/\/noti-america.com\/site\/repdom\/wp-json\/wp\/v2\/types\/post"}],"author":[{"embeddable":true,"href":"https:\/\/noti-america.com\/site\/repdom\/wp-json\/wp\/v2\/users\/99"}],"replies":[{"embeddable":true,"href":"https:\/\/noti-america.com\/site\/repdom\/wp-json\/wp\/v2\/comments?post=4004"}],"version-history":[{"count":1,"href":"https:\/\/noti-america.com\/site\/repdom\/wp-json\/wp\/v2\/posts\/4004\/revisions"}],"predecessor-version":[{"id":4006,"href":"https:\/\/noti-america.com\/site\/repdom\/wp-json\/wp\/v2\/posts\/4004\/revisions\/4006"}],"wp:featuredmedia":[{"embeddable":true,"href":"https:\/\/noti-america.com\/site\/repdom\/wp-json\/wp\/v2\/media\/4005"}],"wp:attachment":[{"href":"https:\/\/noti-america.com\/site\/repdom\/wp-json\/wp\/v2\/media?parent=4004"}],"wp:term":[{"taxonomy":"category","embeddable":true,"href":"https:\/\/noti-america.com\/site\/repdom\/wp-json\/wp\/v2\/categories?post=4004"},{"taxonomy":"post_tag","embeddable":true,"href":"https:\/\/noti-america.com\/site\/repdom\/wp-json\/wp\/v2\/tags?post=4004"}],"curies":[{"name":"wp","href":"https:\/\/api.w.org\/{rel}","templated":true}]}}