{"id":38847,"date":"2026-06-13T21:04:00","date_gmt":"2026-06-13T21:04:00","guid":{"rendered":"https:\/\/noti-america.com\/site\/repdom\/?p=38847"},"modified":"2026-06-13T21:04:00","modified_gmt":"2026-06-13T21:04:00","slug":"fedopem-presenta-cuerpo-tecnico-para-juegos-centroamericanos-2026","status":"publish","type":"post","link":"https:\/\/noti-america.com\/site\/repdom\/2026\/06\/13\/fedopem-presenta-cuerpo-tecnico-para-juegos-centroamericanos-2026\/","title":{"rendered":"FEDOPEM presenta cuerpo t\u00e9cnico para Juegos Centroamericanos 2026"},"content":{"rendered":"<p>NOTI-AMERICA.COM | REP\u00daBLICA DOMINICANA<\/p>\n<p style=\"text-align: justify\">SANTO DOMINGO &#8211; La Federaci\u00f3n Dominicana de Pentatl\u00f3n Moderno (FEDOPEM) present\u00f3 este viernes el equipo de trabajo que conforman, junto a los pentatletas, la selecci\u00f3n nacional de ese deporte que competir\u00e1 en los XXV Juegos Centroamericanos y del Caribe Santo Domingo 2026, que se celebrar\u00e1n del 24 de julio al 8 de agosto.<\/p>\n<p style=\"text-align: justify\">El dirigente deportivo Kenny N\u00fa\u00f1ez Veras, presidente de FEDOPEM, inform\u00f3 que ese staff de trabajo del equipo nacional contar\u00e1 con un entrenador titular y su asistente, un director t\u00e9cnico, tres psic\u00f3logos, un fisi\u00f3logo y un m\u00e9dico, as\u00ed como los pentatletas concentrados.<\/p>\n<p style=\"text-align: justify\">N\u00fa\u00f1ez Veras sostuvo que el entrenador titular lo es el mexicano Tonatiuh Hern\u00e1ndez, quien tendr\u00e1 como su asistente al cubano Jorge Gallego, los psic\u00f3logos dominicanos Cristian Valerio, Tamis Chas (cl\u00ednica) y David Flores (deportivo), el fisi\u00f3logo costarricense Mauricio Cortes Ru\u00edz, el m\u00e9dico cubano doctor Julio Mi\u00f1oso y la fisioterapeuta Darlennys Rodr\u00edguez.<\/p>\n<p style=\"text-align: justify\">Indic\u00f3 el presidente N\u00fa\u00f1ez Veras que Marcelo Derouville fungir\u00e1 como director t\u00e9cnico del seleccionado quisqueyano de pentatl\u00f3n moderno, disciplina que incluye las modalidades de esgrima, nataci\u00f3n, carrera de obst\u00e1culos, tiro con pistola l\u00e1ser deportivo y carrera (atletismo).<\/p>\n<p style=\"text-align: justify\">Los pentatletas que integran el equipo nacional de pentatl\u00f3n moderno son los masculinos Bryan Almonte, Carlos Andr\u00e9s P\u00e9rez, Jos\u00e9 Ozoria, Yeraldo Devora y Gabriel Dom\u00ednguez; y las f\u00e9minas, Karina Ferm\u00edn, Ana Arias, Adriana Camacho y Naomi Mad\u00e9.<\/p>\n<p style=\"text-align: justify\">Dom\u00ednguez, Ferm\u00edn y Ana Arias se encuentran fuera del pa\u00eds, en Espa\u00f1a y M\u00e9xico, respectivamente, culminando sus etapas de preparaci\u00f3n para los JCC Santo Domingo 2026, y se unen a sus compa\u00f1eros el 6 de julio para participar en el Campeonato Clasificatorio de Lima, en Per\u00fa, con miras a obtener plazas en los Juegos Panamericanos de Lima 2027.<\/p>\n<p style=\"text-align: justify\">\n","protected":false},"excerpt":{"rendered":"<p>NOTI-AMERICA.COM | REP\u00daBLICA DOMINICANA SANTO DOMINGO &#8211; La Federaci\u00f3n Dominicana de Pentatl\u00f3n Moderno (FEDOPEM) present\u00f3 este viernes el equipo de trabajo que conforman, junto a los pentatletas, la selecci\u00f3n nacional de ese deporte que&#46;&#46;&#46;<\/p>\n","protected":false},"author":89,"featured_media":38848,"comment_status":"open","ping_status":"open","sticky":false,"template":"","format":"standard","meta":{"_acf_changed":false,"rop_custom_images_group":[],"rop_custom_messages_group":[],"rop_publish_now":"initial","rop_publish_now_accounts":[],"rop_publish_now_history":[],"rop_publish_now_status":"pending","footnotes":""},"categories":[16],"tags":[655,2141],"class_list":["post-38847","post","type-post","status-publish","format-standard","has-post-thumbnail","hentry","category-deportes","tag-federacion-dominicana-de-pentatlon-moderno","tag-xxv-juegos-centroamericanos-y-del-caribe-2026"],"acf":[],"yoast_head":"<!-- This site is optimized with the Yoast SEO Premium plugin v24.9 (Yoast SEO v27.2) - https:\/\/yoast.com\/product\/yoast-seo-premium-wordpress\/ -->\n<title>FEDOPEM presenta cuerpo t\u00e9cnico para Juegos Centroamericanos 2026 - Rep. Dominicana | Noti-America.com<\/title>\n<meta name=\"robots\" content=\"index, follow, max-snippet:-1, max-image-preview:large, max-video-preview:-1\" \/>\n<link rel=\"canonical\" href=\"https:\/\/noti-america.com\/site\/repdom\/2026\/06\/13\/fedopem-presenta-cuerpo-tecnico-para-juegos-centroamericanos-2026\/\" \/>\n<meta property=\"og:locale\" content=\"es_ES\" \/>\n<meta property=\"og:type\" content=\"article\" \/>\n<meta property=\"og:title\" content=\"FEDOPEM presenta cuerpo t\u00e9cnico para Juegos Centroamericanos 2026\" \/>\n<meta property=\"og:description\" content=\"NOTI-AMERICA.COM | REP\u00daBLICA DOMINICANA SANTO DOMINGO &#8211; La Federaci\u00f3n Dominicana de Pentatl\u00f3n Moderno (FEDOPEM) present\u00f3 este viernes el equipo de trabajo que conforman, junto a los pentatletas, la selecci\u00f3n nacional de ese deporte que&#046;&#046;&#046;\" \/>\n<meta property=\"og:url\" content=\"https:\/\/noti-america.com\/site\/repdom\/2026\/06\/13\/fedopem-presenta-cuerpo-tecnico-para-juegos-centroamericanos-2026\/\" \/>\n<meta property=\"og:site_name\" content=\"Rep. Dominicana | Noti-America.com\" \/>\n<meta property=\"article:published_time\" content=\"2026-06-13T21:04:00+00:00\" \/>\n<meta property=\"og:image\" content=\"https:\/\/noti-america.com\/site\/repdom\/wp-content\/uploads\/sites\/6\/2026\/06\/IMG-20260612-WA0035.jpg\" \/>\n\t<meta property=\"og:image:width\" content=\"1280\" \/>\n\t<meta property=\"og:image:height\" content=\"822\" \/>\n\t<meta property=\"og:image:type\" content=\"image\/jpeg\" \/>\n<meta name=\"author\" content=\"Ad\u00e1n Soriano\" \/>\n<meta name=\"twitter:card\" content=\"summary_large_image\" \/>\n<meta name=\"twitter:creator\" content=\"@adansoriano\" \/>\n<meta name=\"twitter:label1\" content=\"Escrito por\" \/>\n\t<meta name=\"twitter:data1\" content=\"Ad\u00e1n Soriano\" \/>\n\t<meta name=\"twitter:label2\" content=\"Tiempo estimado de lectura\" \/>\n\t<meta name=\"twitter:data2\" content=\"2 minutos\" \/>\n<script type=\"application\/ld+json\" class=\"yoast-schema-graph\">{\"@context\":\"https:\/\/schema.org\",\"@graph\":[{\"@type\":\"Article\",\"@id\":\"https:\/\/noti-america.com\/site\/repdom\/2026\/06\/13\/fedopem-presenta-cuerpo-tecnico-para-juegos-centroamericanos-2026\/#article\",\"isPartOf\":{\"@id\":\"https:\/\/noti-america.com\/site\/repdom\/2026\/06\/13\/fedopem-presenta-cuerpo-tecnico-para-juegos-centroamericanos-2026\/\"},\"author\":{\"name\":\"Ad\u00e1n Soriano\",\"@id\":\"https:\/\/noti-america.com\/site\/repdom\/#\/schema\/person\/22f45b88b9e23bbc9d0d1d2736fd196b\"},\"headline\":\"FEDOPEM presenta cuerpo t\u00e9cnico para Juegos Centroamericanos 2026\",\"datePublished\":\"2026-06-13T21:04:00+00:00\",\"mainEntityOfPage\":{\"@id\":\"https:\/\/noti-america.com\/site\/repdom\/2026\/06\/13\/fedopem-presenta-cuerpo-tecnico-para-juegos-centroamericanos-2026\/\"},\"wordCount\":321,\"commentCount\":0,\"publisher\":{\"@id\":\"https:\/\/noti-america.com\/site\/repdom\/#organization\"},\"image\":{\"@id\":\"https:\/\/noti-america.com\/site\/repdom\/2026\/06\/13\/fedopem-presenta-cuerpo-tecnico-para-juegos-centroamericanos-2026\/#primaryimage\"},\"thumbnailUrl\":\"https:\/\/noti-america.com\/site\/repdom\/wp-content\/uploads\/sites\/6\/2026\/06\/IMG-20260612-WA0035.jpg\",\"keywords\":[\"Federaci\u00f3n Dominicana de Pentatl\u00f3n Moderno\",\"XXV Juegos Centroamericanos y del Caribe 2026\"],\"articleSection\":[\"Deportes\"],\"inLanguage\":\"es\",\"potentialAction\":[{\"@type\":\"CommentAction\",\"name\":\"Comment\",\"target\":[\"https:\/\/noti-america.com\/site\/repdom\/2026\/06\/13\/fedopem-presenta-cuerpo-tecnico-para-juegos-centroamericanos-2026\/#respond\"]}]},{\"@type\":\"WebPage\",\"@id\":\"https:\/\/noti-america.com\/site\/repdom\/2026\/06\/13\/fedopem-presenta-cuerpo-tecnico-para-juegos-centroamericanos-2026\/\",\"url\":\"https:\/\/noti-america.com\/site\/repdom\/2026\/06\/13\/fedopem-presenta-cuerpo-tecnico-para-juegos-centroamericanos-2026\/\",\"name\":\"FEDOPEM presenta cuerpo t\u00e9cnico para Juegos Centroamericanos 2026 - Rep. Dominicana | Noti-America.com\",\"isPartOf\":{\"@id\":\"https:\/\/noti-america.com\/site\/repdom\/#website\"},\"primaryImageOfPage\":{\"@id\":\"https:\/\/noti-america.com\/site\/repdom\/2026\/06\/13\/fedopem-presenta-cuerpo-tecnico-para-juegos-centroamericanos-2026\/#primaryimage\"},\"image\":{\"@id\":\"https:\/\/noti-america.com\/site\/repdom\/2026\/06\/13\/fedopem-presenta-cuerpo-tecnico-para-juegos-centroamericanos-2026\/#primaryimage\"},\"thumbnailUrl\":\"https:\/\/noti-america.com\/site\/repdom\/wp-content\/uploads\/sites\/6\/2026\/06\/IMG-20260612-WA0035.jpg\",\"datePublished\":\"2026-06-13T21:04:00+00:00\",\"breadcrumb\":{\"@id\":\"https:\/\/noti-america.com\/site\/repdom\/2026\/06\/13\/fedopem-presenta-cuerpo-tecnico-para-juegos-centroamericanos-2026\/#breadcrumb\"},\"inLanguage\":\"es\",\"potentialAction\":[{\"@type\":\"ReadAction\",\"target\":[\"https:\/\/noti-america.com\/site\/repdom\/2026\/06\/13\/fedopem-presenta-cuerpo-tecnico-para-juegos-centroamericanos-2026\/\"]}]},{\"@type\":\"ImageObject\",\"inLanguage\":\"es\",\"@id\":\"https:\/\/noti-america.com\/site\/repdom\/2026\/06\/13\/fedopem-presenta-cuerpo-tecnico-para-juegos-centroamericanos-2026\/#primaryimage\",\"url\":\"https:\/\/noti-america.com\/site\/repdom\/wp-content\/uploads\/sites\/6\/2026\/06\/IMG-20260612-WA0035.jpg\",\"contentUrl\":\"https:\/\/noti-america.com\/site\/repdom\/wp-content\/uploads\/sites\/6\/2026\/06\/IMG-20260612-WA0035.jpg\",\"width\":1280,\"height\":822},{\"@type\":\"BreadcrumbList\",\"@id\":\"https:\/\/noti-america.com\/site\/repdom\/2026\/06\/13\/fedopem-presenta-cuerpo-tecnico-para-juegos-centroamericanos-2026\/#breadcrumb\",\"itemListElement\":[{\"@type\":\"ListItem\",\"position\":1,\"name\":\"Portada\",\"item\":\"https:\/\/noti-america.com\/site\/repdom\/\"},{\"@type\":\"ListItem\",\"position\":2,\"name\":\"FEDOPEM presenta cuerpo t\u00e9cnico para Juegos Centroamericanos 2026\"}]},{\"@type\":\"WebSite\",\"@id\":\"https:\/\/noti-america.com\/site\/repdom\/#website\",\"url\":\"https:\/\/noti-america.com\/site\/repdom\/\",\"name\":\"Rep. Dominicana | Noti-America.com\",\"description\":\"\",\"publisher\":{\"@id\":\"https:\/\/noti-america.com\/site\/repdom\/#organization\"},\"potentialAction\":[{\"@type\":\"SearchAction\",\"target\":{\"@type\":\"EntryPoint\",\"urlTemplate\":\"https:\/\/noti-america.com\/site\/repdom\/?s={search_term_string}\"},\"query-input\":{\"@type\":\"PropertyValueSpecification\",\"valueRequired\":true,\"valueName\":\"search_term_string\"}}],\"inLanguage\":\"es\"},{\"@type\":\"Organization\",\"@id\":\"https:\/\/noti-america.com\/site\/repdom\/#organization\",\"name\":\"Noti-America LLC | Rep\u00fablica Dominicana\",\"url\":\"https:\/\/noti-america.com\/site\/repdom\/\",\"logo\":{\"@type\":\"ImageObject\",\"inLanguage\":\"es\",\"@id\":\"https:\/\/noti-america.com\/site\/repdom\/#\/schema\/logo\/image\/\",\"url\":\"https:\/\/noti-america.com\/site\/repdom\/wp-content\/uploads\/sites\/6\/2020\/07\/LogoNA-4x3-1.jpg\",\"contentUrl\":\"https:\/\/noti-america.com\/site\/repdom\/wp-content\/uploads\/sites\/6\/2020\/07\/LogoNA-4x3-1.jpg\",\"width\":1236,\"height\":1080,\"caption\":\"Noti-America LLC | Rep\u00fablica Dominicana\"},\"image\":{\"@id\":\"https:\/\/noti-america.com\/site\/repdom\/#\/schema\/logo\/image\/\"}},{\"@type\":\"Person\",\"@id\":\"https:\/\/noti-america.com\/site\/repdom\/#\/schema\/person\/22f45b88b9e23bbc9d0d1d2736fd196b\",\"name\":\"Ad\u00e1n Soriano\",\"image\":{\"@type\":\"ImageObject\",\"inLanguage\":\"es\",\"@id\":\"https:\/\/secure.gravatar.com\/avatar\/ecf97ff3aee7ff9efdae670d7e976f3e7e8acc1077e510d73707999a8bfd4467?s=96&d=mm&r=g\",\"url\":\"https:\/\/secure.gravatar.com\/avatar\/ecf97ff3aee7ff9efdae670d7e976f3e7e8acc1077e510d73707999a8bfd4467?s=96&d=mm&r=g\",\"contentUrl\":\"https:\/\/secure.gravatar.com\/avatar\/ecf97ff3aee7ff9efdae670d7e976f3e7e8acc1077e510d73707999a8bfd4467?s=96&d=mm&r=g\",\"caption\":\"Ad\u00e1n Soriano\"},\"description\":\"Soy cronista deportivo con 10 a\u00f1os de experiencia en varios espacios, y conduzco el podcast deportivo llamado Mezcla Deportiva\",\"sameAs\":[\"https:\/\/x.com\/adansoriano\"],\"url\":\"https:\/\/noti-america.com\/site\/repdom\/author\/asoriano\/\"}]}<\/script>\n<!-- \/ Yoast SEO Premium plugin. -->","yoast_head_json":{"title":"FEDOPEM presenta cuerpo t\u00e9cnico para Juegos Centroamericanos 2026 - Rep. Dominicana | Noti-America.com","robots":{"index":"index","follow":"follow","max-snippet":"max-snippet:-1","max-image-preview":"max-image-preview:large","max-video-preview":"max-video-preview:-1"},"canonical":"https:\/\/noti-america.com\/site\/repdom\/2026\/06\/13\/fedopem-presenta-cuerpo-tecnico-para-juegos-centroamericanos-2026\/","og_locale":"es_ES","og_type":"article","og_title":"FEDOPEM presenta cuerpo t\u00e9cnico para Juegos Centroamericanos 2026","og_description":"NOTI-AMERICA.COM | REP\u00daBLICA DOMINICANA SANTO DOMINGO &#8211; La Federaci\u00f3n Dominicana de Pentatl\u00f3n Moderno (FEDOPEM) present\u00f3 este viernes el equipo de trabajo que conforman, junto a los pentatletas, la selecci\u00f3n nacional de ese deporte que&#46;&#46;&#46;","og_url":"https:\/\/noti-america.com\/site\/repdom\/2026\/06\/13\/fedopem-presenta-cuerpo-tecnico-para-juegos-centroamericanos-2026\/","og_site_name":"Rep. Dominicana | Noti-America.com","article_published_time":"2026-06-13T21:04:00+00:00","og_image":[{"width":1280,"height":822,"url":"https:\/\/noti-america.com\/site\/repdom\/wp-content\/uploads\/sites\/6\/2026\/06\/IMG-20260612-WA0035.jpg","type":"image\/jpeg"}],"author":"Ad\u00e1n Soriano","twitter_card":"summary_large_image","twitter_creator":"@adansoriano","twitter_misc":{"Escrito por":"Ad\u00e1n Soriano","Tiempo estimado de lectura":"2 minutos"},"schema":{"@context":"https:\/\/schema.org","@graph":[{"@type":"Article","@id":"https:\/\/noti-america.com\/site\/repdom\/2026\/06\/13\/fedopem-presenta-cuerpo-tecnico-para-juegos-centroamericanos-2026\/#article","isPartOf":{"@id":"https:\/\/noti-america.com\/site\/repdom\/2026\/06\/13\/fedopem-presenta-cuerpo-tecnico-para-juegos-centroamericanos-2026\/"},"author":{"name":"Ad\u00e1n Soriano","@id":"https:\/\/noti-america.com\/site\/repdom\/#\/schema\/person\/22f45b88b9e23bbc9d0d1d2736fd196b"},"headline":"FEDOPEM presenta cuerpo t\u00e9cnico para Juegos Centroamericanos 2026","datePublished":"2026-06-13T21:04:00+00:00","mainEntityOfPage":{"@id":"https:\/\/noti-america.com\/site\/repdom\/2026\/06\/13\/fedopem-presenta-cuerpo-tecnico-para-juegos-centroamericanos-2026\/"},"wordCount":321,"commentCount":0,"publisher":{"@id":"https:\/\/noti-america.com\/site\/repdom\/#organization"},"image":{"@id":"https:\/\/noti-america.com\/site\/repdom\/2026\/06\/13\/fedopem-presenta-cuerpo-tecnico-para-juegos-centroamericanos-2026\/#primaryimage"},"thumbnailUrl":"https:\/\/noti-america.com\/site\/repdom\/wp-content\/uploads\/sites\/6\/2026\/06\/IMG-20260612-WA0035.jpg","keywords":["Federaci\u00f3n Dominicana de Pentatl\u00f3n Moderno","XXV Juegos Centroamericanos y del Caribe 2026"],"articleSection":["Deportes"],"inLanguage":"es","potentialAction":[{"@type":"CommentAction","name":"Comment","target":["https:\/\/noti-america.com\/site\/repdom\/2026\/06\/13\/fedopem-presenta-cuerpo-tecnico-para-juegos-centroamericanos-2026\/#respond"]}]},{"@type":"WebPage","@id":"https:\/\/noti-america.com\/site\/repdom\/2026\/06\/13\/fedopem-presenta-cuerpo-tecnico-para-juegos-centroamericanos-2026\/","url":"https:\/\/noti-america.com\/site\/repdom\/2026\/06\/13\/fedopem-presenta-cuerpo-tecnico-para-juegos-centroamericanos-2026\/","name":"FEDOPEM presenta cuerpo t\u00e9cnico para Juegos Centroamericanos 2026 - Rep. Dominicana | Noti-America.com","isPartOf":{"@id":"https:\/\/noti-america.com\/site\/repdom\/#website"},"primaryImageOfPage":{"@id":"https:\/\/noti-america.com\/site\/repdom\/2026\/06\/13\/fedopem-presenta-cuerpo-tecnico-para-juegos-centroamericanos-2026\/#primaryimage"},"image":{"@id":"https:\/\/noti-america.com\/site\/repdom\/2026\/06\/13\/fedopem-presenta-cuerpo-tecnico-para-juegos-centroamericanos-2026\/#primaryimage"},"thumbnailUrl":"https:\/\/noti-america.com\/site\/repdom\/wp-content\/uploads\/sites\/6\/2026\/06\/IMG-20260612-WA0035.jpg","datePublished":"2026-06-13T21:04:00+00:00","breadcrumb":{"@id":"https:\/\/noti-america.com\/site\/repdom\/2026\/06\/13\/fedopem-presenta-cuerpo-tecnico-para-juegos-centroamericanos-2026\/#breadcrumb"},"inLanguage":"es","potentialAction":[{"@type":"ReadAction","target":["https:\/\/noti-america.com\/site\/repdom\/2026\/06\/13\/fedopem-presenta-cuerpo-tecnico-para-juegos-centroamericanos-2026\/"]}]},{"@type":"ImageObject","inLanguage":"es","@id":"https:\/\/noti-america.com\/site\/repdom\/2026\/06\/13\/fedopem-presenta-cuerpo-tecnico-para-juegos-centroamericanos-2026\/#primaryimage","url":"https:\/\/noti-america.com\/site\/repdom\/wp-content\/uploads\/sites\/6\/2026\/06\/IMG-20260612-WA0035.jpg","contentUrl":"https:\/\/noti-america.com\/site\/repdom\/wp-content\/uploads\/sites\/6\/2026\/06\/IMG-20260612-WA0035.jpg","width":1280,"height":822},{"@type":"BreadcrumbList","@id":"https:\/\/noti-america.com\/site\/repdom\/2026\/06\/13\/fedopem-presenta-cuerpo-tecnico-para-juegos-centroamericanos-2026\/#breadcrumb","itemListElement":[{"@type":"ListItem","position":1,"name":"Portada","item":"https:\/\/noti-america.com\/site\/repdom\/"},{"@type":"ListItem","position":2,"name":"FEDOPEM presenta cuerpo t\u00e9cnico para Juegos Centroamericanos 2026"}]},{"@type":"WebSite","@id":"https:\/\/noti-america.com\/site\/repdom\/#website","url":"https:\/\/noti-america.com\/site\/repdom\/","name":"Rep. Dominicana | Noti-America.com","description":"","publisher":{"@id":"https:\/\/noti-america.com\/site\/repdom\/#organization"},"potentialAction":[{"@type":"SearchAction","target":{"@type":"EntryPoint","urlTemplate":"https:\/\/noti-america.com\/site\/repdom\/?s={search_term_string}"},"query-input":{"@type":"PropertyValueSpecification","valueRequired":true,"valueName":"search_term_string"}}],"inLanguage":"es"},{"@type":"Organization","@id":"https:\/\/noti-america.com\/site\/repdom\/#organization","name":"Noti-America LLC | Rep\u00fablica Dominicana","url":"https:\/\/noti-america.com\/site\/repdom\/","logo":{"@type":"ImageObject","inLanguage":"es","@id":"https:\/\/noti-america.com\/site\/repdom\/#\/schema\/logo\/image\/","url":"https:\/\/noti-america.com\/site\/repdom\/wp-content\/uploads\/sites\/6\/2020\/07\/LogoNA-4x3-1.jpg","contentUrl":"https:\/\/noti-america.com\/site\/repdom\/wp-content\/uploads\/sites\/6\/2020\/07\/LogoNA-4x3-1.jpg","width":1236,"height":1080,"caption":"Noti-America LLC | Rep\u00fablica Dominicana"},"image":{"@id":"https:\/\/noti-america.com\/site\/repdom\/#\/schema\/logo\/image\/"}},{"@type":"Person","@id":"https:\/\/noti-america.com\/site\/repdom\/#\/schema\/person\/22f45b88b9e23bbc9d0d1d2736fd196b","name":"Ad\u00e1n Soriano","image":{"@type":"ImageObject","inLanguage":"es","@id":"https:\/\/secure.gravatar.com\/avatar\/ecf97ff3aee7ff9efdae670d7e976f3e7e8acc1077e510d73707999a8bfd4467?s=96&d=mm&r=g","url":"https:\/\/secure.gravatar.com\/avatar\/ecf97ff3aee7ff9efdae670d7e976f3e7e8acc1077e510d73707999a8bfd4467?s=96&d=mm&r=g","contentUrl":"https:\/\/secure.gravatar.com\/avatar\/ecf97ff3aee7ff9efdae670d7e976f3e7e8acc1077e510d73707999a8bfd4467?s=96&d=mm&r=g","caption":"Ad\u00e1n Soriano"},"description":"Soy cronista deportivo con 10 a\u00f1os de experiencia en varios espacios, y conduzco el podcast deportivo llamado Mezcla Deportiva","sameAs":["https:\/\/x.com\/adansoriano"],"url":"https:\/\/noti-america.com\/site\/repdom\/author\/asoriano\/"}]}},"_links":{"self":[{"href":"https:\/\/noti-america.com\/site\/repdom\/wp-json\/wp\/v2\/posts\/38847","targetHints":{"allow":["GET"]}}],"collection":[{"href":"https:\/\/noti-america.com\/site\/repdom\/wp-json\/wp\/v2\/posts"}],"about":[{"href":"https:\/\/noti-america.com\/site\/repdom\/wp-json\/wp\/v2\/types\/post"}],"author":[{"embeddable":true,"href":"https:\/\/noti-america.com\/site\/repdom\/wp-json\/wp\/v2\/users\/89"}],"replies":[{"embeddable":true,"href":"https:\/\/noti-america.com\/site\/repdom\/wp-json\/wp\/v2\/comments?post=38847"}],"version-history":[{"count":1,"href":"https:\/\/noti-america.com\/site\/repdom\/wp-json\/wp\/v2\/posts\/38847\/revisions"}],"predecessor-version":[{"id":38849,"href":"https:\/\/noti-america.com\/site\/repdom\/wp-json\/wp\/v2\/posts\/38847\/revisions\/38849"}],"wp:featuredmedia":[{"embeddable":true,"href":"https:\/\/noti-america.com\/site\/repdom\/wp-json\/wp\/v2\/media\/38848"}],"wp:attachment":[{"href":"https:\/\/noti-america.com\/site\/repdom\/wp-json\/wp\/v2\/media?parent=38847"}],"wp:term":[{"taxonomy":"category","embeddable":true,"href":"https:\/\/noti-america.com\/site\/repdom\/wp-json\/wp\/v2\/categories?post=38847"},{"taxonomy":"post_tag","embeddable":true,"href":"https:\/\/noti-america.com\/site\/repdom\/wp-json\/wp\/v2\/tags?post=38847"}],"curies":[{"name":"wp","href":"https:\/\/api.w.org\/{rel}","templated":true}]}}