{"id":38217,"date":"2026-04-29T04:13:57","date_gmt":"2026-04-29T04:13:57","guid":{"rendered":"https:\/\/noti-america.com\/site\/repdom\/?p=38217"},"modified":"2026-04-29T04:13:57","modified_gmt":"2026-04-29T04:13:57","slug":"poeta-cup-anuncia-su-segunda-edicion","status":"publish","type":"post","link":"https:\/\/noti-america.com\/site\/repdom\/2026\/04\/29\/poeta-cup-anuncia-su-segunda-edicion\/","title":{"rendered":"Poeta Cup anuncia su segunda edici\u00f3n"},"content":{"rendered":"<p>NOTI-AMERICA.COM | REP\u00daBLICA DOMINICANA<\/p>\n<p style=\"text-align: justify\">Poeta Cup anunci\u00f3 oficialmente la celebraci\u00f3n de su segunda edici\u00f3n, consolid\u00e1ndose como una propuesta en crecimiento dentro del calendario del golf dominicano y apostando por una experiencia que va m\u00e1s all\u00e1 del juego.<\/p>\n<p style=\"text-align: justify\">El torneo se llevar\u00e1 a cabo el pr\u00f3ximo 16 de mayo en Guavaberry Golf &amp; Country Club, en formato scramble en parejas, reuniendo a jugadores de distintas generaciones. La competencia contar\u00e1 con categor\u00edas Masculino A, B y C, e incluir\u00e1 adem\u00e1s una categor\u00eda mixta, reafirmando el car\u00e1cter inclusivo del torneo y su intenci\u00f3n de abrir el juego a m\u00e1s participantes.<\/p>\n<p style=\"text-align: justify\">M\u00e1s que un evento deportivo, Poeta Cup nace como un homenaje a Jos\u00e9 J\u00e1quez, y contin\u00faa evolucionando como una plataforma que conecta el golf con nuevas audiencias, integrando a jugadores, acompa\u00f1antes y aliados en una propuesta m\u00e1s amplia y emocionante.<\/p>\n<p style=\"text-align: justify\">Durante la presentaci\u00f3n, se destac\u00f3 que el torneo cuenta con el aval de la Federaci\u00f3n Dominicana de Golf (FEDOGOLF), cuyos representantes tambi\u00e9n participaron en la rueda de prensa, compartiendo y dando lectura a las reglas oficiales del torneo.<\/p>\n<p style=\"text-align: justify\">\u201cQuiero que Poeta Cup siga creciendo y que, con el tiempo, se convierta en algo que aporte al golf y al turismo deportivo en la Rep\u00fablica Dominicana. Creo firmemente en el potencial de mi pa\u00eds, en el valor del golf como experiencia y en lo que podemos construir a partir de esto\u201d, expres\u00f3 Valerie J\u00e1quez, organizadora del torneo.<\/p>\n<p style=\"text-align: justify\">En esta segunda edici\u00f3n, el torneo da un paso adelante en su evoluci\u00f3n, apostando por una experiencia m\u00e1s completa donde cada detalle, desde la organizaci\u00f3n hasta las activaciones en el campo, suma valor a la propuesta general.<\/p>\n<p style=\"text-align: justify\">El torneo cuenta con el respaldo de diversas marcas aliadas, entre ellas Michelob Ultra, as\u00ed como Gonzauto, Chevrolet, La Aurora Cigars, Central Tubo Caribe, Hermanos Yarull, EltaMD, Av\u00e8ne, Repuestos De La Cruz C\u00e1ceres, Hacienda Campo Verde, Puro Golf, Golf Sim, PYA Constructora, Cirug\u00eda Pl\u00e1stica del Caribe, Caribbean Turf y Club Car, quienes se integran como parte de la experiencia del evento.<\/p>\n","protected":false},"excerpt":{"rendered":"<p>NOTI-AMERICA.COM | REP\u00daBLICA DOMINICANA Poeta Cup anunci\u00f3 oficialmente la celebraci\u00f3n de su segunda edici\u00f3n, consolid\u00e1ndose como una propuesta en crecimiento dentro del calendario del golf dominicano y apostando por una experiencia que va m\u00e1s&#46;&#46;&#46;<\/p>\n","protected":false},"author":89,"featured_media":38218,"comment_status":"open","ping_status":"open","sticky":false,"template":"","format":"standard","meta":{"_acf_changed":false,"rop_custom_images_group":[],"rop_custom_messages_group":[],"rop_publish_now":"initial","rop_publish_now_accounts":[],"rop_publish_now_history":[],"rop_publish_now_status":"pending","footnotes":""},"categories":[16],"tags":[4743],"class_list":["post-38217","post","type-post","status-publish","format-standard","has-post-thumbnail","hentry","category-deportes","tag-poeta-cup"],"acf":[],"yoast_head":"<!-- This site is optimized with the Yoast SEO Premium plugin v24.9 (Yoast SEO v27.2) - https:\/\/yoast.com\/product\/yoast-seo-premium-wordpress\/ -->\n<title>Poeta Cup anuncia su segunda edici\u00f3n - Rep. Dominicana | Noti-America.com<\/title>\n<meta name=\"robots\" content=\"index, follow, max-snippet:-1, max-image-preview:large, max-video-preview:-1\" \/>\n<link rel=\"canonical\" href=\"https:\/\/noti-america.com\/site\/repdom\/2026\/04\/29\/poeta-cup-anuncia-su-segunda-edicion\/\" \/>\n<meta property=\"og:locale\" content=\"es_ES\" \/>\n<meta property=\"og:type\" content=\"article\" \/>\n<meta property=\"og:title\" content=\"Poeta Cup anuncia su segunda edici\u00f3n\" \/>\n<meta property=\"og:description\" content=\"NOTI-AMERICA.COM | REP\u00daBLICA DOMINICANA Poeta Cup anunci\u00f3 oficialmente la celebraci\u00f3n de su segunda edici\u00f3n, consolid\u00e1ndose como una propuesta en crecimiento dentro del calendario del golf dominicano y apostando por una experiencia que va m\u00e1s&#046;&#046;&#046;\" \/>\n<meta property=\"og:url\" content=\"https:\/\/noti-america.com\/site\/repdom\/2026\/04\/29\/poeta-cup-anuncia-su-segunda-edicion\/\" \/>\n<meta property=\"og:site_name\" content=\"Rep. Dominicana | Noti-America.com\" \/>\n<meta property=\"article:published_time\" content=\"2026-04-29T04:13:57+00:00\" \/>\n<meta property=\"og:image\" content=\"https:\/\/noti-america.com\/site\/repdom\/wp-content\/uploads\/sites\/6\/2026\/04\/IMG_20260428_194604-scaled.jpg\" \/>\n\t<meta property=\"og:image:width\" content=\"2560\" \/>\n\t<meta property=\"og:image:height\" content=\"1150\" \/>\n\t<meta property=\"og:image:type\" content=\"image\/jpeg\" \/>\n<meta name=\"author\" content=\"Ad\u00e1n Soriano\" \/>\n<meta name=\"twitter:card\" content=\"summary_large_image\" \/>\n<meta name=\"twitter:creator\" content=\"@adansoriano\" \/>\n<meta name=\"twitter:label1\" content=\"Escrito por\" \/>\n\t<meta name=\"twitter:data1\" content=\"Ad\u00e1n Soriano\" \/>\n\t<meta name=\"twitter:label2\" content=\"Tiempo estimado de lectura\" \/>\n\t<meta name=\"twitter:data2\" content=\"2 minutos\" \/>\n<script type=\"application\/ld+json\" class=\"yoast-schema-graph\">{\"@context\":\"https:\/\/schema.org\",\"@graph\":[{\"@type\":\"Article\",\"@id\":\"https:\/\/noti-america.com\/site\/repdom\/2026\/04\/29\/poeta-cup-anuncia-su-segunda-edicion\/#article\",\"isPartOf\":{\"@id\":\"https:\/\/noti-america.com\/site\/repdom\/2026\/04\/29\/poeta-cup-anuncia-su-segunda-edicion\/\"},\"author\":{\"name\":\"Ad\u00e1n Soriano\",\"@id\":\"https:\/\/noti-america.com\/site\/repdom\/#\/schema\/person\/fd0092c1530d275fabaa5cffcbc2b976\"},\"headline\":\"Poeta Cup anuncia su segunda edici\u00f3n\",\"datePublished\":\"2026-04-29T04:13:57+00:00\",\"mainEntityOfPage\":{\"@id\":\"https:\/\/noti-america.com\/site\/repdom\/2026\/04\/29\/poeta-cup-anuncia-su-segunda-edicion\/\"},\"wordCount\":368,\"commentCount\":0,\"publisher\":{\"@id\":\"https:\/\/noti-america.com\/site\/repdom\/#organization\"},\"image\":{\"@id\":\"https:\/\/noti-america.com\/site\/repdom\/2026\/04\/29\/poeta-cup-anuncia-su-segunda-edicion\/#primaryimage\"},\"thumbnailUrl\":\"https:\/\/noti-america.com\/site\/repdom\/wp-content\/uploads\/sites\/6\/2026\/04\/IMG_20260428_194604-scaled.jpg\",\"keywords\":[\"Poeta Cup\"],\"articleSection\":[\"Deportes\"],\"inLanguage\":\"es\",\"potentialAction\":[{\"@type\":\"CommentAction\",\"name\":\"Comment\",\"target\":[\"https:\/\/noti-america.com\/site\/repdom\/2026\/04\/29\/poeta-cup-anuncia-su-segunda-edicion\/#respond\"]}]},{\"@type\":\"WebPage\",\"@id\":\"https:\/\/noti-america.com\/site\/repdom\/2026\/04\/29\/poeta-cup-anuncia-su-segunda-edicion\/\",\"url\":\"https:\/\/noti-america.com\/site\/repdom\/2026\/04\/29\/poeta-cup-anuncia-su-segunda-edicion\/\",\"name\":\"Poeta Cup anuncia su segunda edici\u00f3n - Rep. Dominicana | Noti-America.com\",\"isPartOf\":{\"@id\":\"https:\/\/noti-america.com\/site\/repdom\/#website\"},\"primaryImageOfPage\":{\"@id\":\"https:\/\/noti-america.com\/site\/repdom\/2026\/04\/29\/poeta-cup-anuncia-su-segunda-edicion\/#primaryimage\"},\"image\":{\"@id\":\"https:\/\/noti-america.com\/site\/repdom\/2026\/04\/29\/poeta-cup-anuncia-su-segunda-edicion\/#primaryimage\"},\"thumbnailUrl\":\"https:\/\/noti-america.com\/site\/repdom\/wp-content\/uploads\/sites\/6\/2026\/04\/IMG_20260428_194604-scaled.jpg\",\"datePublished\":\"2026-04-29T04:13:57+00:00\",\"breadcrumb\":{\"@id\":\"https:\/\/noti-america.com\/site\/repdom\/2026\/04\/29\/poeta-cup-anuncia-su-segunda-edicion\/#breadcrumb\"},\"inLanguage\":\"es\",\"potentialAction\":[{\"@type\":\"ReadAction\",\"target\":[\"https:\/\/noti-america.com\/site\/repdom\/2026\/04\/29\/poeta-cup-anuncia-su-segunda-edicion\/\"]}]},{\"@type\":\"ImageObject\",\"inLanguage\":\"es\",\"@id\":\"https:\/\/noti-america.com\/site\/repdom\/2026\/04\/29\/poeta-cup-anuncia-su-segunda-edicion\/#primaryimage\",\"url\":\"https:\/\/noti-america.com\/site\/repdom\/wp-content\/uploads\/sites\/6\/2026\/04\/IMG_20260428_194604-scaled.jpg\",\"contentUrl\":\"https:\/\/noti-america.com\/site\/repdom\/wp-content\/uploads\/sites\/6\/2026\/04\/IMG_20260428_194604-scaled.jpg\",\"width\":2560,\"height\":1150},{\"@type\":\"BreadcrumbList\",\"@id\":\"https:\/\/noti-america.com\/site\/repdom\/2026\/04\/29\/poeta-cup-anuncia-su-segunda-edicion\/#breadcrumb\",\"itemListElement\":[{\"@type\":\"ListItem\",\"position\":1,\"name\":\"Portada\",\"item\":\"https:\/\/noti-america.com\/site\/repdom\/\"},{\"@type\":\"ListItem\",\"position\":2,\"name\":\"Poeta Cup anuncia su segunda edici\u00f3n\"}]},{\"@type\":\"WebSite\",\"@id\":\"https:\/\/noti-america.com\/site\/repdom\/#website\",\"url\":\"https:\/\/noti-america.com\/site\/repdom\/\",\"name\":\"Rep. Dominicana | Noti-America.com\",\"description\":\"\",\"publisher\":{\"@id\":\"https:\/\/noti-america.com\/site\/repdom\/#organization\"},\"potentialAction\":[{\"@type\":\"SearchAction\",\"target\":{\"@type\":\"EntryPoint\",\"urlTemplate\":\"https:\/\/noti-america.com\/site\/repdom\/?s={search_term_string}\"},\"query-input\":{\"@type\":\"PropertyValueSpecification\",\"valueRequired\":true,\"valueName\":\"search_term_string\"}}],\"inLanguage\":\"es\"},{\"@type\":\"Organization\",\"@id\":\"https:\/\/noti-america.com\/site\/repdom\/#organization\",\"name\":\"Noti-America LLC | Rep\u00fablica Dominicana\",\"url\":\"https:\/\/noti-america.com\/site\/repdom\/\",\"logo\":{\"@type\":\"ImageObject\",\"inLanguage\":\"es\",\"@id\":\"https:\/\/noti-america.com\/site\/repdom\/#\/schema\/logo\/image\/\",\"url\":\"https:\/\/noti-america.com\/site\/repdom\/wp-content\/uploads\/sites\/6\/2020\/07\/LogoNA-4x3-1.jpg\",\"contentUrl\":\"https:\/\/noti-america.com\/site\/repdom\/wp-content\/uploads\/sites\/6\/2020\/07\/LogoNA-4x3-1.jpg\",\"width\":1236,\"height\":1080,\"caption\":\"Noti-America LLC | Rep\u00fablica Dominicana\"},\"image\":{\"@id\":\"https:\/\/noti-america.com\/site\/repdom\/#\/schema\/logo\/image\/\"}},{\"@type\":\"Person\",\"@id\":\"https:\/\/noti-america.com\/site\/repdom\/#\/schema\/person\/fd0092c1530d275fabaa5cffcbc2b976\",\"name\":\"Ad\u00e1n Soriano\",\"image\":{\"@type\":\"ImageObject\",\"inLanguage\":\"es\",\"@id\":\"https:\/\/secure.gravatar.com\/avatar\/ecf97ff3aee7ff9efdae670d7e976f3e7e8acc1077e510d73707999a8bfd4467?s=96&d=mm&r=g\",\"url\":\"https:\/\/secure.gravatar.com\/avatar\/ecf97ff3aee7ff9efdae670d7e976f3e7e8acc1077e510d73707999a8bfd4467?s=96&d=mm&r=g\",\"contentUrl\":\"https:\/\/secure.gravatar.com\/avatar\/ecf97ff3aee7ff9efdae670d7e976f3e7e8acc1077e510d73707999a8bfd4467?s=96&d=mm&r=g\",\"caption\":\"Ad\u00e1n Soriano\"},\"description\":\"Soy cronista deportivo con 10 a\u00f1os de experiencia en varios espacios, y conduzco el podcast deportivo llamado Mezcla Deportiva\",\"sameAs\":[\"https:\/\/x.com\/adansoriano\"],\"url\":\"https:\/\/noti-america.com\/site\/repdom\/author\/asoriano\/\"}]}<\/script>\n<!-- \/ Yoast SEO Premium plugin. -->","yoast_head_json":{"title":"Poeta Cup anuncia su segunda edici\u00f3n - Rep. Dominicana | Noti-America.com","robots":{"index":"index","follow":"follow","max-snippet":"max-snippet:-1","max-image-preview":"max-image-preview:large","max-video-preview":"max-video-preview:-1"},"canonical":"https:\/\/noti-america.com\/site\/repdom\/2026\/04\/29\/poeta-cup-anuncia-su-segunda-edicion\/","og_locale":"es_ES","og_type":"article","og_title":"Poeta Cup anuncia su segunda edici\u00f3n","og_description":"NOTI-AMERICA.COM | REP\u00daBLICA DOMINICANA Poeta Cup anunci\u00f3 oficialmente la celebraci\u00f3n de su segunda edici\u00f3n, consolid\u00e1ndose como una propuesta en crecimiento dentro del calendario del golf dominicano y apostando por una experiencia que va m\u00e1s&#46;&#46;&#46;","og_url":"https:\/\/noti-america.com\/site\/repdom\/2026\/04\/29\/poeta-cup-anuncia-su-segunda-edicion\/","og_site_name":"Rep. Dominicana | Noti-America.com","article_published_time":"2026-04-29T04:13:57+00:00","og_image":[{"width":2560,"height":1150,"url":"https:\/\/noti-america.com\/site\/repdom\/wp-content\/uploads\/sites\/6\/2026\/04\/IMG_20260428_194604-scaled.jpg","type":"image\/jpeg"}],"author":"Ad\u00e1n Soriano","twitter_card":"summary_large_image","twitter_creator":"@adansoriano","twitter_misc":{"Escrito por":"Ad\u00e1n Soriano","Tiempo estimado de lectura":"2 minutos"},"schema":{"@context":"https:\/\/schema.org","@graph":[{"@type":"Article","@id":"https:\/\/noti-america.com\/site\/repdom\/2026\/04\/29\/poeta-cup-anuncia-su-segunda-edicion\/#article","isPartOf":{"@id":"https:\/\/noti-america.com\/site\/repdom\/2026\/04\/29\/poeta-cup-anuncia-su-segunda-edicion\/"},"author":{"name":"Ad\u00e1n Soriano","@id":"https:\/\/noti-america.com\/site\/repdom\/#\/schema\/person\/fd0092c1530d275fabaa5cffcbc2b976"},"headline":"Poeta Cup anuncia su segunda edici\u00f3n","datePublished":"2026-04-29T04:13:57+00:00","mainEntityOfPage":{"@id":"https:\/\/noti-america.com\/site\/repdom\/2026\/04\/29\/poeta-cup-anuncia-su-segunda-edicion\/"},"wordCount":368,"commentCount":0,"publisher":{"@id":"https:\/\/noti-america.com\/site\/repdom\/#organization"},"image":{"@id":"https:\/\/noti-america.com\/site\/repdom\/2026\/04\/29\/poeta-cup-anuncia-su-segunda-edicion\/#primaryimage"},"thumbnailUrl":"https:\/\/noti-america.com\/site\/repdom\/wp-content\/uploads\/sites\/6\/2026\/04\/IMG_20260428_194604-scaled.jpg","keywords":["Poeta Cup"],"articleSection":["Deportes"],"inLanguage":"es","potentialAction":[{"@type":"CommentAction","name":"Comment","target":["https:\/\/noti-america.com\/site\/repdom\/2026\/04\/29\/poeta-cup-anuncia-su-segunda-edicion\/#respond"]}]},{"@type":"WebPage","@id":"https:\/\/noti-america.com\/site\/repdom\/2026\/04\/29\/poeta-cup-anuncia-su-segunda-edicion\/","url":"https:\/\/noti-america.com\/site\/repdom\/2026\/04\/29\/poeta-cup-anuncia-su-segunda-edicion\/","name":"Poeta Cup anuncia su segunda edici\u00f3n - Rep. Dominicana | Noti-America.com","isPartOf":{"@id":"https:\/\/noti-america.com\/site\/repdom\/#website"},"primaryImageOfPage":{"@id":"https:\/\/noti-america.com\/site\/repdom\/2026\/04\/29\/poeta-cup-anuncia-su-segunda-edicion\/#primaryimage"},"image":{"@id":"https:\/\/noti-america.com\/site\/repdom\/2026\/04\/29\/poeta-cup-anuncia-su-segunda-edicion\/#primaryimage"},"thumbnailUrl":"https:\/\/noti-america.com\/site\/repdom\/wp-content\/uploads\/sites\/6\/2026\/04\/IMG_20260428_194604-scaled.jpg","datePublished":"2026-04-29T04:13:57+00:00","breadcrumb":{"@id":"https:\/\/noti-america.com\/site\/repdom\/2026\/04\/29\/poeta-cup-anuncia-su-segunda-edicion\/#breadcrumb"},"inLanguage":"es","potentialAction":[{"@type":"ReadAction","target":["https:\/\/noti-america.com\/site\/repdom\/2026\/04\/29\/poeta-cup-anuncia-su-segunda-edicion\/"]}]},{"@type":"ImageObject","inLanguage":"es","@id":"https:\/\/noti-america.com\/site\/repdom\/2026\/04\/29\/poeta-cup-anuncia-su-segunda-edicion\/#primaryimage","url":"https:\/\/noti-america.com\/site\/repdom\/wp-content\/uploads\/sites\/6\/2026\/04\/IMG_20260428_194604-scaled.jpg","contentUrl":"https:\/\/noti-america.com\/site\/repdom\/wp-content\/uploads\/sites\/6\/2026\/04\/IMG_20260428_194604-scaled.jpg","width":2560,"height":1150},{"@type":"BreadcrumbList","@id":"https:\/\/noti-america.com\/site\/repdom\/2026\/04\/29\/poeta-cup-anuncia-su-segunda-edicion\/#breadcrumb","itemListElement":[{"@type":"ListItem","position":1,"name":"Portada","item":"https:\/\/noti-america.com\/site\/repdom\/"},{"@type":"ListItem","position":2,"name":"Poeta Cup anuncia su segunda edici\u00f3n"}]},{"@type":"WebSite","@id":"https:\/\/noti-america.com\/site\/repdom\/#website","url":"https:\/\/noti-america.com\/site\/repdom\/","name":"Rep. Dominicana | Noti-America.com","description":"","publisher":{"@id":"https:\/\/noti-america.com\/site\/repdom\/#organization"},"potentialAction":[{"@type":"SearchAction","target":{"@type":"EntryPoint","urlTemplate":"https:\/\/noti-america.com\/site\/repdom\/?s={search_term_string}"},"query-input":{"@type":"PropertyValueSpecification","valueRequired":true,"valueName":"search_term_string"}}],"inLanguage":"es"},{"@type":"Organization","@id":"https:\/\/noti-america.com\/site\/repdom\/#organization","name":"Noti-America LLC | Rep\u00fablica Dominicana","url":"https:\/\/noti-america.com\/site\/repdom\/","logo":{"@type":"ImageObject","inLanguage":"es","@id":"https:\/\/noti-america.com\/site\/repdom\/#\/schema\/logo\/image\/","url":"https:\/\/noti-america.com\/site\/repdom\/wp-content\/uploads\/sites\/6\/2020\/07\/LogoNA-4x3-1.jpg","contentUrl":"https:\/\/noti-america.com\/site\/repdom\/wp-content\/uploads\/sites\/6\/2020\/07\/LogoNA-4x3-1.jpg","width":1236,"height":1080,"caption":"Noti-America LLC | Rep\u00fablica Dominicana"},"image":{"@id":"https:\/\/noti-america.com\/site\/repdom\/#\/schema\/logo\/image\/"}},{"@type":"Person","@id":"https:\/\/noti-america.com\/site\/repdom\/#\/schema\/person\/fd0092c1530d275fabaa5cffcbc2b976","name":"Ad\u00e1n Soriano","image":{"@type":"ImageObject","inLanguage":"es","@id":"https:\/\/secure.gravatar.com\/avatar\/ecf97ff3aee7ff9efdae670d7e976f3e7e8acc1077e510d73707999a8bfd4467?s=96&d=mm&r=g","url":"https:\/\/secure.gravatar.com\/avatar\/ecf97ff3aee7ff9efdae670d7e976f3e7e8acc1077e510d73707999a8bfd4467?s=96&d=mm&r=g","contentUrl":"https:\/\/secure.gravatar.com\/avatar\/ecf97ff3aee7ff9efdae670d7e976f3e7e8acc1077e510d73707999a8bfd4467?s=96&d=mm&r=g","caption":"Ad\u00e1n Soriano"},"description":"Soy cronista deportivo con 10 a\u00f1os de experiencia en varios espacios, y conduzco el podcast deportivo llamado Mezcla Deportiva","sameAs":["https:\/\/x.com\/adansoriano"],"url":"https:\/\/noti-america.com\/site\/repdom\/author\/asoriano\/"}]}},"_links":{"self":[{"href":"https:\/\/noti-america.com\/site\/repdom\/wp-json\/wp\/v2\/posts\/38217","targetHints":{"allow":["GET"]}}],"collection":[{"href":"https:\/\/noti-america.com\/site\/repdom\/wp-json\/wp\/v2\/posts"}],"about":[{"href":"https:\/\/noti-america.com\/site\/repdom\/wp-json\/wp\/v2\/types\/post"}],"author":[{"embeddable":true,"href":"https:\/\/noti-america.com\/site\/repdom\/wp-json\/wp\/v2\/users\/89"}],"replies":[{"embeddable":true,"href":"https:\/\/noti-america.com\/site\/repdom\/wp-json\/wp\/v2\/comments?post=38217"}],"version-history":[{"count":1,"href":"https:\/\/noti-america.com\/site\/repdom\/wp-json\/wp\/v2\/posts\/38217\/revisions"}],"predecessor-version":[{"id":38219,"href":"https:\/\/noti-america.com\/site\/repdom\/wp-json\/wp\/v2\/posts\/38217\/revisions\/38219"}],"wp:featuredmedia":[{"embeddable":true,"href":"https:\/\/noti-america.com\/site\/repdom\/wp-json\/wp\/v2\/media\/38218"}],"wp:attachment":[{"href":"https:\/\/noti-america.com\/site\/repdom\/wp-json\/wp\/v2\/media?parent=38217"}],"wp:term":[{"taxonomy":"category","embeddable":true,"href":"https:\/\/noti-america.com\/site\/repdom\/wp-json\/wp\/v2\/categories?post=38217"},{"taxonomy":"post_tag","embeddable":true,"href":"https:\/\/noti-america.com\/site\/repdom\/wp-json\/wp\/v2\/tags?post=38217"}],"curies":[{"name":"wp","href":"https:\/\/api.w.org\/{rel}","templated":true}]}}