{"id":38161,"date":"2026-04-24T23:32:39","date_gmt":"2026-04-24T23:32:39","guid":{"rendered":"https:\/\/noti-america.com\/site\/repdom\/?p=38161"},"modified":"2026-04-24T23:32:39","modified_gmt":"2026-04-24T23:32:39","slug":"vi-congreso-mundial-de-mujeres-lideres-se-celebrara-en-la-universidad-de-harvard","status":"publish","type":"post","link":"https:\/\/noti-america.com\/site\/repdom\/2026\/04\/24\/vi-congreso-mundial-de-mujeres-lideres-se-celebrara-en-la-universidad-de-harvard\/","title":{"rendered":"VI Congreso Mundial de Mujeres L\u00edderes se celebrar\u00e1 en la Universidad de Harvard"},"content":{"rendered":"<p><strong>NotiAm\u00e9rica Rep\u00fablica Dominicana\u00a0<\/strong><br \/>\n<strong>Santo Domingo,RD<\/strong><\/p>\n<p>&nbsp;<\/p>\n<div class=\"\" data-turn-id-container=\"request-WEB:dfe86c7f-eb11-4a51-8fe1-4dbfe7b7fa0d-0\" data-is-intersecting=\"true\">\n<section class=\"text-token-text-primary w-full focus:outline-none [--shadow-height:45px] has-data-writing-block:pointer-events-none has-data-writing-block:-mt-(--shadow-height) has-data-writing-block:pt-(--shadow-height) [&amp;:has([data-writing-block])&gt;*]:pointer-events-auto R6Vx5W_threadScrollVars scroll-mb-[calc(var(--scroll-root-safe-area-inset-bottom,0px)+var(--thread-response-height))] scroll-mt-[calc(var(--header-height)+min(200px,max(70px,20svh)))]\" dir=\"auto\" data-turn-id=\"request-WEB:dfe86c7f-eb11-4a51-8fe1-4dbfe7b7fa0d-0\" data-testid=\"conversation-turn-2\" data-scroll-anchor=\"false\" data-turn=\"assistant\">\n<div class=\"text-base my-auto mx-auto pb-10 [--thread-content-margin:var(--thread-content-margin-xs,calc(var(--spacing)*4))] @w-sm\/main:[--thread-content-margin:var(--thread-content-margin-sm,calc(var(--spacing)*6))] @w-lg\/main:[--thread-content-margin:var(--thread-content-margin-lg,calc(var(--spacing)*16))] px-(--thread-content-margin)\">\n<div class=\"[--thread-content-max-width:40rem] @w-lg\/main:[--thread-content-max-width:48rem] mx-auto max-w-(--thread-content-max-width) flex-1 group\/turn-messages focus-visible:outline-hidden relative flex w-full min-w-0 flex-col agent-turn\">\n<div class=\"flex max-w-full flex-col gap-4 grow\">\n<div class=\"min-h-8 text-message relative flex w-full flex-col items-end gap-2 text-start break-words whitespace-normal outline-none keyboard-focused:focus-ring [.text-message+&amp;]:mt-1\" dir=\"auto\" data-message-author-role=\"assistant\" data-message-id=\"27fe04fe-e378-4670-9e1e-e7de6a3ef5e3\" data-turn-start-message=\"true\" data-message-model-slug=\"gpt-5-3\">\n<div class=\"flex w-full flex-col gap-1 empty:hidden\">\n<div class=\"markdown prose dark:prose-invert w-full wrap-break-word light markdown-new-styling\">\n<p style=\"text-align: justify\" data-start=\"197\" data-end=\"484\"><strong data-start=\"197\" data-end=\"248\">Cambridge, Massachusetts, EE. UU. \u2013 Abril 2026.<\/strong><br data-start=\"248\" data-end=\"251\" \/>Los d\u00edas 23 y 24 de abril de 2026, la prestigiosa\u00a0<span class=\"hover:entity-accent entity-underline inline cursor-pointer align-baseline\"><span class=\"whitespace-normal\">Universidad de Harvard<\/span><\/span>\u00a0ser\u00e1 sede del\u00a0<strong data-start=\"353\" data-end=\"400\">VI Congreso Mundial de Mujeres L\u00edderes 2026<\/strong>, un encuentro internacional que reunir\u00e1 a destacadas figuras del liderazgo hispano.<\/p>\n<p style=\"text-align: justify\" data-start=\"486\" data-end=\"698\">El evento es organizado por la Ph.D.\u00a0<span class=\"hover:entity-accent entity-underline inline cursor-pointer align-baseline\"><span class=\"whitespace-normal\">Roselin Cabrales<\/span><\/span>\u00a0junto a\u00a0<span class=\"hover:entity-accent entity-underline inline cursor-pointer align-baseline\"><span class=\"whitespace-normal\">EntreL\u00edderes Business Strategy School<\/span><\/span>, consolid\u00e1ndose como uno de los congresos m\u00e1s innovadores y disruptivos del \u00e1mbito hispano.<\/p>\n<p style=\"text-align: justify\" data-start=\"700\" data-end=\"1035\">Este congreso reunir\u00e1 a\u00a0<strong data-start=\"724\" data-end=\"916\">50 l\u00edderes de alto nivel provenientes de Estados Unidos, Espa\u00f1a, Argentina, Chile, Uruguay, El Salvador, Panam\u00e1, Colombia, Venezuela, Cuba, Per\u00fa, Rep\u00fablica Dominicana, Puerto Rico y M\u00e9xico<\/strong>, quienes compartir\u00e1n sus conocimientos, experiencias y visi\u00f3n sobre tendencias empresariales, tecnol\u00f3gicas y sociales.<\/p>\n<p style=\"text-align: justify\" data-start=\"1037\" data-end=\"1278\">El programa estar\u00e1 alineado con la\u00a0<span class=\"hover:entity-accent entity-underline inline cursor-pointer align-baseline\"><span class=\"whitespace-normal\">Organizaci\u00f3n de las Naciones Unidas<\/span><\/span>, la\u00a0<strong data-start=\"1114\" data-end=\"1129\">Agenda 2030<\/strong>\u00a0y los\u00a0<strong data-start=\"1136\" data-end=\"1183\">17 Objetivos de Desarrollo Sostenible (ODS)<\/strong>, reafirmando el compromiso del liderazgo femenino con el desarrollo sostenible a nivel global.<\/p>\n<p style=\"text-align: justify\" data-start=\"1280\" data-end=\"1517\">Seg\u00fan explic\u00f3 Cabrales, este congreso busca\u00a0<strong data-start=\"1324\" data-end=\"1433\">fortalecer el rol de los l\u00edderes hispanos frente a los desaf\u00edos pol\u00edticos, econ\u00f3micos y sociales actuales<\/strong>, fomentando el intercambio de ideas, la innovaci\u00f3n y la colaboraci\u00f3n internacional.<\/p>\n<p style=\"text-align: justify\" data-start=\"1519\" data-end=\"1785\">Desde su creaci\u00f3n en 2021, el Congreso Mundial de Mujeres L\u00edderes ha logrado un impacto significativo, contando con\u00a0<strong data-start=\"1635\" data-end=\"1701\">192 conferencistas presenciales y m\u00e1s de 738 panelistas online<\/strong>, consolid\u00e1ndose como una plataforma de alto nivel acad\u00e9mico y de networking global.<\/p>\n<blockquote data-start=\"1787\" data-end=\"2023\">\n<p data-start=\"1789\" data-end=\"2023\">\u201cLos desaf\u00edos que enfrentan los l\u00edderes hispanos son diversos e inmensos, pero unidos somos m\u00e1s fuertes. Este tipo de encuentros internacionales con alto est\u00e1ndar acad\u00e9mico son fundamentales para impulsar el cambio\u201d, destac\u00f3 Cabrales.<\/p>\n<\/blockquote>\n<p style=\"text-align: justify\" data-start=\"2025\" data-end=\"2247\">El evento ofrecer\u00e1 una experiencia integral que permitir\u00e1 a las participantes acceder a\u00a0<strong data-start=\"2113\" data-end=\"2196\">herramientas estrat\u00e9gicas, formaci\u00f3n de alto nivel y conexiones internacionales<\/strong>, impulsando su crecimiento personal y profesional.<\/p>\n<p style=\"text-align: justify\" data-start=\"2249\" data-end=\"2494\">Como parte especial del programa, el 23 de abril \u2014en el marco del D\u00eda del Libro\u2014 la Dra. Cabrales realizar\u00e1 el lanzamiento de su obra\u00a0<strong data-start=\"2383\" data-end=\"2420\">\u201cEl Superpoder de la Negociaci\u00f3n\u201d<\/strong>, donde recoge m\u00e1s de 25 a\u00f1os de experiencia como negociadora profesional.<\/p>\n<p style=\"text-align: justify\" data-start=\"2496\" data-end=\"2688\">Asimismo, los participantes se trasladar\u00e1n a\u00a0<strong data-start=\"2541\" data-end=\"2582\"><span class=\"hover:entity-accent entity-underline inline cursor-pointer align-baseline\"><span class=\"whitespace-normal\">Times Square<\/span><\/span><\/strong>, donde se proyectar\u00e1 la imagen de los conferencistas en uno de los escenarios m\u00e1s emblem\u00e1ticos del mundo.<\/p>\n<blockquote data-start=\"2690\" data-end=\"2838\">\n<p data-start=\"2692\" data-end=\"2838\">\u201cNuestro objetivo es generar un impacto duradero en nuestras comunidades y construir un futuro m\u00e1s pr\u00f3spero para los hispanos\u201d, concluy\u00f3 Cabrales.<\/p>\n<\/blockquote>\n<hr data-start=\"2840\" data-end=\"2843\" \/>\n<h2 style=\"text-align: justify\" data-start=\"2845\" data-end=\"2880\"><span role=\"text\"><strong data-start=\"2848\" data-end=\"2880\">Un espacio de impacto global<\/strong><\/span><\/h2>\n<p style=\"text-align: justify\" data-start=\"2882\" data-end=\"3014\">El Congreso Mundial de Mujeres L\u00edderes 2026 se posiciona como un evento\u00a0<strong data-start=\"2954\" data-end=\"3000\">exclusivo, transformador y de alto impacto<\/strong>, orientado a:<\/p>\n<ul style=\"text-align: justify\" data-start=\"3016\" data-end=\"3218\">\n<li data-start=\"3016\" data-end=\"3062\">\n<p data-start=\"3018\" data-end=\"3062\">Inspirar y empoderar el liderazgo femenino<\/p>\n<\/li>\n<li data-start=\"3063\" data-end=\"3100\">\n<p data-start=\"3065\" data-end=\"3100\">Promover el desarrollo sostenible<\/p>\n<\/li>\n<li data-start=\"3101\" data-end=\"3168\">\n<p data-start=\"3103\" data-end=\"3168\">Impulsar el posicionamiento de marcas personales y corporativas<\/p>\n<\/li>\n<li data-start=\"3169\" data-end=\"3218\">\n<p data-start=\"3171\" data-end=\"3218\">Generar alianzas estrat\u00e9gicas internacionales<\/p>\n<\/li>\n<\/ul>\n<p style=\"text-align: justify\" data-start=\"3220\" data-end=\"3443\">Durante dos d\u00edas, los asistentes participar\u00e1n en conferencias, paneles y espacios de networking dise\u00f1ados para\u00a0<strong data-start=\"3331\" data-end=\"3442\">fomentar el intercambio de conocimientos y la creaci\u00f3n de soluciones innovadoras para los desaf\u00edos globales<\/strong>.<\/p>\n<hr data-start=\"3445\" data-end=\"3448\" \/>\n<h2 style=\"text-align: justify\" data-start=\"3450\" data-end=\"3492\"><span role=\"text\"><strong data-start=\"3453\" data-end=\"3492\">Lista de Conferencistas (selecci\u00f3n)<\/strong><\/span><\/h2>\n<p style=\"text-align: justify\" data-start=\"3494\" data-end=\"3587\">El congreso contar\u00e1 con la participaci\u00f3n de reconocidos l\u00edderes internacionales, entre ellos:<\/p>\n<p style=\"text-align: justify\" data-start=\"3589\" data-end=\"4441\">Roselin Cabrales, Carlos Moreno, Dayana Perozo, Isa Berm\u00fadez, Yiseny Anzola, Gisel Castillo, Maril\u00fa Esponda Sada, Yessica de Lamadrid, Andrea Vergara Rivera, Fabiola Malka, Mar\u00eda Marta Cantarell, Rosy Galano, Andrea Molej\u00f3n, Cynthia Castro, Nathali Perlaza, Khadine Smith, Andreina Garc\u00eda, Andrea Mart\u00ednez D\u00edaz, Indira Zarzuela, Jennifer Rosario, Lorena Moya Zurita, Lilibeth Le\u00f3n, Anna Traverso, Ana Cristina Correa, Maxi Feliz, Pedro Silva, Eddy Vera, Mar\u00eda Prieto, Luceidy Rodr\u00edguez, Gema Ormaza Loor, Zasquia Villegas, Gaby Bravo, Matthew Goitia, Julianna Morillo, Michelle Castellanos, Josu\u00e9 Pe\u00f1a, Karina Mart\u00ednez P\u00e9rez, Gabriela Berrospi, Lorena Alvi\u00e1rez, Ang\u00e9lica Cruz, Ornella Jim\u00e9nez, Caro Alviarez, Said Ar\u00e9valo, Lina Mar\u00eda Arbelaez Rend\u00f3n, Diego Urquijo, Paula P\u00e9rez Corredor, Carla Youngs, Gustavo Nava, Adriana Hern\u00e1ndez y Anderson Mclean.<\/p>\n<hr data-start=\"4443\" data-end=\"4446\" \/>\n<h2 style=\"text-align: justify\" data-start=\"4448\" data-end=\"4478\"><span role=\"text\"><strong data-start=\"4451\" data-end=\"4478\">Informaci\u00f3n de contacto<\/strong><\/span><\/h2>\n<p style=\"text-align: justify\" data-start=\"4480\" data-end=\"4691\"><strong data-start=\"4480\" data-end=\"4528\"><span class=\"hover:entity-accent entity-underline inline cursor-pointer align-baseline\"><span class=\"whitespace-normal\">Roselin Cabrales<\/span><\/span>, Ph.D.<\/strong><br data-start=\"4528\" data-end=\"4531\" \/>Presidenta y Organizadora<br data-start=\"4556\" data-end=\"4559\" \/>\ud83d\udce7\u00a0<a class=\"decorated-link cursor-pointer\" rel=\"noopener\" data-start=\"4562\" data-end=\"4604\">roselincabrales@congresomujereslideres.com<\/a><br data-start=\"4604\" data-end=\"4607\" \/>\ud83d\udcde +1 (713) 269-2256<br data-start=\"4627\" data-end=\"4630\" \/>\ud83c\udf10\u00a0<a class=\"decorated-link\" href=\"http:\/\/www.congresomujereslideres.com\/\" target=\"_new\" rel=\"noopener\" data-start=\"4633\" data-end=\"4663\">www.congresomujereslideres.com<\/a><br data-start=\"4663\" data-end=\"4666\" \/>\ud83c\udf10\u00a0<a class=\"decorated-link\" href=\"http:\/\/www.entrelideres.com\/\" target=\"_new\" rel=\"noopener\" data-start=\"4669\" data-end=\"4689\">www.entrelideres.com<\/a><\/p>\n<\/div>\n<\/div>\n<\/div>\n<\/div>\n<\/div>\n<\/div>\n<\/section>\n<\/div>\n","protected":false},"excerpt":{"rendered":"<p>NotiAm\u00e9rica Rep\u00fablica Dominicana\u00a0 Santo Domingo,RD &nbsp; Cambridge, Massachusetts, EE. UU. \u2013 Abril 2026.Los d\u00edas 23 y 24 de abril de 2026, la prestigiosa\u00a0Universidad de Harvard\u00a0ser\u00e1 sede del\u00a0VI Congreso Mundial de Mujeres L\u00edderes 2026, un&#46;&#46;&#46;<\/p>\n","protected":false},"author":87,"featured_media":38162,"comment_status":"open","ping_status":"open","sticky":false,"template":"","format":"image","meta":{"_acf_changed":false,"rop_custom_images_group":[],"rop_custom_messages_group":[],"rop_publish_now":"initial","rop_publish_now_accounts":[],"rop_publish_now_history":[],"rop_publish_now_status":"pending","footnotes":""},"categories":[163,4],"tags":[],"class_list":["post-38161","post","type-post","status-publish","format-image","has-post-thumbnail","hentry","category-empresarios","category-internacionales","post_format-post-format-image"],"acf":[],"yoast_head":"<!-- This site is optimized with the Yoast SEO Premium plugin v24.9 (Yoast SEO v27.2) - https:\/\/yoast.com\/product\/yoast-seo-premium-wordpress\/ -->\n<title>VI Congreso Mundial de Mujeres L\u00edderes se celebrar\u00e1 en la Universidad de Harvard - Rep. Dominicana | Noti-America.com<\/title>\n<meta name=\"robots\" content=\"index, follow, max-snippet:-1, max-image-preview:large, max-video-preview:-1\" \/>\n<link rel=\"canonical\" href=\"https:\/\/noti-america.com\/site\/repdom\/2026\/04\/24\/vi-congreso-mundial-de-mujeres-lideres-se-celebrara-en-la-universidad-de-harvard\/\" \/>\n<meta property=\"og:locale\" content=\"es_ES\" \/>\n<meta property=\"og:type\" content=\"article\" \/>\n<meta property=\"og:title\" content=\"VI Congreso Mundial de Mujeres L\u00edderes se celebrar\u00e1 en la Universidad de Harvard\" \/>\n<meta property=\"og:description\" content=\"NotiAm\u00e9rica Rep\u00fablica Dominicana\u00a0 Santo Domingo,RD &nbsp; Cambridge, Massachusetts, EE. UU. \u2013 Abril 2026.Los d\u00edas 23 y 24 de abril de 2026, la prestigiosa\u00a0Universidad de Harvard\u00a0ser\u00e1 sede del\u00a0VI Congreso Mundial de Mujeres L\u00edderes 2026, un&#046;&#046;&#046;\" \/>\n<meta property=\"og:url\" content=\"https:\/\/noti-america.com\/site\/repdom\/2026\/04\/24\/vi-congreso-mundial-de-mujeres-lideres-se-celebrara-en-la-universidad-de-harvard\/\" \/>\n<meta property=\"og:site_name\" content=\"Rep. Dominicana | Noti-America.com\" \/>\n<meta property=\"article:published_time\" content=\"2026-04-24T23:32:39+00:00\" \/>\n<meta property=\"og:image\" content=\"https:\/\/noti-america.com\/site\/repdom\/wp-content\/uploads\/sites\/6\/2026\/04\/cmml-2024-1-1024x683.png\" \/>\n\t<meta property=\"og:image:width\" content=\"1024\" \/>\n\t<meta property=\"og:image:height\" content=\"683\" \/>\n\t<meta property=\"og:image:type\" content=\"image\/png\" \/>\n<meta name=\"author\" content=\"CAMH\" \/>\n<meta name=\"twitter:card\" content=\"summary_large_image\" \/>\n<meta name=\"twitter:label1\" content=\"Escrito por\" \/>\n\t<meta name=\"twitter:data1\" content=\"CAMH\" \/>\n\t<meta name=\"twitter:label2\" content=\"Tiempo estimado de lectura\" \/>\n\t<meta name=\"twitter:data2\" content=\"3 minutos\" \/>\n<script type=\"application\/ld+json\" class=\"yoast-schema-graph\">{\"@context\":\"https:\/\/schema.org\",\"@graph\":[{\"@type\":\"Article\",\"@id\":\"https:\/\/noti-america.com\/site\/repdom\/2026\/04\/24\/vi-congreso-mundial-de-mujeres-lideres-se-celebrara-en-la-universidad-de-harvard\/#article\",\"isPartOf\":{\"@id\":\"https:\/\/noti-america.com\/site\/repdom\/2026\/04\/24\/vi-congreso-mundial-de-mujeres-lideres-se-celebrara-en-la-universidad-de-harvard\/\"},\"author\":{\"name\":\"CAMH\",\"@id\":\"https:\/\/noti-america.com\/site\/repdom\/#\/schema\/person\/e13880b4308eea6926b271284605ef72\"},\"headline\":\"VI Congreso Mundial de Mujeres L\u00edderes se celebrar\u00e1 en la Universidad de Harvard\",\"datePublished\":\"2026-04-24T23:32:39+00:00\",\"mainEntityOfPage\":{\"@id\":\"https:\/\/noti-america.com\/site\/repdom\/2026\/04\/24\/vi-congreso-mundial-de-mujeres-lideres-se-celebrara-en-la-universidad-de-harvard\/\"},\"wordCount\":675,\"commentCount\":0,\"publisher\":{\"@id\":\"https:\/\/noti-america.com\/site\/repdom\/#organization\"},\"image\":{\"@id\":\"https:\/\/noti-america.com\/site\/repdom\/2026\/04\/24\/vi-congreso-mundial-de-mujeres-lideres-se-celebrara-en-la-universidad-de-harvard\/#primaryimage\"},\"thumbnailUrl\":\"https:\/\/noti-america.com\/site\/repdom\/wp-content\/uploads\/sites\/6\/2026\/04\/cmml-2024-1-scaled.png\",\"articleSection\":[\"Empresarios\",\"Internacionales\"],\"inLanguage\":\"es\",\"potentialAction\":[{\"@type\":\"CommentAction\",\"name\":\"Comment\",\"target\":[\"https:\/\/noti-america.com\/site\/repdom\/2026\/04\/24\/vi-congreso-mundial-de-mujeres-lideres-se-celebrara-en-la-universidad-de-harvard\/#respond\"]}]},{\"@type\":\"WebPage\",\"@id\":\"https:\/\/noti-america.com\/site\/repdom\/2026\/04\/24\/vi-congreso-mundial-de-mujeres-lideres-se-celebrara-en-la-universidad-de-harvard\/\",\"url\":\"https:\/\/noti-america.com\/site\/repdom\/2026\/04\/24\/vi-congreso-mundial-de-mujeres-lideres-se-celebrara-en-la-universidad-de-harvard\/\",\"name\":\"VI Congreso Mundial de Mujeres L\u00edderes se celebrar\u00e1 en la Universidad de Harvard - Rep. Dominicana | Noti-America.com\",\"isPartOf\":{\"@id\":\"https:\/\/noti-america.com\/site\/repdom\/#website\"},\"primaryImageOfPage\":{\"@id\":\"https:\/\/noti-america.com\/site\/repdom\/2026\/04\/24\/vi-congreso-mundial-de-mujeres-lideres-se-celebrara-en-la-universidad-de-harvard\/#primaryimage\"},\"image\":{\"@id\":\"https:\/\/noti-america.com\/site\/repdom\/2026\/04\/24\/vi-congreso-mundial-de-mujeres-lideres-se-celebrara-en-la-universidad-de-harvard\/#primaryimage\"},\"thumbnailUrl\":\"https:\/\/noti-america.com\/site\/repdom\/wp-content\/uploads\/sites\/6\/2026\/04\/cmml-2024-1-scaled.png\",\"datePublished\":\"2026-04-24T23:32:39+00:00\",\"breadcrumb\":{\"@id\":\"https:\/\/noti-america.com\/site\/repdom\/2026\/04\/24\/vi-congreso-mundial-de-mujeres-lideres-se-celebrara-en-la-universidad-de-harvard\/#breadcrumb\"},\"inLanguage\":\"es\",\"potentialAction\":[{\"@type\":\"ReadAction\",\"target\":[\"https:\/\/noti-america.com\/site\/repdom\/2026\/04\/24\/vi-congreso-mundial-de-mujeres-lideres-se-celebrara-en-la-universidad-de-harvard\/\"]}]},{\"@type\":\"ImageObject\",\"inLanguage\":\"es\",\"@id\":\"https:\/\/noti-america.com\/site\/repdom\/2026\/04\/24\/vi-congreso-mundial-de-mujeres-lideres-se-celebrara-en-la-universidad-de-harvard\/#primaryimage\",\"url\":\"https:\/\/noti-america.com\/site\/repdom\/wp-content\/uploads\/sites\/6\/2026\/04\/cmml-2024-1-scaled.png\",\"contentUrl\":\"https:\/\/noti-america.com\/site\/repdom\/wp-content\/uploads\/sites\/6\/2026\/04\/cmml-2024-1-scaled.png\",\"width\":2560,\"height\":1707},{\"@type\":\"BreadcrumbList\",\"@id\":\"https:\/\/noti-america.com\/site\/repdom\/2026\/04\/24\/vi-congreso-mundial-de-mujeres-lideres-se-celebrara-en-la-universidad-de-harvard\/#breadcrumb\",\"itemListElement\":[{\"@type\":\"ListItem\",\"position\":1,\"name\":\"Portada\",\"item\":\"https:\/\/noti-america.com\/site\/repdom\/\"},{\"@type\":\"ListItem\",\"position\":2,\"name\":\"VI Congreso Mundial de Mujeres L\u00edderes se celebrar\u00e1 en la Universidad de Harvard\"}]},{\"@type\":\"WebSite\",\"@id\":\"https:\/\/noti-america.com\/site\/repdom\/#website\",\"url\":\"https:\/\/noti-america.com\/site\/repdom\/\",\"name\":\"Rep. Dominicana | Noti-America.com\",\"description\":\"\",\"publisher\":{\"@id\":\"https:\/\/noti-america.com\/site\/repdom\/#organization\"},\"potentialAction\":[{\"@type\":\"SearchAction\",\"target\":{\"@type\":\"EntryPoint\",\"urlTemplate\":\"https:\/\/noti-america.com\/site\/repdom\/?s={search_term_string}\"},\"query-input\":{\"@type\":\"PropertyValueSpecification\",\"valueRequired\":true,\"valueName\":\"search_term_string\"}}],\"inLanguage\":\"es\"},{\"@type\":\"Organization\",\"@id\":\"https:\/\/noti-america.com\/site\/repdom\/#organization\",\"name\":\"Noti-America LLC | Rep\u00fablica Dominicana\",\"url\":\"https:\/\/noti-america.com\/site\/repdom\/\",\"logo\":{\"@type\":\"ImageObject\",\"inLanguage\":\"es\",\"@id\":\"https:\/\/noti-america.com\/site\/repdom\/#\/schema\/logo\/image\/\",\"url\":\"https:\/\/noti-america.com\/site\/repdom\/wp-content\/uploads\/sites\/6\/2020\/07\/LogoNA-4x3-1.jpg\",\"contentUrl\":\"https:\/\/noti-america.com\/site\/repdom\/wp-content\/uploads\/sites\/6\/2020\/07\/LogoNA-4x3-1.jpg\",\"width\":1236,\"height\":1080,\"caption\":\"Noti-America LLC | Rep\u00fablica Dominicana\"},\"image\":{\"@id\":\"https:\/\/noti-america.com\/site\/repdom\/#\/schema\/logo\/image\/\"}},{\"@type\":\"Person\",\"@id\":\"https:\/\/noti-america.com\/site\/repdom\/#\/schema\/person\/e13880b4308eea6926b271284605ef72\",\"name\":\"CAMH\",\"image\":{\"@type\":\"ImageObject\",\"inLanguage\":\"es\",\"@id\":\"https:\/\/secure.gravatar.com\/avatar\/82aa99c723cbed2b304797bc218a5542b5a94d7f5d0ba3b39650aef53c28ecf5?s=96&d=mm&r=g\",\"url\":\"https:\/\/secure.gravatar.com\/avatar\/82aa99c723cbed2b304797bc218a5542b5a94d7f5d0ba3b39650aef53c28ecf5?s=96&d=mm&r=g\",\"contentUrl\":\"https:\/\/secure.gravatar.com\/avatar\/82aa99c723cbed2b304797bc218a5542b5a94d7f5d0ba3b39650aef53c28ecf5?s=96&d=mm&r=g\",\"caption\":\"CAMH\"},\"url\":\"https:\/\/noti-america.com\/site\/repdom\/author\/cmitchell\/\"}]}<\/script>\n<!-- \/ Yoast SEO Premium plugin. -->","yoast_head_json":{"title":"VI Congreso Mundial de Mujeres L\u00edderes se celebrar\u00e1 en la Universidad de Harvard - Rep. Dominicana | Noti-America.com","robots":{"index":"index","follow":"follow","max-snippet":"max-snippet:-1","max-image-preview":"max-image-preview:large","max-video-preview":"max-video-preview:-1"},"canonical":"https:\/\/noti-america.com\/site\/repdom\/2026\/04\/24\/vi-congreso-mundial-de-mujeres-lideres-se-celebrara-en-la-universidad-de-harvard\/","og_locale":"es_ES","og_type":"article","og_title":"VI Congreso Mundial de Mujeres L\u00edderes se celebrar\u00e1 en la Universidad de Harvard","og_description":"NotiAm\u00e9rica Rep\u00fablica Dominicana\u00a0 Santo Domingo,RD &nbsp; Cambridge, Massachusetts, EE. UU. \u2013 Abril 2026.Los d\u00edas 23 y 24 de abril de 2026, la prestigiosa\u00a0Universidad de Harvard\u00a0ser\u00e1 sede del\u00a0VI Congreso Mundial de Mujeres L\u00edderes 2026, un&#46;&#46;&#46;","og_url":"https:\/\/noti-america.com\/site\/repdom\/2026\/04\/24\/vi-congreso-mundial-de-mujeres-lideres-se-celebrara-en-la-universidad-de-harvard\/","og_site_name":"Rep. Dominicana | Noti-America.com","article_published_time":"2026-04-24T23:32:39+00:00","og_image":[{"width":1024,"height":683,"url":"https:\/\/noti-america.com\/site\/repdom\/wp-content\/uploads\/sites\/6\/2026\/04\/cmml-2024-1-1024x683.png","type":"image\/png"}],"author":"CAMH","twitter_card":"summary_large_image","twitter_misc":{"Escrito por":"CAMH","Tiempo estimado de lectura":"3 minutos"},"schema":{"@context":"https:\/\/schema.org","@graph":[{"@type":"Article","@id":"https:\/\/noti-america.com\/site\/repdom\/2026\/04\/24\/vi-congreso-mundial-de-mujeres-lideres-se-celebrara-en-la-universidad-de-harvard\/#article","isPartOf":{"@id":"https:\/\/noti-america.com\/site\/repdom\/2026\/04\/24\/vi-congreso-mundial-de-mujeres-lideres-se-celebrara-en-la-universidad-de-harvard\/"},"author":{"name":"CAMH","@id":"https:\/\/noti-america.com\/site\/repdom\/#\/schema\/person\/e13880b4308eea6926b271284605ef72"},"headline":"VI Congreso Mundial de Mujeres L\u00edderes se celebrar\u00e1 en la Universidad de Harvard","datePublished":"2026-04-24T23:32:39+00:00","mainEntityOfPage":{"@id":"https:\/\/noti-america.com\/site\/repdom\/2026\/04\/24\/vi-congreso-mundial-de-mujeres-lideres-se-celebrara-en-la-universidad-de-harvard\/"},"wordCount":675,"commentCount":0,"publisher":{"@id":"https:\/\/noti-america.com\/site\/repdom\/#organization"},"image":{"@id":"https:\/\/noti-america.com\/site\/repdom\/2026\/04\/24\/vi-congreso-mundial-de-mujeres-lideres-se-celebrara-en-la-universidad-de-harvard\/#primaryimage"},"thumbnailUrl":"https:\/\/noti-america.com\/site\/repdom\/wp-content\/uploads\/sites\/6\/2026\/04\/cmml-2024-1-scaled.png","articleSection":["Empresarios","Internacionales"],"inLanguage":"es","potentialAction":[{"@type":"CommentAction","name":"Comment","target":["https:\/\/noti-america.com\/site\/repdom\/2026\/04\/24\/vi-congreso-mundial-de-mujeres-lideres-se-celebrara-en-la-universidad-de-harvard\/#respond"]}]},{"@type":"WebPage","@id":"https:\/\/noti-america.com\/site\/repdom\/2026\/04\/24\/vi-congreso-mundial-de-mujeres-lideres-se-celebrara-en-la-universidad-de-harvard\/","url":"https:\/\/noti-america.com\/site\/repdom\/2026\/04\/24\/vi-congreso-mundial-de-mujeres-lideres-se-celebrara-en-la-universidad-de-harvard\/","name":"VI Congreso Mundial de Mujeres L\u00edderes se celebrar\u00e1 en la Universidad de Harvard - Rep. Dominicana | Noti-America.com","isPartOf":{"@id":"https:\/\/noti-america.com\/site\/repdom\/#website"},"primaryImageOfPage":{"@id":"https:\/\/noti-america.com\/site\/repdom\/2026\/04\/24\/vi-congreso-mundial-de-mujeres-lideres-se-celebrara-en-la-universidad-de-harvard\/#primaryimage"},"image":{"@id":"https:\/\/noti-america.com\/site\/repdom\/2026\/04\/24\/vi-congreso-mundial-de-mujeres-lideres-se-celebrara-en-la-universidad-de-harvard\/#primaryimage"},"thumbnailUrl":"https:\/\/noti-america.com\/site\/repdom\/wp-content\/uploads\/sites\/6\/2026\/04\/cmml-2024-1-scaled.png","datePublished":"2026-04-24T23:32:39+00:00","breadcrumb":{"@id":"https:\/\/noti-america.com\/site\/repdom\/2026\/04\/24\/vi-congreso-mundial-de-mujeres-lideres-se-celebrara-en-la-universidad-de-harvard\/#breadcrumb"},"inLanguage":"es","potentialAction":[{"@type":"ReadAction","target":["https:\/\/noti-america.com\/site\/repdom\/2026\/04\/24\/vi-congreso-mundial-de-mujeres-lideres-se-celebrara-en-la-universidad-de-harvard\/"]}]},{"@type":"ImageObject","inLanguage":"es","@id":"https:\/\/noti-america.com\/site\/repdom\/2026\/04\/24\/vi-congreso-mundial-de-mujeres-lideres-se-celebrara-en-la-universidad-de-harvard\/#primaryimage","url":"https:\/\/noti-america.com\/site\/repdom\/wp-content\/uploads\/sites\/6\/2026\/04\/cmml-2024-1-scaled.png","contentUrl":"https:\/\/noti-america.com\/site\/repdom\/wp-content\/uploads\/sites\/6\/2026\/04\/cmml-2024-1-scaled.png","width":2560,"height":1707},{"@type":"BreadcrumbList","@id":"https:\/\/noti-america.com\/site\/repdom\/2026\/04\/24\/vi-congreso-mundial-de-mujeres-lideres-se-celebrara-en-la-universidad-de-harvard\/#breadcrumb","itemListElement":[{"@type":"ListItem","position":1,"name":"Portada","item":"https:\/\/noti-america.com\/site\/repdom\/"},{"@type":"ListItem","position":2,"name":"VI Congreso Mundial de Mujeres L\u00edderes se celebrar\u00e1 en la Universidad de Harvard"}]},{"@type":"WebSite","@id":"https:\/\/noti-america.com\/site\/repdom\/#website","url":"https:\/\/noti-america.com\/site\/repdom\/","name":"Rep. Dominicana | Noti-America.com","description":"","publisher":{"@id":"https:\/\/noti-america.com\/site\/repdom\/#organization"},"potentialAction":[{"@type":"SearchAction","target":{"@type":"EntryPoint","urlTemplate":"https:\/\/noti-america.com\/site\/repdom\/?s={search_term_string}"},"query-input":{"@type":"PropertyValueSpecification","valueRequired":true,"valueName":"search_term_string"}}],"inLanguage":"es"},{"@type":"Organization","@id":"https:\/\/noti-america.com\/site\/repdom\/#organization","name":"Noti-America LLC | Rep\u00fablica Dominicana","url":"https:\/\/noti-america.com\/site\/repdom\/","logo":{"@type":"ImageObject","inLanguage":"es","@id":"https:\/\/noti-america.com\/site\/repdom\/#\/schema\/logo\/image\/","url":"https:\/\/noti-america.com\/site\/repdom\/wp-content\/uploads\/sites\/6\/2020\/07\/LogoNA-4x3-1.jpg","contentUrl":"https:\/\/noti-america.com\/site\/repdom\/wp-content\/uploads\/sites\/6\/2020\/07\/LogoNA-4x3-1.jpg","width":1236,"height":1080,"caption":"Noti-America LLC | Rep\u00fablica Dominicana"},"image":{"@id":"https:\/\/noti-america.com\/site\/repdom\/#\/schema\/logo\/image\/"}},{"@type":"Person","@id":"https:\/\/noti-america.com\/site\/repdom\/#\/schema\/person\/e13880b4308eea6926b271284605ef72","name":"CAMH","image":{"@type":"ImageObject","inLanguage":"es","@id":"https:\/\/secure.gravatar.com\/avatar\/82aa99c723cbed2b304797bc218a5542b5a94d7f5d0ba3b39650aef53c28ecf5?s=96&d=mm&r=g","url":"https:\/\/secure.gravatar.com\/avatar\/82aa99c723cbed2b304797bc218a5542b5a94d7f5d0ba3b39650aef53c28ecf5?s=96&d=mm&r=g","contentUrl":"https:\/\/secure.gravatar.com\/avatar\/82aa99c723cbed2b304797bc218a5542b5a94d7f5d0ba3b39650aef53c28ecf5?s=96&d=mm&r=g","caption":"CAMH"},"url":"https:\/\/noti-america.com\/site\/repdom\/author\/cmitchell\/"}]}},"_links":{"self":[{"href":"https:\/\/noti-america.com\/site\/repdom\/wp-json\/wp\/v2\/posts\/38161","targetHints":{"allow":["GET"]}}],"collection":[{"href":"https:\/\/noti-america.com\/site\/repdom\/wp-json\/wp\/v2\/posts"}],"about":[{"href":"https:\/\/noti-america.com\/site\/repdom\/wp-json\/wp\/v2\/types\/post"}],"author":[{"embeddable":true,"href":"https:\/\/noti-america.com\/site\/repdom\/wp-json\/wp\/v2\/users\/87"}],"replies":[{"embeddable":true,"href":"https:\/\/noti-america.com\/site\/repdom\/wp-json\/wp\/v2\/comments?post=38161"}],"version-history":[{"count":1,"href":"https:\/\/noti-america.com\/site\/repdom\/wp-json\/wp\/v2\/posts\/38161\/revisions"}],"predecessor-version":[{"id":38163,"href":"https:\/\/noti-america.com\/site\/repdom\/wp-json\/wp\/v2\/posts\/38161\/revisions\/38163"}],"wp:featuredmedia":[{"embeddable":true,"href":"https:\/\/noti-america.com\/site\/repdom\/wp-json\/wp\/v2\/media\/38162"}],"wp:attachment":[{"href":"https:\/\/noti-america.com\/site\/repdom\/wp-json\/wp\/v2\/media?parent=38161"}],"wp:term":[{"taxonomy":"category","embeddable":true,"href":"https:\/\/noti-america.com\/site\/repdom\/wp-json\/wp\/v2\/categories?post=38161"},{"taxonomy":"post_tag","embeddable":true,"href":"https:\/\/noti-america.com\/site\/repdom\/wp-json\/wp\/v2\/tags?post=38161"}],"curies":[{"name":"wp","href":"https:\/\/api.w.org\/{rel}","templated":true}]}}