{"id":38137,"date":"2026-04-23T02:56:11","date_gmt":"2026-04-23T02:56:11","guid":{"rendered":"https:\/\/noti-america.com\/site\/repdom\/2026\/04\/23\/fundacion-ella-crea-y-netxora-de-miami-unen-fuerzas-para-el-desarrollo-integral-de-la-mujer-2\/"},"modified":"2026-04-23T02:56:11","modified_gmt":"2026-04-23T02:56:11","slug":"fundacion-ella-crea-y-netxora-de-miami-unen-fuerzas-para-el-desarrollo-integral-de-la-mujer-2","status":"publish","type":"post","link":"https:\/\/noti-america.com\/site\/repdom\/2026\/04\/23\/fundacion-ella-crea-y-netxora-de-miami-unen-fuerzas-para-el-desarrollo-integral-de-la-mujer-2\/","title":{"rendered":"FUNDACI\u00d3N ELLA CREA Y NETXORA de MIAMI UNEN FUERZAS PARA EL DESARROLLO INTEGRAL DE LA MUJER"},"content":{"rendered":"<p><strong>NOTIAMERICA. COM \/ REP\u00daBLICA DOMINICANA\u00a0<\/strong><\/p>\n<p>FUNDACI\u00d3N ELLA CREA Y NETXORA de MIAMI UNEN FUERZAS PARA EL DESARROLLO INTEGRAL DE LA MUJER<\/p>\n<p>La alianza estrat\u00e9gica dar\u00e1 inicio con un mega evento en el mes de las madres, marcando el comienzo de una serie de encuentros durante todo el a\u00f1o.<\/p>\n<p><strong>Santo Domingo<\/strong>, Rep\u00fablica Dominicana \u2013 La Fundaci\u00f3n Ella Crea organizaci\u00f3n con sede en Santo Domingo cuya misi\u00f3n es el desarrollo integral de la mujer bajo el lema \u201cConectando a la mujer con su esencia\u201d, anunci\u00f3 hoy una alianza estrat\u00e9gica con la entidad Netxorade la entidad en Miami], establecida en la ciudad de Miami, Florida. Ambas organizaciones comparten un objetivo com\u00fan: el desarrollo integral de la persona.<\/p>\n<p>Esta alianza representa un paso significativo en la expansi\u00f3n de iniciativas que promueven el bienestar, el empoderamiento y el crecimiento personal y profesional de las mujeres, impactando positivamente a sus familias y comunidades.<\/p>\n<p><strong>Mega evento en el Mes de las Madres<\/strong><\/p>\n<p>Como punto de partida de esta colaboraci\u00f3n, se realizar\u00e1 un mega evento en el marco del Mes de las Madres, con el objetivo de conectar a la mujer con su esencia, con la intenci\u00f3n de contribuir a su plenitud.<\/p>\n<p>Este evento inaugural no solo celebrar\u00e1 el rol fundamental de la madre, sino que ser\u00e1 el pistoletazo de salida para una serie de actividades y encuentros que se llevar\u00e1n a cabo durante todo el a\u00f1o, tanto en Rep\u00fablica Dominicana como en Estados Unidos.<\/p>\n<p>\u201cEstamos muy emocionadas por esta alianza que nos permitir\u00e1 llegar a m\u00e1s mujeres y ofrecerles herramientas para que reconecten con su esencia y su poder interior. Unir fuerzas con Netxora , es una oportunidad para trascender fronteras y construir una red de apoyo s\u00f3lida para la mujer\u201d, expres\u00f3 Daisy Sencion presidenta de la Fundaci\u00f3n Ella Crea.<\/p>\n<p>Por su parte, Yaima Ortiz CEO de Netxora expresio que se siente muy confiada en esta alianza ya que su filosof\u00eda est\u00e1 muy alineada con la de Daisy Sencion CEO fundaci\u00f3n Ella Crea.<\/p>\n<p>Ambas Creen firmemente que el desarrollo integral de la persona es la base de una sociedad m\u00e1s justa y equitativa.<\/p>\n<p>Esta alianza con Netxora refleja nuestro compromiso con el crecimiento humano y nos llena de orgullo iniciar este camino juntos en el mes que honra a las madres\u201d.<\/p>\n<p><strong>Pr\u00f3ximos pasos<\/strong><\/p>\n<p>En las pr\u00f3ximas semanas se dar\u00e1n a conocer los detalles del mega evento, incluyendo fecha, lugar, agenda de actividades y modalidad de participaci\u00f3n (presencial y\/o virtual). Se espera una gran convocatoria de mujeres dominicanas, residentes en el extranjero y p\u00fablico en general interesado en su desarrollo integral.<\/p>\n<p>Acerca de la Fundaci\u00f3n Ella Crea<br \/>\nCon sede en Santo Domingo, RD, es una organizaci\u00f3n dedicada a conectar a la mujer con su esencia a trav\u00e9s de programas de crecimiento personal, talleres, conferencias y acompa\u00f1amiento espiritual y emocional.<\/p>\n<p><strong>Acerca de Netxora<\/strong><\/p>\n<p>Organizaci\u00f3n con sede en Miami, FL, comprometida con el desarrollo integral de la persona, promoviendo iniciativas que fomentan el bienestar f\u00edsico, mental y social.<\/p>\n<p><strong>Fuente<\/strong>: Daisy Sencion de Ella Crea<\/p>\n<p><strong>Facebook<\/strong>: Felipe Cerso Castillo Carri\u00f3n<\/p>\n<p><strong>Instagram<\/strong>: @felipecersocastillo<\/p>\n<p><strong>X<\/strong>: @felipecersoc<\/p>\n","protected":false},"excerpt":{"rendered":"<p>NOTIAMERICA. COM \/ REP\u00daBLICA DOMINICANA\u00a0 FUNDACI\u00d3N ELLA CREA Y NETXORA de MIAMI UNEN FUERZAS PARA EL DESARROLLO INTEGRAL DE LA MUJER La alianza estrat\u00e9gica dar\u00e1 inicio con un mega evento en el mes de&#46;&#46;&#46;<\/p>\n","protected":false},"author":94,"featured_media":38138,"comment_status":"open","ping_status":"open","sticky":false,"template":"","format":"gallery","meta":{"_acf_changed":false,"rop_custom_images_group":[],"rop_custom_messages_group":[],"rop_publish_now":"initial","rop_publish_now_accounts":[],"rop_publish_now_history":[],"rop_publish_now_status":"pending","footnotes":""},"categories":[10],"tags":[],"class_list":["post-38137","post","type-post","status-publish","format-gallery","has-post-thumbnail","hentry","category-actualidad","post_format-post-format-gallery"],"acf":[],"yoast_head":"<!-- This site is optimized with the Yoast SEO Premium plugin v24.9 (Yoast SEO v27.2) - https:\/\/yoast.com\/product\/yoast-seo-premium-wordpress\/ -->\n<title>FUNDACI\u00d3N ELLA CREA Y NETXORA de MIAMI UNEN FUERZAS PARA EL DESARROLLO INTEGRAL DE LA MUJER - Rep. Dominicana | Noti-America.com<\/title>\n<meta name=\"robots\" content=\"index, follow, max-snippet:-1, max-image-preview:large, max-video-preview:-1\" \/>\n<link rel=\"canonical\" href=\"https:\/\/noti-america.com\/site\/repdom\/2026\/04\/23\/fundacion-ella-crea-y-netxora-de-miami-unen-fuerzas-para-el-desarrollo-integral-de-la-mujer-2\/\" \/>\n<meta property=\"og:locale\" content=\"es_ES\" \/>\n<meta property=\"og:type\" content=\"article\" \/>\n<meta property=\"og:title\" content=\"FUNDACI\u00d3N ELLA CREA Y NETXORA de MIAMI UNEN FUERZAS PARA EL DESARROLLO INTEGRAL DE LA MUJER\" \/>\n<meta property=\"og:description\" content=\"NOTIAMERICA. COM \/ REP\u00daBLICA DOMINICANA\u00a0 FUNDACI\u00d3N ELLA CREA Y NETXORA de MIAMI UNEN FUERZAS PARA EL DESARROLLO INTEGRAL DE LA MUJER La alianza estrat\u00e9gica dar\u00e1 inicio con un mega evento en el mes de&#046;&#046;&#046;\" \/>\n<meta property=\"og:url\" content=\"https:\/\/noti-america.com\/site\/repdom\/2026\/04\/23\/fundacion-ella-crea-y-netxora-de-miami-unen-fuerzas-para-el-desarrollo-integral-de-la-mujer-2\/\" \/>\n<meta property=\"og:site_name\" content=\"Rep. Dominicana | Noti-America.com\" \/>\n<meta property=\"article:published_time\" content=\"2026-04-23T02:56:11+00:00\" \/>\n<meta property=\"og:image\" content=\"https:\/\/noti-america.com\/site\/repdom\/wp-content\/uploads\/sites\/6\/2026\/04\/IMG-20260422-WA0013.jpg\" \/>\n\t<meta property=\"og:image:width\" content=\"813\" \/>\n\t<meta property=\"og:image:height\" content=\"1280\" \/>\n\t<meta property=\"og:image:type\" content=\"image\/jpeg\" \/>\n<meta name=\"author\" content=\"Felipe Castillo\" \/>\n<meta name=\"twitter:card\" content=\"summary_large_image\" \/>\n<meta name=\"twitter:creator\" content=\"@felipecersoc\" \/>\n<meta name=\"twitter:label1\" content=\"Escrito por\" \/>\n\t<meta name=\"twitter:data1\" content=\"Felipe Castillo\" \/>\n\t<meta name=\"twitter:label2\" content=\"Tiempo estimado de lectura\" \/>\n\t<meta name=\"twitter:data2\" content=\"3 minutos\" \/>\n<script type=\"application\/ld+json\" class=\"yoast-schema-graph\">{\"@context\":\"https:\/\/schema.org\",\"@graph\":[{\"@type\":\"Article\",\"@id\":\"https:\/\/noti-america.com\/site\/repdom\/2026\/04\/23\/fundacion-ella-crea-y-netxora-de-miami-unen-fuerzas-para-el-desarrollo-integral-de-la-mujer-2\/#article\",\"isPartOf\":{\"@id\":\"https:\/\/noti-america.com\/site\/repdom\/2026\/04\/23\/fundacion-ella-crea-y-netxora-de-miami-unen-fuerzas-para-el-desarrollo-integral-de-la-mujer-2\/\"},\"author\":{\"name\":\"Felipe Castillo\",\"@id\":\"https:\/\/noti-america.com\/site\/repdom\/#\/schema\/person\/5771742f15e3fe0e4f35a8db2d4c93b9\"},\"headline\":\"FUNDACI\u00d3N ELLA CREA Y NETXORA de MIAMI UNEN FUERZAS PARA EL DESARROLLO INTEGRAL DE LA MUJER\",\"datePublished\":\"2026-04-23T02:56:11+00:00\",\"mainEntityOfPage\":{\"@id\":\"https:\/\/noti-america.com\/site\/repdom\/2026\/04\/23\/fundacion-ella-crea-y-netxora-de-miami-unen-fuerzas-para-el-desarrollo-integral-de-la-mujer-2\/\"},\"wordCount\":552,\"commentCount\":0,\"publisher\":{\"@id\":\"https:\/\/noti-america.com\/site\/repdom\/#organization\"},\"image\":{\"@id\":\"https:\/\/noti-america.com\/site\/repdom\/2026\/04\/23\/fundacion-ella-crea-y-netxora-de-miami-unen-fuerzas-para-el-desarrollo-integral-de-la-mujer-2\/#primaryimage\"},\"thumbnailUrl\":\"https:\/\/noti-america.com\/site\/repdom\/wp-content\/uploads\/sites\/6\/2026\/04\/IMG-20260422-WA0013.jpg\",\"articleSection\":[\"Actualidad\"],\"inLanguage\":\"es\",\"potentialAction\":[{\"@type\":\"CommentAction\",\"name\":\"Comment\",\"target\":[\"https:\/\/noti-america.com\/site\/repdom\/2026\/04\/23\/fundacion-ella-crea-y-netxora-de-miami-unen-fuerzas-para-el-desarrollo-integral-de-la-mujer-2\/#respond\"]}]},{\"@type\":\"WebPage\",\"@id\":\"https:\/\/noti-america.com\/site\/repdom\/2026\/04\/23\/fundacion-ella-crea-y-netxora-de-miami-unen-fuerzas-para-el-desarrollo-integral-de-la-mujer-2\/\",\"url\":\"https:\/\/noti-america.com\/site\/repdom\/2026\/04\/23\/fundacion-ella-crea-y-netxora-de-miami-unen-fuerzas-para-el-desarrollo-integral-de-la-mujer-2\/\",\"name\":\"FUNDACI\u00d3N ELLA CREA Y NETXORA de MIAMI UNEN FUERZAS PARA EL DESARROLLO INTEGRAL DE LA MUJER - Rep. Dominicana | Noti-America.com\",\"isPartOf\":{\"@id\":\"https:\/\/noti-america.com\/site\/repdom\/#website\"},\"primaryImageOfPage\":{\"@id\":\"https:\/\/noti-america.com\/site\/repdom\/2026\/04\/23\/fundacion-ella-crea-y-netxora-de-miami-unen-fuerzas-para-el-desarrollo-integral-de-la-mujer-2\/#primaryimage\"},\"image\":{\"@id\":\"https:\/\/noti-america.com\/site\/repdom\/2026\/04\/23\/fundacion-ella-crea-y-netxora-de-miami-unen-fuerzas-para-el-desarrollo-integral-de-la-mujer-2\/#primaryimage\"},\"thumbnailUrl\":\"https:\/\/noti-america.com\/site\/repdom\/wp-content\/uploads\/sites\/6\/2026\/04\/IMG-20260422-WA0013.jpg\",\"datePublished\":\"2026-04-23T02:56:11+00:00\",\"breadcrumb\":{\"@id\":\"https:\/\/noti-america.com\/site\/repdom\/2026\/04\/23\/fundacion-ella-crea-y-netxora-de-miami-unen-fuerzas-para-el-desarrollo-integral-de-la-mujer-2\/#breadcrumb\"},\"inLanguage\":\"es\",\"potentialAction\":[{\"@type\":\"ReadAction\",\"target\":[\"https:\/\/noti-america.com\/site\/repdom\/2026\/04\/23\/fundacion-ella-crea-y-netxora-de-miami-unen-fuerzas-para-el-desarrollo-integral-de-la-mujer-2\/\"]}]},{\"@type\":\"ImageObject\",\"inLanguage\":\"es\",\"@id\":\"https:\/\/noti-america.com\/site\/repdom\/2026\/04\/23\/fundacion-ella-crea-y-netxora-de-miami-unen-fuerzas-para-el-desarrollo-integral-de-la-mujer-2\/#primaryimage\",\"url\":\"https:\/\/noti-america.com\/site\/repdom\/wp-content\/uploads\/sites\/6\/2026\/04\/IMG-20260422-WA0013.jpg\",\"contentUrl\":\"https:\/\/noti-america.com\/site\/repdom\/wp-content\/uploads\/sites\/6\/2026\/04\/IMG-20260422-WA0013.jpg\",\"width\":813,\"height\":1280},{\"@type\":\"BreadcrumbList\",\"@id\":\"https:\/\/noti-america.com\/site\/repdom\/2026\/04\/23\/fundacion-ella-crea-y-netxora-de-miami-unen-fuerzas-para-el-desarrollo-integral-de-la-mujer-2\/#breadcrumb\",\"itemListElement\":[{\"@type\":\"ListItem\",\"position\":1,\"name\":\"Portada\",\"item\":\"https:\/\/noti-america.com\/site\/repdom\/\"},{\"@type\":\"ListItem\",\"position\":2,\"name\":\"FUNDACI\u00d3N ELLA CREA Y NETXORA de MIAMI UNEN FUERZAS PARA EL DESARROLLO INTEGRAL DE LA MUJER\"}]},{\"@type\":\"WebSite\",\"@id\":\"https:\/\/noti-america.com\/site\/repdom\/#website\",\"url\":\"https:\/\/noti-america.com\/site\/repdom\/\",\"name\":\"Rep. Dominicana | Noti-America.com\",\"description\":\"\",\"publisher\":{\"@id\":\"https:\/\/noti-america.com\/site\/repdom\/#organization\"},\"potentialAction\":[{\"@type\":\"SearchAction\",\"target\":{\"@type\":\"EntryPoint\",\"urlTemplate\":\"https:\/\/noti-america.com\/site\/repdom\/?s={search_term_string}\"},\"query-input\":{\"@type\":\"PropertyValueSpecification\",\"valueRequired\":true,\"valueName\":\"search_term_string\"}}],\"inLanguage\":\"es\"},{\"@type\":\"Organization\",\"@id\":\"https:\/\/noti-america.com\/site\/repdom\/#organization\",\"name\":\"Noti-America LLC | Rep\u00fablica Dominicana\",\"url\":\"https:\/\/noti-america.com\/site\/repdom\/\",\"logo\":{\"@type\":\"ImageObject\",\"inLanguage\":\"es\",\"@id\":\"https:\/\/noti-america.com\/site\/repdom\/#\/schema\/logo\/image\/\",\"url\":\"https:\/\/noti-america.com\/site\/repdom\/wp-content\/uploads\/sites\/6\/2020\/07\/LogoNA-4x3-1.jpg\",\"contentUrl\":\"https:\/\/noti-america.com\/site\/repdom\/wp-content\/uploads\/sites\/6\/2020\/07\/LogoNA-4x3-1.jpg\",\"width\":1236,\"height\":1080,\"caption\":\"Noti-America LLC | Rep\u00fablica Dominicana\"},\"image\":{\"@id\":\"https:\/\/noti-america.com\/site\/repdom\/#\/schema\/logo\/image\/\"}},{\"@type\":\"Person\",\"@id\":\"https:\/\/noti-america.com\/site\/repdom\/#\/schema\/person\/5771742f15e3fe0e4f35a8db2d4c93b9\",\"name\":\"Felipe Castillo\",\"image\":{\"@type\":\"ImageObject\",\"inLanguage\":\"es\",\"@id\":\"https:\/\/secure.gravatar.com\/avatar\/2f897233f9dfdbc119eb070afcf1c07aea6ab7f9313d4b966cb42d24ea8b52e6?s=96&d=mm&r=g\",\"url\":\"https:\/\/secure.gravatar.com\/avatar\/2f897233f9dfdbc119eb070afcf1c07aea6ab7f9313d4b966cb42d24ea8b52e6?s=96&d=mm&r=g\",\"contentUrl\":\"https:\/\/secure.gravatar.com\/avatar\/2f897233f9dfdbc119eb070afcf1c07aea6ab7f9313d4b966cb42d24ea8b52e6?s=96&d=mm&r=g\",\"caption\":\"Felipe Castillo\"},\"description\":\"Locutor, Maestro de Ceremonias, Animador, Orador, Coach Comunicacional, Mentor Honorifico, Manejo del Idioma Portugues, Manejo de Paquete de Office, Control Master, Manejo del Idioma English Intermedio, Comunicador, Lider - Consejero de Campamentos, Productor de Contenido del Proyecto Comunicacional \\\"Conexi\u00f3n Sin Limites RD\\\"\",\"sameAs\":[\"https:\/\/x.com\/felipecersoc\"],\"url\":\"https:\/\/noti-america.com\/site\/repdom\/author\/fcastillo\/\"}]}<\/script>\n<!-- \/ Yoast SEO Premium plugin. -->","yoast_head_json":{"title":"FUNDACI\u00d3N ELLA CREA Y NETXORA de MIAMI UNEN FUERZAS PARA EL DESARROLLO INTEGRAL DE LA MUJER - Rep. Dominicana | Noti-America.com","robots":{"index":"index","follow":"follow","max-snippet":"max-snippet:-1","max-image-preview":"max-image-preview:large","max-video-preview":"max-video-preview:-1"},"canonical":"https:\/\/noti-america.com\/site\/repdom\/2026\/04\/23\/fundacion-ella-crea-y-netxora-de-miami-unen-fuerzas-para-el-desarrollo-integral-de-la-mujer-2\/","og_locale":"es_ES","og_type":"article","og_title":"FUNDACI\u00d3N ELLA CREA Y NETXORA de MIAMI UNEN FUERZAS PARA EL DESARROLLO INTEGRAL DE LA MUJER","og_description":"NOTIAMERICA. COM \/ REP\u00daBLICA DOMINICANA\u00a0 FUNDACI\u00d3N ELLA CREA Y NETXORA de MIAMI UNEN FUERZAS PARA EL DESARROLLO INTEGRAL DE LA MUJER La alianza estrat\u00e9gica dar\u00e1 inicio con un mega evento en el mes de&#46;&#46;&#46;","og_url":"https:\/\/noti-america.com\/site\/repdom\/2026\/04\/23\/fundacion-ella-crea-y-netxora-de-miami-unen-fuerzas-para-el-desarrollo-integral-de-la-mujer-2\/","og_site_name":"Rep. Dominicana | Noti-America.com","article_published_time":"2026-04-23T02:56:11+00:00","og_image":[{"width":813,"height":1280,"url":"https:\/\/noti-america.com\/site\/repdom\/wp-content\/uploads\/sites\/6\/2026\/04\/IMG-20260422-WA0013.jpg","type":"image\/jpeg"}],"author":"Felipe Castillo","twitter_card":"summary_large_image","twitter_creator":"@felipecersoc","twitter_misc":{"Escrito por":"Felipe Castillo","Tiempo estimado de lectura":"3 minutos"},"schema":{"@context":"https:\/\/schema.org","@graph":[{"@type":"Article","@id":"https:\/\/noti-america.com\/site\/repdom\/2026\/04\/23\/fundacion-ella-crea-y-netxora-de-miami-unen-fuerzas-para-el-desarrollo-integral-de-la-mujer-2\/#article","isPartOf":{"@id":"https:\/\/noti-america.com\/site\/repdom\/2026\/04\/23\/fundacion-ella-crea-y-netxora-de-miami-unen-fuerzas-para-el-desarrollo-integral-de-la-mujer-2\/"},"author":{"name":"Felipe Castillo","@id":"https:\/\/noti-america.com\/site\/repdom\/#\/schema\/person\/5771742f15e3fe0e4f35a8db2d4c93b9"},"headline":"FUNDACI\u00d3N ELLA CREA Y NETXORA de MIAMI UNEN FUERZAS PARA EL DESARROLLO INTEGRAL DE LA MUJER","datePublished":"2026-04-23T02:56:11+00:00","mainEntityOfPage":{"@id":"https:\/\/noti-america.com\/site\/repdom\/2026\/04\/23\/fundacion-ella-crea-y-netxora-de-miami-unen-fuerzas-para-el-desarrollo-integral-de-la-mujer-2\/"},"wordCount":552,"commentCount":0,"publisher":{"@id":"https:\/\/noti-america.com\/site\/repdom\/#organization"},"image":{"@id":"https:\/\/noti-america.com\/site\/repdom\/2026\/04\/23\/fundacion-ella-crea-y-netxora-de-miami-unen-fuerzas-para-el-desarrollo-integral-de-la-mujer-2\/#primaryimage"},"thumbnailUrl":"https:\/\/noti-america.com\/site\/repdom\/wp-content\/uploads\/sites\/6\/2026\/04\/IMG-20260422-WA0013.jpg","articleSection":["Actualidad"],"inLanguage":"es","potentialAction":[{"@type":"CommentAction","name":"Comment","target":["https:\/\/noti-america.com\/site\/repdom\/2026\/04\/23\/fundacion-ella-crea-y-netxora-de-miami-unen-fuerzas-para-el-desarrollo-integral-de-la-mujer-2\/#respond"]}]},{"@type":"WebPage","@id":"https:\/\/noti-america.com\/site\/repdom\/2026\/04\/23\/fundacion-ella-crea-y-netxora-de-miami-unen-fuerzas-para-el-desarrollo-integral-de-la-mujer-2\/","url":"https:\/\/noti-america.com\/site\/repdom\/2026\/04\/23\/fundacion-ella-crea-y-netxora-de-miami-unen-fuerzas-para-el-desarrollo-integral-de-la-mujer-2\/","name":"FUNDACI\u00d3N ELLA CREA Y NETXORA de MIAMI UNEN FUERZAS PARA EL DESARROLLO INTEGRAL DE LA MUJER - Rep. Dominicana | Noti-America.com","isPartOf":{"@id":"https:\/\/noti-america.com\/site\/repdom\/#website"},"primaryImageOfPage":{"@id":"https:\/\/noti-america.com\/site\/repdom\/2026\/04\/23\/fundacion-ella-crea-y-netxora-de-miami-unen-fuerzas-para-el-desarrollo-integral-de-la-mujer-2\/#primaryimage"},"image":{"@id":"https:\/\/noti-america.com\/site\/repdom\/2026\/04\/23\/fundacion-ella-crea-y-netxora-de-miami-unen-fuerzas-para-el-desarrollo-integral-de-la-mujer-2\/#primaryimage"},"thumbnailUrl":"https:\/\/noti-america.com\/site\/repdom\/wp-content\/uploads\/sites\/6\/2026\/04\/IMG-20260422-WA0013.jpg","datePublished":"2026-04-23T02:56:11+00:00","breadcrumb":{"@id":"https:\/\/noti-america.com\/site\/repdom\/2026\/04\/23\/fundacion-ella-crea-y-netxora-de-miami-unen-fuerzas-para-el-desarrollo-integral-de-la-mujer-2\/#breadcrumb"},"inLanguage":"es","potentialAction":[{"@type":"ReadAction","target":["https:\/\/noti-america.com\/site\/repdom\/2026\/04\/23\/fundacion-ella-crea-y-netxora-de-miami-unen-fuerzas-para-el-desarrollo-integral-de-la-mujer-2\/"]}]},{"@type":"ImageObject","inLanguage":"es","@id":"https:\/\/noti-america.com\/site\/repdom\/2026\/04\/23\/fundacion-ella-crea-y-netxora-de-miami-unen-fuerzas-para-el-desarrollo-integral-de-la-mujer-2\/#primaryimage","url":"https:\/\/noti-america.com\/site\/repdom\/wp-content\/uploads\/sites\/6\/2026\/04\/IMG-20260422-WA0013.jpg","contentUrl":"https:\/\/noti-america.com\/site\/repdom\/wp-content\/uploads\/sites\/6\/2026\/04\/IMG-20260422-WA0013.jpg","width":813,"height":1280},{"@type":"BreadcrumbList","@id":"https:\/\/noti-america.com\/site\/repdom\/2026\/04\/23\/fundacion-ella-crea-y-netxora-de-miami-unen-fuerzas-para-el-desarrollo-integral-de-la-mujer-2\/#breadcrumb","itemListElement":[{"@type":"ListItem","position":1,"name":"Portada","item":"https:\/\/noti-america.com\/site\/repdom\/"},{"@type":"ListItem","position":2,"name":"FUNDACI\u00d3N ELLA CREA Y NETXORA de MIAMI UNEN FUERZAS PARA EL DESARROLLO INTEGRAL DE LA MUJER"}]},{"@type":"WebSite","@id":"https:\/\/noti-america.com\/site\/repdom\/#website","url":"https:\/\/noti-america.com\/site\/repdom\/","name":"Rep. Dominicana | Noti-America.com","description":"","publisher":{"@id":"https:\/\/noti-america.com\/site\/repdom\/#organization"},"potentialAction":[{"@type":"SearchAction","target":{"@type":"EntryPoint","urlTemplate":"https:\/\/noti-america.com\/site\/repdom\/?s={search_term_string}"},"query-input":{"@type":"PropertyValueSpecification","valueRequired":true,"valueName":"search_term_string"}}],"inLanguage":"es"},{"@type":"Organization","@id":"https:\/\/noti-america.com\/site\/repdom\/#organization","name":"Noti-America LLC | Rep\u00fablica Dominicana","url":"https:\/\/noti-america.com\/site\/repdom\/","logo":{"@type":"ImageObject","inLanguage":"es","@id":"https:\/\/noti-america.com\/site\/repdom\/#\/schema\/logo\/image\/","url":"https:\/\/noti-america.com\/site\/repdom\/wp-content\/uploads\/sites\/6\/2020\/07\/LogoNA-4x3-1.jpg","contentUrl":"https:\/\/noti-america.com\/site\/repdom\/wp-content\/uploads\/sites\/6\/2020\/07\/LogoNA-4x3-1.jpg","width":1236,"height":1080,"caption":"Noti-America LLC | Rep\u00fablica Dominicana"},"image":{"@id":"https:\/\/noti-america.com\/site\/repdom\/#\/schema\/logo\/image\/"}},{"@type":"Person","@id":"https:\/\/noti-america.com\/site\/repdom\/#\/schema\/person\/5771742f15e3fe0e4f35a8db2d4c93b9","name":"Felipe Castillo","image":{"@type":"ImageObject","inLanguage":"es","@id":"https:\/\/secure.gravatar.com\/avatar\/2f897233f9dfdbc119eb070afcf1c07aea6ab7f9313d4b966cb42d24ea8b52e6?s=96&d=mm&r=g","url":"https:\/\/secure.gravatar.com\/avatar\/2f897233f9dfdbc119eb070afcf1c07aea6ab7f9313d4b966cb42d24ea8b52e6?s=96&d=mm&r=g","contentUrl":"https:\/\/secure.gravatar.com\/avatar\/2f897233f9dfdbc119eb070afcf1c07aea6ab7f9313d4b966cb42d24ea8b52e6?s=96&d=mm&r=g","caption":"Felipe Castillo"},"description":"Locutor, Maestro de Ceremonias, Animador, Orador, Coach Comunicacional, Mentor Honorifico, Manejo del Idioma Portugues, Manejo de Paquete de Office, Control Master, Manejo del Idioma English Intermedio, Comunicador, Lider - Consejero de Campamentos, Productor de Contenido del Proyecto Comunicacional \"Conexi\u00f3n Sin Limites RD\"","sameAs":["https:\/\/x.com\/felipecersoc"],"url":"https:\/\/noti-america.com\/site\/repdom\/author\/fcastillo\/"}]}},"_links":{"self":[{"href":"https:\/\/noti-america.com\/site\/repdom\/wp-json\/wp\/v2\/posts\/38137","targetHints":{"allow":["GET"]}}],"collection":[{"href":"https:\/\/noti-america.com\/site\/repdom\/wp-json\/wp\/v2\/posts"}],"about":[{"href":"https:\/\/noti-america.com\/site\/repdom\/wp-json\/wp\/v2\/types\/post"}],"author":[{"embeddable":true,"href":"https:\/\/noti-america.com\/site\/repdom\/wp-json\/wp\/v2\/users\/94"}],"replies":[{"embeddable":true,"href":"https:\/\/noti-america.com\/site\/repdom\/wp-json\/wp\/v2\/comments?post=38137"}],"version-history":[{"count":0,"href":"https:\/\/noti-america.com\/site\/repdom\/wp-json\/wp\/v2\/posts\/38137\/revisions"}],"wp:featuredmedia":[{"embeddable":true,"href":"https:\/\/noti-america.com\/site\/repdom\/wp-json\/wp\/v2\/media\/38138"}],"wp:attachment":[{"href":"https:\/\/noti-america.com\/site\/repdom\/wp-json\/wp\/v2\/media?parent=38137"}],"wp:term":[{"taxonomy":"category","embeddable":true,"href":"https:\/\/noti-america.com\/site\/repdom\/wp-json\/wp\/v2\/categories?post=38137"},{"taxonomy":"post_tag","embeddable":true,"href":"https:\/\/noti-america.com\/site\/repdom\/wp-json\/wp\/v2\/tags?post=38137"}],"curies":[{"name":"wp","href":"https:\/\/api.w.org\/{rel}","templated":true}]}}