{"id":37932,"date":"2026-04-11T03:05:56","date_gmt":"2026-04-11T03:05:56","guid":{"rendered":"https:\/\/noti-america.com\/site\/repdom\/?p=37932"},"modified":"2026-04-11T03:05:56","modified_gmt":"2026-04-11T03:05:56","slug":"el-bootcamp-el-poder-de-creer-2026-se-posiciona-como-epicentro-creativo-de-la-industria-de-eventos-y-decoracion","status":"publish","type":"post","link":"https:\/\/noti-america.com\/site\/repdom\/2026\/04\/11\/el-bootcamp-el-poder-de-creer-2026-se-posiciona-como-epicentro-creativo-de-la-industria-de-eventos-y-decoracion\/","title":{"rendered":"*El Bootcamp \u201cEl Poder de Creer 2026\u201d se posiciona como epicentro creativo de la industria de eventos y decoraci\u00f3n*"},"content":{"rendered":"<p style=\"text-align: justify\"><strong>NOTIAMERICA. COM | REP\u00daBLICA DOMINICANA\u00a0<\/strong><\/p>\n<p style=\"text-align: justify\">*El Bootcamp \u201cEl Poder de Creer 2026\u201d se posiciona como epicentro creativo de la industria de eventos y decoraci\u00f3n*<\/p>\n<p style=\"text-align: justify\">Participar\u00e1n m\u00e1s de 8 pa\u00edses que se dar\u00e1n cita en esta segunda edici\u00f3n de alto impacto nacional e internacional.<\/p>\n<p style=\"text-align: justify\">Santo Domingo, RD. \u2013 El Poder de Creer Bootcamp 2026, organizado por la empresaria, Roc\u00edo D\u00edaz, CEO de Aaliyah Productions, event planner con m\u00e1s de 13 a\u00f1os de experiencia en la industria de eventos, junto a Ruth Arroyo, CEO de Naima Graphics, estratega de marca, han dise\u00f1ado una vez m\u00e1s una experiencia formativa que combina creatividad, t\u00e9cnica y visi\u00f3n empresarial.<\/p>\n<p style=\"text-align: justify\">El evento se llevar\u00e1 a cabo los d\u00edas 1, 2 y 3 de mayo de 2026 en la ciudad de Santo Domingo, consolid\u00e1ndose como una de las plataformas de capacitaci\u00f3n m\u00e1s relevantes para el sector creativo en la Rep\u00fablica Dominicana.<\/p>\n<p style=\"text-align: justify\">\u201cEl Poder de Creer Bootcamp\u201d se ha convertido en un evento de alcance internacional, dirigido a profesionales, emprendedores y apasionados de la decoraci\u00f3n y la producci\u00f3n de eventos, reuniendo participantes que viajar\u00e1n desde m\u00e1s de ocho pa\u00edses, lo que lo posiciona como un espacio de conexi\u00f3n, aprendizaje e intercambio de tendencias dentro de la industria.<\/p>\n<p style=\"text-align: justify\">Esta segunda edici\u00f3n destaca no solo por su proyecci\u00f3n internacional, sino tambi\u00e9n por la calidad de su contenido formativo, que integra sesiones te\u00f3ricas y pr\u00e1cticas en vivo, dise\u00f1adas para elevar el nivel t\u00e9cnico y comercial de sus asistentes.<\/p>\n<p style=\"text-align: justify\">Asimismo, el evento cuenta con el respaldo de m\u00e1s de 30 marcas patrocinadoras, empresas que han apostado por el crecimiento y la profesionalizaci\u00f3n del sector creativo en el pa\u00eds.<\/p>\n<p style=\"text-align: justify\">Cabe destacar, que actualmente se encuentra disponible una promoci\u00f3n especial de inscripci\u00f3n con un 50% de descuento hasta el 20 de abril, brindando la oportunidad a m\u00e1s interesados de formar parte de esta experiencia.<\/p>\n<p style=\"text-align: justify\">La formaci\u00f3n contar\u00e1 con un panel de exponentes de car\u00e1cter internacional, entre los que destacan:<\/p>\n<p style=\"text-align: justify\">-Yunko Do Santos (Per\u00fa): referente internacional en decoraci\u00f3n art\u00edstica, producci\u00f3n de eventos y procesos creativos de alto impacto, con m\u00e1s de 25 a\u00f1os de trayectoria en Europa y Am\u00e9rica.<\/p>\n<p style=\"text-align: justify\">-Cristian Avenda\u00f1o (Venezuela): Su trabajo combina el dise\u00f1o, la t\u00e9cnica de distorsi\u00f3n y la innovaci\u00f3n, creando experiencias visuales \u00fanicas a trav\u00e9s del arte del globo.<\/p>\n<p style=\"text-align: justify\">-Oswaldo Dorado (M\u00e9xico): Poseedor de un R\u00e9cord Guinness Mundial con el mural de globos m\u00e1s grande del mundo reconocido por su t\u00e9cnica D\u00faplex en globos.<\/p>\n<p style=\"text-align: justify\">-Roc\u00edo D\u00edaz (Rep\u00fablica Dominicana): Event planner y productora, quien abordar\u00e1 cotizaci\u00f3n y Presupuesto de eventos rentables.<br \/>\nRuth Arroyo (Venezuela): Productora y Estratega de marca, marketing y branding enfocada en el posicionamiento y crecimiento de negocios.<\/p>\n<p style=\"text-align: justify\">La jornada ofrecer\u00e1 un espacio integral que incluye din\u00e1micas de networking, presentaciones art\u00edsticas, experiencias inmersivas, y actividades dise\u00f1adas para fortalecer la conexi\u00f3n entre los participantes y potenciar su crecimiento profesional.<\/p>\n<p style=\"text-align: justify\">Para m\u00e1s informaci\u00f3n e inscripciones:<br \/>\n\ud83d\udcf2 829-749-0170 \/ 829-662-5172<br \/>\n\ud83d\udcf1 Instagram: @elpoderde.creer \/ @aaliyah.productions<br \/>\n\ud83d\udce7 Email: elpoderdecreer.info@gmail.com<\/p>\n<p style=\"text-align: justify\"><strong>Fuente<\/strong>: Nhayide de Grupo Aper<\/p>\n<p style=\"text-align: justify\"><strong>Facebook<\/strong>: Felipe Cerso Castillo Carri\u00f3n<\/p>\n<p style=\"text-align: justify\"><strong>Instagram<\/strong>: @felipecersocastillo<\/p>\n<p style=\"text-align: justify\"><strong>X<\/strong>: @felipecersoc<\/p>\n","protected":false},"excerpt":{"rendered":"<p>NOTIAMERICA. COM | REP\u00daBLICA DOMINICANA\u00a0 *El Bootcamp \u201cEl Poder de Creer 2026\u201d se posiciona como epicentro creativo de la industria de eventos y decoraci\u00f3n* Participar\u00e1n m\u00e1s de 8 pa\u00edses que se dar\u00e1n cita en&#46;&#46;&#46;<\/p>\n","protected":false},"author":94,"featured_media":37933,"comment_status":"open","ping_status":"open","sticky":false,"template":"","format":"gallery","meta":{"_acf_changed":false,"rop_custom_images_group":[],"rop_custom_messages_group":[],"rop_publish_now":"initial","rop_publish_now_accounts":[],"rop_publish_now_history":[],"rop_publish_now_status":"pending","footnotes":""},"categories":[277],"tags":[],"class_list":["post-37932","post","type-post","status-publish","format-gallery","has-post-thumbnail","hentry","category-acturalidad","post_format-post-format-gallery"],"acf":[],"yoast_head":"<!-- This site is optimized with the Yoast SEO Premium plugin v24.9 (Yoast SEO v27.2) - https:\/\/yoast.com\/product\/yoast-seo-premium-wordpress\/ -->\n<title>*El Bootcamp \u201cEl Poder de Creer 2026\u201d se posiciona como epicentro creativo de la industria de eventos y decoraci\u00f3n* - Rep. Dominicana | Noti-America.com<\/title>\n<meta name=\"robots\" content=\"index, follow, max-snippet:-1, max-image-preview:large, max-video-preview:-1\" \/>\n<link rel=\"canonical\" href=\"https:\/\/noti-america.com\/site\/repdom\/2026\/04\/11\/el-bootcamp-el-poder-de-creer-2026-se-posiciona-como-epicentro-creativo-de-la-industria-de-eventos-y-decoracion\/\" \/>\n<meta property=\"og:locale\" content=\"es_ES\" \/>\n<meta property=\"og:type\" content=\"article\" \/>\n<meta property=\"og:title\" content=\"*El Bootcamp \u201cEl Poder de Creer 2026\u201d se posiciona como epicentro creativo de la industria de eventos y decoraci\u00f3n*\" \/>\n<meta property=\"og:description\" content=\"NOTIAMERICA. COM | REP\u00daBLICA DOMINICANA\u00a0 *El Bootcamp \u201cEl Poder de Creer 2026\u201d se posiciona como epicentro creativo de la industria de eventos y decoraci\u00f3n* Participar\u00e1n m\u00e1s de 8 pa\u00edses que se dar\u00e1n cita en&#046;&#046;&#046;\" \/>\n<meta property=\"og:url\" content=\"https:\/\/noti-america.com\/site\/repdom\/2026\/04\/11\/el-bootcamp-el-poder-de-creer-2026-se-posiciona-como-epicentro-creativo-de-la-industria-de-eventos-y-decoracion\/\" \/>\n<meta property=\"og:site_name\" content=\"Rep. Dominicana | Noti-America.com\" \/>\n<meta property=\"article:published_time\" content=\"2026-04-11T03:05:56+00:00\" \/>\n<meta property=\"og:image\" content=\"https:\/\/noti-america.com\/site\/repdom\/wp-content\/uploads\/sites\/6\/2026\/04\/IMG-20260410-WA0011.jpg\" \/>\n\t<meta property=\"og:image:width\" content=\"900\" \/>\n\t<meta property=\"og:image:height\" content=\"1600\" \/>\n\t<meta property=\"og:image:type\" content=\"image\/jpeg\" \/>\n<meta name=\"author\" content=\"Felipe Castillo\" \/>\n<meta name=\"twitter:card\" content=\"summary_large_image\" \/>\n<meta name=\"twitter:creator\" content=\"@felipecersoc\" \/>\n<meta name=\"twitter:label1\" content=\"Escrito por\" \/>\n\t<meta name=\"twitter:data1\" content=\"Felipe Castillo\" \/>\n\t<meta name=\"twitter:label2\" content=\"Tiempo estimado de lectura\" \/>\n\t<meta name=\"twitter:data2\" content=\"3 minutos\" \/>\n<script type=\"application\/ld+json\" class=\"yoast-schema-graph\">{\"@context\":\"https:\/\/schema.org\",\"@graph\":[{\"@type\":\"Article\",\"@id\":\"https:\/\/noti-america.com\/site\/repdom\/2026\/04\/11\/el-bootcamp-el-poder-de-creer-2026-se-posiciona-como-epicentro-creativo-de-la-industria-de-eventos-y-decoracion\/#article\",\"isPartOf\":{\"@id\":\"https:\/\/noti-america.com\/site\/repdom\/2026\/04\/11\/el-bootcamp-el-poder-de-creer-2026-se-posiciona-como-epicentro-creativo-de-la-industria-de-eventos-y-decoracion\/\"},\"author\":{\"name\":\"Felipe Castillo\",\"@id\":\"https:\/\/noti-america.com\/site\/repdom\/#\/schema\/person\/5771742f15e3fe0e4f35a8db2d4c93b9\"},\"headline\":\"*El Bootcamp \u201cEl Poder de Creer 2026\u201d se posiciona como epicentro creativo de la industria de eventos y decoraci\u00f3n*\",\"datePublished\":\"2026-04-11T03:05:56+00:00\",\"mainEntityOfPage\":{\"@id\":\"https:\/\/noti-america.com\/site\/repdom\/2026\/04\/11\/el-bootcamp-el-poder-de-creer-2026-se-posiciona-como-epicentro-creativo-de-la-industria-de-eventos-y-decoracion\/\"},\"wordCount\":565,\"commentCount\":0,\"publisher\":{\"@id\":\"https:\/\/noti-america.com\/site\/repdom\/#organization\"},\"image\":{\"@id\":\"https:\/\/noti-america.com\/site\/repdom\/2026\/04\/11\/el-bootcamp-el-poder-de-creer-2026-se-posiciona-como-epicentro-creativo-de-la-industria-de-eventos-y-decoracion\/#primaryimage\"},\"thumbnailUrl\":\"https:\/\/noti-america.com\/site\/repdom\/wp-content\/uploads\/sites\/6\/2026\/04\/IMG-20260410-WA0011.jpg\",\"articleSection\":[\"Actualidad\"],\"inLanguage\":\"es\",\"potentialAction\":[{\"@type\":\"CommentAction\",\"name\":\"Comment\",\"target\":[\"https:\/\/noti-america.com\/site\/repdom\/2026\/04\/11\/el-bootcamp-el-poder-de-creer-2026-se-posiciona-como-epicentro-creativo-de-la-industria-de-eventos-y-decoracion\/#respond\"]}]},{\"@type\":\"WebPage\",\"@id\":\"https:\/\/noti-america.com\/site\/repdom\/2026\/04\/11\/el-bootcamp-el-poder-de-creer-2026-se-posiciona-como-epicentro-creativo-de-la-industria-de-eventos-y-decoracion\/\",\"url\":\"https:\/\/noti-america.com\/site\/repdom\/2026\/04\/11\/el-bootcamp-el-poder-de-creer-2026-se-posiciona-como-epicentro-creativo-de-la-industria-de-eventos-y-decoracion\/\",\"name\":\"*El Bootcamp \u201cEl Poder de Creer 2026\u201d se posiciona como epicentro creativo de la industria de eventos y decoraci\u00f3n* - Rep. Dominicana | Noti-America.com\",\"isPartOf\":{\"@id\":\"https:\/\/noti-america.com\/site\/repdom\/#website\"},\"primaryImageOfPage\":{\"@id\":\"https:\/\/noti-america.com\/site\/repdom\/2026\/04\/11\/el-bootcamp-el-poder-de-creer-2026-se-posiciona-como-epicentro-creativo-de-la-industria-de-eventos-y-decoracion\/#primaryimage\"},\"image\":{\"@id\":\"https:\/\/noti-america.com\/site\/repdom\/2026\/04\/11\/el-bootcamp-el-poder-de-creer-2026-se-posiciona-como-epicentro-creativo-de-la-industria-de-eventos-y-decoracion\/#primaryimage\"},\"thumbnailUrl\":\"https:\/\/noti-america.com\/site\/repdom\/wp-content\/uploads\/sites\/6\/2026\/04\/IMG-20260410-WA0011.jpg\",\"datePublished\":\"2026-04-11T03:05:56+00:00\",\"breadcrumb\":{\"@id\":\"https:\/\/noti-america.com\/site\/repdom\/2026\/04\/11\/el-bootcamp-el-poder-de-creer-2026-se-posiciona-como-epicentro-creativo-de-la-industria-de-eventos-y-decoracion\/#breadcrumb\"},\"inLanguage\":\"es\",\"potentialAction\":[{\"@type\":\"ReadAction\",\"target\":[\"https:\/\/noti-america.com\/site\/repdom\/2026\/04\/11\/el-bootcamp-el-poder-de-creer-2026-se-posiciona-como-epicentro-creativo-de-la-industria-de-eventos-y-decoracion\/\"]}]},{\"@type\":\"ImageObject\",\"inLanguage\":\"es\",\"@id\":\"https:\/\/noti-america.com\/site\/repdom\/2026\/04\/11\/el-bootcamp-el-poder-de-creer-2026-se-posiciona-como-epicentro-creativo-de-la-industria-de-eventos-y-decoracion\/#primaryimage\",\"url\":\"https:\/\/noti-america.com\/site\/repdom\/wp-content\/uploads\/sites\/6\/2026\/04\/IMG-20260410-WA0011.jpg\",\"contentUrl\":\"https:\/\/noti-america.com\/site\/repdom\/wp-content\/uploads\/sites\/6\/2026\/04\/IMG-20260410-WA0011.jpg\",\"width\":900,\"height\":1600},{\"@type\":\"BreadcrumbList\",\"@id\":\"https:\/\/noti-america.com\/site\/repdom\/2026\/04\/11\/el-bootcamp-el-poder-de-creer-2026-se-posiciona-como-epicentro-creativo-de-la-industria-de-eventos-y-decoracion\/#breadcrumb\",\"itemListElement\":[{\"@type\":\"ListItem\",\"position\":1,\"name\":\"Portada\",\"item\":\"https:\/\/noti-america.com\/site\/repdom\/\"},{\"@type\":\"ListItem\",\"position\":2,\"name\":\"*El Bootcamp \u201cEl Poder de Creer 2026\u201d se posiciona como epicentro creativo de la industria de eventos y decoraci\u00f3n*\"}]},{\"@type\":\"WebSite\",\"@id\":\"https:\/\/noti-america.com\/site\/repdom\/#website\",\"url\":\"https:\/\/noti-america.com\/site\/repdom\/\",\"name\":\"Rep. Dominicana | Noti-America.com\",\"description\":\"\",\"publisher\":{\"@id\":\"https:\/\/noti-america.com\/site\/repdom\/#organization\"},\"potentialAction\":[{\"@type\":\"SearchAction\",\"target\":{\"@type\":\"EntryPoint\",\"urlTemplate\":\"https:\/\/noti-america.com\/site\/repdom\/?s={search_term_string}\"},\"query-input\":{\"@type\":\"PropertyValueSpecification\",\"valueRequired\":true,\"valueName\":\"search_term_string\"}}],\"inLanguage\":\"es\"},{\"@type\":\"Organization\",\"@id\":\"https:\/\/noti-america.com\/site\/repdom\/#organization\",\"name\":\"Noti-America LLC | Rep\u00fablica Dominicana\",\"url\":\"https:\/\/noti-america.com\/site\/repdom\/\",\"logo\":{\"@type\":\"ImageObject\",\"inLanguage\":\"es\",\"@id\":\"https:\/\/noti-america.com\/site\/repdom\/#\/schema\/logo\/image\/\",\"url\":\"https:\/\/noti-america.com\/site\/repdom\/wp-content\/uploads\/sites\/6\/2020\/07\/LogoNA-4x3-1.jpg\",\"contentUrl\":\"https:\/\/noti-america.com\/site\/repdom\/wp-content\/uploads\/sites\/6\/2020\/07\/LogoNA-4x3-1.jpg\",\"width\":1236,\"height\":1080,\"caption\":\"Noti-America LLC | Rep\u00fablica Dominicana\"},\"image\":{\"@id\":\"https:\/\/noti-america.com\/site\/repdom\/#\/schema\/logo\/image\/\"}},{\"@type\":\"Person\",\"@id\":\"https:\/\/noti-america.com\/site\/repdom\/#\/schema\/person\/5771742f15e3fe0e4f35a8db2d4c93b9\",\"name\":\"Felipe Castillo\",\"image\":{\"@type\":\"ImageObject\",\"inLanguage\":\"es\",\"@id\":\"https:\/\/secure.gravatar.com\/avatar\/2f897233f9dfdbc119eb070afcf1c07aea6ab7f9313d4b966cb42d24ea8b52e6?s=96&d=mm&r=g\",\"url\":\"https:\/\/secure.gravatar.com\/avatar\/2f897233f9dfdbc119eb070afcf1c07aea6ab7f9313d4b966cb42d24ea8b52e6?s=96&d=mm&r=g\",\"contentUrl\":\"https:\/\/secure.gravatar.com\/avatar\/2f897233f9dfdbc119eb070afcf1c07aea6ab7f9313d4b966cb42d24ea8b52e6?s=96&d=mm&r=g\",\"caption\":\"Felipe Castillo\"},\"description\":\"Locutor, Maestro de Ceremonias, Animador, Orador, Coach Comunicacional, Mentor Honorifico, Manejo del Idioma Portugues, Manejo de Paquete de Office, Control Master, Manejo del Idioma English Intermedio, Comunicador, Lider - Consejero de Campamentos, Productor de Contenido del Proyecto Comunicacional \\\"Conexi\u00f3n Sin Limites RD\\\"\",\"sameAs\":[\"https:\/\/x.com\/felipecersoc\"],\"url\":\"https:\/\/noti-america.com\/site\/repdom\/author\/fcastillo\/\"}]}<\/script>\n<!-- \/ Yoast SEO Premium plugin. -->","yoast_head_json":{"title":"*El Bootcamp \u201cEl Poder de Creer 2026\u201d se posiciona como epicentro creativo de la industria de eventos y decoraci\u00f3n* - Rep. Dominicana | Noti-America.com","robots":{"index":"index","follow":"follow","max-snippet":"max-snippet:-1","max-image-preview":"max-image-preview:large","max-video-preview":"max-video-preview:-1"},"canonical":"https:\/\/noti-america.com\/site\/repdom\/2026\/04\/11\/el-bootcamp-el-poder-de-creer-2026-se-posiciona-como-epicentro-creativo-de-la-industria-de-eventos-y-decoracion\/","og_locale":"es_ES","og_type":"article","og_title":"*El Bootcamp \u201cEl Poder de Creer 2026\u201d se posiciona como epicentro creativo de la industria de eventos y decoraci\u00f3n*","og_description":"NOTIAMERICA. COM | REP\u00daBLICA DOMINICANA\u00a0 *El Bootcamp \u201cEl Poder de Creer 2026\u201d se posiciona como epicentro creativo de la industria de eventos y decoraci\u00f3n* Participar\u00e1n m\u00e1s de 8 pa\u00edses que se dar\u00e1n cita en&#46;&#46;&#46;","og_url":"https:\/\/noti-america.com\/site\/repdom\/2026\/04\/11\/el-bootcamp-el-poder-de-creer-2026-se-posiciona-como-epicentro-creativo-de-la-industria-de-eventos-y-decoracion\/","og_site_name":"Rep. Dominicana | Noti-America.com","article_published_time":"2026-04-11T03:05:56+00:00","og_image":[{"width":900,"height":1600,"url":"https:\/\/noti-america.com\/site\/repdom\/wp-content\/uploads\/sites\/6\/2026\/04\/IMG-20260410-WA0011.jpg","type":"image\/jpeg"}],"author":"Felipe Castillo","twitter_card":"summary_large_image","twitter_creator":"@felipecersoc","twitter_misc":{"Escrito por":"Felipe Castillo","Tiempo estimado de lectura":"3 minutos"},"schema":{"@context":"https:\/\/schema.org","@graph":[{"@type":"Article","@id":"https:\/\/noti-america.com\/site\/repdom\/2026\/04\/11\/el-bootcamp-el-poder-de-creer-2026-se-posiciona-como-epicentro-creativo-de-la-industria-de-eventos-y-decoracion\/#article","isPartOf":{"@id":"https:\/\/noti-america.com\/site\/repdom\/2026\/04\/11\/el-bootcamp-el-poder-de-creer-2026-se-posiciona-como-epicentro-creativo-de-la-industria-de-eventos-y-decoracion\/"},"author":{"name":"Felipe Castillo","@id":"https:\/\/noti-america.com\/site\/repdom\/#\/schema\/person\/5771742f15e3fe0e4f35a8db2d4c93b9"},"headline":"*El Bootcamp \u201cEl Poder de Creer 2026\u201d se posiciona como epicentro creativo de la industria de eventos y decoraci\u00f3n*","datePublished":"2026-04-11T03:05:56+00:00","mainEntityOfPage":{"@id":"https:\/\/noti-america.com\/site\/repdom\/2026\/04\/11\/el-bootcamp-el-poder-de-creer-2026-se-posiciona-como-epicentro-creativo-de-la-industria-de-eventos-y-decoracion\/"},"wordCount":565,"commentCount":0,"publisher":{"@id":"https:\/\/noti-america.com\/site\/repdom\/#organization"},"image":{"@id":"https:\/\/noti-america.com\/site\/repdom\/2026\/04\/11\/el-bootcamp-el-poder-de-creer-2026-se-posiciona-como-epicentro-creativo-de-la-industria-de-eventos-y-decoracion\/#primaryimage"},"thumbnailUrl":"https:\/\/noti-america.com\/site\/repdom\/wp-content\/uploads\/sites\/6\/2026\/04\/IMG-20260410-WA0011.jpg","articleSection":["Actualidad"],"inLanguage":"es","potentialAction":[{"@type":"CommentAction","name":"Comment","target":["https:\/\/noti-america.com\/site\/repdom\/2026\/04\/11\/el-bootcamp-el-poder-de-creer-2026-se-posiciona-como-epicentro-creativo-de-la-industria-de-eventos-y-decoracion\/#respond"]}]},{"@type":"WebPage","@id":"https:\/\/noti-america.com\/site\/repdom\/2026\/04\/11\/el-bootcamp-el-poder-de-creer-2026-se-posiciona-como-epicentro-creativo-de-la-industria-de-eventos-y-decoracion\/","url":"https:\/\/noti-america.com\/site\/repdom\/2026\/04\/11\/el-bootcamp-el-poder-de-creer-2026-se-posiciona-como-epicentro-creativo-de-la-industria-de-eventos-y-decoracion\/","name":"*El Bootcamp \u201cEl Poder de Creer 2026\u201d se posiciona como epicentro creativo de la industria de eventos y decoraci\u00f3n* - Rep. Dominicana | Noti-America.com","isPartOf":{"@id":"https:\/\/noti-america.com\/site\/repdom\/#website"},"primaryImageOfPage":{"@id":"https:\/\/noti-america.com\/site\/repdom\/2026\/04\/11\/el-bootcamp-el-poder-de-creer-2026-se-posiciona-como-epicentro-creativo-de-la-industria-de-eventos-y-decoracion\/#primaryimage"},"image":{"@id":"https:\/\/noti-america.com\/site\/repdom\/2026\/04\/11\/el-bootcamp-el-poder-de-creer-2026-se-posiciona-como-epicentro-creativo-de-la-industria-de-eventos-y-decoracion\/#primaryimage"},"thumbnailUrl":"https:\/\/noti-america.com\/site\/repdom\/wp-content\/uploads\/sites\/6\/2026\/04\/IMG-20260410-WA0011.jpg","datePublished":"2026-04-11T03:05:56+00:00","breadcrumb":{"@id":"https:\/\/noti-america.com\/site\/repdom\/2026\/04\/11\/el-bootcamp-el-poder-de-creer-2026-se-posiciona-como-epicentro-creativo-de-la-industria-de-eventos-y-decoracion\/#breadcrumb"},"inLanguage":"es","potentialAction":[{"@type":"ReadAction","target":["https:\/\/noti-america.com\/site\/repdom\/2026\/04\/11\/el-bootcamp-el-poder-de-creer-2026-se-posiciona-como-epicentro-creativo-de-la-industria-de-eventos-y-decoracion\/"]}]},{"@type":"ImageObject","inLanguage":"es","@id":"https:\/\/noti-america.com\/site\/repdom\/2026\/04\/11\/el-bootcamp-el-poder-de-creer-2026-se-posiciona-como-epicentro-creativo-de-la-industria-de-eventos-y-decoracion\/#primaryimage","url":"https:\/\/noti-america.com\/site\/repdom\/wp-content\/uploads\/sites\/6\/2026\/04\/IMG-20260410-WA0011.jpg","contentUrl":"https:\/\/noti-america.com\/site\/repdom\/wp-content\/uploads\/sites\/6\/2026\/04\/IMG-20260410-WA0011.jpg","width":900,"height":1600},{"@type":"BreadcrumbList","@id":"https:\/\/noti-america.com\/site\/repdom\/2026\/04\/11\/el-bootcamp-el-poder-de-creer-2026-se-posiciona-como-epicentro-creativo-de-la-industria-de-eventos-y-decoracion\/#breadcrumb","itemListElement":[{"@type":"ListItem","position":1,"name":"Portada","item":"https:\/\/noti-america.com\/site\/repdom\/"},{"@type":"ListItem","position":2,"name":"*El Bootcamp \u201cEl Poder de Creer 2026\u201d se posiciona como epicentro creativo de la industria de eventos y decoraci\u00f3n*"}]},{"@type":"WebSite","@id":"https:\/\/noti-america.com\/site\/repdom\/#website","url":"https:\/\/noti-america.com\/site\/repdom\/","name":"Rep. Dominicana | Noti-America.com","description":"","publisher":{"@id":"https:\/\/noti-america.com\/site\/repdom\/#organization"},"potentialAction":[{"@type":"SearchAction","target":{"@type":"EntryPoint","urlTemplate":"https:\/\/noti-america.com\/site\/repdom\/?s={search_term_string}"},"query-input":{"@type":"PropertyValueSpecification","valueRequired":true,"valueName":"search_term_string"}}],"inLanguage":"es"},{"@type":"Organization","@id":"https:\/\/noti-america.com\/site\/repdom\/#organization","name":"Noti-America LLC | Rep\u00fablica Dominicana","url":"https:\/\/noti-america.com\/site\/repdom\/","logo":{"@type":"ImageObject","inLanguage":"es","@id":"https:\/\/noti-america.com\/site\/repdom\/#\/schema\/logo\/image\/","url":"https:\/\/noti-america.com\/site\/repdom\/wp-content\/uploads\/sites\/6\/2020\/07\/LogoNA-4x3-1.jpg","contentUrl":"https:\/\/noti-america.com\/site\/repdom\/wp-content\/uploads\/sites\/6\/2020\/07\/LogoNA-4x3-1.jpg","width":1236,"height":1080,"caption":"Noti-America LLC | Rep\u00fablica Dominicana"},"image":{"@id":"https:\/\/noti-america.com\/site\/repdom\/#\/schema\/logo\/image\/"}},{"@type":"Person","@id":"https:\/\/noti-america.com\/site\/repdom\/#\/schema\/person\/5771742f15e3fe0e4f35a8db2d4c93b9","name":"Felipe Castillo","image":{"@type":"ImageObject","inLanguage":"es","@id":"https:\/\/secure.gravatar.com\/avatar\/2f897233f9dfdbc119eb070afcf1c07aea6ab7f9313d4b966cb42d24ea8b52e6?s=96&d=mm&r=g","url":"https:\/\/secure.gravatar.com\/avatar\/2f897233f9dfdbc119eb070afcf1c07aea6ab7f9313d4b966cb42d24ea8b52e6?s=96&d=mm&r=g","contentUrl":"https:\/\/secure.gravatar.com\/avatar\/2f897233f9dfdbc119eb070afcf1c07aea6ab7f9313d4b966cb42d24ea8b52e6?s=96&d=mm&r=g","caption":"Felipe Castillo"},"description":"Locutor, Maestro de Ceremonias, Animador, Orador, Coach Comunicacional, Mentor Honorifico, Manejo del Idioma Portugues, Manejo de Paquete de Office, Control Master, Manejo del Idioma English Intermedio, Comunicador, Lider - Consejero de Campamentos, Productor de Contenido del Proyecto Comunicacional \"Conexi\u00f3n Sin Limites RD\"","sameAs":["https:\/\/x.com\/felipecersoc"],"url":"https:\/\/noti-america.com\/site\/repdom\/author\/fcastillo\/"}]}},"_links":{"self":[{"href":"https:\/\/noti-america.com\/site\/repdom\/wp-json\/wp\/v2\/posts\/37932","targetHints":{"allow":["GET"]}}],"collection":[{"href":"https:\/\/noti-america.com\/site\/repdom\/wp-json\/wp\/v2\/posts"}],"about":[{"href":"https:\/\/noti-america.com\/site\/repdom\/wp-json\/wp\/v2\/types\/post"}],"author":[{"embeddable":true,"href":"https:\/\/noti-america.com\/site\/repdom\/wp-json\/wp\/v2\/users\/94"}],"replies":[{"embeddable":true,"href":"https:\/\/noti-america.com\/site\/repdom\/wp-json\/wp\/v2\/comments?post=37932"}],"version-history":[{"count":2,"href":"https:\/\/noti-america.com\/site\/repdom\/wp-json\/wp\/v2\/posts\/37932\/revisions"}],"predecessor-version":[{"id":37938,"href":"https:\/\/noti-america.com\/site\/repdom\/wp-json\/wp\/v2\/posts\/37932\/revisions\/37938"}],"wp:featuredmedia":[{"embeddable":true,"href":"https:\/\/noti-america.com\/site\/repdom\/wp-json\/wp\/v2\/media\/37933"}],"wp:attachment":[{"href":"https:\/\/noti-america.com\/site\/repdom\/wp-json\/wp\/v2\/media?parent=37932"}],"wp:term":[{"taxonomy":"category","embeddable":true,"href":"https:\/\/noti-america.com\/site\/repdom\/wp-json\/wp\/v2\/categories?post=37932"},{"taxonomy":"post_tag","embeddable":true,"href":"https:\/\/noti-america.com\/site\/repdom\/wp-json\/wp\/v2\/tags?post=37932"}],"curies":[{"name":"wp","href":"https:\/\/api.w.org\/{rel}","templated":true}]}}