{"id":37381,"date":"2026-03-09T01:22:16","date_gmt":"2026-03-09T01:22:16","guid":{"rendered":"https:\/\/noti-america.com\/site\/repdom\/?p=37381"},"modified":"2026-03-09T01:22:16","modified_gmt":"2026-03-09T01:22:16","slug":"el-evento-i-am-every-woman-que-brille-tu-luz-interior-reunio-a-las-voces-mas-influyentes-del-liderazgo-femenino-en-la-republica-dominicana","status":"publish","type":"post","link":"https:\/\/noti-america.com\/site\/repdom\/2026\/03\/09\/el-evento-i-am-every-woman-que-brille-tu-luz-interior-reunio-a-las-voces-mas-influyentes-del-liderazgo-femenino-en-la-republica-dominicana\/","title":{"rendered":"\u200bEl evento \u00abI Am Every Woman: Que brille tu luz interior\u00bb reuni\u00f3 a las voces m\u00e1s influyentes del liderazgo femenino en la Rep\u00fablica Dominicana"},"content":{"rendered":"<p><strong>NotiAm\u00e9rica Rep\u00fablica Dominicana\u00a0<\/strong><br \/>\n<strong>Santo Domingo,RD<\/strong><\/p>\n<p>&nbsp;<\/p>\n<p style=\"text-align: justify\">\u200bSANTO DOMINGO, RD \u2013 El pasado viernes 6 de marzo, de 2:00 p.m. a 7:00 p.m., se celebr\u00f3 en el Auditorio del Centro INDOTEL Cultura Digital (Centro Cultural Indotel) el evento \u00abI Am Every Woman: Que brille tu luz interior\u00bb.<\/p>\n<p style=\"text-align: justify\">Esta iniciativa, organizada por Mujeres Marketeras Latam y An Inspiring Mom,cuyas lideres Nelsy P\u00e9rez Matos y Bianna Pe\u00f1a Rubio destacaron que buscan potenciar el liderazgo femenino y ofrecer herramientas de crecimiento bajo la premisa de que el potencial de cada mujer es infinito.<\/p>\n<p style=\"text-align: justify\">\u200bEl evento cont\u00f3 con la participaci\u00f3n de destacadas figuras de la comunicaci\u00f3n, el sector empresarial y el mercado inmobiliario, estructurado en una serie de paneles y conferencias magistrales dise\u00f1adas para inspirar y conectar.<\/p>\n<p style=\"text-align: justify\">\u200bUn epicentro de estrategias y \u00e9xito empresarial que inici\u00f3 con la Historia de \u00c9xito de Sul\u00edn Lantigua, Vicepresidenta de Grabo Estilo,empresa referente en su nicho, con 25 a\u00f1os de trayectoria; precedida de la conferencia sobre Liderazgo y Mentalidad Emprendedora de Enrique Canela con el respaldo de la fundaci\u00f3n Coca Cola, su proyecto Emprendamos Juntos y ADOPEM ONG.<\/p>\n<p style=\"text-align: justify\">Se llevaron a cabo los paneles:<br \/>\n\u200b\u00bbVoces que vibran y lideran el presente\u00bb: Con la participaci\u00f3n de comunicadoras de la talla de Zoila Puello, Zahory Fiallo,Viancamely Alc\u00e1ntara y Anel\u00ed Paredes y la moderaci\u00f3n de Morelia Guerrero.<br \/>\n\u200b\u00bbLa Fuerza de la Palabra en la Era Digital\u00bb: Moderado por Leticia Centuri\u00f3n y con la presencia de Millizen Uribe, Felivia Mej\u00eda, Celeste P\u00e9rez y Mar\u00eda Jim\u00e9nez.<\/p>\n<p style=\"text-align: justify\">\u200bUno de los momentos m\u00e1s esperados fu\u00e9 la grabaci\u00f3n en vivo de dos episodios especiales de Vibrando Lindo Podcast con mujeres estrategas del mundo empresarial, corporativo y financiero. Entre las protagonistas de este segmento se encuentran Rommy Grull\u00f3n Y Rose Fortunato. Ambas compartieron sus experiencias en el panel \u00abNexo Mujeres: Estrategas que impactan vidas\u00bb, junto a Cindy Charles, Ileni McKenzie y la moderadora Nelsy P\u00e9rez Matos; el 2do episodio fu\u00e9 moderado por Bianna Pe\u00f1a Rubio quien tuvo entre sus invitadas a Roberkys Rodr\u00edguez,Mari Hern\u00e1ndez y Liselot Gonz\u00e1lez.<\/p>\n<p style=\"text-align: justify\">Se reconoci\u00f3 el impacto social del proyecto Alcal\u00e1 Lab iniciativa de la reconocida Dise\u00f1adora de Modas Tania Alcal\u00e1.<\/p>\n<p style=\"text-align: justify\">\u200bEl sector inmobiliario tuvo un espacio protagonista en el panel \u00abMujeres de Acero: Forjando el mercado inmobiliario\u00bb. Este conversatorio reunir\u00e1 a mujeres de gran trayectoria en el Real Estate, tales como:\u200bMarbel Lugo,\u200bRita Castillo,<br \/>\n\u200bClaudia Castillo.<br \/>\n\u200bEl panel fu\u00e9 moderado por Isabel Fern\u00e1ndez.<\/p>\n<p style=\"text-align: justify\">\u200bLa jornada se enriqueci\u00f3 con la conferencia magistral de cierre que disert\u00f3 la reconocida Gisel Castillo, speaker mentora,conferencista CEO de @womanmeetlatam, titulada \u00ab\u00bfC\u00f3mo crear una MARCA Visible, Relevante y Abundante?\u00bb.<\/p>\n<p style=\"text-align: justify\">Entre los invitados especiales destacamos la presencia de Gianna Franjul Viceministra de Desarrollo Industrial del MICM,Rossy Escotto pta.FEM y Amarilys Dur\u00e1n 2 VP Codopyme,entre otras destacadas personalidades.<\/p>\n<p style=\"text-align: justify\">Un punto a destacar es que desde los eventos bajo el sello Mujeres Marketeras Latam siempre se apoya una causa social y en esta ocasi\u00f3n se apoy\u00f3 la discapacidad visual a trav\u00e9s de la Fundaci\u00f3n Rayito de Luz.<\/p>\n<p style=\"text-align: justify\">La agencia Nelsy P\u00e9rez Consultor\u00eda *Asesor\u00eda *Eventos fu\u00e9 la responsable de la producci\u00f3n general del evento.<br \/>\nCreative PCC se encarg\u00f3 del dise\u00f1o y estrategia creativa.<\/p>\n<p style=\"text-align: justify\">\n\u200b<br \/>\n\u200b<\/p>\n","protected":false},"excerpt":{"rendered":"<p>NotiAm\u00e9rica Rep\u00fablica Dominicana\u00a0 Santo Domingo,RD &nbsp; \u200bSANTO DOMINGO, RD \u2013 El pasado viernes 6 de marzo, de 2:00 p.m. a 7:00 p.m., se celebr\u00f3 en el Auditorio del Centro INDOTEL Cultura Digital (Centro Cultural&#46;&#46;&#46;<\/p>\n","protected":false},"author":87,"featured_media":37382,"comment_status":"open","ping_status":"open","sticky":false,"template":"","format":"image","meta":{"_acf_changed":false,"rop_custom_images_group":[],"rop_custom_messages_group":[],"rop_publish_now":"initial","rop_publish_now_accounts":[],"rop_publish_now_history":[],"rop_publish_now_status":"pending","footnotes":""},"categories":[162],"tags":[],"class_list":["post-37381","post","type-post","status-publish","format-image","has-post-thumbnail","hentry","category-emprendimiento","post_format-post-format-image"],"acf":[],"yoast_head":"<!-- This site is optimized with the Yoast SEO Premium plugin v24.9 (Yoast SEO v27.2) - https:\/\/yoast.com\/product\/yoast-seo-premium-wordpress\/ -->\n<title>\u200bEl evento &quot;I Am Every Woman: Que brille tu luz interior&quot; reuni\u00f3 a las voces m\u00e1s influyentes del liderazgo femenino en la Rep\u00fablica Dominicana - Rep. Dominicana | Noti-America.com<\/title>\n<meta name=\"robots\" content=\"index, follow, max-snippet:-1, max-image-preview:large, max-video-preview:-1\" \/>\n<link rel=\"canonical\" href=\"https:\/\/noti-america.com\/site\/repdom\/2026\/03\/09\/el-evento-i-am-every-woman-que-brille-tu-luz-interior-reunio-a-las-voces-mas-influyentes-del-liderazgo-femenino-en-la-republica-dominicana\/\" \/>\n<meta property=\"og:locale\" content=\"es_ES\" \/>\n<meta property=\"og:type\" content=\"article\" \/>\n<meta property=\"og:title\" content=\"\u200bEl evento &quot;I Am Every Woman: Que brille tu luz interior&quot; reuni\u00f3 a las voces m\u00e1s influyentes del liderazgo femenino en la Rep\u00fablica Dominicana\" \/>\n<meta property=\"og:description\" content=\"NotiAm\u00e9rica Rep\u00fablica Dominicana\u00a0 Santo Domingo,RD &nbsp; \u200bSANTO DOMINGO, RD \u2013 El pasado viernes 6 de marzo, de 2:00 p.m. a 7:00 p.m., se celebr\u00f3 en el Auditorio del Centro INDOTEL Cultura Digital (Centro Cultural&#046;&#046;&#046;\" \/>\n<meta property=\"og:url\" content=\"https:\/\/noti-america.com\/site\/repdom\/2026\/03\/09\/el-evento-i-am-every-woman-que-brille-tu-luz-interior-reunio-a-las-voces-mas-influyentes-del-liderazgo-femenino-en-la-republica-dominicana\/\" \/>\n<meta property=\"og:site_name\" content=\"Rep. Dominicana | Noti-America.com\" \/>\n<meta property=\"article:published_time\" content=\"2026-03-09T01:22:16+00:00\" \/>\n<meta property=\"og:image\" content=\"https:\/\/noti-america.com\/site\/repdom\/wp-content\/uploads\/sites\/6\/2026\/03\/IMG-20260308-WA0021.jpg\" \/>\n\t<meta property=\"og:image:width\" content=\"1392\" \/>\n\t<meta property=\"og:image:height\" content=\"928\" \/>\n\t<meta property=\"og:image:type\" content=\"image\/jpeg\" \/>\n<meta name=\"author\" content=\"CAMH\" \/>\n<meta name=\"twitter:card\" content=\"summary_large_image\" \/>\n<meta name=\"twitter:label1\" content=\"Escrito por\" \/>\n\t<meta name=\"twitter:data1\" content=\"CAMH\" \/>\n\t<meta name=\"twitter:label2\" content=\"Tiempo estimado de lectura\" \/>\n\t<meta name=\"twitter:data2\" content=\"3 minutos\" \/>\n<script type=\"application\/ld+json\" class=\"yoast-schema-graph\">{\"@context\":\"https:\/\/schema.org\",\"@graph\":[{\"@type\":\"Article\",\"@id\":\"https:\/\/noti-america.com\/site\/repdom\/2026\/03\/09\/el-evento-i-am-every-woman-que-brille-tu-luz-interior-reunio-a-las-voces-mas-influyentes-del-liderazgo-femenino-en-la-republica-dominicana\/#article\",\"isPartOf\":{\"@id\":\"https:\/\/noti-america.com\/site\/repdom\/2026\/03\/09\/el-evento-i-am-every-woman-que-brille-tu-luz-interior-reunio-a-las-voces-mas-influyentes-del-liderazgo-femenino-en-la-republica-dominicana\/\"},\"author\":{\"name\":\"CAMH\",\"@id\":\"https:\/\/noti-america.com\/site\/repdom\/#\/schema\/person\/e13880b4308eea6926b271284605ef72\"},\"headline\":\"\u200bEl evento \u00abI Am Every Woman: Que brille tu luz interior\u00bb reuni\u00f3 a las voces m\u00e1s influyentes del liderazgo femenino en la Rep\u00fablica Dominicana\",\"datePublished\":\"2026-03-09T01:22:16+00:00\",\"mainEntityOfPage\":{\"@id\":\"https:\/\/noti-america.com\/site\/repdom\/2026\/03\/09\/el-evento-i-am-every-woman-que-brille-tu-luz-interior-reunio-a-las-voces-mas-influyentes-del-liderazgo-femenino-en-la-republica-dominicana\/\"},\"wordCount\":580,\"commentCount\":0,\"publisher\":{\"@id\":\"https:\/\/noti-america.com\/site\/repdom\/#organization\"},\"image\":{\"@id\":\"https:\/\/noti-america.com\/site\/repdom\/2026\/03\/09\/el-evento-i-am-every-woman-que-brille-tu-luz-interior-reunio-a-las-voces-mas-influyentes-del-liderazgo-femenino-en-la-republica-dominicana\/#primaryimage\"},\"thumbnailUrl\":\"https:\/\/noti-america.com\/site\/repdom\/wp-content\/uploads\/sites\/6\/2026\/03\/IMG-20260308-WA0021.jpg\",\"articleSection\":[\"Emprendimiento\"],\"inLanguage\":\"es\",\"potentialAction\":[{\"@type\":\"CommentAction\",\"name\":\"Comment\",\"target\":[\"https:\/\/noti-america.com\/site\/repdom\/2026\/03\/09\/el-evento-i-am-every-woman-que-brille-tu-luz-interior-reunio-a-las-voces-mas-influyentes-del-liderazgo-femenino-en-la-republica-dominicana\/#respond\"]}]},{\"@type\":\"WebPage\",\"@id\":\"https:\/\/noti-america.com\/site\/repdom\/2026\/03\/09\/el-evento-i-am-every-woman-que-brille-tu-luz-interior-reunio-a-las-voces-mas-influyentes-del-liderazgo-femenino-en-la-republica-dominicana\/\",\"url\":\"https:\/\/noti-america.com\/site\/repdom\/2026\/03\/09\/el-evento-i-am-every-woman-que-brille-tu-luz-interior-reunio-a-las-voces-mas-influyentes-del-liderazgo-femenino-en-la-republica-dominicana\/\",\"name\":\"\u200bEl evento \\\"I Am Every Woman: Que brille tu luz interior\\\" reuni\u00f3 a las voces m\u00e1s influyentes del liderazgo femenino en la Rep\u00fablica Dominicana - Rep. Dominicana | Noti-America.com\",\"isPartOf\":{\"@id\":\"https:\/\/noti-america.com\/site\/repdom\/#website\"},\"primaryImageOfPage\":{\"@id\":\"https:\/\/noti-america.com\/site\/repdom\/2026\/03\/09\/el-evento-i-am-every-woman-que-brille-tu-luz-interior-reunio-a-las-voces-mas-influyentes-del-liderazgo-femenino-en-la-republica-dominicana\/#primaryimage\"},\"image\":{\"@id\":\"https:\/\/noti-america.com\/site\/repdom\/2026\/03\/09\/el-evento-i-am-every-woman-que-brille-tu-luz-interior-reunio-a-las-voces-mas-influyentes-del-liderazgo-femenino-en-la-republica-dominicana\/#primaryimage\"},\"thumbnailUrl\":\"https:\/\/noti-america.com\/site\/repdom\/wp-content\/uploads\/sites\/6\/2026\/03\/IMG-20260308-WA0021.jpg\",\"datePublished\":\"2026-03-09T01:22:16+00:00\",\"breadcrumb\":{\"@id\":\"https:\/\/noti-america.com\/site\/repdom\/2026\/03\/09\/el-evento-i-am-every-woman-que-brille-tu-luz-interior-reunio-a-las-voces-mas-influyentes-del-liderazgo-femenino-en-la-republica-dominicana\/#breadcrumb\"},\"inLanguage\":\"es\",\"potentialAction\":[{\"@type\":\"ReadAction\",\"target\":[\"https:\/\/noti-america.com\/site\/repdom\/2026\/03\/09\/el-evento-i-am-every-woman-que-brille-tu-luz-interior-reunio-a-las-voces-mas-influyentes-del-liderazgo-femenino-en-la-republica-dominicana\/\"]}]},{\"@type\":\"ImageObject\",\"inLanguage\":\"es\",\"@id\":\"https:\/\/noti-america.com\/site\/repdom\/2026\/03\/09\/el-evento-i-am-every-woman-que-brille-tu-luz-interior-reunio-a-las-voces-mas-influyentes-del-liderazgo-femenino-en-la-republica-dominicana\/#primaryimage\",\"url\":\"https:\/\/noti-america.com\/site\/repdom\/wp-content\/uploads\/sites\/6\/2026\/03\/IMG-20260308-WA0021.jpg\",\"contentUrl\":\"https:\/\/noti-america.com\/site\/repdom\/wp-content\/uploads\/sites\/6\/2026\/03\/IMG-20260308-WA0021.jpg\",\"width\":1392,\"height\":928},{\"@type\":\"BreadcrumbList\",\"@id\":\"https:\/\/noti-america.com\/site\/repdom\/2026\/03\/09\/el-evento-i-am-every-woman-que-brille-tu-luz-interior-reunio-a-las-voces-mas-influyentes-del-liderazgo-femenino-en-la-republica-dominicana\/#breadcrumb\",\"itemListElement\":[{\"@type\":\"ListItem\",\"position\":1,\"name\":\"Portada\",\"item\":\"https:\/\/noti-america.com\/site\/repdom\/\"},{\"@type\":\"ListItem\",\"position\":2,\"name\":\"\u200bEl evento \u00abI Am Every Woman: Que brille tu luz interior\u00bb reuni\u00f3 a las voces m\u00e1s influyentes del liderazgo femenino en la Rep\u00fablica Dominicana\"}]},{\"@type\":\"WebSite\",\"@id\":\"https:\/\/noti-america.com\/site\/repdom\/#website\",\"url\":\"https:\/\/noti-america.com\/site\/repdom\/\",\"name\":\"Rep. Dominicana | Noti-America.com\",\"description\":\"\",\"publisher\":{\"@id\":\"https:\/\/noti-america.com\/site\/repdom\/#organization\"},\"potentialAction\":[{\"@type\":\"SearchAction\",\"target\":{\"@type\":\"EntryPoint\",\"urlTemplate\":\"https:\/\/noti-america.com\/site\/repdom\/?s={search_term_string}\"},\"query-input\":{\"@type\":\"PropertyValueSpecification\",\"valueRequired\":true,\"valueName\":\"search_term_string\"}}],\"inLanguage\":\"es\"},{\"@type\":\"Organization\",\"@id\":\"https:\/\/noti-america.com\/site\/repdom\/#organization\",\"name\":\"Noti-America LLC | Rep\u00fablica Dominicana\",\"url\":\"https:\/\/noti-america.com\/site\/repdom\/\",\"logo\":{\"@type\":\"ImageObject\",\"inLanguage\":\"es\",\"@id\":\"https:\/\/noti-america.com\/site\/repdom\/#\/schema\/logo\/image\/\",\"url\":\"https:\/\/noti-america.com\/site\/repdom\/wp-content\/uploads\/sites\/6\/2020\/07\/LogoNA-4x3-1.jpg\",\"contentUrl\":\"https:\/\/noti-america.com\/site\/repdom\/wp-content\/uploads\/sites\/6\/2020\/07\/LogoNA-4x3-1.jpg\",\"width\":1236,\"height\":1080,\"caption\":\"Noti-America LLC | Rep\u00fablica Dominicana\"},\"image\":{\"@id\":\"https:\/\/noti-america.com\/site\/repdom\/#\/schema\/logo\/image\/\"}},{\"@type\":\"Person\",\"@id\":\"https:\/\/noti-america.com\/site\/repdom\/#\/schema\/person\/e13880b4308eea6926b271284605ef72\",\"name\":\"CAMH\",\"image\":{\"@type\":\"ImageObject\",\"inLanguage\":\"es\",\"@id\":\"https:\/\/secure.gravatar.com\/avatar\/82aa99c723cbed2b304797bc218a5542b5a94d7f5d0ba3b39650aef53c28ecf5?s=96&d=mm&r=g\",\"url\":\"https:\/\/secure.gravatar.com\/avatar\/82aa99c723cbed2b304797bc218a5542b5a94d7f5d0ba3b39650aef53c28ecf5?s=96&d=mm&r=g\",\"contentUrl\":\"https:\/\/secure.gravatar.com\/avatar\/82aa99c723cbed2b304797bc218a5542b5a94d7f5d0ba3b39650aef53c28ecf5?s=96&d=mm&r=g\",\"caption\":\"CAMH\"},\"url\":\"https:\/\/noti-america.com\/site\/repdom\/author\/cmitchell\/\"}]}<\/script>\n<!-- \/ Yoast SEO Premium plugin. -->","yoast_head_json":{"title":"\u200bEl evento \"I Am Every Woman: Que brille tu luz interior\" reuni\u00f3 a las voces m\u00e1s influyentes del liderazgo femenino en la Rep\u00fablica Dominicana - Rep. Dominicana | Noti-America.com","robots":{"index":"index","follow":"follow","max-snippet":"max-snippet:-1","max-image-preview":"max-image-preview:large","max-video-preview":"max-video-preview:-1"},"canonical":"https:\/\/noti-america.com\/site\/repdom\/2026\/03\/09\/el-evento-i-am-every-woman-que-brille-tu-luz-interior-reunio-a-las-voces-mas-influyentes-del-liderazgo-femenino-en-la-republica-dominicana\/","og_locale":"es_ES","og_type":"article","og_title":"\u200bEl evento \"I Am Every Woman: Que brille tu luz interior\" reuni\u00f3 a las voces m\u00e1s influyentes del liderazgo femenino en la Rep\u00fablica Dominicana","og_description":"NotiAm\u00e9rica Rep\u00fablica Dominicana\u00a0 Santo Domingo,RD &nbsp; \u200bSANTO DOMINGO, RD \u2013 El pasado viernes 6 de marzo, de 2:00 p.m. a 7:00 p.m., se celebr\u00f3 en el Auditorio del Centro INDOTEL Cultura Digital (Centro Cultural&#46;&#46;&#46;","og_url":"https:\/\/noti-america.com\/site\/repdom\/2026\/03\/09\/el-evento-i-am-every-woman-que-brille-tu-luz-interior-reunio-a-las-voces-mas-influyentes-del-liderazgo-femenino-en-la-republica-dominicana\/","og_site_name":"Rep. Dominicana | Noti-America.com","article_published_time":"2026-03-09T01:22:16+00:00","og_image":[{"width":1392,"height":928,"url":"https:\/\/noti-america.com\/site\/repdom\/wp-content\/uploads\/sites\/6\/2026\/03\/IMG-20260308-WA0021.jpg","type":"image\/jpeg"}],"author":"CAMH","twitter_card":"summary_large_image","twitter_misc":{"Escrito por":"CAMH","Tiempo estimado de lectura":"3 minutos"},"schema":{"@context":"https:\/\/schema.org","@graph":[{"@type":"Article","@id":"https:\/\/noti-america.com\/site\/repdom\/2026\/03\/09\/el-evento-i-am-every-woman-que-brille-tu-luz-interior-reunio-a-las-voces-mas-influyentes-del-liderazgo-femenino-en-la-republica-dominicana\/#article","isPartOf":{"@id":"https:\/\/noti-america.com\/site\/repdom\/2026\/03\/09\/el-evento-i-am-every-woman-que-brille-tu-luz-interior-reunio-a-las-voces-mas-influyentes-del-liderazgo-femenino-en-la-republica-dominicana\/"},"author":{"name":"CAMH","@id":"https:\/\/noti-america.com\/site\/repdom\/#\/schema\/person\/e13880b4308eea6926b271284605ef72"},"headline":"\u200bEl evento \u00abI Am Every Woman: Que brille tu luz interior\u00bb reuni\u00f3 a las voces m\u00e1s influyentes del liderazgo femenino en la Rep\u00fablica Dominicana","datePublished":"2026-03-09T01:22:16+00:00","mainEntityOfPage":{"@id":"https:\/\/noti-america.com\/site\/repdom\/2026\/03\/09\/el-evento-i-am-every-woman-que-brille-tu-luz-interior-reunio-a-las-voces-mas-influyentes-del-liderazgo-femenino-en-la-republica-dominicana\/"},"wordCount":580,"commentCount":0,"publisher":{"@id":"https:\/\/noti-america.com\/site\/repdom\/#organization"},"image":{"@id":"https:\/\/noti-america.com\/site\/repdom\/2026\/03\/09\/el-evento-i-am-every-woman-que-brille-tu-luz-interior-reunio-a-las-voces-mas-influyentes-del-liderazgo-femenino-en-la-republica-dominicana\/#primaryimage"},"thumbnailUrl":"https:\/\/noti-america.com\/site\/repdom\/wp-content\/uploads\/sites\/6\/2026\/03\/IMG-20260308-WA0021.jpg","articleSection":["Emprendimiento"],"inLanguage":"es","potentialAction":[{"@type":"CommentAction","name":"Comment","target":["https:\/\/noti-america.com\/site\/repdom\/2026\/03\/09\/el-evento-i-am-every-woman-que-brille-tu-luz-interior-reunio-a-las-voces-mas-influyentes-del-liderazgo-femenino-en-la-republica-dominicana\/#respond"]}]},{"@type":"WebPage","@id":"https:\/\/noti-america.com\/site\/repdom\/2026\/03\/09\/el-evento-i-am-every-woman-que-brille-tu-luz-interior-reunio-a-las-voces-mas-influyentes-del-liderazgo-femenino-en-la-republica-dominicana\/","url":"https:\/\/noti-america.com\/site\/repdom\/2026\/03\/09\/el-evento-i-am-every-woman-que-brille-tu-luz-interior-reunio-a-las-voces-mas-influyentes-del-liderazgo-femenino-en-la-republica-dominicana\/","name":"\u200bEl evento \"I Am Every Woman: Que brille tu luz interior\" reuni\u00f3 a las voces m\u00e1s influyentes del liderazgo femenino en la Rep\u00fablica Dominicana - Rep. Dominicana | Noti-America.com","isPartOf":{"@id":"https:\/\/noti-america.com\/site\/repdom\/#website"},"primaryImageOfPage":{"@id":"https:\/\/noti-america.com\/site\/repdom\/2026\/03\/09\/el-evento-i-am-every-woman-que-brille-tu-luz-interior-reunio-a-las-voces-mas-influyentes-del-liderazgo-femenino-en-la-republica-dominicana\/#primaryimage"},"image":{"@id":"https:\/\/noti-america.com\/site\/repdom\/2026\/03\/09\/el-evento-i-am-every-woman-que-brille-tu-luz-interior-reunio-a-las-voces-mas-influyentes-del-liderazgo-femenino-en-la-republica-dominicana\/#primaryimage"},"thumbnailUrl":"https:\/\/noti-america.com\/site\/repdom\/wp-content\/uploads\/sites\/6\/2026\/03\/IMG-20260308-WA0021.jpg","datePublished":"2026-03-09T01:22:16+00:00","breadcrumb":{"@id":"https:\/\/noti-america.com\/site\/repdom\/2026\/03\/09\/el-evento-i-am-every-woman-que-brille-tu-luz-interior-reunio-a-las-voces-mas-influyentes-del-liderazgo-femenino-en-la-republica-dominicana\/#breadcrumb"},"inLanguage":"es","potentialAction":[{"@type":"ReadAction","target":["https:\/\/noti-america.com\/site\/repdom\/2026\/03\/09\/el-evento-i-am-every-woman-que-brille-tu-luz-interior-reunio-a-las-voces-mas-influyentes-del-liderazgo-femenino-en-la-republica-dominicana\/"]}]},{"@type":"ImageObject","inLanguage":"es","@id":"https:\/\/noti-america.com\/site\/repdom\/2026\/03\/09\/el-evento-i-am-every-woman-que-brille-tu-luz-interior-reunio-a-las-voces-mas-influyentes-del-liderazgo-femenino-en-la-republica-dominicana\/#primaryimage","url":"https:\/\/noti-america.com\/site\/repdom\/wp-content\/uploads\/sites\/6\/2026\/03\/IMG-20260308-WA0021.jpg","contentUrl":"https:\/\/noti-america.com\/site\/repdom\/wp-content\/uploads\/sites\/6\/2026\/03\/IMG-20260308-WA0021.jpg","width":1392,"height":928},{"@type":"BreadcrumbList","@id":"https:\/\/noti-america.com\/site\/repdom\/2026\/03\/09\/el-evento-i-am-every-woman-que-brille-tu-luz-interior-reunio-a-las-voces-mas-influyentes-del-liderazgo-femenino-en-la-republica-dominicana\/#breadcrumb","itemListElement":[{"@type":"ListItem","position":1,"name":"Portada","item":"https:\/\/noti-america.com\/site\/repdom\/"},{"@type":"ListItem","position":2,"name":"\u200bEl evento \u00abI Am Every Woman: Que brille tu luz interior\u00bb reuni\u00f3 a las voces m\u00e1s influyentes del liderazgo femenino en la Rep\u00fablica Dominicana"}]},{"@type":"WebSite","@id":"https:\/\/noti-america.com\/site\/repdom\/#website","url":"https:\/\/noti-america.com\/site\/repdom\/","name":"Rep. Dominicana | Noti-America.com","description":"","publisher":{"@id":"https:\/\/noti-america.com\/site\/repdom\/#organization"},"potentialAction":[{"@type":"SearchAction","target":{"@type":"EntryPoint","urlTemplate":"https:\/\/noti-america.com\/site\/repdom\/?s={search_term_string}"},"query-input":{"@type":"PropertyValueSpecification","valueRequired":true,"valueName":"search_term_string"}}],"inLanguage":"es"},{"@type":"Organization","@id":"https:\/\/noti-america.com\/site\/repdom\/#organization","name":"Noti-America LLC | Rep\u00fablica Dominicana","url":"https:\/\/noti-america.com\/site\/repdom\/","logo":{"@type":"ImageObject","inLanguage":"es","@id":"https:\/\/noti-america.com\/site\/repdom\/#\/schema\/logo\/image\/","url":"https:\/\/noti-america.com\/site\/repdom\/wp-content\/uploads\/sites\/6\/2020\/07\/LogoNA-4x3-1.jpg","contentUrl":"https:\/\/noti-america.com\/site\/repdom\/wp-content\/uploads\/sites\/6\/2020\/07\/LogoNA-4x3-1.jpg","width":1236,"height":1080,"caption":"Noti-America LLC | Rep\u00fablica Dominicana"},"image":{"@id":"https:\/\/noti-america.com\/site\/repdom\/#\/schema\/logo\/image\/"}},{"@type":"Person","@id":"https:\/\/noti-america.com\/site\/repdom\/#\/schema\/person\/e13880b4308eea6926b271284605ef72","name":"CAMH","image":{"@type":"ImageObject","inLanguage":"es","@id":"https:\/\/secure.gravatar.com\/avatar\/82aa99c723cbed2b304797bc218a5542b5a94d7f5d0ba3b39650aef53c28ecf5?s=96&d=mm&r=g","url":"https:\/\/secure.gravatar.com\/avatar\/82aa99c723cbed2b304797bc218a5542b5a94d7f5d0ba3b39650aef53c28ecf5?s=96&d=mm&r=g","contentUrl":"https:\/\/secure.gravatar.com\/avatar\/82aa99c723cbed2b304797bc218a5542b5a94d7f5d0ba3b39650aef53c28ecf5?s=96&d=mm&r=g","caption":"CAMH"},"url":"https:\/\/noti-america.com\/site\/repdom\/author\/cmitchell\/"}]}},"_links":{"self":[{"href":"https:\/\/noti-america.com\/site\/repdom\/wp-json\/wp\/v2\/posts\/37381","targetHints":{"allow":["GET"]}}],"collection":[{"href":"https:\/\/noti-america.com\/site\/repdom\/wp-json\/wp\/v2\/posts"}],"about":[{"href":"https:\/\/noti-america.com\/site\/repdom\/wp-json\/wp\/v2\/types\/post"}],"author":[{"embeddable":true,"href":"https:\/\/noti-america.com\/site\/repdom\/wp-json\/wp\/v2\/users\/87"}],"replies":[{"embeddable":true,"href":"https:\/\/noti-america.com\/site\/repdom\/wp-json\/wp\/v2\/comments?post=37381"}],"version-history":[{"count":1,"href":"https:\/\/noti-america.com\/site\/repdom\/wp-json\/wp\/v2\/posts\/37381\/revisions"}],"predecessor-version":[{"id":37383,"href":"https:\/\/noti-america.com\/site\/repdom\/wp-json\/wp\/v2\/posts\/37381\/revisions\/37383"}],"wp:featuredmedia":[{"embeddable":true,"href":"https:\/\/noti-america.com\/site\/repdom\/wp-json\/wp\/v2\/media\/37382"}],"wp:attachment":[{"href":"https:\/\/noti-america.com\/site\/repdom\/wp-json\/wp\/v2\/media?parent=37381"}],"wp:term":[{"taxonomy":"category","embeddable":true,"href":"https:\/\/noti-america.com\/site\/repdom\/wp-json\/wp\/v2\/categories?post=37381"},{"taxonomy":"post_tag","embeddable":true,"href":"https:\/\/noti-america.com\/site\/repdom\/wp-json\/wp\/v2\/tags?post=37381"}],"curies":[{"name":"wp","href":"https:\/\/api.w.org\/{rel}","templated":true}]}}