{"id":37152,"date":"2026-02-21T18:10:13","date_gmt":"2026-02-21T18:10:13","guid":{"rendered":"https:\/\/noti-america.com\/site\/repdom\/?p=37152"},"modified":"2026-02-21T18:10:13","modified_gmt":"2026-02-21T18:10:13","slug":"i-am-every-woman-un-encuentro-para-celebrar-el-poder-y-la-diversidad-de-las-historias-femeninas","status":"publish","type":"post","link":"https:\/\/noti-america.com\/site\/repdom\/2026\/02\/21\/i-am-every-woman-un-encuentro-para-celebrar-el-poder-y-la-diversidad-de-las-historias-femeninas\/","title":{"rendered":"\u200b\u201cI Am Every Woman\u201d: Un encuentro para celebrar el poder y la diversidad de las historias femeninas"},"content":{"rendered":"<p><strong>NotiAm\u00e9rica Rep\u00fablica Dominicana\u00a0<\/strong><br \/>\n<strong>Santo Domingo,RD<\/strong><\/p>\n<p>&nbsp;<\/p>\n<p style=\"text-align: justify\">Con el objetivo de visibilizar el liderazgo y la resiliencia de la mujer dominicana en sus distintas facetas, llega el evento \u201cI Am Every Woman\u201d, un espacio dise\u00f1ado para conectar, inspirar y potenciar el crecimiento femenino a trav\u00e9s del testimonio de figuras destacadas en diversas \u00e1reas.<\/p>\n<p style=\"text-align: justify\">\u200bEl encuentro, que se perfila como una plataforma de empoderamiento sin precedentes, cuenta con la producci\u00f3n de Nelsy P\u00e9rez Matos, CEO de la comunidad Mujeres Marketeras, y Bianna Pe\u00f1a Rubio, CEO de An Inspiring Mom. Ambas l\u00edderes han unido sus comunidades de conexi\u00f3n para crear un ecosistema donde el intercambio de experiencias sea el motor del \u00e9xito personal y profesional.<\/p>\n<p>\u200bUn espacio de conexi\u00f3n real<br \/>\n\u200bBajo la premisa de que \u00abcada mujer lleva una luz interior\u00bb, I Am Every Woman busca romper moldes y mostrar la realidad detr\u00e1s del \u00e9xito en diferentes aristas: desde los negocios y el marketing hasta la gesti\u00f3n de la vida familiar y el impacto social.<br \/>\n\u200b\u201cQueremos que cada asistente se reconozca en las historias que compartiremos. No se trata solo de \u00e9xito, sino de la trayectoria, los retos y la fuerza necesaria para superarlos\u201d, expresaron las organizadoras.<\/p>\n<p>\u200bDetalles del evento<br \/>\n\u200bFecha: 6 de marzo.<br \/>\n\u200bHorario: 1:00 PM a 7:00 PM.<br \/>\n\u200bLugar: Auditorio del Centro Cultural Indotel, Zona Colonial.<br \/>\n\u200bAnfitrionas: Nelsy P\u00e9rez Matos y Bianna Pe\u00f1a Rubio.<\/p>\n<p>\u200bEl evento contar\u00e1 con un panel de mujeres destacadas (cuyos nombres se ir\u00e1n revelando pr\u00f3ximamente), din\u00e1micas de networking y herramientas pr\u00e1cticas para el crecimiento integral.<\/p>\n<p>\u200b<strong>Sobre las productoras<\/strong><br \/>\n\u200bMujeres Marketeras (Nelsy P\u00e9rez Matos): Una comunidad pionera en la inclusividad dedicada al crecimiento de mujeres en el sector del marketing, la comunicaci\u00f3n y los negocios.<br \/>\n\u200bAn Inspiring Mom (Bianna Pe\u00f1a Rubio): Una plataforma que conecta a madres emprendedoras y profesionales, buscando el equilibrio entre el prop\u00f3sito personal y la crianza.<\/p>\n","protected":false},"excerpt":{"rendered":"<p>NotiAm\u00e9rica Rep\u00fablica Dominicana\u00a0 Santo Domingo,RD &nbsp; Con el objetivo de visibilizar el liderazgo y la resiliencia de la mujer dominicana en sus distintas facetas, llega el evento \u201cI Am Every Woman\u201d, un espacio dise\u00f1ado&#46;&#46;&#46;<\/p>\n","protected":false},"author":87,"featured_media":37153,"comment_status":"open","ping_status":"open","sticky":false,"template":"","format":"image","meta":{"_acf_changed":false,"rop_custom_images_group":[],"rop_custom_messages_group":[],"rop_publish_now":"initial","rop_publish_now_accounts":[],"rop_publish_now_history":[],"rop_publish_now_status":"pending","footnotes":""},"categories":[162],"tags":[],"class_list":["post-37152","post","type-post","status-publish","format-image","has-post-thumbnail","hentry","category-emprendimiento","post_format-post-format-image"],"acf":[],"yoast_head":"<!-- This site is optimized with the Yoast SEO Premium plugin v24.9 (Yoast SEO v27.2) - https:\/\/yoast.com\/product\/yoast-seo-premium-wordpress\/ -->\n<title>\u200b\u201cI Am Every Woman\u201d: Un encuentro para celebrar el poder y la diversidad de las historias femeninas - Rep. Dominicana | Noti-America.com<\/title>\n<meta name=\"robots\" content=\"index, follow, max-snippet:-1, max-image-preview:large, max-video-preview:-1\" \/>\n<link rel=\"canonical\" href=\"https:\/\/noti-america.com\/site\/repdom\/2026\/02\/21\/i-am-every-woman-un-encuentro-para-celebrar-el-poder-y-la-diversidad-de-las-historias-femeninas\/\" \/>\n<meta property=\"og:locale\" content=\"es_ES\" \/>\n<meta property=\"og:type\" content=\"article\" \/>\n<meta property=\"og:title\" content=\"\u200b\u201cI Am Every Woman\u201d: Un encuentro para celebrar el poder y la diversidad de las historias femeninas\" \/>\n<meta property=\"og:description\" content=\"NotiAm\u00e9rica Rep\u00fablica Dominicana\u00a0 Santo Domingo,RD &nbsp; Con el objetivo de visibilizar el liderazgo y la resiliencia de la mujer dominicana en sus distintas facetas, llega el evento \u201cI Am Every Woman\u201d, un espacio dise\u00f1ado&#046;&#046;&#046;\" \/>\n<meta property=\"og:url\" content=\"https:\/\/noti-america.com\/site\/repdom\/2026\/02\/21\/i-am-every-woman-un-encuentro-para-celebrar-el-poder-y-la-diversidad-de-las-historias-femeninas\/\" \/>\n<meta property=\"og:site_name\" content=\"Rep. Dominicana | Noti-America.com\" \/>\n<meta property=\"article:published_time\" content=\"2026-02-21T18:10:13+00:00\" \/>\n<meta property=\"og:image\" content=\"https:\/\/noti-america.com\/site\/repdom\/wp-content\/uploads\/sites\/6\/2026\/02\/IMG-20260221-WA0026.jpg\" \/>\n\t<meta property=\"og:image:width\" content=\"1200\" \/>\n\t<meta property=\"og:image:height\" content=\"1600\" \/>\n\t<meta property=\"og:image:type\" content=\"image\/jpeg\" \/>\n<meta name=\"author\" content=\"CAMH\" \/>\n<meta name=\"twitter:card\" content=\"summary_large_image\" \/>\n<meta name=\"twitter:label1\" content=\"Escrito por\" \/>\n\t<meta name=\"twitter:data1\" content=\"CAMH\" \/>\n\t<meta name=\"twitter:label2\" content=\"Tiempo estimado de lectura\" \/>\n\t<meta name=\"twitter:data2\" content=\"2 minutos\" \/>\n<script type=\"application\/ld+json\" class=\"yoast-schema-graph\">{\"@context\":\"https:\/\/schema.org\",\"@graph\":[{\"@type\":\"Article\",\"@id\":\"https:\/\/noti-america.com\/site\/repdom\/2026\/02\/21\/i-am-every-woman-un-encuentro-para-celebrar-el-poder-y-la-diversidad-de-las-historias-femeninas\/#article\",\"isPartOf\":{\"@id\":\"https:\/\/noti-america.com\/site\/repdom\/2026\/02\/21\/i-am-every-woman-un-encuentro-para-celebrar-el-poder-y-la-diversidad-de-las-historias-femeninas\/\"},\"author\":{\"name\":\"CAMH\",\"@id\":\"https:\/\/noti-america.com\/site\/repdom\/#\/schema\/person\/e13880b4308eea6926b271284605ef72\"},\"headline\":\"\u200b\u201cI Am Every Woman\u201d: Un encuentro para celebrar el poder y la diversidad de las historias femeninas\",\"datePublished\":\"2026-02-21T18:10:13+00:00\",\"mainEntityOfPage\":{\"@id\":\"https:\/\/noti-america.com\/site\/repdom\/2026\/02\/21\/i-am-every-woman-un-encuentro-para-celebrar-el-poder-y-la-diversidad-de-las-historias-femeninas\/\"},\"wordCount\":339,\"commentCount\":0,\"publisher\":{\"@id\":\"https:\/\/noti-america.com\/site\/repdom\/#organization\"},\"image\":{\"@id\":\"https:\/\/noti-america.com\/site\/repdom\/2026\/02\/21\/i-am-every-woman-un-encuentro-para-celebrar-el-poder-y-la-diversidad-de-las-historias-femeninas\/#primaryimage\"},\"thumbnailUrl\":\"https:\/\/noti-america.com\/site\/repdom\/wp-content\/uploads\/sites\/6\/2026\/02\/IMG-20260221-WA0026.jpg\",\"articleSection\":[\"Emprendimiento\"],\"inLanguage\":\"es\",\"potentialAction\":[{\"@type\":\"CommentAction\",\"name\":\"Comment\",\"target\":[\"https:\/\/noti-america.com\/site\/repdom\/2026\/02\/21\/i-am-every-woman-un-encuentro-para-celebrar-el-poder-y-la-diversidad-de-las-historias-femeninas\/#respond\"]}]},{\"@type\":\"WebPage\",\"@id\":\"https:\/\/noti-america.com\/site\/repdom\/2026\/02\/21\/i-am-every-woman-un-encuentro-para-celebrar-el-poder-y-la-diversidad-de-las-historias-femeninas\/\",\"url\":\"https:\/\/noti-america.com\/site\/repdom\/2026\/02\/21\/i-am-every-woman-un-encuentro-para-celebrar-el-poder-y-la-diversidad-de-las-historias-femeninas\/\",\"name\":\"\u200b\u201cI Am Every Woman\u201d: Un encuentro para celebrar el poder y la diversidad de las historias femeninas - Rep. Dominicana | Noti-America.com\",\"isPartOf\":{\"@id\":\"https:\/\/noti-america.com\/site\/repdom\/#website\"},\"primaryImageOfPage\":{\"@id\":\"https:\/\/noti-america.com\/site\/repdom\/2026\/02\/21\/i-am-every-woman-un-encuentro-para-celebrar-el-poder-y-la-diversidad-de-las-historias-femeninas\/#primaryimage\"},\"image\":{\"@id\":\"https:\/\/noti-america.com\/site\/repdom\/2026\/02\/21\/i-am-every-woman-un-encuentro-para-celebrar-el-poder-y-la-diversidad-de-las-historias-femeninas\/#primaryimage\"},\"thumbnailUrl\":\"https:\/\/noti-america.com\/site\/repdom\/wp-content\/uploads\/sites\/6\/2026\/02\/IMG-20260221-WA0026.jpg\",\"datePublished\":\"2026-02-21T18:10:13+00:00\",\"breadcrumb\":{\"@id\":\"https:\/\/noti-america.com\/site\/repdom\/2026\/02\/21\/i-am-every-woman-un-encuentro-para-celebrar-el-poder-y-la-diversidad-de-las-historias-femeninas\/#breadcrumb\"},\"inLanguage\":\"es\",\"potentialAction\":[{\"@type\":\"ReadAction\",\"target\":[\"https:\/\/noti-america.com\/site\/repdom\/2026\/02\/21\/i-am-every-woman-un-encuentro-para-celebrar-el-poder-y-la-diversidad-de-las-historias-femeninas\/\"]}]},{\"@type\":\"ImageObject\",\"inLanguage\":\"es\",\"@id\":\"https:\/\/noti-america.com\/site\/repdom\/2026\/02\/21\/i-am-every-woman-un-encuentro-para-celebrar-el-poder-y-la-diversidad-de-las-historias-femeninas\/#primaryimage\",\"url\":\"https:\/\/noti-america.com\/site\/repdom\/wp-content\/uploads\/sites\/6\/2026\/02\/IMG-20260221-WA0026.jpg\",\"contentUrl\":\"https:\/\/noti-america.com\/site\/repdom\/wp-content\/uploads\/sites\/6\/2026\/02\/IMG-20260221-WA0026.jpg\",\"width\":1200,\"height\":1600},{\"@type\":\"BreadcrumbList\",\"@id\":\"https:\/\/noti-america.com\/site\/repdom\/2026\/02\/21\/i-am-every-woman-un-encuentro-para-celebrar-el-poder-y-la-diversidad-de-las-historias-femeninas\/#breadcrumb\",\"itemListElement\":[{\"@type\":\"ListItem\",\"position\":1,\"name\":\"Portada\",\"item\":\"https:\/\/noti-america.com\/site\/repdom\/\"},{\"@type\":\"ListItem\",\"position\":2,\"name\":\"\u200b\u201cI Am Every Woman\u201d: Un encuentro para celebrar el poder y la diversidad de las historias femeninas\"}]},{\"@type\":\"WebSite\",\"@id\":\"https:\/\/noti-america.com\/site\/repdom\/#website\",\"url\":\"https:\/\/noti-america.com\/site\/repdom\/\",\"name\":\"Rep. Dominicana | Noti-America.com\",\"description\":\"\",\"publisher\":{\"@id\":\"https:\/\/noti-america.com\/site\/repdom\/#organization\"},\"potentialAction\":[{\"@type\":\"SearchAction\",\"target\":{\"@type\":\"EntryPoint\",\"urlTemplate\":\"https:\/\/noti-america.com\/site\/repdom\/?s={search_term_string}\"},\"query-input\":{\"@type\":\"PropertyValueSpecification\",\"valueRequired\":true,\"valueName\":\"search_term_string\"}}],\"inLanguage\":\"es\"},{\"@type\":\"Organization\",\"@id\":\"https:\/\/noti-america.com\/site\/repdom\/#organization\",\"name\":\"Noti-America LLC | Rep\u00fablica Dominicana\",\"url\":\"https:\/\/noti-america.com\/site\/repdom\/\",\"logo\":{\"@type\":\"ImageObject\",\"inLanguage\":\"es\",\"@id\":\"https:\/\/noti-america.com\/site\/repdom\/#\/schema\/logo\/image\/\",\"url\":\"https:\/\/noti-america.com\/site\/repdom\/wp-content\/uploads\/sites\/6\/2020\/07\/LogoNA-4x3-1.jpg\",\"contentUrl\":\"https:\/\/noti-america.com\/site\/repdom\/wp-content\/uploads\/sites\/6\/2020\/07\/LogoNA-4x3-1.jpg\",\"width\":1236,\"height\":1080,\"caption\":\"Noti-America LLC | Rep\u00fablica Dominicana\"},\"image\":{\"@id\":\"https:\/\/noti-america.com\/site\/repdom\/#\/schema\/logo\/image\/\"}},{\"@type\":\"Person\",\"@id\":\"https:\/\/noti-america.com\/site\/repdom\/#\/schema\/person\/e13880b4308eea6926b271284605ef72\",\"name\":\"CAMH\",\"image\":{\"@type\":\"ImageObject\",\"inLanguage\":\"es\",\"@id\":\"https:\/\/secure.gravatar.com\/avatar\/82aa99c723cbed2b304797bc218a5542b5a94d7f5d0ba3b39650aef53c28ecf5?s=96&d=mm&r=g\",\"url\":\"https:\/\/secure.gravatar.com\/avatar\/82aa99c723cbed2b304797bc218a5542b5a94d7f5d0ba3b39650aef53c28ecf5?s=96&d=mm&r=g\",\"contentUrl\":\"https:\/\/secure.gravatar.com\/avatar\/82aa99c723cbed2b304797bc218a5542b5a94d7f5d0ba3b39650aef53c28ecf5?s=96&d=mm&r=g\",\"caption\":\"CAMH\"},\"url\":\"https:\/\/noti-america.com\/site\/repdom\/author\/cmitchell\/\"}]}<\/script>\n<!-- \/ Yoast SEO Premium plugin. -->","yoast_head_json":{"title":"\u200b\u201cI Am Every Woman\u201d: Un encuentro para celebrar el poder y la diversidad de las historias femeninas - Rep. Dominicana | Noti-America.com","robots":{"index":"index","follow":"follow","max-snippet":"max-snippet:-1","max-image-preview":"max-image-preview:large","max-video-preview":"max-video-preview:-1"},"canonical":"https:\/\/noti-america.com\/site\/repdom\/2026\/02\/21\/i-am-every-woman-un-encuentro-para-celebrar-el-poder-y-la-diversidad-de-las-historias-femeninas\/","og_locale":"es_ES","og_type":"article","og_title":"\u200b\u201cI Am Every Woman\u201d: Un encuentro para celebrar el poder y la diversidad de las historias femeninas","og_description":"NotiAm\u00e9rica Rep\u00fablica Dominicana\u00a0 Santo Domingo,RD &nbsp; Con el objetivo de visibilizar el liderazgo y la resiliencia de la mujer dominicana en sus distintas facetas, llega el evento \u201cI Am Every Woman\u201d, un espacio dise\u00f1ado&#46;&#46;&#46;","og_url":"https:\/\/noti-america.com\/site\/repdom\/2026\/02\/21\/i-am-every-woman-un-encuentro-para-celebrar-el-poder-y-la-diversidad-de-las-historias-femeninas\/","og_site_name":"Rep. Dominicana | Noti-America.com","article_published_time":"2026-02-21T18:10:13+00:00","og_image":[{"width":1200,"height":1600,"url":"https:\/\/noti-america.com\/site\/repdom\/wp-content\/uploads\/sites\/6\/2026\/02\/IMG-20260221-WA0026.jpg","type":"image\/jpeg"}],"author":"CAMH","twitter_card":"summary_large_image","twitter_misc":{"Escrito por":"CAMH","Tiempo estimado de lectura":"2 minutos"},"schema":{"@context":"https:\/\/schema.org","@graph":[{"@type":"Article","@id":"https:\/\/noti-america.com\/site\/repdom\/2026\/02\/21\/i-am-every-woman-un-encuentro-para-celebrar-el-poder-y-la-diversidad-de-las-historias-femeninas\/#article","isPartOf":{"@id":"https:\/\/noti-america.com\/site\/repdom\/2026\/02\/21\/i-am-every-woman-un-encuentro-para-celebrar-el-poder-y-la-diversidad-de-las-historias-femeninas\/"},"author":{"name":"CAMH","@id":"https:\/\/noti-america.com\/site\/repdom\/#\/schema\/person\/e13880b4308eea6926b271284605ef72"},"headline":"\u200b\u201cI Am Every Woman\u201d: Un encuentro para celebrar el poder y la diversidad de las historias femeninas","datePublished":"2026-02-21T18:10:13+00:00","mainEntityOfPage":{"@id":"https:\/\/noti-america.com\/site\/repdom\/2026\/02\/21\/i-am-every-woman-un-encuentro-para-celebrar-el-poder-y-la-diversidad-de-las-historias-femeninas\/"},"wordCount":339,"commentCount":0,"publisher":{"@id":"https:\/\/noti-america.com\/site\/repdom\/#organization"},"image":{"@id":"https:\/\/noti-america.com\/site\/repdom\/2026\/02\/21\/i-am-every-woman-un-encuentro-para-celebrar-el-poder-y-la-diversidad-de-las-historias-femeninas\/#primaryimage"},"thumbnailUrl":"https:\/\/noti-america.com\/site\/repdom\/wp-content\/uploads\/sites\/6\/2026\/02\/IMG-20260221-WA0026.jpg","articleSection":["Emprendimiento"],"inLanguage":"es","potentialAction":[{"@type":"CommentAction","name":"Comment","target":["https:\/\/noti-america.com\/site\/repdom\/2026\/02\/21\/i-am-every-woman-un-encuentro-para-celebrar-el-poder-y-la-diversidad-de-las-historias-femeninas\/#respond"]}]},{"@type":"WebPage","@id":"https:\/\/noti-america.com\/site\/repdom\/2026\/02\/21\/i-am-every-woman-un-encuentro-para-celebrar-el-poder-y-la-diversidad-de-las-historias-femeninas\/","url":"https:\/\/noti-america.com\/site\/repdom\/2026\/02\/21\/i-am-every-woman-un-encuentro-para-celebrar-el-poder-y-la-diversidad-de-las-historias-femeninas\/","name":"\u200b\u201cI Am Every Woman\u201d: Un encuentro para celebrar el poder y la diversidad de las historias femeninas - Rep. Dominicana | Noti-America.com","isPartOf":{"@id":"https:\/\/noti-america.com\/site\/repdom\/#website"},"primaryImageOfPage":{"@id":"https:\/\/noti-america.com\/site\/repdom\/2026\/02\/21\/i-am-every-woman-un-encuentro-para-celebrar-el-poder-y-la-diversidad-de-las-historias-femeninas\/#primaryimage"},"image":{"@id":"https:\/\/noti-america.com\/site\/repdom\/2026\/02\/21\/i-am-every-woman-un-encuentro-para-celebrar-el-poder-y-la-diversidad-de-las-historias-femeninas\/#primaryimage"},"thumbnailUrl":"https:\/\/noti-america.com\/site\/repdom\/wp-content\/uploads\/sites\/6\/2026\/02\/IMG-20260221-WA0026.jpg","datePublished":"2026-02-21T18:10:13+00:00","breadcrumb":{"@id":"https:\/\/noti-america.com\/site\/repdom\/2026\/02\/21\/i-am-every-woman-un-encuentro-para-celebrar-el-poder-y-la-diversidad-de-las-historias-femeninas\/#breadcrumb"},"inLanguage":"es","potentialAction":[{"@type":"ReadAction","target":["https:\/\/noti-america.com\/site\/repdom\/2026\/02\/21\/i-am-every-woman-un-encuentro-para-celebrar-el-poder-y-la-diversidad-de-las-historias-femeninas\/"]}]},{"@type":"ImageObject","inLanguage":"es","@id":"https:\/\/noti-america.com\/site\/repdom\/2026\/02\/21\/i-am-every-woman-un-encuentro-para-celebrar-el-poder-y-la-diversidad-de-las-historias-femeninas\/#primaryimage","url":"https:\/\/noti-america.com\/site\/repdom\/wp-content\/uploads\/sites\/6\/2026\/02\/IMG-20260221-WA0026.jpg","contentUrl":"https:\/\/noti-america.com\/site\/repdom\/wp-content\/uploads\/sites\/6\/2026\/02\/IMG-20260221-WA0026.jpg","width":1200,"height":1600},{"@type":"BreadcrumbList","@id":"https:\/\/noti-america.com\/site\/repdom\/2026\/02\/21\/i-am-every-woman-un-encuentro-para-celebrar-el-poder-y-la-diversidad-de-las-historias-femeninas\/#breadcrumb","itemListElement":[{"@type":"ListItem","position":1,"name":"Portada","item":"https:\/\/noti-america.com\/site\/repdom\/"},{"@type":"ListItem","position":2,"name":"\u200b\u201cI Am Every Woman\u201d: Un encuentro para celebrar el poder y la diversidad de las historias femeninas"}]},{"@type":"WebSite","@id":"https:\/\/noti-america.com\/site\/repdom\/#website","url":"https:\/\/noti-america.com\/site\/repdom\/","name":"Rep. Dominicana | Noti-America.com","description":"","publisher":{"@id":"https:\/\/noti-america.com\/site\/repdom\/#organization"},"potentialAction":[{"@type":"SearchAction","target":{"@type":"EntryPoint","urlTemplate":"https:\/\/noti-america.com\/site\/repdom\/?s={search_term_string}"},"query-input":{"@type":"PropertyValueSpecification","valueRequired":true,"valueName":"search_term_string"}}],"inLanguage":"es"},{"@type":"Organization","@id":"https:\/\/noti-america.com\/site\/repdom\/#organization","name":"Noti-America LLC | Rep\u00fablica Dominicana","url":"https:\/\/noti-america.com\/site\/repdom\/","logo":{"@type":"ImageObject","inLanguage":"es","@id":"https:\/\/noti-america.com\/site\/repdom\/#\/schema\/logo\/image\/","url":"https:\/\/noti-america.com\/site\/repdom\/wp-content\/uploads\/sites\/6\/2020\/07\/LogoNA-4x3-1.jpg","contentUrl":"https:\/\/noti-america.com\/site\/repdom\/wp-content\/uploads\/sites\/6\/2020\/07\/LogoNA-4x3-1.jpg","width":1236,"height":1080,"caption":"Noti-America LLC | Rep\u00fablica Dominicana"},"image":{"@id":"https:\/\/noti-america.com\/site\/repdom\/#\/schema\/logo\/image\/"}},{"@type":"Person","@id":"https:\/\/noti-america.com\/site\/repdom\/#\/schema\/person\/e13880b4308eea6926b271284605ef72","name":"CAMH","image":{"@type":"ImageObject","inLanguage":"es","@id":"https:\/\/secure.gravatar.com\/avatar\/82aa99c723cbed2b304797bc218a5542b5a94d7f5d0ba3b39650aef53c28ecf5?s=96&d=mm&r=g","url":"https:\/\/secure.gravatar.com\/avatar\/82aa99c723cbed2b304797bc218a5542b5a94d7f5d0ba3b39650aef53c28ecf5?s=96&d=mm&r=g","contentUrl":"https:\/\/secure.gravatar.com\/avatar\/82aa99c723cbed2b304797bc218a5542b5a94d7f5d0ba3b39650aef53c28ecf5?s=96&d=mm&r=g","caption":"CAMH"},"url":"https:\/\/noti-america.com\/site\/repdom\/author\/cmitchell\/"}]}},"_links":{"self":[{"href":"https:\/\/noti-america.com\/site\/repdom\/wp-json\/wp\/v2\/posts\/37152","targetHints":{"allow":["GET"]}}],"collection":[{"href":"https:\/\/noti-america.com\/site\/repdom\/wp-json\/wp\/v2\/posts"}],"about":[{"href":"https:\/\/noti-america.com\/site\/repdom\/wp-json\/wp\/v2\/types\/post"}],"author":[{"embeddable":true,"href":"https:\/\/noti-america.com\/site\/repdom\/wp-json\/wp\/v2\/users\/87"}],"replies":[{"embeddable":true,"href":"https:\/\/noti-america.com\/site\/repdom\/wp-json\/wp\/v2\/comments?post=37152"}],"version-history":[{"count":1,"href":"https:\/\/noti-america.com\/site\/repdom\/wp-json\/wp\/v2\/posts\/37152\/revisions"}],"predecessor-version":[{"id":37154,"href":"https:\/\/noti-america.com\/site\/repdom\/wp-json\/wp\/v2\/posts\/37152\/revisions\/37154"}],"wp:featuredmedia":[{"embeddable":true,"href":"https:\/\/noti-america.com\/site\/repdom\/wp-json\/wp\/v2\/media\/37153"}],"wp:attachment":[{"href":"https:\/\/noti-america.com\/site\/repdom\/wp-json\/wp\/v2\/media?parent=37152"}],"wp:term":[{"taxonomy":"category","embeddable":true,"href":"https:\/\/noti-america.com\/site\/repdom\/wp-json\/wp\/v2\/categories?post=37152"},{"taxonomy":"post_tag","embeddable":true,"href":"https:\/\/noti-america.com\/site\/repdom\/wp-json\/wp\/v2\/tags?post=37152"}],"curies":[{"name":"wp","href":"https:\/\/api.w.org\/{rel}","templated":true}]}}