{"id":36768,"date":"2026-01-15T21:42:23","date_gmt":"2026-01-15T21:42:23","guid":{"rendered":"https:\/\/noti-america.com\/site\/repdom\/?p=36768"},"modified":"2026-01-17T00:17:37","modified_gmt":"2026-01-17T00:17:37","slug":"negociantes-rd-de-sonador-a-dueno-de-negocio-la-conferencia-para-emprendedores-mas-grande-de-la-republica-dominicana","status":"publish","type":"post","link":"https:\/\/noti-america.com\/site\/repdom\/2026\/01\/15\/negociantes-rd-de-sonador-a-dueno-de-negocio-la-conferencia-para-emprendedores-mas-grande-de-la-republica-dominicana\/","title":{"rendered":"Negociantes RD: De So\u00f1ador a Due\u00f1o de Negocio\u201d: La conferencia para emprendedores m\u00e1s grande de la Rep\u00fablica Dominicana."},"content":{"rendered":"<p><img loading=\"lazy\" decoding=\"async\" class=\"alignnone size-medium wp-image-36769\" src=\"https:\/\/noti-america.com\/site\/repdom\/wp-content\/uploads\/sites\/6\/2026\/01\/64811618-08f8-4fc4-a575-1913ec546798-300x169.jpeg\" alt=\"\" width=\"300\" height=\"169\" srcset=\"https:\/\/noti-america.com\/site\/repdom\/wp-content\/uploads\/sites\/6\/2026\/01\/64811618-08f8-4fc4-a575-1913ec546798-300x169.jpeg 300w, https:\/\/noti-america.com\/site\/repdom\/wp-content\/uploads\/sites\/6\/2026\/01\/64811618-08f8-4fc4-a575-1913ec546798-1024x576.jpeg 1024w, https:\/\/noti-america.com\/site\/repdom\/wp-content\/uploads\/sites\/6\/2026\/01\/64811618-08f8-4fc4-a575-1913ec546798-768x432.jpeg 768w, https:\/\/noti-america.com\/site\/repdom\/wp-content\/uploads\/sites\/6\/2026\/01\/64811618-08f8-4fc4-a575-1913ec546798-1536x864.jpeg 1536w, https:\/\/noti-america.com\/site\/repdom\/wp-content\/uploads\/sites\/6\/2026\/01\/64811618-08f8-4fc4-a575-1913ec546798.jpeg 1599w\" sizes=\"auto, (max-width: 300px) 100vw, 300px\" \/><\/p>\n<p><strong>Santo Domingo, Rep\u00fablica Dominicana<\/strong>. \u2013 El pr\u00f3ximo 18 de enero de 2026, el Auditorio Casa San Pablo ser\u00e1 el escenario de \u201c<strong>Negociantes RD: De So\u00f1ador a Due\u00f1o de Negocio\u201d,<\/strong> considerada la conferencia para emprendedores m\u00e1s grande de la Rep\u00fablica Dominicana.<\/p>\n<p>El evento est\u00e1 dise\u00f1ado para inspirar, educar y conectar a emprendedores, due\u00f1os de negocios, mercad\u00f3logos y marcas personales que buscan transformar sus ideas en proyectos rentables y sostenibles.<\/p>\n<p>El encuentro reunir\u00e1 a un destacado grupo de speakers nacionales e internacionales, quienes compartir\u00e1n experiencias reales, estrategias pr\u00e1cticas y aprendizajes clave sobre negocios, liderazgo, marca personal y crecimiento empresarial.<\/p>\n<p>El panel de conferencistas estar\u00e1 conformado por <strong>Scarlet Garc\u00eda (organizadora), Juan Roberto Musa, Jean Carlos Almonte, Yubelkis Peralta, Jenniffer Arias, Sarah Despradel, \u00c1ngela Gonz\u00e1lez y Hensey Vega<\/strong>, quien viajar\u00e1 especialmente desde Colombia para formar parte de esta experiencia transformadora.<\/p>\n<p>\u201cDe So\u00f1ador a Due\u00f1o de Negocio nace con la visi\u00f3n de crear una plataforma donde los emprendedores puedan adquirir herramientas reales, conectar con referentes del ecosistema y dar el siguiente paso en su camino empresarial\u201d, expresaron los organizadores.<\/p>\n<p>La conferencia contar\u00e1 con una capacidad para 1,200 asistentes, promoviendo un ambiente din\u00e1mico de networking, colaboraci\u00f3n y aprendizaje pr\u00e1ctico, alineado con las necesidades actuales del mercado.<\/p>\n<p>El evento cerrar\u00e1 con la primera edici\u00f3n de los Premios Negociantes RD 2026, donde se reconocer\u00e1 a destacadas personalidades del sector p\u00fablico y privado por sus aportes al ecosistema empresarial y emprendedor del pa\u00eds, entre ellos el Dr. Guido G\u00f3mez Mazara, presidente del Consejo Directivo del INDOTEL.<\/p>\n<p>Las boletas est\u00e1n disponibles a trav\u00e9s de la plataforma Boletu.com.<\/p>\n<p>&nbsp;<\/p>\n<p>&nbsp;<\/p>\n<p>.<\/p>\n","protected":false},"excerpt":{"rendered":"<p>Santo Domingo, Rep\u00fablica Dominicana. \u2013 El pr\u00f3ximo 18 de enero de 2026, el Auditorio Casa San Pablo ser\u00e1 el escenario de \u201cNegociantes RD: De So\u00f1ador a Due\u00f1o de Negocio\u201d, considerada la conferencia para emprendedores&#46;&#46;&#46;<\/p>\n","protected":false},"author":96,"featured_media":36769,"comment_status":"open","ping_status":"open","sticky":false,"template":"","format":"standard","meta":{"_acf_changed":false,"rop_custom_images_group":[],"rop_custom_messages_group":[],"rop_publish_now":"initial","rop_publish_now_accounts":[],"rop_publish_now_history":[],"rop_publish_now_status":"pending","footnotes":""},"categories":[277],"tags":[],"class_list":["post-36768","post","type-post","status-publish","format-standard","has-post-thumbnail","hentry","category-acturalidad"],"acf":[],"yoast_head":"<!-- This site is optimized with the Yoast SEO Premium plugin v24.9 (Yoast SEO v27.2) - https:\/\/yoast.com\/product\/yoast-seo-premium-wordpress\/ -->\n<title>Negociantes RD: De So\u00f1ador a Due\u00f1o de Negocio\u201d: La conferencia para emprendedores m\u00e1s grande de la Rep\u00fablica Dominicana. - Rep. Dominicana | Noti-America.com<\/title>\n<meta name=\"robots\" content=\"index, follow, max-snippet:-1, max-image-preview:large, max-video-preview:-1\" \/>\n<link rel=\"canonical\" href=\"https:\/\/noti-america.com\/site\/repdom\/2026\/01\/15\/negociantes-rd-de-sonador-a-dueno-de-negocio-la-conferencia-para-emprendedores-mas-grande-de-la-republica-dominicana\/\" \/>\n<meta property=\"og:locale\" content=\"es_ES\" \/>\n<meta property=\"og:type\" content=\"article\" \/>\n<meta property=\"og:title\" content=\"Negociantes RD: De So\u00f1ador a Due\u00f1o de Negocio\u201d: La conferencia para emprendedores m\u00e1s grande de la Rep\u00fablica Dominicana.\" \/>\n<meta property=\"og:description\" content=\"Santo Domingo, Rep\u00fablica Dominicana. \u2013 El pr\u00f3ximo 18 de enero de 2026, el Auditorio Casa San Pablo ser\u00e1 el escenario de \u201cNegociantes RD: De So\u00f1ador a Due\u00f1o de Negocio\u201d, considerada la conferencia para emprendedores&#046;&#046;&#046;\" \/>\n<meta property=\"og:url\" content=\"https:\/\/noti-america.com\/site\/repdom\/2026\/01\/15\/negociantes-rd-de-sonador-a-dueno-de-negocio-la-conferencia-para-emprendedores-mas-grande-de-la-republica-dominicana\/\" \/>\n<meta property=\"og:site_name\" content=\"Rep. Dominicana | Noti-America.com\" \/>\n<meta property=\"article:author\" content=\"https:\/\/www.facebook.com\/share\/1HVE1qCqVk\/?mibextid=wwXIfr\" \/>\n<meta property=\"article:published_time\" content=\"2026-01-15T21:42:23+00:00\" \/>\n<meta property=\"article:modified_time\" content=\"2026-01-17T00:17:37+00:00\" \/>\n<meta property=\"og:image\" content=\"https:\/\/noti-america.com\/site\/repdom\/wp-content\/uploads\/sites\/6\/2026\/01\/64811618-08f8-4fc4-a575-1913ec546798.jpeg\" \/>\n\t<meta property=\"og:image:width\" content=\"1599\" \/>\n\t<meta property=\"og:image:height\" content=\"899\" \/>\n\t<meta property=\"og:image:type\" content=\"image\/jpeg\" \/>\n<meta name=\"author\" content=\"Miguel Ramirez\" \/>\n<meta name=\"twitter:card\" content=\"summary_large_image\" \/>\n<meta name=\"twitter:label1\" content=\"Escrito por\" \/>\n\t<meta name=\"twitter:data1\" content=\"Miguel Ramirez\" \/>\n\t<meta name=\"twitter:label2\" content=\"Tiempo estimado de lectura\" \/>\n\t<meta name=\"twitter:data2\" content=\"2 minutos\" \/>\n<script type=\"application\/ld+json\" class=\"yoast-schema-graph\">{\"@context\":\"https:\/\/schema.org\",\"@graph\":[{\"@type\":\"Article\",\"@id\":\"https:\/\/noti-america.com\/site\/repdom\/2026\/01\/15\/negociantes-rd-de-sonador-a-dueno-de-negocio-la-conferencia-para-emprendedores-mas-grande-de-la-republica-dominicana\/#article\",\"isPartOf\":{\"@id\":\"https:\/\/noti-america.com\/site\/repdom\/2026\/01\/15\/negociantes-rd-de-sonador-a-dueno-de-negocio-la-conferencia-para-emprendedores-mas-grande-de-la-republica-dominicana\/\"},\"author\":{\"name\":\"Miguel Ramirez\",\"@id\":\"https:\/\/noti-america.com\/site\/repdom\/#\/schema\/person\/8027db7d71a0328e6e4474fa188c6fb3\"},\"headline\":\"Negociantes RD: De So\u00f1ador a Due\u00f1o de Negocio\u201d: La conferencia para emprendedores m\u00e1s grande de la Rep\u00fablica Dominicana.\",\"datePublished\":\"2026-01-15T21:42:23+00:00\",\"dateModified\":\"2026-01-17T00:17:37+00:00\",\"mainEntityOfPage\":{\"@id\":\"https:\/\/noti-america.com\/site\/repdom\/2026\/01\/15\/negociantes-rd-de-sonador-a-dueno-de-negocio-la-conferencia-para-emprendedores-mas-grande-de-la-republica-dominicana\/\"},\"wordCount\":302,\"commentCount\":0,\"publisher\":{\"@id\":\"https:\/\/noti-america.com\/site\/repdom\/#organization\"},\"image\":{\"@id\":\"https:\/\/noti-america.com\/site\/repdom\/2026\/01\/15\/negociantes-rd-de-sonador-a-dueno-de-negocio-la-conferencia-para-emprendedores-mas-grande-de-la-republica-dominicana\/#primaryimage\"},\"thumbnailUrl\":\"https:\/\/noti-america.com\/site\/repdom\/wp-content\/uploads\/sites\/6\/2026\/01\/64811618-08f8-4fc4-a575-1913ec546798.jpeg\",\"articleSection\":[\"Actualidad\"],\"inLanguage\":\"es\",\"potentialAction\":[{\"@type\":\"CommentAction\",\"name\":\"Comment\",\"target\":[\"https:\/\/noti-america.com\/site\/repdom\/2026\/01\/15\/negociantes-rd-de-sonador-a-dueno-de-negocio-la-conferencia-para-emprendedores-mas-grande-de-la-republica-dominicana\/#respond\"]}]},{\"@type\":\"WebPage\",\"@id\":\"https:\/\/noti-america.com\/site\/repdom\/2026\/01\/15\/negociantes-rd-de-sonador-a-dueno-de-negocio-la-conferencia-para-emprendedores-mas-grande-de-la-republica-dominicana\/\",\"url\":\"https:\/\/noti-america.com\/site\/repdom\/2026\/01\/15\/negociantes-rd-de-sonador-a-dueno-de-negocio-la-conferencia-para-emprendedores-mas-grande-de-la-republica-dominicana\/\",\"name\":\"Negociantes RD: De So\u00f1ador a Due\u00f1o de Negocio\u201d: La conferencia para emprendedores m\u00e1s grande de la Rep\u00fablica Dominicana. - Rep. Dominicana | Noti-America.com\",\"isPartOf\":{\"@id\":\"https:\/\/noti-america.com\/site\/repdom\/#website\"},\"primaryImageOfPage\":{\"@id\":\"https:\/\/noti-america.com\/site\/repdom\/2026\/01\/15\/negociantes-rd-de-sonador-a-dueno-de-negocio-la-conferencia-para-emprendedores-mas-grande-de-la-republica-dominicana\/#primaryimage\"},\"image\":{\"@id\":\"https:\/\/noti-america.com\/site\/repdom\/2026\/01\/15\/negociantes-rd-de-sonador-a-dueno-de-negocio-la-conferencia-para-emprendedores-mas-grande-de-la-republica-dominicana\/#primaryimage\"},\"thumbnailUrl\":\"https:\/\/noti-america.com\/site\/repdom\/wp-content\/uploads\/sites\/6\/2026\/01\/64811618-08f8-4fc4-a575-1913ec546798.jpeg\",\"datePublished\":\"2026-01-15T21:42:23+00:00\",\"dateModified\":\"2026-01-17T00:17:37+00:00\",\"breadcrumb\":{\"@id\":\"https:\/\/noti-america.com\/site\/repdom\/2026\/01\/15\/negociantes-rd-de-sonador-a-dueno-de-negocio-la-conferencia-para-emprendedores-mas-grande-de-la-republica-dominicana\/#breadcrumb\"},\"inLanguage\":\"es\",\"potentialAction\":[{\"@type\":\"ReadAction\",\"target\":[\"https:\/\/noti-america.com\/site\/repdom\/2026\/01\/15\/negociantes-rd-de-sonador-a-dueno-de-negocio-la-conferencia-para-emprendedores-mas-grande-de-la-republica-dominicana\/\"]}]},{\"@type\":\"ImageObject\",\"inLanguage\":\"es\",\"@id\":\"https:\/\/noti-america.com\/site\/repdom\/2026\/01\/15\/negociantes-rd-de-sonador-a-dueno-de-negocio-la-conferencia-para-emprendedores-mas-grande-de-la-republica-dominicana\/#primaryimage\",\"url\":\"https:\/\/noti-america.com\/site\/repdom\/wp-content\/uploads\/sites\/6\/2026\/01\/64811618-08f8-4fc4-a575-1913ec546798.jpeg\",\"contentUrl\":\"https:\/\/noti-america.com\/site\/repdom\/wp-content\/uploads\/sites\/6\/2026\/01\/64811618-08f8-4fc4-a575-1913ec546798.jpeg\",\"width\":1599,\"height\":899},{\"@type\":\"BreadcrumbList\",\"@id\":\"https:\/\/noti-america.com\/site\/repdom\/2026\/01\/15\/negociantes-rd-de-sonador-a-dueno-de-negocio-la-conferencia-para-emprendedores-mas-grande-de-la-republica-dominicana\/#breadcrumb\",\"itemListElement\":[{\"@type\":\"ListItem\",\"position\":1,\"name\":\"Portada\",\"item\":\"https:\/\/noti-america.com\/site\/repdom\/\"},{\"@type\":\"ListItem\",\"position\":2,\"name\":\"Negociantes RD: De So\u00f1ador a Due\u00f1o de Negocio\u201d: La conferencia para emprendedores m\u00e1s grande de la Rep\u00fablica Dominicana.\"}]},{\"@type\":\"WebSite\",\"@id\":\"https:\/\/noti-america.com\/site\/repdom\/#website\",\"url\":\"https:\/\/noti-america.com\/site\/repdom\/\",\"name\":\"Rep. Dominicana | Noti-America.com\",\"description\":\"\",\"publisher\":{\"@id\":\"https:\/\/noti-america.com\/site\/repdom\/#organization\"},\"potentialAction\":[{\"@type\":\"SearchAction\",\"target\":{\"@type\":\"EntryPoint\",\"urlTemplate\":\"https:\/\/noti-america.com\/site\/repdom\/?s={search_term_string}\"},\"query-input\":{\"@type\":\"PropertyValueSpecification\",\"valueRequired\":true,\"valueName\":\"search_term_string\"}}],\"inLanguage\":\"es\"},{\"@type\":\"Organization\",\"@id\":\"https:\/\/noti-america.com\/site\/repdom\/#organization\",\"name\":\"Noti-America LLC | Rep\u00fablica Dominicana\",\"url\":\"https:\/\/noti-america.com\/site\/repdom\/\",\"logo\":{\"@type\":\"ImageObject\",\"inLanguage\":\"es\",\"@id\":\"https:\/\/noti-america.com\/site\/repdom\/#\/schema\/logo\/image\/\",\"url\":\"https:\/\/noti-america.com\/site\/repdom\/wp-content\/uploads\/sites\/6\/2020\/07\/LogoNA-4x3-1.jpg\",\"contentUrl\":\"https:\/\/noti-america.com\/site\/repdom\/wp-content\/uploads\/sites\/6\/2020\/07\/LogoNA-4x3-1.jpg\",\"width\":1236,\"height\":1080,\"caption\":\"Noti-America LLC | Rep\u00fablica Dominicana\"},\"image\":{\"@id\":\"https:\/\/noti-america.com\/site\/repdom\/#\/schema\/logo\/image\/\"}},{\"@type\":\"Person\",\"@id\":\"https:\/\/noti-america.com\/site\/repdom\/#\/schema\/person\/8027db7d71a0328e6e4474fa188c6fb3\",\"name\":\"Miguel Ramirez\",\"image\":{\"@type\":\"ImageObject\",\"inLanguage\":\"es\",\"@id\":\"https:\/\/secure.gravatar.com\/avatar\/41a78fb2cdab3e2dc5831d3591f1dab499ed0c22acc464195b09f37c2b3ac2cf?s=96&d=mm&r=g\",\"url\":\"https:\/\/secure.gravatar.com\/avatar\/41a78fb2cdab3e2dc5831d3591f1dab499ed0c22acc464195b09f37c2b3ac2cf?s=96&d=mm&r=g\",\"contentUrl\":\"https:\/\/secure.gravatar.com\/avatar\/41a78fb2cdab3e2dc5831d3591f1dab499ed0c22acc464195b09f37c2b3ac2cf?s=96&d=mm&r=g\",\"caption\":\"Miguel Ramirez\"},\"description\":\"Locutor y periodista digital y coach comunicaci\u00f3n\",\"sameAs\":[\"https:\/\/www.facebook.com\/share\/1HVE1qCqVk\/?mibextid=wwXIfr\"],\"url\":\"https:\/\/noti-america.com\/site\/repdom\/author\/mramirez\/\"}]}<\/script>\n<!-- \/ Yoast SEO Premium plugin. -->","yoast_head_json":{"title":"Negociantes RD: De So\u00f1ador a Due\u00f1o de Negocio\u201d: La conferencia para emprendedores m\u00e1s grande de la Rep\u00fablica Dominicana. - Rep. Dominicana | Noti-America.com","robots":{"index":"index","follow":"follow","max-snippet":"max-snippet:-1","max-image-preview":"max-image-preview:large","max-video-preview":"max-video-preview:-1"},"canonical":"https:\/\/noti-america.com\/site\/repdom\/2026\/01\/15\/negociantes-rd-de-sonador-a-dueno-de-negocio-la-conferencia-para-emprendedores-mas-grande-de-la-republica-dominicana\/","og_locale":"es_ES","og_type":"article","og_title":"Negociantes RD: De So\u00f1ador a Due\u00f1o de Negocio\u201d: La conferencia para emprendedores m\u00e1s grande de la Rep\u00fablica Dominicana.","og_description":"Santo Domingo, Rep\u00fablica Dominicana. \u2013 El pr\u00f3ximo 18 de enero de 2026, el Auditorio Casa San Pablo ser\u00e1 el escenario de \u201cNegociantes RD: De So\u00f1ador a Due\u00f1o de Negocio\u201d, considerada la conferencia para emprendedores&#46;&#46;&#46;","og_url":"https:\/\/noti-america.com\/site\/repdom\/2026\/01\/15\/negociantes-rd-de-sonador-a-dueno-de-negocio-la-conferencia-para-emprendedores-mas-grande-de-la-republica-dominicana\/","og_site_name":"Rep. Dominicana | Noti-America.com","article_author":"https:\/\/www.facebook.com\/share\/1HVE1qCqVk\/?mibextid=wwXIfr","article_published_time":"2026-01-15T21:42:23+00:00","article_modified_time":"2026-01-17T00:17:37+00:00","og_image":[{"width":1599,"height":899,"url":"https:\/\/noti-america.com\/site\/repdom\/wp-content\/uploads\/sites\/6\/2026\/01\/64811618-08f8-4fc4-a575-1913ec546798.jpeg","type":"image\/jpeg"}],"author":"Miguel Ramirez","twitter_card":"summary_large_image","twitter_misc":{"Escrito por":"Miguel Ramirez","Tiempo estimado de lectura":"2 minutos"},"schema":{"@context":"https:\/\/schema.org","@graph":[{"@type":"Article","@id":"https:\/\/noti-america.com\/site\/repdom\/2026\/01\/15\/negociantes-rd-de-sonador-a-dueno-de-negocio-la-conferencia-para-emprendedores-mas-grande-de-la-republica-dominicana\/#article","isPartOf":{"@id":"https:\/\/noti-america.com\/site\/repdom\/2026\/01\/15\/negociantes-rd-de-sonador-a-dueno-de-negocio-la-conferencia-para-emprendedores-mas-grande-de-la-republica-dominicana\/"},"author":{"name":"Miguel Ramirez","@id":"https:\/\/noti-america.com\/site\/repdom\/#\/schema\/person\/8027db7d71a0328e6e4474fa188c6fb3"},"headline":"Negociantes RD: De So\u00f1ador a Due\u00f1o de Negocio\u201d: La conferencia para emprendedores m\u00e1s grande de la Rep\u00fablica Dominicana.","datePublished":"2026-01-15T21:42:23+00:00","dateModified":"2026-01-17T00:17:37+00:00","mainEntityOfPage":{"@id":"https:\/\/noti-america.com\/site\/repdom\/2026\/01\/15\/negociantes-rd-de-sonador-a-dueno-de-negocio-la-conferencia-para-emprendedores-mas-grande-de-la-republica-dominicana\/"},"wordCount":302,"commentCount":0,"publisher":{"@id":"https:\/\/noti-america.com\/site\/repdom\/#organization"},"image":{"@id":"https:\/\/noti-america.com\/site\/repdom\/2026\/01\/15\/negociantes-rd-de-sonador-a-dueno-de-negocio-la-conferencia-para-emprendedores-mas-grande-de-la-republica-dominicana\/#primaryimage"},"thumbnailUrl":"https:\/\/noti-america.com\/site\/repdom\/wp-content\/uploads\/sites\/6\/2026\/01\/64811618-08f8-4fc4-a575-1913ec546798.jpeg","articleSection":["Actualidad"],"inLanguage":"es","potentialAction":[{"@type":"CommentAction","name":"Comment","target":["https:\/\/noti-america.com\/site\/repdom\/2026\/01\/15\/negociantes-rd-de-sonador-a-dueno-de-negocio-la-conferencia-para-emprendedores-mas-grande-de-la-republica-dominicana\/#respond"]}]},{"@type":"WebPage","@id":"https:\/\/noti-america.com\/site\/repdom\/2026\/01\/15\/negociantes-rd-de-sonador-a-dueno-de-negocio-la-conferencia-para-emprendedores-mas-grande-de-la-republica-dominicana\/","url":"https:\/\/noti-america.com\/site\/repdom\/2026\/01\/15\/negociantes-rd-de-sonador-a-dueno-de-negocio-la-conferencia-para-emprendedores-mas-grande-de-la-republica-dominicana\/","name":"Negociantes RD: De So\u00f1ador a Due\u00f1o de Negocio\u201d: La conferencia para emprendedores m\u00e1s grande de la Rep\u00fablica Dominicana. - Rep. Dominicana | Noti-America.com","isPartOf":{"@id":"https:\/\/noti-america.com\/site\/repdom\/#website"},"primaryImageOfPage":{"@id":"https:\/\/noti-america.com\/site\/repdom\/2026\/01\/15\/negociantes-rd-de-sonador-a-dueno-de-negocio-la-conferencia-para-emprendedores-mas-grande-de-la-republica-dominicana\/#primaryimage"},"image":{"@id":"https:\/\/noti-america.com\/site\/repdom\/2026\/01\/15\/negociantes-rd-de-sonador-a-dueno-de-negocio-la-conferencia-para-emprendedores-mas-grande-de-la-republica-dominicana\/#primaryimage"},"thumbnailUrl":"https:\/\/noti-america.com\/site\/repdom\/wp-content\/uploads\/sites\/6\/2026\/01\/64811618-08f8-4fc4-a575-1913ec546798.jpeg","datePublished":"2026-01-15T21:42:23+00:00","dateModified":"2026-01-17T00:17:37+00:00","breadcrumb":{"@id":"https:\/\/noti-america.com\/site\/repdom\/2026\/01\/15\/negociantes-rd-de-sonador-a-dueno-de-negocio-la-conferencia-para-emprendedores-mas-grande-de-la-republica-dominicana\/#breadcrumb"},"inLanguage":"es","potentialAction":[{"@type":"ReadAction","target":["https:\/\/noti-america.com\/site\/repdom\/2026\/01\/15\/negociantes-rd-de-sonador-a-dueno-de-negocio-la-conferencia-para-emprendedores-mas-grande-de-la-republica-dominicana\/"]}]},{"@type":"ImageObject","inLanguage":"es","@id":"https:\/\/noti-america.com\/site\/repdom\/2026\/01\/15\/negociantes-rd-de-sonador-a-dueno-de-negocio-la-conferencia-para-emprendedores-mas-grande-de-la-republica-dominicana\/#primaryimage","url":"https:\/\/noti-america.com\/site\/repdom\/wp-content\/uploads\/sites\/6\/2026\/01\/64811618-08f8-4fc4-a575-1913ec546798.jpeg","contentUrl":"https:\/\/noti-america.com\/site\/repdom\/wp-content\/uploads\/sites\/6\/2026\/01\/64811618-08f8-4fc4-a575-1913ec546798.jpeg","width":1599,"height":899},{"@type":"BreadcrumbList","@id":"https:\/\/noti-america.com\/site\/repdom\/2026\/01\/15\/negociantes-rd-de-sonador-a-dueno-de-negocio-la-conferencia-para-emprendedores-mas-grande-de-la-republica-dominicana\/#breadcrumb","itemListElement":[{"@type":"ListItem","position":1,"name":"Portada","item":"https:\/\/noti-america.com\/site\/repdom\/"},{"@type":"ListItem","position":2,"name":"Negociantes RD: De So\u00f1ador a Due\u00f1o de Negocio\u201d: La conferencia para emprendedores m\u00e1s grande de la Rep\u00fablica Dominicana."}]},{"@type":"WebSite","@id":"https:\/\/noti-america.com\/site\/repdom\/#website","url":"https:\/\/noti-america.com\/site\/repdom\/","name":"Rep. Dominicana | Noti-America.com","description":"","publisher":{"@id":"https:\/\/noti-america.com\/site\/repdom\/#organization"},"potentialAction":[{"@type":"SearchAction","target":{"@type":"EntryPoint","urlTemplate":"https:\/\/noti-america.com\/site\/repdom\/?s={search_term_string}"},"query-input":{"@type":"PropertyValueSpecification","valueRequired":true,"valueName":"search_term_string"}}],"inLanguage":"es"},{"@type":"Organization","@id":"https:\/\/noti-america.com\/site\/repdom\/#organization","name":"Noti-America LLC | Rep\u00fablica Dominicana","url":"https:\/\/noti-america.com\/site\/repdom\/","logo":{"@type":"ImageObject","inLanguage":"es","@id":"https:\/\/noti-america.com\/site\/repdom\/#\/schema\/logo\/image\/","url":"https:\/\/noti-america.com\/site\/repdom\/wp-content\/uploads\/sites\/6\/2020\/07\/LogoNA-4x3-1.jpg","contentUrl":"https:\/\/noti-america.com\/site\/repdom\/wp-content\/uploads\/sites\/6\/2020\/07\/LogoNA-4x3-1.jpg","width":1236,"height":1080,"caption":"Noti-America LLC | Rep\u00fablica Dominicana"},"image":{"@id":"https:\/\/noti-america.com\/site\/repdom\/#\/schema\/logo\/image\/"}},{"@type":"Person","@id":"https:\/\/noti-america.com\/site\/repdom\/#\/schema\/person\/8027db7d71a0328e6e4474fa188c6fb3","name":"Miguel Ramirez","image":{"@type":"ImageObject","inLanguage":"es","@id":"https:\/\/secure.gravatar.com\/avatar\/41a78fb2cdab3e2dc5831d3591f1dab499ed0c22acc464195b09f37c2b3ac2cf?s=96&d=mm&r=g","url":"https:\/\/secure.gravatar.com\/avatar\/41a78fb2cdab3e2dc5831d3591f1dab499ed0c22acc464195b09f37c2b3ac2cf?s=96&d=mm&r=g","contentUrl":"https:\/\/secure.gravatar.com\/avatar\/41a78fb2cdab3e2dc5831d3591f1dab499ed0c22acc464195b09f37c2b3ac2cf?s=96&d=mm&r=g","caption":"Miguel Ramirez"},"description":"Locutor y periodista digital y coach comunicaci\u00f3n","sameAs":["https:\/\/www.facebook.com\/share\/1HVE1qCqVk\/?mibextid=wwXIfr"],"url":"https:\/\/noti-america.com\/site\/repdom\/author\/mramirez\/"}]}},"_links":{"self":[{"href":"https:\/\/noti-america.com\/site\/repdom\/wp-json\/wp\/v2\/posts\/36768","targetHints":{"allow":["GET"]}}],"collection":[{"href":"https:\/\/noti-america.com\/site\/repdom\/wp-json\/wp\/v2\/posts"}],"about":[{"href":"https:\/\/noti-america.com\/site\/repdom\/wp-json\/wp\/v2\/types\/post"}],"author":[{"embeddable":true,"href":"https:\/\/noti-america.com\/site\/repdom\/wp-json\/wp\/v2\/users\/96"}],"replies":[{"embeddable":true,"href":"https:\/\/noti-america.com\/site\/repdom\/wp-json\/wp\/v2\/comments?post=36768"}],"version-history":[{"count":3,"href":"https:\/\/noti-america.com\/site\/repdom\/wp-json\/wp\/v2\/posts\/36768\/revisions"}],"predecessor-version":[{"id":36791,"href":"https:\/\/noti-america.com\/site\/repdom\/wp-json\/wp\/v2\/posts\/36768\/revisions\/36791"}],"wp:featuredmedia":[{"embeddable":true,"href":"https:\/\/noti-america.com\/site\/repdom\/wp-json\/wp\/v2\/media\/36769"}],"wp:attachment":[{"href":"https:\/\/noti-america.com\/site\/repdom\/wp-json\/wp\/v2\/media?parent=36768"}],"wp:term":[{"taxonomy":"category","embeddable":true,"href":"https:\/\/noti-america.com\/site\/repdom\/wp-json\/wp\/v2\/categories?post=36768"},{"taxonomy":"post_tag","embeddable":true,"href":"https:\/\/noti-america.com\/site\/repdom\/wp-json\/wp\/v2\/tags?post=36768"}],"curies":[{"name":"wp","href":"https:\/\/api.w.org\/{rel}","templated":true}]}}