{"id":3667,"date":"2020-09-02T03:48:04","date_gmt":"2020-09-02T03:48:04","guid":{"rendered":"https:\/\/noti-america.com\/site\/repdom\/?p=3667"},"modified":"2020-09-02T03:50:52","modified_gmt":"2020-09-02T03:50:52","slug":"felipe-jay-payano-llama-a-gran-cumbre-del-deporte-para-analizar-ley","status":"publish","type":"post","link":"https:\/\/noti-america.com\/site\/repdom\/2020\/09\/02\/felipe-jay-payano-llama-a-gran-cumbre-del-deporte-para-analizar-ley\/","title":{"rendered":"Felipe (Jay) Payano llama a \u201cGran Cumbre del Deporte\u201d para analizar Ley"},"content":{"rendered":"<p style=\"text-align: justify\">El titular de la Secretar\u00eda de Deportes de la Fuerza del Pueblo, el ex-ministro de Deportes (2004-2012), Felipe Payano, sugiri\u00f3 a la C\u00e1mara de Diputados a que se aboque a la celebraci\u00f3n de \u201cUna Gran Cumbre\u201d del Deporte para analizar y luego aprobar la Ley General del Deporte, que se merece todo el pa\u00eds.<\/p>\n<p style=\"text-align: justify\">Expuso que en esa \u201cGran Cumbre del Deporte\u201d, deber\u00e1n participar todos los actores del Sector Deporte, sin exclusiones, incluyendo a la di\u00e1spora dominicana, para consensuar una Ley del Deporte, que beneficie a todos los deportistas, sin excepciones.<\/p>\n<p style=\"text-align: justify\">Sostuvo Payano que en estos momentos donde la Rep\u00fablica Dominicana y el mundo sufren los embates de la pandemia del COVID-19, se necesitan de los mejores concursos de sus habitantes para seguir prosperando y obtener una legislaci\u00f3n que ayude a\u00fan m\u00e1s al desarrollo del deporte.<\/p>\n<p style=\"text-align: justify\">\u00abLos medios de comunicaci\u00f3n tambi\u00e9n jugar\u00e1n un rol clave en todo este proceso de mantener informado a la poblaci\u00f3n sobre los trabajos para lograr una modificaci\u00f3n integral de la Ley del Deporte\u00bb, abund\u00f3.<\/p>\n<p style=\"text-align: justify\">Indic\u00f3 que conociendo la sensibilidad del diputado, Pedro Botello, representante de la Romana, presidente de la Comisi\u00f3n de Deportes en la C\u00e1mara de Diputados y de todos los dem\u00e1s integrantes de la misma, de los diferentes partidos pol\u00edticos, acoger\u00e1n este llamado hecho con la mejor buena fe.<\/p>\n<p style=\"text-align: justify\">\u201cNos hemos enterado que los diputados ya votaron en una primera lectura el anteproyecto de modificaci\u00f3n a la Ley General del Deporte 356-2005 y creo que la prudencia nos habla, ahora, de convocar una gran encuentro para as\u00ed conseguir una Ley acorde a estos tiempos\u201d, dijo Payano.<\/p>\n<p style=\"text-align: justify\">Manifest\u00f3 que en el Programa de Gobierno que present\u00f3 la Fuerza del Pueblo en la pasada campa\u00f1a electoral, \u201cLos 7 Pilares para una nueva ola de transformaciones\u201d en el cap\u00edtulo de Deportes se toc\u00f3 de manera coherente el tema de tener una nueva Ley General del Deporte, funcional y que cuente con el consenso de todos.<\/p>\n<p style=\"text-align: justify\">Expuso Payano que el pa\u00eds cuenta con la vigente ley general de Deportes 356-05, la cual fue promulgada en el a\u00f1o 2005, pero que ha sido de dif\u00edcil aplicaci\u00f3n pr\u00e1ctica debido a que conten\u00eda una serie de falencias jur\u00eddicas, competenciales y t\u00e9cnicas.<\/p>\n<p style=\"text-align: justify\">Y abund\u00f3: \u201cEn tal virtud, una de las tareas prioritarias del Plan Deportivo de la Fuerza del Pueblo era la revisi\u00f3n y posterior modificaci\u00f3n del actual marco jur\u00eddico-deportivo. Con el consenso de los actores deportivos\u201d.<\/p>\n<p style=\"text-align: justify\">Record\u00f3 que en un hecho hist\u00f3rico sin precedentes fue la inclusi\u00f3n por primera vez en nuestra Constituci\u00f3n de la Rep\u00fablica el concepto deporte desde el 2010, en el gobierno de Leonel Fern\u00e1ndez y su gesti\u00f3n en el Ministerio de Deporte, que en su art\u00edculo 65 destaca el derecho de ciudadano al deporte, y la responsabilidad del Estado de garantizar su pr\u00e1ctica y difusi\u00f3n a todos los niveles entre los derechos fundamentales. El texto establece lo siguiente:<\/p>\n<p style=\"text-align: justify\">\u201cToda persona tiene derecho a la educaci\u00f3n f\u00edsica, al deporte y la recreaci\u00f3n, corresponde al Estado, en colaboraci\u00f3n con los centros de ense\u00f1anza y las organizaciones deportivas, fomentar, incentivar y apoyar la pr\u00e1ctica y difusi\u00f3n de estas actividades, por lo tanto:<\/p>\n<p style=\"text-align: justify\">\u201cEl Estado asume el deporte y la recreaci\u00f3n como pol\u00edtica p\u00fablica de educaci\u00f3n y salud y garantiza la educaci\u00f3n f\u00edsica y el deporte escolar en todos los niveles del sistema educativo conforme a la ley\u201d.<\/p>\n<p style=\"text-align: justify\">\u201cLa ley dispondr\u00e1 los recursos, est\u00edmulos e incentivos para la promoci\u00f3n del deporte para todos y todas, la atenci\u00f3n integrar de los deportistas, el apoyo al deporte de alta competici\u00f3n, a los programas y actividades deportivas en el pa\u00eds y en el exterior\u201d.<\/p>\n","protected":false},"excerpt":{"rendered":"<p>El titular de la Secretar\u00eda de Deportes de la Fuerza del Pueblo, el ex-ministro de Deportes (2004-2012), Felipe Payano, sugiri\u00f3 a la C\u00e1mara de Diputados a que se aboque a la celebraci\u00f3n de \u201cUna&#46;&#46;&#46;<\/p>\n","protected":false},"author":89,"featured_media":3668,"comment_status":"open","ping_status":"open","sticky":false,"template":"","format":"standard","meta":{"_acf_changed":false,"rop_custom_images_group":[],"rop_custom_messages_group":[],"rop_publish_now":"initial","rop_publish_now_accounts":[],"rop_publish_now_history":[],"rop_publish_now_status":"pending","footnotes":""},"categories":[16],"tags":[318,315,316,317],"class_list":["post-3667","post","type-post","status-publish","format-standard","has-post-thumbnail","hentry","category-deportes","tag-deporte-dominicano","tag-felipe-jay-payano","tag-gran-cumbre-del-deporte","tag-ley-general-del-deporte"],"acf":[],"yoast_head":"<!-- This site is optimized with the Yoast SEO Premium plugin v24.9 (Yoast SEO v27.2) - https:\/\/yoast.com\/product\/yoast-seo-premium-wordpress\/ -->\n<title>Felipe (Jay) Payano llama a \u201cGran Cumbre del Deporte\u201d para analizar Ley - Rep. Dominicana | Noti-America.com<\/title>\n<meta name=\"robots\" content=\"index, follow, max-snippet:-1, max-image-preview:large, max-video-preview:-1\" \/>\n<link rel=\"canonical\" href=\"https:\/\/noti-america.com\/site\/repdom\/2020\/09\/02\/felipe-jay-payano-llama-a-gran-cumbre-del-deporte-para-analizar-ley\/\" \/>\n<meta property=\"og:locale\" content=\"es_ES\" \/>\n<meta property=\"og:type\" content=\"article\" \/>\n<meta property=\"og:title\" content=\"Felipe (Jay) Payano llama a \u201cGran Cumbre del Deporte\u201d para analizar Ley\" \/>\n<meta property=\"og:description\" content=\"El titular de la Secretar\u00eda de Deportes de la Fuerza del Pueblo, el ex-ministro de Deportes (2004-2012), Felipe Payano, sugiri\u00f3 a la C\u00e1mara de Diputados a que se aboque a la celebraci\u00f3n de \u201cUna&#046;&#046;&#046;\" \/>\n<meta property=\"og:url\" content=\"https:\/\/noti-america.com\/site\/repdom\/2020\/09\/02\/felipe-jay-payano-llama-a-gran-cumbre-del-deporte-para-analizar-ley\/\" \/>\n<meta property=\"og:site_name\" content=\"Rep. Dominicana | Noti-America.com\" \/>\n<meta property=\"article:published_time\" content=\"2020-09-02T03:48:04+00:00\" \/>\n<meta property=\"article:modified_time\" content=\"2020-09-02T03:50:52+00:00\" \/>\n<meta property=\"og:image\" content=\"https:\/\/noti-america.com\/site\/repdom\/wp-content\/uploads\/sites\/6\/2020\/09\/Felipe-Payano.jpeg\" \/>\n\t<meta property=\"og:image:width\" content=\"680\" \/>\n\t<meta property=\"og:image:height\" content=\"444\" \/>\n\t<meta property=\"og:image:type\" content=\"image\/jpeg\" \/>\n<meta name=\"author\" content=\"Ad\u00e1n Soriano\" \/>\n<meta name=\"twitter:card\" content=\"summary_large_image\" \/>\n<meta name=\"twitter:creator\" content=\"@adansoriano\" \/>\n<meta name=\"twitter:label1\" content=\"Escrito por\" \/>\n\t<meta name=\"twitter:data1\" content=\"Ad\u00e1n Soriano\" \/>\n\t<meta name=\"twitter:label2\" content=\"Tiempo estimado de lectura\" \/>\n\t<meta name=\"twitter:data2\" content=\"3 minutos\" \/>\n<script type=\"application\/ld+json\" class=\"yoast-schema-graph\">{\"@context\":\"https:\/\/schema.org\",\"@graph\":[{\"@type\":\"Article\",\"@id\":\"https:\/\/noti-america.com\/site\/repdom\/2020\/09\/02\/felipe-jay-payano-llama-a-gran-cumbre-del-deporte-para-analizar-ley\/#article\",\"isPartOf\":{\"@id\":\"https:\/\/noti-america.com\/site\/repdom\/2020\/09\/02\/felipe-jay-payano-llama-a-gran-cumbre-del-deporte-para-analizar-ley\/\"},\"author\":{\"name\":\"Ad\u00e1n Soriano\",\"@id\":\"https:\/\/noti-america.com\/site\/repdom\/#\/schema\/person\/fd0092c1530d275fabaa5cffcbc2b976\"},\"headline\":\"Felipe (Jay) Payano llama a \u201cGran Cumbre del Deporte\u201d para analizar Ley\",\"datePublished\":\"2020-09-02T03:48:04+00:00\",\"dateModified\":\"2020-09-02T03:50:52+00:00\",\"mainEntityOfPage\":{\"@id\":\"https:\/\/noti-america.com\/site\/repdom\/2020\/09\/02\/felipe-jay-payano-llama-a-gran-cumbre-del-deporte-para-analizar-ley\/\"},\"wordCount\":660,\"commentCount\":0,\"publisher\":{\"@id\":\"https:\/\/noti-america.com\/site\/repdom\/#organization\"},\"image\":{\"@id\":\"https:\/\/noti-america.com\/site\/repdom\/2020\/09\/02\/felipe-jay-payano-llama-a-gran-cumbre-del-deporte-para-analizar-ley\/#primaryimage\"},\"thumbnailUrl\":\"https:\/\/noti-america.com\/site\/repdom\/wp-content\/uploads\/sites\/6\/2020\/09\/Felipe-Payano.jpeg\",\"keywords\":[\"Deporte Dominicano\",\"Felipe (Jay) Payano\",\"Gran Cumbre del Deporte\",\"Ley General del Deporte\"],\"articleSection\":[\"Deportes\"],\"inLanguage\":\"es\",\"potentialAction\":[{\"@type\":\"CommentAction\",\"name\":\"Comment\",\"target\":[\"https:\/\/noti-america.com\/site\/repdom\/2020\/09\/02\/felipe-jay-payano-llama-a-gran-cumbre-del-deporte-para-analizar-ley\/#respond\"]}]},{\"@type\":\"WebPage\",\"@id\":\"https:\/\/noti-america.com\/site\/repdom\/2020\/09\/02\/felipe-jay-payano-llama-a-gran-cumbre-del-deporte-para-analizar-ley\/\",\"url\":\"https:\/\/noti-america.com\/site\/repdom\/2020\/09\/02\/felipe-jay-payano-llama-a-gran-cumbre-del-deporte-para-analizar-ley\/\",\"name\":\"Felipe (Jay) Payano llama a \u201cGran Cumbre del Deporte\u201d para analizar Ley - Rep. Dominicana | Noti-America.com\",\"isPartOf\":{\"@id\":\"https:\/\/noti-america.com\/site\/repdom\/#website\"},\"primaryImageOfPage\":{\"@id\":\"https:\/\/noti-america.com\/site\/repdom\/2020\/09\/02\/felipe-jay-payano-llama-a-gran-cumbre-del-deporte-para-analizar-ley\/#primaryimage\"},\"image\":{\"@id\":\"https:\/\/noti-america.com\/site\/repdom\/2020\/09\/02\/felipe-jay-payano-llama-a-gran-cumbre-del-deporte-para-analizar-ley\/#primaryimage\"},\"thumbnailUrl\":\"https:\/\/noti-america.com\/site\/repdom\/wp-content\/uploads\/sites\/6\/2020\/09\/Felipe-Payano.jpeg\",\"datePublished\":\"2020-09-02T03:48:04+00:00\",\"dateModified\":\"2020-09-02T03:50:52+00:00\",\"breadcrumb\":{\"@id\":\"https:\/\/noti-america.com\/site\/repdom\/2020\/09\/02\/felipe-jay-payano-llama-a-gran-cumbre-del-deporte-para-analizar-ley\/#breadcrumb\"},\"inLanguage\":\"es\",\"potentialAction\":[{\"@type\":\"ReadAction\",\"target\":[\"https:\/\/noti-america.com\/site\/repdom\/2020\/09\/02\/felipe-jay-payano-llama-a-gran-cumbre-del-deporte-para-analizar-ley\/\"]}]},{\"@type\":\"ImageObject\",\"inLanguage\":\"es\",\"@id\":\"https:\/\/noti-america.com\/site\/repdom\/2020\/09\/02\/felipe-jay-payano-llama-a-gran-cumbre-del-deporte-para-analizar-ley\/#primaryimage\",\"url\":\"https:\/\/noti-america.com\/site\/repdom\/wp-content\/uploads\/sites\/6\/2020\/09\/Felipe-Payano.jpeg\",\"contentUrl\":\"https:\/\/noti-america.com\/site\/repdom\/wp-content\/uploads\/sites\/6\/2020\/09\/Felipe-Payano.jpeg\",\"width\":680,\"height\":444},{\"@type\":\"BreadcrumbList\",\"@id\":\"https:\/\/noti-america.com\/site\/repdom\/2020\/09\/02\/felipe-jay-payano-llama-a-gran-cumbre-del-deporte-para-analizar-ley\/#breadcrumb\",\"itemListElement\":[{\"@type\":\"ListItem\",\"position\":1,\"name\":\"Portada\",\"item\":\"https:\/\/noti-america.com\/site\/repdom\/\"},{\"@type\":\"ListItem\",\"position\":2,\"name\":\"Felipe (Jay) Payano llama a \u201cGran Cumbre del Deporte\u201d para analizar Ley\"}]},{\"@type\":\"WebSite\",\"@id\":\"https:\/\/noti-america.com\/site\/repdom\/#website\",\"url\":\"https:\/\/noti-america.com\/site\/repdom\/\",\"name\":\"Rep. Dominicana | Noti-America.com\",\"description\":\"\",\"publisher\":{\"@id\":\"https:\/\/noti-america.com\/site\/repdom\/#organization\"},\"potentialAction\":[{\"@type\":\"SearchAction\",\"target\":{\"@type\":\"EntryPoint\",\"urlTemplate\":\"https:\/\/noti-america.com\/site\/repdom\/?s={search_term_string}\"},\"query-input\":{\"@type\":\"PropertyValueSpecification\",\"valueRequired\":true,\"valueName\":\"search_term_string\"}}],\"inLanguage\":\"es\"},{\"@type\":\"Organization\",\"@id\":\"https:\/\/noti-america.com\/site\/repdom\/#organization\",\"name\":\"Noti-America LLC | Rep\u00fablica Dominicana\",\"url\":\"https:\/\/noti-america.com\/site\/repdom\/\",\"logo\":{\"@type\":\"ImageObject\",\"inLanguage\":\"es\",\"@id\":\"https:\/\/noti-america.com\/site\/repdom\/#\/schema\/logo\/image\/\",\"url\":\"https:\/\/noti-america.com\/site\/repdom\/wp-content\/uploads\/sites\/6\/2020\/07\/LogoNA-4x3-1.jpg\",\"contentUrl\":\"https:\/\/noti-america.com\/site\/repdom\/wp-content\/uploads\/sites\/6\/2020\/07\/LogoNA-4x3-1.jpg\",\"width\":1236,\"height\":1080,\"caption\":\"Noti-America LLC | Rep\u00fablica Dominicana\"},\"image\":{\"@id\":\"https:\/\/noti-america.com\/site\/repdom\/#\/schema\/logo\/image\/\"}},{\"@type\":\"Person\",\"@id\":\"https:\/\/noti-america.com\/site\/repdom\/#\/schema\/person\/fd0092c1530d275fabaa5cffcbc2b976\",\"name\":\"Ad\u00e1n Soriano\",\"image\":{\"@type\":\"ImageObject\",\"inLanguage\":\"es\",\"@id\":\"https:\/\/secure.gravatar.com\/avatar\/ecf97ff3aee7ff9efdae670d7e976f3e7e8acc1077e510d73707999a8bfd4467?s=96&d=mm&r=g\",\"url\":\"https:\/\/secure.gravatar.com\/avatar\/ecf97ff3aee7ff9efdae670d7e976f3e7e8acc1077e510d73707999a8bfd4467?s=96&d=mm&r=g\",\"contentUrl\":\"https:\/\/secure.gravatar.com\/avatar\/ecf97ff3aee7ff9efdae670d7e976f3e7e8acc1077e510d73707999a8bfd4467?s=96&d=mm&r=g\",\"caption\":\"Ad\u00e1n Soriano\"},\"description\":\"Soy cronista deportivo con 10 a\u00f1os de experiencia en varios espacios, y conduzco el podcast deportivo llamado Mezcla Deportiva\",\"sameAs\":[\"https:\/\/x.com\/adansoriano\"],\"url\":\"https:\/\/noti-america.com\/site\/repdom\/author\/asoriano\/\"}]}<\/script>\n<!-- \/ Yoast SEO Premium plugin. -->","yoast_head_json":{"title":"Felipe (Jay) Payano llama a \u201cGran Cumbre del Deporte\u201d para analizar Ley - Rep. Dominicana | Noti-America.com","robots":{"index":"index","follow":"follow","max-snippet":"max-snippet:-1","max-image-preview":"max-image-preview:large","max-video-preview":"max-video-preview:-1"},"canonical":"https:\/\/noti-america.com\/site\/repdom\/2020\/09\/02\/felipe-jay-payano-llama-a-gran-cumbre-del-deporte-para-analizar-ley\/","og_locale":"es_ES","og_type":"article","og_title":"Felipe (Jay) Payano llama a \u201cGran Cumbre del Deporte\u201d para analizar Ley","og_description":"El titular de la Secretar\u00eda de Deportes de la Fuerza del Pueblo, el ex-ministro de Deportes (2004-2012), Felipe Payano, sugiri\u00f3 a la C\u00e1mara de Diputados a que se aboque a la celebraci\u00f3n de \u201cUna&#46;&#46;&#46;","og_url":"https:\/\/noti-america.com\/site\/repdom\/2020\/09\/02\/felipe-jay-payano-llama-a-gran-cumbre-del-deporte-para-analizar-ley\/","og_site_name":"Rep. Dominicana | Noti-America.com","article_published_time":"2020-09-02T03:48:04+00:00","article_modified_time":"2020-09-02T03:50:52+00:00","og_image":[{"width":680,"height":444,"url":"https:\/\/noti-america.com\/site\/repdom\/wp-content\/uploads\/sites\/6\/2020\/09\/Felipe-Payano.jpeg","type":"image\/jpeg"}],"author":"Ad\u00e1n Soriano","twitter_card":"summary_large_image","twitter_creator":"@adansoriano","twitter_misc":{"Escrito por":"Ad\u00e1n Soriano","Tiempo estimado de lectura":"3 minutos"},"schema":{"@context":"https:\/\/schema.org","@graph":[{"@type":"Article","@id":"https:\/\/noti-america.com\/site\/repdom\/2020\/09\/02\/felipe-jay-payano-llama-a-gran-cumbre-del-deporte-para-analizar-ley\/#article","isPartOf":{"@id":"https:\/\/noti-america.com\/site\/repdom\/2020\/09\/02\/felipe-jay-payano-llama-a-gran-cumbre-del-deporte-para-analizar-ley\/"},"author":{"name":"Ad\u00e1n Soriano","@id":"https:\/\/noti-america.com\/site\/repdom\/#\/schema\/person\/fd0092c1530d275fabaa5cffcbc2b976"},"headline":"Felipe (Jay) Payano llama a \u201cGran Cumbre del Deporte\u201d para analizar Ley","datePublished":"2020-09-02T03:48:04+00:00","dateModified":"2020-09-02T03:50:52+00:00","mainEntityOfPage":{"@id":"https:\/\/noti-america.com\/site\/repdom\/2020\/09\/02\/felipe-jay-payano-llama-a-gran-cumbre-del-deporte-para-analizar-ley\/"},"wordCount":660,"commentCount":0,"publisher":{"@id":"https:\/\/noti-america.com\/site\/repdom\/#organization"},"image":{"@id":"https:\/\/noti-america.com\/site\/repdom\/2020\/09\/02\/felipe-jay-payano-llama-a-gran-cumbre-del-deporte-para-analizar-ley\/#primaryimage"},"thumbnailUrl":"https:\/\/noti-america.com\/site\/repdom\/wp-content\/uploads\/sites\/6\/2020\/09\/Felipe-Payano.jpeg","keywords":["Deporte Dominicano","Felipe (Jay) Payano","Gran Cumbre del Deporte","Ley General del Deporte"],"articleSection":["Deportes"],"inLanguage":"es","potentialAction":[{"@type":"CommentAction","name":"Comment","target":["https:\/\/noti-america.com\/site\/repdom\/2020\/09\/02\/felipe-jay-payano-llama-a-gran-cumbre-del-deporte-para-analizar-ley\/#respond"]}]},{"@type":"WebPage","@id":"https:\/\/noti-america.com\/site\/repdom\/2020\/09\/02\/felipe-jay-payano-llama-a-gran-cumbre-del-deporte-para-analizar-ley\/","url":"https:\/\/noti-america.com\/site\/repdom\/2020\/09\/02\/felipe-jay-payano-llama-a-gran-cumbre-del-deporte-para-analizar-ley\/","name":"Felipe (Jay) Payano llama a \u201cGran Cumbre del Deporte\u201d para analizar Ley - Rep. Dominicana | Noti-America.com","isPartOf":{"@id":"https:\/\/noti-america.com\/site\/repdom\/#website"},"primaryImageOfPage":{"@id":"https:\/\/noti-america.com\/site\/repdom\/2020\/09\/02\/felipe-jay-payano-llama-a-gran-cumbre-del-deporte-para-analizar-ley\/#primaryimage"},"image":{"@id":"https:\/\/noti-america.com\/site\/repdom\/2020\/09\/02\/felipe-jay-payano-llama-a-gran-cumbre-del-deporte-para-analizar-ley\/#primaryimage"},"thumbnailUrl":"https:\/\/noti-america.com\/site\/repdom\/wp-content\/uploads\/sites\/6\/2020\/09\/Felipe-Payano.jpeg","datePublished":"2020-09-02T03:48:04+00:00","dateModified":"2020-09-02T03:50:52+00:00","breadcrumb":{"@id":"https:\/\/noti-america.com\/site\/repdom\/2020\/09\/02\/felipe-jay-payano-llama-a-gran-cumbre-del-deporte-para-analizar-ley\/#breadcrumb"},"inLanguage":"es","potentialAction":[{"@type":"ReadAction","target":["https:\/\/noti-america.com\/site\/repdom\/2020\/09\/02\/felipe-jay-payano-llama-a-gran-cumbre-del-deporte-para-analizar-ley\/"]}]},{"@type":"ImageObject","inLanguage":"es","@id":"https:\/\/noti-america.com\/site\/repdom\/2020\/09\/02\/felipe-jay-payano-llama-a-gran-cumbre-del-deporte-para-analizar-ley\/#primaryimage","url":"https:\/\/noti-america.com\/site\/repdom\/wp-content\/uploads\/sites\/6\/2020\/09\/Felipe-Payano.jpeg","contentUrl":"https:\/\/noti-america.com\/site\/repdom\/wp-content\/uploads\/sites\/6\/2020\/09\/Felipe-Payano.jpeg","width":680,"height":444},{"@type":"BreadcrumbList","@id":"https:\/\/noti-america.com\/site\/repdom\/2020\/09\/02\/felipe-jay-payano-llama-a-gran-cumbre-del-deporte-para-analizar-ley\/#breadcrumb","itemListElement":[{"@type":"ListItem","position":1,"name":"Portada","item":"https:\/\/noti-america.com\/site\/repdom\/"},{"@type":"ListItem","position":2,"name":"Felipe (Jay) Payano llama a \u201cGran Cumbre del Deporte\u201d para analizar Ley"}]},{"@type":"WebSite","@id":"https:\/\/noti-america.com\/site\/repdom\/#website","url":"https:\/\/noti-america.com\/site\/repdom\/","name":"Rep. Dominicana | Noti-America.com","description":"","publisher":{"@id":"https:\/\/noti-america.com\/site\/repdom\/#organization"},"potentialAction":[{"@type":"SearchAction","target":{"@type":"EntryPoint","urlTemplate":"https:\/\/noti-america.com\/site\/repdom\/?s={search_term_string}"},"query-input":{"@type":"PropertyValueSpecification","valueRequired":true,"valueName":"search_term_string"}}],"inLanguage":"es"},{"@type":"Organization","@id":"https:\/\/noti-america.com\/site\/repdom\/#organization","name":"Noti-America LLC | Rep\u00fablica Dominicana","url":"https:\/\/noti-america.com\/site\/repdom\/","logo":{"@type":"ImageObject","inLanguage":"es","@id":"https:\/\/noti-america.com\/site\/repdom\/#\/schema\/logo\/image\/","url":"https:\/\/noti-america.com\/site\/repdom\/wp-content\/uploads\/sites\/6\/2020\/07\/LogoNA-4x3-1.jpg","contentUrl":"https:\/\/noti-america.com\/site\/repdom\/wp-content\/uploads\/sites\/6\/2020\/07\/LogoNA-4x3-1.jpg","width":1236,"height":1080,"caption":"Noti-America LLC | Rep\u00fablica Dominicana"},"image":{"@id":"https:\/\/noti-america.com\/site\/repdom\/#\/schema\/logo\/image\/"}},{"@type":"Person","@id":"https:\/\/noti-america.com\/site\/repdom\/#\/schema\/person\/fd0092c1530d275fabaa5cffcbc2b976","name":"Ad\u00e1n Soriano","image":{"@type":"ImageObject","inLanguage":"es","@id":"https:\/\/secure.gravatar.com\/avatar\/ecf97ff3aee7ff9efdae670d7e976f3e7e8acc1077e510d73707999a8bfd4467?s=96&d=mm&r=g","url":"https:\/\/secure.gravatar.com\/avatar\/ecf97ff3aee7ff9efdae670d7e976f3e7e8acc1077e510d73707999a8bfd4467?s=96&d=mm&r=g","contentUrl":"https:\/\/secure.gravatar.com\/avatar\/ecf97ff3aee7ff9efdae670d7e976f3e7e8acc1077e510d73707999a8bfd4467?s=96&d=mm&r=g","caption":"Ad\u00e1n Soriano"},"description":"Soy cronista deportivo con 10 a\u00f1os de experiencia en varios espacios, y conduzco el podcast deportivo llamado Mezcla Deportiva","sameAs":["https:\/\/x.com\/adansoriano"],"url":"https:\/\/noti-america.com\/site\/repdom\/author\/asoriano\/"}]}},"_links":{"self":[{"href":"https:\/\/noti-america.com\/site\/repdom\/wp-json\/wp\/v2\/posts\/3667","targetHints":{"allow":["GET"]}}],"collection":[{"href":"https:\/\/noti-america.com\/site\/repdom\/wp-json\/wp\/v2\/posts"}],"about":[{"href":"https:\/\/noti-america.com\/site\/repdom\/wp-json\/wp\/v2\/types\/post"}],"author":[{"embeddable":true,"href":"https:\/\/noti-america.com\/site\/repdom\/wp-json\/wp\/v2\/users\/89"}],"replies":[{"embeddable":true,"href":"https:\/\/noti-america.com\/site\/repdom\/wp-json\/wp\/v2\/comments?post=3667"}],"version-history":[{"count":4,"href":"https:\/\/noti-america.com\/site\/repdom\/wp-json\/wp\/v2\/posts\/3667\/revisions"}],"predecessor-version":[{"id":3672,"href":"https:\/\/noti-america.com\/site\/repdom\/wp-json\/wp\/v2\/posts\/3667\/revisions\/3672"}],"wp:featuredmedia":[{"embeddable":true,"href":"https:\/\/noti-america.com\/site\/repdom\/wp-json\/wp\/v2\/media\/3668"}],"wp:attachment":[{"href":"https:\/\/noti-america.com\/site\/repdom\/wp-json\/wp\/v2\/media?parent=3667"}],"wp:term":[{"taxonomy":"category","embeddable":true,"href":"https:\/\/noti-america.com\/site\/repdom\/wp-json\/wp\/v2\/categories?post=3667"},{"taxonomy":"post_tag","embeddable":true,"href":"https:\/\/noti-america.com\/site\/repdom\/wp-json\/wp\/v2\/tags?post=3667"}],"curies":[{"name":"wp","href":"https:\/\/api.w.org\/{rel}","templated":true}]}}