{"id":35475,"date":"2025-10-23T13:58:52","date_gmt":"2025-10-23T13:58:52","guid":{"rendered":"https:\/\/noti-america.com\/site\/repdom\/?p=35475"},"modified":"2025-10-23T13:58:52","modified_gmt":"2025-10-23T13:58:52","slug":"patricia-fallas-una-costarricense-que-se-enamoro-de-la-republica-dominicana-y-comparte-con-el-mundo-el-orgullo-de-sus-dos-naciones","status":"publish","type":"post","link":"https:\/\/noti-america.com\/site\/repdom\/2025\/10\/23\/patricia-fallas-una-costarricense-que-se-enamoro-de-la-republica-dominicana-y-comparte-con-el-mundo-el-orgullo-de-sus-dos-naciones\/","title":{"rendered":"Patricia Fallas: una costarricense que se enamor\u00f3 de la Rep\u00fablica Dominicana y comparte con el mundo el orgullo de sus dos naciones"},"content":{"rendered":"<p><img loading=\"lazy\" decoding=\"async\" class=\"alignnone size-medium wp-image-35476\" src=\"https:\/\/noti-america.com\/site\/repdom\/wp-content\/uploads\/sites\/6\/2025\/10\/db59d72c-1884-4cb3-9ff4-07887a362ecc-300x200.jpeg\" alt=\"\" width=\"300\" height=\"200\" srcset=\"https:\/\/noti-america.com\/site\/repdom\/wp-content\/uploads\/sites\/6\/2025\/10\/db59d72c-1884-4cb3-9ff4-07887a362ecc-300x200.jpeg 300w, https:\/\/noti-america.com\/site\/repdom\/wp-content\/uploads\/sites\/6\/2025\/10\/db59d72c-1884-4cb3-9ff4-07887a362ecc-1024x682.jpeg 1024w, https:\/\/noti-america.com\/site\/repdom\/wp-content\/uploads\/sites\/6\/2025\/10\/db59d72c-1884-4cb3-9ff4-07887a362ecc-768x512.jpeg 768w, https:\/\/noti-america.com\/site\/repdom\/wp-content\/uploads\/sites\/6\/2025\/10\/db59d72c-1884-4cb3-9ff4-07887a362ecc-1536x1023.jpeg 1536w, https:\/\/noti-america.com\/site\/repdom\/wp-content\/uploads\/sites\/6\/2025\/10\/db59d72c-1884-4cb3-9ff4-07887a362ecc-272x182.jpeg 272w, https:\/\/noti-america.com\/site\/repdom\/wp-content\/uploads\/sites\/6\/2025\/10\/db59d72c-1884-4cb3-9ff4-07887a362ecc.jpeg 1600w\" sizes=\"auto, (max-width: 300px) 100vw, 300px\" \/><\/p>\n<p><strong>Dios me trajo hasta aqu\u00ed para ser puente de mis dos naciones para el mundo<\/strong><\/p>\n<p>&nbsp;<\/p>\n<p>*Santo Domingo, R.D.* \u2013 Patricia Fallas, comunicadora, gestora de proyectos y promotora cultural costarricense, se ha convertido en una voz inspiradora que une culturas y promueve el amor por la identidad latinoamericana. Con un coraz\u00f3n dividido entre Costa Rica y la Rep\u00fablica Dominicana, Patricia ha sabido transformar su experiencia de vida en un mensaje de esperanza, fe y uni\u00f3n entre los pueblos.<\/p>\n<p>Desde su llegada a la Rep\u00fablica Dominicana, qued\u00f3 profundamente conmovida por la calidez, la alegr\u00eda y la hospitalidad del pueblo dominicano. _\u201cRep\u00fablica Dominicana me conquist\u00f3 por su gente, su esp\u00edritu solidario y su capacidad de sonre\u00edr aun en los desaf\u00edos. Aqu\u00ed aprend\u00ed el verdadero significado de comunidad y gratitud\u201d, expresa con emoci\u00f3n._<\/p>\n<p><img loading=\"lazy\" decoding=\"async\" class=\"alignnone size-medium wp-image-35477\" src=\"https:\/\/noti-america.com\/site\/repdom\/wp-content\/uploads\/sites\/6\/2025\/10\/05fc9f91-6bec-45c4-8177-ad9b0908b1fa-225x300.jpeg\" alt=\"\" width=\"225\" height=\"300\" srcset=\"https:\/\/noti-america.com\/site\/repdom\/wp-content\/uploads\/sites\/6\/2025\/10\/05fc9f91-6bec-45c4-8177-ad9b0908b1fa-225x300.jpeg 225w, https:\/\/noti-america.com\/site\/repdom\/wp-content\/uploads\/sites\/6\/2025\/10\/05fc9f91-6bec-45c4-8177-ad9b0908b1fa-768x1024.jpeg 768w, https:\/\/noti-america.com\/site\/repdom\/wp-content\/uploads\/sites\/6\/2025\/10\/05fc9f91-6bec-45c4-8177-ad9b0908b1fa-1152x1536.jpeg 1152w, https:\/\/noti-america.com\/site\/repdom\/wp-content\/uploads\/sites\/6\/2025\/10\/05fc9f91-6bec-45c4-8177-ad9b0908b1fa.jpeg 1200w\" sizes=\"auto, (max-width: 225px) 100vw, 225px\" \/><\/p>\n<p>Cuando habla de ambas naciones los ojos le brillan pues tanto su esposo como sus hijos son dominicanos y ellos son la evidencia de una \u00abtica\u00bb qu\u00e9 canta con fervor qu\u00e9 los \u00abquisqueyanos somos valientes y alzamos nuestra voz.<\/p>\n<p>*Participaci\u00f3n en instituciones dominicanas*<\/p>\n<p>Recientemente, en octubre de 2025, Patricia Fallas fue invitada por la **Direcci\u00f3n General de \u00c9tica e Integridad Gubernamental (DIGEIG)** como conferencista en el **conversatorio \u201cDiversidad, identidad y aportes de las naciones\u201d**, un espacio que promovi\u00f3 la reflexi\u00f3n sobre el valor de la interculturalidad y la integridad en la gesti\u00f3n p\u00fablica. Su intervenci\u00f3n fue ampliamente elogiada por su mensaje de uni\u00f3n y respeto entre las naciones, destacando que la diversidad cultural no nos separa, sino que nos enriquece.<\/p>\n<p>*\u00bfQui\u00e9n es Patricia Fallas?*<\/p>\n<p><img loading=\"lazy\" decoding=\"async\" class=\"alignnone size-medium wp-image-35478\" src=\"https:\/\/noti-america.com\/site\/repdom\/wp-content\/uploads\/sites\/6\/2025\/10\/a4b48e61-a99d-4726-8628-53b980d860f9-300x200.jpeg\" alt=\"\" width=\"300\" height=\"200\" srcset=\"https:\/\/noti-america.com\/site\/repdom\/wp-content\/uploads\/sites\/6\/2025\/10\/a4b48e61-a99d-4726-8628-53b980d860f9-300x200.jpeg 300w, https:\/\/noti-america.com\/site\/repdom\/wp-content\/uploads\/sites\/6\/2025\/10\/a4b48e61-a99d-4726-8628-53b980d860f9-1024x683.jpeg 1024w, https:\/\/noti-america.com\/site\/repdom\/wp-content\/uploads\/sites\/6\/2025\/10\/a4b48e61-a99d-4726-8628-53b980d860f9-768x512.jpeg 768w, https:\/\/noti-america.com\/site\/repdom\/wp-content\/uploads\/sites\/6\/2025\/10\/a4b48e61-a99d-4726-8628-53b980d860f9-1536x1024.jpeg 1536w, https:\/\/noti-america.com\/site\/repdom\/wp-content\/uploads\/sites\/6\/2025\/10\/a4b48e61-a99d-4726-8628-53b980d860f9-272x182.jpeg 272w, https:\/\/noti-america.com\/site\/repdom\/wp-content\/uploads\/sites\/6\/2025\/10\/a4b48e61-a99d-4726-8628-53b980d860f9.jpeg 1600w\" sizes=\"auto, (max-width: 300px) 100vw, 300px\" \/><\/p>\n<p>Con una trayectoria de m\u00e1s de dos d\u00e9cadas en comunicaci\u00f3n, educaci\u00f3n y liderazgo social, Patricia Fallas ha desarrollado una destacada carrera como conferencista y formadora internacional.<\/p>\n<p>Con amplia formaci\u00f3n t\u00e9cnica nacional e internacional, Patricia es estudiante de ciencias pol\u00edticas y cuenta con especializaciones en liderazgo, \u00e9tica y desarrollo humano. Ha colaborado con organizaciones p\u00fablicas y privadas en Am\u00e9rica Latina, impulsando programas de transformaci\u00f3n cultural, fortalecimiento institucional y empoderamiento de mujeres l\u00edderes. Su labor combina la excelencia profesional con una profunda vocaci\u00f3n de servicio, enfocada en promover una comunicaci\u00f3n con prop\u00f3sito, basada en valores y en el respeto a la diversidad.<\/p>\n<p>A trav\u00e9s de su trabajo en comunicaci\u00f3n, liderazgo y formaci\u00f3n, Patricia impulsa proyectos que promueven los valores cristianos, el desarrollo humano y la valorizaci\u00f3n de los talentos latinoamericanos. Su testimonio refleja c\u00f3mo la fe y el amor por el servicio pueden derribar fronteras y tender puentes de entendimiento.<\/p>\n<p>\u201cLlevar en el coraz\u00f3n dos patrias es un regalo de Dios\u201d, afirma. \u201cCosta Rica me dio ra\u00edces, y la Rep\u00fablica Dominicana me dio alas\u201d.<\/p>\n<p>Con su ejemplo, Patricia Fallas contin\u00faa inspirando a quienes buscan transformar sus entornos con alegr\u00eda, prop\u00f3sito y compromiso, siendo un vivo reflejo de que cuando las culturas se abrazan, los valores se multiplican.<\/p>\n<p>Fuente: Evidencias RD<\/p>\n","protected":false},"excerpt":{"rendered":"<p>Dios me trajo hasta aqu\u00ed para ser puente de mis dos naciones para el mundo &nbsp; *Santo Domingo, R.D.* \u2013 Patricia Fallas, comunicadora, gestora de proyectos y promotora cultural costarricense, se ha convertido en&#46;&#46;&#46;<\/p>\n","protected":false},"author":96,"featured_media":35476,"comment_status":"open","ping_status":"open","sticky":false,"template":"","format":"standard","meta":{"_acf_changed":false,"rop_custom_images_group":[],"rop_custom_messages_group":[],"rop_publish_now":"initial","rop_publish_now_accounts":[],"rop_publish_now_history":[],"rop_publish_now_status":"pending","footnotes":""},"categories":[10],"tags":[],"class_list":["post-35475","post","type-post","status-publish","format-standard","has-post-thumbnail","hentry","category-actualidad"],"acf":[],"yoast_head":"<!-- This site is optimized with the Yoast SEO Premium plugin v24.9 (Yoast SEO v27.2) - https:\/\/yoast.com\/product\/yoast-seo-premium-wordpress\/ -->\n<title>Patricia Fallas: una costarricense que se enamor\u00f3 de la Rep\u00fablica Dominicana y comparte con el mundo el orgullo de sus dos naciones - Rep. Dominicana | Noti-America.com<\/title>\n<meta name=\"robots\" content=\"index, follow, max-snippet:-1, max-image-preview:large, max-video-preview:-1\" \/>\n<link rel=\"canonical\" href=\"https:\/\/noti-america.com\/site\/repdom\/2025\/10\/23\/patricia-fallas-una-costarricense-que-se-enamoro-de-la-republica-dominicana-y-comparte-con-el-mundo-el-orgullo-de-sus-dos-naciones\/\" \/>\n<meta property=\"og:locale\" content=\"es_ES\" \/>\n<meta property=\"og:type\" content=\"article\" \/>\n<meta property=\"og:title\" content=\"Patricia Fallas: una costarricense que se enamor\u00f3 de la Rep\u00fablica Dominicana y comparte con el mundo el orgullo de sus dos naciones\" \/>\n<meta property=\"og:description\" content=\"Dios me trajo hasta aqu\u00ed para ser puente de mis dos naciones para el mundo &nbsp; *Santo Domingo, R.D.* \u2013 Patricia Fallas, comunicadora, gestora de proyectos y promotora cultural costarricense, se ha convertido en&#046;&#046;&#046;\" \/>\n<meta property=\"og:url\" content=\"https:\/\/noti-america.com\/site\/repdom\/2025\/10\/23\/patricia-fallas-una-costarricense-que-se-enamoro-de-la-republica-dominicana-y-comparte-con-el-mundo-el-orgullo-de-sus-dos-naciones\/\" \/>\n<meta property=\"og:site_name\" content=\"Rep. Dominicana | Noti-America.com\" \/>\n<meta property=\"article:author\" content=\"https:\/\/www.facebook.com\/share\/1HVE1qCqVk\/?mibextid=wwXIfr\" \/>\n<meta property=\"article:published_time\" content=\"2025-10-23T13:58:52+00:00\" \/>\n<meta property=\"og:image\" content=\"https:\/\/noti-america.com\/site\/repdom\/wp-content\/uploads\/sites\/6\/2025\/10\/db59d72c-1884-4cb3-9ff4-07887a362ecc.jpeg\" \/>\n\t<meta property=\"og:image:width\" content=\"1600\" \/>\n\t<meta property=\"og:image:height\" content=\"1066\" \/>\n\t<meta property=\"og:image:type\" content=\"image\/jpeg\" \/>\n<meta name=\"author\" content=\"Miguel Ramirez\" \/>\n<meta name=\"twitter:card\" content=\"summary_large_image\" \/>\n<meta name=\"twitter:label1\" content=\"Escrito por\" \/>\n\t<meta name=\"twitter:data1\" content=\"Miguel Ramirez\" \/>\n\t<meta name=\"twitter:label2\" content=\"Tiempo estimado de lectura\" \/>\n\t<meta name=\"twitter:data2\" content=\"3 minutos\" \/>\n<script type=\"application\/ld+json\" class=\"yoast-schema-graph\">{\"@context\":\"https:\/\/schema.org\",\"@graph\":[{\"@type\":\"Article\",\"@id\":\"https:\/\/noti-america.com\/site\/repdom\/2025\/10\/23\/patricia-fallas-una-costarricense-que-se-enamoro-de-la-republica-dominicana-y-comparte-con-el-mundo-el-orgullo-de-sus-dos-naciones\/#article\",\"isPartOf\":{\"@id\":\"https:\/\/noti-america.com\/site\/repdom\/2025\/10\/23\/patricia-fallas-una-costarricense-que-se-enamoro-de-la-republica-dominicana-y-comparte-con-el-mundo-el-orgullo-de-sus-dos-naciones\/\"},\"author\":{\"name\":\"Miguel Ramirez\",\"@id\":\"https:\/\/noti-america.com\/site\/repdom\/#\/schema\/person\/8027db7d71a0328e6e4474fa188c6fb3\"},\"headline\":\"Patricia Fallas: una costarricense que se enamor\u00f3 de la Rep\u00fablica Dominicana y comparte con el mundo el orgullo de sus dos naciones\",\"datePublished\":\"2025-10-23T13:58:52+00:00\",\"mainEntityOfPage\":{\"@id\":\"https:\/\/noti-america.com\/site\/repdom\/2025\/10\/23\/patricia-fallas-una-costarricense-que-se-enamoro-de-la-republica-dominicana-y-comparte-con-el-mundo-el-orgullo-de-sus-dos-naciones\/\"},\"wordCount\":527,\"commentCount\":0,\"publisher\":{\"@id\":\"https:\/\/noti-america.com\/site\/repdom\/#organization\"},\"image\":{\"@id\":\"https:\/\/noti-america.com\/site\/repdom\/2025\/10\/23\/patricia-fallas-una-costarricense-que-se-enamoro-de-la-republica-dominicana-y-comparte-con-el-mundo-el-orgullo-de-sus-dos-naciones\/#primaryimage\"},\"thumbnailUrl\":\"https:\/\/noti-america.com\/site\/repdom\/wp-content\/uploads\/sites\/6\/2025\/10\/db59d72c-1884-4cb3-9ff4-07887a362ecc.jpeg\",\"articleSection\":[\"Actualidad\"],\"inLanguage\":\"es\",\"potentialAction\":[{\"@type\":\"CommentAction\",\"name\":\"Comment\",\"target\":[\"https:\/\/noti-america.com\/site\/repdom\/2025\/10\/23\/patricia-fallas-una-costarricense-que-se-enamoro-de-la-republica-dominicana-y-comparte-con-el-mundo-el-orgullo-de-sus-dos-naciones\/#respond\"]}]},{\"@type\":\"WebPage\",\"@id\":\"https:\/\/noti-america.com\/site\/repdom\/2025\/10\/23\/patricia-fallas-una-costarricense-que-se-enamoro-de-la-republica-dominicana-y-comparte-con-el-mundo-el-orgullo-de-sus-dos-naciones\/\",\"url\":\"https:\/\/noti-america.com\/site\/repdom\/2025\/10\/23\/patricia-fallas-una-costarricense-que-se-enamoro-de-la-republica-dominicana-y-comparte-con-el-mundo-el-orgullo-de-sus-dos-naciones\/\",\"name\":\"Patricia Fallas: una costarricense que se enamor\u00f3 de la Rep\u00fablica Dominicana y comparte con el mundo el orgullo de sus dos naciones - Rep. Dominicana | Noti-America.com\",\"isPartOf\":{\"@id\":\"https:\/\/noti-america.com\/site\/repdom\/#website\"},\"primaryImageOfPage\":{\"@id\":\"https:\/\/noti-america.com\/site\/repdom\/2025\/10\/23\/patricia-fallas-una-costarricense-que-se-enamoro-de-la-republica-dominicana-y-comparte-con-el-mundo-el-orgullo-de-sus-dos-naciones\/#primaryimage\"},\"image\":{\"@id\":\"https:\/\/noti-america.com\/site\/repdom\/2025\/10\/23\/patricia-fallas-una-costarricense-que-se-enamoro-de-la-republica-dominicana-y-comparte-con-el-mundo-el-orgullo-de-sus-dos-naciones\/#primaryimage\"},\"thumbnailUrl\":\"https:\/\/noti-america.com\/site\/repdom\/wp-content\/uploads\/sites\/6\/2025\/10\/db59d72c-1884-4cb3-9ff4-07887a362ecc.jpeg\",\"datePublished\":\"2025-10-23T13:58:52+00:00\",\"breadcrumb\":{\"@id\":\"https:\/\/noti-america.com\/site\/repdom\/2025\/10\/23\/patricia-fallas-una-costarricense-que-se-enamoro-de-la-republica-dominicana-y-comparte-con-el-mundo-el-orgullo-de-sus-dos-naciones\/#breadcrumb\"},\"inLanguage\":\"es\",\"potentialAction\":[{\"@type\":\"ReadAction\",\"target\":[\"https:\/\/noti-america.com\/site\/repdom\/2025\/10\/23\/patricia-fallas-una-costarricense-que-se-enamoro-de-la-republica-dominicana-y-comparte-con-el-mundo-el-orgullo-de-sus-dos-naciones\/\"]}]},{\"@type\":\"ImageObject\",\"inLanguage\":\"es\",\"@id\":\"https:\/\/noti-america.com\/site\/repdom\/2025\/10\/23\/patricia-fallas-una-costarricense-que-se-enamoro-de-la-republica-dominicana-y-comparte-con-el-mundo-el-orgullo-de-sus-dos-naciones\/#primaryimage\",\"url\":\"https:\/\/noti-america.com\/site\/repdom\/wp-content\/uploads\/sites\/6\/2025\/10\/db59d72c-1884-4cb3-9ff4-07887a362ecc.jpeg\",\"contentUrl\":\"https:\/\/noti-america.com\/site\/repdom\/wp-content\/uploads\/sites\/6\/2025\/10\/db59d72c-1884-4cb3-9ff4-07887a362ecc.jpeg\",\"width\":1600,\"height\":1066},{\"@type\":\"BreadcrumbList\",\"@id\":\"https:\/\/noti-america.com\/site\/repdom\/2025\/10\/23\/patricia-fallas-una-costarricense-que-se-enamoro-de-la-republica-dominicana-y-comparte-con-el-mundo-el-orgullo-de-sus-dos-naciones\/#breadcrumb\",\"itemListElement\":[{\"@type\":\"ListItem\",\"position\":1,\"name\":\"Portada\",\"item\":\"https:\/\/noti-america.com\/site\/repdom\/\"},{\"@type\":\"ListItem\",\"position\":2,\"name\":\"Patricia Fallas: una costarricense que se enamor\u00f3 de la Rep\u00fablica Dominicana y comparte con el mundo el orgullo de sus dos naciones\"}]},{\"@type\":\"WebSite\",\"@id\":\"https:\/\/noti-america.com\/site\/repdom\/#website\",\"url\":\"https:\/\/noti-america.com\/site\/repdom\/\",\"name\":\"Rep. Dominicana | Noti-America.com\",\"description\":\"\",\"publisher\":{\"@id\":\"https:\/\/noti-america.com\/site\/repdom\/#organization\"},\"potentialAction\":[{\"@type\":\"SearchAction\",\"target\":{\"@type\":\"EntryPoint\",\"urlTemplate\":\"https:\/\/noti-america.com\/site\/repdom\/?s={search_term_string}\"},\"query-input\":{\"@type\":\"PropertyValueSpecification\",\"valueRequired\":true,\"valueName\":\"search_term_string\"}}],\"inLanguage\":\"es\"},{\"@type\":\"Organization\",\"@id\":\"https:\/\/noti-america.com\/site\/repdom\/#organization\",\"name\":\"Noti-America LLC | Rep\u00fablica Dominicana\",\"url\":\"https:\/\/noti-america.com\/site\/repdom\/\",\"logo\":{\"@type\":\"ImageObject\",\"inLanguage\":\"es\",\"@id\":\"https:\/\/noti-america.com\/site\/repdom\/#\/schema\/logo\/image\/\",\"url\":\"https:\/\/noti-america.com\/site\/repdom\/wp-content\/uploads\/sites\/6\/2020\/07\/LogoNA-4x3-1.jpg\",\"contentUrl\":\"https:\/\/noti-america.com\/site\/repdom\/wp-content\/uploads\/sites\/6\/2020\/07\/LogoNA-4x3-1.jpg\",\"width\":1236,\"height\":1080,\"caption\":\"Noti-America LLC | Rep\u00fablica Dominicana\"},\"image\":{\"@id\":\"https:\/\/noti-america.com\/site\/repdom\/#\/schema\/logo\/image\/\"}},{\"@type\":\"Person\",\"@id\":\"https:\/\/noti-america.com\/site\/repdom\/#\/schema\/person\/8027db7d71a0328e6e4474fa188c6fb3\",\"name\":\"Miguel Ramirez\",\"image\":{\"@type\":\"ImageObject\",\"inLanguage\":\"es\",\"@id\":\"https:\/\/secure.gravatar.com\/avatar\/41a78fb2cdab3e2dc5831d3591f1dab499ed0c22acc464195b09f37c2b3ac2cf?s=96&d=mm&r=g\",\"url\":\"https:\/\/secure.gravatar.com\/avatar\/41a78fb2cdab3e2dc5831d3591f1dab499ed0c22acc464195b09f37c2b3ac2cf?s=96&d=mm&r=g\",\"contentUrl\":\"https:\/\/secure.gravatar.com\/avatar\/41a78fb2cdab3e2dc5831d3591f1dab499ed0c22acc464195b09f37c2b3ac2cf?s=96&d=mm&r=g\",\"caption\":\"Miguel Ramirez\"},\"description\":\"Locutor y periodista digital y coach comunicaci\u00f3n\",\"sameAs\":[\"https:\/\/www.facebook.com\/share\/1HVE1qCqVk\/?mibextid=wwXIfr\"],\"url\":\"https:\/\/noti-america.com\/site\/repdom\/author\/mramirez\/\"}]}<\/script>\n<!-- \/ Yoast SEO Premium plugin. -->","yoast_head_json":{"title":"Patricia Fallas: una costarricense que se enamor\u00f3 de la Rep\u00fablica Dominicana y comparte con el mundo el orgullo de sus dos naciones - Rep. Dominicana | Noti-America.com","robots":{"index":"index","follow":"follow","max-snippet":"max-snippet:-1","max-image-preview":"max-image-preview:large","max-video-preview":"max-video-preview:-1"},"canonical":"https:\/\/noti-america.com\/site\/repdom\/2025\/10\/23\/patricia-fallas-una-costarricense-que-se-enamoro-de-la-republica-dominicana-y-comparte-con-el-mundo-el-orgullo-de-sus-dos-naciones\/","og_locale":"es_ES","og_type":"article","og_title":"Patricia Fallas: una costarricense que se enamor\u00f3 de la Rep\u00fablica Dominicana y comparte con el mundo el orgullo de sus dos naciones","og_description":"Dios me trajo hasta aqu\u00ed para ser puente de mis dos naciones para el mundo &nbsp; *Santo Domingo, R.D.* \u2013 Patricia Fallas, comunicadora, gestora de proyectos y promotora cultural costarricense, se ha convertido en&#46;&#46;&#46;","og_url":"https:\/\/noti-america.com\/site\/repdom\/2025\/10\/23\/patricia-fallas-una-costarricense-que-se-enamoro-de-la-republica-dominicana-y-comparte-con-el-mundo-el-orgullo-de-sus-dos-naciones\/","og_site_name":"Rep. Dominicana | Noti-America.com","article_author":"https:\/\/www.facebook.com\/share\/1HVE1qCqVk\/?mibextid=wwXIfr","article_published_time":"2025-10-23T13:58:52+00:00","og_image":[{"width":1600,"height":1066,"url":"https:\/\/noti-america.com\/site\/repdom\/wp-content\/uploads\/sites\/6\/2025\/10\/db59d72c-1884-4cb3-9ff4-07887a362ecc.jpeg","type":"image\/jpeg"}],"author":"Miguel Ramirez","twitter_card":"summary_large_image","twitter_misc":{"Escrito por":"Miguel Ramirez","Tiempo estimado de lectura":"3 minutos"},"schema":{"@context":"https:\/\/schema.org","@graph":[{"@type":"Article","@id":"https:\/\/noti-america.com\/site\/repdom\/2025\/10\/23\/patricia-fallas-una-costarricense-que-se-enamoro-de-la-republica-dominicana-y-comparte-con-el-mundo-el-orgullo-de-sus-dos-naciones\/#article","isPartOf":{"@id":"https:\/\/noti-america.com\/site\/repdom\/2025\/10\/23\/patricia-fallas-una-costarricense-que-se-enamoro-de-la-republica-dominicana-y-comparte-con-el-mundo-el-orgullo-de-sus-dos-naciones\/"},"author":{"name":"Miguel Ramirez","@id":"https:\/\/noti-america.com\/site\/repdom\/#\/schema\/person\/8027db7d71a0328e6e4474fa188c6fb3"},"headline":"Patricia Fallas: una costarricense que se enamor\u00f3 de la Rep\u00fablica Dominicana y comparte con el mundo el orgullo de sus dos naciones","datePublished":"2025-10-23T13:58:52+00:00","mainEntityOfPage":{"@id":"https:\/\/noti-america.com\/site\/repdom\/2025\/10\/23\/patricia-fallas-una-costarricense-que-se-enamoro-de-la-republica-dominicana-y-comparte-con-el-mundo-el-orgullo-de-sus-dos-naciones\/"},"wordCount":527,"commentCount":0,"publisher":{"@id":"https:\/\/noti-america.com\/site\/repdom\/#organization"},"image":{"@id":"https:\/\/noti-america.com\/site\/repdom\/2025\/10\/23\/patricia-fallas-una-costarricense-que-se-enamoro-de-la-republica-dominicana-y-comparte-con-el-mundo-el-orgullo-de-sus-dos-naciones\/#primaryimage"},"thumbnailUrl":"https:\/\/noti-america.com\/site\/repdom\/wp-content\/uploads\/sites\/6\/2025\/10\/db59d72c-1884-4cb3-9ff4-07887a362ecc.jpeg","articleSection":["Actualidad"],"inLanguage":"es","potentialAction":[{"@type":"CommentAction","name":"Comment","target":["https:\/\/noti-america.com\/site\/repdom\/2025\/10\/23\/patricia-fallas-una-costarricense-que-se-enamoro-de-la-republica-dominicana-y-comparte-con-el-mundo-el-orgullo-de-sus-dos-naciones\/#respond"]}]},{"@type":"WebPage","@id":"https:\/\/noti-america.com\/site\/repdom\/2025\/10\/23\/patricia-fallas-una-costarricense-que-se-enamoro-de-la-republica-dominicana-y-comparte-con-el-mundo-el-orgullo-de-sus-dos-naciones\/","url":"https:\/\/noti-america.com\/site\/repdom\/2025\/10\/23\/patricia-fallas-una-costarricense-que-se-enamoro-de-la-republica-dominicana-y-comparte-con-el-mundo-el-orgullo-de-sus-dos-naciones\/","name":"Patricia Fallas: una costarricense que se enamor\u00f3 de la Rep\u00fablica Dominicana y comparte con el mundo el orgullo de sus dos naciones - Rep. Dominicana | Noti-America.com","isPartOf":{"@id":"https:\/\/noti-america.com\/site\/repdom\/#website"},"primaryImageOfPage":{"@id":"https:\/\/noti-america.com\/site\/repdom\/2025\/10\/23\/patricia-fallas-una-costarricense-que-se-enamoro-de-la-republica-dominicana-y-comparte-con-el-mundo-el-orgullo-de-sus-dos-naciones\/#primaryimage"},"image":{"@id":"https:\/\/noti-america.com\/site\/repdom\/2025\/10\/23\/patricia-fallas-una-costarricense-que-se-enamoro-de-la-republica-dominicana-y-comparte-con-el-mundo-el-orgullo-de-sus-dos-naciones\/#primaryimage"},"thumbnailUrl":"https:\/\/noti-america.com\/site\/repdom\/wp-content\/uploads\/sites\/6\/2025\/10\/db59d72c-1884-4cb3-9ff4-07887a362ecc.jpeg","datePublished":"2025-10-23T13:58:52+00:00","breadcrumb":{"@id":"https:\/\/noti-america.com\/site\/repdom\/2025\/10\/23\/patricia-fallas-una-costarricense-que-se-enamoro-de-la-republica-dominicana-y-comparte-con-el-mundo-el-orgullo-de-sus-dos-naciones\/#breadcrumb"},"inLanguage":"es","potentialAction":[{"@type":"ReadAction","target":["https:\/\/noti-america.com\/site\/repdom\/2025\/10\/23\/patricia-fallas-una-costarricense-que-se-enamoro-de-la-republica-dominicana-y-comparte-con-el-mundo-el-orgullo-de-sus-dos-naciones\/"]}]},{"@type":"ImageObject","inLanguage":"es","@id":"https:\/\/noti-america.com\/site\/repdom\/2025\/10\/23\/patricia-fallas-una-costarricense-que-se-enamoro-de-la-republica-dominicana-y-comparte-con-el-mundo-el-orgullo-de-sus-dos-naciones\/#primaryimage","url":"https:\/\/noti-america.com\/site\/repdom\/wp-content\/uploads\/sites\/6\/2025\/10\/db59d72c-1884-4cb3-9ff4-07887a362ecc.jpeg","contentUrl":"https:\/\/noti-america.com\/site\/repdom\/wp-content\/uploads\/sites\/6\/2025\/10\/db59d72c-1884-4cb3-9ff4-07887a362ecc.jpeg","width":1600,"height":1066},{"@type":"BreadcrumbList","@id":"https:\/\/noti-america.com\/site\/repdom\/2025\/10\/23\/patricia-fallas-una-costarricense-que-se-enamoro-de-la-republica-dominicana-y-comparte-con-el-mundo-el-orgullo-de-sus-dos-naciones\/#breadcrumb","itemListElement":[{"@type":"ListItem","position":1,"name":"Portada","item":"https:\/\/noti-america.com\/site\/repdom\/"},{"@type":"ListItem","position":2,"name":"Patricia Fallas: una costarricense que se enamor\u00f3 de la Rep\u00fablica Dominicana y comparte con el mundo el orgullo de sus dos naciones"}]},{"@type":"WebSite","@id":"https:\/\/noti-america.com\/site\/repdom\/#website","url":"https:\/\/noti-america.com\/site\/repdom\/","name":"Rep. Dominicana | Noti-America.com","description":"","publisher":{"@id":"https:\/\/noti-america.com\/site\/repdom\/#organization"},"potentialAction":[{"@type":"SearchAction","target":{"@type":"EntryPoint","urlTemplate":"https:\/\/noti-america.com\/site\/repdom\/?s={search_term_string}"},"query-input":{"@type":"PropertyValueSpecification","valueRequired":true,"valueName":"search_term_string"}}],"inLanguage":"es"},{"@type":"Organization","@id":"https:\/\/noti-america.com\/site\/repdom\/#organization","name":"Noti-America LLC | Rep\u00fablica Dominicana","url":"https:\/\/noti-america.com\/site\/repdom\/","logo":{"@type":"ImageObject","inLanguage":"es","@id":"https:\/\/noti-america.com\/site\/repdom\/#\/schema\/logo\/image\/","url":"https:\/\/noti-america.com\/site\/repdom\/wp-content\/uploads\/sites\/6\/2020\/07\/LogoNA-4x3-1.jpg","contentUrl":"https:\/\/noti-america.com\/site\/repdom\/wp-content\/uploads\/sites\/6\/2020\/07\/LogoNA-4x3-1.jpg","width":1236,"height":1080,"caption":"Noti-America LLC | Rep\u00fablica Dominicana"},"image":{"@id":"https:\/\/noti-america.com\/site\/repdom\/#\/schema\/logo\/image\/"}},{"@type":"Person","@id":"https:\/\/noti-america.com\/site\/repdom\/#\/schema\/person\/8027db7d71a0328e6e4474fa188c6fb3","name":"Miguel Ramirez","image":{"@type":"ImageObject","inLanguage":"es","@id":"https:\/\/secure.gravatar.com\/avatar\/41a78fb2cdab3e2dc5831d3591f1dab499ed0c22acc464195b09f37c2b3ac2cf?s=96&d=mm&r=g","url":"https:\/\/secure.gravatar.com\/avatar\/41a78fb2cdab3e2dc5831d3591f1dab499ed0c22acc464195b09f37c2b3ac2cf?s=96&d=mm&r=g","contentUrl":"https:\/\/secure.gravatar.com\/avatar\/41a78fb2cdab3e2dc5831d3591f1dab499ed0c22acc464195b09f37c2b3ac2cf?s=96&d=mm&r=g","caption":"Miguel Ramirez"},"description":"Locutor y periodista digital y coach comunicaci\u00f3n","sameAs":["https:\/\/www.facebook.com\/share\/1HVE1qCqVk\/?mibextid=wwXIfr"],"url":"https:\/\/noti-america.com\/site\/repdom\/author\/mramirez\/"}]}},"_links":{"self":[{"href":"https:\/\/noti-america.com\/site\/repdom\/wp-json\/wp\/v2\/posts\/35475","targetHints":{"allow":["GET"]}}],"collection":[{"href":"https:\/\/noti-america.com\/site\/repdom\/wp-json\/wp\/v2\/posts"}],"about":[{"href":"https:\/\/noti-america.com\/site\/repdom\/wp-json\/wp\/v2\/types\/post"}],"author":[{"embeddable":true,"href":"https:\/\/noti-america.com\/site\/repdom\/wp-json\/wp\/v2\/users\/96"}],"replies":[{"embeddable":true,"href":"https:\/\/noti-america.com\/site\/repdom\/wp-json\/wp\/v2\/comments?post=35475"}],"version-history":[{"count":1,"href":"https:\/\/noti-america.com\/site\/repdom\/wp-json\/wp\/v2\/posts\/35475\/revisions"}],"predecessor-version":[{"id":35481,"href":"https:\/\/noti-america.com\/site\/repdom\/wp-json\/wp\/v2\/posts\/35475\/revisions\/35481"}],"wp:featuredmedia":[{"embeddable":true,"href":"https:\/\/noti-america.com\/site\/repdom\/wp-json\/wp\/v2\/media\/35476"}],"wp:attachment":[{"href":"https:\/\/noti-america.com\/site\/repdom\/wp-json\/wp\/v2\/media?parent=35475"}],"wp:term":[{"taxonomy":"category","embeddable":true,"href":"https:\/\/noti-america.com\/site\/repdom\/wp-json\/wp\/v2\/categories?post=35475"},{"taxonomy":"post_tag","embeddable":true,"href":"https:\/\/noti-america.com\/site\/repdom\/wp-json\/wp\/v2\/tags?post=35475"}],"curies":[{"name":"wp","href":"https:\/\/api.w.org\/{rel}","templated":true}]}}