{"id":35301,"date":"2025-10-13T19:44:32","date_gmt":"2025-10-13T19:44:32","guid":{"rendered":"https:\/\/noti-america.com\/site\/repdom\/?p=35301"},"modified":"2025-10-13T19:46:27","modified_gmt":"2025-10-13T19:46:27","slug":"el-eden-se-corona-campeon-del-ii-clasico-de-baloncesto-hugo-cabrera-u16","status":"publish","type":"post","link":"https:\/\/noti-america.com\/site\/repdom\/2025\/10\/13\/el-eden-se-corona-campeon-del-ii-clasico-de-baloncesto-hugo-cabrera-u16\/","title":{"rendered":"El Ed\u00e9n se corona campe\u00f3n del II Cl\u00e1sico de Baloncesto Hugo Cabrera U16"},"content":{"rendered":"<p>NOTI-AMERICA.COM <em>|\u00a0<\/em>REP\u00daBLICA DOMINICANA<\/p>\n<p style=\"text-align: justify\">SANTO DOMINGO &#8211; El club El Ed\u00e9n, del municipio de Nagua, en la provincia Mar\u00eda Trinidad S\u00e1nchez, conquist\u00f3 el t\u00edtulo de campe\u00f3n del II Cl\u00e1sico de Baloncesto Hugo Cabrera U16 que con la participaci\u00f3n de 20 equipos se culmin\u00f3 este lunes en los Estados Unidos.<\/p>\n<p style=\"text-align: justify\">El Ed\u00e9n venci\u00f3 58-47 a los Reales del Caliche, del Cristo Rey, en el partido final disputado en la Escuela Secundaria de la ciudad de Union City, estado norteamericano de Nueva Jersey.<\/p>\n<p style=\"text-align: justify\">Yanden P\u00e9rez se present\u00f3 bestial en la duela con 28 puntos, seis rebotes y cuatro asistencias, Enmanuel V\u00e1squez 14 tantos y tom\u00f3 ocho balones, y Kelfry Rosario siete y nueve atrapadas.<\/p>\n<p style=\"text-align: justify\">Por los vencidos, Justin Rinc\u00f3n logr\u00f3 un doble-doble de 32 puntos y 13 rebotes, y Jeudy Rodr\u00edguez le respald\u00f3 con nueve encestes.<\/p>\n<p style=\"text-align: justify\">El certamen juvenil masculino se celebr\u00f3 del 10 al 13 de este mes, en el citado centro de estudios secundarios de Nueva Jersey y fue dedicado en especial al doctor Ram\u00f3n Tallaj.<\/p>\n<p style=\"text-align: justify\">La organizaci\u00f3n estuvo a cargo de la Hispanic Basketball Association (HBA), que preside el Inmortal del Deporte Dominicano Manolito Prince, y la direcci\u00f3n t\u00e9cnica de V\u00edctor Sierra.<\/p>\n<p style=\"text-align: justify\"><strong>Puerto Plata en tercero<\/strong><\/p>\n<p style=\"text-align: justify\">La escuadra representativa de la provincia de Puerto Plata se adjudic\u00f3 la tercera posici\u00f3n de la justa tras imponerse 60-41 al club San L\u00e1zaro, de Santo Domingo, en el mismo escenario.<\/p>\n<p style=\"text-align: justify\">Jes\u00fas N\u00fa\u00f1ez anot\u00f3 14 puntos y seis rebotes, Greuris Almonte y Erick Dom\u00ednguez con nueve d\u00edgitos cada uno, Yariel Pe\u00f1a ocho y Wellington Vargas seis encestes m\u00e1s cinco asistencias.<\/p>\n<p style=\"text-align: justify\">Compitieron 20 equipos, 16 de la Rep\u00fablica Dominicana de los clubes Bameso, Academia Sue\u00f1os Basketball, Villa Francisca, Renacer, Gregorio Luper\u00f3n, Gladiadores, La Ci\u00e9naga, El Ed\u00e9n de Nagua, Ensanche La Fe, Academia Jos\u00e9 P\u00e9rez, los Toritos Kids, Brisas del Isabela, Puerto Plata, Bameso NY, Reales del Caliche y San L\u00e1zaro.<\/p>\n<p style=\"text-align: justify\">Adem\u00e1s, de cuatro combinados de los Estados Unidos como lo son Union City High School, Washington Heights JV, Uni\u00f3n Deportiva de Providence y New York City Elite.<\/p>\n<p style=\"text-align: justify\">La Junta de Directores de la HBA la integran el Dr. Ram\u00f3n Tallaj, Alex Damir\u00f3n, V\u00edctor Sierra, Jos\u00e9 De Lemos, Ram\u00f3n Tallaj Jr., Julio Pab\u00f3n y las colaboraciones de, Gilberto De la Cruz, Amauris Castillo, Mariel Gilbert, Jos\u00e9 -Chacho- Morillo, Luis Rojas, Antonio Valdez, Erick Mer\u00e1n, Di\u00f3genes Paredes, y el personal de la compa\u00f1\u00eda P&amp;G.<\/p>\n","protected":false},"excerpt":{"rendered":"<p>NOTI-AMERICA.COM |\u00a0REP\u00daBLICA DOMINICANA SANTO DOMINGO &#8211; El club El Ed\u00e9n, del municipio de Nagua, en la provincia Mar\u00eda Trinidad S\u00e1nchez, conquist\u00f3 el t\u00edtulo de campe\u00f3n del II Cl\u00e1sico de Baloncesto Hugo Cabrera U16 que&#46;&#46;&#46;<\/p>\n","protected":false},"author":89,"featured_media":35302,"comment_status":"open","ping_status":"open","sticky":false,"template":"","format":"standard","meta":{"_acf_changed":false,"rop_custom_images_group":[],"rop_custom_messages_group":[],"rop_publish_now":"initial","rop_publish_now_accounts":[],"rop_publish_now_history":[],"rop_publish_now_status":"pending","footnotes":""},"categories":[16],"tags":[212,4385,4384],"class_list":["post-35301","post","type-post","status-publish","format-standard","has-post-thumbnail","hentry","category-deportes","tag-baloncesto-dominicano","tag-club-el-eden","tag-ii-clasico-de-baloncesto-hugo-cabrera-u16"],"acf":[],"yoast_head":"<!-- This site is optimized with the Yoast SEO Premium plugin v24.9 (Yoast SEO v27.2) - https:\/\/yoast.com\/product\/yoast-seo-premium-wordpress\/ -->\n<title>El Ed\u00e9n se corona campe\u00f3n del II Cl\u00e1sico de Baloncesto Hugo Cabrera U16 - Rep. Dominicana | Noti-America.com<\/title>\n<meta name=\"robots\" content=\"index, follow, max-snippet:-1, max-image-preview:large, max-video-preview:-1\" \/>\n<link rel=\"canonical\" href=\"https:\/\/noti-america.com\/site\/repdom\/2025\/10\/13\/el-eden-se-corona-campeon-del-ii-clasico-de-baloncesto-hugo-cabrera-u16\/\" \/>\n<meta property=\"og:locale\" content=\"es_ES\" \/>\n<meta property=\"og:type\" content=\"article\" \/>\n<meta property=\"og:title\" content=\"El Ed\u00e9n se corona campe\u00f3n del II Cl\u00e1sico de Baloncesto Hugo Cabrera U16\" \/>\n<meta property=\"og:description\" content=\"NOTI-AMERICA.COM |\u00a0REP\u00daBLICA DOMINICANA SANTO DOMINGO &#8211; El club El Ed\u00e9n, del municipio de Nagua, en la provincia Mar\u00eda Trinidad S\u00e1nchez, conquist\u00f3 el t\u00edtulo de campe\u00f3n del II Cl\u00e1sico de Baloncesto Hugo Cabrera U16 que&#046;&#046;&#046;\" \/>\n<meta property=\"og:url\" content=\"https:\/\/noti-america.com\/site\/repdom\/2025\/10\/13\/el-eden-se-corona-campeon-del-ii-clasico-de-baloncesto-hugo-cabrera-u16\/\" \/>\n<meta property=\"og:site_name\" content=\"Rep. Dominicana | Noti-America.com\" \/>\n<meta property=\"article:published_time\" content=\"2025-10-13T19:44:32+00:00\" \/>\n<meta property=\"article:modified_time\" content=\"2025-10-13T19:46:27+00:00\" \/>\n<meta property=\"og:image\" content=\"https:\/\/noti-america.com\/site\/repdom\/wp-content\/uploads\/sites\/6\/2025\/10\/Club-El-Eden.jpeg\" \/>\n\t<meta property=\"og:image:width\" content=\"1094\" \/>\n\t<meta property=\"og:image:height\" content=\"678\" \/>\n\t<meta property=\"og:image:type\" content=\"image\/jpeg\" \/>\n<meta name=\"author\" content=\"Ad\u00e1n Soriano\" \/>\n<meta name=\"twitter:card\" content=\"summary_large_image\" \/>\n<meta name=\"twitter:creator\" content=\"@adansoriano\" \/>\n<meta name=\"twitter:label1\" content=\"Escrito por\" \/>\n\t<meta name=\"twitter:data1\" content=\"Ad\u00e1n Soriano\" \/>\n\t<meta name=\"twitter:label2\" content=\"Tiempo estimado de lectura\" \/>\n\t<meta name=\"twitter:data2\" content=\"2 minutos\" \/>\n<script type=\"application\/ld+json\" class=\"yoast-schema-graph\">{\"@context\":\"https:\/\/schema.org\",\"@graph\":[{\"@type\":\"Article\",\"@id\":\"https:\/\/noti-america.com\/site\/repdom\/2025\/10\/13\/el-eden-se-corona-campeon-del-ii-clasico-de-baloncesto-hugo-cabrera-u16\/#article\",\"isPartOf\":{\"@id\":\"https:\/\/noti-america.com\/site\/repdom\/2025\/10\/13\/el-eden-se-corona-campeon-del-ii-clasico-de-baloncesto-hugo-cabrera-u16\/\"},\"author\":{\"name\":\"Ad\u00e1n Soriano\",\"@id\":\"https:\/\/noti-america.com\/site\/repdom\/#\/schema\/person\/fd0092c1530d275fabaa5cffcbc2b976\"},\"headline\":\"El Ed\u00e9n se corona campe\u00f3n del II Cl\u00e1sico de Baloncesto Hugo Cabrera U16\",\"datePublished\":\"2025-10-13T19:44:32+00:00\",\"dateModified\":\"2025-10-13T19:46:27+00:00\",\"mainEntityOfPage\":{\"@id\":\"https:\/\/noti-america.com\/site\/repdom\/2025\/10\/13\/el-eden-se-corona-campeon-del-ii-clasico-de-baloncesto-hugo-cabrera-u16\/\"},\"wordCount\":439,\"commentCount\":0,\"publisher\":{\"@id\":\"https:\/\/noti-america.com\/site\/repdom\/#organization\"},\"image\":{\"@id\":\"https:\/\/noti-america.com\/site\/repdom\/2025\/10\/13\/el-eden-se-corona-campeon-del-ii-clasico-de-baloncesto-hugo-cabrera-u16\/#primaryimage\"},\"thumbnailUrl\":\"https:\/\/noti-america.com\/site\/repdom\/wp-content\/uploads\/sites\/6\/2025\/10\/Club-El-Eden.jpeg\",\"keywords\":[\"Baloncesto Dominicano\",\"Club El Ed\u00e9n\",\"II Cl\u00e1sico de Baloncesto Hugo Cabrera U16\"],\"articleSection\":[\"Deportes\"],\"inLanguage\":\"es\",\"potentialAction\":[{\"@type\":\"CommentAction\",\"name\":\"Comment\",\"target\":[\"https:\/\/noti-america.com\/site\/repdom\/2025\/10\/13\/el-eden-se-corona-campeon-del-ii-clasico-de-baloncesto-hugo-cabrera-u16\/#respond\"]}]},{\"@type\":\"WebPage\",\"@id\":\"https:\/\/noti-america.com\/site\/repdom\/2025\/10\/13\/el-eden-se-corona-campeon-del-ii-clasico-de-baloncesto-hugo-cabrera-u16\/\",\"url\":\"https:\/\/noti-america.com\/site\/repdom\/2025\/10\/13\/el-eden-se-corona-campeon-del-ii-clasico-de-baloncesto-hugo-cabrera-u16\/\",\"name\":\"El Ed\u00e9n se corona campe\u00f3n del II Cl\u00e1sico de Baloncesto Hugo Cabrera U16 - Rep. Dominicana | Noti-America.com\",\"isPartOf\":{\"@id\":\"https:\/\/noti-america.com\/site\/repdom\/#website\"},\"primaryImageOfPage\":{\"@id\":\"https:\/\/noti-america.com\/site\/repdom\/2025\/10\/13\/el-eden-se-corona-campeon-del-ii-clasico-de-baloncesto-hugo-cabrera-u16\/#primaryimage\"},\"image\":{\"@id\":\"https:\/\/noti-america.com\/site\/repdom\/2025\/10\/13\/el-eden-se-corona-campeon-del-ii-clasico-de-baloncesto-hugo-cabrera-u16\/#primaryimage\"},\"thumbnailUrl\":\"https:\/\/noti-america.com\/site\/repdom\/wp-content\/uploads\/sites\/6\/2025\/10\/Club-El-Eden.jpeg\",\"datePublished\":\"2025-10-13T19:44:32+00:00\",\"dateModified\":\"2025-10-13T19:46:27+00:00\",\"breadcrumb\":{\"@id\":\"https:\/\/noti-america.com\/site\/repdom\/2025\/10\/13\/el-eden-se-corona-campeon-del-ii-clasico-de-baloncesto-hugo-cabrera-u16\/#breadcrumb\"},\"inLanguage\":\"es\",\"potentialAction\":[{\"@type\":\"ReadAction\",\"target\":[\"https:\/\/noti-america.com\/site\/repdom\/2025\/10\/13\/el-eden-se-corona-campeon-del-ii-clasico-de-baloncesto-hugo-cabrera-u16\/\"]}]},{\"@type\":\"ImageObject\",\"inLanguage\":\"es\",\"@id\":\"https:\/\/noti-america.com\/site\/repdom\/2025\/10\/13\/el-eden-se-corona-campeon-del-ii-clasico-de-baloncesto-hugo-cabrera-u16\/#primaryimage\",\"url\":\"https:\/\/noti-america.com\/site\/repdom\/wp-content\/uploads\/sites\/6\/2025\/10\/Club-El-Eden.jpeg\",\"contentUrl\":\"https:\/\/noti-america.com\/site\/repdom\/wp-content\/uploads\/sites\/6\/2025\/10\/Club-El-Eden.jpeg\",\"width\":1094,\"height\":678},{\"@type\":\"BreadcrumbList\",\"@id\":\"https:\/\/noti-america.com\/site\/repdom\/2025\/10\/13\/el-eden-se-corona-campeon-del-ii-clasico-de-baloncesto-hugo-cabrera-u16\/#breadcrumb\",\"itemListElement\":[{\"@type\":\"ListItem\",\"position\":1,\"name\":\"Portada\",\"item\":\"https:\/\/noti-america.com\/site\/repdom\/\"},{\"@type\":\"ListItem\",\"position\":2,\"name\":\"El Ed\u00e9n se corona campe\u00f3n del II Cl\u00e1sico de Baloncesto Hugo Cabrera U16\"}]},{\"@type\":\"WebSite\",\"@id\":\"https:\/\/noti-america.com\/site\/repdom\/#website\",\"url\":\"https:\/\/noti-america.com\/site\/repdom\/\",\"name\":\"Rep. Dominicana | Noti-America.com\",\"description\":\"\",\"publisher\":{\"@id\":\"https:\/\/noti-america.com\/site\/repdom\/#organization\"},\"potentialAction\":[{\"@type\":\"SearchAction\",\"target\":{\"@type\":\"EntryPoint\",\"urlTemplate\":\"https:\/\/noti-america.com\/site\/repdom\/?s={search_term_string}\"},\"query-input\":{\"@type\":\"PropertyValueSpecification\",\"valueRequired\":true,\"valueName\":\"search_term_string\"}}],\"inLanguage\":\"es\"},{\"@type\":\"Organization\",\"@id\":\"https:\/\/noti-america.com\/site\/repdom\/#organization\",\"name\":\"Noti-America LLC | Rep\u00fablica Dominicana\",\"url\":\"https:\/\/noti-america.com\/site\/repdom\/\",\"logo\":{\"@type\":\"ImageObject\",\"inLanguage\":\"es\",\"@id\":\"https:\/\/noti-america.com\/site\/repdom\/#\/schema\/logo\/image\/\",\"url\":\"https:\/\/noti-america.com\/site\/repdom\/wp-content\/uploads\/sites\/6\/2020\/07\/LogoNA-4x3-1.jpg\",\"contentUrl\":\"https:\/\/noti-america.com\/site\/repdom\/wp-content\/uploads\/sites\/6\/2020\/07\/LogoNA-4x3-1.jpg\",\"width\":1236,\"height\":1080,\"caption\":\"Noti-America LLC | Rep\u00fablica Dominicana\"},\"image\":{\"@id\":\"https:\/\/noti-america.com\/site\/repdom\/#\/schema\/logo\/image\/\"}},{\"@type\":\"Person\",\"@id\":\"https:\/\/noti-america.com\/site\/repdom\/#\/schema\/person\/fd0092c1530d275fabaa5cffcbc2b976\",\"name\":\"Ad\u00e1n Soriano\",\"image\":{\"@type\":\"ImageObject\",\"inLanguage\":\"es\",\"@id\":\"https:\/\/secure.gravatar.com\/avatar\/ecf97ff3aee7ff9efdae670d7e976f3e7e8acc1077e510d73707999a8bfd4467?s=96&d=mm&r=g\",\"url\":\"https:\/\/secure.gravatar.com\/avatar\/ecf97ff3aee7ff9efdae670d7e976f3e7e8acc1077e510d73707999a8bfd4467?s=96&d=mm&r=g\",\"contentUrl\":\"https:\/\/secure.gravatar.com\/avatar\/ecf97ff3aee7ff9efdae670d7e976f3e7e8acc1077e510d73707999a8bfd4467?s=96&d=mm&r=g\",\"caption\":\"Ad\u00e1n Soriano\"},\"description\":\"Soy cronista deportivo con 10 a\u00f1os de experiencia en varios espacios, y conduzco el podcast deportivo llamado Mezcla Deportiva\",\"sameAs\":[\"https:\/\/x.com\/adansoriano\"],\"url\":\"https:\/\/noti-america.com\/site\/repdom\/author\/asoriano\/\"}]}<\/script>\n<!-- \/ Yoast SEO Premium plugin. -->","yoast_head_json":{"title":"El Ed\u00e9n se corona campe\u00f3n del II Cl\u00e1sico de Baloncesto Hugo Cabrera U16 - Rep. Dominicana | Noti-America.com","robots":{"index":"index","follow":"follow","max-snippet":"max-snippet:-1","max-image-preview":"max-image-preview:large","max-video-preview":"max-video-preview:-1"},"canonical":"https:\/\/noti-america.com\/site\/repdom\/2025\/10\/13\/el-eden-se-corona-campeon-del-ii-clasico-de-baloncesto-hugo-cabrera-u16\/","og_locale":"es_ES","og_type":"article","og_title":"El Ed\u00e9n se corona campe\u00f3n del II Cl\u00e1sico de Baloncesto Hugo Cabrera U16","og_description":"NOTI-AMERICA.COM |\u00a0REP\u00daBLICA DOMINICANA SANTO DOMINGO &#8211; El club El Ed\u00e9n, del municipio de Nagua, en la provincia Mar\u00eda Trinidad S\u00e1nchez, conquist\u00f3 el t\u00edtulo de campe\u00f3n del II Cl\u00e1sico de Baloncesto Hugo Cabrera U16 que&#46;&#46;&#46;","og_url":"https:\/\/noti-america.com\/site\/repdom\/2025\/10\/13\/el-eden-se-corona-campeon-del-ii-clasico-de-baloncesto-hugo-cabrera-u16\/","og_site_name":"Rep. Dominicana | Noti-America.com","article_published_time":"2025-10-13T19:44:32+00:00","article_modified_time":"2025-10-13T19:46:27+00:00","og_image":[{"width":1094,"height":678,"url":"https:\/\/noti-america.com\/site\/repdom\/wp-content\/uploads\/sites\/6\/2025\/10\/Club-El-Eden.jpeg","type":"image\/jpeg"}],"author":"Ad\u00e1n Soriano","twitter_card":"summary_large_image","twitter_creator":"@adansoriano","twitter_misc":{"Escrito por":"Ad\u00e1n Soriano","Tiempo estimado de lectura":"2 minutos"},"schema":{"@context":"https:\/\/schema.org","@graph":[{"@type":"Article","@id":"https:\/\/noti-america.com\/site\/repdom\/2025\/10\/13\/el-eden-se-corona-campeon-del-ii-clasico-de-baloncesto-hugo-cabrera-u16\/#article","isPartOf":{"@id":"https:\/\/noti-america.com\/site\/repdom\/2025\/10\/13\/el-eden-se-corona-campeon-del-ii-clasico-de-baloncesto-hugo-cabrera-u16\/"},"author":{"name":"Ad\u00e1n Soriano","@id":"https:\/\/noti-america.com\/site\/repdom\/#\/schema\/person\/fd0092c1530d275fabaa5cffcbc2b976"},"headline":"El Ed\u00e9n se corona campe\u00f3n del II Cl\u00e1sico de Baloncesto Hugo Cabrera U16","datePublished":"2025-10-13T19:44:32+00:00","dateModified":"2025-10-13T19:46:27+00:00","mainEntityOfPage":{"@id":"https:\/\/noti-america.com\/site\/repdom\/2025\/10\/13\/el-eden-se-corona-campeon-del-ii-clasico-de-baloncesto-hugo-cabrera-u16\/"},"wordCount":439,"commentCount":0,"publisher":{"@id":"https:\/\/noti-america.com\/site\/repdom\/#organization"},"image":{"@id":"https:\/\/noti-america.com\/site\/repdom\/2025\/10\/13\/el-eden-se-corona-campeon-del-ii-clasico-de-baloncesto-hugo-cabrera-u16\/#primaryimage"},"thumbnailUrl":"https:\/\/noti-america.com\/site\/repdom\/wp-content\/uploads\/sites\/6\/2025\/10\/Club-El-Eden.jpeg","keywords":["Baloncesto Dominicano","Club El Ed\u00e9n","II Cl\u00e1sico de Baloncesto Hugo Cabrera U16"],"articleSection":["Deportes"],"inLanguage":"es","potentialAction":[{"@type":"CommentAction","name":"Comment","target":["https:\/\/noti-america.com\/site\/repdom\/2025\/10\/13\/el-eden-se-corona-campeon-del-ii-clasico-de-baloncesto-hugo-cabrera-u16\/#respond"]}]},{"@type":"WebPage","@id":"https:\/\/noti-america.com\/site\/repdom\/2025\/10\/13\/el-eden-se-corona-campeon-del-ii-clasico-de-baloncesto-hugo-cabrera-u16\/","url":"https:\/\/noti-america.com\/site\/repdom\/2025\/10\/13\/el-eden-se-corona-campeon-del-ii-clasico-de-baloncesto-hugo-cabrera-u16\/","name":"El Ed\u00e9n se corona campe\u00f3n del II Cl\u00e1sico de Baloncesto Hugo Cabrera U16 - Rep. Dominicana | Noti-America.com","isPartOf":{"@id":"https:\/\/noti-america.com\/site\/repdom\/#website"},"primaryImageOfPage":{"@id":"https:\/\/noti-america.com\/site\/repdom\/2025\/10\/13\/el-eden-se-corona-campeon-del-ii-clasico-de-baloncesto-hugo-cabrera-u16\/#primaryimage"},"image":{"@id":"https:\/\/noti-america.com\/site\/repdom\/2025\/10\/13\/el-eden-se-corona-campeon-del-ii-clasico-de-baloncesto-hugo-cabrera-u16\/#primaryimage"},"thumbnailUrl":"https:\/\/noti-america.com\/site\/repdom\/wp-content\/uploads\/sites\/6\/2025\/10\/Club-El-Eden.jpeg","datePublished":"2025-10-13T19:44:32+00:00","dateModified":"2025-10-13T19:46:27+00:00","breadcrumb":{"@id":"https:\/\/noti-america.com\/site\/repdom\/2025\/10\/13\/el-eden-se-corona-campeon-del-ii-clasico-de-baloncesto-hugo-cabrera-u16\/#breadcrumb"},"inLanguage":"es","potentialAction":[{"@type":"ReadAction","target":["https:\/\/noti-america.com\/site\/repdom\/2025\/10\/13\/el-eden-se-corona-campeon-del-ii-clasico-de-baloncesto-hugo-cabrera-u16\/"]}]},{"@type":"ImageObject","inLanguage":"es","@id":"https:\/\/noti-america.com\/site\/repdom\/2025\/10\/13\/el-eden-se-corona-campeon-del-ii-clasico-de-baloncesto-hugo-cabrera-u16\/#primaryimage","url":"https:\/\/noti-america.com\/site\/repdom\/wp-content\/uploads\/sites\/6\/2025\/10\/Club-El-Eden.jpeg","contentUrl":"https:\/\/noti-america.com\/site\/repdom\/wp-content\/uploads\/sites\/6\/2025\/10\/Club-El-Eden.jpeg","width":1094,"height":678},{"@type":"BreadcrumbList","@id":"https:\/\/noti-america.com\/site\/repdom\/2025\/10\/13\/el-eden-se-corona-campeon-del-ii-clasico-de-baloncesto-hugo-cabrera-u16\/#breadcrumb","itemListElement":[{"@type":"ListItem","position":1,"name":"Portada","item":"https:\/\/noti-america.com\/site\/repdom\/"},{"@type":"ListItem","position":2,"name":"El Ed\u00e9n se corona campe\u00f3n del II Cl\u00e1sico de Baloncesto Hugo Cabrera U16"}]},{"@type":"WebSite","@id":"https:\/\/noti-america.com\/site\/repdom\/#website","url":"https:\/\/noti-america.com\/site\/repdom\/","name":"Rep. Dominicana | Noti-America.com","description":"","publisher":{"@id":"https:\/\/noti-america.com\/site\/repdom\/#organization"},"potentialAction":[{"@type":"SearchAction","target":{"@type":"EntryPoint","urlTemplate":"https:\/\/noti-america.com\/site\/repdom\/?s={search_term_string}"},"query-input":{"@type":"PropertyValueSpecification","valueRequired":true,"valueName":"search_term_string"}}],"inLanguage":"es"},{"@type":"Organization","@id":"https:\/\/noti-america.com\/site\/repdom\/#organization","name":"Noti-America LLC | Rep\u00fablica Dominicana","url":"https:\/\/noti-america.com\/site\/repdom\/","logo":{"@type":"ImageObject","inLanguage":"es","@id":"https:\/\/noti-america.com\/site\/repdom\/#\/schema\/logo\/image\/","url":"https:\/\/noti-america.com\/site\/repdom\/wp-content\/uploads\/sites\/6\/2020\/07\/LogoNA-4x3-1.jpg","contentUrl":"https:\/\/noti-america.com\/site\/repdom\/wp-content\/uploads\/sites\/6\/2020\/07\/LogoNA-4x3-1.jpg","width":1236,"height":1080,"caption":"Noti-America LLC | Rep\u00fablica Dominicana"},"image":{"@id":"https:\/\/noti-america.com\/site\/repdom\/#\/schema\/logo\/image\/"}},{"@type":"Person","@id":"https:\/\/noti-america.com\/site\/repdom\/#\/schema\/person\/fd0092c1530d275fabaa5cffcbc2b976","name":"Ad\u00e1n Soriano","image":{"@type":"ImageObject","inLanguage":"es","@id":"https:\/\/secure.gravatar.com\/avatar\/ecf97ff3aee7ff9efdae670d7e976f3e7e8acc1077e510d73707999a8bfd4467?s=96&d=mm&r=g","url":"https:\/\/secure.gravatar.com\/avatar\/ecf97ff3aee7ff9efdae670d7e976f3e7e8acc1077e510d73707999a8bfd4467?s=96&d=mm&r=g","contentUrl":"https:\/\/secure.gravatar.com\/avatar\/ecf97ff3aee7ff9efdae670d7e976f3e7e8acc1077e510d73707999a8bfd4467?s=96&d=mm&r=g","caption":"Ad\u00e1n Soriano"},"description":"Soy cronista deportivo con 10 a\u00f1os de experiencia en varios espacios, y conduzco el podcast deportivo llamado Mezcla Deportiva","sameAs":["https:\/\/x.com\/adansoriano"],"url":"https:\/\/noti-america.com\/site\/repdom\/author\/asoriano\/"}]}},"_links":{"self":[{"href":"https:\/\/noti-america.com\/site\/repdom\/wp-json\/wp\/v2\/posts\/35301","targetHints":{"allow":["GET"]}}],"collection":[{"href":"https:\/\/noti-america.com\/site\/repdom\/wp-json\/wp\/v2\/posts"}],"about":[{"href":"https:\/\/noti-america.com\/site\/repdom\/wp-json\/wp\/v2\/types\/post"}],"author":[{"embeddable":true,"href":"https:\/\/noti-america.com\/site\/repdom\/wp-json\/wp\/v2\/users\/89"}],"replies":[{"embeddable":true,"href":"https:\/\/noti-america.com\/site\/repdom\/wp-json\/wp\/v2\/comments?post=35301"}],"version-history":[{"count":1,"href":"https:\/\/noti-america.com\/site\/repdom\/wp-json\/wp\/v2\/posts\/35301\/revisions"}],"predecessor-version":[{"id":35303,"href":"https:\/\/noti-america.com\/site\/repdom\/wp-json\/wp\/v2\/posts\/35301\/revisions\/35303"}],"wp:featuredmedia":[{"embeddable":true,"href":"https:\/\/noti-america.com\/site\/repdom\/wp-json\/wp\/v2\/media\/35302"}],"wp:attachment":[{"href":"https:\/\/noti-america.com\/site\/repdom\/wp-json\/wp\/v2\/media?parent=35301"}],"wp:term":[{"taxonomy":"category","embeddable":true,"href":"https:\/\/noti-america.com\/site\/repdom\/wp-json\/wp\/v2\/categories?post=35301"},{"taxonomy":"post_tag","embeddable":true,"href":"https:\/\/noti-america.com\/site\/repdom\/wp-json\/wp\/v2\/tags?post=35301"}],"curies":[{"name":"wp","href":"https:\/\/api.w.org\/{rel}","templated":true}]}}