{"id":34960,"date":"2025-09-27T12:37:38","date_gmt":"2025-09-27T12:37:38","guid":{"rendered":"https:\/\/noti-america.com\/site\/repdom\/?p=34960"},"modified":"2025-09-27T12:37:38","modified_gmt":"2025-09-27T12:37:38","slug":"unidos-por-el-turismo-fetur-y-passport-travel-magazine-celebran-el-dia-internacional-del-turismo","status":"publish","type":"post","link":"https:\/\/noti-america.com\/site\/repdom\/2025\/09\/27\/unidos-por-el-turismo-fetur-y-passport-travel-magazine-celebran-el-dia-internacional-del-turismo\/","title":{"rendered":"Unidos por el Turismo: FETUR y Passport Travel Magazine Celebran el D\u00eda Internacional del Turismo"},"content":{"rendered":"<p><img loading=\"lazy\" decoding=\"async\" class=\"alignnone size-medium wp-image-34961\" src=\"https:\/\/noti-america.com\/site\/repdom\/wp-content\/uploads\/sites\/6\/2025\/09\/236062ae-84f1-4fb1-9a6e-9671b1f5122e-300x266.jpeg\" alt=\"\" width=\"300\" height=\"266\" srcset=\"https:\/\/noti-america.com\/site\/repdom\/wp-content\/uploads\/sites\/6\/2025\/09\/236062ae-84f1-4fb1-9a6e-9671b1f5122e-300x266.jpeg 300w, https:\/\/noti-america.com\/site\/repdom\/wp-content\/uploads\/sites\/6\/2025\/09\/236062ae-84f1-4fb1-9a6e-9671b1f5122e-1024x909.jpeg 1024w, https:\/\/noti-america.com\/site\/repdom\/wp-content\/uploads\/sites\/6\/2025\/09\/236062ae-84f1-4fb1-9a6e-9671b1f5122e-768x682.jpeg 768w, https:\/\/noti-america.com\/site\/repdom\/wp-content\/uploads\/sites\/6\/2025\/09\/236062ae-84f1-4fb1-9a6e-9671b1f5122e.jpeg 1081w\" sizes=\"auto, (max-width: 300px) 100vw, 300px\" \/><\/p>\n<p>&nbsp;<\/p>\n<p>*FETUR Federaci\u00f3n Mundial de Periodistas Latinoamericanos de Turismo y Passport Travel Magazine la revista colombiana de turismo m\u00e1s reconocida en el mundo se unen a la celebraci\u00f3n del D\u00eda Internacional del Turismo.*<\/p>\n<p>Este d\u00eda se celebra cada 27 de septiembre desde 1980. Esta fecha fue seleccionada para coincidir con un evento significativo en la historia del turismo mundial: el d\u00e9cimo aniversario de la adopci\u00f3n de los Estatutos de la OMT el 27 de septiembre de 1970. Por otro lado, es un momento de cruce de la temporada alta de turismo entre el hemisferio norte y el hemisferio sur. Las actividades y eventos de celebraci\u00f3n se centran en destacar las numerosas contribuciones del turismo al desarrollo econ\u00f3mico y social, as\u00ed como en promover pr\u00e1cticas sostenibles en el sector. Durante estos eventos, se promueve la inversi\u00f3n en educaci\u00f3n y formaci\u00f3n en el sector tur\u00edstico, la construcci\u00f3n de infraestructuras sostenibles y la innovaci\u00f3n para fomentar el emprendimiento, especialmente entre mujeres y j\u00f3venes.<\/p>\n<p>Un abrazo afectuoso a todos los actores involucrados en el desarrollo del maravilloso mundo del turismo.<\/p>\n<p>*Tulio Alberto Pizarro Aguilar.-*<br \/>\n*Presidente.*<\/p>\n<p>&nbsp;<\/p>\n<p>&nbsp;<\/p>\n<p>.<\/p>\n<p>&nbsp;<\/p>\n","protected":false},"excerpt":{"rendered":"<p>&nbsp; *FETUR Federaci\u00f3n Mundial de Periodistas Latinoamericanos de Turismo y Passport Travel Magazine la revista colombiana de turismo m\u00e1s reconocida en el mundo se unen a la celebraci\u00f3n del D\u00eda Internacional del Turismo.* Este&#46;&#46;&#46;<\/p>\n","protected":false},"author":96,"featured_media":34961,"comment_status":"open","ping_status":"open","sticky":false,"template":"","format":"standard","meta":{"_acf_changed":false,"rop_custom_images_group":[],"rop_custom_messages_group":[],"rop_publish_now":"initial","rop_publish_now_accounts":[],"rop_publish_now_history":[],"rop_publish_now_status":"pending","footnotes":""},"categories":[334],"tags":[],"class_list":["post-34960","post","type-post","status-publish","format-standard","has-post-thumbnail","hentry","category-turismo"],"acf":[],"yoast_head":"<!-- This site is optimized with the Yoast SEO Premium plugin v24.9 (Yoast SEO v27.2) - https:\/\/yoast.com\/product\/yoast-seo-premium-wordpress\/ -->\n<title>Unidos por el Turismo: FETUR y Passport Travel Magazine Celebran el D\u00eda Internacional del Turismo - Rep. Dominicana | Noti-America.com<\/title>\n<meta name=\"robots\" content=\"index, follow, max-snippet:-1, max-image-preview:large, max-video-preview:-1\" \/>\n<link rel=\"canonical\" href=\"https:\/\/noti-america.com\/site\/repdom\/2025\/09\/27\/unidos-por-el-turismo-fetur-y-passport-travel-magazine-celebran-el-dia-internacional-del-turismo\/\" \/>\n<meta property=\"og:locale\" content=\"es_ES\" \/>\n<meta property=\"og:type\" content=\"article\" \/>\n<meta property=\"og:title\" content=\"Unidos por el Turismo: FETUR y Passport Travel Magazine Celebran el D\u00eda Internacional del Turismo\" \/>\n<meta property=\"og:description\" content=\"&nbsp; *FETUR Federaci\u00f3n Mundial de Periodistas Latinoamericanos de Turismo y Passport Travel Magazine la revista colombiana de turismo m\u00e1s reconocida en el mundo se unen a la celebraci\u00f3n del D\u00eda Internacional del Turismo.* Este&#046;&#046;&#046;\" \/>\n<meta property=\"og:url\" content=\"https:\/\/noti-america.com\/site\/repdom\/2025\/09\/27\/unidos-por-el-turismo-fetur-y-passport-travel-magazine-celebran-el-dia-internacional-del-turismo\/\" \/>\n<meta property=\"og:site_name\" content=\"Rep. Dominicana | Noti-America.com\" \/>\n<meta property=\"article:author\" content=\"https:\/\/www.facebook.com\/share\/1HVE1qCqVk\/?mibextid=wwXIfr\" \/>\n<meta property=\"article:published_time\" content=\"2025-09-27T12:37:38+00:00\" \/>\n<meta property=\"og:image\" content=\"https:\/\/noti-america.com\/site\/repdom\/wp-content\/uploads\/sites\/6\/2025\/09\/236062ae-84f1-4fb1-9a6e-9671b1f5122e.jpeg\" \/>\n\t<meta property=\"og:image:width\" content=\"1081\" \/>\n\t<meta property=\"og:image:height\" content=\"960\" \/>\n\t<meta property=\"og:image:type\" content=\"image\/jpeg\" \/>\n<meta name=\"author\" content=\"Miguel Ramirez\" \/>\n<meta name=\"twitter:card\" content=\"summary_large_image\" \/>\n<meta name=\"twitter:label1\" content=\"Escrito por\" \/>\n\t<meta name=\"twitter:data1\" content=\"Miguel Ramirez\" \/>\n\t<meta name=\"twitter:label2\" content=\"Tiempo estimado de lectura\" \/>\n\t<meta name=\"twitter:data2\" content=\"2 minutos\" \/>\n<script type=\"application\/ld+json\" class=\"yoast-schema-graph\">{\"@context\":\"https:\/\/schema.org\",\"@graph\":[{\"@type\":\"Article\",\"@id\":\"https:\/\/noti-america.com\/site\/repdom\/2025\/09\/27\/unidos-por-el-turismo-fetur-y-passport-travel-magazine-celebran-el-dia-internacional-del-turismo\/#article\",\"isPartOf\":{\"@id\":\"https:\/\/noti-america.com\/site\/repdom\/2025\/09\/27\/unidos-por-el-turismo-fetur-y-passport-travel-magazine-celebran-el-dia-internacional-del-turismo\/\"},\"author\":{\"name\":\"Miguel Ramirez\",\"@id\":\"https:\/\/noti-america.com\/site\/repdom\/#\/schema\/person\/8027db7d71a0328e6e4474fa188c6fb3\"},\"headline\":\"Unidos por el Turismo: FETUR y Passport Travel Magazine Celebran el D\u00eda Internacional del Turismo\",\"datePublished\":\"2025-09-27T12:37:38+00:00\",\"mainEntityOfPage\":{\"@id\":\"https:\/\/noti-america.com\/site\/repdom\/2025\/09\/27\/unidos-por-el-turismo-fetur-y-passport-travel-magazine-celebran-el-dia-internacional-del-turismo\/\"},\"wordCount\":214,\"commentCount\":0,\"publisher\":{\"@id\":\"https:\/\/noti-america.com\/site\/repdom\/#organization\"},\"image\":{\"@id\":\"https:\/\/noti-america.com\/site\/repdom\/2025\/09\/27\/unidos-por-el-turismo-fetur-y-passport-travel-magazine-celebran-el-dia-internacional-del-turismo\/#primaryimage\"},\"thumbnailUrl\":\"https:\/\/noti-america.com\/site\/repdom\/wp-content\/uploads\/sites\/6\/2025\/09\/236062ae-84f1-4fb1-9a6e-9671b1f5122e.jpeg\",\"articleSection\":[\"Turismo\"],\"inLanguage\":\"es\",\"potentialAction\":[{\"@type\":\"CommentAction\",\"name\":\"Comment\",\"target\":[\"https:\/\/noti-america.com\/site\/repdom\/2025\/09\/27\/unidos-por-el-turismo-fetur-y-passport-travel-magazine-celebran-el-dia-internacional-del-turismo\/#respond\"]}]},{\"@type\":\"WebPage\",\"@id\":\"https:\/\/noti-america.com\/site\/repdom\/2025\/09\/27\/unidos-por-el-turismo-fetur-y-passport-travel-magazine-celebran-el-dia-internacional-del-turismo\/\",\"url\":\"https:\/\/noti-america.com\/site\/repdom\/2025\/09\/27\/unidos-por-el-turismo-fetur-y-passport-travel-magazine-celebran-el-dia-internacional-del-turismo\/\",\"name\":\"Unidos por el Turismo: FETUR y Passport Travel Magazine Celebran el D\u00eda Internacional del Turismo - Rep. Dominicana | Noti-America.com\",\"isPartOf\":{\"@id\":\"https:\/\/noti-america.com\/site\/repdom\/#website\"},\"primaryImageOfPage\":{\"@id\":\"https:\/\/noti-america.com\/site\/repdom\/2025\/09\/27\/unidos-por-el-turismo-fetur-y-passport-travel-magazine-celebran-el-dia-internacional-del-turismo\/#primaryimage\"},\"image\":{\"@id\":\"https:\/\/noti-america.com\/site\/repdom\/2025\/09\/27\/unidos-por-el-turismo-fetur-y-passport-travel-magazine-celebran-el-dia-internacional-del-turismo\/#primaryimage\"},\"thumbnailUrl\":\"https:\/\/noti-america.com\/site\/repdom\/wp-content\/uploads\/sites\/6\/2025\/09\/236062ae-84f1-4fb1-9a6e-9671b1f5122e.jpeg\",\"datePublished\":\"2025-09-27T12:37:38+00:00\",\"breadcrumb\":{\"@id\":\"https:\/\/noti-america.com\/site\/repdom\/2025\/09\/27\/unidos-por-el-turismo-fetur-y-passport-travel-magazine-celebran-el-dia-internacional-del-turismo\/#breadcrumb\"},\"inLanguage\":\"es\",\"potentialAction\":[{\"@type\":\"ReadAction\",\"target\":[\"https:\/\/noti-america.com\/site\/repdom\/2025\/09\/27\/unidos-por-el-turismo-fetur-y-passport-travel-magazine-celebran-el-dia-internacional-del-turismo\/\"]}]},{\"@type\":\"ImageObject\",\"inLanguage\":\"es\",\"@id\":\"https:\/\/noti-america.com\/site\/repdom\/2025\/09\/27\/unidos-por-el-turismo-fetur-y-passport-travel-magazine-celebran-el-dia-internacional-del-turismo\/#primaryimage\",\"url\":\"https:\/\/noti-america.com\/site\/repdom\/wp-content\/uploads\/sites\/6\/2025\/09\/236062ae-84f1-4fb1-9a6e-9671b1f5122e.jpeg\",\"contentUrl\":\"https:\/\/noti-america.com\/site\/repdom\/wp-content\/uploads\/sites\/6\/2025\/09\/236062ae-84f1-4fb1-9a6e-9671b1f5122e.jpeg\",\"width\":1081,\"height\":960},{\"@type\":\"BreadcrumbList\",\"@id\":\"https:\/\/noti-america.com\/site\/repdom\/2025\/09\/27\/unidos-por-el-turismo-fetur-y-passport-travel-magazine-celebran-el-dia-internacional-del-turismo\/#breadcrumb\",\"itemListElement\":[{\"@type\":\"ListItem\",\"position\":1,\"name\":\"Portada\",\"item\":\"https:\/\/noti-america.com\/site\/repdom\/\"},{\"@type\":\"ListItem\",\"position\":2,\"name\":\"Unidos por el Turismo: FETUR y Passport Travel Magazine Celebran el D\u00eda Internacional del Turismo\"}]},{\"@type\":\"WebSite\",\"@id\":\"https:\/\/noti-america.com\/site\/repdom\/#website\",\"url\":\"https:\/\/noti-america.com\/site\/repdom\/\",\"name\":\"Rep. Dominicana | Noti-America.com\",\"description\":\"\",\"publisher\":{\"@id\":\"https:\/\/noti-america.com\/site\/repdom\/#organization\"},\"potentialAction\":[{\"@type\":\"SearchAction\",\"target\":{\"@type\":\"EntryPoint\",\"urlTemplate\":\"https:\/\/noti-america.com\/site\/repdom\/?s={search_term_string}\"},\"query-input\":{\"@type\":\"PropertyValueSpecification\",\"valueRequired\":true,\"valueName\":\"search_term_string\"}}],\"inLanguage\":\"es\"},{\"@type\":\"Organization\",\"@id\":\"https:\/\/noti-america.com\/site\/repdom\/#organization\",\"name\":\"Noti-America LLC | Rep\u00fablica Dominicana\",\"url\":\"https:\/\/noti-america.com\/site\/repdom\/\",\"logo\":{\"@type\":\"ImageObject\",\"inLanguage\":\"es\",\"@id\":\"https:\/\/noti-america.com\/site\/repdom\/#\/schema\/logo\/image\/\",\"url\":\"https:\/\/noti-america.com\/site\/repdom\/wp-content\/uploads\/sites\/6\/2020\/07\/LogoNA-4x3-1.jpg\",\"contentUrl\":\"https:\/\/noti-america.com\/site\/repdom\/wp-content\/uploads\/sites\/6\/2020\/07\/LogoNA-4x3-1.jpg\",\"width\":1236,\"height\":1080,\"caption\":\"Noti-America LLC | Rep\u00fablica Dominicana\"},\"image\":{\"@id\":\"https:\/\/noti-america.com\/site\/repdom\/#\/schema\/logo\/image\/\"}},{\"@type\":\"Person\",\"@id\":\"https:\/\/noti-america.com\/site\/repdom\/#\/schema\/person\/8027db7d71a0328e6e4474fa188c6fb3\",\"name\":\"Miguel Ramirez\",\"image\":{\"@type\":\"ImageObject\",\"inLanguage\":\"es\",\"@id\":\"https:\/\/secure.gravatar.com\/avatar\/41a78fb2cdab3e2dc5831d3591f1dab499ed0c22acc464195b09f37c2b3ac2cf?s=96&d=mm&r=g\",\"url\":\"https:\/\/secure.gravatar.com\/avatar\/41a78fb2cdab3e2dc5831d3591f1dab499ed0c22acc464195b09f37c2b3ac2cf?s=96&d=mm&r=g\",\"contentUrl\":\"https:\/\/secure.gravatar.com\/avatar\/41a78fb2cdab3e2dc5831d3591f1dab499ed0c22acc464195b09f37c2b3ac2cf?s=96&d=mm&r=g\",\"caption\":\"Miguel Ramirez\"},\"description\":\"Locutor y periodista digital y coach comunicaci\u00f3n\",\"sameAs\":[\"https:\/\/www.facebook.com\/share\/1HVE1qCqVk\/?mibextid=wwXIfr\"],\"url\":\"https:\/\/noti-america.com\/site\/repdom\/author\/mramirez\/\"}]}<\/script>\n<!-- \/ Yoast SEO Premium plugin. -->","yoast_head_json":{"title":"Unidos por el Turismo: FETUR y Passport Travel Magazine Celebran el D\u00eda Internacional del Turismo - Rep. Dominicana | Noti-America.com","robots":{"index":"index","follow":"follow","max-snippet":"max-snippet:-1","max-image-preview":"max-image-preview:large","max-video-preview":"max-video-preview:-1"},"canonical":"https:\/\/noti-america.com\/site\/repdom\/2025\/09\/27\/unidos-por-el-turismo-fetur-y-passport-travel-magazine-celebran-el-dia-internacional-del-turismo\/","og_locale":"es_ES","og_type":"article","og_title":"Unidos por el Turismo: FETUR y Passport Travel Magazine Celebran el D\u00eda Internacional del Turismo","og_description":"&nbsp; *FETUR Federaci\u00f3n Mundial de Periodistas Latinoamericanos de Turismo y Passport Travel Magazine la revista colombiana de turismo m\u00e1s reconocida en el mundo se unen a la celebraci\u00f3n del D\u00eda Internacional del Turismo.* Este&#46;&#46;&#46;","og_url":"https:\/\/noti-america.com\/site\/repdom\/2025\/09\/27\/unidos-por-el-turismo-fetur-y-passport-travel-magazine-celebran-el-dia-internacional-del-turismo\/","og_site_name":"Rep. Dominicana | Noti-America.com","article_author":"https:\/\/www.facebook.com\/share\/1HVE1qCqVk\/?mibextid=wwXIfr","article_published_time":"2025-09-27T12:37:38+00:00","og_image":[{"width":1081,"height":960,"url":"https:\/\/noti-america.com\/site\/repdom\/wp-content\/uploads\/sites\/6\/2025\/09\/236062ae-84f1-4fb1-9a6e-9671b1f5122e.jpeg","type":"image\/jpeg"}],"author":"Miguel Ramirez","twitter_card":"summary_large_image","twitter_misc":{"Escrito por":"Miguel Ramirez","Tiempo estimado de lectura":"2 minutos"},"schema":{"@context":"https:\/\/schema.org","@graph":[{"@type":"Article","@id":"https:\/\/noti-america.com\/site\/repdom\/2025\/09\/27\/unidos-por-el-turismo-fetur-y-passport-travel-magazine-celebran-el-dia-internacional-del-turismo\/#article","isPartOf":{"@id":"https:\/\/noti-america.com\/site\/repdom\/2025\/09\/27\/unidos-por-el-turismo-fetur-y-passport-travel-magazine-celebran-el-dia-internacional-del-turismo\/"},"author":{"name":"Miguel Ramirez","@id":"https:\/\/noti-america.com\/site\/repdom\/#\/schema\/person\/8027db7d71a0328e6e4474fa188c6fb3"},"headline":"Unidos por el Turismo: FETUR y Passport Travel Magazine Celebran el D\u00eda Internacional del Turismo","datePublished":"2025-09-27T12:37:38+00:00","mainEntityOfPage":{"@id":"https:\/\/noti-america.com\/site\/repdom\/2025\/09\/27\/unidos-por-el-turismo-fetur-y-passport-travel-magazine-celebran-el-dia-internacional-del-turismo\/"},"wordCount":214,"commentCount":0,"publisher":{"@id":"https:\/\/noti-america.com\/site\/repdom\/#organization"},"image":{"@id":"https:\/\/noti-america.com\/site\/repdom\/2025\/09\/27\/unidos-por-el-turismo-fetur-y-passport-travel-magazine-celebran-el-dia-internacional-del-turismo\/#primaryimage"},"thumbnailUrl":"https:\/\/noti-america.com\/site\/repdom\/wp-content\/uploads\/sites\/6\/2025\/09\/236062ae-84f1-4fb1-9a6e-9671b1f5122e.jpeg","articleSection":["Turismo"],"inLanguage":"es","potentialAction":[{"@type":"CommentAction","name":"Comment","target":["https:\/\/noti-america.com\/site\/repdom\/2025\/09\/27\/unidos-por-el-turismo-fetur-y-passport-travel-magazine-celebran-el-dia-internacional-del-turismo\/#respond"]}]},{"@type":"WebPage","@id":"https:\/\/noti-america.com\/site\/repdom\/2025\/09\/27\/unidos-por-el-turismo-fetur-y-passport-travel-magazine-celebran-el-dia-internacional-del-turismo\/","url":"https:\/\/noti-america.com\/site\/repdom\/2025\/09\/27\/unidos-por-el-turismo-fetur-y-passport-travel-magazine-celebran-el-dia-internacional-del-turismo\/","name":"Unidos por el Turismo: FETUR y Passport Travel Magazine Celebran el D\u00eda Internacional del Turismo - Rep. Dominicana | Noti-America.com","isPartOf":{"@id":"https:\/\/noti-america.com\/site\/repdom\/#website"},"primaryImageOfPage":{"@id":"https:\/\/noti-america.com\/site\/repdom\/2025\/09\/27\/unidos-por-el-turismo-fetur-y-passport-travel-magazine-celebran-el-dia-internacional-del-turismo\/#primaryimage"},"image":{"@id":"https:\/\/noti-america.com\/site\/repdom\/2025\/09\/27\/unidos-por-el-turismo-fetur-y-passport-travel-magazine-celebran-el-dia-internacional-del-turismo\/#primaryimage"},"thumbnailUrl":"https:\/\/noti-america.com\/site\/repdom\/wp-content\/uploads\/sites\/6\/2025\/09\/236062ae-84f1-4fb1-9a6e-9671b1f5122e.jpeg","datePublished":"2025-09-27T12:37:38+00:00","breadcrumb":{"@id":"https:\/\/noti-america.com\/site\/repdom\/2025\/09\/27\/unidos-por-el-turismo-fetur-y-passport-travel-magazine-celebran-el-dia-internacional-del-turismo\/#breadcrumb"},"inLanguage":"es","potentialAction":[{"@type":"ReadAction","target":["https:\/\/noti-america.com\/site\/repdom\/2025\/09\/27\/unidos-por-el-turismo-fetur-y-passport-travel-magazine-celebran-el-dia-internacional-del-turismo\/"]}]},{"@type":"ImageObject","inLanguage":"es","@id":"https:\/\/noti-america.com\/site\/repdom\/2025\/09\/27\/unidos-por-el-turismo-fetur-y-passport-travel-magazine-celebran-el-dia-internacional-del-turismo\/#primaryimage","url":"https:\/\/noti-america.com\/site\/repdom\/wp-content\/uploads\/sites\/6\/2025\/09\/236062ae-84f1-4fb1-9a6e-9671b1f5122e.jpeg","contentUrl":"https:\/\/noti-america.com\/site\/repdom\/wp-content\/uploads\/sites\/6\/2025\/09\/236062ae-84f1-4fb1-9a6e-9671b1f5122e.jpeg","width":1081,"height":960},{"@type":"BreadcrumbList","@id":"https:\/\/noti-america.com\/site\/repdom\/2025\/09\/27\/unidos-por-el-turismo-fetur-y-passport-travel-magazine-celebran-el-dia-internacional-del-turismo\/#breadcrumb","itemListElement":[{"@type":"ListItem","position":1,"name":"Portada","item":"https:\/\/noti-america.com\/site\/repdom\/"},{"@type":"ListItem","position":2,"name":"Unidos por el Turismo: FETUR y Passport Travel Magazine Celebran el D\u00eda Internacional del Turismo"}]},{"@type":"WebSite","@id":"https:\/\/noti-america.com\/site\/repdom\/#website","url":"https:\/\/noti-america.com\/site\/repdom\/","name":"Rep. Dominicana | Noti-America.com","description":"","publisher":{"@id":"https:\/\/noti-america.com\/site\/repdom\/#organization"},"potentialAction":[{"@type":"SearchAction","target":{"@type":"EntryPoint","urlTemplate":"https:\/\/noti-america.com\/site\/repdom\/?s={search_term_string}"},"query-input":{"@type":"PropertyValueSpecification","valueRequired":true,"valueName":"search_term_string"}}],"inLanguage":"es"},{"@type":"Organization","@id":"https:\/\/noti-america.com\/site\/repdom\/#organization","name":"Noti-America LLC | Rep\u00fablica Dominicana","url":"https:\/\/noti-america.com\/site\/repdom\/","logo":{"@type":"ImageObject","inLanguage":"es","@id":"https:\/\/noti-america.com\/site\/repdom\/#\/schema\/logo\/image\/","url":"https:\/\/noti-america.com\/site\/repdom\/wp-content\/uploads\/sites\/6\/2020\/07\/LogoNA-4x3-1.jpg","contentUrl":"https:\/\/noti-america.com\/site\/repdom\/wp-content\/uploads\/sites\/6\/2020\/07\/LogoNA-4x3-1.jpg","width":1236,"height":1080,"caption":"Noti-America LLC | Rep\u00fablica Dominicana"},"image":{"@id":"https:\/\/noti-america.com\/site\/repdom\/#\/schema\/logo\/image\/"}},{"@type":"Person","@id":"https:\/\/noti-america.com\/site\/repdom\/#\/schema\/person\/8027db7d71a0328e6e4474fa188c6fb3","name":"Miguel Ramirez","image":{"@type":"ImageObject","inLanguage":"es","@id":"https:\/\/secure.gravatar.com\/avatar\/41a78fb2cdab3e2dc5831d3591f1dab499ed0c22acc464195b09f37c2b3ac2cf?s=96&d=mm&r=g","url":"https:\/\/secure.gravatar.com\/avatar\/41a78fb2cdab3e2dc5831d3591f1dab499ed0c22acc464195b09f37c2b3ac2cf?s=96&d=mm&r=g","contentUrl":"https:\/\/secure.gravatar.com\/avatar\/41a78fb2cdab3e2dc5831d3591f1dab499ed0c22acc464195b09f37c2b3ac2cf?s=96&d=mm&r=g","caption":"Miguel Ramirez"},"description":"Locutor y periodista digital y coach comunicaci\u00f3n","sameAs":["https:\/\/www.facebook.com\/share\/1HVE1qCqVk\/?mibextid=wwXIfr"],"url":"https:\/\/noti-america.com\/site\/repdom\/author\/mramirez\/"}]}},"_links":{"self":[{"href":"https:\/\/noti-america.com\/site\/repdom\/wp-json\/wp\/v2\/posts\/34960","targetHints":{"allow":["GET"]}}],"collection":[{"href":"https:\/\/noti-america.com\/site\/repdom\/wp-json\/wp\/v2\/posts"}],"about":[{"href":"https:\/\/noti-america.com\/site\/repdom\/wp-json\/wp\/v2\/types\/post"}],"author":[{"embeddable":true,"href":"https:\/\/noti-america.com\/site\/repdom\/wp-json\/wp\/v2\/users\/96"}],"replies":[{"embeddable":true,"href":"https:\/\/noti-america.com\/site\/repdom\/wp-json\/wp\/v2\/comments?post=34960"}],"version-history":[{"count":1,"href":"https:\/\/noti-america.com\/site\/repdom\/wp-json\/wp\/v2\/posts\/34960\/revisions"}],"predecessor-version":[{"id":34964,"href":"https:\/\/noti-america.com\/site\/repdom\/wp-json\/wp\/v2\/posts\/34960\/revisions\/34964"}],"wp:featuredmedia":[{"embeddable":true,"href":"https:\/\/noti-america.com\/site\/repdom\/wp-json\/wp\/v2\/media\/34961"}],"wp:attachment":[{"href":"https:\/\/noti-america.com\/site\/repdom\/wp-json\/wp\/v2\/media?parent=34960"}],"wp:term":[{"taxonomy":"category","embeddable":true,"href":"https:\/\/noti-america.com\/site\/repdom\/wp-json\/wp\/v2\/categories?post=34960"},{"taxonomy":"post_tag","embeddable":true,"href":"https:\/\/noti-america.com\/site\/repdom\/wp-json\/wp\/v2\/tags?post=34960"}],"curies":[{"name":"wp","href":"https:\/\/api.w.org\/{rel}","templated":true}]}}