{"id":34658,"date":"2025-09-12T01:12:26","date_gmt":"2025-09-12T01:12:26","guid":{"rendered":"https:\/\/noti-america.com\/site\/repdom\/2025\/09\/12\/apoyo-escolar-que-transforma-fundacion-los-arturitos-beneficia-con-kit-escolares-a-mas-de-2000-familias-2\/"},"modified":"2025-09-12T01:12:26","modified_gmt":"2025-09-12T01:12:26","slug":"apoyo-escolar-que-transforma-fundacion-los-arturitos-beneficia-con-kit-escolares-a-mas-de-2000-familias-2","status":"publish","type":"post","link":"https:\/\/noti-america.com\/site\/repdom\/2025\/09\/12\/apoyo-escolar-que-transforma-fundacion-los-arturitos-beneficia-con-kit-escolares-a-mas-de-2000-familias-2\/","title":{"rendered":"Apoyo escolar que transforma: Fundaci\u00f3n Los Arturitos beneficia con kit escolares a m\u00e1s de 2,000 familias"},"content":{"rendered":"<p><img loading=\"lazy\" decoding=\"async\" class=\"alignnone size-medium wp-image-34656\" src=\"https:\/\/noti-america.com\/site\/repdom\/wp-content\/uploads\/sites\/6\/2025\/09\/3c72eaf5-8819-4afc-a767-2393a79b34a7-240x300.jpeg\" alt=\"\" width=\"240\" height=\"300\" srcset=\"https:\/\/noti-america.com\/site\/repdom\/wp-content\/uploads\/sites\/6\/2025\/09\/3c72eaf5-8819-4afc-a767-2393a79b34a7-240x300.jpeg 240w, https:\/\/noti-america.com\/site\/repdom\/wp-content\/uploads\/sites\/6\/2025\/09\/3c72eaf5-8819-4afc-a767-2393a79b34a7-819x1024.jpeg 819w, https:\/\/noti-america.com\/site\/repdom\/wp-content\/uploads\/sites\/6\/2025\/09\/3c72eaf5-8819-4afc-a767-2393a79b34a7-768x960.jpeg 768w, https:\/\/noti-america.com\/site\/repdom\/wp-content\/uploads\/sites\/6\/2025\/09\/3c72eaf5-8819-4afc-a767-2393a79b34a7.jpeg 1024w\" sizes=\"auto, (max-width: 240px) 100vw, 240px\" \/><\/p>\n<p>&nbsp;<\/p>\n<p><strong>Santo Domingo, septiembre 2025.<\/strong>&#8211; La Fundaci\u00f3n Los Arturitos benefici\u00f3 a m\u00e1s de dos mil familias en diversas comunidades del pa\u00eds con la entrega de \u00fatiles escolares, reafirmando su compromiso con la educaci\u00f3n y el desarrollo integral de la ni\u00f1ez dominicana.<\/p>\n<p>Las donaciones se realizaron en Azua, La Vega, Santiago, Monte Plata, Saman\u00e1, la provincia Duarte, as\u00ed como en el Distrito Nacional, Santo Domingo Este y Santo Domingo Norte, impactando a ni\u00f1os, ni\u00f1as y adolescentes que forman parte de los programas sociales y de salud que impulsa la Fundaci\u00f3n.<\/p>\n<p><img loading=\"lazy\" decoding=\"async\" class=\"alignnone size-medium wp-image-34657\" src=\"https:\/\/noti-america.com\/site\/repdom\/wp-content\/uploads\/sites\/6\/2025\/09\/03451928-075d-41b8-b746-ceefd2ac748e-240x300.jpeg\" alt=\"\" width=\"240\" height=\"300\" srcset=\"https:\/\/noti-america.com\/site\/repdom\/wp-content\/uploads\/sites\/6\/2025\/09\/03451928-075d-41b8-b746-ceefd2ac748e-240x300.jpeg 240w, https:\/\/noti-america.com\/site\/repdom\/wp-content\/uploads\/sites\/6\/2025\/09\/03451928-075d-41b8-b746-ceefd2ac748e-819x1024.jpeg 819w, https:\/\/noti-america.com\/site\/repdom\/wp-content\/uploads\/sites\/6\/2025\/09\/03451928-075d-41b8-b746-ceefd2ac748e-768x960.jpeg 768w, https:\/\/noti-america.com\/site\/repdom\/wp-content\/uploads\/sites\/6\/2025\/09\/03451928-075d-41b8-b746-ceefd2ac748e.jpeg 1024w\" sizes=\"auto, (max-width: 240px) 100vw, 240px\" \/><br \/>\nUno de los detalles distintivos de la entrega de \u00fatiles es que los cuadernos incluyen portadas con dise\u00f1os enfocados en valores como el liderazgo, la integridad, la generosidad y el amor, principios que forman parte de la misi\u00f3n formativa de la organizaci\u00f3n.<\/p>\n<p>La doctora Ircania Garc\u00eda, presidenta de la Fundaci\u00f3n Los Arturitos, expres\u00f3 que \u201ccada paso que damos es una apuesta por la dignidad y el futuro de nuestros ni\u00f1os. Acompa\u00f1arlos en su camino educativo es parte esencial de nuestro prop\u00f3sito\u201d.<\/p>\n<p>Esta iniciativa forma parte de los programas continuos de la Fundaci\u00f3n, que busca garantizar mejores oportunidades de vida para ni\u00f1os y adolescentes en condiciones vulnerables, especialmente aquellos diagnosticados con falcemia.<\/p>\n<p>&nbsp;<\/p>\n<p>.<\/p>\n","protected":false},"excerpt":{"rendered":"<p>&nbsp; Santo Domingo, septiembre 2025.&#8211; La Fundaci\u00f3n Los Arturitos benefici\u00f3 a m\u00e1s de dos mil familias en diversas comunidades del pa\u00eds con la entrega de \u00fatiles escolares, reafirmando su compromiso con la educaci\u00f3n y&#46;&#46;&#46;<\/p>\n","protected":false},"author":96,"featured_media":34659,"comment_status":"open","ping_status":"open","sticky":false,"template":"","format":"standard","meta":{"_acf_changed":false,"rop_custom_images_group":[],"rop_custom_messages_group":[],"rop_publish_now":"initial","rop_publish_now_accounts":[],"rop_publish_now_history":[],"rop_publish_now_status":"pending","footnotes":""},"categories":[277],"tags":[],"class_list":["post-34658","post","type-post","status-publish","format-standard","has-post-thumbnail","hentry","category-acturalidad"],"acf":[],"yoast_head":"<!-- This site is optimized with the Yoast SEO Premium plugin v24.9 (Yoast SEO v27.2) - https:\/\/yoast.com\/product\/yoast-seo-premium-wordpress\/ -->\n<title>Apoyo escolar que transforma: Fundaci\u00f3n Los Arturitos beneficia con kit escolares a m\u00e1s de 2,000 familias - Rep. Dominicana | Noti-America.com<\/title>\n<meta name=\"robots\" content=\"index, follow, max-snippet:-1, max-image-preview:large, max-video-preview:-1\" \/>\n<link rel=\"canonical\" href=\"https:\/\/noti-america.com\/site\/repdom\/2025\/09\/12\/apoyo-escolar-que-transforma-fundacion-los-arturitos-beneficia-con-kit-escolares-a-mas-de-2000-familias-2\/\" \/>\n<meta property=\"og:locale\" content=\"es_ES\" \/>\n<meta property=\"og:type\" content=\"article\" \/>\n<meta property=\"og:title\" content=\"Apoyo escolar que transforma: Fundaci\u00f3n Los Arturitos beneficia con kit escolares a m\u00e1s de 2,000 familias\" \/>\n<meta property=\"og:description\" content=\"&nbsp; Santo Domingo, septiembre 2025.&#8211; La Fundaci\u00f3n Los Arturitos benefici\u00f3 a m\u00e1s de dos mil familias en diversas comunidades del pa\u00eds con la entrega de \u00fatiles escolares, reafirmando su compromiso con la educaci\u00f3n y&#046;&#046;&#046;\" \/>\n<meta property=\"og:url\" content=\"https:\/\/noti-america.com\/site\/repdom\/2025\/09\/12\/apoyo-escolar-que-transforma-fundacion-los-arturitos-beneficia-con-kit-escolares-a-mas-de-2000-familias-2\/\" \/>\n<meta property=\"og:site_name\" content=\"Rep. Dominicana | Noti-America.com\" \/>\n<meta property=\"article:author\" content=\"https:\/\/www.facebook.com\/share\/1HVE1qCqVk\/?mibextid=wwXIfr\" \/>\n<meta property=\"article:published_time\" content=\"2025-09-12T01:12:26+00:00\" \/>\n<meta property=\"og:image\" content=\"https:\/\/noti-america.com\/site\/repdom\/wp-content\/uploads\/sites\/6\/2025\/09\/3c72eaf5-8819-4afc-a767-2393a79b34a7.jpeg\" \/>\n\t<meta property=\"og:image:width\" content=\"1024\" \/>\n\t<meta property=\"og:image:height\" content=\"1280\" \/>\n\t<meta property=\"og:image:type\" content=\"image\/jpeg\" \/>\n<meta name=\"author\" content=\"Miguel Ramirez\" \/>\n<meta name=\"twitter:card\" content=\"summary_large_image\" \/>\n<meta name=\"twitter:label1\" content=\"Escrito por\" \/>\n\t<meta name=\"twitter:data1\" content=\"Miguel Ramirez\" \/>\n\t<meta name=\"twitter:label2\" content=\"Tiempo estimado de lectura\" \/>\n\t<meta name=\"twitter:data2\" content=\"1 minuto\" \/>\n<script type=\"application\/ld+json\" class=\"yoast-schema-graph\">{\"@context\":\"https:\/\/schema.org\",\"@graph\":[{\"@type\":\"Article\",\"@id\":\"https:\/\/noti-america.com\/site\/repdom\/2025\/09\/12\/apoyo-escolar-que-transforma-fundacion-los-arturitos-beneficia-con-kit-escolares-a-mas-de-2000-familias-2\/#article\",\"isPartOf\":{\"@id\":\"https:\/\/noti-america.com\/site\/repdom\/2025\/09\/12\/apoyo-escolar-que-transforma-fundacion-los-arturitos-beneficia-con-kit-escolares-a-mas-de-2000-familias-2\/\"},\"author\":{\"name\":\"Miguel Ramirez\",\"@id\":\"https:\/\/noti-america.com\/site\/repdom\/#\/schema\/person\/8027db7d71a0328e6e4474fa188c6fb3\"},\"headline\":\"Apoyo escolar que transforma: Fundaci\u00f3n Los Arturitos beneficia con kit escolares a m\u00e1s de 2,000 familias\",\"datePublished\":\"2025-09-12T01:12:26+00:00\",\"mainEntityOfPage\":{\"@id\":\"https:\/\/noti-america.com\/site\/repdom\/2025\/09\/12\/apoyo-escolar-que-transforma-fundacion-los-arturitos-beneficia-con-kit-escolares-a-mas-de-2000-familias-2\/\"},\"wordCount\":236,\"commentCount\":0,\"publisher\":{\"@id\":\"https:\/\/noti-america.com\/site\/repdom\/#organization\"},\"image\":{\"@id\":\"https:\/\/noti-america.com\/site\/repdom\/2025\/09\/12\/apoyo-escolar-que-transforma-fundacion-los-arturitos-beneficia-con-kit-escolares-a-mas-de-2000-familias-2\/#primaryimage\"},\"thumbnailUrl\":\"https:\/\/noti-america.com\/site\/repdom\/wp-content\/uploads\/sites\/6\/2025\/09\/3c72eaf5-8819-4afc-a767-2393a79b34a7.jpeg\",\"articleSection\":[\"Actualidad\"],\"inLanguage\":\"es\",\"potentialAction\":[{\"@type\":\"CommentAction\",\"name\":\"Comment\",\"target\":[\"https:\/\/noti-america.com\/site\/repdom\/2025\/09\/12\/apoyo-escolar-que-transforma-fundacion-los-arturitos-beneficia-con-kit-escolares-a-mas-de-2000-familias-2\/#respond\"]}]},{\"@type\":\"WebPage\",\"@id\":\"https:\/\/noti-america.com\/site\/repdom\/2025\/09\/12\/apoyo-escolar-que-transforma-fundacion-los-arturitos-beneficia-con-kit-escolares-a-mas-de-2000-familias-2\/\",\"url\":\"https:\/\/noti-america.com\/site\/repdom\/2025\/09\/12\/apoyo-escolar-que-transforma-fundacion-los-arturitos-beneficia-con-kit-escolares-a-mas-de-2000-familias-2\/\",\"name\":\"Apoyo escolar que transforma: Fundaci\u00f3n Los Arturitos beneficia con kit escolares a m\u00e1s de 2,000 familias - Rep. Dominicana | Noti-America.com\",\"isPartOf\":{\"@id\":\"https:\/\/noti-america.com\/site\/repdom\/#website\"},\"primaryImageOfPage\":{\"@id\":\"https:\/\/noti-america.com\/site\/repdom\/2025\/09\/12\/apoyo-escolar-que-transforma-fundacion-los-arturitos-beneficia-con-kit-escolares-a-mas-de-2000-familias-2\/#primaryimage\"},\"image\":{\"@id\":\"https:\/\/noti-america.com\/site\/repdom\/2025\/09\/12\/apoyo-escolar-que-transforma-fundacion-los-arturitos-beneficia-con-kit-escolares-a-mas-de-2000-familias-2\/#primaryimage\"},\"thumbnailUrl\":\"https:\/\/noti-america.com\/site\/repdom\/wp-content\/uploads\/sites\/6\/2025\/09\/3c72eaf5-8819-4afc-a767-2393a79b34a7.jpeg\",\"datePublished\":\"2025-09-12T01:12:26+00:00\",\"breadcrumb\":{\"@id\":\"https:\/\/noti-america.com\/site\/repdom\/2025\/09\/12\/apoyo-escolar-que-transforma-fundacion-los-arturitos-beneficia-con-kit-escolares-a-mas-de-2000-familias-2\/#breadcrumb\"},\"inLanguage\":\"es\",\"potentialAction\":[{\"@type\":\"ReadAction\",\"target\":[\"https:\/\/noti-america.com\/site\/repdom\/2025\/09\/12\/apoyo-escolar-que-transforma-fundacion-los-arturitos-beneficia-con-kit-escolares-a-mas-de-2000-familias-2\/\"]}]},{\"@type\":\"ImageObject\",\"inLanguage\":\"es\",\"@id\":\"https:\/\/noti-america.com\/site\/repdom\/2025\/09\/12\/apoyo-escolar-que-transforma-fundacion-los-arturitos-beneficia-con-kit-escolares-a-mas-de-2000-familias-2\/#primaryimage\",\"url\":\"https:\/\/noti-america.com\/site\/repdom\/wp-content\/uploads\/sites\/6\/2025\/09\/3c72eaf5-8819-4afc-a767-2393a79b34a7.jpeg\",\"contentUrl\":\"https:\/\/noti-america.com\/site\/repdom\/wp-content\/uploads\/sites\/6\/2025\/09\/3c72eaf5-8819-4afc-a767-2393a79b34a7.jpeg\",\"width\":1024,\"height\":1280},{\"@type\":\"BreadcrumbList\",\"@id\":\"https:\/\/noti-america.com\/site\/repdom\/2025\/09\/12\/apoyo-escolar-que-transforma-fundacion-los-arturitos-beneficia-con-kit-escolares-a-mas-de-2000-familias-2\/#breadcrumb\",\"itemListElement\":[{\"@type\":\"ListItem\",\"position\":1,\"name\":\"Portada\",\"item\":\"https:\/\/noti-america.com\/site\/repdom\/\"},{\"@type\":\"ListItem\",\"position\":2,\"name\":\"Apoyo escolar que transforma: Fundaci\u00f3n Los Arturitos beneficia con kit escolares a m\u00e1s de 2,000 familias\"}]},{\"@type\":\"WebSite\",\"@id\":\"https:\/\/noti-america.com\/site\/repdom\/#website\",\"url\":\"https:\/\/noti-america.com\/site\/repdom\/\",\"name\":\"Rep. Dominicana | Noti-America.com\",\"description\":\"\",\"publisher\":{\"@id\":\"https:\/\/noti-america.com\/site\/repdom\/#organization\"},\"potentialAction\":[{\"@type\":\"SearchAction\",\"target\":{\"@type\":\"EntryPoint\",\"urlTemplate\":\"https:\/\/noti-america.com\/site\/repdom\/?s={search_term_string}\"},\"query-input\":{\"@type\":\"PropertyValueSpecification\",\"valueRequired\":true,\"valueName\":\"search_term_string\"}}],\"inLanguage\":\"es\"},{\"@type\":\"Organization\",\"@id\":\"https:\/\/noti-america.com\/site\/repdom\/#organization\",\"name\":\"Noti-America LLC | Rep\u00fablica Dominicana\",\"url\":\"https:\/\/noti-america.com\/site\/repdom\/\",\"logo\":{\"@type\":\"ImageObject\",\"inLanguage\":\"es\",\"@id\":\"https:\/\/noti-america.com\/site\/repdom\/#\/schema\/logo\/image\/\",\"url\":\"https:\/\/noti-america.com\/site\/repdom\/wp-content\/uploads\/sites\/6\/2020\/07\/LogoNA-4x3-1.jpg\",\"contentUrl\":\"https:\/\/noti-america.com\/site\/repdom\/wp-content\/uploads\/sites\/6\/2020\/07\/LogoNA-4x3-1.jpg\",\"width\":1236,\"height\":1080,\"caption\":\"Noti-America LLC | Rep\u00fablica Dominicana\"},\"image\":{\"@id\":\"https:\/\/noti-america.com\/site\/repdom\/#\/schema\/logo\/image\/\"}},{\"@type\":\"Person\",\"@id\":\"https:\/\/noti-america.com\/site\/repdom\/#\/schema\/person\/8027db7d71a0328e6e4474fa188c6fb3\",\"name\":\"Miguel Ramirez\",\"image\":{\"@type\":\"ImageObject\",\"inLanguage\":\"es\",\"@id\":\"https:\/\/secure.gravatar.com\/avatar\/41a78fb2cdab3e2dc5831d3591f1dab499ed0c22acc464195b09f37c2b3ac2cf?s=96&d=mm&r=g\",\"url\":\"https:\/\/secure.gravatar.com\/avatar\/41a78fb2cdab3e2dc5831d3591f1dab499ed0c22acc464195b09f37c2b3ac2cf?s=96&d=mm&r=g\",\"contentUrl\":\"https:\/\/secure.gravatar.com\/avatar\/41a78fb2cdab3e2dc5831d3591f1dab499ed0c22acc464195b09f37c2b3ac2cf?s=96&d=mm&r=g\",\"caption\":\"Miguel Ramirez\"},\"description\":\"Locutor y periodista digital y coach comunicaci\u00f3n\",\"sameAs\":[\"https:\/\/www.facebook.com\/share\/1HVE1qCqVk\/?mibextid=wwXIfr\"],\"url\":\"https:\/\/noti-america.com\/site\/repdom\/author\/mramirez\/\"}]}<\/script>\n<!-- \/ Yoast SEO Premium plugin. -->","yoast_head_json":{"title":"Apoyo escolar que transforma: Fundaci\u00f3n Los Arturitos beneficia con kit escolares a m\u00e1s de 2,000 familias - Rep. Dominicana | Noti-America.com","robots":{"index":"index","follow":"follow","max-snippet":"max-snippet:-1","max-image-preview":"max-image-preview:large","max-video-preview":"max-video-preview:-1"},"canonical":"https:\/\/noti-america.com\/site\/repdom\/2025\/09\/12\/apoyo-escolar-que-transforma-fundacion-los-arturitos-beneficia-con-kit-escolares-a-mas-de-2000-familias-2\/","og_locale":"es_ES","og_type":"article","og_title":"Apoyo escolar que transforma: Fundaci\u00f3n Los Arturitos beneficia con kit escolares a m\u00e1s de 2,000 familias","og_description":"&nbsp; Santo Domingo, septiembre 2025.&#8211; La Fundaci\u00f3n Los Arturitos benefici\u00f3 a m\u00e1s de dos mil familias en diversas comunidades del pa\u00eds con la entrega de \u00fatiles escolares, reafirmando su compromiso con la educaci\u00f3n y&#46;&#46;&#46;","og_url":"https:\/\/noti-america.com\/site\/repdom\/2025\/09\/12\/apoyo-escolar-que-transforma-fundacion-los-arturitos-beneficia-con-kit-escolares-a-mas-de-2000-familias-2\/","og_site_name":"Rep. Dominicana | Noti-America.com","article_author":"https:\/\/www.facebook.com\/share\/1HVE1qCqVk\/?mibextid=wwXIfr","article_published_time":"2025-09-12T01:12:26+00:00","og_image":[{"width":1024,"height":1280,"url":"https:\/\/noti-america.com\/site\/repdom\/wp-content\/uploads\/sites\/6\/2025\/09\/3c72eaf5-8819-4afc-a767-2393a79b34a7.jpeg","type":"image\/jpeg"}],"author":"Miguel Ramirez","twitter_card":"summary_large_image","twitter_misc":{"Escrito por":"Miguel Ramirez","Tiempo estimado de lectura":"1 minuto"},"schema":{"@context":"https:\/\/schema.org","@graph":[{"@type":"Article","@id":"https:\/\/noti-america.com\/site\/repdom\/2025\/09\/12\/apoyo-escolar-que-transforma-fundacion-los-arturitos-beneficia-con-kit-escolares-a-mas-de-2000-familias-2\/#article","isPartOf":{"@id":"https:\/\/noti-america.com\/site\/repdom\/2025\/09\/12\/apoyo-escolar-que-transforma-fundacion-los-arturitos-beneficia-con-kit-escolares-a-mas-de-2000-familias-2\/"},"author":{"name":"Miguel Ramirez","@id":"https:\/\/noti-america.com\/site\/repdom\/#\/schema\/person\/8027db7d71a0328e6e4474fa188c6fb3"},"headline":"Apoyo escolar que transforma: Fundaci\u00f3n Los Arturitos beneficia con kit escolares a m\u00e1s de 2,000 familias","datePublished":"2025-09-12T01:12:26+00:00","mainEntityOfPage":{"@id":"https:\/\/noti-america.com\/site\/repdom\/2025\/09\/12\/apoyo-escolar-que-transforma-fundacion-los-arturitos-beneficia-con-kit-escolares-a-mas-de-2000-familias-2\/"},"wordCount":236,"commentCount":0,"publisher":{"@id":"https:\/\/noti-america.com\/site\/repdom\/#organization"},"image":{"@id":"https:\/\/noti-america.com\/site\/repdom\/2025\/09\/12\/apoyo-escolar-que-transforma-fundacion-los-arturitos-beneficia-con-kit-escolares-a-mas-de-2000-familias-2\/#primaryimage"},"thumbnailUrl":"https:\/\/noti-america.com\/site\/repdom\/wp-content\/uploads\/sites\/6\/2025\/09\/3c72eaf5-8819-4afc-a767-2393a79b34a7.jpeg","articleSection":["Actualidad"],"inLanguage":"es","potentialAction":[{"@type":"CommentAction","name":"Comment","target":["https:\/\/noti-america.com\/site\/repdom\/2025\/09\/12\/apoyo-escolar-que-transforma-fundacion-los-arturitos-beneficia-con-kit-escolares-a-mas-de-2000-familias-2\/#respond"]}]},{"@type":"WebPage","@id":"https:\/\/noti-america.com\/site\/repdom\/2025\/09\/12\/apoyo-escolar-que-transforma-fundacion-los-arturitos-beneficia-con-kit-escolares-a-mas-de-2000-familias-2\/","url":"https:\/\/noti-america.com\/site\/repdom\/2025\/09\/12\/apoyo-escolar-que-transforma-fundacion-los-arturitos-beneficia-con-kit-escolares-a-mas-de-2000-familias-2\/","name":"Apoyo escolar que transforma: Fundaci\u00f3n Los Arturitos beneficia con kit escolares a m\u00e1s de 2,000 familias - Rep. Dominicana | Noti-America.com","isPartOf":{"@id":"https:\/\/noti-america.com\/site\/repdom\/#website"},"primaryImageOfPage":{"@id":"https:\/\/noti-america.com\/site\/repdom\/2025\/09\/12\/apoyo-escolar-que-transforma-fundacion-los-arturitos-beneficia-con-kit-escolares-a-mas-de-2000-familias-2\/#primaryimage"},"image":{"@id":"https:\/\/noti-america.com\/site\/repdom\/2025\/09\/12\/apoyo-escolar-que-transforma-fundacion-los-arturitos-beneficia-con-kit-escolares-a-mas-de-2000-familias-2\/#primaryimage"},"thumbnailUrl":"https:\/\/noti-america.com\/site\/repdom\/wp-content\/uploads\/sites\/6\/2025\/09\/3c72eaf5-8819-4afc-a767-2393a79b34a7.jpeg","datePublished":"2025-09-12T01:12:26+00:00","breadcrumb":{"@id":"https:\/\/noti-america.com\/site\/repdom\/2025\/09\/12\/apoyo-escolar-que-transforma-fundacion-los-arturitos-beneficia-con-kit-escolares-a-mas-de-2000-familias-2\/#breadcrumb"},"inLanguage":"es","potentialAction":[{"@type":"ReadAction","target":["https:\/\/noti-america.com\/site\/repdom\/2025\/09\/12\/apoyo-escolar-que-transforma-fundacion-los-arturitos-beneficia-con-kit-escolares-a-mas-de-2000-familias-2\/"]}]},{"@type":"ImageObject","inLanguage":"es","@id":"https:\/\/noti-america.com\/site\/repdom\/2025\/09\/12\/apoyo-escolar-que-transforma-fundacion-los-arturitos-beneficia-con-kit-escolares-a-mas-de-2000-familias-2\/#primaryimage","url":"https:\/\/noti-america.com\/site\/repdom\/wp-content\/uploads\/sites\/6\/2025\/09\/3c72eaf5-8819-4afc-a767-2393a79b34a7.jpeg","contentUrl":"https:\/\/noti-america.com\/site\/repdom\/wp-content\/uploads\/sites\/6\/2025\/09\/3c72eaf5-8819-4afc-a767-2393a79b34a7.jpeg","width":1024,"height":1280},{"@type":"BreadcrumbList","@id":"https:\/\/noti-america.com\/site\/repdom\/2025\/09\/12\/apoyo-escolar-que-transforma-fundacion-los-arturitos-beneficia-con-kit-escolares-a-mas-de-2000-familias-2\/#breadcrumb","itemListElement":[{"@type":"ListItem","position":1,"name":"Portada","item":"https:\/\/noti-america.com\/site\/repdom\/"},{"@type":"ListItem","position":2,"name":"Apoyo escolar que transforma: Fundaci\u00f3n Los Arturitos beneficia con kit escolares a m\u00e1s de 2,000 familias"}]},{"@type":"WebSite","@id":"https:\/\/noti-america.com\/site\/repdom\/#website","url":"https:\/\/noti-america.com\/site\/repdom\/","name":"Rep. Dominicana | Noti-America.com","description":"","publisher":{"@id":"https:\/\/noti-america.com\/site\/repdom\/#organization"},"potentialAction":[{"@type":"SearchAction","target":{"@type":"EntryPoint","urlTemplate":"https:\/\/noti-america.com\/site\/repdom\/?s={search_term_string}"},"query-input":{"@type":"PropertyValueSpecification","valueRequired":true,"valueName":"search_term_string"}}],"inLanguage":"es"},{"@type":"Organization","@id":"https:\/\/noti-america.com\/site\/repdom\/#organization","name":"Noti-America LLC | Rep\u00fablica Dominicana","url":"https:\/\/noti-america.com\/site\/repdom\/","logo":{"@type":"ImageObject","inLanguage":"es","@id":"https:\/\/noti-america.com\/site\/repdom\/#\/schema\/logo\/image\/","url":"https:\/\/noti-america.com\/site\/repdom\/wp-content\/uploads\/sites\/6\/2020\/07\/LogoNA-4x3-1.jpg","contentUrl":"https:\/\/noti-america.com\/site\/repdom\/wp-content\/uploads\/sites\/6\/2020\/07\/LogoNA-4x3-1.jpg","width":1236,"height":1080,"caption":"Noti-America LLC | Rep\u00fablica Dominicana"},"image":{"@id":"https:\/\/noti-america.com\/site\/repdom\/#\/schema\/logo\/image\/"}},{"@type":"Person","@id":"https:\/\/noti-america.com\/site\/repdom\/#\/schema\/person\/8027db7d71a0328e6e4474fa188c6fb3","name":"Miguel Ramirez","image":{"@type":"ImageObject","inLanguage":"es","@id":"https:\/\/secure.gravatar.com\/avatar\/41a78fb2cdab3e2dc5831d3591f1dab499ed0c22acc464195b09f37c2b3ac2cf?s=96&d=mm&r=g","url":"https:\/\/secure.gravatar.com\/avatar\/41a78fb2cdab3e2dc5831d3591f1dab499ed0c22acc464195b09f37c2b3ac2cf?s=96&d=mm&r=g","contentUrl":"https:\/\/secure.gravatar.com\/avatar\/41a78fb2cdab3e2dc5831d3591f1dab499ed0c22acc464195b09f37c2b3ac2cf?s=96&d=mm&r=g","caption":"Miguel Ramirez"},"description":"Locutor y periodista digital y coach comunicaci\u00f3n","sameAs":["https:\/\/www.facebook.com\/share\/1HVE1qCqVk\/?mibextid=wwXIfr"],"url":"https:\/\/noti-america.com\/site\/repdom\/author\/mramirez\/"}]}},"_links":{"self":[{"href":"https:\/\/noti-america.com\/site\/repdom\/wp-json\/wp\/v2\/posts\/34658","targetHints":{"allow":["GET"]}}],"collection":[{"href":"https:\/\/noti-america.com\/site\/repdom\/wp-json\/wp\/v2\/posts"}],"about":[{"href":"https:\/\/noti-america.com\/site\/repdom\/wp-json\/wp\/v2\/types\/post"}],"author":[{"embeddable":true,"href":"https:\/\/noti-america.com\/site\/repdom\/wp-json\/wp\/v2\/users\/96"}],"replies":[{"embeddable":true,"href":"https:\/\/noti-america.com\/site\/repdom\/wp-json\/wp\/v2\/comments?post=34658"}],"version-history":[{"count":0,"href":"https:\/\/noti-america.com\/site\/repdom\/wp-json\/wp\/v2\/posts\/34658\/revisions"}],"wp:featuredmedia":[{"embeddable":true,"href":"https:\/\/noti-america.com\/site\/repdom\/wp-json\/wp\/v2\/media\/34659"}],"wp:attachment":[{"href":"https:\/\/noti-america.com\/site\/repdom\/wp-json\/wp\/v2\/media?parent=34658"}],"wp:term":[{"taxonomy":"category","embeddable":true,"href":"https:\/\/noti-america.com\/site\/repdom\/wp-json\/wp\/v2\/categories?post=34658"},{"taxonomy":"post_tag","embeddable":true,"href":"https:\/\/noti-america.com\/site\/repdom\/wp-json\/wp\/v2\/tags?post=34658"}],"curies":[{"name":"wp","href":"https:\/\/api.w.org\/{rel}","templated":true}]}}