{"id":34506,"date":"2025-09-01T22:45:51","date_gmt":"2025-09-01T22:45:51","guid":{"rendered":"https:\/\/noti-america.com\/site\/repdom\/?p=34506"},"modified":"2025-09-01T22:45:51","modified_gmt":"2025-09-01T22:45:51","slug":"a-primera-hora-estrena-nueva-temporada-y-se-muda-a-telemedios-canal-8","status":"publish","type":"post","link":"https:\/\/noti-america.com\/site\/repdom\/2025\/09\/01\/a-primera-hora-estrena-nueva-temporada-y-se-muda-a-telemedios-canal-8\/","title":{"rendered":"A Primera Hora\u201d estrena nueva temporada y se muda a Telemedios Canal 8"},"content":{"rendered":"<p><img loading=\"lazy\" decoding=\"async\" class=\"alignnone size-medium wp-image-34507\" src=\"https:\/\/noti-america.com\/site\/repdom\/wp-content\/uploads\/sites\/6\/2025\/09\/344f1353-6761-421f-8715-97064cf91440-300x200.jpeg\" alt=\"\" width=\"300\" height=\"200\" srcset=\"https:\/\/noti-america.com\/site\/repdom\/wp-content\/uploads\/sites\/6\/2025\/09\/344f1353-6761-421f-8715-97064cf91440-300x200.jpeg 300w, https:\/\/noti-america.com\/site\/repdom\/wp-content\/uploads\/sites\/6\/2025\/09\/344f1353-6761-421f-8715-97064cf91440-1024x683.jpeg 1024w, https:\/\/noti-america.com\/site\/repdom\/wp-content\/uploads\/sites\/6\/2025\/09\/344f1353-6761-421f-8715-97064cf91440-768x512.jpeg 768w, https:\/\/noti-america.com\/site\/repdom\/wp-content\/uploads\/sites\/6\/2025\/09\/344f1353-6761-421f-8715-97064cf91440-1536x1024.jpeg 1536w, https:\/\/noti-america.com\/site\/repdom\/wp-content\/uploads\/sites\/6\/2025\/09\/344f1353-6761-421f-8715-97064cf91440-2048x1366.jpeg 2048w, https:\/\/noti-america.com\/site\/repdom\/wp-content\/uploads\/sites\/6\/2025\/09\/344f1353-6761-421f-8715-97064cf91440-272x182.jpeg 272w\" sizes=\"auto, (max-width: 300px) 100vw, 300px\" \/><\/p>\n<p>&nbsp;<\/p>\n<p><strong>Santo Domingo, R.D.<\/strong> \u2013El programa matutino A Primera Hora, conducido por la periodista Lorenny Solano y un din\u00e1mico equipo de comunicadores, estren\u00f3 nueva temporada a partir de este lunes 1 de septiembre, mud\u00e1ndose oficialmente a la pantalla de Telemedios Canal 8, uno de los medios del Grupo Berm\u00fadez, propietario adem\u00e1s de Color Visi\u00f3n.<\/p>\n<p>El espacio, que en octubre arribar\u00e1 a su segundo aniversario, se ha consolidado como una revista informativa de referencia, combinando periodismo de investigaci\u00f3n, an\u00e1lisis social y cercan\u00eda con la audiencia. Ahora, bajo el concepto \u201cA Primera Hora: Conectados al Futuro\u201d, el programa da un salto hacia la modernidad, integrando tecnolog\u00eda de vanguardia, interacci\u00f3n con inteligencia artificial, pantallas LED y datos en tiempo real para ofrecer al p\u00fablico una experiencia informativa m\u00e1s \u00e1gil, \u00fatil y atractiva.<\/p>\n<p>*Una nueva propuesta para las ma\u00f1anas de RD*<\/p>\n<p><img loading=\"lazy\" decoding=\"async\" class=\"alignnone size-medium wp-image-34508\" src=\"https:\/\/noti-america.com\/site\/repdom\/wp-content\/uploads\/sites\/6\/2025\/09\/10400bc7-72b1-4a62-8e4c-4db514890561-300x200.jpeg\" alt=\"\" width=\"300\" height=\"200\" srcset=\"https:\/\/noti-america.com\/site\/repdom\/wp-content\/uploads\/sites\/6\/2025\/09\/10400bc7-72b1-4a62-8e4c-4db514890561-300x200.jpeg 300w, https:\/\/noti-america.com\/site\/repdom\/wp-content\/uploads\/sites\/6\/2025\/09\/10400bc7-72b1-4a62-8e4c-4db514890561-1024x683.jpeg 1024w, https:\/\/noti-america.com\/site\/repdom\/wp-content\/uploads\/sites\/6\/2025\/09\/10400bc7-72b1-4a62-8e4c-4db514890561-768x512.jpeg 768w, https:\/\/noti-america.com\/site\/repdom\/wp-content\/uploads\/sites\/6\/2025\/09\/10400bc7-72b1-4a62-8e4c-4db514890561-1536x1024.jpeg 1536w, https:\/\/noti-america.com\/site\/repdom\/wp-content\/uploads\/sites\/6\/2025\/09\/10400bc7-72b1-4a62-8e4c-4db514890561-2048x1366.jpeg 2048w, https:\/\/noti-america.com\/site\/repdom\/wp-content\/uploads\/sites\/6\/2025\/09\/10400bc7-72b1-4a62-8e4c-4db514890561-272x182.jpeg 272w\" sizes=\"auto, (max-width: 300px) 100vw, 300px\" \/><\/p>\n<p>De lunes a viernes, de 7:00 a.m. a 9:00 a.m., A Primera Hora llega en vivo a la teleaudiencia a trav\u00e9s de Telemedios Canal 8, LASO TV en YouTube y dem\u00e1s plataformas digitales.<\/p>\n<p>El programa es conducido por Lorenny Solano, Carlos Hern\u00e1ndez, El\u00edas Cornelio, Luis \u00c1lvarez, Omara Corpor\u00e1n, Cristian Hern\u00e1ndez y Jonathan Chevalier, con la participaci\u00f3n de Henry Rijo y Madelyn Harrigan en entretenimiento y sociales.<\/p>\n<p>La nueva temporada ofrecer\u00e1 una estructura editorial robusta, con segmentos dise\u00f1ados para generar titulares, educar, fiscalizar y acercar la voz ciudadana a los temas de mayor relevancia nacional e internacional.<\/p>\n<p>*Un matutino con prop\u00f3sito social*<\/p>\n<p>Adem\u00e1s de la agenda period\u00edstica, el programa apuesta a la educaci\u00f3n ciudadana y el bienestar animal a trav\u00e9s de su segmento Adopta un \u00c1ngel, donde se promueven adopciones responsables, se visibilizan fundaciones y se educa sobre la Ley 248-12 de Protecci\u00f3n Animal y Tenencia Responsable. Esta ventana se ha convertido en un referente de sensibilidad social y compromiso con la causa animalista.<\/p>\n<p>*Telemedios Canal 8, innovaci\u00f3n y modernidad*<\/p>\n<p>El traslado a Telemedios Canal 8 representa un paso trascendental. El canal, propiedad de Telemedios Dominicana, S. A., inici\u00f3 operaciones el 11 de enero de 1999 bajo las gestiones del empresario J. Armando Berm\u00fadez P. (Don Poppy), pionero de la televisi\u00f3n a color en la Rep\u00fablica Dominicana con la creaci\u00f3n del legendario Color Visi\u00f3n en 1969. Hoy, Canal 8, televisi\u00f3n abierta y con alcance nacional, se proyecta como un espacio de innovaci\u00f3n y pluralidad, reafirmando su compromiso con el pa\u00eds al recibir a A Primera Hora en su parrilla matutina.<\/p>\n<p>*Una cita con el futuro*<br \/>\nCon esta nueva temporada, A Primera Hora promete convertirse en la plataforma m\u00e1s influyente de las ma\u00f1anas dominicanas, ofreciendo informaci\u00f3n veraz, an\u00e1lisis profundo, interacci\u00f3n ciudadana y un enfoque humano que conecta directamente con los grandes desaf\u00edos del pa\u00eds.<\/p>\n<p>\u201cA Primera Hora: Conectados al Futuro\u201d marca un antes y un despu\u00e9s en la televisi\u00f3n matutina de la Rep\u00fablica Dominicana.<\/p>\n<p>&nbsp;<\/p>\n<p>.<\/p>\n","protected":false},"excerpt":{"rendered":"<p>&nbsp; Santo Domingo, R.D. \u2013El programa matutino A Primera Hora, conducido por la periodista Lorenny Solano y un din\u00e1mico equipo de comunicadores, estren\u00f3 nueva temporada a partir de este lunes 1 de septiembre, mud\u00e1ndose&#46;&#46;&#46;<\/p>\n","protected":false},"author":96,"featured_media":34507,"comment_status":"open","ping_status":"open","sticky":false,"template":"","format":"standard","meta":{"_acf_changed":false,"rop_custom_images_group":[],"rop_custom_messages_group":[],"rop_publish_now":"initial","rop_publish_now_accounts":[],"rop_publish_now_history":[],"rop_publish_now_status":"pending","footnotes":""},"categories":[8],"tags":[],"class_list":["post-34506","post","type-post","status-publish","format-standard","has-post-thumbnail","hentry","category-arte-y-espectaculos"],"acf":[],"yoast_head":"<!-- This site is optimized with the Yoast SEO Premium plugin v24.9 (Yoast SEO v27.2) - https:\/\/yoast.com\/product\/yoast-seo-premium-wordpress\/ -->\n<title>A Primera Hora\u201d estrena nueva temporada y se muda a Telemedios Canal 8 - Rep. Dominicana | Noti-America.com<\/title>\n<meta name=\"robots\" content=\"index, follow, max-snippet:-1, max-image-preview:large, max-video-preview:-1\" \/>\n<link rel=\"canonical\" href=\"https:\/\/noti-america.com\/site\/repdom\/2025\/09\/01\/a-primera-hora-estrena-nueva-temporada-y-se-muda-a-telemedios-canal-8\/\" \/>\n<meta property=\"og:locale\" content=\"es_ES\" \/>\n<meta property=\"og:type\" content=\"article\" \/>\n<meta property=\"og:title\" content=\"A Primera Hora\u201d estrena nueva temporada y se muda a Telemedios Canal 8\" \/>\n<meta property=\"og:description\" content=\"&nbsp; Santo Domingo, R.D. \u2013El programa matutino A Primera Hora, conducido por la periodista Lorenny Solano y un din\u00e1mico equipo de comunicadores, estren\u00f3 nueva temporada a partir de este lunes 1 de septiembre, mud\u00e1ndose&#046;&#046;&#046;\" \/>\n<meta property=\"og:url\" content=\"https:\/\/noti-america.com\/site\/repdom\/2025\/09\/01\/a-primera-hora-estrena-nueva-temporada-y-se-muda-a-telemedios-canal-8\/\" \/>\n<meta property=\"og:site_name\" content=\"Rep. Dominicana | Noti-America.com\" \/>\n<meta property=\"article:author\" content=\"https:\/\/www.facebook.com\/share\/1HVE1qCqVk\/?mibextid=wwXIfr\" \/>\n<meta property=\"article:published_time\" content=\"2025-09-01T22:45:51+00:00\" \/>\n<meta property=\"og:image\" content=\"https:\/\/noti-america.com\/site\/repdom\/wp-content\/uploads\/sites\/6\/2025\/09\/344f1353-6761-421f-8715-97064cf91440-scaled.jpeg\" \/>\n\t<meta property=\"og:image:width\" content=\"2560\" \/>\n\t<meta property=\"og:image:height\" content=\"1707\" \/>\n\t<meta property=\"og:image:type\" content=\"image\/jpeg\" \/>\n<meta name=\"author\" content=\"Miguel Ramirez\" \/>\n<meta name=\"twitter:card\" content=\"summary_large_image\" \/>\n<meta name=\"twitter:label1\" content=\"Escrito por\" \/>\n\t<meta name=\"twitter:data1\" content=\"Miguel Ramirez\" \/>\n\t<meta name=\"twitter:label2\" content=\"Tiempo estimado de lectura\" \/>\n\t<meta name=\"twitter:data2\" content=\"2 minutos\" \/>\n<script type=\"application\/ld+json\" class=\"yoast-schema-graph\">{\"@context\":\"https:\/\/schema.org\",\"@graph\":[{\"@type\":\"Article\",\"@id\":\"https:\/\/noti-america.com\/site\/repdom\/2025\/09\/01\/a-primera-hora-estrena-nueva-temporada-y-se-muda-a-telemedios-canal-8\/#article\",\"isPartOf\":{\"@id\":\"https:\/\/noti-america.com\/site\/repdom\/2025\/09\/01\/a-primera-hora-estrena-nueva-temporada-y-se-muda-a-telemedios-canal-8\/\"},\"author\":{\"name\":\"Miguel Ramirez\",\"@id\":\"https:\/\/noti-america.com\/site\/repdom\/#\/schema\/person\/8027db7d71a0328e6e4474fa188c6fb3\"},\"headline\":\"A Primera Hora\u201d estrena nueva temporada y se muda a Telemedios Canal 8\",\"datePublished\":\"2025-09-01T22:45:51+00:00\",\"mainEntityOfPage\":{\"@id\":\"https:\/\/noti-america.com\/site\/repdom\/2025\/09\/01\/a-primera-hora-estrena-nueva-temporada-y-se-muda-a-telemedios-canal-8\/\"},\"wordCount\":510,\"commentCount\":0,\"publisher\":{\"@id\":\"https:\/\/noti-america.com\/site\/repdom\/#organization\"},\"image\":{\"@id\":\"https:\/\/noti-america.com\/site\/repdom\/2025\/09\/01\/a-primera-hora-estrena-nueva-temporada-y-se-muda-a-telemedios-canal-8\/#primaryimage\"},\"thumbnailUrl\":\"https:\/\/noti-america.com\/site\/repdom\/wp-content\/uploads\/sites\/6\/2025\/09\/344f1353-6761-421f-8715-97064cf91440-scaled.jpeg\",\"articleSection\":[\"Arte y Espect\u00e1culos\"],\"inLanguage\":\"es\",\"potentialAction\":[{\"@type\":\"CommentAction\",\"name\":\"Comment\",\"target\":[\"https:\/\/noti-america.com\/site\/repdom\/2025\/09\/01\/a-primera-hora-estrena-nueva-temporada-y-se-muda-a-telemedios-canal-8\/#respond\"]}]},{\"@type\":\"WebPage\",\"@id\":\"https:\/\/noti-america.com\/site\/repdom\/2025\/09\/01\/a-primera-hora-estrena-nueva-temporada-y-se-muda-a-telemedios-canal-8\/\",\"url\":\"https:\/\/noti-america.com\/site\/repdom\/2025\/09\/01\/a-primera-hora-estrena-nueva-temporada-y-se-muda-a-telemedios-canal-8\/\",\"name\":\"A Primera Hora\u201d estrena nueva temporada y se muda a Telemedios Canal 8 - Rep. Dominicana | Noti-America.com\",\"isPartOf\":{\"@id\":\"https:\/\/noti-america.com\/site\/repdom\/#website\"},\"primaryImageOfPage\":{\"@id\":\"https:\/\/noti-america.com\/site\/repdom\/2025\/09\/01\/a-primera-hora-estrena-nueva-temporada-y-se-muda-a-telemedios-canal-8\/#primaryimage\"},\"image\":{\"@id\":\"https:\/\/noti-america.com\/site\/repdom\/2025\/09\/01\/a-primera-hora-estrena-nueva-temporada-y-se-muda-a-telemedios-canal-8\/#primaryimage\"},\"thumbnailUrl\":\"https:\/\/noti-america.com\/site\/repdom\/wp-content\/uploads\/sites\/6\/2025\/09\/344f1353-6761-421f-8715-97064cf91440-scaled.jpeg\",\"datePublished\":\"2025-09-01T22:45:51+00:00\",\"breadcrumb\":{\"@id\":\"https:\/\/noti-america.com\/site\/repdom\/2025\/09\/01\/a-primera-hora-estrena-nueva-temporada-y-se-muda-a-telemedios-canal-8\/#breadcrumb\"},\"inLanguage\":\"es\",\"potentialAction\":[{\"@type\":\"ReadAction\",\"target\":[\"https:\/\/noti-america.com\/site\/repdom\/2025\/09\/01\/a-primera-hora-estrena-nueva-temporada-y-se-muda-a-telemedios-canal-8\/\"]}]},{\"@type\":\"ImageObject\",\"inLanguage\":\"es\",\"@id\":\"https:\/\/noti-america.com\/site\/repdom\/2025\/09\/01\/a-primera-hora-estrena-nueva-temporada-y-se-muda-a-telemedios-canal-8\/#primaryimage\",\"url\":\"https:\/\/noti-america.com\/site\/repdom\/wp-content\/uploads\/sites\/6\/2025\/09\/344f1353-6761-421f-8715-97064cf91440-scaled.jpeg\",\"contentUrl\":\"https:\/\/noti-america.com\/site\/repdom\/wp-content\/uploads\/sites\/6\/2025\/09\/344f1353-6761-421f-8715-97064cf91440-scaled.jpeg\",\"width\":2560,\"height\":1707},{\"@type\":\"BreadcrumbList\",\"@id\":\"https:\/\/noti-america.com\/site\/repdom\/2025\/09\/01\/a-primera-hora-estrena-nueva-temporada-y-se-muda-a-telemedios-canal-8\/#breadcrumb\",\"itemListElement\":[{\"@type\":\"ListItem\",\"position\":1,\"name\":\"Portada\",\"item\":\"https:\/\/noti-america.com\/site\/repdom\/\"},{\"@type\":\"ListItem\",\"position\":2,\"name\":\"A Primera Hora\u201d estrena nueva temporada y se muda a Telemedios Canal 8\"}]},{\"@type\":\"WebSite\",\"@id\":\"https:\/\/noti-america.com\/site\/repdom\/#website\",\"url\":\"https:\/\/noti-america.com\/site\/repdom\/\",\"name\":\"Rep. Dominicana | Noti-America.com\",\"description\":\"\",\"publisher\":{\"@id\":\"https:\/\/noti-america.com\/site\/repdom\/#organization\"},\"potentialAction\":[{\"@type\":\"SearchAction\",\"target\":{\"@type\":\"EntryPoint\",\"urlTemplate\":\"https:\/\/noti-america.com\/site\/repdom\/?s={search_term_string}\"},\"query-input\":{\"@type\":\"PropertyValueSpecification\",\"valueRequired\":true,\"valueName\":\"search_term_string\"}}],\"inLanguage\":\"es\"},{\"@type\":\"Organization\",\"@id\":\"https:\/\/noti-america.com\/site\/repdom\/#organization\",\"name\":\"Noti-America LLC | Rep\u00fablica Dominicana\",\"url\":\"https:\/\/noti-america.com\/site\/repdom\/\",\"logo\":{\"@type\":\"ImageObject\",\"inLanguage\":\"es\",\"@id\":\"https:\/\/noti-america.com\/site\/repdom\/#\/schema\/logo\/image\/\",\"url\":\"https:\/\/noti-america.com\/site\/repdom\/wp-content\/uploads\/sites\/6\/2020\/07\/LogoNA-4x3-1.jpg\",\"contentUrl\":\"https:\/\/noti-america.com\/site\/repdom\/wp-content\/uploads\/sites\/6\/2020\/07\/LogoNA-4x3-1.jpg\",\"width\":1236,\"height\":1080,\"caption\":\"Noti-America LLC | Rep\u00fablica Dominicana\"},\"image\":{\"@id\":\"https:\/\/noti-america.com\/site\/repdom\/#\/schema\/logo\/image\/\"}},{\"@type\":\"Person\",\"@id\":\"https:\/\/noti-america.com\/site\/repdom\/#\/schema\/person\/8027db7d71a0328e6e4474fa188c6fb3\",\"name\":\"Miguel Ramirez\",\"image\":{\"@type\":\"ImageObject\",\"inLanguage\":\"es\",\"@id\":\"https:\/\/secure.gravatar.com\/avatar\/41a78fb2cdab3e2dc5831d3591f1dab499ed0c22acc464195b09f37c2b3ac2cf?s=96&d=mm&r=g\",\"url\":\"https:\/\/secure.gravatar.com\/avatar\/41a78fb2cdab3e2dc5831d3591f1dab499ed0c22acc464195b09f37c2b3ac2cf?s=96&d=mm&r=g\",\"contentUrl\":\"https:\/\/secure.gravatar.com\/avatar\/41a78fb2cdab3e2dc5831d3591f1dab499ed0c22acc464195b09f37c2b3ac2cf?s=96&d=mm&r=g\",\"caption\":\"Miguel Ramirez\"},\"description\":\"Locutor y periodista digital y coach comunicaci\u00f3n\",\"sameAs\":[\"https:\/\/www.facebook.com\/share\/1HVE1qCqVk\/?mibextid=wwXIfr\"],\"url\":\"https:\/\/noti-america.com\/site\/repdom\/author\/mramirez\/\"}]}<\/script>\n<!-- \/ Yoast SEO Premium plugin. -->","yoast_head_json":{"title":"A Primera Hora\u201d estrena nueva temporada y se muda a Telemedios Canal 8 - Rep. Dominicana | Noti-America.com","robots":{"index":"index","follow":"follow","max-snippet":"max-snippet:-1","max-image-preview":"max-image-preview:large","max-video-preview":"max-video-preview:-1"},"canonical":"https:\/\/noti-america.com\/site\/repdom\/2025\/09\/01\/a-primera-hora-estrena-nueva-temporada-y-se-muda-a-telemedios-canal-8\/","og_locale":"es_ES","og_type":"article","og_title":"A Primera Hora\u201d estrena nueva temporada y se muda a Telemedios Canal 8","og_description":"&nbsp; Santo Domingo, R.D. \u2013El programa matutino A Primera Hora, conducido por la periodista Lorenny Solano y un din\u00e1mico equipo de comunicadores, estren\u00f3 nueva temporada a partir de este lunes 1 de septiembre, mud\u00e1ndose&#46;&#46;&#46;","og_url":"https:\/\/noti-america.com\/site\/repdom\/2025\/09\/01\/a-primera-hora-estrena-nueva-temporada-y-se-muda-a-telemedios-canal-8\/","og_site_name":"Rep. Dominicana | Noti-America.com","article_author":"https:\/\/www.facebook.com\/share\/1HVE1qCqVk\/?mibextid=wwXIfr","article_published_time":"2025-09-01T22:45:51+00:00","og_image":[{"width":2560,"height":1707,"url":"https:\/\/noti-america.com\/site\/repdom\/wp-content\/uploads\/sites\/6\/2025\/09\/344f1353-6761-421f-8715-97064cf91440-scaled.jpeg","type":"image\/jpeg"}],"author":"Miguel Ramirez","twitter_card":"summary_large_image","twitter_misc":{"Escrito por":"Miguel Ramirez","Tiempo estimado de lectura":"2 minutos"},"schema":{"@context":"https:\/\/schema.org","@graph":[{"@type":"Article","@id":"https:\/\/noti-america.com\/site\/repdom\/2025\/09\/01\/a-primera-hora-estrena-nueva-temporada-y-se-muda-a-telemedios-canal-8\/#article","isPartOf":{"@id":"https:\/\/noti-america.com\/site\/repdom\/2025\/09\/01\/a-primera-hora-estrena-nueva-temporada-y-se-muda-a-telemedios-canal-8\/"},"author":{"name":"Miguel Ramirez","@id":"https:\/\/noti-america.com\/site\/repdom\/#\/schema\/person\/8027db7d71a0328e6e4474fa188c6fb3"},"headline":"A Primera Hora\u201d estrena nueva temporada y se muda a Telemedios Canal 8","datePublished":"2025-09-01T22:45:51+00:00","mainEntityOfPage":{"@id":"https:\/\/noti-america.com\/site\/repdom\/2025\/09\/01\/a-primera-hora-estrena-nueva-temporada-y-se-muda-a-telemedios-canal-8\/"},"wordCount":510,"commentCount":0,"publisher":{"@id":"https:\/\/noti-america.com\/site\/repdom\/#organization"},"image":{"@id":"https:\/\/noti-america.com\/site\/repdom\/2025\/09\/01\/a-primera-hora-estrena-nueva-temporada-y-se-muda-a-telemedios-canal-8\/#primaryimage"},"thumbnailUrl":"https:\/\/noti-america.com\/site\/repdom\/wp-content\/uploads\/sites\/6\/2025\/09\/344f1353-6761-421f-8715-97064cf91440-scaled.jpeg","articleSection":["Arte y Espect\u00e1culos"],"inLanguage":"es","potentialAction":[{"@type":"CommentAction","name":"Comment","target":["https:\/\/noti-america.com\/site\/repdom\/2025\/09\/01\/a-primera-hora-estrena-nueva-temporada-y-se-muda-a-telemedios-canal-8\/#respond"]}]},{"@type":"WebPage","@id":"https:\/\/noti-america.com\/site\/repdom\/2025\/09\/01\/a-primera-hora-estrena-nueva-temporada-y-se-muda-a-telemedios-canal-8\/","url":"https:\/\/noti-america.com\/site\/repdom\/2025\/09\/01\/a-primera-hora-estrena-nueva-temporada-y-se-muda-a-telemedios-canal-8\/","name":"A Primera Hora\u201d estrena nueva temporada y se muda a Telemedios Canal 8 - Rep. Dominicana | Noti-America.com","isPartOf":{"@id":"https:\/\/noti-america.com\/site\/repdom\/#website"},"primaryImageOfPage":{"@id":"https:\/\/noti-america.com\/site\/repdom\/2025\/09\/01\/a-primera-hora-estrena-nueva-temporada-y-se-muda-a-telemedios-canal-8\/#primaryimage"},"image":{"@id":"https:\/\/noti-america.com\/site\/repdom\/2025\/09\/01\/a-primera-hora-estrena-nueva-temporada-y-se-muda-a-telemedios-canal-8\/#primaryimage"},"thumbnailUrl":"https:\/\/noti-america.com\/site\/repdom\/wp-content\/uploads\/sites\/6\/2025\/09\/344f1353-6761-421f-8715-97064cf91440-scaled.jpeg","datePublished":"2025-09-01T22:45:51+00:00","breadcrumb":{"@id":"https:\/\/noti-america.com\/site\/repdom\/2025\/09\/01\/a-primera-hora-estrena-nueva-temporada-y-se-muda-a-telemedios-canal-8\/#breadcrumb"},"inLanguage":"es","potentialAction":[{"@type":"ReadAction","target":["https:\/\/noti-america.com\/site\/repdom\/2025\/09\/01\/a-primera-hora-estrena-nueva-temporada-y-se-muda-a-telemedios-canal-8\/"]}]},{"@type":"ImageObject","inLanguage":"es","@id":"https:\/\/noti-america.com\/site\/repdom\/2025\/09\/01\/a-primera-hora-estrena-nueva-temporada-y-se-muda-a-telemedios-canal-8\/#primaryimage","url":"https:\/\/noti-america.com\/site\/repdom\/wp-content\/uploads\/sites\/6\/2025\/09\/344f1353-6761-421f-8715-97064cf91440-scaled.jpeg","contentUrl":"https:\/\/noti-america.com\/site\/repdom\/wp-content\/uploads\/sites\/6\/2025\/09\/344f1353-6761-421f-8715-97064cf91440-scaled.jpeg","width":2560,"height":1707},{"@type":"BreadcrumbList","@id":"https:\/\/noti-america.com\/site\/repdom\/2025\/09\/01\/a-primera-hora-estrena-nueva-temporada-y-se-muda-a-telemedios-canal-8\/#breadcrumb","itemListElement":[{"@type":"ListItem","position":1,"name":"Portada","item":"https:\/\/noti-america.com\/site\/repdom\/"},{"@type":"ListItem","position":2,"name":"A Primera Hora\u201d estrena nueva temporada y se muda a Telemedios Canal 8"}]},{"@type":"WebSite","@id":"https:\/\/noti-america.com\/site\/repdom\/#website","url":"https:\/\/noti-america.com\/site\/repdom\/","name":"Rep. Dominicana | Noti-America.com","description":"","publisher":{"@id":"https:\/\/noti-america.com\/site\/repdom\/#organization"},"potentialAction":[{"@type":"SearchAction","target":{"@type":"EntryPoint","urlTemplate":"https:\/\/noti-america.com\/site\/repdom\/?s={search_term_string}"},"query-input":{"@type":"PropertyValueSpecification","valueRequired":true,"valueName":"search_term_string"}}],"inLanguage":"es"},{"@type":"Organization","@id":"https:\/\/noti-america.com\/site\/repdom\/#organization","name":"Noti-America LLC | Rep\u00fablica Dominicana","url":"https:\/\/noti-america.com\/site\/repdom\/","logo":{"@type":"ImageObject","inLanguage":"es","@id":"https:\/\/noti-america.com\/site\/repdom\/#\/schema\/logo\/image\/","url":"https:\/\/noti-america.com\/site\/repdom\/wp-content\/uploads\/sites\/6\/2020\/07\/LogoNA-4x3-1.jpg","contentUrl":"https:\/\/noti-america.com\/site\/repdom\/wp-content\/uploads\/sites\/6\/2020\/07\/LogoNA-4x3-1.jpg","width":1236,"height":1080,"caption":"Noti-America LLC | Rep\u00fablica Dominicana"},"image":{"@id":"https:\/\/noti-america.com\/site\/repdom\/#\/schema\/logo\/image\/"}},{"@type":"Person","@id":"https:\/\/noti-america.com\/site\/repdom\/#\/schema\/person\/8027db7d71a0328e6e4474fa188c6fb3","name":"Miguel Ramirez","image":{"@type":"ImageObject","inLanguage":"es","@id":"https:\/\/secure.gravatar.com\/avatar\/41a78fb2cdab3e2dc5831d3591f1dab499ed0c22acc464195b09f37c2b3ac2cf?s=96&d=mm&r=g","url":"https:\/\/secure.gravatar.com\/avatar\/41a78fb2cdab3e2dc5831d3591f1dab499ed0c22acc464195b09f37c2b3ac2cf?s=96&d=mm&r=g","contentUrl":"https:\/\/secure.gravatar.com\/avatar\/41a78fb2cdab3e2dc5831d3591f1dab499ed0c22acc464195b09f37c2b3ac2cf?s=96&d=mm&r=g","caption":"Miguel Ramirez"},"description":"Locutor y periodista digital y coach comunicaci\u00f3n","sameAs":["https:\/\/www.facebook.com\/share\/1HVE1qCqVk\/?mibextid=wwXIfr"],"url":"https:\/\/noti-america.com\/site\/repdom\/author\/mramirez\/"}]}},"_links":{"self":[{"href":"https:\/\/noti-america.com\/site\/repdom\/wp-json\/wp\/v2\/posts\/34506","targetHints":{"allow":["GET"]}}],"collection":[{"href":"https:\/\/noti-america.com\/site\/repdom\/wp-json\/wp\/v2\/posts"}],"about":[{"href":"https:\/\/noti-america.com\/site\/repdom\/wp-json\/wp\/v2\/types\/post"}],"author":[{"embeddable":true,"href":"https:\/\/noti-america.com\/site\/repdom\/wp-json\/wp\/v2\/users\/96"}],"replies":[{"embeddable":true,"href":"https:\/\/noti-america.com\/site\/repdom\/wp-json\/wp\/v2\/comments?post=34506"}],"version-history":[{"count":1,"href":"https:\/\/noti-america.com\/site\/repdom\/wp-json\/wp\/v2\/posts\/34506\/revisions"}],"predecessor-version":[{"id":34511,"href":"https:\/\/noti-america.com\/site\/repdom\/wp-json\/wp\/v2\/posts\/34506\/revisions\/34511"}],"wp:featuredmedia":[{"embeddable":true,"href":"https:\/\/noti-america.com\/site\/repdom\/wp-json\/wp\/v2\/media\/34507"}],"wp:attachment":[{"href":"https:\/\/noti-america.com\/site\/repdom\/wp-json\/wp\/v2\/media?parent=34506"}],"wp:term":[{"taxonomy":"category","embeddable":true,"href":"https:\/\/noti-america.com\/site\/repdom\/wp-json\/wp\/v2\/categories?post=34506"},{"taxonomy":"post_tag","embeddable":true,"href":"https:\/\/noti-america.com\/site\/repdom\/wp-json\/wp\/v2\/tags?post=34506"}],"curies":[{"name":"wp","href":"https:\/\/api.w.org\/{rel}","templated":true}]}}